{"id":21390,"date":"2022-12-24T21:33:19","date_gmt":"2022-12-24T21:33:19","guid":{"rendered":"https:\/\/cvinoticias.com\/v3\/?p=21390"},"modified":"2022-12-24T21:33:19","modified_gmt":"2022-12-24T21:33:19","slug":"coparticipacion-a-pesar-del-fallo-a-medida-del-pais-central-misiones-continua-gestionando-su-porcentaje","status":"publish","type":"post","link":"https:\/\/cvinoticias.com\/v3\/coparticipacion-a-pesar-del-fallo-a-medida-del-pais-central-misiones-continua-gestionando-su-porcentaje\/","title":{"rendered":"Coparticipaci\u00f3n: A pesar del fallo a medida del pa\u00eds central, Misiones contin\u00faa gestionando su porcentaje"},"content":{"rendered":"\n<p>Por An\u00edbal Blasco \u2013 Licenciado en Comercializaci\u00f3n<\/p>\n\n\n\n<p><strong><em>La cautelar dictada esta semana por la Corte Suprema de Justicia de la Naci\u00f3n acent\u00faa las desigualdades entre las provincias y la ciudad m\u00e1s rica del pa\u00eds. Asimismo, esta sentencia tard\u00eda y arbitraria desata un fuerte conflicto de poderes.<\/em><\/strong><\/p>\n\n\n\n<p>En enero de 2016, Mauricio Macri aumentaba por decreto la coparticipaci\u00f3n federal de impuestos destinada a la Capital Federal (CABA), la cual pasaba del 1,4% que percib\u00eda desde el a\u00f1o 2003 a nada menos que 3,75%, que m\u00e1s adelante el decreto 257\/2018 baj\u00f3 ese porcentaje a 3,5. El aumento se justificaba por el traspaso de la Polic\u00eda Federal a la \u00f3rbita de la ciudad.<\/p>\n\n\n\n<p>Luego, en septiembre de 2020, en el actual Gobierno que preside Alberto Fern\u00e1ndez, se redujo esa abultada cifra al 2,3%, en el contexto de un conflicto salarial con la polic\u00eda de la provincia de Buenos Aires. Inmediatamente, el gobierno de Rodr\u00edguez Larreta se present\u00f3 ante la Corte contra el decreto y con posterioridad para pedir tambi\u00e9n la inconstitucionalidad de la ley. Hubo audiencias de conciliaci\u00f3n entre el Estado Nacional y la Ciudad, pero todas fracasaron. La Ciudad nunca explic\u00f3 c\u00f3mo es que necesitaba 112 mil millones de pesos para una Polic\u00eda de 19.000 agentes, mientras que la Polic\u00eda Federal recibe 70.000 millones para 32.000 uniformados.<\/p>\n\n\n\n<p><strong>EL FALLO DE LA CORTE SUPREMA DE JUSTICIA<\/strong><\/p>\n\n\n\n<p>El reciente fallo de la CSJN, a trav\u00e9s de una resoluci\u00f3n cautelar, dictamin\u00f3 que el Gobierno de la Naci\u00f3n deb\u00eda destinar y aumentar a 2,95% el volumen de impuestos coparticipables a la ciudad porte\u00f1a (un monto determinado a \u201cojo\u201d), fallo anticipado por los medios hegem\u00f3nicos, que anunciaron varias horas antes la medida.<\/p>\n\n\n\n<p>Sobre la cual el presidente Alberto Fern\u00e1ndez emit\u00eda un pedido de revocatoria y se reuni\u00f3 en Casa Rosada con mandatarios provinciales y horas despu\u00e9s inform\u00f3 que decidi\u00f3 recusar a los miembros de la Corte Suprema de la Naci\u00f3n y presentar un pedido de revocatoria \u201cin extremis\u201d contra la resoluci\u00f3n cautelar dictada por el m\u00e1ximo tribunal. \u00abEn un fallo in\u00e9dito, incongruente y de imposible cumplimiento, la Corte Suprema de Justicia de la Naci\u00f3n, sin fundar el modo por el cual construye dicho monto, decide aumentar ese porcentaje al 2,95; es decir, le otorga a la Ciudad de Buenos Aires m\u00e1s de 180 mil millones de pesos adicionales a los que ya percibe\u00bb, argument\u00f3 el Gobierno, a trav\u00e9s de un comunicado.<br>Al privar al Estado Nacional de dinero, la afectaci\u00f3n a las provincias es inevitable, ya que ese excedente se reinvierte mediante distintas transferencias por fuera de la Coparticipaci\u00f3n Federal (obra p\u00fablica, viviendas, programas sociales, etc.).<\/p>\n\n\n\n<p><strong>LAS PROVINCIAS<\/strong><\/p>\n\n\n\n<p>Los gobernadores de Misiones Oscar Herrera Ahuad, de Salta Gustavo S\u00e1enz, de R\u00edo Negro Arabela Carreras y de Neuqu\u00e9n Omar Guti\u00e9rrez publicaron un comunicado expresando su preocupaci\u00f3n por esta decisi\u00f3n. \u201cManifestamos nuestra preocupaci\u00f3n por el fallo de la Corte Suprema de la Naci\u00f3n que asigna montos que incrementan en forma desmedida los fondos de la Ciudad de Buenos Aires en desmedro de fondos correspondientes a la Naci\u00f3n Argentina en su conjunto\u201d.<\/p>\n\n\n\n<p>Adem\u00e1s, se\u00f1alaron que \u201cEs importante destacar que esa es una circunstancia que es com\u00fan a todas las provincias: pagar con nuestros recursos nuestra propia polic\u00eda. Estamos convencidos de que ninguna jurisdicci\u00f3n, en este caso CABA, debe percibir recursos por encima del costo real de las nuevas responsabilidades que le fueran asignadas; pero tambi\u00e9n sostenemos firmemente que esos fondos nacionales, al momento de ser retrotra\u00eddos deben indefectiblemente ser distribuidos de forma absolutamente federal y equitativa entre todas las jurisdicciones que conformamos la Naci\u00f3n Argentina\u201d.<\/p>\n\n\n\n<p>\u201cCuestiones como estas no hacen m\u00e1s que profundizar la falta de genuino federalismo que las provincias del interior padecemos desde hace d\u00e9cadas y que se materializan en inequidades y desproporcionadas asimetr\u00edas\u201d, concluyeron y de esta manera se sumaron a 14 otros gobernadores que hab\u00edan manifestado su disconformidad con lo dictado por la Corte y cuyos reclamos no fueron atendidos. Quienes mantuvieron una postura opuesta fueron las provincias alineadas con JxC, que tienen la dif\u00edcil tarea de justificar ante su poblaci\u00f3n avalar el incremento de ingresos de la capital federal en detrimento de sus territorios.<\/p>\n\n\n\n<p><strong>EL RECLAMO DE LA COPARTICIPACION PARA MSIONES<\/strong><\/p>\n\n\n\n<p>Si tras reiteradas gestiones finalmente se pudo incorporar al Presupuesto Nacional 2023 la Zona Aduanera Especial, \u00bfPor qu\u00e9 no pensar en lograr aumentar 1 punto de coparticipaci\u00f3n que tanto merece la Provincia?<\/p>\n\n\n\n<p>Una vez m\u00e1s, las gestiones del Gobernador Misionero van un paso adelante. Un mes antes de desatarse el conflicto entre el jefe porte\u00f1o Rodr\u00edguez Larreta, la Suprema Corte de la Naci\u00f3n y el Gobierno Nacional, Oscar Herrera Ahuad se refer\u00eda a la posibilidad de que la provincia pueda reclamar el punto de coparticipaci\u00f3n entregado en la d\u00e9cada del &#8217;80. Si bien a\u00fan no hay cifras oficiales del censo, las estimaciones dar\u00edan cuenta que Misiones contar\u00eda con 1,4 millones de habitantes. \u201cSomos la provincia que m\u00e1s creci\u00f3 del NEA. Somos la s\u00e9ptima econom\u00eda de la Argentina y somos una de las provincias con menos coparticipaci\u00f3n federal\u201d, dijo el mandatario provincial.<\/p>\n\n\n\n<p>\u201cTenemos un componente 60-40. Es decir, un componente que muestra que la provincia recauda m\u00e1s de lo que recibe de coparticipaci\u00f3n federal. Es un reclamo que venimos haciendo en los lugares que corresponden, como por ejemplo en el Congreso Nacional. No vamos a claudicar en algo que nos parece que es justo, pero tambi\u00e9n sabemos que hay medidas compensadoras que est\u00e1n en el presupuesto nacional 2023 y que seguramente ser\u00e1n una recompensaci\u00f3n hist\u00f3rica para Misiones\u201d, indic\u00f3.<\/p>\n\n\n\n<p>A\u00f1o tras a\u00f1o, Misiones demuestra su crecimiento continuo y el peso que ejerce dentro de las que m\u00e1s aportan a las arcas del Estado acentuando la diferencia con lo que recibe desde Naci\u00f3n, algo que no podr\u00e1 eludirse por mucho tiempo m\u00e1s siendo que la disputa de movimientos de fondos hacia la ciudad m\u00e1s rica del pa\u00eds marc\u00f3 un serio desequilibro en relaci\u00f3n con todas las provincias de la Argentina. No obstante, desde otra \u00f3ptica pueden asomar augurios de que la reiteraci\u00f3n del pedido de Misiones por las v\u00edas adecuadas m\u00e1s temprano que tarde podr\u00eda hacerse realidad, o al menos ser atendidas desde otras esferas, como ser\u00e1n atendidos tantos reclamos, obras e inversiones que fueron confirmados y aprobados dentro del Presupuesto Nacional para 2023.<\/p>\n","protected":false},"excerpt":{"rendered":"<p>Por An\u00edbal Blasco \u2013 Licenciado en Comercializaci\u00f3n La cautelar dictada esta semana por la Corte Suprema de Justicia de la Naci\u00f3n acent\u00faa las desigualdades entre las provincias y la ciudad m\u00e1s rica del pa\u00eds. Asimismo, esta sentencia tard\u00eda y arbitraria desata un fuerte conflicto de poderes. En enero de 2016, Mauricio Macri aumentaba por decreto [&hellip;]<\/p>\n","protected":false},"author":2,"featured_media":21391,"comment_status":"open","ping_status":"open","sticky":false,"template":"","format":"standard","meta":{"footnotes":""},"categories":[42],"tags":[],"class_list":["post-21390","post","type-post","status-publish","format-standard","has-post-thumbnail","hentry","category-politica"],"yoast_head":"<!-- This site is optimized with the Yoast SEO plugin v27.5 - https:\/\/yoast.com\/product\/yoast-seo-wordpress\/ -->\n<title>Coparticipaci\u00f3n: A pesar del fallo a medida del pa\u00eds central, Misiones contin\u00faa gestionando su porcentaje | CVI NOTICIAS<\/title>\n<meta name=\"robots\" content=\"index, follow, max-snippet:-1, max-image-preview:large, max-video-preview:-1\" \/>\n<link rel=\"canonical\" href=\"https:\/\/cvinoticias.com\/v3\/coparticipacion-a-pesar-del-fallo-a-medida-del-pais-central-misiones-continua-gestionando-su-porcentaje\/\" \/>\n<meta property=\"og:locale\" content=\"es_ES\" \/>\n<meta property=\"og:type\" content=\"article\" \/>\n<meta property=\"og:title\" content=\"Coparticipaci\u00f3n: A pesar del fallo a medida del pa\u00eds central, Misiones contin\u00faa gestionando su porcentaje | CVI NOTICIAS\" \/>\n<meta property=\"og:description\" content=\"Por An\u00edbal Blasco \u2013 Licenciado en Comercializaci\u00f3n La cautelar dictada esta semana por la Corte Suprema de Justicia de la Naci\u00f3n acent\u00faa las desigualdades entre las provincias y la ciudad m\u00e1s rica del pa\u00eds. Asimismo, esta sentencia tard\u00eda y arbitraria desata un fuerte conflicto de poderes. En enero de 2016, Mauricio Macri aumentaba por decreto [&hellip;]\" \/>\n<meta property=\"og:url\" content=\"https:\/\/cvinoticias.com\/v3\/coparticipacion-a-pesar-del-fallo-a-medida-del-pais-central-misiones-continua-gestionando-su-porcentaje\/\" \/>\n<meta property=\"og:site_name\" content=\"CVI NOTICIAS\" \/>\n<meta property=\"article:publisher\" content=\"https:\/\/www.facebook.com\/cvinoticias\" \/>\n<meta property=\"article:published_time\" content=\"2022-12-24T21:33:19+00:00\" \/>\n<meta property=\"og:image\" content=\"https:\/\/cvinoticias.com\/wp-content\/uploads\/2022\/12\/IMG-20221224-WA0119.jpg\" \/>\n\t<meta property=\"og:image:width\" content=\"650\" \/>\n\t<meta property=\"og:image:height\" content=\"391\" \/>\n\t<meta property=\"og:image:type\" content=\"image\/jpeg\" \/>\n<meta name=\"author\" content=\"f1000024\" \/>\n<meta name=\"twitter:card\" content=\"summary_large_image\" \/>\n<meta name=\"twitter:label1\" content=\"Escrito por\" \/>\n\t<meta name=\"twitter:data1\" content=\"f1000024\" \/>\n\t<meta name=\"twitter:label2\" content=\"Tiempo de lectura\" \/>\n\t<meta name=\"twitter:data2\" content=\"6 minutos\" \/>\n<script type=\"application\/ld+json\" class=\"yoast-schema-graph\">{\"@context\":\"https:\\\/\\\/schema.org\",\"@graph\":[{\"@type\":\"Article\",\"@id\":\"https:\\\/\\\/cvinoticias.com\\\/v3\\\/coparticipacion-a-pesar-del-fallo-a-medida-del-pais-central-misiones-continua-gestionando-su-porcentaje\\\/#article\",\"isPartOf\":{\"@id\":\"https:\\\/\\\/cvinoticias.com\\\/v3\\\/coparticipacion-a-pesar-del-fallo-a-medida-del-pais-central-misiones-continua-gestionando-su-porcentaje\\\/\"},\"author\":{\"name\":\"f1000024\",\"@id\":\"https:\\\/\\\/cvinoticias.com\\\/v3\\\/#\\\/schema\\\/person\\\/2db77e3c6bc03c538495d7b2b8be9b66\"},\"headline\":\"Coparticipaci\u00f3n: A pesar del fallo a medida del pa\u00eds central, Misiones contin\u00faa gestionando su porcentaje\",\"datePublished\":\"2022-12-24T21:33:19+00:00\",\"mainEntityOfPage\":{\"@id\":\"https:\\\/\\\/cvinoticias.com\\\/v3\\\/coparticipacion-a-pesar-del-fallo-a-medida-del-pais-central-misiones-continua-gestionando-su-porcentaje\\\/\"},\"wordCount\":1120,\"commentCount\":0,\"publisher\":{\"@id\":\"https:\\\/\\\/cvinoticias.com\\\/v3\\\/#organization\"},\"image\":{\"@id\":\"https:\\\/\\\/cvinoticias.com\\\/v3\\\/coparticipacion-a-pesar-del-fallo-a-medida-del-pais-central-misiones-continua-gestionando-su-porcentaje\\\/#primaryimage\"},\"thumbnailUrl\":\"https:\\\/\\\/cvinoticias.com\\\/wp-content\\\/uploads\\\/2022\\\/12\\\/IMG-20221224-WA0119.jpg\",\"articleSection\":[\"Politica\"],\"inLanguage\":\"es\",\"potentialAction\":[{\"@type\":\"CommentAction\",\"name\":\"Comment\",\"target\":[\"https:\\\/\\\/cvinoticias.com\\\/v3\\\/coparticipacion-a-pesar-del-fallo-a-medida-del-pais-central-misiones-continua-gestionando-su-porcentaje\\\/#respond\"]}]},{\"@type\":\"WebPage\",\"@id\":\"https:\\\/\\\/cvinoticias.com\\\/v3\\\/coparticipacion-a-pesar-del-fallo-a-medida-del-pais-central-misiones-continua-gestionando-su-porcentaje\\\/\",\"url\":\"https:\\\/\\\/cvinoticias.com\\\/v3\\\/coparticipacion-a-pesar-del-fallo-a-medida-del-pais-central-misiones-continua-gestionando-su-porcentaje\\\/\",\"name\":\"Coparticipaci\u00f3n: A pesar del fallo a medida del pa\u00eds central, Misiones contin\u00faa gestionando su porcentaje | CVI NOTICIAS\",\"isPartOf\":{\"@id\":\"https:\\\/\\\/cvinoticias.com\\\/v3\\\/#website\"},\"primaryImageOfPage\":{\"@id\":\"https:\\\/\\\/cvinoticias.com\\\/v3\\\/coparticipacion-a-pesar-del-fallo-a-medida-del-pais-central-misiones-continua-gestionando-su-porcentaje\\\/#primaryimage\"},\"image\":{\"@id\":\"https:\\\/\\\/cvinoticias.com\\\/v3\\\/coparticipacion-a-pesar-del-fallo-a-medida-del-pais-central-misiones-continua-gestionando-su-porcentaje\\\/#primaryimage\"},\"thumbnailUrl\":\"https:\\\/\\\/cvinoticias.com\\\/wp-content\\\/uploads\\\/2022\\\/12\\\/IMG-20221224-WA0119.jpg\",\"datePublished\":\"2022-12-24T21:33:19+00:00\",\"breadcrumb\":{\"@id\":\"https:\\\/\\\/cvinoticias.com\\\/v3\\\/coparticipacion-a-pesar-del-fallo-a-medida-del-pais-central-misiones-continua-gestionando-su-porcentaje\\\/#breadcrumb\"},\"inLanguage\":\"es\",\"potentialAction\":[{\"@type\":\"ReadAction\",\"target\":[\"https:\\\/\\\/cvinoticias.com\\\/v3\\\/coparticipacion-a-pesar-del-fallo-a-medida-del-pais-central-misiones-continua-gestionando-su-porcentaje\\\/\"]}]},{\"@type\":\"ImageObject\",\"inLanguage\":\"es\",\"@id\":\"https:\\\/\\\/cvinoticias.com\\\/v3\\\/coparticipacion-a-pesar-del-fallo-a-medida-del-pais-central-misiones-continua-gestionando-su-porcentaje\\\/#primaryimage\",\"url\":\"https:\\\/\\\/cvinoticias.com\\\/wp-content\\\/uploads\\\/2022\\\/12\\\/IMG-20221224-WA0119.jpg\",\"contentUrl\":\"https:\\\/\\\/cvinoticias.com\\\/wp-content\\\/uploads\\\/2022\\\/12\\\/IMG-20221224-WA0119.jpg\",\"width\":650,\"height\":391},{\"@type\":\"BreadcrumbList\",\"@id\":\"https:\\\/\\\/cvinoticias.com\\\/v3\\\/coparticipacion-a-pesar-del-fallo-a-medida-del-pais-central-misiones-continua-gestionando-su-porcentaje\\\/#breadcrumb\",\"itemListElement\":[{\"@type\":\"ListItem\",\"position\":1,\"name\":\"Portada\",\"item\":\"https:\\\/\\\/cvinoticias.com\\\/v3\\\/\"},{\"@type\":\"ListItem\",\"position\":2,\"name\":\"Coparticipaci\u00f3n: A pesar del fallo a medida del pa\u00eds central, Misiones contin\u00faa gestionando su porcentaje\"}]},{\"@type\":\"WebSite\",\"@id\":\"https:\\\/\\\/cvinoticias.com\\\/v3\\\/#website\",\"url\":\"https:\\\/\\\/cvinoticias.com\\\/v3\\\/\",\"name\":\"CVI NOTICIAS\",\"description\":\"\",\"publisher\":{\"@id\":\"https:\\\/\\\/cvinoticias.com\\\/v3\\\/#organization\"},\"alternateName\":\"CVI\",\"potentialAction\":[{\"@type\":\"SearchAction\",\"target\":{\"@type\":\"EntryPoint\",\"urlTemplate\":\"https:\\\/\\\/cvinoticias.com\\\/v3\\\/?s={search_term_string}\"},\"query-input\":{\"@type\":\"PropertyValueSpecification\",\"valueRequired\":true,\"valueName\":\"search_term_string\"}}],\"inLanguage\":\"es\"},{\"@type\":\"Organization\",\"@id\":\"https:\\\/\\\/cvinoticias.com\\\/v3\\\/#organization\",\"name\":\"CVI NOTICIAS\",\"url\":\"https:\\\/\\\/cvinoticias.com\\\/v3\\\/\",\"logo\":{\"@type\":\"ImageObject\",\"inLanguage\":\"es\",\"@id\":\"https:\\\/\\\/cvinoticias.com\\\/v3\\\/#\\\/schema\\\/logo\\\/image\\\/\",\"url\":\"https:\\\/\\\/cvinoticias.com\\\/wp-content\\\/uploads\\\/2023\\\/04\\\/cropped-cropped-cropped-cropped-cropped-3-1.png\",\"contentUrl\":\"https:\\\/\\\/cvinoticias.com\\\/wp-content\\\/uploads\\\/2023\\\/04\\\/cropped-cropped-cropped-cropped-cropped-3-1.png\",\"width\":95,\"height\":122,\"caption\":\"CVI NOTICIAS\"},\"image\":{\"@id\":\"https:\\\/\\\/cvinoticias.com\\\/v3\\\/#\\\/schema\\\/logo\\\/image\\\/\"},\"sameAs\":[\"https:\\\/\\\/www.facebook.com\\\/cvinoticias\",\"https:\\\/\\\/www.instagram.com\\\/cvinoticias\\\/\",\"https:\\\/\\\/www.youtube.com\\\/@CVINOTICIAS\"]},{\"@type\":\"Person\",\"@id\":\"https:\\\/\\\/cvinoticias.com\\\/v3\\\/#\\\/schema\\\/person\\\/2db77e3c6bc03c538495d7b2b8be9b66\",\"name\":\"f1000024\",\"image\":{\"@type\":\"ImageObject\",\"inLanguage\":\"es\",\"@id\":\"https:\\\/\\\/secure.gravatar.com\\\/avatar\\\/d4fe7459cfc51ff5129ce1a732bbef5928568b8092d412ef95611616376bbeed?s=96&d=mm&r=g\",\"url\":\"https:\\\/\\\/secure.gravatar.com\\\/avatar\\\/d4fe7459cfc51ff5129ce1a732bbef5928568b8092d412ef95611616376bbeed?s=96&d=mm&r=g\",\"contentUrl\":\"https:\\\/\\\/secure.gravatar.com\\\/avatar\\\/d4fe7459cfc51ff5129ce1a732bbef5928568b8092d412ef95611616376bbeed?s=96&d=mm&r=g\",\"caption\":\"f1000024\"},\"url\":\"https:\\\/\\\/cvinoticias.com\\\/v3\\\/author\\\/f1000024\\\/\"}]}<\/script>\n<!-- \/ Yoast SEO plugin. -->","yoast_head_json":{"title":"Coparticipaci\u00f3n: A pesar del fallo a medida del pa\u00eds central, Misiones contin\u00faa gestionando su porcentaje | CVI NOTICIAS","robots":{"index":"index","follow":"follow","max-snippet":"max-snippet:-1","max-image-preview":"max-image-preview:large","max-video-preview":"max-video-preview:-1"},"canonical":"https:\/\/cvinoticias.com\/v3\/coparticipacion-a-pesar-del-fallo-a-medida-del-pais-central-misiones-continua-gestionando-su-porcentaje\/","og_locale":"es_ES","og_type":"article","og_title":"Coparticipaci\u00f3n: A pesar del fallo a medida del pa\u00eds central, Misiones contin\u00faa gestionando su porcentaje | CVI NOTICIAS","og_description":"Por An\u00edbal Blasco \u2013 Licenciado en Comercializaci\u00f3n La cautelar dictada esta semana por la Corte Suprema de Justicia de la Naci\u00f3n acent\u00faa las desigualdades entre las provincias y la ciudad m\u00e1s rica del pa\u00eds. Asimismo, esta sentencia tard\u00eda y arbitraria desata un fuerte conflicto de poderes. En enero de 2016, Mauricio Macri aumentaba por decreto [&hellip;]","og_url":"https:\/\/cvinoticias.com\/v3\/coparticipacion-a-pesar-del-fallo-a-medida-del-pais-central-misiones-continua-gestionando-su-porcentaje\/","og_site_name":"CVI NOTICIAS","article_publisher":"https:\/\/www.facebook.com\/cvinoticias","article_published_time":"2022-12-24T21:33:19+00:00","og_image":[{"width":650,"height":391,"url":"https:\/\/cvinoticias.com\/wp-content\/uploads\/2022\/12\/IMG-20221224-WA0119.jpg","type":"image\/jpeg"}],"author":"f1000024","twitter_card":"summary_large_image","twitter_misc":{"Escrito por":"f1000024","Tiempo de lectura":"6 minutos"},"schema":{"@context":"https:\/\/schema.org","@graph":[{"@type":"Article","@id":"https:\/\/cvinoticias.com\/v3\/coparticipacion-a-pesar-del-fallo-a-medida-del-pais-central-misiones-continua-gestionando-su-porcentaje\/#article","isPartOf":{"@id":"https:\/\/cvinoticias.com\/v3\/coparticipacion-a-pesar-del-fallo-a-medida-del-pais-central-misiones-continua-gestionando-su-porcentaje\/"},"author":{"name":"f1000024","@id":"https:\/\/cvinoticias.com\/v3\/#\/schema\/person\/2db77e3c6bc03c538495d7b2b8be9b66"},"headline":"Coparticipaci\u00f3n: A pesar del fallo a medida del pa\u00eds central, Misiones contin\u00faa gestionando su porcentaje","datePublished":"2022-12-24T21:33:19+00:00","mainEntityOfPage":{"@id":"https:\/\/cvinoticias.com\/v3\/coparticipacion-a-pesar-del-fallo-a-medida-del-pais-central-misiones-continua-gestionando-su-porcentaje\/"},"wordCount":1120,"commentCount":0,"publisher":{"@id":"https:\/\/cvinoticias.com\/v3\/#organization"},"image":{"@id":"https:\/\/cvinoticias.com\/v3\/coparticipacion-a-pesar-del-fallo-a-medida-del-pais-central-misiones-continua-gestionando-su-porcentaje\/#primaryimage"},"thumbnailUrl":"https:\/\/cvinoticias.com\/wp-content\/uploads\/2022\/12\/IMG-20221224-WA0119.jpg","articleSection":["Politica"],"inLanguage":"es","potentialAction":[{"@type":"CommentAction","name":"Comment","target":["https:\/\/cvinoticias.com\/v3\/coparticipacion-a-pesar-del-fallo-a-medida-del-pais-central-misiones-continua-gestionando-su-porcentaje\/#respond"]}]},{"@type":"WebPage","@id":"https:\/\/cvinoticias.com\/v3\/coparticipacion-a-pesar-del-fallo-a-medida-del-pais-central-misiones-continua-gestionando-su-porcentaje\/","url":"https:\/\/cvinoticias.com\/v3\/coparticipacion-a-pesar-del-fallo-a-medida-del-pais-central-misiones-continua-gestionando-su-porcentaje\/","name":"Coparticipaci\u00f3n: A pesar del fallo a medida del pa\u00eds central, Misiones contin\u00faa gestionando su porcentaje | CVI NOTICIAS","isPartOf":{"@id":"https:\/\/cvinoticias.com\/v3\/#website"},"primaryImageOfPage":{"@id":"https:\/\/cvinoticias.com\/v3\/coparticipacion-a-pesar-del-fallo-a-medida-del-pais-central-misiones-continua-gestionando-su-porcentaje\/#primaryimage"},"image":{"@id":"https:\/\/cvinoticias.com\/v3\/coparticipacion-a-pesar-del-fallo-a-medida-del-pais-central-misiones-continua-gestionando-su-porcentaje\/#primaryimage"},"thumbnailUrl":"https:\/\/cvinoticias.com\/wp-content\/uploads\/2022\/12\/IMG-20221224-WA0119.jpg","datePublished":"2022-12-24T21:33:19+00:00","breadcrumb":{"@id":"https:\/\/cvinoticias.com\/v3\/coparticipacion-a-pesar-del-fallo-a-medida-del-pais-central-misiones-continua-gestionando-su-porcentaje\/#breadcrumb"},"inLanguage":"es","potentialAction":[{"@type":"ReadAction","target":["https:\/\/cvinoticias.com\/v3\/coparticipacion-a-pesar-del-fallo-a-medida-del-pais-central-misiones-continua-gestionando-su-porcentaje\/"]}]},{"@type":"ImageObject","inLanguage":"es","@id":"https:\/\/cvinoticias.com\/v3\/coparticipacion-a-pesar-del-fallo-a-medida-del-pais-central-misiones-continua-gestionando-su-porcentaje\/#primaryimage","url":"https:\/\/cvinoticias.com\/wp-content\/uploads\/2022\/12\/IMG-20221224-WA0119.jpg","contentUrl":"https:\/\/cvinoticias.com\/wp-content\/uploads\/2022\/12\/IMG-20221224-WA0119.jpg","width":650,"height":391},{"@type":"BreadcrumbList","@id":"https:\/\/cvinoticias.com\/v3\/coparticipacion-a-pesar-del-fallo-a-medida-del-pais-central-misiones-continua-gestionando-su-porcentaje\/#breadcrumb","itemListElement":[{"@type":"ListItem","position":1,"name":"Portada","item":"https:\/\/cvinoticias.com\/v3\/"},{"@type":"ListItem","position":2,"name":"Coparticipaci\u00f3n: A pesar del fallo a medida del pa\u00eds central, Misiones contin\u00faa gestionando su porcentaje"}]},{"@type":"WebSite","@id":"https:\/\/cvinoticias.com\/v3\/#website","url":"https:\/\/cvinoticias.com\/v3\/","name":"CVI NOTICIAS","description":"","publisher":{"@id":"https:\/\/cvinoticias.com\/v3\/#organization"},"alternateName":"CVI","potentialAction":[{"@type":"SearchAction","target":{"@type":"EntryPoint","urlTemplate":"https:\/\/cvinoticias.com\/v3\/?s={search_term_string}"},"query-input":{"@type":"PropertyValueSpecification","valueRequired":true,"valueName":"search_term_string"}}],"inLanguage":"es"},{"@type":"Organization","@id":"https:\/\/cvinoticias.com\/v3\/#organization","name":"CVI NOTICIAS","url":"https:\/\/cvinoticias.com\/v3\/","logo":{"@type":"ImageObject","inLanguage":"es","@id":"https:\/\/cvinoticias.com\/v3\/#\/schema\/logo\/image\/","url":"https:\/\/cvinoticias.com\/wp-content\/uploads\/2023\/04\/cropped-cropped-cropped-cropped-cropped-3-1.png","contentUrl":"https:\/\/cvinoticias.com\/wp-content\/uploads\/2023\/04\/cropped-cropped-cropped-cropped-cropped-3-1.png","width":95,"height":122,"caption":"CVI NOTICIAS"},"image":{"@id":"https:\/\/cvinoticias.com\/v3\/#\/schema\/logo\/image\/"},"sameAs":["https:\/\/www.facebook.com\/cvinoticias","https:\/\/www.instagram.com\/cvinoticias\/","https:\/\/www.youtube.com\/@CVINOTICIAS"]},{"@type":"Person","@id":"https:\/\/cvinoticias.com\/v3\/#\/schema\/person\/2db77e3c6bc03c538495d7b2b8be9b66","name":"f1000024","image":{"@type":"ImageObject","inLanguage":"es","@id":"https:\/\/secure.gravatar.com\/avatar\/d4fe7459cfc51ff5129ce1a732bbef5928568b8092d412ef95611616376bbeed?s=96&d=mm&r=g","url":"https:\/\/secure.gravatar.com\/avatar\/d4fe7459cfc51ff5129ce1a732bbef5928568b8092d412ef95611616376bbeed?s=96&d=mm&r=g","contentUrl":"https:\/\/secure.gravatar.com\/avatar\/d4fe7459cfc51ff5129ce1a732bbef5928568b8092d412ef95611616376bbeed?s=96&d=mm&r=g","caption":"f1000024"},"url":"https:\/\/cvinoticias.com\/v3\/author\/f1000024\/"}]}},"_links":{"self":[{"href":"https:\/\/cvinoticias.com\/v3\/wp-json\/wp\/v2\/posts\/21390","targetHints":{"allow":["GET"]}}],"collection":[{"href":"https:\/\/cvinoticias.com\/v3\/wp-json\/wp\/v2\/posts"}],"about":[{"href":"https:\/\/cvinoticias.com\/v3\/wp-json\/wp\/v2\/types\/post"}],"author":[{"embeddable":true,"href":"https:\/\/cvinoticias.com\/v3\/wp-json\/wp\/v2\/users\/2"}],"replies":[{"embeddable":true,"href":"https:\/\/cvinoticias.com\/v3\/wp-json\/wp\/v2\/comments?post=21390"}],"version-history":[{"count":1,"href":"https:\/\/cvinoticias.com\/v3\/wp-json\/wp\/v2\/posts\/21390\/revisions"}],"predecessor-version":[{"id":21392,"href":"https:\/\/cvinoticias.com\/v3\/wp-json\/wp\/v2\/posts\/21390\/revisions\/21392"}],"wp:featuredmedia":[{"embeddable":true,"href":"https:\/\/cvinoticias.com\/v3\/wp-json\/wp\/v2\/media\/21391"}],"wp:attachment":[{"href":"https:\/\/cvinoticias.com\/v3\/wp-json\/wp\/v2\/media?parent=21390"}],"wp:term":[{"taxonomy":"category","embeddable":true,"href":"https:\/\/cvinoticias.com\/v3\/wp-json\/wp\/v2\/categories?post=21390"},{"taxonomy":"post_tag","embeddable":true,"href":"https:\/\/cvinoticias.com\/v3\/wp-json\/wp\/v2\/tags?post=21390"}],"curies":[{"name":"wp","href":"https:\/\/api.w.org\/{rel}","templated":true}]}}