{"id":21379,"date":"2022-12-23T15:43:22","date_gmt":"2022-12-23T15:43:22","guid":{"rendered":"https:\/\/cvinoticias.com\/v3\/?p=21379"},"modified":"2022-12-23T15:44:37","modified_gmt":"2022-12-23T15:44:37","slug":"rodriguez-larreta-tras-la-decision-del-gobierno-nacional-de-no-acatar-el-fallo-de-la-corte-suprema-el-presidente-decidio-quebrar-el-orden-constitucional-violar-por-completo-el-estado-de-de","status":"publish","type":"post","link":"https:\/\/cvinoticias.com\/v3\/rodriguez-larreta-tras-la-decision-del-gobierno-nacional-de-no-acatar-el-fallo-de-la-corte-suprema-el-presidente-decidio-quebrar-el-orden-constitucional-violar-por-completo-el-estado-de-de\/","title":{"rendered":"Rodr\u00edguez Larreta, tras la decisi\u00f3n del Gobierno nacional de no acatar el fallo de la Corte Suprema: \u201cEl Presidente decidi\u00f3 quebrar el orden constitucional, violar por completo el Estado de Derecho y atentar contra la democracia\u201d"},"content":{"rendered":"\n<p><strong><em>El Jefe de Gobierno de la Ciudad de Buenos Aires adelant\u00f3 que la Ciudad har\u00e1 una presentaci\u00f3n en la Corte y denunciar\u00e1 a los organismos y a cada uno de los funcionarios responsables de incumplir el fallo.<\/em><\/strong><\/p>\n\n\n\n<p>Horacio Rodr\u00edguez Larreta critic\u00f3 hoy la decisi\u00f3n del Gobierno nacional de no acatar el fallo de la Corte Suprema de Justicia que orden\u00f3 restituir fondos de la coparticipaci\u00f3n a la Ciudad y asegur\u00f3 que \u201cel Presidente decidi\u00f3 quebrar el orden constitucional, violar por completo el Estado de Derecho y atentar contra la democracia\u201d.<\/p>\n\n\n\n<p>Rodr\u00edguez Larreta adelant\u00f3 que la Ciudad har\u00e1 una presentaci\u00f3n ante la Corte para informar del incumplimiento llevado a cabo por el Gobierno nacional: \u201cVamos a denunciar a los organismos y a cada uno de los funcionarios responsables de incumplir el fallo\u201d, se\u00f1al\u00f3, acompa\u00f1ado por el gabinete de la Ciudad.<\/p>\n\n\n\n<p>Adem\u00e1s, inform\u00f3 que \u201cel bloque de Juntos por el Cambio en el Congreso est\u00e1 analizando otras acciones judiciales y legislativas para defender la legalidad y el estado de Derecho\u201d.<\/p>\n\n\n\n<p>El Jefe de Gobierno cuestion\u00f3 que \u201cgobernadores que fueron votados para defender a sus provincias, hoy apoyan el hecho de que el Gobierno Nacional pueda arbitrariamente sacarle fondos a un distrito aut\u00f3nomo. Apoyan que el presidente de la Naci\u00f3n se ponga por encima de la Constituci\u00f3n Nacional\u201d.<\/p>\n\n\n\n<p>Rodr\u00edguez Larreta afirm\u00f3 que cuando le quitaron fondos a la Ciudad \u201cel Presidente no les dio ni un solo peso a las provincias\u201d y que en cambio \u201cse lo dio todo a la provincia de Buenos Aires, que es de su mismo color pol\u00edtico\u201d.<\/p>\n\n\n\n<p>Por esa raz\u00f3n, afirm\u00f3 que \u201cesta es una pelea por el federalismo, gracias a este fallo, el Gobierno nacional nunca m\u00e1s va a poder manotearle fondos arbitrariamente a ning\u00fan distrito\u201d.<\/p>\n\n\n\n<p>El Jefe de Gobierno subray\u00f3 que \u201cdesde la vuelta de la democracia no hay antecedentes de un Presidente no cumpliendo un fallo de la Corte\u201d y se\u00f1al\u00f3 que la medida adoptada por el Gobierno nacional \u201ces el peor intento de una larga lista de ataques del kirchnerismo para anular por completo al Poder Judicial\u201d.<br>En ese sentido, remarc\u00f3 que \u201ccumplir la Constituci\u00f3n no es opcional\u201d. Y agreg\u00f3: \u201cSi no aceptamos la Constituci\u00f3n, no podemos convivir en una sociedad y la democracia no funciona. Ya lo aprendimos. No volvamos atr\u00e1s\u201d.<\/p>\n\n\n\n<p>Rodr\u00edguez Larreta remarc\u00f3 las consecuencias para el pa\u00eds de la decisi\u00f3n del Gobierno nacional: \u201cEsto no es en contra de la Ciudad. Es en contra de la Constituci\u00f3n Nacional, de la seguridad jur\u00eddica en nuestro pa\u00eds. Es en contra de cualquier posibilidad de desarrollo\u201d.<\/p>\n\n\n\n<p>\u201cHoy m\u00e1s que nunca nos tenemos que aferrar a la Constituci\u00f3n y a la defensa de las instituciones. La fuerza de la ley fue, es y ser\u00e1 siempre nuestra mejor arma contra el autoritarismo y la arbitrariedad\u201d, remarc\u00f3 Rodr\u00edguez Larreta.<\/p>\n\n\n\n<p>El jefe de Gobierno asegur\u00f3 que \u201cesta manera kirchnerista de entender el poder se est\u00e1 terminando, son los \u00faltimos actos desesperados frente a un pa\u00eds que quiere cambiar\u201d. Y agreg\u00f3: \u201cNo vamos a permitir que se lleven puesta la Rep\u00fablica. No vamos a permitir que dejen a la Argentina al borde del abismo. Y no vamos a permitir que les mientan en la cara a los argentinos\u201d.<\/p>\n\n\n\n<p>Finalmente, remarc\u00f3: \u201cTampoco tengo dudas de que vamos a cambiar la Argentina. De que vamos a construir una Argentina de ley, de orden, de igualdad, de trabajo y de progreso.<\/p>\n\n\n\n<p><strong>El fallo de la Corte Suprema que orden\u00f3 restituir fondos de la coparticipaci\u00f3n a la Ciudad<\/strong><\/p>\n\n\n\n<p>La Corte orden\u00f3 el mi\u00e9rcoles restituir fondos de la coparticipaci\u00f3n a la Ciudad, quitados de forma unilateral por el Gobierno Nacional. El fallo del m\u00e1ximo tribunal se\u00f1al\u00f3 que la demanda se encuentra fundamentada y que la quita de recursos alter\u00f3 la calidad y cantidad de los bienes y servicios p\u00fablicos que se provee a la poblaci\u00f3n.<\/p>\n\n\n\n<p>Asimismo, aclar\u00f3 que las transferencias de servicios y competencias -con sus recursos correspondientes- se sustentan en acuerdos de partes y que el Gobierno nacional no puede reducir el financiamiento unilateralmente.<\/p>\n\n\n\n<p>Tambi\u00e9n especific\u00f3 que la transferencia del servicio de Seguridad a la Ciudad no afect\u00f3 la coparticipaci\u00f3n de las provincias, ya que los recursos siempre provinieron de la parte que le corresponde a la Naci\u00f3n.<\/p>\n\n\n\n<p>El fallo resolvi\u00f3 fijar un coeficiente del 2,95% para la Ciudad, en lugar del 3,5% que se le otorg\u00f3 al momento de la transferencia del servicio de Seguridad.<\/p>\n\n\n\n<p>El hecho de que no se haya reconocido la totalidad del reclamo, implica que la Ciudad continuar\u00e1 solicitando en la Justicia la restituci\u00f3n \u00edntegra de los recursos reclamados.<\/p>\n","protected":false},"excerpt":{"rendered":"<p>El Jefe de Gobierno de la Ciudad de Buenos Aires adelant\u00f3 que la Ciudad har\u00e1 una presentaci\u00f3n en la Corte y denunciar\u00e1 a los organismos y a cada uno de los funcionarios responsables de incumplir el fallo. Horacio Rodr\u00edguez Larreta critic\u00f3 hoy la decisi\u00f3n del Gobierno nacional de no acatar el fallo de la Corte [&hellip;]<\/p>\n","protected":false},"author":2,"featured_media":21380,"comment_status":"open","ping_status":"open","sticky":false,"template":"","format":"standard","meta":{"footnotes":""},"categories":[42],"tags":[],"class_list":["post-21379","post","type-post","status-publish","format-standard","has-post-thumbnail","hentry","category-politica"],"yoast_head":"<!-- This site is optimized with the Yoast SEO plugin v27.5 - https:\/\/yoast.com\/product\/yoast-seo-wordpress\/ -->\n<title>Rodr\u00edguez Larreta, tras la decisi\u00f3n del Gobierno nacional de no acatar el fallo de la Corte Suprema: \u201cEl Presidente decidi\u00f3 quebrar el orden constitucional, violar por completo el Estado de Derecho y atentar contra la democracia\u201d | CVI NOTICIAS<\/title>\n<meta name=\"robots\" content=\"index, follow, max-snippet:-1, max-image-preview:large, max-video-preview:-1\" \/>\n<link rel=\"canonical\" href=\"https:\/\/cvinoticias.com\/v3\/rodriguez-larreta-tras-la-decision-del-gobierno-nacional-de-no-acatar-el-fallo-de-la-corte-suprema-el-presidente-decidio-quebrar-el-orden-constitucional-violar-por-completo-el-estado-de-de\/\" \/>\n<meta property=\"og:locale\" content=\"es_ES\" \/>\n<meta property=\"og:type\" content=\"article\" \/>\n<meta property=\"og:title\" content=\"Rodr\u00edguez Larreta, tras la decisi\u00f3n del Gobierno nacional de no acatar el fallo de la Corte Suprema: \u201cEl Presidente decidi\u00f3 quebrar el orden constitucional, violar por completo el Estado de Derecho y atentar contra la democracia\u201d | CVI NOTICIAS\" \/>\n<meta property=\"og:description\" content=\"El Jefe de Gobierno de la Ciudad de Buenos Aires adelant\u00f3 que la Ciudad har\u00e1 una presentaci\u00f3n en la Corte y denunciar\u00e1 a los organismos y a cada uno de los funcionarios responsables de incumplir el fallo. Horacio Rodr\u00edguez Larreta critic\u00f3 hoy la decisi\u00f3n del Gobierno nacional de no acatar el fallo de la Corte [&hellip;]\" \/>\n<meta property=\"og:url\" content=\"https:\/\/cvinoticias.com\/v3\/rodriguez-larreta-tras-la-decision-del-gobierno-nacional-de-no-acatar-el-fallo-de-la-corte-suprema-el-presidente-decidio-quebrar-el-orden-constitucional-violar-por-completo-el-estado-de-de\/\" \/>\n<meta property=\"og:site_name\" content=\"CVI NOTICIAS\" \/>\n<meta property=\"article:publisher\" content=\"https:\/\/www.facebook.com\/cvinoticias\" \/>\n<meta property=\"article:published_time\" content=\"2022-12-23T15:43:22+00:00\" \/>\n<meta property=\"article:modified_time\" content=\"2022-12-23T15:44:37+00:00\" \/>\n<meta property=\"og:image\" content=\"https:\/\/cvinoticias.com\/wp-content\/uploads\/2022\/12\/IMG-20221223-WA0031.jpg\" \/>\n\t<meta property=\"og:image:width\" content=\"1280\" \/>\n\t<meta property=\"og:image:height\" content=\"851\" \/>\n\t<meta property=\"og:image:type\" content=\"image\/jpeg\" \/>\n<meta name=\"author\" content=\"f1000024\" \/>\n<meta name=\"twitter:card\" content=\"summary_large_image\" \/>\n<meta name=\"twitter:label1\" content=\"Escrito por\" \/>\n\t<meta name=\"twitter:data1\" content=\"f1000024\" \/>\n\t<meta name=\"twitter:label2\" content=\"Tiempo de lectura\" \/>\n\t<meta name=\"twitter:data2\" content=\"4 minutos\" \/>\n<script type=\"application\/ld+json\" class=\"yoast-schema-graph\">{\"@context\":\"https:\\\/\\\/schema.org\",\"@graph\":[{\"@type\":\"Article\",\"@id\":\"https:\\\/\\\/cvinoticias.com\\\/v3\\\/rodriguez-larreta-tras-la-decision-del-gobierno-nacional-de-no-acatar-el-fallo-de-la-corte-suprema-el-presidente-decidio-quebrar-el-orden-constitucional-violar-por-completo-el-estado-de-de\\\/#article\",\"isPartOf\":{\"@id\":\"https:\\\/\\\/cvinoticias.com\\\/v3\\\/rodriguez-larreta-tras-la-decision-del-gobierno-nacional-de-no-acatar-el-fallo-de-la-corte-suprema-el-presidente-decidio-quebrar-el-orden-constitucional-violar-por-completo-el-estado-de-de\\\/\"},\"author\":{\"name\":\"f1000024\",\"@id\":\"https:\\\/\\\/cvinoticias.com\\\/v3\\\/#\\\/schema\\\/person\\\/2db77e3c6bc03c538495d7b2b8be9b66\"},\"headline\":\"Rodr\u00edguez Larreta, tras la decisi\u00f3n del Gobierno nacional de no acatar el fallo de la Corte Suprema: \u201cEl Presidente decidi\u00f3 quebrar el orden constitucional, violar por completo el Estado de Derecho y atentar contra la democracia\u201d\",\"datePublished\":\"2022-12-23T15:43:22+00:00\",\"dateModified\":\"2022-12-23T15:44:37+00:00\",\"mainEntityOfPage\":{\"@id\":\"https:\\\/\\\/cvinoticias.com\\\/v3\\\/rodriguez-larreta-tras-la-decision-del-gobierno-nacional-de-no-acatar-el-fallo-de-la-corte-suprema-el-presidente-decidio-quebrar-el-orden-constitucional-violar-por-completo-el-estado-de-de\\\/\"},\"wordCount\":830,\"commentCount\":0,\"publisher\":{\"@id\":\"https:\\\/\\\/cvinoticias.com\\\/v3\\\/#organization\"},\"image\":{\"@id\":\"https:\\\/\\\/cvinoticias.com\\\/v3\\\/rodriguez-larreta-tras-la-decision-del-gobierno-nacional-de-no-acatar-el-fallo-de-la-corte-suprema-el-presidente-decidio-quebrar-el-orden-constitucional-violar-por-completo-el-estado-de-de\\\/#primaryimage\"},\"thumbnailUrl\":\"https:\\\/\\\/cvinoticias.com\\\/wp-content\\\/uploads\\\/2022\\\/12\\\/IMG-20221223-WA0031.jpg\",\"articleSection\":[\"Politica\"],\"inLanguage\":\"es\",\"potentialAction\":[{\"@type\":\"CommentAction\",\"name\":\"Comment\",\"target\":[\"https:\\\/\\\/cvinoticias.com\\\/v3\\\/rodriguez-larreta-tras-la-decision-del-gobierno-nacional-de-no-acatar-el-fallo-de-la-corte-suprema-el-presidente-decidio-quebrar-el-orden-constitucional-violar-por-completo-el-estado-de-de\\\/#respond\"]}]},{\"@type\":\"WebPage\",\"@id\":\"https:\\\/\\\/cvinoticias.com\\\/v3\\\/rodriguez-larreta-tras-la-decision-del-gobierno-nacional-de-no-acatar-el-fallo-de-la-corte-suprema-el-presidente-decidio-quebrar-el-orden-constitucional-violar-por-completo-el-estado-de-de\\\/\",\"url\":\"https:\\\/\\\/cvinoticias.com\\\/v3\\\/rodriguez-larreta-tras-la-decision-del-gobierno-nacional-de-no-acatar-el-fallo-de-la-corte-suprema-el-presidente-decidio-quebrar-el-orden-constitucional-violar-por-completo-el-estado-de-de\\\/\",\"name\":\"Rodr\u00edguez Larreta, tras la decisi\u00f3n del Gobierno nacional de no acatar el fallo de la Corte Suprema: \u201cEl Presidente decidi\u00f3 quebrar el orden constitucional, violar por completo el Estado de Derecho y atentar contra la democracia\u201d | CVI NOTICIAS\",\"isPartOf\":{\"@id\":\"https:\\\/\\\/cvinoticias.com\\\/v3\\\/#website\"},\"primaryImageOfPage\":{\"@id\":\"https:\\\/\\\/cvinoticias.com\\\/v3\\\/rodriguez-larreta-tras-la-decision-del-gobierno-nacional-de-no-acatar-el-fallo-de-la-corte-suprema-el-presidente-decidio-quebrar-el-orden-constitucional-violar-por-completo-el-estado-de-de\\\/#primaryimage\"},\"image\":{\"@id\":\"https:\\\/\\\/cvinoticias.com\\\/v3\\\/rodriguez-larreta-tras-la-decision-del-gobierno-nacional-de-no-acatar-el-fallo-de-la-corte-suprema-el-presidente-decidio-quebrar-el-orden-constitucional-violar-por-completo-el-estado-de-de\\\/#primaryimage\"},\"thumbnailUrl\":\"https:\\\/\\\/cvinoticias.com\\\/wp-content\\\/uploads\\\/2022\\\/12\\\/IMG-20221223-WA0031.jpg\",\"datePublished\":\"2022-12-23T15:43:22+00:00\",\"dateModified\":\"2022-12-23T15:44:37+00:00\",\"breadcrumb\":{\"@id\":\"https:\\\/\\\/cvinoticias.com\\\/v3\\\/rodriguez-larreta-tras-la-decision-del-gobierno-nacional-de-no-acatar-el-fallo-de-la-corte-suprema-el-presidente-decidio-quebrar-el-orden-constitucional-violar-por-completo-el-estado-de-de\\\/#breadcrumb\"},\"inLanguage\":\"es\",\"potentialAction\":[{\"@type\":\"ReadAction\",\"target\":[\"https:\\\/\\\/cvinoticias.com\\\/v3\\\/rodriguez-larreta-tras-la-decision-del-gobierno-nacional-de-no-acatar-el-fallo-de-la-corte-suprema-el-presidente-decidio-quebrar-el-orden-constitucional-violar-por-completo-el-estado-de-de\\\/\"]}]},{\"@type\":\"ImageObject\",\"inLanguage\":\"es\",\"@id\":\"https:\\\/\\\/cvinoticias.com\\\/v3\\\/rodriguez-larreta-tras-la-decision-del-gobierno-nacional-de-no-acatar-el-fallo-de-la-corte-suprema-el-presidente-decidio-quebrar-el-orden-constitucional-violar-por-completo-el-estado-de-de\\\/#primaryimage\",\"url\":\"https:\\\/\\\/cvinoticias.com\\\/wp-content\\\/uploads\\\/2022\\\/12\\\/IMG-20221223-WA0031.jpg\",\"contentUrl\":\"https:\\\/\\\/cvinoticias.com\\\/wp-content\\\/uploads\\\/2022\\\/12\\\/IMG-20221223-WA0031.jpg\",\"width\":1280,\"height\":851},{\"@type\":\"BreadcrumbList\",\"@id\":\"https:\\\/\\\/cvinoticias.com\\\/v3\\\/rodriguez-larreta-tras-la-decision-del-gobierno-nacional-de-no-acatar-el-fallo-de-la-corte-suprema-el-presidente-decidio-quebrar-el-orden-constitucional-violar-por-completo-el-estado-de-de\\\/#breadcrumb\",\"itemListElement\":[{\"@type\":\"ListItem\",\"position\":1,\"name\":\"Portada\",\"item\":\"https:\\\/\\\/cvinoticias.com\\\/v3\\\/\"},{\"@type\":\"ListItem\",\"position\":2,\"name\":\"Rodr\u00edguez Larreta, tras la decisi\u00f3n del Gobierno nacional de no acatar el fallo de la Corte Suprema: \u201cEl Presidente decidi\u00f3 quebrar el orden constitucional, violar por completo el Estado de Derecho y atentar contra la democracia\u201d\"}]},{\"@type\":\"WebSite\",\"@id\":\"https:\\\/\\\/cvinoticias.com\\\/v3\\\/#website\",\"url\":\"https:\\\/\\\/cvinoticias.com\\\/v3\\\/\",\"name\":\"CVI NOTICIAS\",\"description\":\"\",\"publisher\":{\"@id\":\"https:\\\/\\\/cvinoticias.com\\\/v3\\\/#organization\"},\"alternateName\":\"CVI\",\"potentialAction\":[{\"@type\":\"SearchAction\",\"target\":{\"@type\":\"EntryPoint\",\"urlTemplate\":\"https:\\\/\\\/cvinoticias.com\\\/v3\\\/?s={search_term_string}\"},\"query-input\":{\"@type\":\"PropertyValueSpecification\",\"valueRequired\":true,\"valueName\":\"search_term_string\"}}],\"inLanguage\":\"es\"},{\"@type\":\"Organization\",\"@id\":\"https:\\\/\\\/cvinoticias.com\\\/v3\\\/#organization\",\"name\":\"CVI NOTICIAS\",\"url\":\"https:\\\/\\\/cvinoticias.com\\\/v3\\\/\",\"logo\":{\"@type\":\"ImageObject\",\"inLanguage\":\"es\",\"@id\":\"https:\\\/\\\/cvinoticias.com\\\/v3\\\/#\\\/schema\\\/logo\\\/image\\\/\",\"url\":\"https:\\\/\\\/cvinoticias.com\\\/wp-content\\\/uploads\\\/2023\\\/04\\\/cropped-cropped-cropped-cropped-cropped-3-1.png\",\"contentUrl\":\"https:\\\/\\\/cvinoticias.com\\\/wp-content\\\/uploads\\\/2023\\\/04\\\/cropped-cropped-cropped-cropped-cropped-3-1.png\",\"width\":95,\"height\":122,\"caption\":\"CVI NOTICIAS\"},\"image\":{\"@id\":\"https:\\\/\\\/cvinoticias.com\\\/v3\\\/#\\\/schema\\\/logo\\\/image\\\/\"},\"sameAs\":[\"https:\\\/\\\/www.facebook.com\\\/cvinoticias\",\"https:\\\/\\\/www.instagram.com\\\/cvinoticias\\\/\",\"https:\\\/\\\/www.youtube.com\\\/@CVINOTICIAS\"]},{\"@type\":\"Person\",\"@id\":\"https:\\\/\\\/cvinoticias.com\\\/v3\\\/#\\\/schema\\\/person\\\/2db77e3c6bc03c538495d7b2b8be9b66\",\"name\":\"f1000024\",\"image\":{\"@type\":\"ImageObject\",\"inLanguage\":\"es\",\"@id\":\"https:\\\/\\\/secure.gravatar.com\\\/avatar\\\/d4fe7459cfc51ff5129ce1a732bbef5928568b8092d412ef95611616376bbeed?s=96&d=mm&r=g\",\"url\":\"https:\\\/\\\/secure.gravatar.com\\\/avatar\\\/d4fe7459cfc51ff5129ce1a732bbef5928568b8092d412ef95611616376bbeed?s=96&d=mm&r=g\",\"contentUrl\":\"https:\\\/\\\/secure.gravatar.com\\\/avatar\\\/d4fe7459cfc51ff5129ce1a732bbef5928568b8092d412ef95611616376bbeed?s=96&d=mm&r=g\",\"caption\":\"f1000024\"},\"url\":\"https:\\\/\\\/cvinoticias.com\\\/v3\\\/author\\\/f1000024\\\/\"}]}<\/script>\n<!-- \/ Yoast SEO plugin. -->","yoast_head_json":{"title":"Rodr\u00edguez Larreta, tras la decisi\u00f3n del Gobierno nacional de no acatar el fallo de la Corte Suprema: \u201cEl Presidente decidi\u00f3 quebrar el orden constitucional, violar por completo el Estado de Derecho y atentar contra la democracia\u201d | CVI NOTICIAS","robots":{"index":"index","follow":"follow","max-snippet":"max-snippet:-1","max-image-preview":"max-image-preview:large","max-video-preview":"max-video-preview:-1"},"canonical":"https:\/\/cvinoticias.com\/v3\/rodriguez-larreta-tras-la-decision-del-gobierno-nacional-de-no-acatar-el-fallo-de-la-corte-suprema-el-presidente-decidio-quebrar-el-orden-constitucional-violar-por-completo-el-estado-de-de\/","og_locale":"es_ES","og_type":"article","og_title":"Rodr\u00edguez Larreta, tras la decisi\u00f3n del Gobierno nacional de no acatar el fallo de la Corte Suprema: \u201cEl Presidente decidi\u00f3 quebrar el orden constitucional, violar por completo el Estado de Derecho y atentar contra la democracia\u201d | CVI NOTICIAS","og_description":"El Jefe de Gobierno de la Ciudad de Buenos Aires adelant\u00f3 que la Ciudad har\u00e1 una presentaci\u00f3n en la Corte y denunciar\u00e1 a los organismos y a cada uno de los funcionarios responsables de incumplir el fallo. Horacio Rodr\u00edguez Larreta critic\u00f3 hoy la decisi\u00f3n del Gobierno nacional de no acatar el fallo de la Corte [&hellip;]","og_url":"https:\/\/cvinoticias.com\/v3\/rodriguez-larreta-tras-la-decision-del-gobierno-nacional-de-no-acatar-el-fallo-de-la-corte-suprema-el-presidente-decidio-quebrar-el-orden-constitucional-violar-por-completo-el-estado-de-de\/","og_site_name":"CVI NOTICIAS","article_publisher":"https:\/\/www.facebook.com\/cvinoticias","article_published_time":"2022-12-23T15:43:22+00:00","article_modified_time":"2022-12-23T15:44:37+00:00","og_image":[{"width":1280,"height":851,"url":"https:\/\/cvinoticias.com\/wp-content\/uploads\/2022\/12\/IMG-20221223-WA0031.jpg","type":"image\/jpeg"}],"author":"f1000024","twitter_card":"summary_large_image","twitter_misc":{"Escrito por":"f1000024","Tiempo de lectura":"4 minutos"},"schema":{"@context":"https:\/\/schema.org","@graph":[{"@type":"Article","@id":"https:\/\/cvinoticias.com\/v3\/rodriguez-larreta-tras-la-decision-del-gobierno-nacional-de-no-acatar-el-fallo-de-la-corte-suprema-el-presidente-decidio-quebrar-el-orden-constitucional-violar-por-completo-el-estado-de-de\/#article","isPartOf":{"@id":"https:\/\/cvinoticias.com\/v3\/rodriguez-larreta-tras-la-decision-del-gobierno-nacional-de-no-acatar-el-fallo-de-la-corte-suprema-el-presidente-decidio-quebrar-el-orden-constitucional-violar-por-completo-el-estado-de-de\/"},"author":{"name":"f1000024","@id":"https:\/\/cvinoticias.com\/v3\/#\/schema\/person\/2db77e3c6bc03c538495d7b2b8be9b66"},"headline":"Rodr\u00edguez Larreta, tras la decisi\u00f3n del Gobierno nacional de no acatar el fallo de la Corte Suprema: \u201cEl Presidente decidi\u00f3 quebrar el orden constitucional, violar por completo el Estado de Derecho y atentar contra la democracia\u201d","datePublished":"2022-12-23T15:43:22+00:00","dateModified":"2022-12-23T15:44:37+00:00","mainEntityOfPage":{"@id":"https:\/\/cvinoticias.com\/v3\/rodriguez-larreta-tras-la-decision-del-gobierno-nacional-de-no-acatar-el-fallo-de-la-corte-suprema-el-presidente-decidio-quebrar-el-orden-constitucional-violar-por-completo-el-estado-de-de\/"},"wordCount":830,"commentCount":0,"publisher":{"@id":"https:\/\/cvinoticias.com\/v3\/#organization"},"image":{"@id":"https:\/\/cvinoticias.com\/v3\/rodriguez-larreta-tras-la-decision-del-gobierno-nacional-de-no-acatar-el-fallo-de-la-corte-suprema-el-presidente-decidio-quebrar-el-orden-constitucional-violar-por-completo-el-estado-de-de\/#primaryimage"},"thumbnailUrl":"https:\/\/cvinoticias.com\/wp-content\/uploads\/2022\/12\/IMG-20221223-WA0031.jpg","articleSection":["Politica"],"inLanguage":"es","potentialAction":[{"@type":"CommentAction","name":"Comment","target":["https:\/\/cvinoticias.com\/v3\/rodriguez-larreta-tras-la-decision-del-gobierno-nacional-de-no-acatar-el-fallo-de-la-corte-suprema-el-presidente-decidio-quebrar-el-orden-constitucional-violar-por-completo-el-estado-de-de\/#respond"]}]},{"@type":"WebPage","@id":"https:\/\/cvinoticias.com\/v3\/rodriguez-larreta-tras-la-decision-del-gobierno-nacional-de-no-acatar-el-fallo-de-la-corte-suprema-el-presidente-decidio-quebrar-el-orden-constitucional-violar-por-completo-el-estado-de-de\/","url":"https:\/\/cvinoticias.com\/v3\/rodriguez-larreta-tras-la-decision-del-gobierno-nacional-de-no-acatar-el-fallo-de-la-corte-suprema-el-presidente-decidio-quebrar-el-orden-constitucional-violar-por-completo-el-estado-de-de\/","name":"Rodr\u00edguez Larreta, tras la decisi\u00f3n del Gobierno nacional de no acatar el fallo de la Corte Suprema: \u201cEl Presidente decidi\u00f3 quebrar el orden constitucional, violar por completo el Estado de Derecho y atentar contra la democracia\u201d | CVI NOTICIAS","isPartOf":{"@id":"https:\/\/cvinoticias.com\/v3\/#website"},"primaryImageOfPage":{"@id":"https:\/\/cvinoticias.com\/v3\/rodriguez-larreta-tras-la-decision-del-gobierno-nacional-de-no-acatar-el-fallo-de-la-corte-suprema-el-presidente-decidio-quebrar-el-orden-constitucional-violar-por-completo-el-estado-de-de\/#primaryimage"},"image":{"@id":"https:\/\/cvinoticias.com\/v3\/rodriguez-larreta-tras-la-decision-del-gobierno-nacional-de-no-acatar-el-fallo-de-la-corte-suprema-el-presidente-decidio-quebrar-el-orden-constitucional-violar-por-completo-el-estado-de-de\/#primaryimage"},"thumbnailUrl":"https:\/\/cvinoticias.com\/wp-content\/uploads\/2022\/12\/IMG-20221223-WA0031.jpg","datePublished":"2022-12-23T15:43:22+00:00","dateModified":"2022-12-23T15:44:37+00:00","breadcrumb":{"@id":"https:\/\/cvinoticias.com\/v3\/rodriguez-larreta-tras-la-decision-del-gobierno-nacional-de-no-acatar-el-fallo-de-la-corte-suprema-el-presidente-decidio-quebrar-el-orden-constitucional-violar-por-completo-el-estado-de-de\/#breadcrumb"},"inLanguage":"es","potentialAction":[{"@type":"ReadAction","target":["https:\/\/cvinoticias.com\/v3\/rodriguez-larreta-tras-la-decision-del-gobierno-nacional-de-no-acatar-el-fallo-de-la-corte-suprema-el-presidente-decidio-quebrar-el-orden-constitucional-violar-por-completo-el-estado-de-de\/"]}]},{"@type":"ImageObject","inLanguage":"es","@id":"https:\/\/cvinoticias.com\/v3\/rodriguez-larreta-tras-la-decision-del-gobierno-nacional-de-no-acatar-el-fallo-de-la-corte-suprema-el-presidente-decidio-quebrar-el-orden-constitucional-violar-por-completo-el-estado-de-de\/#primaryimage","url":"https:\/\/cvinoticias.com\/wp-content\/uploads\/2022\/12\/IMG-20221223-WA0031.jpg","contentUrl":"https:\/\/cvinoticias.com\/wp-content\/uploads\/2022\/12\/IMG-20221223-WA0031.jpg","width":1280,"height":851},{"@type":"BreadcrumbList","@id":"https:\/\/cvinoticias.com\/v3\/rodriguez-larreta-tras-la-decision-del-gobierno-nacional-de-no-acatar-el-fallo-de-la-corte-suprema-el-presidente-decidio-quebrar-el-orden-constitucional-violar-por-completo-el-estado-de-de\/#breadcrumb","itemListElement":[{"@type":"ListItem","position":1,"name":"Portada","item":"https:\/\/cvinoticias.com\/v3\/"},{"@type":"ListItem","position":2,"name":"Rodr\u00edguez Larreta, tras la decisi\u00f3n del Gobierno nacional de no acatar el fallo de la Corte Suprema: \u201cEl Presidente decidi\u00f3 quebrar el orden constitucional, violar por completo el Estado de Derecho y atentar contra la democracia\u201d"}]},{"@type":"WebSite","@id":"https:\/\/cvinoticias.com\/v3\/#website","url":"https:\/\/cvinoticias.com\/v3\/","name":"CVI NOTICIAS","description":"","publisher":{"@id":"https:\/\/cvinoticias.com\/v3\/#organization"},"alternateName":"CVI","potentialAction":[{"@type":"SearchAction","target":{"@type":"EntryPoint","urlTemplate":"https:\/\/cvinoticias.com\/v3\/?s={search_term_string}"},"query-input":{"@type":"PropertyValueSpecification","valueRequired":true,"valueName":"search_term_string"}}],"inLanguage":"es"},{"@type":"Organization","@id":"https:\/\/cvinoticias.com\/v3\/#organization","name":"CVI NOTICIAS","url":"https:\/\/cvinoticias.com\/v3\/","logo":{"@type":"ImageObject","inLanguage":"es","@id":"https:\/\/cvinoticias.com\/v3\/#\/schema\/logo\/image\/","url":"https:\/\/cvinoticias.com\/wp-content\/uploads\/2023\/04\/cropped-cropped-cropped-cropped-cropped-3-1.png","contentUrl":"https:\/\/cvinoticias.com\/wp-content\/uploads\/2023\/04\/cropped-cropped-cropped-cropped-cropped-3-1.png","width":95,"height":122,"caption":"CVI NOTICIAS"},"image":{"@id":"https:\/\/cvinoticias.com\/v3\/#\/schema\/logo\/image\/"},"sameAs":["https:\/\/www.facebook.com\/cvinoticias","https:\/\/www.instagram.com\/cvinoticias\/","https:\/\/www.youtube.com\/@CVINOTICIAS"]},{"@type":"Person","@id":"https:\/\/cvinoticias.com\/v3\/#\/schema\/person\/2db77e3c6bc03c538495d7b2b8be9b66","name":"f1000024","image":{"@type":"ImageObject","inLanguage":"es","@id":"https:\/\/secure.gravatar.com\/avatar\/d4fe7459cfc51ff5129ce1a732bbef5928568b8092d412ef95611616376bbeed?s=96&d=mm&r=g","url":"https:\/\/secure.gravatar.com\/avatar\/d4fe7459cfc51ff5129ce1a732bbef5928568b8092d412ef95611616376bbeed?s=96&d=mm&r=g","contentUrl":"https:\/\/secure.gravatar.com\/avatar\/d4fe7459cfc51ff5129ce1a732bbef5928568b8092d412ef95611616376bbeed?s=96&d=mm&r=g","caption":"f1000024"},"url":"https:\/\/cvinoticias.com\/v3\/author\/f1000024\/"}]}},"_links":{"self":[{"href":"https:\/\/cvinoticias.com\/v3\/wp-json\/wp\/v2\/posts\/21379","targetHints":{"allow":["GET"]}}],"collection":[{"href":"https:\/\/cvinoticias.com\/v3\/wp-json\/wp\/v2\/posts"}],"about":[{"href":"https:\/\/cvinoticias.com\/v3\/wp-json\/wp\/v2\/types\/post"}],"author":[{"embeddable":true,"href":"https:\/\/cvinoticias.com\/v3\/wp-json\/wp\/v2\/users\/2"}],"replies":[{"embeddable":true,"href":"https:\/\/cvinoticias.com\/v3\/wp-json\/wp\/v2\/comments?post=21379"}],"version-history":[{"count":2,"href":"https:\/\/cvinoticias.com\/v3\/wp-json\/wp\/v2\/posts\/21379\/revisions"}],"predecessor-version":[{"id":21382,"href":"https:\/\/cvinoticias.com\/v3\/wp-json\/wp\/v2\/posts\/21379\/revisions\/21382"}],"wp:featuredmedia":[{"embeddable":true,"href":"https:\/\/cvinoticias.com\/v3\/wp-json\/wp\/v2\/media\/21380"}],"wp:attachment":[{"href":"https:\/\/cvinoticias.com\/v3\/wp-json\/wp\/v2\/media?parent=21379"}],"wp:term":[{"taxonomy":"category","embeddable":true,"href":"https:\/\/cvinoticias.com\/v3\/wp-json\/wp\/v2\/categories?post=21379"},{"taxonomy":"post_tag","embeddable":true,"href":"https:\/\/cvinoticias.com\/v3\/wp-json\/wp\/v2\/tags?post=21379"}],"curies":[{"name":"wp","href":"https:\/\/api.w.org\/{rel}","templated":true}]}}