{"id":21370,"date":"2022-12-22T18:16:14","date_gmt":"2022-12-22T18:16:14","guid":{"rendered":"https:\/\/cvinoticias.com\/v3\/?p=21370"},"modified":"2022-12-22T18:16:14","modified_gmt":"2022-12-22T18:16:14","slug":"un-chofer-y-su-acompanante-murieron-al-caer-un-camion-de-puente-mitre-de-complejo-zarate-brazo-largo","status":"publish","type":"post","link":"https:\/\/cvinoticias.com\/v3\/un-chofer-y-su-acompanante-murieron-al-caer-un-camion-de-puente-mitre-de-complejo-zarate-brazo-largo\/","title":{"rendered":"Un chofer y su acompa\u00f1ante murieron al caer un cami\u00f3n de puente Mitre de complejo Z\u00e1rate-Brazo Largo"},"content":{"rendered":"\n<p><strong><em>El conductor de un cami\u00f3n y una persona que lo acompa\u00f1aba, ambos oriundos de Iguaz\u00fa, murieron este jueves al caer el veh\u00edculo de uno de los puentes del Complejo Z\u00e1rate-Brazo Largo en la localidad de Z\u00e1rate, informaron fuentes viales y policiales.<\/em><\/strong><\/p>\n\n\n\n<p>El hecho ocurri\u00f3 cerca de las 6 en el kil\u00f3metro 88 del puente Bartolom\u00e9 Mitre del complejo Z\u00e1rate-Brazo Largo, donde por causas que se deben establecer el conductor de un cami\u00f3n que circulaba en sentido Buenos Aires-Entre R\u00edos perdi\u00f3 el control del veh\u00edculo y tras romper las barandas de contenci\u00f3n cay\u00f3 al vac\u00edo sobre el margen del R\u00edo Paran\u00e1.<\/p>\n\n\n\n<p>Como consecuencia del siniestro el chofer del cami\u00f3n y una persona que viajaba como acompa\u00f1ante fallecieron en el acto, informaron fuentes policiales.<\/p>\n\n\n\n<p>El cami\u00f3n transportaba cargas generales, entre las cuales un autom\u00f3vil, que qued\u00f3 junto al rodado de mayor porte.<\/p>\n\n\n\n<figure class=\"wp-block-image size-full is-resized\"><a href=\"https:\/\/cvinoticias.com\/wp-content\/uploads\/2022\/12\/foto0_1_124576_1.png\"><img decoding=\"async\" data-src=\"https:\/\/cvinoticias.com\/wp-content\/uploads\/2022\/12\/foto0_1_124576_1.png\" alt=\"\" class=\"wp-image-21371 lazyload\" width=\"688\" height=\"459\" data-srcset=\"https:\/\/cvinoticias.com\/wp-content\/uploads\/2022\/12\/foto0_1_124576_1.png 450w, https:\/\/cvinoticias.com\/wp-content\/uploads\/2022\/12\/foto0_1_124576_1-300x200.png 300w\" data-sizes=\"(max-width: 688px) 100vw, 688px\" src=\"data:image\/svg+xml;base64,PHN2ZyB3aWR0aD0iMSIgaGVpZ2h0PSIxIiB4bWxucz0iaHR0cDovL3d3dy53My5vcmcvMjAwMC9zdmciPjwvc3ZnPg==\" style=\"--smush-placeholder-width: 688px; --smush-placeholder-aspect-ratio: 688\/459;\" \/><\/a><\/figure>\n\n\n\n<p>Desde entonces personal de Gendarmer\u00eda Nacional y de Seguridad Vial de la autov\u00eda reduc\u00eda el carril derecho a la espera del trabajo de los peritos para poder remover el rodado pesado del lugar.<\/p>\n\n\n\n<p>Por su parte, Mariano Baradanini, vocero de Caminos del R\u00edo Uruguay, empresa concesionaria de la ruta, que el carril derecho se mantendr\u00e1 obstruido hasta las 17 hs cuando finalicen las tareas de reparaci\u00f3n de las barandas de contenci\u00f3n.<\/p>\n","protected":false},"excerpt":{"rendered":"<p>El conductor de un cami\u00f3n y una persona que lo acompa\u00f1aba, ambos oriundos de Iguaz\u00fa, murieron este jueves al caer el veh\u00edculo de uno de los puentes del Complejo Z\u00e1rate-Brazo Largo en la localidad de Z\u00e1rate, informaron fuentes viales y policiales. El hecho ocurri\u00f3 cerca de las 6 en el kil\u00f3metro 88 del puente Bartolom\u00e9 [&hellip;]<\/p>\n","protected":false},"author":2,"featured_media":21372,"comment_status":"open","ping_status":"open","sticky":false,"template":"","format":"standard","meta":{"footnotes":""},"categories":[35],"tags":[],"class_list":["post-21370","post","type-post","status-publish","format-standard","has-post-thumbnail","hentry","category-informacion-general"],"yoast_head":"<!-- This site is optimized with the Yoast SEO plugin v27.5 - https:\/\/yoast.com\/product\/yoast-seo-wordpress\/ -->\n<title>Un chofer y su acompa\u00f1ante murieron al caer un cami\u00f3n de puente Mitre de complejo Z\u00e1rate-Brazo Largo | CVI NOTICIAS<\/title>\n<meta name=\"robots\" content=\"index, follow, max-snippet:-1, max-image-preview:large, max-video-preview:-1\" \/>\n<link rel=\"canonical\" href=\"https:\/\/cvinoticias.com\/v3\/un-chofer-y-su-acompanante-murieron-al-caer-un-camion-de-puente-mitre-de-complejo-zarate-brazo-largo\/\" \/>\n<meta property=\"og:locale\" content=\"es_ES\" \/>\n<meta property=\"og:type\" content=\"article\" \/>\n<meta property=\"og:title\" content=\"Un chofer y su acompa\u00f1ante murieron al caer un cami\u00f3n de puente Mitre de complejo Z\u00e1rate-Brazo Largo | CVI NOTICIAS\" \/>\n<meta property=\"og:description\" content=\"El conductor de un cami\u00f3n y una persona que lo acompa\u00f1aba, ambos oriundos de Iguaz\u00fa, murieron este jueves al caer el veh\u00edculo de uno de los puentes del Complejo Z\u00e1rate-Brazo Largo en la localidad de Z\u00e1rate, informaron fuentes viales y policiales. El hecho ocurri\u00f3 cerca de las 6 en el kil\u00f3metro 88 del puente Bartolom\u00e9 [&hellip;]\" \/>\n<meta property=\"og:url\" content=\"https:\/\/cvinoticias.com\/v3\/un-chofer-y-su-acompanante-murieron-al-caer-un-camion-de-puente-mitre-de-complejo-zarate-brazo-largo\/\" \/>\n<meta property=\"og:site_name\" content=\"CVI NOTICIAS\" \/>\n<meta property=\"article:publisher\" content=\"https:\/\/www.facebook.com\/cvinoticias\" \/>\n<meta property=\"article:published_time\" content=\"2022-12-22T18:16:14+00:00\" \/>\n<meta property=\"og:image\" content=\"https:\/\/cvinoticias.com\/wp-content\/uploads\/2022\/12\/f608x342-179577_209300_88.jpg\" \/>\n\t<meta property=\"og:image:width\" content=\"608\" \/>\n\t<meta property=\"og:image:height\" content=\"342\" \/>\n\t<meta property=\"og:image:type\" content=\"image\/jpeg\" \/>\n<meta name=\"author\" content=\"f1000024\" \/>\n<meta name=\"twitter:card\" content=\"summary_large_image\" \/>\n<meta name=\"twitter:label1\" content=\"Escrito por\" \/>\n\t<meta name=\"twitter:data1\" content=\"f1000024\" \/>\n\t<meta name=\"twitter:label2\" content=\"Tiempo de lectura\" \/>\n\t<meta name=\"twitter:data2\" content=\"1 minuto\" \/>\n<script type=\"application\/ld+json\" class=\"yoast-schema-graph\">{\"@context\":\"https:\\\/\\\/schema.org\",\"@graph\":[{\"@type\":\"Article\",\"@id\":\"https:\\\/\\\/cvinoticias.com\\\/v3\\\/un-chofer-y-su-acompanante-murieron-al-caer-un-camion-de-puente-mitre-de-complejo-zarate-brazo-largo\\\/#article\",\"isPartOf\":{\"@id\":\"https:\\\/\\\/cvinoticias.com\\\/v3\\\/un-chofer-y-su-acompanante-murieron-al-caer-un-camion-de-puente-mitre-de-complejo-zarate-brazo-largo\\\/\"},\"author\":{\"name\":\"f1000024\",\"@id\":\"https:\\\/\\\/cvinoticias.com\\\/v3\\\/#\\\/schema\\\/person\\\/2db77e3c6bc03c538495d7b2b8be9b66\"},\"headline\":\"Un chofer y su acompa\u00f1ante murieron al caer un cami\u00f3n de puente Mitre de complejo Z\u00e1rate-Brazo Largo\",\"datePublished\":\"2022-12-22T18:16:14+00:00\",\"mainEntityOfPage\":{\"@id\":\"https:\\\/\\\/cvinoticias.com\\\/v3\\\/un-chofer-y-su-acompanante-murieron-al-caer-un-camion-de-puente-mitre-de-complejo-zarate-brazo-largo\\\/\"},\"wordCount\":251,\"commentCount\":0,\"publisher\":{\"@id\":\"https:\\\/\\\/cvinoticias.com\\\/v3\\\/#organization\"},\"image\":{\"@id\":\"https:\\\/\\\/cvinoticias.com\\\/v3\\\/un-chofer-y-su-acompanante-murieron-al-caer-un-camion-de-puente-mitre-de-complejo-zarate-brazo-largo\\\/#primaryimage\"},\"thumbnailUrl\":\"https:\\\/\\\/cvinoticias.com\\\/wp-content\\\/uploads\\\/2022\\\/12\\\/f608x342-179577_209300_88.jpg\",\"articleSection\":[\"Informaci\u00f3n General\"],\"inLanguage\":\"es\",\"potentialAction\":[{\"@type\":\"CommentAction\",\"name\":\"Comment\",\"target\":[\"https:\\\/\\\/cvinoticias.com\\\/v3\\\/un-chofer-y-su-acompanante-murieron-al-caer-un-camion-de-puente-mitre-de-complejo-zarate-brazo-largo\\\/#respond\"]}]},{\"@type\":\"WebPage\",\"@id\":\"https:\\\/\\\/cvinoticias.com\\\/v3\\\/un-chofer-y-su-acompanante-murieron-al-caer-un-camion-de-puente-mitre-de-complejo-zarate-brazo-largo\\\/\",\"url\":\"https:\\\/\\\/cvinoticias.com\\\/v3\\\/un-chofer-y-su-acompanante-murieron-al-caer-un-camion-de-puente-mitre-de-complejo-zarate-brazo-largo\\\/\",\"name\":\"Un chofer y su acompa\u00f1ante murieron al caer un cami\u00f3n de puente Mitre de complejo Z\u00e1rate-Brazo Largo | CVI NOTICIAS\",\"isPartOf\":{\"@id\":\"https:\\\/\\\/cvinoticias.com\\\/v3\\\/#website\"},\"primaryImageOfPage\":{\"@id\":\"https:\\\/\\\/cvinoticias.com\\\/v3\\\/un-chofer-y-su-acompanante-murieron-al-caer-un-camion-de-puente-mitre-de-complejo-zarate-brazo-largo\\\/#primaryimage\"},\"image\":{\"@id\":\"https:\\\/\\\/cvinoticias.com\\\/v3\\\/un-chofer-y-su-acompanante-murieron-al-caer-un-camion-de-puente-mitre-de-complejo-zarate-brazo-largo\\\/#primaryimage\"},\"thumbnailUrl\":\"https:\\\/\\\/cvinoticias.com\\\/wp-content\\\/uploads\\\/2022\\\/12\\\/f608x342-179577_209300_88.jpg\",\"datePublished\":\"2022-12-22T18:16:14+00:00\",\"breadcrumb\":{\"@id\":\"https:\\\/\\\/cvinoticias.com\\\/v3\\\/un-chofer-y-su-acompanante-murieron-al-caer-un-camion-de-puente-mitre-de-complejo-zarate-brazo-largo\\\/#breadcrumb\"},\"inLanguage\":\"es\",\"potentialAction\":[{\"@type\":\"ReadAction\",\"target\":[\"https:\\\/\\\/cvinoticias.com\\\/v3\\\/un-chofer-y-su-acompanante-murieron-al-caer-un-camion-de-puente-mitre-de-complejo-zarate-brazo-largo\\\/\"]}]},{\"@type\":\"ImageObject\",\"inLanguage\":\"es\",\"@id\":\"https:\\\/\\\/cvinoticias.com\\\/v3\\\/un-chofer-y-su-acompanante-murieron-al-caer-un-camion-de-puente-mitre-de-complejo-zarate-brazo-largo\\\/#primaryimage\",\"url\":\"https:\\\/\\\/cvinoticias.com\\\/wp-content\\\/uploads\\\/2022\\\/12\\\/f608x342-179577_209300_88.jpg\",\"contentUrl\":\"https:\\\/\\\/cvinoticias.com\\\/wp-content\\\/uploads\\\/2022\\\/12\\\/f608x342-179577_209300_88.jpg\",\"width\":608,\"height\":342},{\"@type\":\"BreadcrumbList\",\"@id\":\"https:\\\/\\\/cvinoticias.com\\\/v3\\\/un-chofer-y-su-acompanante-murieron-al-caer-un-camion-de-puente-mitre-de-complejo-zarate-brazo-largo\\\/#breadcrumb\",\"itemListElement\":[{\"@type\":\"ListItem\",\"position\":1,\"name\":\"Portada\",\"item\":\"https:\\\/\\\/cvinoticias.com\\\/v3\\\/\"},{\"@type\":\"ListItem\",\"position\":2,\"name\":\"Un chofer y su acompa\u00f1ante murieron al caer un cami\u00f3n de puente Mitre de complejo Z\u00e1rate-Brazo Largo\"}]},{\"@type\":\"WebSite\",\"@id\":\"https:\\\/\\\/cvinoticias.com\\\/v3\\\/#website\",\"url\":\"https:\\\/\\\/cvinoticias.com\\\/v3\\\/\",\"name\":\"CVI NOTICIAS\",\"description\":\"\",\"publisher\":{\"@id\":\"https:\\\/\\\/cvinoticias.com\\\/v3\\\/#organization\"},\"alternateName\":\"CVI\",\"potentialAction\":[{\"@type\":\"SearchAction\",\"target\":{\"@type\":\"EntryPoint\",\"urlTemplate\":\"https:\\\/\\\/cvinoticias.com\\\/v3\\\/?s={search_term_string}\"},\"query-input\":{\"@type\":\"PropertyValueSpecification\",\"valueRequired\":true,\"valueName\":\"search_term_string\"}}],\"inLanguage\":\"es\"},{\"@type\":\"Organization\",\"@id\":\"https:\\\/\\\/cvinoticias.com\\\/v3\\\/#organization\",\"name\":\"CVI NOTICIAS\",\"url\":\"https:\\\/\\\/cvinoticias.com\\\/v3\\\/\",\"logo\":{\"@type\":\"ImageObject\",\"inLanguage\":\"es\",\"@id\":\"https:\\\/\\\/cvinoticias.com\\\/v3\\\/#\\\/schema\\\/logo\\\/image\\\/\",\"url\":\"https:\\\/\\\/cvinoticias.com\\\/wp-content\\\/uploads\\\/2023\\\/04\\\/cropped-cropped-cropped-cropped-cropped-3-1.png\",\"contentUrl\":\"https:\\\/\\\/cvinoticias.com\\\/wp-content\\\/uploads\\\/2023\\\/04\\\/cropped-cropped-cropped-cropped-cropped-3-1.png\",\"width\":95,\"height\":122,\"caption\":\"CVI NOTICIAS\"},\"image\":{\"@id\":\"https:\\\/\\\/cvinoticias.com\\\/v3\\\/#\\\/schema\\\/logo\\\/image\\\/\"},\"sameAs\":[\"https:\\\/\\\/www.facebook.com\\\/cvinoticias\",\"https:\\\/\\\/www.instagram.com\\\/cvinoticias\\\/\",\"https:\\\/\\\/www.youtube.com\\\/@CVINOTICIAS\"]},{\"@type\":\"Person\",\"@id\":\"https:\\\/\\\/cvinoticias.com\\\/v3\\\/#\\\/schema\\\/person\\\/2db77e3c6bc03c538495d7b2b8be9b66\",\"name\":\"f1000024\",\"image\":{\"@type\":\"ImageObject\",\"inLanguage\":\"es\",\"@id\":\"https:\\\/\\\/secure.gravatar.com\\\/avatar\\\/d4fe7459cfc51ff5129ce1a732bbef5928568b8092d412ef95611616376bbeed?s=96&d=mm&r=g\",\"url\":\"https:\\\/\\\/secure.gravatar.com\\\/avatar\\\/d4fe7459cfc51ff5129ce1a732bbef5928568b8092d412ef95611616376bbeed?s=96&d=mm&r=g\",\"contentUrl\":\"https:\\\/\\\/secure.gravatar.com\\\/avatar\\\/d4fe7459cfc51ff5129ce1a732bbef5928568b8092d412ef95611616376bbeed?s=96&d=mm&r=g\",\"caption\":\"f1000024\"},\"url\":\"https:\\\/\\\/cvinoticias.com\\\/v3\\\/author\\\/f1000024\\\/\"}]}<\/script>\n<!-- \/ Yoast SEO plugin. -->","yoast_head_json":{"title":"Un chofer y su acompa\u00f1ante murieron al caer un cami\u00f3n de puente Mitre de complejo Z\u00e1rate-Brazo Largo | CVI NOTICIAS","robots":{"index":"index","follow":"follow","max-snippet":"max-snippet:-1","max-image-preview":"max-image-preview:large","max-video-preview":"max-video-preview:-1"},"canonical":"https:\/\/cvinoticias.com\/v3\/un-chofer-y-su-acompanante-murieron-al-caer-un-camion-de-puente-mitre-de-complejo-zarate-brazo-largo\/","og_locale":"es_ES","og_type":"article","og_title":"Un chofer y su acompa\u00f1ante murieron al caer un cami\u00f3n de puente Mitre de complejo Z\u00e1rate-Brazo Largo | CVI NOTICIAS","og_description":"El conductor de un cami\u00f3n y una persona que lo acompa\u00f1aba, ambos oriundos de Iguaz\u00fa, murieron este jueves al caer el veh\u00edculo de uno de los puentes del Complejo Z\u00e1rate-Brazo Largo en la localidad de Z\u00e1rate, informaron fuentes viales y policiales. El hecho ocurri\u00f3 cerca de las 6 en el kil\u00f3metro 88 del puente Bartolom\u00e9 [&hellip;]","og_url":"https:\/\/cvinoticias.com\/v3\/un-chofer-y-su-acompanante-murieron-al-caer-un-camion-de-puente-mitre-de-complejo-zarate-brazo-largo\/","og_site_name":"CVI NOTICIAS","article_publisher":"https:\/\/www.facebook.com\/cvinoticias","article_published_time":"2022-12-22T18:16:14+00:00","og_image":[{"width":608,"height":342,"url":"https:\/\/cvinoticias.com\/wp-content\/uploads\/2022\/12\/f608x342-179577_209300_88.jpg","type":"image\/jpeg"}],"author":"f1000024","twitter_card":"summary_large_image","twitter_misc":{"Escrito por":"f1000024","Tiempo de lectura":"1 minuto"},"schema":{"@context":"https:\/\/schema.org","@graph":[{"@type":"Article","@id":"https:\/\/cvinoticias.com\/v3\/un-chofer-y-su-acompanante-murieron-al-caer-un-camion-de-puente-mitre-de-complejo-zarate-brazo-largo\/#article","isPartOf":{"@id":"https:\/\/cvinoticias.com\/v3\/un-chofer-y-su-acompanante-murieron-al-caer-un-camion-de-puente-mitre-de-complejo-zarate-brazo-largo\/"},"author":{"name":"f1000024","@id":"https:\/\/cvinoticias.com\/v3\/#\/schema\/person\/2db77e3c6bc03c538495d7b2b8be9b66"},"headline":"Un chofer y su acompa\u00f1ante murieron al caer un cami\u00f3n de puente Mitre de complejo Z\u00e1rate-Brazo Largo","datePublished":"2022-12-22T18:16:14+00:00","mainEntityOfPage":{"@id":"https:\/\/cvinoticias.com\/v3\/un-chofer-y-su-acompanante-murieron-al-caer-un-camion-de-puente-mitre-de-complejo-zarate-brazo-largo\/"},"wordCount":251,"commentCount":0,"publisher":{"@id":"https:\/\/cvinoticias.com\/v3\/#organization"},"image":{"@id":"https:\/\/cvinoticias.com\/v3\/un-chofer-y-su-acompanante-murieron-al-caer-un-camion-de-puente-mitre-de-complejo-zarate-brazo-largo\/#primaryimage"},"thumbnailUrl":"https:\/\/cvinoticias.com\/wp-content\/uploads\/2022\/12\/f608x342-179577_209300_88.jpg","articleSection":["Informaci\u00f3n General"],"inLanguage":"es","potentialAction":[{"@type":"CommentAction","name":"Comment","target":["https:\/\/cvinoticias.com\/v3\/un-chofer-y-su-acompanante-murieron-al-caer-un-camion-de-puente-mitre-de-complejo-zarate-brazo-largo\/#respond"]}]},{"@type":"WebPage","@id":"https:\/\/cvinoticias.com\/v3\/un-chofer-y-su-acompanante-murieron-al-caer-un-camion-de-puente-mitre-de-complejo-zarate-brazo-largo\/","url":"https:\/\/cvinoticias.com\/v3\/un-chofer-y-su-acompanante-murieron-al-caer-un-camion-de-puente-mitre-de-complejo-zarate-brazo-largo\/","name":"Un chofer y su acompa\u00f1ante murieron al caer un cami\u00f3n de puente Mitre de complejo Z\u00e1rate-Brazo Largo | CVI NOTICIAS","isPartOf":{"@id":"https:\/\/cvinoticias.com\/v3\/#website"},"primaryImageOfPage":{"@id":"https:\/\/cvinoticias.com\/v3\/un-chofer-y-su-acompanante-murieron-al-caer-un-camion-de-puente-mitre-de-complejo-zarate-brazo-largo\/#primaryimage"},"image":{"@id":"https:\/\/cvinoticias.com\/v3\/un-chofer-y-su-acompanante-murieron-al-caer-un-camion-de-puente-mitre-de-complejo-zarate-brazo-largo\/#primaryimage"},"thumbnailUrl":"https:\/\/cvinoticias.com\/wp-content\/uploads\/2022\/12\/f608x342-179577_209300_88.jpg","datePublished":"2022-12-22T18:16:14+00:00","breadcrumb":{"@id":"https:\/\/cvinoticias.com\/v3\/un-chofer-y-su-acompanante-murieron-al-caer-un-camion-de-puente-mitre-de-complejo-zarate-brazo-largo\/#breadcrumb"},"inLanguage":"es","potentialAction":[{"@type":"ReadAction","target":["https:\/\/cvinoticias.com\/v3\/un-chofer-y-su-acompanante-murieron-al-caer-un-camion-de-puente-mitre-de-complejo-zarate-brazo-largo\/"]}]},{"@type":"ImageObject","inLanguage":"es","@id":"https:\/\/cvinoticias.com\/v3\/un-chofer-y-su-acompanante-murieron-al-caer-un-camion-de-puente-mitre-de-complejo-zarate-brazo-largo\/#primaryimage","url":"https:\/\/cvinoticias.com\/wp-content\/uploads\/2022\/12\/f608x342-179577_209300_88.jpg","contentUrl":"https:\/\/cvinoticias.com\/wp-content\/uploads\/2022\/12\/f608x342-179577_209300_88.jpg","width":608,"height":342},{"@type":"BreadcrumbList","@id":"https:\/\/cvinoticias.com\/v3\/un-chofer-y-su-acompanante-murieron-al-caer-un-camion-de-puente-mitre-de-complejo-zarate-brazo-largo\/#breadcrumb","itemListElement":[{"@type":"ListItem","position":1,"name":"Portada","item":"https:\/\/cvinoticias.com\/v3\/"},{"@type":"ListItem","position":2,"name":"Un chofer y su acompa\u00f1ante murieron al caer un cami\u00f3n de puente Mitre de complejo Z\u00e1rate-Brazo Largo"}]},{"@type":"WebSite","@id":"https:\/\/cvinoticias.com\/v3\/#website","url":"https:\/\/cvinoticias.com\/v3\/","name":"CVI NOTICIAS","description":"","publisher":{"@id":"https:\/\/cvinoticias.com\/v3\/#organization"},"alternateName":"CVI","potentialAction":[{"@type":"SearchAction","target":{"@type":"EntryPoint","urlTemplate":"https:\/\/cvinoticias.com\/v3\/?s={search_term_string}"},"query-input":{"@type":"PropertyValueSpecification","valueRequired":true,"valueName":"search_term_string"}}],"inLanguage":"es"},{"@type":"Organization","@id":"https:\/\/cvinoticias.com\/v3\/#organization","name":"CVI NOTICIAS","url":"https:\/\/cvinoticias.com\/v3\/","logo":{"@type":"ImageObject","inLanguage":"es","@id":"https:\/\/cvinoticias.com\/v3\/#\/schema\/logo\/image\/","url":"https:\/\/cvinoticias.com\/wp-content\/uploads\/2023\/04\/cropped-cropped-cropped-cropped-cropped-3-1.png","contentUrl":"https:\/\/cvinoticias.com\/wp-content\/uploads\/2023\/04\/cropped-cropped-cropped-cropped-cropped-3-1.png","width":95,"height":122,"caption":"CVI NOTICIAS"},"image":{"@id":"https:\/\/cvinoticias.com\/v3\/#\/schema\/logo\/image\/"},"sameAs":["https:\/\/www.facebook.com\/cvinoticias","https:\/\/www.instagram.com\/cvinoticias\/","https:\/\/www.youtube.com\/@CVINOTICIAS"]},{"@type":"Person","@id":"https:\/\/cvinoticias.com\/v3\/#\/schema\/person\/2db77e3c6bc03c538495d7b2b8be9b66","name":"f1000024","image":{"@type":"ImageObject","inLanguage":"es","@id":"https:\/\/secure.gravatar.com\/avatar\/d4fe7459cfc51ff5129ce1a732bbef5928568b8092d412ef95611616376bbeed?s=96&d=mm&r=g","url":"https:\/\/secure.gravatar.com\/avatar\/d4fe7459cfc51ff5129ce1a732bbef5928568b8092d412ef95611616376bbeed?s=96&d=mm&r=g","contentUrl":"https:\/\/secure.gravatar.com\/avatar\/d4fe7459cfc51ff5129ce1a732bbef5928568b8092d412ef95611616376bbeed?s=96&d=mm&r=g","caption":"f1000024"},"url":"https:\/\/cvinoticias.com\/v3\/author\/f1000024\/"}]}},"_links":{"self":[{"href":"https:\/\/cvinoticias.com\/v3\/wp-json\/wp\/v2\/posts\/21370","targetHints":{"allow":["GET"]}}],"collection":[{"href":"https:\/\/cvinoticias.com\/v3\/wp-json\/wp\/v2\/posts"}],"about":[{"href":"https:\/\/cvinoticias.com\/v3\/wp-json\/wp\/v2\/types\/post"}],"author":[{"embeddable":true,"href":"https:\/\/cvinoticias.com\/v3\/wp-json\/wp\/v2\/users\/2"}],"replies":[{"embeddable":true,"href":"https:\/\/cvinoticias.com\/v3\/wp-json\/wp\/v2\/comments?post=21370"}],"version-history":[{"count":1,"href":"https:\/\/cvinoticias.com\/v3\/wp-json\/wp\/v2\/posts\/21370\/revisions"}],"predecessor-version":[{"id":21373,"href":"https:\/\/cvinoticias.com\/v3\/wp-json\/wp\/v2\/posts\/21370\/revisions\/21373"}],"wp:featuredmedia":[{"embeddable":true,"href":"https:\/\/cvinoticias.com\/v3\/wp-json\/wp\/v2\/media\/21372"}],"wp:attachment":[{"href":"https:\/\/cvinoticias.com\/v3\/wp-json\/wp\/v2\/media?parent=21370"}],"wp:term":[{"taxonomy":"category","embeddable":true,"href":"https:\/\/cvinoticias.com\/v3\/wp-json\/wp\/v2\/categories?post=21370"},{"taxonomy":"post_tag","embeddable":true,"href":"https:\/\/cvinoticias.com\/v3\/wp-json\/wp\/v2\/tags?post=21370"}],"curies":[{"name":"wp","href":"https:\/\/api.w.org\/{rel}","templated":true}]}}