{"id":21367,"date":"2022-12-22T11:46:46","date_gmt":"2022-12-22T11:46:46","guid":{"rendered":"https:\/\/cvinoticias.com\/v3\/?p=21367"},"modified":"2022-12-22T11:46:46","modified_gmt":"2022-12-22T11:46:46","slug":"sifilis-en-argentina-vuelven-a-crecer-los-casos-y-la-poblacion-de-15-a-24-anos-representa-el-44","status":"publish","type":"post","link":"https:\/\/cvinoticias.com\/v3\/sifilis-en-argentina-vuelven-a-crecer-los-casos-y-la-poblacion-de-15-a-24-anos-representa-el-44\/","title":{"rendered":"S\u00edfilis en Argentina: vuelven a crecer los casos y la poblaci\u00f3n de 15 a 24 a\u00f1os representa el 44%"},"content":{"rendered":"\n<p><strong><em>Los datos surgen del 39\u00b0 Bolet\u00edn Epidemiol\u00f3gico de la Direcci\u00f3n de Respuesta al VIH, ITS, Hepatitis Virales y Tuberculosis del Ministerio de Salud.<\/em><\/strong><\/p>\n\n\n\n<p>La curva de nuevos casos de s\u00edfilis -una enfermedad de transmisi\u00f3n sexual que si no es tratada a tiempo puede dejar secuelas- registr\u00f3 en la \u00faltima d\u00e9cada un crecimiento sostenido y, si bien tuvo un marcado descenso en 2020 producto de la pandemia, volvi\u00f3 a aumentar en 2021, en tanto que la poblaci\u00f3n de 15 a 24 a\u00f1os concentra casi el 44% de los nuevos reportes.<\/p>\n\n\n\n<p>El documento inform\u00f3 que \u00abdesde 2010, la tasa de incidencia de s\u00edfilis a nivel nacional creci\u00f3 de modo sostenido, muy marcadamente en los \u00faltimos cinco a\u00f1os, hasta su pico de 56,1 personas por cada 100.000 habitantes para ambos sexos en 2019\u00bb.<\/p>\n\n\n\n<p>En 2020 se produjo una ca\u00edda pronunciada con una tasa de 23,3 por cada 100.000 habitantes pero el a\u00f1o pasado comenz\u00f3 a marcarse un ascenso que llev\u00f3 los casos a 26,5 cada 100.000 personas.\u00bb<\/p>\n\n\n\n<p>Las proyecciones de los registros para 2022 permiten suponer que para el pr\u00f3ximo a\u00f1o la tendencia se acercar\u00e1 a los n\u00fameros pre pand\u00e9micos\u00bb, indic\u00f3 el Bolet\u00edn.<\/p>\n\n\n\n<p>Graciela Manzur, jefa de la Divisi\u00f3n de Dermatolog\u00eda del Hospital de Cl\u00ednicas, dijo a T\u00e9lam que esta enfermedad \u00abven\u00eda en aumento sostenido hasta 2019 y en 2020 hubo una ca\u00edda de todas las ITS (infecciones de transmisi\u00f3n sexual)\u00bb, pero este a\u00f1o en su consultorio \u00abhubo 764 personas hasta octubre con s\u00edfilis, lo que representa un 20% de los pacientes atendidos\u00bb.<\/p>\n\n\n\n<p>\u00abLo que pensamos es que el gran descenso de 2020 est\u00e1 m\u00e1s relacionado a una falta de notificaci\u00f3n de los casos que a que hayan bajado tanto realmente, aunque pudo haber una disminuci\u00f3n por las medidas de aislamiento\u00bb, explic\u00f3.<\/p>\n\n\n\n<p>La s\u00edfilis es una enfermedad causada por el treponema pallidum, para la cual hay un tratamiento muy sencillo y casi sin efectos adversos: la penicilina.<\/p>\n\n\n\n<p>Manzur describi\u00f3 que en dermatolog\u00eda suelen referirse a esta enfermedad como la \u00abeterna simuladora\u00bb, ya que se presenta como \u00abuna erosi\u00f3n en la regi\u00f3n genital, en el pene o una ulceraci\u00f3n indolora, que si est\u00e1 en el cuello uterino o en la zona genital de la mujer a veces no se da cuenta\u00bb.<\/p>\n\n\n\n<p>\u00abTambi\u00e9n puede estar en la zona bucal o generar lesiones dermatol\u00f3gicas como manchas rosaditas. Ya cuando aparecen en palmas de las manos y plantas de los pies nos orientan a que puede ser s\u00edfilis\u00bb, describi\u00f3.<\/p>\n\n\n\n<p>La especialista indic\u00f3 que si se trata en forma temprana puede curarse f\u00e1cilmente con tratamiento; pero si pasa a un periodo m\u00e1s tard\u00edo puede dejar secuelas.<\/p>\n\n\n\n<p>En relaci\u00f3n a las etapas, la m\u00e9dica infect\u00f3loga Leda Guzzi dijo que los primeros s\u00edntomas (ulceraciones a nivel de los genitales externos o internos, o en cuello de \u00fatero o ano) \u00abcomo son indoloros pueden pasar desapercibidos por el paciente\u00bb.<\/p>\n\n\n\n<p>\u00abSi no es diagnosticado en esta etapa, el organismo suele resolver solo esa \u00falcera y en un per\u00edodo que oscila entre 45 d\u00edas y 6 meses se avanza a la fase secundaria en donde la bacteria ya tiene una diseminaci\u00f3n generalizada en el organismo\u00bb, describi\u00f3 a T\u00e9lam la integrante de la Sociedad Argentina de Infectolog\u00eda (SADI).<\/p>\n\n\n\n<p>Al respecto, se\u00f1al\u00f3 que en esta etapa lo m\u00e1s caracter\u00edstico es un exantema -un sarpullido con manchas rojas en el tronco y en los miembros-, y lo m\u00e1s caracter\u00edstico es la aparici\u00f3n en palmas y plantas.<\/p>\n\n\n\n<p>\u00abTambi\u00e9n puede haber fiebre, ganglios inflamados, alteraciones en el laboratorio, y la persona puede sentirse muy mal pero hay personas que lo cursan muy leve\u00bb, afirm\u00f3.<\/p>\n\n\n\n<p>Guzzi marc\u00f3 que \u00absi en esta etapa no se hace el diagnostico, la enfermedad se termina autolimitando y puede con el curso de los a\u00f1os pasar a etapas tard\u00edas en las que puede generar dilataci\u00f3n de los vasos (aneurismas), alteraciones card\u00edacas o invasi\u00f3n del sistema nervioso central con la aparici\u00f3n de cuadros de demencia\u00bb.<\/p>\n\n\n\n<p>Uno de los principales problemas mencionado por las dos especialistas es la denominada s\u00edfilis cong\u00e9nita, producto de la transmisi\u00f3n vertical cuando pasa al feto a trav\u00e9s de la madre, en el embarazo, parto o lactancia; y en ese sentido remarcaron la importancia de pedir el estudio de s\u00edfilis a todas las personas gestantes.<\/p>\n\n\n\n<p>El informe epidemiol\u00f3gico del Ministerio report\u00f3 que \u00abdurante 2021 se notificaron 696 casos de s\u00edfilis cong\u00e9nita, una ca\u00edda del 3% respecto de 2020 cuando se hab\u00edan registrado 716\u00bb, por lo que la tasa de nacional de s\u00edfilis cong\u00e9nita se ubica en 1,3 por cada mil nacidos vivos.<\/p>\n\n\n\n<p>\u00abSi esto no es diagnosticado en forma oportuna es una enfermedad muy peligrosa y puede ocasionar desde la muerte fetal hasta cuadros de malformaciones cong\u00e9nitas en los huesos, trastornos neurol\u00f3gicos, en los sentidos\u00bb, detall\u00f3 Guzzi.<\/p>\n\n\n\n<p>Por su parte, Manzur apunt\u00f3 que los s\u00edntomas en el reci\u00e9n nacido son ampollas, lesiones con debilidad cut\u00e1nea, rinitis sanguinolienta que persiste y dolor al tocar los huesos.<\/p>\n\n\n\n<p>Seg\u00fan el Bolet\u00edn, en 2021 se observaron valores de s\u00edfilis particularmente elevados en algunas jurisdicciones como La Pampa (con una tasa de 162,7 casos por 100.000 habitantes), San Luis (88,4) y R\u00edo Negro (46,9).<\/p>\n\n\n\n<p>En cuanto a la distribuci\u00f3n por edad, al igual que en a\u00f1os anteriores son adolescentes y j\u00f3venes varones y mujeres quienes registran la mayor cantidad de casos.<\/p>\n\n\n\n<p>El grupo de 15 a 24 a\u00f1os concentra casi el 44% de los reportes, seguido por los de 25 a 34 a\u00f1os, con 31,4%.<\/p>\n\n\n\n<p>El informe advierte, adem\u00e1s, que los j\u00f3venes son el grupo que tiene mayor incidencia de las infecciones de origen bacteriano: gonorrea, detectada por la secreci\u00f3n genital purulenta, y clamidia, secreci\u00f3n sin especificar.<\/p>\n\n\n\n<p>En el caso de la gonorrea la tasa en 2021 fue de 6,4 casos cada cien mil habitantes; el 41% de los casos notificados son de j\u00f3venes de 15 a 24 a\u00f1os, seguidos por el 29% de 25 a 34 a\u00f1os.<\/p>\n\n\n\n<p>Por el contrario, la notificaci\u00f3n de casos de secreciones sin especificar creci\u00f3 en 2021 sobre 2020 un 8,3% y la tasa se ubica en 11,1 casos por cien mil habitantes.<\/p>\n\n\n\n<p>\u00abLas ITS constituyen un reto importante para la salud p\u00fablica, tienen un impacto directo sobre la salud sexual y reproductiva con infecundidad, c\u00e1ncer, complicaciones en el embarazo e infecciones en reci\u00e9n nacidos\u00bb, indic\u00f3 Manzur.<\/p>\n\n\n\n<p>Seg\u00fan la OMS, se estima que cada d\u00eda m\u00e1s de un mill\u00f3n de personas contraen enfermedades de transmisi\u00f3n sexual y la mayor\u00eda es asintom\u00e1tica.<\/p>\n\n\n\n<p>Para la m\u00e9dica, ese incremento puede estar vinculado a cambios en las conductas sexuales, menor protecci\u00f3n, m\u00e1s parejas, consumos de drogas para tener sexo y un menor temor de adquirir el VIH debido a los tratamientos cada vez mejores que hay para la enfermedad.<\/p>\n\n\n\n<p>En el mismo sentido, Guzzi se\u00f1al\u00f3 que \u00abmuchas ITS est\u00e1n probablemente debido a la p\u00e9rdida del miedo al virus del VIH y una mayor exposici\u00f3n sexual a fuentes m\u00faltiples sin los cuidados que corresponden\u00bb.<\/p>\n\n\n\n<p>\u00abFrente a esto, los profesionales de salud deben ofrecer todas las pruebas de detecci\u00f3n correspondientes y la poblaci\u00f3n tomar conciencia de que existen muchas enfermedades de transmisi\u00f3n sexual que est\u00e1n creciendo\u00bb, concluy\u00f3.<\/p>\n","protected":false},"excerpt":{"rendered":"<p>Los datos surgen del 39\u00b0 Bolet\u00edn Epidemiol\u00f3gico de la Direcci\u00f3n de Respuesta al VIH, ITS, Hepatitis Virales y Tuberculosis del Ministerio de Salud. La curva de nuevos casos de s\u00edfilis -una enfermedad de transmisi\u00f3n sexual que si no es tratada a tiempo puede dejar secuelas- registr\u00f3 en la \u00faltima d\u00e9cada un crecimiento sostenido y, si [&hellip;]<\/p>\n","protected":false},"author":2,"featured_media":21368,"comment_status":"open","ping_status":"open","sticky":false,"template":"","format":"standard","meta":{"footnotes":""},"categories":[22],"tags":[],"class_list":["post-21367","post","type-post","status-publish","format-standard","has-post-thumbnail","hentry","category-salud"],"yoast_head":"<!-- This site is optimized with the Yoast SEO plugin v27.5 - https:\/\/yoast.com\/product\/yoast-seo-wordpress\/ -->\n<title>S\u00edfilis en Argentina: vuelven a crecer los casos y la poblaci\u00f3n de 15 a 24 a\u00f1os representa el 44% | CVI NOTICIAS<\/title>\n<meta name=\"robots\" content=\"index, follow, max-snippet:-1, max-image-preview:large, max-video-preview:-1\" \/>\n<link rel=\"canonical\" href=\"https:\/\/cvinoticias.com\/v3\/sifilis-en-argentina-vuelven-a-crecer-los-casos-y-la-poblacion-de-15-a-24-anos-representa-el-44\/\" \/>\n<meta property=\"og:locale\" content=\"es_ES\" \/>\n<meta property=\"og:type\" content=\"article\" \/>\n<meta property=\"og:title\" content=\"S\u00edfilis en Argentina: vuelven a crecer los casos y la poblaci\u00f3n de 15 a 24 a\u00f1os representa el 44% | CVI NOTICIAS\" \/>\n<meta property=\"og:description\" content=\"Los datos surgen del 39\u00b0 Bolet\u00edn Epidemiol\u00f3gico de la Direcci\u00f3n de Respuesta al VIH, ITS, Hepatitis Virales y Tuberculosis del Ministerio de Salud. La curva de nuevos casos de s\u00edfilis -una enfermedad de transmisi\u00f3n sexual que si no es tratada a tiempo puede dejar secuelas- registr\u00f3 en la \u00faltima d\u00e9cada un crecimiento sostenido y, si [&hellip;]\" \/>\n<meta property=\"og:url\" content=\"https:\/\/cvinoticias.com\/v3\/sifilis-en-argentina-vuelven-a-crecer-los-casos-y-la-poblacion-de-15-a-24-anos-representa-el-44\/\" \/>\n<meta property=\"og:site_name\" content=\"CVI NOTICIAS\" \/>\n<meta property=\"article:publisher\" content=\"https:\/\/www.facebook.com\/cvinoticias\" \/>\n<meta property=\"article:published_time\" content=\"2022-12-22T11:46:46+00:00\" \/>\n<meta property=\"og:image\" content=\"https:\/\/cvinoticias.com\/wp-content\/uploads\/2022\/12\/Screenshot_20221222-084559_Facebook.jpg\" \/>\n\t<meta property=\"og:image:width\" content=\"1080\" \/>\n\t<meta property=\"og:image:height\" content=\"600\" \/>\n\t<meta property=\"og:image:type\" content=\"image\/jpeg\" \/>\n<meta name=\"author\" content=\"f1000024\" \/>\n<meta name=\"twitter:card\" content=\"summary_large_image\" \/>\n<meta name=\"twitter:label1\" content=\"Escrito por\" \/>\n\t<meta name=\"twitter:data1\" content=\"f1000024\" \/>\n\t<meta name=\"twitter:label2\" content=\"Tiempo de lectura\" \/>\n\t<meta name=\"twitter:data2\" content=\"6 minutos\" \/>\n<script type=\"application\/ld+json\" class=\"yoast-schema-graph\">{\"@context\":\"https:\\\/\\\/schema.org\",\"@graph\":[{\"@type\":\"Article\",\"@id\":\"https:\\\/\\\/cvinoticias.com\\\/v3\\\/sifilis-en-argentina-vuelven-a-crecer-los-casos-y-la-poblacion-de-15-a-24-anos-representa-el-44\\\/#article\",\"isPartOf\":{\"@id\":\"https:\\\/\\\/cvinoticias.com\\\/v3\\\/sifilis-en-argentina-vuelven-a-crecer-los-casos-y-la-poblacion-de-15-a-24-anos-representa-el-44\\\/\"},\"author\":{\"name\":\"f1000024\",\"@id\":\"https:\\\/\\\/cvinoticias.com\\\/v3\\\/#\\\/schema\\\/person\\\/2db77e3c6bc03c538495d7b2b8be9b66\"},\"headline\":\"S\u00edfilis en Argentina: vuelven a crecer los casos y la poblaci\u00f3n de 15 a 24 a\u00f1os representa el 44%\",\"datePublished\":\"2022-12-22T11:46:46+00:00\",\"mainEntityOfPage\":{\"@id\":\"https:\\\/\\\/cvinoticias.com\\\/v3\\\/sifilis-en-argentina-vuelven-a-crecer-los-casos-y-la-poblacion-de-15-a-24-anos-representa-el-44\\\/\"},\"wordCount\":1244,\"commentCount\":0,\"publisher\":{\"@id\":\"https:\\\/\\\/cvinoticias.com\\\/v3\\\/#organization\"},\"image\":{\"@id\":\"https:\\\/\\\/cvinoticias.com\\\/v3\\\/sifilis-en-argentina-vuelven-a-crecer-los-casos-y-la-poblacion-de-15-a-24-anos-representa-el-44\\\/#primaryimage\"},\"thumbnailUrl\":\"https:\\\/\\\/cvinoticias.com\\\/wp-content\\\/uploads\\\/2022\\\/12\\\/Screenshot_20221222-084559_Facebook.jpg\",\"articleSection\":[\"Salud\"],\"inLanguage\":\"es\",\"potentialAction\":[{\"@type\":\"CommentAction\",\"name\":\"Comment\",\"target\":[\"https:\\\/\\\/cvinoticias.com\\\/v3\\\/sifilis-en-argentina-vuelven-a-crecer-los-casos-y-la-poblacion-de-15-a-24-anos-representa-el-44\\\/#respond\"]}]},{\"@type\":\"WebPage\",\"@id\":\"https:\\\/\\\/cvinoticias.com\\\/v3\\\/sifilis-en-argentina-vuelven-a-crecer-los-casos-y-la-poblacion-de-15-a-24-anos-representa-el-44\\\/\",\"url\":\"https:\\\/\\\/cvinoticias.com\\\/v3\\\/sifilis-en-argentina-vuelven-a-crecer-los-casos-y-la-poblacion-de-15-a-24-anos-representa-el-44\\\/\",\"name\":\"S\u00edfilis en Argentina: vuelven a crecer los casos y la poblaci\u00f3n de 15 a 24 a\u00f1os representa el 44% | CVI NOTICIAS\",\"isPartOf\":{\"@id\":\"https:\\\/\\\/cvinoticias.com\\\/v3\\\/#website\"},\"primaryImageOfPage\":{\"@id\":\"https:\\\/\\\/cvinoticias.com\\\/v3\\\/sifilis-en-argentina-vuelven-a-crecer-los-casos-y-la-poblacion-de-15-a-24-anos-representa-el-44\\\/#primaryimage\"},\"image\":{\"@id\":\"https:\\\/\\\/cvinoticias.com\\\/v3\\\/sifilis-en-argentina-vuelven-a-crecer-los-casos-y-la-poblacion-de-15-a-24-anos-representa-el-44\\\/#primaryimage\"},\"thumbnailUrl\":\"https:\\\/\\\/cvinoticias.com\\\/wp-content\\\/uploads\\\/2022\\\/12\\\/Screenshot_20221222-084559_Facebook.jpg\",\"datePublished\":\"2022-12-22T11:46:46+00:00\",\"breadcrumb\":{\"@id\":\"https:\\\/\\\/cvinoticias.com\\\/v3\\\/sifilis-en-argentina-vuelven-a-crecer-los-casos-y-la-poblacion-de-15-a-24-anos-representa-el-44\\\/#breadcrumb\"},\"inLanguage\":\"es\",\"potentialAction\":[{\"@type\":\"ReadAction\",\"target\":[\"https:\\\/\\\/cvinoticias.com\\\/v3\\\/sifilis-en-argentina-vuelven-a-crecer-los-casos-y-la-poblacion-de-15-a-24-anos-representa-el-44\\\/\"]}]},{\"@type\":\"ImageObject\",\"inLanguage\":\"es\",\"@id\":\"https:\\\/\\\/cvinoticias.com\\\/v3\\\/sifilis-en-argentina-vuelven-a-crecer-los-casos-y-la-poblacion-de-15-a-24-anos-representa-el-44\\\/#primaryimage\",\"url\":\"https:\\\/\\\/cvinoticias.com\\\/wp-content\\\/uploads\\\/2022\\\/12\\\/Screenshot_20221222-084559_Facebook.jpg\",\"contentUrl\":\"https:\\\/\\\/cvinoticias.com\\\/wp-content\\\/uploads\\\/2022\\\/12\\\/Screenshot_20221222-084559_Facebook.jpg\",\"width\":1080,\"height\":600},{\"@type\":\"BreadcrumbList\",\"@id\":\"https:\\\/\\\/cvinoticias.com\\\/v3\\\/sifilis-en-argentina-vuelven-a-crecer-los-casos-y-la-poblacion-de-15-a-24-anos-representa-el-44\\\/#breadcrumb\",\"itemListElement\":[{\"@type\":\"ListItem\",\"position\":1,\"name\":\"Portada\",\"item\":\"https:\\\/\\\/cvinoticias.com\\\/v3\\\/\"},{\"@type\":\"ListItem\",\"position\":2,\"name\":\"S\u00edfilis en Argentina: vuelven a crecer los casos y la poblaci\u00f3n de 15 a 24 a\u00f1os representa el 44%\"}]},{\"@type\":\"WebSite\",\"@id\":\"https:\\\/\\\/cvinoticias.com\\\/v3\\\/#website\",\"url\":\"https:\\\/\\\/cvinoticias.com\\\/v3\\\/\",\"name\":\"CVI NOTICIAS\",\"description\":\"\",\"publisher\":{\"@id\":\"https:\\\/\\\/cvinoticias.com\\\/v3\\\/#organization\"},\"alternateName\":\"CVI\",\"potentialAction\":[{\"@type\":\"SearchAction\",\"target\":{\"@type\":\"EntryPoint\",\"urlTemplate\":\"https:\\\/\\\/cvinoticias.com\\\/v3\\\/?s={search_term_string}\"},\"query-input\":{\"@type\":\"PropertyValueSpecification\",\"valueRequired\":true,\"valueName\":\"search_term_string\"}}],\"inLanguage\":\"es\"},{\"@type\":\"Organization\",\"@id\":\"https:\\\/\\\/cvinoticias.com\\\/v3\\\/#organization\",\"name\":\"CVI NOTICIAS\",\"url\":\"https:\\\/\\\/cvinoticias.com\\\/v3\\\/\",\"logo\":{\"@type\":\"ImageObject\",\"inLanguage\":\"es\",\"@id\":\"https:\\\/\\\/cvinoticias.com\\\/v3\\\/#\\\/schema\\\/logo\\\/image\\\/\",\"url\":\"https:\\\/\\\/cvinoticias.com\\\/wp-content\\\/uploads\\\/2023\\\/04\\\/cropped-cropped-cropped-cropped-cropped-3-1.png\",\"contentUrl\":\"https:\\\/\\\/cvinoticias.com\\\/wp-content\\\/uploads\\\/2023\\\/04\\\/cropped-cropped-cropped-cropped-cropped-3-1.png\",\"width\":95,\"height\":122,\"caption\":\"CVI NOTICIAS\"},\"image\":{\"@id\":\"https:\\\/\\\/cvinoticias.com\\\/v3\\\/#\\\/schema\\\/logo\\\/image\\\/\"},\"sameAs\":[\"https:\\\/\\\/www.facebook.com\\\/cvinoticias\",\"https:\\\/\\\/www.instagram.com\\\/cvinoticias\\\/\",\"https:\\\/\\\/www.youtube.com\\\/@CVINOTICIAS\"]},{\"@type\":\"Person\",\"@id\":\"https:\\\/\\\/cvinoticias.com\\\/v3\\\/#\\\/schema\\\/person\\\/2db77e3c6bc03c538495d7b2b8be9b66\",\"name\":\"f1000024\",\"image\":{\"@type\":\"ImageObject\",\"inLanguage\":\"es\",\"@id\":\"https:\\\/\\\/secure.gravatar.com\\\/avatar\\\/d4fe7459cfc51ff5129ce1a732bbef5928568b8092d412ef95611616376bbeed?s=96&d=mm&r=g\",\"url\":\"https:\\\/\\\/secure.gravatar.com\\\/avatar\\\/d4fe7459cfc51ff5129ce1a732bbef5928568b8092d412ef95611616376bbeed?s=96&d=mm&r=g\",\"contentUrl\":\"https:\\\/\\\/secure.gravatar.com\\\/avatar\\\/d4fe7459cfc51ff5129ce1a732bbef5928568b8092d412ef95611616376bbeed?s=96&d=mm&r=g\",\"caption\":\"f1000024\"},\"url\":\"https:\\\/\\\/cvinoticias.com\\\/v3\\\/author\\\/f1000024\\\/\"}]}<\/script>\n<!-- \/ Yoast SEO plugin. -->","yoast_head_json":{"title":"S\u00edfilis en Argentina: vuelven a crecer los casos y la poblaci\u00f3n de 15 a 24 a\u00f1os representa el 44% | CVI NOTICIAS","robots":{"index":"index","follow":"follow","max-snippet":"max-snippet:-1","max-image-preview":"max-image-preview:large","max-video-preview":"max-video-preview:-1"},"canonical":"https:\/\/cvinoticias.com\/v3\/sifilis-en-argentina-vuelven-a-crecer-los-casos-y-la-poblacion-de-15-a-24-anos-representa-el-44\/","og_locale":"es_ES","og_type":"article","og_title":"S\u00edfilis en Argentina: vuelven a crecer los casos y la poblaci\u00f3n de 15 a 24 a\u00f1os representa el 44% | CVI NOTICIAS","og_description":"Los datos surgen del 39\u00b0 Bolet\u00edn Epidemiol\u00f3gico de la Direcci\u00f3n de Respuesta al VIH, ITS, Hepatitis Virales y Tuberculosis del Ministerio de Salud. La curva de nuevos casos de s\u00edfilis -una enfermedad de transmisi\u00f3n sexual que si no es tratada a tiempo puede dejar secuelas- registr\u00f3 en la \u00faltima d\u00e9cada un crecimiento sostenido y, si [&hellip;]","og_url":"https:\/\/cvinoticias.com\/v3\/sifilis-en-argentina-vuelven-a-crecer-los-casos-y-la-poblacion-de-15-a-24-anos-representa-el-44\/","og_site_name":"CVI NOTICIAS","article_publisher":"https:\/\/www.facebook.com\/cvinoticias","article_published_time":"2022-12-22T11:46:46+00:00","og_image":[{"width":1080,"height":600,"url":"https:\/\/cvinoticias.com\/wp-content\/uploads\/2022\/12\/Screenshot_20221222-084559_Facebook.jpg","type":"image\/jpeg"}],"author":"f1000024","twitter_card":"summary_large_image","twitter_misc":{"Escrito por":"f1000024","Tiempo de lectura":"6 minutos"},"schema":{"@context":"https:\/\/schema.org","@graph":[{"@type":"Article","@id":"https:\/\/cvinoticias.com\/v3\/sifilis-en-argentina-vuelven-a-crecer-los-casos-y-la-poblacion-de-15-a-24-anos-representa-el-44\/#article","isPartOf":{"@id":"https:\/\/cvinoticias.com\/v3\/sifilis-en-argentina-vuelven-a-crecer-los-casos-y-la-poblacion-de-15-a-24-anos-representa-el-44\/"},"author":{"name":"f1000024","@id":"https:\/\/cvinoticias.com\/v3\/#\/schema\/person\/2db77e3c6bc03c538495d7b2b8be9b66"},"headline":"S\u00edfilis en Argentina: vuelven a crecer los casos y la poblaci\u00f3n de 15 a 24 a\u00f1os representa el 44%","datePublished":"2022-12-22T11:46:46+00:00","mainEntityOfPage":{"@id":"https:\/\/cvinoticias.com\/v3\/sifilis-en-argentina-vuelven-a-crecer-los-casos-y-la-poblacion-de-15-a-24-anos-representa-el-44\/"},"wordCount":1244,"commentCount":0,"publisher":{"@id":"https:\/\/cvinoticias.com\/v3\/#organization"},"image":{"@id":"https:\/\/cvinoticias.com\/v3\/sifilis-en-argentina-vuelven-a-crecer-los-casos-y-la-poblacion-de-15-a-24-anos-representa-el-44\/#primaryimage"},"thumbnailUrl":"https:\/\/cvinoticias.com\/wp-content\/uploads\/2022\/12\/Screenshot_20221222-084559_Facebook.jpg","articleSection":["Salud"],"inLanguage":"es","potentialAction":[{"@type":"CommentAction","name":"Comment","target":["https:\/\/cvinoticias.com\/v3\/sifilis-en-argentina-vuelven-a-crecer-los-casos-y-la-poblacion-de-15-a-24-anos-representa-el-44\/#respond"]}]},{"@type":"WebPage","@id":"https:\/\/cvinoticias.com\/v3\/sifilis-en-argentina-vuelven-a-crecer-los-casos-y-la-poblacion-de-15-a-24-anos-representa-el-44\/","url":"https:\/\/cvinoticias.com\/v3\/sifilis-en-argentina-vuelven-a-crecer-los-casos-y-la-poblacion-de-15-a-24-anos-representa-el-44\/","name":"S\u00edfilis en Argentina: vuelven a crecer los casos y la poblaci\u00f3n de 15 a 24 a\u00f1os representa el 44% | CVI NOTICIAS","isPartOf":{"@id":"https:\/\/cvinoticias.com\/v3\/#website"},"primaryImageOfPage":{"@id":"https:\/\/cvinoticias.com\/v3\/sifilis-en-argentina-vuelven-a-crecer-los-casos-y-la-poblacion-de-15-a-24-anos-representa-el-44\/#primaryimage"},"image":{"@id":"https:\/\/cvinoticias.com\/v3\/sifilis-en-argentina-vuelven-a-crecer-los-casos-y-la-poblacion-de-15-a-24-anos-representa-el-44\/#primaryimage"},"thumbnailUrl":"https:\/\/cvinoticias.com\/wp-content\/uploads\/2022\/12\/Screenshot_20221222-084559_Facebook.jpg","datePublished":"2022-12-22T11:46:46+00:00","breadcrumb":{"@id":"https:\/\/cvinoticias.com\/v3\/sifilis-en-argentina-vuelven-a-crecer-los-casos-y-la-poblacion-de-15-a-24-anos-representa-el-44\/#breadcrumb"},"inLanguage":"es","potentialAction":[{"@type":"ReadAction","target":["https:\/\/cvinoticias.com\/v3\/sifilis-en-argentina-vuelven-a-crecer-los-casos-y-la-poblacion-de-15-a-24-anos-representa-el-44\/"]}]},{"@type":"ImageObject","inLanguage":"es","@id":"https:\/\/cvinoticias.com\/v3\/sifilis-en-argentina-vuelven-a-crecer-los-casos-y-la-poblacion-de-15-a-24-anos-representa-el-44\/#primaryimage","url":"https:\/\/cvinoticias.com\/wp-content\/uploads\/2022\/12\/Screenshot_20221222-084559_Facebook.jpg","contentUrl":"https:\/\/cvinoticias.com\/wp-content\/uploads\/2022\/12\/Screenshot_20221222-084559_Facebook.jpg","width":1080,"height":600},{"@type":"BreadcrumbList","@id":"https:\/\/cvinoticias.com\/v3\/sifilis-en-argentina-vuelven-a-crecer-los-casos-y-la-poblacion-de-15-a-24-anos-representa-el-44\/#breadcrumb","itemListElement":[{"@type":"ListItem","position":1,"name":"Portada","item":"https:\/\/cvinoticias.com\/v3\/"},{"@type":"ListItem","position":2,"name":"S\u00edfilis en Argentina: vuelven a crecer los casos y la poblaci\u00f3n de 15 a 24 a\u00f1os representa el 44%"}]},{"@type":"WebSite","@id":"https:\/\/cvinoticias.com\/v3\/#website","url":"https:\/\/cvinoticias.com\/v3\/","name":"CVI NOTICIAS","description":"","publisher":{"@id":"https:\/\/cvinoticias.com\/v3\/#organization"},"alternateName":"CVI","potentialAction":[{"@type":"SearchAction","target":{"@type":"EntryPoint","urlTemplate":"https:\/\/cvinoticias.com\/v3\/?s={search_term_string}"},"query-input":{"@type":"PropertyValueSpecification","valueRequired":true,"valueName":"search_term_string"}}],"inLanguage":"es"},{"@type":"Organization","@id":"https:\/\/cvinoticias.com\/v3\/#organization","name":"CVI NOTICIAS","url":"https:\/\/cvinoticias.com\/v3\/","logo":{"@type":"ImageObject","inLanguage":"es","@id":"https:\/\/cvinoticias.com\/v3\/#\/schema\/logo\/image\/","url":"https:\/\/cvinoticias.com\/wp-content\/uploads\/2023\/04\/cropped-cropped-cropped-cropped-cropped-3-1.png","contentUrl":"https:\/\/cvinoticias.com\/wp-content\/uploads\/2023\/04\/cropped-cropped-cropped-cropped-cropped-3-1.png","width":95,"height":122,"caption":"CVI NOTICIAS"},"image":{"@id":"https:\/\/cvinoticias.com\/v3\/#\/schema\/logo\/image\/"},"sameAs":["https:\/\/www.facebook.com\/cvinoticias","https:\/\/www.instagram.com\/cvinoticias\/","https:\/\/www.youtube.com\/@CVINOTICIAS"]},{"@type":"Person","@id":"https:\/\/cvinoticias.com\/v3\/#\/schema\/person\/2db77e3c6bc03c538495d7b2b8be9b66","name":"f1000024","image":{"@type":"ImageObject","inLanguage":"es","@id":"https:\/\/secure.gravatar.com\/avatar\/d4fe7459cfc51ff5129ce1a732bbef5928568b8092d412ef95611616376bbeed?s=96&d=mm&r=g","url":"https:\/\/secure.gravatar.com\/avatar\/d4fe7459cfc51ff5129ce1a732bbef5928568b8092d412ef95611616376bbeed?s=96&d=mm&r=g","contentUrl":"https:\/\/secure.gravatar.com\/avatar\/d4fe7459cfc51ff5129ce1a732bbef5928568b8092d412ef95611616376bbeed?s=96&d=mm&r=g","caption":"f1000024"},"url":"https:\/\/cvinoticias.com\/v3\/author\/f1000024\/"}]}},"_links":{"self":[{"href":"https:\/\/cvinoticias.com\/v3\/wp-json\/wp\/v2\/posts\/21367","targetHints":{"allow":["GET"]}}],"collection":[{"href":"https:\/\/cvinoticias.com\/v3\/wp-json\/wp\/v2\/posts"}],"about":[{"href":"https:\/\/cvinoticias.com\/v3\/wp-json\/wp\/v2\/types\/post"}],"author":[{"embeddable":true,"href":"https:\/\/cvinoticias.com\/v3\/wp-json\/wp\/v2\/users\/2"}],"replies":[{"embeddable":true,"href":"https:\/\/cvinoticias.com\/v3\/wp-json\/wp\/v2\/comments?post=21367"}],"version-history":[{"count":1,"href":"https:\/\/cvinoticias.com\/v3\/wp-json\/wp\/v2\/posts\/21367\/revisions"}],"predecessor-version":[{"id":21369,"href":"https:\/\/cvinoticias.com\/v3\/wp-json\/wp\/v2\/posts\/21367\/revisions\/21369"}],"wp:featuredmedia":[{"embeddable":true,"href":"https:\/\/cvinoticias.com\/v3\/wp-json\/wp\/v2\/media\/21368"}],"wp:attachment":[{"href":"https:\/\/cvinoticias.com\/v3\/wp-json\/wp\/v2\/media?parent=21367"}],"wp:term":[{"taxonomy":"category","embeddable":true,"href":"https:\/\/cvinoticias.com\/v3\/wp-json\/wp\/v2\/categories?post=21367"},{"taxonomy":"post_tag","embeddable":true,"href":"https:\/\/cvinoticias.com\/v3\/wp-json\/wp\/v2\/tags?post=21367"}],"curies":[{"name":"wp","href":"https:\/\/api.w.org\/{rel}","templated":true}]}}