{"id":2136,"date":"2021-01-27T22:09:21","date_gmt":"2021-01-27T22:09:21","guid":{"rendered":"https:\/\/cvinoticias.com\/v3\/?p=2136"},"modified":"2021-01-27T22:09:21","modified_gmt":"2021-01-27T22:09:21","slug":"la-red-de-laboratorios-del-malbran-trabajara-en-conjunto-con-la-unam","status":"publish","type":"post","link":"https:\/\/cvinoticias.com\/v3\/la-red-de-laboratorios-del-malbran-trabajara-en-conjunto-con-la-unam\/","title":{"rendered":"La red de laboratorios del Malbran trabajar\u00e1 en conjunto con la UNaM"},"content":{"rendered":"\n<p><strong><em>Con el fin de desarrollar el potencial de investigaci\u00f3n de enfermedades emergentes y end\u00e9micas y dar respuestas a las demandas de salud de cada zona del pa\u00eds, se llev\u00f3 a cabo esta ma\u00f1ana la firma de un convenio entre la Universidad Nacional de Misiones y la Administraci\u00f3n Nacional de Laboratorios e Institutos de Salud \u201cDr. Carlos G. Malbr\u00e1n\u201d (ANLIS).<\/em><\/strong><\/p>\n\n\n\n<p>Fueron los titulares de ambas instituciones: Alicia Bohren, por la UNaM; y el doctor Pascual Fidelio, por la ANLIS; los encargados de suscribir el acuerdo y estuvieron acompa\u00f1ados por el vicerrector, Fernando Kramer; los doctores Jos\u00e9 Guccione y Dardo Mart\u00ed y los secretarios generales de Ciencia y Tecnologia, Pedro Zapata y de Extensi\u00f3n, Hern\u00e1n Cazzaniga.<\/p>\n\n\n\n<p>Durante la reuni\u00f3n la rectora de la UNaM destac\u00f3 la importancia de sumar capacidades para investigar y trabajar de manera conjunta y puedan sumarse a futuro otros\/as investigadores a nuestros laboratorio de base. \u201cSe trata de una apuesta a la salud, la ciencia y la educaci\u00f3n\u201d, destac\u00f3.<\/p>\n\n\n\n<p>Por su parte el doctor Fidelio se\u00f1al\u00f3 que es objetivo de esta gesti\u00f3n del Ministerio de Salud de la Naci\u00f3n darle protagonismo nuevamente a ANLIS-Malbran con toda su capacidad productiva y ampliar el espectro de trabajo a todas las regiones del pa\u00eds.<\/p>\n\n\n\n<p>Seg\u00fan explic\u00f3 Zapata \u201ca partir de este acuerdo se formalizar\u00e1n una serie actividades conjuntas que ya se est\u00e1n llevando a cabo y permitir\u00e1 por ejemplo la acreditaci\u00f3n del laboratorio que analizar\u00e1 enfermedades emergentes y end\u00e9micas, a que se van a desarrollar en Iguaz\u00fa a trav\u00e9s del INMET y el instituto de doble dependencia con el CONICET que la UNaM tiene en esa ciudad del norte misionero, IBS (Instituto de Biolog\u00eda Subtropical)\u201d.<\/p>\n\n\n\n<p>M\u00e1s detalles<\/p>\n\n\n\n<p>ANLIS \u2013 Malbran es un organismo p\u00fablico descentralizado que nuclea a 13 institutos y centros de trabajo distribuidos en Salta, Misiones, Santa F\u00e9, Pergamino, Mar del Plata y los restantes en CABA, Ciudad Aut\u00f3noma de Buenos Aires.<\/p>\n\n\n\n<figure class=\"wp-block-image size-large\"><a href=\"https:\/\/cvinoticias.com\/wp-content\/uploads\/2021\/01\/FB_IMG_1611785050504.jpg\"><img decoding=\"async\" width=\"960\" height=\"720\" data-src=\"https:\/\/cvinoticias.com\/wp-content\/uploads\/2021\/01\/FB_IMG_1611785050504.jpg\" alt=\"\" class=\"wp-image-2138 lazyload\" data-srcset=\"https:\/\/cvinoticias.com\/wp-content\/uploads\/2021\/01\/FB_IMG_1611785050504.jpg 960w, https:\/\/cvinoticias.com\/wp-content\/uploads\/2021\/01\/FB_IMG_1611785050504-300x225.jpg 300w, https:\/\/cvinoticias.com\/wp-content\/uploads\/2021\/01\/FB_IMG_1611785050504-768x576.jpg 768w\" data-sizes=\"(max-width: 960px) 100vw, 960px\" src=\"data:image\/svg+xml;base64,PHN2ZyB3aWR0aD0iMSIgaGVpZ2h0PSIxIiB4bWxucz0iaHR0cDovL3d3dy53My5vcmcvMjAwMC9zdmciPjwvc3ZnPg==\" style=\"--smush-placeholder-width: 960px; --smush-placeholder-aspect-ratio: 960\/720;\" \/><\/a><\/figure>\n","protected":false},"excerpt":{"rendered":"<p>Con el fin de desarrollar el potencial de investigaci\u00f3n de enfermedades emergentes y end\u00e9micas y dar respuestas a las demandas de salud de cada zona del pa\u00eds, se llev\u00f3 a cabo esta ma\u00f1ana la firma de un convenio entre la Universidad Nacional de Misiones y la Administraci\u00f3n Nacional de Laboratorios e Institutos de Salud \u201cDr. [&hellip;]<\/p>\n","protected":false},"author":2,"featured_media":2137,"comment_status":"open","ping_status":"open","sticky":false,"template":"","format":"standard","meta":{"footnotes":""},"categories":[35],"tags":[],"class_list":["post-2136","post","type-post","status-publish","format-standard","has-post-thumbnail","hentry","category-informacion-general"],"yoast_head":"<!-- This site is optimized with the Yoast SEO plugin v27.4 - https:\/\/yoast.com\/product\/yoast-seo-wordpress\/ -->\n<title>La red de laboratorios del Malbran trabajar\u00e1 en conjunto con la UNaM | CVI NOTICIAS<\/title>\n<meta name=\"robots\" content=\"index, follow, max-snippet:-1, max-image-preview:large, max-video-preview:-1\" \/>\n<link rel=\"canonical\" href=\"https:\/\/cvinoticias.com\/v3\/la-red-de-laboratorios-del-malbran-trabajara-en-conjunto-con-la-unam\/\" \/>\n<meta property=\"og:locale\" content=\"es_ES\" \/>\n<meta property=\"og:type\" content=\"article\" \/>\n<meta property=\"og:title\" content=\"La red de laboratorios del Malbran trabajar\u00e1 en conjunto con la UNaM | CVI NOTICIAS\" \/>\n<meta property=\"og:description\" content=\"Con el fin de desarrollar el potencial de investigaci\u00f3n de enfermedades emergentes y end\u00e9micas y dar respuestas a las demandas de salud de cada zona del pa\u00eds, se llev\u00f3 a cabo esta ma\u00f1ana la firma de un convenio entre la Universidad Nacional de Misiones y la Administraci\u00f3n Nacional de Laboratorios e Institutos de Salud \u201cDr. [&hellip;]\" \/>\n<meta property=\"og:url\" content=\"https:\/\/cvinoticias.com\/v3\/la-red-de-laboratorios-del-malbran-trabajara-en-conjunto-con-la-unam\/\" \/>\n<meta property=\"og:site_name\" content=\"CVI NOTICIAS\" \/>\n<meta property=\"article:publisher\" content=\"https:\/\/www.facebook.com\/cvinoticias\" \/>\n<meta property=\"article:published_time\" content=\"2021-01-27T22:09:21+00:00\" \/>\n<meta property=\"og:image\" content=\"https:\/\/cvinoticias.com\/wp-content\/uploads\/2021\/01\/FB_IMG_1611785047726.jpg\" \/>\n\t<meta property=\"og:image:width\" content=\"960\" \/>\n\t<meta property=\"og:image:height\" content=\"720\" \/>\n\t<meta property=\"og:image:type\" content=\"image\/jpeg\" \/>\n<meta name=\"author\" content=\"f1000024\" \/>\n<meta name=\"twitter:card\" content=\"summary_large_image\" \/>\n<meta name=\"twitter:label1\" content=\"Escrito por\" \/>\n\t<meta name=\"twitter:data1\" content=\"f1000024\" \/>\n\t<meta name=\"twitter:label2\" content=\"Tiempo de lectura\" \/>\n\t<meta name=\"twitter:data2\" content=\"2 minutos\" \/>\n<script type=\"application\/ld+json\" class=\"yoast-schema-graph\">{\"@context\":\"https:\\\/\\\/schema.org\",\"@graph\":[{\"@type\":\"Article\",\"@id\":\"https:\\\/\\\/cvinoticias.com\\\/v3\\\/la-red-de-laboratorios-del-malbran-trabajara-en-conjunto-con-la-unam\\\/#article\",\"isPartOf\":{\"@id\":\"https:\\\/\\\/cvinoticias.com\\\/v3\\\/la-red-de-laboratorios-del-malbran-trabajara-en-conjunto-con-la-unam\\\/\"},\"author\":{\"name\":\"f1000024\",\"@id\":\"https:\\\/\\\/cvinoticias.com\\\/v3\\\/#\\\/schema\\\/person\\\/2db77e3c6bc03c538495d7b2b8be9b66\"},\"headline\":\"La red de laboratorios del Malbran trabajar\u00e1 en conjunto con la UNaM\",\"datePublished\":\"2021-01-27T22:09:21+00:00\",\"mainEntityOfPage\":{\"@id\":\"https:\\\/\\\/cvinoticias.com\\\/v3\\\/la-red-de-laboratorios-del-malbran-trabajara-en-conjunto-con-la-unam\\\/\"},\"wordCount\":349,\"commentCount\":0,\"publisher\":{\"@id\":\"https:\\\/\\\/cvinoticias.com\\\/v3\\\/#organization\"},\"image\":{\"@id\":\"https:\\\/\\\/cvinoticias.com\\\/v3\\\/la-red-de-laboratorios-del-malbran-trabajara-en-conjunto-con-la-unam\\\/#primaryimage\"},\"thumbnailUrl\":\"https:\\\/\\\/cvinoticias.com\\\/wp-content\\\/uploads\\\/2021\\\/01\\\/FB_IMG_1611785047726.jpg\",\"articleSection\":[\"Informaci\u00f3n General\"],\"inLanguage\":\"es\",\"potentialAction\":[{\"@type\":\"CommentAction\",\"name\":\"Comment\",\"target\":[\"https:\\\/\\\/cvinoticias.com\\\/v3\\\/la-red-de-laboratorios-del-malbran-trabajara-en-conjunto-con-la-unam\\\/#respond\"]}]},{\"@type\":\"WebPage\",\"@id\":\"https:\\\/\\\/cvinoticias.com\\\/v3\\\/la-red-de-laboratorios-del-malbran-trabajara-en-conjunto-con-la-unam\\\/\",\"url\":\"https:\\\/\\\/cvinoticias.com\\\/v3\\\/la-red-de-laboratorios-del-malbran-trabajara-en-conjunto-con-la-unam\\\/\",\"name\":\"La red de laboratorios del Malbran trabajar\u00e1 en conjunto con la UNaM | CVI NOTICIAS\",\"isPartOf\":{\"@id\":\"https:\\\/\\\/cvinoticias.com\\\/v3\\\/#website\"},\"primaryImageOfPage\":{\"@id\":\"https:\\\/\\\/cvinoticias.com\\\/v3\\\/la-red-de-laboratorios-del-malbran-trabajara-en-conjunto-con-la-unam\\\/#primaryimage\"},\"image\":{\"@id\":\"https:\\\/\\\/cvinoticias.com\\\/v3\\\/la-red-de-laboratorios-del-malbran-trabajara-en-conjunto-con-la-unam\\\/#primaryimage\"},\"thumbnailUrl\":\"https:\\\/\\\/cvinoticias.com\\\/wp-content\\\/uploads\\\/2021\\\/01\\\/FB_IMG_1611785047726.jpg\",\"datePublished\":\"2021-01-27T22:09:21+00:00\",\"breadcrumb\":{\"@id\":\"https:\\\/\\\/cvinoticias.com\\\/v3\\\/la-red-de-laboratorios-del-malbran-trabajara-en-conjunto-con-la-unam\\\/#breadcrumb\"},\"inLanguage\":\"es\",\"potentialAction\":[{\"@type\":\"ReadAction\",\"target\":[\"https:\\\/\\\/cvinoticias.com\\\/v3\\\/la-red-de-laboratorios-del-malbran-trabajara-en-conjunto-con-la-unam\\\/\"]}]},{\"@type\":\"ImageObject\",\"inLanguage\":\"es\",\"@id\":\"https:\\\/\\\/cvinoticias.com\\\/v3\\\/la-red-de-laboratorios-del-malbran-trabajara-en-conjunto-con-la-unam\\\/#primaryimage\",\"url\":\"https:\\\/\\\/cvinoticias.com\\\/wp-content\\\/uploads\\\/2021\\\/01\\\/FB_IMG_1611785047726.jpg\",\"contentUrl\":\"https:\\\/\\\/cvinoticias.com\\\/wp-content\\\/uploads\\\/2021\\\/01\\\/FB_IMG_1611785047726.jpg\",\"width\":960,\"height\":720},{\"@type\":\"BreadcrumbList\",\"@id\":\"https:\\\/\\\/cvinoticias.com\\\/v3\\\/la-red-de-laboratorios-del-malbran-trabajara-en-conjunto-con-la-unam\\\/#breadcrumb\",\"itemListElement\":[{\"@type\":\"ListItem\",\"position\":1,\"name\":\"Portada\",\"item\":\"https:\\\/\\\/cvinoticias.com\\\/v3\\\/\"},{\"@type\":\"ListItem\",\"position\":2,\"name\":\"La red de laboratorios del Malbran trabajar\u00e1 en conjunto con la UNaM\"}]},{\"@type\":\"WebSite\",\"@id\":\"https:\\\/\\\/cvinoticias.com\\\/v3\\\/#website\",\"url\":\"https:\\\/\\\/cvinoticias.com\\\/v3\\\/\",\"name\":\"CVI NOTICIAS\",\"description\":\"\",\"publisher\":{\"@id\":\"https:\\\/\\\/cvinoticias.com\\\/v3\\\/#organization\"},\"alternateName\":\"CVI\",\"potentialAction\":[{\"@type\":\"SearchAction\",\"target\":{\"@type\":\"EntryPoint\",\"urlTemplate\":\"https:\\\/\\\/cvinoticias.com\\\/v3\\\/?s={search_term_string}\"},\"query-input\":{\"@type\":\"PropertyValueSpecification\",\"valueRequired\":true,\"valueName\":\"search_term_string\"}}],\"inLanguage\":\"es\"},{\"@type\":\"Organization\",\"@id\":\"https:\\\/\\\/cvinoticias.com\\\/v3\\\/#organization\",\"name\":\"CVI NOTICIAS\",\"url\":\"https:\\\/\\\/cvinoticias.com\\\/v3\\\/\",\"logo\":{\"@type\":\"ImageObject\",\"inLanguage\":\"es\",\"@id\":\"https:\\\/\\\/cvinoticias.com\\\/v3\\\/#\\\/schema\\\/logo\\\/image\\\/\",\"url\":\"https:\\\/\\\/cvinoticias.com\\\/wp-content\\\/uploads\\\/2023\\\/04\\\/cropped-cropped-cropped-cropped-cropped-3-1.png\",\"contentUrl\":\"https:\\\/\\\/cvinoticias.com\\\/wp-content\\\/uploads\\\/2023\\\/04\\\/cropped-cropped-cropped-cropped-cropped-3-1.png\",\"width\":95,\"height\":122,\"caption\":\"CVI NOTICIAS\"},\"image\":{\"@id\":\"https:\\\/\\\/cvinoticias.com\\\/v3\\\/#\\\/schema\\\/logo\\\/image\\\/\"},\"sameAs\":[\"https:\\\/\\\/www.facebook.com\\\/cvinoticias\",\"https:\\\/\\\/www.instagram.com\\\/cvinoticias\\\/\",\"https:\\\/\\\/www.youtube.com\\\/@CVINOTICIAS\"]},{\"@type\":\"Person\",\"@id\":\"https:\\\/\\\/cvinoticias.com\\\/v3\\\/#\\\/schema\\\/person\\\/2db77e3c6bc03c538495d7b2b8be9b66\",\"name\":\"f1000024\",\"image\":{\"@type\":\"ImageObject\",\"inLanguage\":\"es\",\"@id\":\"https:\\\/\\\/secure.gravatar.com\\\/avatar\\\/d4fe7459cfc51ff5129ce1a732bbef5928568b8092d412ef95611616376bbeed?s=96&d=mm&r=g\",\"url\":\"https:\\\/\\\/secure.gravatar.com\\\/avatar\\\/d4fe7459cfc51ff5129ce1a732bbef5928568b8092d412ef95611616376bbeed?s=96&d=mm&r=g\",\"contentUrl\":\"https:\\\/\\\/secure.gravatar.com\\\/avatar\\\/d4fe7459cfc51ff5129ce1a732bbef5928568b8092d412ef95611616376bbeed?s=96&d=mm&r=g\",\"caption\":\"f1000024\"},\"url\":\"https:\\\/\\\/cvinoticias.com\\\/v3\\\/author\\\/f1000024\\\/\"}]}<\/script>\n<!-- \/ Yoast SEO plugin. -->","yoast_head_json":{"title":"La red de laboratorios del Malbran trabajar\u00e1 en conjunto con la UNaM | CVI NOTICIAS","robots":{"index":"index","follow":"follow","max-snippet":"max-snippet:-1","max-image-preview":"max-image-preview:large","max-video-preview":"max-video-preview:-1"},"canonical":"https:\/\/cvinoticias.com\/v3\/la-red-de-laboratorios-del-malbran-trabajara-en-conjunto-con-la-unam\/","og_locale":"es_ES","og_type":"article","og_title":"La red de laboratorios del Malbran trabajar\u00e1 en conjunto con la UNaM | CVI NOTICIAS","og_description":"Con el fin de desarrollar el potencial de investigaci\u00f3n de enfermedades emergentes y end\u00e9micas y dar respuestas a las demandas de salud de cada zona del pa\u00eds, se llev\u00f3 a cabo esta ma\u00f1ana la firma de un convenio entre la Universidad Nacional de Misiones y la Administraci\u00f3n Nacional de Laboratorios e Institutos de Salud \u201cDr. [&hellip;]","og_url":"https:\/\/cvinoticias.com\/v3\/la-red-de-laboratorios-del-malbran-trabajara-en-conjunto-con-la-unam\/","og_site_name":"CVI NOTICIAS","article_publisher":"https:\/\/www.facebook.com\/cvinoticias","article_published_time":"2021-01-27T22:09:21+00:00","og_image":[{"width":960,"height":720,"url":"https:\/\/cvinoticias.com\/wp-content\/uploads\/2021\/01\/FB_IMG_1611785047726.jpg","type":"image\/jpeg"}],"author":"f1000024","twitter_card":"summary_large_image","twitter_misc":{"Escrito por":"f1000024","Tiempo de lectura":"2 minutos"},"schema":{"@context":"https:\/\/schema.org","@graph":[{"@type":"Article","@id":"https:\/\/cvinoticias.com\/v3\/la-red-de-laboratorios-del-malbran-trabajara-en-conjunto-con-la-unam\/#article","isPartOf":{"@id":"https:\/\/cvinoticias.com\/v3\/la-red-de-laboratorios-del-malbran-trabajara-en-conjunto-con-la-unam\/"},"author":{"name":"f1000024","@id":"https:\/\/cvinoticias.com\/v3\/#\/schema\/person\/2db77e3c6bc03c538495d7b2b8be9b66"},"headline":"La red de laboratorios del Malbran trabajar\u00e1 en conjunto con la UNaM","datePublished":"2021-01-27T22:09:21+00:00","mainEntityOfPage":{"@id":"https:\/\/cvinoticias.com\/v3\/la-red-de-laboratorios-del-malbran-trabajara-en-conjunto-con-la-unam\/"},"wordCount":349,"commentCount":0,"publisher":{"@id":"https:\/\/cvinoticias.com\/v3\/#organization"},"image":{"@id":"https:\/\/cvinoticias.com\/v3\/la-red-de-laboratorios-del-malbran-trabajara-en-conjunto-con-la-unam\/#primaryimage"},"thumbnailUrl":"https:\/\/cvinoticias.com\/wp-content\/uploads\/2021\/01\/FB_IMG_1611785047726.jpg","articleSection":["Informaci\u00f3n General"],"inLanguage":"es","potentialAction":[{"@type":"CommentAction","name":"Comment","target":["https:\/\/cvinoticias.com\/v3\/la-red-de-laboratorios-del-malbran-trabajara-en-conjunto-con-la-unam\/#respond"]}]},{"@type":"WebPage","@id":"https:\/\/cvinoticias.com\/v3\/la-red-de-laboratorios-del-malbran-trabajara-en-conjunto-con-la-unam\/","url":"https:\/\/cvinoticias.com\/v3\/la-red-de-laboratorios-del-malbran-trabajara-en-conjunto-con-la-unam\/","name":"La red de laboratorios del Malbran trabajar\u00e1 en conjunto con la UNaM | CVI NOTICIAS","isPartOf":{"@id":"https:\/\/cvinoticias.com\/v3\/#website"},"primaryImageOfPage":{"@id":"https:\/\/cvinoticias.com\/v3\/la-red-de-laboratorios-del-malbran-trabajara-en-conjunto-con-la-unam\/#primaryimage"},"image":{"@id":"https:\/\/cvinoticias.com\/v3\/la-red-de-laboratorios-del-malbran-trabajara-en-conjunto-con-la-unam\/#primaryimage"},"thumbnailUrl":"https:\/\/cvinoticias.com\/wp-content\/uploads\/2021\/01\/FB_IMG_1611785047726.jpg","datePublished":"2021-01-27T22:09:21+00:00","breadcrumb":{"@id":"https:\/\/cvinoticias.com\/v3\/la-red-de-laboratorios-del-malbran-trabajara-en-conjunto-con-la-unam\/#breadcrumb"},"inLanguage":"es","potentialAction":[{"@type":"ReadAction","target":["https:\/\/cvinoticias.com\/v3\/la-red-de-laboratorios-del-malbran-trabajara-en-conjunto-con-la-unam\/"]}]},{"@type":"ImageObject","inLanguage":"es","@id":"https:\/\/cvinoticias.com\/v3\/la-red-de-laboratorios-del-malbran-trabajara-en-conjunto-con-la-unam\/#primaryimage","url":"https:\/\/cvinoticias.com\/wp-content\/uploads\/2021\/01\/FB_IMG_1611785047726.jpg","contentUrl":"https:\/\/cvinoticias.com\/wp-content\/uploads\/2021\/01\/FB_IMG_1611785047726.jpg","width":960,"height":720},{"@type":"BreadcrumbList","@id":"https:\/\/cvinoticias.com\/v3\/la-red-de-laboratorios-del-malbran-trabajara-en-conjunto-con-la-unam\/#breadcrumb","itemListElement":[{"@type":"ListItem","position":1,"name":"Portada","item":"https:\/\/cvinoticias.com\/v3\/"},{"@type":"ListItem","position":2,"name":"La red de laboratorios del Malbran trabajar\u00e1 en conjunto con la UNaM"}]},{"@type":"WebSite","@id":"https:\/\/cvinoticias.com\/v3\/#website","url":"https:\/\/cvinoticias.com\/v3\/","name":"CVI NOTICIAS","description":"","publisher":{"@id":"https:\/\/cvinoticias.com\/v3\/#organization"},"alternateName":"CVI","potentialAction":[{"@type":"SearchAction","target":{"@type":"EntryPoint","urlTemplate":"https:\/\/cvinoticias.com\/v3\/?s={search_term_string}"},"query-input":{"@type":"PropertyValueSpecification","valueRequired":true,"valueName":"search_term_string"}}],"inLanguage":"es"},{"@type":"Organization","@id":"https:\/\/cvinoticias.com\/v3\/#organization","name":"CVI NOTICIAS","url":"https:\/\/cvinoticias.com\/v3\/","logo":{"@type":"ImageObject","inLanguage":"es","@id":"https:\/\/cvinoticias.com\/v3\/#\/schema\/logo\/image\/","url":"https:\/\/cvinoticias.com\/wp-content\/uploads\/2023\/04\/cropped-cropped-cropped-cropped-cropped-3-1.png","contentUrl":"https:\/\/cvinoticias.com\/wp-content\/uploads\/2023\/04\/cropped-cropped-cropped-cropped-cropped-3-1.png","width":95,"height":122,"caption":"CVI NOTICIAS"},"image":{"@id":"https:\/\/cvinoticias.com\/v3\/#\/schema\/logo\/image\/"},"sameAs":["https:\/\/www.facebook.com\/cvinoticias","https:\/\/www.instagram.com\/cvinoticias\/","https:\/\/www.youtube.com\/@CVINOTICIAS"]},{"@type":"Person","@id":"https:\/\/cvinoticias.com\/v3\/#\/schema\/person\/2db77e3c6bc03c538495d7b2b8be9b66","name":"f1000024","image":{"@type":"ImageObject","inLanguage":"es","@id":"https:\/\/secure.gravatar.com\/avatar\/d4fe7459cfc51ff5129ce1a732bbef5928568b8092d412ef95611616376bbeed?s=96&d=mm&r=g","url":"https:\/\/secure.gravatar.com\/avatar\/d4fe7459cfc51ff5129ce1a732bbef5928568b8092d412ef95611616376bbeed?s=96&d=mm&r=g","contentUrl":"https:\/\/secure.gravatar.com\/avatar\/d4fe7459cfc51ff5129ce1a732bbef5928568b8092d412ef95611616376bbeed?s=96&d=mm&r=g","caption":"f1000024"},"url":"https:\/\/cvinoticias.com\/v3\/author\/f1000024\/"}]}},"_links":{"self":[{"href":"https:\/\/cvinoticias.com\/v3\/wp-json\/wp\/v2\/posts\/2136","targetHints":{"allow":["GET"]}}],"collection":[{"href":"https:\/\/cvinoticias.com\/v3\/wp-json\/wp\/v2\/posts"}],"about":[{"href":"https:\/\/cvinoticias.com\/v3\/wp-json\/wp\/v2\/types\/post"}],"author":[{"embeddable":true,"href":"https:\/\/cvinoticias.com\/v3\/wp-json\/wp\/v2\/users\/2"}],"replies":[{"embeddable":true,"href":"https:\/\/cvinoticias.com\/v3\/wp-json\/wp\/v2\/comments?post=2136"}],"version-history":[{"count":1,"href":"https:\/\/cvinoticias.com\/v3\/wp-json\/wp\/v2\/posts\/2136\/revisions"}],"predecessor-version":[{"id":2139,"href":"https:\/\/cvinoticias.com\/v3\/wp-json\/wp\/v2\/posts\/2136\/revisions\/2139"}],"wp:featuredmedia":[{"embeddable":true,"href":"https:\/\/cvinoticias.com\/v3\/wp-json\/wp\/v2\/media\/2137"}],"wp:attachment":[{"href":"https:\/\/cvinoticias.com\/v3\/wp-json\/wp\/v2\/media?parent=2136"}],"wp:term":[{"taxonomy":"category","embeddable":true,"href":"https:\/\/cvinoticias.com\/v3\/wp-json\/wp\/v2\/categories?post=2136"},{"taxonomy":"post_tag","embeddable":true,"href":"https:\/\/cvinoticias.com\/v3\/wp-json\/wp\/v2\/tags?post=2136"}],"curies":[{"name":"wp","href":"https:\/\/api.w.org\/{rel}","templated":true}]}}