{"id":21358,"date":"2022-12-22T11:09:54","date_gmt":"2022-12-22T11:09:54","guid":{"rendered":"https:\/\/cvinoticias.com\/v3\/?p=21358"},"modified":"2022-12-22T11:09:54","modified_gmt":"2022-12-22T11:09:54","slug":"rodriguez-larreta-tras-el-fallo-por-la-coparticipacion-defiende-el-federalismo-a-partir-de-ahora-el-gobierno-nacional-nunca-mas-le-va-a-poder-sacar-fondos-arbitrariamente-a-las-provincias","status":"publish","type":"post","link":"https:\/\/cvinoticias.com\/v3\/rodriguez-larreta-tras-el-fallo-por-la-coparticipacion-defiende-el-federalismo-a-partir-de-ahora-el-gobierno-nacional-nunca-mas-le-va-a-poder-sacar-fondos-arbitrariamente-a-las-provincias\/","title":{"rendered":"Rodr\u00edguez Larreta tras el fallo por la coparticipaci\u00f3n: \u201cDefiende el federalismo; a partir de ahora el Gobierno Nacional nunca m\u00e1s le va a poder sacar fondos arbitrariamente a las provincias.\u201d"},"content":{"rendered":"\n<p><strong><em>El jefe de Gobierno de la Ciudad de Buenos Aires, Horacio Rodr\u00edguez Larreta, afirm\u00f3 que con la medida cautelar que dict\u00f3 la Corte Suprema de Justicia se \u201cdefiende el federalismo porque a partir de ahora y con este antecedente el Gobierno Nacional nunca m\u00e1s le va a poder sacar fondos arbitrariamente a las provincias.\u201d Y agreg\u00f3: \u201cesta decisi\u00f3n no afecta en lo m\u00e1s m\u00ednimo a ninguna provincia\u201d.<\/em><\/strong><\/p>\n\n\n\n<p>Tambi\u00e9n anticip\u00f3 que la Ciudad de Buenos Aires impulsar\u00e1 la eliminaci\u00f3n del impuesto a los sellos que se aplica a los res\u00famenes de las tarjetas de cr\u00e9dito. \u201cYo me compromet\u00ed a bajar los impuestos y lo cumpli, lo que digo lo hago\u201d sostuvo al recordar que esas cargas impositivas hab\u00edan sido dispuestas para cubrir el \u00abagujero fiscal\u00bb que sufri\u00f3 CABA en plena pandemia como consecuencia del \u00abataque\u201d del Gobierno nacional.<\/p>\n\n\n\n<p>En conferencia de prensa, Rodr\u00edguez Larreta explic\u00f3: \u201cel presidente decidi\u00f3 quitarle a la Ciudad de Buenos Aires un monto equivalente al sueldo anual de todos nuestros docentes.\u201d \u201cFue inconstitucional, fue violando la autonom\u00eda y todos los principios que rigen al federalismo\u201d dijo en referencia a la quita de coparticipaci\u00f3n que realiz\u00f3 el Gobierno Nacional en el a\u00f1o 2020.<\/p>\n\n\n\n<figure class=\"wp-block-image size-large\"><a href=\"https:\/\/cvinoticias.com\/wp-content\/uploads\/2022\/12\/IMG-20221221-WA0148.jpg\"><img decoding=\"async\" width=\"1024\" height=\"683\" data-src=\"https:\/\/cvinoticias.com\/wp-content\/uploads\/2022\/12\/IMG-20221221-WA0148-1024x683.jpg\" alt=\"\" class=\"wp-image-21360 lazyload\" data-srcset=\"https:\/\/cvinoticias.com\/wp-content\/uploads\/2022\/12\/IMG-20221221-WA0148-1024x683.jpg 1024w, https:\/\/cvinoticias.com\/wp-content\/uploads\/2022\/12\/IMG-20221221-WA0148-300x200.jpg 300w, https:\/\/cvinoticias.com\/wp-content\/uploads\/2022\/12\/IMG-20221221-WA0148-768x512.jpg 768w, https:\/\/cvinoticias.com\/wp-content\/uploads\/2022\/12\/IMG-20221221-WA0148.jpg 1425w\" data-sizes=\"(max-width: 1024px) 100vw, 1024px\" src=\"data:image\/svg+xml;base64,PHN2ZyB3aWR0aD0iMSIgaGVpZ2h0PSIxIiB4bWxucz0iaHR0cDovL3d3dy53My5vcmcvMjAwMC9zdmciPjwvc3ZnPg==\" style=\"--smush-placeholder-width: 1024px; --smush-placeholder-aspect-ratio: 1024\/683;\" \/><\/a><figcaption class=\"wp-element-caption\">7<\/figcaption><\/figure>\n\n\n\n<p>\u201cLa Corte fall\u00f3 por unanimidad en favor de la Ciudad de Buenos Aires, en la demanda que ten\u00edamos por la quita que el Estado Nacional nos hab\u00eda hecho\u201d, detall\u00f3 el mandatario sobre el fallo publicado.<\/p>\n\n\n\n<p>Asimismo, explic\u00f3: \u201cEsta decisi\u00f3n no afecta en lo m\u00e1s m\u00ednimo a ninguna provincia porque, as\u00ed como el presidente cuando nos sac\u00f3 los fondos no le dio ning\u00fan peso a ninguna provincia salvo a la de Buenos Aires, ahora con el fallo no se le saca un peso a ning\u00fan distrito.\u201d<\/p>\n\n\n\n<p>Rodr\u00edguez Larreta agreg\u00f3: \u201cNo se entiende entonces como algunos gobernadores est\u00e1n viniendo a la convocatoria de apoyo al presidente. Este es un fallo que defiende el federalismo porque a partir de ahora y con este antecedente el Gobierno Nacional nunca m\u00e1s le va a poder sacar fondos arbitrariamente a las provincias.\u201d<\/p>\n\n\n\n<p>Y arremeti\u00f3: \u201cSon contradictorios: con el argumento de defender el federalismo est\u00e1n yendo contra un fallo que defiende la autonom\u00eda de las provincias\u201d.<\/p>\n\n\n\n<p>\u201cBasta de arbitrariedades ac\u00e1 ning\u00fan presidente, gobernadores puede estar por encima de la ley\u201d afirm\u00f3 Rodr\u00edguez Larreta, quien se refiri\u00f3 a la jornada de hoy como a un \u201cbuen d\u00eda para el pa\u00eds, porque qued\u00f3 demostrado que el camino legal e institucional da resultados. Que hacer lo correcto vale la pena.\u201d<\/p>\n\n\n\n<figure class=\"wp-block-image size-large\"><a href=\"https:\/\/cvinoticias.com\/wp-content\/uploads\/2022\/12\/IMG-20221221-WA0147.jpg\"><img decoding=\"async\" width=\"1024\" height=\"682\" data-src=\"https:\/\/cvinoticias.com\/wp-content\/uploads\/2022\/12\/IMG-20221221-WA0147-1024x682.jpg\" alt=\"\" class=\"wp-image-21361 lazyload\" data-srcset=\"https:\/\/cvinoticias.com\/wp-content\/uploads\/2022\/12\/IMG-20221221-WA0147-1024x682.jpg 1024w, https:\/\/cvinoticias.com\/wp-content\/uploads\/2022\/12\/IMG-20221221-WA0147-300x200.jpg 300w, https:\/\/cvinoticias.com\/wp-content\/uploads\/2022\/12\/IMG-20221221-WA0147-768x512.jpg 768w, https:\/\/cvinoticias.com\/wp-content\/uploads\/2022\/12\/IMG-20221221-WA0147-1536x1023.jpg 1536w, https:\/\/cvinoticias.com\/wp-content\/uploads\/2022\/12\/IMG-20221221-WA0147.jpg 1600w\" data-sizes=\"(max-width: 1024px) 100vw, 1024px\" src=\"data:image\/svg+xml;base64,PHN2ZyB3aWR0aD0iMSIgaGVpZ2h0PSIxIiB4bWxucz0iaHR0cDovL3d3dy53My5vcmcvMjAwMC9zdmciPjwvc3ZnPg==\" style=\"--smush-placeholder-width: 1024px; --smush-placeholder-aspect-ratio: 1024\/682;\" \/><\/a><\/figure>\n\n\n\n<p>Y cerr\u00f3: \u201cYo creo en el di\u00e1logo, no en el conflicto; en los hechos, no en los gritos; en la responsabilidad de gobernar, no en la conveniencia; en los resultados, no en los aplausos o el rating. Y sobre todo, creo en la pol\u00edtica que se preocupa mucho m\u00e1s por resolver los problemas de la gente, que de s\u00ed misma\u201d.<\/p>\n\n\n\n<p>El Jefe de Gobierno habl\u00f3 anoche durante una conferencia de prensa que ofreci\u00f3 en la sede del Gobierno de la Ciudad, en Parque Patricios, acompa\u00f1ado por autoridades del gabinete y por legisladores que integran los bloques de Juntos por el Cambio en el Congreso Nacional y en la Legislatura porte\u00f1a.<\/p>\n\n\n\n<p>Rodr\u00edguez Larreta estuvo acompa\u00f1ado durante la conferencia de prensa por Mar\u00eda Eugenia Vidal, Mart\u00edn Lousteau, Maximiliano Ferraro, Ricardo L\u00f3pez Murphy, Mario Negri, Cristian Ritondo, Juan Manuel L\u00f3pez, Paula Oliveto, Graciela Oca\u00f1a, Guadalupe Tagliaferri, Emmanuel Ferrario, Facundo Del Gaiso, Roy Cortina, Mart\u00edn Ocampo, Sergio Abrevaya, Claudio Romero, Jorge Macri, Fern\u00e1n Quir\u00f3s, Felipe Miguel, Marcelo D\u2019alessandro, Martin Mura, Silvia Lospennato, Waldo Wolf, Alvaro Gonzalez, Emiliano Yacobitti, Omar de Marchi, Gabriel Astarloa, Leticia Montiel, Mariela Coletta, Yamil Santoro, Claudio Cingolani, Abel Fern\u00e1ndez, Gustavo Arengo, Pablo Tonelli y Dina Rezinovsky.<\/p>\n","protected":false},"excerpt":{"rendered":"<p>El jefe de Gobierno de la Ciudad de Buenos Aires, Horacio Rodr\u00edguez Larreta, afirm\u00f3 que con la medida cautelar que dict\u00f3 la Corte Suprema de Justicia se \u201cdefiende el federalismo porque a partir de ahora y con este antecedente el Gobierno Nacional nunca m\u00e1s le va a poder sacar fondos arbitrariamente a las provincias.\u201d Y [&hellip;]<\/p>\n","protected":false},"author":2,"featured_media":21359,"comment_status":"open","ping_status":"open","sticky":false,"template":"","format":"standard","meta":{"footnotes":""},"categories":[42],"tags":[],"class_list":["post-21358","post","type-post","status-publish","format-standard","has-post-thumbnail","hentry","category-politica"],"yoast_head":"<!-- This site is optimized with the Yoast SEO plugin v27.5 - https:\/\/yoast.com\/product\/yoast-seo-wordpress\/ -->\n<title>Rodr\u00edguez Larreta tras el fallo por la coparticipaci\u00f3n: \u201cDefiende el federalismo; a partir de ahora el Gobierno Nacional nunca m\u00e1s le va a poder sacar fondos arbitrariamente a las provincias.\u201d | CVI NOTICIAS<\/title>\n<meta name=\"robots\" content=\"index, follow, max-snippet:-1, max-image-preview:large, max-video-preview:-1\" \/>\n<link rel=\"canonical\" href=\"https:\/\/cvinoticias.com\/v3\/rodriguez-larreta-tras-el-fallo-por-la-coparticipacion-defiende-el-federalismo-a-partir-de-ahora-el-gobierno-nacional-nunca-mas-le-va-a-poder-sacar-fondos-arbitrariamente-a-las-provincias\/\" \/>\n<meta property=\"og:locale\" content=\"es_ES\" \/>\n<meta property=\"og:type\" content=\"article\" \/>\n<meta property=\"og:title\" content=\"Rodr\u00edguez Larreta tras el fallo por la coparticipaci\u00f3n: \u201cDefiende el federalismo; a partir de ahora el Gobierno Nacional nunca m\u00e1s le va a poder sacar fondos arbitrariamente a las provincias.\u201d | CVI NOTICIAS\" \/>\n<meta property=\"og:description\" content=\"El jefe de Gobierno de la Ciudad de Buenos Aires, Horacio Rodr\u00edguez Larreta, afirm\u00f3 que con la medida cautelar que dict\u00f3 la Corte Suprema de Justicia se \u201cdefiende el federalismo porque a partir de ahora y con este antecedente el Gobierno Nacional nunca m\u00e1s le va a poder sacar fondos arbitrariamente a las provincias.\u201d Y [&hellip;]\" \/>\n<meta property=\"og:url\" content=\"https:\/\/cvinoticias.com\/v3\/rodriguez-larreta-tras-el-fallo-por-la-coparticipacion-defiende-el-federalismo-a-partir-de-ahora-el-gobierno-nacional-nunca-mas-le-va-a-poder-sacar-fondos-arbitrariamente-a-las-provincias\/\" \/>\n<meta property=\"og:site_name\" content=\"CVI NOTICIAS\" \/>\n<meta property=\"article:publisher\" content=\"https:\/\/www.facebook.com\/cvinoticias\" \/>\n<meta property=\"article:published_time\" content=\"2022-12-22T11:09:54+00:00\" \/>\n<meta property=\"og:image\" content=\"https:\/\/cvinoticias.com\/wp-content\/uploads\/2022\/12\/IMG-20221221-WA0149.jpg\" \/>\n\t<meta property=\"og:image:width\" content=\"1600\" \/>\n\t<meta property=\"og:image:height\" content=\"1066\" \/>\n\t<meta property=\"og:image:type\" content=\"image\/jpeg\" \/>\n<meta name=\"author\" content=\"f1000024\" \/>\n<meta name=\"twitter:card\" content=\"summary_large_image\" \/>\n<meta name=\"twitter:label1\" content=\"Escrito por\" \/>\n\t<meta name=\"twitter:data1\" content=\"f1000024\" \/>\n\t<meta name=\"twitter:label2\" content=\"Tiempo de lectura\" \/>\n\t<meta name=\"twitter:data2\" content=\"3 minutos\" \/>\n<script type=\"application\/ld+json\" class=\"yoast-schema-graph\">{\"@context\":\"https:\\\/\\\/schema.org\",\"@graph\":[{\"@type\":\"Article\",\"@id\":\"https:\\\/\\\/cvinoticias.com\\\/v3\\\/rodriguez-larreta-tras-el-fallo-por-la-coparticipacion-defiende-el-federalismo-a-partir-de-ahora-el-gobierno-nacional-nunca-mas-le-va-a-poder-sacar-fondos-arbitrariamente-a-las-provincias\\\/#article\",\"isPartOf\":{\"@id\":\"https:\\\/\\\/cvinoticias.com\\\/v3\\\/rodriguez-larreta-tras-el-fallo-por-la-coparticipacion-defiende-el-federalismo-a-partir-de-ahora-el-gobierno-nacional-nunca-mas-le-va-a-poder-sacar-fondos-arbitrariamente-a-las-provincias\\\/\"},\"author\":{\"name\":\"f1000024\",\"@id\":\"https:\\\/\\\/cvinoticias.com\\\/v3\\\/#\\\/schema\\\/person\\\/2db77e3c6bc03c538495d7b2b8be9b66\"},\"headline\":\"Rodr\u00edguez Larreta tras el fallo por la coparticipaci\u00f3n: \u201cDefiende el federalismo; a partir de ahora el Gobierno Nacional nunca m\u00e1s le va a poder sacar fondos arbitrariamente a las provincias.\u201d\",\"datePublished\":\"2022-12-22T11:09:54+00:00\",\"mainEntityOfPage\":{\"@id\":\"https:\\\/\\\/cvinoticias.com\\\/v3\\\/rodriguez-larreta-tras-el-fallo-por-la-coparticipacion-defiende-el-federalismo-a-partir-de-ahora-el-gobierno-nacional-nunca-mas-le-va-a-poder-sacar-fondos-arbitrariamente-a-las-provincias\\\/\"},\"wordCount\":680,\"commentCount\":0,\"publisher\":{\"@id\":\"https:\\\/\\\/cvinoticias.com\\\/v3\\\/#organization\"},\"image\":{\"@id\":\"https:\\\/\\\/cvinoticias.com\\\/v3\\\/rodriguez-larreta-tras-el-fallo-por-la-coparticipacion-defiende-el-federalismo-a-partir-de-ahora-el-gobierno-nacional-nunca-mas-le-va-a-poder-sacar-fondos-arbitrariamente-a-las-provincias\\\/#primaryimage\"},\"thumbnailUrl\":\"https:\\\/\\\/cvinoticias.com\\\/wp-content\\\/uploads\\\/2022\\\/12\\\/IMG-20221221-WA0149.jpg\",\"articleSection\":[\"Politica\"],\"inLanguage\":\"es\",\"potentialAction\":[{\"@type\":\"CommentAction\",\"name\":\"Comment\",\"target\":[\"https:\\\/\\\/cvinoticias.com\\\/v3\\\/rodriguez-larreta-tras-el-fallo-por-la-coparticipacion-defiende-el-federalismo-a-partir-de-ahora-el-gobierno-nacional-nunca-mas-le-va-a-poder-sacar-fondos-arbitrariamente-a-las-provincias\\\/#respond\"]}]},{\"@type\":\"WebPage\",\"@id\":\"https:\\\/\\\/cvinoticias.com\\\/v3\\\/rodriguez-larreta-tras-el-fallo-por-la-coparticipacion-defiende-el-federalismo-a-partir-de-ahora-el-gobierno-nacional-nunca-mas-le-va-a-poder-sacar-fondos-arbitrariamente-a-las-provincias\\\/\",\"url\":\"https:\\\/\\\/cvinoticias.com\\\/v3\\\/rodriguez-larreta-tras-el-fallo-por-la-coparticipacion-defiende-el-federalismo-a-partir-de-ahora-el-gobierno-nacional-nunca-mas-le-va-a-poder-sacar-fondos-arbitrariamente-a-las-provincias\\\/\",\"name\":\"Rodr\u00edguez Larreta tras el fallo por la coparticipaci\u00f3n: \u201cDefiende el federalismo; a partir de ahora el Gobierno Nacional nunca m\u00e1s le va a poder sacar fondos arbitrariamente a las provincias.\u201d | CVI NOTICIAS\",\"isPartOf\":{\"@id\":\"https:\\\/\\\/cvinoticias.com\\\/v3\\\/#website\"},\"primaryImageOfPage\":{\"@id\":\"https:\\\/\\\/cvinoticias.com\\\/v3\\\/rodriguez-larreta-tras-el-fallo-por-la-coparticipacion-defiende-el-federalismo-a-partir-de-ahora-el-gobierno-nacional-nunca-mas-le-va-a-poder-sacar-fondos-arbitrariamente-a-las-provincias\\\/#primaryimage\"},\"image\":{\"@id\":\"https:\\\/\\\/cvinoticias.com\\\/v3\\\/rodriguez-larreta-tras-el-fallo-por-la-coparticipacion-defiende-el-federalismo-a-partir-de-ahora-el-gobierno-nacional-nunca-mas-le-va-a-poder-sacar-fondos-arbitrariamente-a-las-provincias\\\/#primaryimage\"},\"thumbnailUrl\":\"https:\\\/\\\/cvinoticias.com\\\/wp-content\\\/uploads\\\/2022\\\/12\\\/IMG-20221221-WA0149.jpg\",\"datePublished\":\"2022-12-22T11:09:54+00:00\",\"breadcrumb\":{\"@id\":\"https:\\\/\\\/cvinoticias.com\\\/v3\\\/rodriguez-larreta-tras-el-fallo-por-la-coparticipacion-defiende-el-federalismo-a-partir-de-ahora-el-gobierno-nacional-nunca-mas-le-va-a-poder-sacar-fondos-arbitrariamente-a-las-provincias\\\/#breadcrumb\"},\"inLanguage\":\"es\",\"potentialAction\":[{\"@type\":\"ReadAction\",\"target\":[\"https:\\\/\\\/cvinoticias.com\\\/v3\\\/rodriguez-larreta-tras-el-fallo-por-la-coparticipacion-defiende-el-federalismo-a-partir-de-ahora-el-gobierno-nacional-nunca-mas-le-va-a-poder-sacar-fondos-arbitrariamente-a-las-provincias\\\/\"]}]},{\"@type\":\"ImageObject\",\"inLanguage\":\"es\",\"@id\":\"https:\\\/\\\/cvinoticias.com\\\/v3\\\/rodriguez-larreta-tras-el-fallo-por-la-coparticipacion-defiende-el-federalismo-a-partir-de-ahora-el-gobierno-nacional-nunca-mas-le-va-a-poder-sacar-fondos-arbitrariamente-a-las-provincias\\\/#primaryimage\",\"url\":\"https:\\\/\\\/cvinoticias.com\\\/wp-content\\\/uploads\\\/2022\\\/12\\\/IMG-20221221-WA0149.jpg\",\"contentUrl\":\"https:\\\/\\\/cvinoticias.com\\\/wp-content\\\/uploads\\\/2022\\\/12\\\/IMG-20221221-WA0149.jpg\",\"width\":1600,\"height\":1066},{\"@type\":\"BreadcrumbList\",\"@id\":\"https:\\\/\\\/cvinoticias.com\\\/v3\\\/rodriguez-larreta-tras-el-fallo-por-la-coparticipacion-defiende-el-federalismo-a-partir-de-ahora-el-gobierno-nacional-nunca-mas-le-va-a-poder-sacar-fondos-arbitrariamente-a-las-provincias\\\/#breadcrumb\",\"itemListElement\":[{\"@type\":\"ListItem\",\"position\":1,\"name\":\"Portada\",\"item\":\"https:\\\/\\\/cvinoticias.com\\\/v3\\\/\"},{\"@type\":\"ListItem\",\"position\":2,\"name\":\"Rodr\u00edguez Larreta tras el fallo por la coparticipaci\u00f3n: \u201cDefiende el federalismo; a partir de ahora el Gobierno Nacional nunca m\u00e1s le va a poder sacar fondos arbitrariamente a las provincias.\u201d\"}]},{\"@type\":\"WebSite\",\"@id\":\"https:\\\/\\\/cvinoticias.com\\\/v3\\\/#website\",\"url\":\"https:\\\/\\\/cvinoticias.com\\\/v3\\\/\",\"name\":\"CVI NOTICIAS\",\"description\":\"\",\"publisher\":{\"@id\":\"https:\\\/\\\/cvinoticias.com\\\/v3\\\/#organization\"},\"alternateName\":\"CVI\",\"potentialAction\":[{\"@type\":\"SearchAction\",\"target\":{\"@type\":\"EntryPoint\",\"urlTemplate\":\"https:\\\/\\\/cvinoticias.com\\\/v3\\\/?s={search_term_string}\"},\"query-input\":{\"@type\":\"PropertyValueSpecification\",\"valueRequired\":true,\"valueName\":\"search_term_string\"}}],\"inLanguage\":\"es\"},{\"@type\":\"Organization\",\"@id\":\"https:\\\/\\\/cvinoticias.com\\\/v3\\\/#organization\",\"name\":\"CVI NOTICIAS\",\"url\":\"https:\\\/\\\/cvinoticias.com\\\/v3\\\/\",\"logo\":{\"@type\":\"ImageObject\",\"inLanguage\":\"es\",\"@id\":\"https:\\\/\\\/cvinoticias.com\\\/v3\\\/#\\\/schema\\\/logo\\\/image\\\/\",\"url\":\"https:\\\/\\\/cvinoticias.com\\\/wp-content\\\/uploads\\\/2023\\\/04\\\/cropped-cropped-cropped-cropped-cropped-3-1.png\",\"contentUrl\":\"https:\\\/\\\/cvinoticias.com\\\/wp-content\\\/uploads\\\/2023\\\/04\\\/cropped-cropped-cropped-cropped-cropped-3-1.png\",\"width\":95,\"height\":122,\"caption\":\"CVI NOTICIAS\"},\"image\":{\"@id\":\"https:\\\/\\\/cvinoticias.com\\\/v3\\\/#\\\/schema\\\/logo\\\/image\\\/\"},\"sameAs\":[\"https:\\\/\\\/www.facebook.com\\\/cvinoticias\",\"https:\\\/\\\/www.instagram.com\\\/cvinoticias\\\/\",\"https:\\\/\\\/www.youtube.com\\\/@CVINOTICIAS\"]},{\"@type\":\"Person\",\"@id\":\"https:\\\/\\\/cvinoticias.com\\\/v3\\\/#\\\/schema\\\/person\\\/2db77e3c6bc03c538495d7b2b8be9b66\",\"name\":\"f1000024\",\"image\":{\"@type\":\"ImageObject\",\"inLanguage\":\"es\",\"@id\":\"https:\\\/\\\/secure.gravatar.com\\\/avatar\\\/d4fe7459cfc51ff5129ce1a732bbef5928568b8092d412ef95611616376bbeed?s=96&d=mm&r=g\",\"url\":\"https:\\\/\\\/secure.gravatar.com\\\/avatar\\\/d4fe7459cfc51ff5129ce1a732bbef5928568b8092d412ef95611616376bbeed?s=96&d=mm&r=g\",\"contentUrl\":\"https:\\\/\\\/secure.gravatar.com\\\/avatar\\\/d4fe7459cfc51ff5129ce1a732bbef5928568b8092d412ef95611616376bbeed?s=96&d=mm&r=g\",\"caption\":\"f1000024\"},\"url\":\"https:\\\/\\\/cvinoticias.com\\\/v3\\\/author\\\/f1000024\\\/\"}]}<\/script>\n<!-- \/ Yoast SEO plugin. -->","yoast_head_json":{"title":"Rodr\u00edguez Larreta tras el fallo por la coparticipaci\u00f3n: \u201cDefiende el federalismo; a partir de ahora el Gobierno Nacional nunca m\u00e1s le va a poder sacar fondos arbitrariamente a las provincias.\u201d | CVI NOTICIAS","robots":{"index":"index","follow":"follow","max-snippet":"max-snippet:-1","max-image-preview":"max-image-preview:large","max-video-preview":"max-video-preview:-1"},"canonical":"https:\/\/cvinoticias.com\/v3\/rodriguez-larreta-tras-el-fallo-por-la-coparticipacion-defiende-el-federalismo-a-partir-de-ahora-el-gobierno-nacional-nunca-mas-le-va-a-poder-sacar-fondos-arbitrariamente-a-las-provincias\/","og_locale":"es_ES","og_type":"article","og_title":"Rodr\u00edguez Larreta tras el fallo por la coparticipaci\u00f3n: \u201cDefiende el federalismo; a partir de ahora el Gobierno Nacional nunca m\u00e1s le va a poder sacar fondos arbitrariamente a las provincias.\u201d | CVI NOTICIAS","og_description":"El jefe de Gobierno de la Ciudad de Buenos Aires, Horacio Rodr\u00edguez Larreta, afirm\u00f3 que con la medida cautelar que dict\u00f3 la Corte Suprema de Justicia se \u201cdefiende el federalismo porque a partir de ahora y con este antecedente el Gobierno Nacional nunca m\u00e1s le va a poder sacar fondos arbitrariamente a las provincias.\u201d Y [&hellip;]","og_url":"https:\/\/cvinoticias.com\/v3\/rodriguez-larreta-tras-el-fallo-por-la-coparticipacion-defiende-el-federalismo-a-partir-de-ahora-el-gobierno-nacional-nunca-mas-le-va-a-poder-sacar-fondos-arbitrariamente-a-las-provincias\/","og_site_name":"CVI NOTICIAS","article_publisher":"https:\/\/www.facebook.com\/cvinoticias","article_published_time":"2022-12-22T11:09:54+00:00","og_image":[{"width":1600,"height":1066,"url":"https:\/\/cvinoticias.com\/wp-content\/uploads\/2022\/12\/IMG-20221221-WA0149.jpg","type":"image\/jpeg"}],"author":"f1000024","twitter_card":"summary_large_image","twitter_misc":{"Escrito por":"f1000024","Tiempo de lectura":"3 minutos"},"schema":{"@context":"https:\/\/schema.org","@graph":[{"@type":"Article","@id":"https:\/\/cvinoticias.com\/v3\/rodriguez-larreta-tras-el-fallo-por-la-coparticipacion-defiende-el-federalismo-a-partir-de-ahora-el-gobierno-nacional-nunca-mas-le-va-a-poder-sacar-fondos-arbitrariamente-a-las-provincias\/#article","isPartOf":{"@id":"https:\/\/cvinoticias.com\/v3\/rodriguez-larreta-tras-el-fallo-por-la-coparticipacion-defiende-el-federalismo-a-partir-de-ahora-el-gobierno-nacional-nunca-mas-le-va-a-poder-sacar-fondos-arbitrariamente-a-las-provincias\/"},"author":{"name":"f1000024","@id":"https:\/\/cvinoticias.com\/v3\/#\/schema\/person\/2db77e3c6bc03c538495d7b2b8be9b66"},"headline":"Rodr\u00edguez Larreta tras el fallo por la coparticipaci\u00f3n: \u201cDefiende el federalismo; a partir de ahora el Gobierno Nacional nunca m\u00e1s le va a poder sacar fondos arbitrariamente a las provincias.\u201d","datePublished":"2022-12-22T11:09:54+00:00","mainEntityOfPage":{"@id":"https:\/\/cvinoticias.com\/v3\/rodriguez-larreta-tras-el-fallo-por-la-coparticipacion-defiende-el-federalismo-a-partir-de-ahora-el-gobierno-nacional-nunca-mas-le-va-a-poder-sacar-fondos-arbitrariamente-a-las-provincias\/"},"wordCount":680,"commentCount":0,"publisher":{"@id":"https:\/\/cvinoticias.com\/v3\/#organization"},"image":{"@id":"https:\/\/cvinoticias.com\/v3\/rodriguez-larreta-tras-el-fallo-por-la-coparticipacion-defiende-el-federalismo-a-partir-de-ahora-el-gobierno-nacional-nunca-mas-le-va-a-poder-sacar-fondos-arbitrariamente-a-las-provincias\/#primaryimage"},"thumbnailUrl":"https:\/\/cvinoticias.com\/wp-content\/uploads\/2022\/12\/IMG-20221221-WA0149.jpg","articleSection":["Politica"],"inLanguage":"es","potentialAction":[{"@type":"CommentAction","name":"Comment","target":["https:\/\/cvinoticias.com\/v3\/rodriguez-larreta-tras-el-fallo-por-la-coparticipacion-defiende-el-federalismo-a-partir-de-ahora-el-gobierno-nacional-nunca-mas-le-va-a-poder-sacar-fondos-arbitrariamente-a-las-provincias\/#respond"]}]},{"@type":"WebPage","@id":"https:\/\/cvinoticias.com\/v3\/rodriguez-larreta-tras-el-fallo-por-la-coparticipacion-defiende-el-federalismo-a-partir-de-ahora-el-gobierno-nacional-nunca-mas-le-va-a-poder-sacar-fondos-arbitrariamente-a-las-provincias\/","url":"https:\/\/cvinoticias.com\/v3\/rodriguez-larreta-tras-el-fallo-por-la-coparticipacion-defiende-el-federalismo-a-partir-de-ahora-el-gobierno-nacional-nunca-mas-le-va-a-poder-sacar-fondos-arbitrariamente-a-las-provincias\/","name":"Rodr\u00edguez Larreta tras el fallo por la coparticipaci\u00f3n: \u201cDefiende el federalismo; a partir de ahora el Gobierno Nacional nunca m\u00e1s le va a poder sacar fondos arbitrariamente a las provincias.\u201d | CVI NOTICIAS","isPartOf":{"@id":"https:\/\/cvinoticias.com\/v3\/#website"},"primaryImageOfPage":{"@id":"https:\/\/cvinoticias.com\/v3\/rodriguez-larreta-tras-el-fallo-por-la-coparticipacion-defiende-el-federalismo-a-partir-de-ahora-el-gobierno-nacional-nunca-mas-le-va-a-poder-sacar-fondos-arbitrariamente-a-las-provincias\/#primaryimage"},"image":{"@id":"https:\/\/cvinoticias.com\/v3\/rodriguez-larreta-tras-el-fallo-por-la-coparticipacion-defiende-el-federalismo-a-partir-de-ahora-el-gobierno-nacional-nunca-mas-le-va-a-poder-sacar-fondos-arbitrariamente-a-las-provincias\/#primaryimage"},"thumbnailUrl":"https:\/\/cvinoticias.com\/wp-content\/uploads\/2022\/12\/IMG-20221221-WA0149.jpg","datePublished":"2022-12-22T11:09:54+00:00","breadcrumb":{"@id":"https:\/\/cvinoticias.com\/v3\/rodriguez-larreta-tras-el-fallo-por-la-coparticipacion-defiende-el-federalismo-a-partir-de-ahora-el-gobierno-nacional-nunca-mas-le-va-a-poder-sacar-fondos-arbitrariamente-a-las-provincias\/#breadcrumb"},"inLanguage":"es","potentialAction":[{"@type":"ReadAction","target":["https:\/\/cvinoticias.com\/v3\/rodriguez-larreta-tras-el-fallo-por-la-coparticipacion-defiende-el-federalismo-a-partir-de-ahora-el-gobierno-nacional-nunca-mas-le-va-a-poder-sacar-fondos-arbitrariamente-a-las-provincias\/"]}]},{"@type":"ImageObject","inLanguage":"es","@id":"https:\/\/cvinoticias.com\/v3\/rodriguez-larreta-tras-el-fallo-por-la-coparticipacion-defiende-el-federalismo-a-partir-de-ahora-el-gobierno-nacional-nunca-mas-le-va-a-poder-sacar-fondos-arbitrariamente-a-las-provincias\/#primaryimage","url":"https:\/\/cvinoticias.com\/wp-content\/uploads\/2022\/12\/IMG-20221221-WA0149.jpg","contentUrl":"https:\/\/cvinoticias.com\/wp-content\/uploads\/2022\/12\/IMG-20221221-WA0149.jpg","width":1600,"height":1066},{"@type":"BreadcrumbList","@id":"https:\/\/cvinoticias.com\/v3\/rodriguez-larreta-tras-el-fallo-por-la-coparticipacion-defiende-el-federalismo-a-partir-de-ahora-el-gobierno-nacional-nunca-mas-le-va-a-poder-sacar-fondos-arbitrariamente-a-las-provincias\/#breadcrumb","itemListElement":[{"@type":"ListItem","position":1,"name":"Portada","item":"https:\/\/cvinoticias.com\/v3\/"},{"@type":"ListItem","position":2,"name":"Rodr\u00edguez Larreta tras el fallo por la coparticipaci\u00f3n: \u201cDefiende el federalismo; a partir de ahora el Gobierno Nacional nunca m\u00e1s le va a poder sacar fondos arbitrariamente a las provincias.\u201d"}]},{"@type":"WebSite","@id":"https:\/\/cvinoticias.com\/v3\/#website","url":"https:\/\/cvinoticias.com\/v3\/","name":"CVI NOTICIAS","description":"","publisher":{"@id":"https:\/\/cvinoticias.com\/v3\/#organization"},"alternateName":"CVI","potentialAction":[{"@type":"SearchAction","target":{"@type":"EntryPoint","urlTemplate":"https:\/\/cvinoticias.com\/v3\/?s={search_term_string}"},"query-input":{"@type":"PropertyValueSpecification","valueRequired":true,"valueName":"search_term_string"}}],"inLanguage":"es"},{"@type":"Organization","@id":"https:\/\/cvinoticias.com\/v3\/#organization","name":"CVI NOTICIAS","url":"https:\/\/cvinoticias.com\/v3\/","logo":{"@type":"ImageObject","inLanguage":"es","@id":"https:\/\/cvinoticias.com\/v3\/#\/schema\/logo\/image\/","url":"https:\/\/cvinoticias.com\/wp-content\/uploads\/2023\/04\/cropped-cropped-cropped-cropped-cropped-3-1.png","contentUrl":"https:\/\/cvinoticias.com\/wp-content\/uploads\/2023\/04\/cropped-cropped-cropped-cropped-cropped-3-1.png","width":95,"height":122,"caption":"CVI NOTICIAS"},"image":{"@id":"https:\/\/cvinoticias.com\/v3\/#\/schema\/logo\/image\/"},"sameAs":["https:\/\/www.facebook.com\/cvinoticias","https:\/\/www.instagram.com\/cvinoticias\/","https:\/\/www.youtube.com\/@CVINOTICIAS"]},{"@type":"Person","@id":"https:\/\/cvinoticias.com\/v3\/#\/schema\/person\/2db77e3c6bc03c538495d7b2b8be9b66","name":"f1000024","image":{"@type":"ImageObject","inLanguage":"es","@id":"https:\/\/secure.gravatar.com\/avatar\/d4fe7459cfc51ff5129ce1a732bbef5928568b8092d412ef95611616376bbeed?s=96&d=mm&r=g","url":"https:\/\/secure.gravatar.com\/avatar\/d4fe7459cfc51ff5129ce1a732bbef5928568b8092d412ef95611616376bbeed?s=96&d=mm&r=g","contentUrl":"https:\/\/secure.gravatar.com\/avatar\/d4fe7459cfc51ff5129ce1a732bbef5928568b8092d412ef95611616376bbeed?s=96&d=mm&r=g","caption":"f1000024"},"url":"https:\/\/cvinoticias.com\/v3\/author\/f1000024\/"}]}},"_links":{"self":[{"href":"https:\/\/cvinoticias.com\/v3\/wp-json\/wp\/v2\/posts\/21358","targetHints":{"allow":["GET"]}}],"collection":[{"href":"https:\/\/cvinoticias.com\/v3\/wp-json\/wp\/v2\/posts"}],"about":[{"href":"https:\/\/cvinoticias.com\/v3\/wp-json\/wp\/v2\/types\/post"}],"author":[{"embeddable":true,"href":"https:\/\/cvinoticias.com\/v3\/wp-json\/wp\/v2\/users\/2"}],"replies":[{"embeddable":true,"href":"https:\/\/cvinoticias.com\/v3\/wp-json\/wp\/v2\/comments?post=21358"}],"version-history":[{"count":1,"href":"https:\/\/cvinoticias.com\/v3\/wp-json\/wp\/v2\/posts\/21358\/revisions"}],"predecessor-version":[{"id":21362,"href":"https:\/\/cvinoticias.com\/v3\/wp-json\/wp\/v2\/posts\/21358\/revisions\/21362"}],"wp:featuredmedia":[{"embeddable":true,"href":"https:\/\/cvinoticias.com\/v3\/wp-json\/wp\/v2\/media\/21359"}],"wp:attachment":[{"href":"https:\/\/cvinoticias.com\/v3\/wp-json\/wp\/v2\/media?parent=21358"}],"wp:term":[{"taxonomy":"category","embeddable":true,"href":"https:\/\/cvinoticias.com\/v3\/wp-json\/wp\/v2\/categories?post=21358"},{"taxonomy":"post_tag","embeddable":true,"href":"https:\/\/cvinoticias.com\/v3\/wp-json\/wp\/v2\/tags?post=21358"}],"curies":[{"name":"wp","href":"https:\/\/api.w.org\/{rel}","templated":true}]}}