{"id":21352,"date":"2022-12-21T21:30:30","date_gmt":"2022-12-21T21:30:30","guid":{"rendered":"https:\/\/cvinoticias.com\/v3\/?p=21352"},"modified":"2022-12-21T21:30:30","modified_gmt":"2022-12-21T21:30:30","slug":"presentaron-en-la-legislatura-el-libro-construccion-politica-y-gestion-farmaceutica-el-legado-de-un-dirigente-manuel-agotegaray","status":"publish","type":"post","link":"https:\/\/cvinoticias.com\/v3\/presentaron-en-la-legislatura-el-libro-construccion-politica-y-gestion-farmaceutica-el-legado-de-un-dirigente-manuel-agotegaray\/","title":{"rendered":"Presentaron en la Legislatura el libro \u201cConstrucci\u00f3n pol\u00edtica y gesti\u00f3n farmac\u00e9utica, el legado de un dirigente, Manuel Agotegaray\u201d"},"content":{"rendered":"\n<p><strong><em>El encuentro tuvo lugar en el Sal\u00f3n de las Dos Constituciones del Parlamento Misionero. Fue encabezado por el vicepresidente primero del Poder Legislativo, Hugo Passalacqua; el vicegobernador Carlos Arce; la directora de Coordinaci\u00f3n General del Parque de la Salud, Natalia Rodr\u00edguez; el dirigente farmac\u00e9utico Manuel Roberto Agotegaray; y el autor de la publicaci\u00f3n, Manuel Sotelo. Acompa\u00f1aron autoridades provinciales, profesionales de distintos \u00e1mbitos y familiares.<\/em><\/strong><\/p>\n\n\n\n<p>La obra reconstruye la historia farmac\u00e9utica argentina de los \u00faltimos 30 a\u00f1os, con \u00e9nfasis en la trayectoria de Manuel Agotegaray y el nacimiento de la Federaci\u00f3n Farmac\u00e9utica FEFARA, la instituci\u00f3n m\u00e1s joven del sector que concret\u00f3 el deseo de distintos colegios farmac\u00e9uticos del pa\u00eds de lograr un espacio federal de defensa de los intereses del profesional del rubro.<\/p>\n\n\n\n<figure class=\"wp-block-image size-full\"><a href=\"https:\/\/cvinoticias.com\/wp-content\/uploads\/2022\/12\/FB_IMG_1671657422707.jpg\"><img decoding=\"async\" width=\"960\" height=\"841\" data-src=\"https:\/\/cvinoticias.com\/wp-content\/uploads\/2022\/12\/FB_IMG_1671657422707.jpg\" alt=\"\" class=\"wp-image-21353 lazyload\" data-srcset=\"https:\/\/cvinoticias.com\/wp-content\/uploads\/2022\/12\/FB_IMG_1671657422707.jpg 960w, https:\/\/cvinoticias.com\/wp-content\/uploads\/2022\/12\/FB_IMG_1671657422707-300x263.jpg 300w, https:\/\/cvinoticias.com\/wp-content\/uploads\/2022\/12\/FB_IMG_1671657422707-768x673.jpg 768w\" data-sizes=\"(max-width: 960px) 100vw, 960px\" src=\"data:image\/svg+xml;base64,PHN2ZyB3aWR0aD0iMSIgaGVpZ2h0PSIxIiB4bWxucz0iaHR0cDovL3d3dy53My5vcmcvMjAwMC9zdmciPjwvc3ZnPg==\" style=\"--smush-placeholder-width: 960px; --smush-placeholder-aspect-ratio: 960\/841;\" \/><\/a><\/figure>\n\n\n\n<p>La farmac\u00e9utica Natalia Rodr\u00edguez cont\u00f3 la forma en que se pens\u00f3 y concret\u00f3 la obra.<br>La publicaci\u00f3n se distribuir\u00e1 de manera gratuita en formatos impreso y digital porque se trata de \u201cun material institucional, de conceptos fuertes, mensaje claro y lectura agradable\u201d, explic\u00f3 Rodr\u00edguez.<\/p>\n\n\n\n<p>A su turno, el autor, Manuel Sotelo, asegur\u00f3 que \u201cel libro estuvo en la mente de mucha gente, durante mucho tiempo, y faltaba un canal para su concreci\u00f3n\u201d. En ese sentido manifest\u00f3 agradecimiento por \u201cel privilegio de ser ese canal\u201d.<\/p>\n\n\n\n<figure class=\"wp-block-image size-full is-resized\"><a href=\"https:\/\/cvinoticias.com\/wp-content\/uploads\/2022\/12\/FB_IMG_1671657427357.jpg\"><img decoding=\"async\" data-src=\"https:\/\/cvinoticias.com\/wp-content\/uploads\/2022\/12\/FB_IMG_1671657427357.jpg\" alt=\"\" class=\"wp-image-21354 lazyload\" width=\"886\" height=\"968\" data-srcset=\"https:\/\/cvinoticias.com\/wp-content\/uploads\/2022\/12\/FB_IMG_1671657427357.jpg 431w, https:\/\/cvinoticias.com\/wp-content\/uploads\/2022\/12\/FB_IMG_1671657427357-275x300.jpg 275w\" data-sizes=\"(max-width: 886px) 100vw, 886px\" src=\"data:image\/svg+xml;base64,PHN2ZyB3aWR0aD0iMSIgaGVpZ2h0PSIxIiB4bWxucz0iaHR0cDovL3d3dy53My5vcmcvMjAwMC9zdmciPjwvc3ZnPg==\" style=\"--smush-placeholder-width: 886px; --smush-placeholder-aspect-ratio: 886\/968;\" \/><\/a><\/figure>\n\n\n\n<p>M\u00e1s adelante Manuel Agotegaray agradeci\u00f3 el recibimiento, el acompa\u00f1amiento de su familia y rese\u00f1\u00f3 la trayectoria que lo llev\u00f3 de su ciudad natal, Ramallo \u2013provincia de Buenos Aires-, a desempe\u00f1arse en la profesi\u00f3n y como dirigente farmac\u00e9utico por 30 a\u00f1os.<\/p>\n\n\n\n<p>Por \u00faltimo, Carlos Arce reflexion\u00f3 sobre \u201cun concepto que flot\u00f3 en el aire: la palabra \u00e9tica, como un valor en el acto de salud, que tienen que tener todos los integrantes de la cadena que va de la necesidad de un paciente, a la atenci\u00f3n y a la soluci\u00f3n de su problema\u201d.<\/p>\n\n\n\n<p>Asimismo exterioriz\u00f3 el \u201corgullo de participar en una presentaci\u00f3n de este tipo\u201d y ponder\u00f3 el rol de la familia como sost\u00e9n en la historia de vida de personalidades como Agotegaray.<\/p>\n\n\n\n<figure class=\"wp-block-image size-full is-resized\"><a href=\"https:\/\/cvinoticias.com\/wp-content\/uploads\/2022\/12\/FB_IMG_1671657429933.jpg\"><img decoding=\"async\" data-src=\"https:\/\/cvinoticias.com\/wp-content\/uploads\/2022\/12\/FB_IMG_1671657429933.jpg\" alt=\"\" class=\"wp-image-21355 lazyload\" width=\"869\" height=\"761\" data-srcset=\"https:\/\/cvinoticias.com\/wp-content\/uploads\/2022\/12\/FB_IMG_1671657429933.jpg 772w, https:\/\/cvinoticias.com\/wp-content\/uploads\/2022\/12\/FB_IMG_1671657429933-300x263.jpg 300w, https:\/\/cvinoticias.com\/wp-content\/uploads\/2022\/12\/FB_IMG_1671657429933-768x672.jpg 768w\" data-sizes=\"(max-width: 869px) 100vw, 869px\" src=\"data:image\/svg+xml;base64,PHN2ZyB3aWR0aD0iMSIgaGVpZ2h0PSIxIiB4bWxucz0iaHR0cDovL3d3dy53My5vcmcvMjAwMC9zdmciPjwvc3ZnPg==\" style=\"--smush-placeholder-width: 869px; --smush-placeholder-aspect-ratio: 869\/761;\" \/><\/a><\/figure>\n","protected":false},"excerpt":{"rendered":"<p>El encuentro tuvo lugar en el Sal\u00f3n de las Dos Constituciones del Parlamento Misionero. Fue encabezado por el vicepresidente primero del Poder Legislativo, Hugo Passalacqua; el vicegobernador Carlos Arce; la directora de Coordinaci\u00f3n General del Parque de la Salud, Natalia Rodr\u00edguez; el dirigente farmac\u00e9utico Manuel Roberto Agotegaray; y el autor de la publicaci\u00f3n, Manuel Sotelo. [&hellip;]<\/p>\n","protected":false},"author":2,"featured_media":21356,"comment_status":"open","ping_status":"open","sticky":false,"template":"","format":"standard","meta":{"footnotes":""},"categories":[35],"tags":[],"class_list":["post-21352","post","type-post","status-publish","format-standard","has-post-thumbnail","hentry","category-informacion-general"],"yoast_head":"<!-- This site is optimized with the Yoast SEO plugin v27.5 - https:\/\/yoast.com\/product\/yoast-seo-wordpress\/ -->\n<title>Presentaron en la Legislatura el libro \u201cConstrucci\u00f3n pol\u00edtica y gesti\u00f3n farmac\u00e9utica, el legado de un dirigente, Manuel Agotegaray\u201d | CVI NOTICIAS<\/title>\n<meta name=\"robots\" content=\"index, follow, max-snippet:-1, max-image-preview:large, max-video-preview:-1\" \/>\n<link rel=\"canonical\" href=\"https:\/\/cvinoticias.com\/v3\/presentaron-en-la-legislatura-el-libro-construccion-politica-y-gestion-farmaceutica-el-legado-de-un-dirigente-manuel-agotegaray\/\" \/>\n<meta property=\"og:locale\" content=\"es_ES\" \/>\n<meta property=\"og:type\" content=\"article\" \/>\n<meta property=\"og:title\" content=\"Presentaron en la Legislatura el libro \u201cConstrucci\u00f3n pol\u00edtica y gesti\u00f3n farmac\u00e9utica, el legado de un dirigente, Manuel Agotegaray\u201d | CVI NOTICIAS\" \/>\n<meta property=\"og:description\" content=\"El encuentro tuvo lugar en el Sal\u00f3n de las Dos Constituciones del Parlamento Misionero. Fue encabezado por el vicepresidente primero del Poder Legislativo, Hugo Passalacqua; el vicegobernador Carlos Arce; la directora de Coordinaci\u00f3n General del Parque de la Salud, Natalia Rodr\u00edguez; el dirigente farmac\u00e9utico Manuel Roberto Agotegaray; y el autor de la publicaci\u00f3n, Manuel Sotelo. [&hellip;]\" \/>\n<meta property=\"og:url\" content=\"https:\/\/cvinoticias.com\/v3\/presentaron-en-la-legislatura-el-libro-construccion-politica-y-gestion-farmaceutica-el-legado-de-un-dirigente-manuel-agotegaray\/\" \/>\n<meta property=\"og:site_name\" content=\"CVI NOTICIAS\" \/>\n<meta property=\"article:publisher\" content=\"https:\/\/www.facebook.com\/cvinoticias\" \/>\n<meta property=\"article:published_time\" content=\"2022-12-21T21:30:30+00:00\" \/>\n<meta property=\"og:image\" content=\"https:\/\/cvinoticias.com\/wp-content\/uploads\/2022\/12\/FB_IMG_1671657420461.jpg\" \/>\n\t<meta property=\"og:image:width\" content=\"772\" \/>\n\t<meta property=\"og:image:height\" content=\"676\" \/>\n\t<meta property=\"og:image:type\" content=\"image\/jpeg\" \/>\n<meta name=\"author\" content=\"f1000024\" \/>\n<meta name=\"twitter:card\" content=\"summary_large_image\" \/>\n<meta name=\"twitter:label1\" content=\"Escrito por\" \/>\n\t<meta name=\"twitter:data1\" content=\"f1000024\" \/>\n\t<meta name=\"twitter:label2\" content=\"Tiempo de lectura\" \/>\n\t<meta name=\"twitter:data2\" content=\"2 minutos\" \/>\n<script type=\"application\/ld+json\" class=\"yoast-schema-graph\">{\"@context\":\"https:\\\/\\\/schema.org\",\"@graph\":[{\"@type\":\"Article\",\"@id\":\"https:\\\/\\\/cvinoticias.com\\\/v3\\\/presentaron-en-la-legislatura-el-libro-construccion-politica-y-gestion-farmaceutica-el-legado-de-un-dirigente-manuel-agotegaray\\\/#article\",\"isPartOf\":{\"@id\":\"https:\\\/\\\/cvinoticias.com\\\/v3\\\/presentaron-en-la-legislatura-el-libro-construccion-politica-y-gestion-farmaceutica-el-legado-de-un-dirigente-manuel-agotegaray\\\/\"},\"author\":{\"name\":\"f1000024\",\"@id\":\"https:\\\/\\\/cvinoticias.com\\\/v3\\\/#\\\/schema\\\/person\\\/2db77e3c6bc03c538495d7b2b8be9b66\"},\"headline\":\"Presentaron en la Legislatura el libro \u201cConstrucci\u00f3n pol\u00edtica y gesti\u00f3n farmac\u00e9utica, el legado de un dirigente, Manuel Agotegaray\u201d\",\"datePublished\":\"2022-12-21T21:30:30+00:00\",\"mainEntityOfPage\":{\"@id\":\"https:\\\/\\\/cvinoticias.com\\\/v3\\\/presentaron-en-la-legislatura-el-libro-construccion-politica-y-gestion-farmaceutica-el-legado-de-un-dirigente-manuel-agotegaray\\\/\"},\"wordCount\":377,\"commentCount\":0,\"publisher\":{\"@id\":\"https:\\\/\\\/cvinoticias.com\\\/v3\\\/#organization\"},\"image\":{\"@id\":\"https:\\\/\\\/cvinoticias.com\\\/v3\\\/presentaron-en-la-legislatura-el-libro-construccion-politica-y-gestion-farmaceutica-el-legado-de-un-dirigente-manuel-agotegaray\\\/#primaryimage\"},\"thumbnailUrl\":\"https:\\\/\\\/cvinoticias.com\\\/wp-content\\\/uploads\\\/2022\\\/12\\\/FB_IMG_1671657420461.jpg\",\"articleSection\":[\"Informaci\u00f3n General\"],\"inLanguage\":\"es\",\"potentialAction\":[{\"@type\":\"CommentAction\",\"name\":\"Comment\",\"target\":[\"https:\\\/\\\/cvinoticias.com\\\/v3\\\/presentaron-en-la-legislatura-el-libro-construccion-politica-y-gestion-farmaceutica-el-legado-de-un-dirigente-manuel-agotegaray\\\/#respond\"]}]},{\"@type\":\"WebPage\",\"@id\":\"https:\\\/\\\/cvinoticias.com\\\/v3\\\/presentaron-en-la-legislatura-el-libro-construccion-politica-y-gestion-farmaceutica-el-legado-de-un-dirigente-manuel-agotegaray\\\/\",\"url\":\"https:\\\/\\\/cvinoticias.com\\\/v3\\\/presentaron-en-la-legislatura-el-libro-construccion-politica-y-gestion-farmaceutica-el-legado-de-un-dirigente-manuel-agotegaray\\\/\",\"name\":\"Presentaron en la Legislatura el libro \u201cConstrucci\u00f3n pol\u00edtica y gesti\u00f3n farmac\u00e9utica, el legado de un dirigente, Manuel Agotegaray\u201d | CVI NOTICIAS\",\"isPartOf\":{\"@id\":\"https:\\\/\\\/cvinoticias.com\\\/v3\\\/#website\"},\"primaryImageOfPage\":{\"@id\":\"https:\\\/\\\/cvinoticias.com\\\/v3\\\/presentaron-en-la-legislatura-el-libro-construccion-politica-y-gestion-farmaceutica-el-legado-de-un-dirigente-manuel-agotegaray\\\/#primaryimage\"},\"image\":{\"@id\":\"https:\\\/\\\/cvinoticias.com\\\/v3\\\/presentaron-en-la-legislatura-el-libro-construccion-politica-y-gestion-farmaceutica-el-legado-de-un-dirigente-manuel-agotegaray\\\/#primaryimage\"},\"thumbnailUrl\":\"https:\\\/\\\/cvinoticias.com\\\/wp-content\\\/uploads\\\/2022\\\/12\\\/FB_IMG_1671657420461.jpg\",\"datePublished\":\"2022-12-21T21:30:30+00:00\",\"breadcrumb\":{\"@id\":\"https:\\\/\\\/cvinoticias.com\\\/v3\\\/presentaron-en-la-legislatura-el-libro-construccion-politica-y-gestion-farmaceutica-el-legado-de-un-dirigente-manuel-agotegaray\\\/#breadcrumb\"},\"inLanguage\":\"es\",\"potentialAction\":[{\"@type\":\"ReadAction\",\"target\":[\"https:\\\/\\\/cvinoticias.com\\\/v3\\\/presentaron-en-la-legislatura-el-libro-construccion-politica-y-gestion-farmaceutica-el-legado-de-un-dirigente-manuel-agotegaray\\\/\"]}]},{\"@type\":\"ImageObject\",\"inLanguage\":\"es\",\"@id\":\"https:\\\/\\\/cvinoticias.com\\\/v3\\\/presentaron-en-la-legislatura-el-libro-construccion-politica-y-gestion-farmaceutica-el-legado-de-un-dirigente-manuel-agotegaray\\\/#primaryimage\",\"url\":\"https:\\\/\\\/cvinoticias.com\\\/wp-content\\\/uploads\\\/2022\\\/12\\\/FB_IMG_1671657420461.jpg\",\"contentUrl\":\"https:\\\/\\\/cvinoticias.com\\\/wp-content\\\/uploads\\\/2022\\\/12\\\/FB_IMG_1671657420461.jpg\",\"width\":772,\"height\":676},{\"@type\":\"BreadcrumbList\",\"@id\":\"https:\\\/\\\/cvinoticias.com\\\/v3\\\/presentaron-en-la-legislatura-el-libro-construccion-politica-y-gestion-farmaceutica-el-legado-de-un-dirigente-manuel-agotegaray\\\/#breadcrumb\",\"itemListElement\":[{\"@type\":\"ListItem\",\"position\":1,\"name\":\"Portada\",\"item\":\"https:\\\/\\\/cvinoticias.com\\\/v3\\\/\"},{\"@type\":\"ListItem\",\"position\":2,\"name\":\"Presentaron en la Legislatura el libro \u201cConstrucci\u00f3n pol\u00edtica y gesti\u00f3n farmac\u00e9utica, el legado de un dirigente, Manuel Agotegaray\u201d\"}]},{\"@type\":\"WebSite\",\"@id\":\"https:\\\/\\\/cvinoticias.com\\\/v3\\\/#website\",\"url\":\"https:\\\/\\\/cvinoticias.com\\\/v3\\\/\",\"name\":\"CVI NOTICIAS\",\"description\":\"\",\"publisher\":{\"@id\":\"https:\\\/\\\/cvinoticias.com\\\/v3\\\/#organization\"},\"alternateName\":\"CVI\",\"potentialAction\":[{\"@type\":\"SearchAction\",\"target\":{\"@type\":\"EntryPoint\",\"urlTemplate\":\"https:\\\/\\\/cvinoticias.com\\\/v3\\\/?s={search_term_string}\"},\"query-input\":{\"@type\":\"PropertyValueSpecification\",\"valueRequired\":true,\"valueName\":\"search_term_string\"}}],\"inLanguage\":\"es\"},{\"@type\":\"Organization\",\"@id\":\"https:\\\/\\\/cvinoticias.com\\\/v3\\\/#organization\",\"name\":\"CVI NOTICIAS\",\"url\":\"https:\\\/\\\/cvinoticias.com\\\/v3\\\/\",\"logo\":{\"@type\":\"ImageObject\",\"inLanguage\":\"es\",\"@id\":\"https:\\\/\\\/cvinoticias.com\\\/v3\\\/#\\\/schema\\\/logo\\\/image\\\/\",\"url\":\"https:\\\/\\\/cvinoticias.com\\\/wp-content\\\/uploads\\\/2023\\\/04\\\/cropped-cropped-cropped-cropped-cropped-3-1.png\",\"contentUrl\":\"https:\\\/\\\/cvinoticias.com\\\/wp-content\\\/uploads\\\/2023\\\/04\\\/cropped-cropped-cropped-cropped-cropped-3-1.png\",\"width\":95,\"height\":122,\"caption\":\"CVI NOTICIAS\"},\"image\":{\"@id\":\"https:\\\/\\\/cvinoticias.com\\\/v3\\\/#\\\/schema\\\/logo\\\/image\\\/\"},\"sameAs\":[\"https:\\\/\\\/www.facebook.com\\\/cvinoticias\",\"https:\\\/\\\/www.instagram.com\\\/cvinoticias\\\/\",\"https:\\\/\\\/www.youtube.com\\\/@CVINOTICIAS\"]},{\"@type\":\"Person\",\"@id\":\"https:\\\/\\\/cvinoticias.com\\\/v3\\\/#\\\/schema\\\/person\\\/2db77e3c6bc03c538495d7b2b8be9b66\",\"name\":\"f1000024\",\"image\":{\"@type\":\"ImageObject\",\"inLanguage\":\"es\",\"@id\":\"https:\\\/\\\/secure.gravatar.com\\\/avatar\\\/d4fe7459cfc51ff5129ce1a732bbef5928568b8092d412ef95611616376bbeed?s=96&d=mm&r=g\",\"url\":\"https:\\\/\\\/secure.gravatar.com\\\/avatar\\\/d4fe7459cfc51ff5129ce1a732bbef5928568b8092d412ef95611616376bbeed?s=96&d=mm&r=g\",\"contentUrl\":\"https:\\\/\\\/secure.gravatar.com\\\/avatar\\\/d4fe7459cfc51ff5129ce1a732bbef5928568b8092d412ef95611616376bbeed?s=96&d=mm&r=g\",\"caption\":\"f1000024\"},\"url\":\"https:\\\/\\\/cvinoticias.com\\\/v3\\\/author\\\/f1000024\\\/\"}]}<\/script>\n<!-- \/ Yoast SEO plugin. -->","yoast_head_json":{"title":"Presentaron en la Legislatura el libro \u201cConstrucci\u00f3n pol\u00edtica y gesti\u00f3n farmac\u00e9utica, el legado de un dirigente, Manuel Agotegaray\u201d | CVI NOTICIAS","robots":{"index":"index","follow":"follow","max-snippet":"max-snippet:-1","max-image-preview":"max-image-preview:large","max-video-preview":"max-video-preview:-1"},"canonical":"https:\/\/cvinoticias.com\/v3\/presentaron-en-la-legislatura-el-libro-construccion-politica-y-gestion-farmaceutica-el-legado-de-un-dirigente-manuel-agotegaray\/","og_locale":"es_ES","og_type":"article","og_title":"Presentaron en la Legislatura el libro \u201cConstrucci\u00f3n pol\u00edtica y gesti\u00f3n farmac\u00e9utica, el legado de un dirigente, Manuel Agotegaray\u201d | CVI NOTICIAS","og_description":"El encuentro tuvo lugar en el Sal\u00f3n de las Dos Constituciones del Parlamento Misionero. Fue encabezado por el vicepresidente primero del Poder Legislativo, Hugo Passalacqua; el vicegobernador Carlos Arce; la directora de Coordinaci\u00f3n General del Parque de la Salud, Natalia Rodr\u00edguez; el dirigente farmac\u00e9utico Manuel Roberto Agotegaray; y el autor de la publicaci\u00f3n, Manuel Sotelo. [&hellip;]","og_url":"https:\/\/cvinoticias.com\/v3\/presentaron-en-la-legislatura-el-libro-construccion-politica-y-gestion-farmaceutica-el-legado-de-un-dirigente-manuel-agotegaray\/","og_site_name":"CVI NOTICIAS","article_publisher":"https:\/\/www.facebook.com\/cvinoticias","article_published_time":"2022-12-21T21:30:30+00:00","og_image":[{"width":772,"height":676,"url":"https:\/\/cvinoticias.com\/wp-content\/uploads\/2022\/12\/FB_IMG_1671657420461.jpg","type":"image\/jpeg"}],"author":"f1000024","twitter_card":"summary_large_image","twitter_misc":{"Escrito por":"f1000024","Tiempo de lectura":"2 minutos"},"schema":{"@context":"https:\/\/schema.org","@graph":[{"@type":"Article","@id":"https:\/\/cvinoticias.com\/v3\/presentaron-en-la-legislatura-el-libro-construccion-politica-y-gestion-farmaceutica-el-legado-de-un-dirigente-manuel-agotegaray\/#article","isPartOf":{"@id":"https:\/\/cvinoticias.com\/v3\/presentaron-en-la-legislatura-el-libro-construccion-politica-y-gestion-farmaceutica-el-legado-de-un-dirigente-manuel-agotegaray\/"},"author":{"name":"f1000024","@id":"https:\/\/cvinoticias.com\/v3\/#\/schema\/person\/2db77e3c6bc03c538495d7b2b8be9b66"},"headline":"Presentaron en la Legislatura el libro \u201cConstrucci\u00f3n pol\u00edtica y gesti\u00f3n farmac\u00e9utica, el legado de un dirigente, Manuel Agotegaray\u201d","datePublished":"2022-12-21T21:30:30+00:00","mainEntityOfPage":{"@id":"https:\/\/cvinoticias.com\/v3\/presentaron-en-la-legislatura-el-libro-construccion-politica-y-gestion-farmaceutica-el-legado-de-un-dirigente-manuel-agotegaray\/"},"wordCount":377,"commentCount":0,"publisher":{"@id":"https:\/\/cvinoticias.com\/v3\/#organization"},"image":{"@id":"https:\/\/cvinoticias.com\/v3\/presentaron-en-la-legislatura-el-libro-construccion-politica-y-gestion-farmaceutica-el-legado-de-un-dirigente-manuel-agotegaray\/#primaryimage"},"thumbnailUrl":"https:\/\/cvinoticias.com\/wp-content\/uploads\/2022\/12\/FB_IMG_1671657420461.jpg","articleSection":["Informaci\u00f3n General"],"inLanguage":"es","potentialAction":[{"@type":"CommentAction","name":"Comment","target":["https:\/\/cvinoticias.com\/v3\/presentaron-en-la-legislatura-el-libro-construccion-politica-y-gestion-farmaceutica-el-legado-de-un-dirigente-manuel-agotegaray\/#respond"]}]},{"@type":"WebPage","@id":"https:\/\/cvinoticias.com\/v3\/presentaron-en-la-legislatura-el-libro-construccion-politica-y-gestion-farmaceutica-el-legado-de-un-dirigente-manuel-agotegaray\/","url":"https:\/\/cvinoticias.com\/v3\/presentaron-en-la-legislatura-el-libro-construccion-politica-y-gestion-farmaceutica-el-legado-de-un-dirigente-manuel-agotegaray\/","name":"Presentaron en la Legislatura el libro \u201cConstrucci\u00f3n pol\u00edtica y gesti\u00f3n farmac\u00e9utica, el legado de un dirigente, Manuel Agotegaray\u201d | CVI NOTICIAS","isPartOf":{"@id":"https:\/\/cvinoticias.com\/v3\/#website"},"primaryImageOfPage":{"@id":"https:\/\/cvinoticias.com\/v3\/presentaron-en-la-legislatura-el-libro-construccion-politica-y-gestion-farmaceutica-el-legado-de-un-dirigente-manuel-agotegaray\/#primaryimage"},"image":{"@id":"https:\/\/cvinoticias.com\/v3\/presentaron-en-la-legislatura-el-libro-construccion-politica-y-gestion-farmaceutica-el-legado-de-un-dirigente-manuel-agotegaray\/#primaryimage"},"thumbnailUrl":"https:\/\/cvinoticias.com\/wp-content\/uploads\/2022\/12\/FB_IMG_1671657420461.jpg","datePublished":"2022-12-21T21:30:30+00:00","breadcrumb":{"@id":"https:\/\/cvinoticias.com\/v3\/presentaron-en-la-legislatura-el-libro-construccion-politica-y-gestion-farmaceutica-el-legado-de-un-dirigente-manuel-agotegaray\/#breadcrumb"},"inLanguage":"es","potentialAction":[{"@type":"ReadAction","target":["https:\/\/cvinoticias.com\/v3\/presentaron-en-la-legislatura-el-libro-construccion-politica-y-gestion-farmaceutica-el-legado-de-un-dirigente-manuel-agotegaray\/"]}]},{"@type":"ImageObject","inLanguage":"es","@id":"https:\/\/cvinoticias.com\/v3\/presentaron-en-la-legislatura-el-libro-construccion-politica-y-gestion-farmaceutica-el-legado-de-un-dirigente-manuel-agotegaray\/#primaryimage","url":"https:\/\/cvinoticias.com\/wp-content\/uploads\/2022\/12\/FB_IMG_1671657420461.jpg","contentUrl":"https:\/\/cvinoticias.com\/wp-content\/uploads\/2022\/12\/FB_IMG_1671657420461.jpg","width":772,"height":676},{"@type":"BreadcrumbList","@id":"https:\/\/cvinoticias.com\/v3\/presentaron-en-la-legislatura-el-libro-construccion-politica-y-gestion-farmaceutica-el-legado-de-un-dirigente-manuel-agotegaray\/#breadcrumb","itemListElement":[{"@type":"ListItem","position":1,"name":"Portada","item":"https:\/\/cvinoticias.com\/v3\/"},{"@type":"ListItem","position":2,"name":"Presentaron en la Legislatura el libro \u201cConstrucci\u00f3n pol\u00edtica y gesti\u00f3n farmac\u00e9utica, el legado de un dirigente, Manuel Agotegaray\u201d"}]},{"@type":"WebSite","@id":"https:\/\/cvinoticias.com\/v3\/#website","url":"https:\/\/cvinoticias.com\/v3\/","name":"CVI NOTICIAS","description":"","publisher":{"@id":"https:\/\/cvinoticias.com\/v3\/#organization"},"alternateName":"CVI","potentialAction":[{"@type":"SearchAction","target":{"@type":"EntryPoint","urlTemplate":"https:\/\/cvinoticias.com\/v3\/?s={search_term_string}"},"query-input":{"@type":"PropertyValueSpecification","valueRequired":true,"valueName":"search_term_string"}}],"inLanguage":"es"},{"@type":"Organization","@id":"https:\/\/cvinoticias.com\/v3\/#organization","name":"CVI NOTICIAS","url":"https:\/\/cvinoticias.com\/v3\/","logo":{"@type":"ImageObject","inLanguage":"es","@id":"https:\/\/cvinoticias.com\/v3\/#\/schema\/logo\/image\/","url":"https:\/\/cvinoticias.com\/wp-content\/uploads\/2023\/04\/cropped-cropped-cropped-cropped-cropped-3-1.png","contentUrl":"https:\/\/cvinoticias.com\/wp-content\/uploads\/2023\/04\/cropped-cropped-cropped-cropped-cropped-3-1.png","width":95,"height":122,"caption":"CVI NOTICIAS"},"image":{"@id":"https:\/\/cvinoticias.com\/v3\/#\/schema\/logo\/image\/"},"sameAs":["https:\/\/www.facebook.com\/cvinoticias","https:\/\/www.instagram.com\/cvinoticias\/","https:\/\/www.youtube.com\/@CVINOTICIAS"]},{"@type":"Person","@id":"https:\/\/cvinoticias.com\/v3\/#\/schema\/person\/2db77e3c6bc03c538495d7b2b8be9b66","name":"f1000024","image":{"@type":"ImageObject","inLanguage":"es","@id":"https:\/\/secure.gravatar.com\/avatar\/d4fe7459cfc51ff5129ce1a732bbef5928568b8092d412ef95611616376bbeed?s=96&d=mm&r=g","url":"https:\/\/secure.gravatar.com\/avatar\/d4fe7459cfc51ff5129ce1a732bbef5928568b8092d412ef95611616376bbeed?s=96&d=mm&r=g","contentUrl":"https:\/\/secure.gravatar.com\/avatar\/d4fe7459cfc51ff5129ce1a732bbef5928568b8092d412ef95611616376bbeed?s=96&d=mm&r=g","caption":"f1000024"},"url":"https:\/\/cvinoticias.com\/v3\/author\/f1000024\/"}]}},"_links":{"self":[{"href":"https:\/\/cvinoticias.com\/v3\/wp-json\/wp\/v2\/posts\/21352","targetHints":{"allow":["GET"]}}],"collection":[{"href":"https:\/\/cvinoticias.com\/v3\/wp-json\/wp\/v2\/posts"}],"about":[{"href":"https:\/\/cvinoticias.com\/v3\/wp-json\/wp\/v2\/types\/post"}],"author":[{"embeddable":true,"href":"https:\/\/cvinoticias.com\/v3\/wp-json\/wp\/v2\/users\/2"}],"replies":[{"embeddable":true,"href":"https:\/\/cvinoticias.com\/v3\/wp-json\/wp\/v2\/comments?post=21352"}],"version-history":[{"count":1,"href":"https:\/\/cvinoticias.com\/v3\/wp-json\/wp\/v2\/posts\/21352\/revisions"}],"predecessor-version":[{"id":21357,"href":"https:\/\/cvinoticias.com\/v3\/wp-json\/wp\/v2\/posts\/21352\/revisions\/21357"}],"wp:featuredmedia":[{"embeddable":true,"href":"https:\/\/cvinoticias.com\/v3\/wp-json\/wp\/v2\/media\/21356"}],"wp:attachment":[{"href":"https:\/\/cvinoticias.com\/v3\/wp-json\/wp\/v2\/media?parent=21352"}],"wp:term":[{"taxonomy":"category","embeddable":true,"href":"https:\/\/cvinoticias.com\/v3\/wp-json\/wp\/v2\/categories?post=21352"},{"taxonomy":"post_tag","embeddable":true,"href":"https:\/\/cvinoticias.com\/v3\/wp-json\/wp\/v2\/tags?post=21352"}],"curies":[{"name":"wp","href":"https:\/\/api.w.org\/{rel}","templated":true}]}}