{"id":21349,"date":"2022-12-21T15:29:40","date_gmt":"2022-12-21T15:29:40","guid":{"rendered":"https:\/\/cvinoticias.com\/v3\/?p=21349"},"modified":"2022-12-21T15:29:40","modified_gmt":"2022-12-21T15:29:40","slug":"fotos-que-hablan-ausencias-que-gritan","status":"publish","type":"post","link":"https:\/\/cvinoticias.com\/v3\/fotos-que-hablan-ausencias-que-gritan\/","title":{"rendered":"Fotos que hablan, ausencias que gritan."},"content":{"rendered":"\n<p><strong><em>La campa\u00f1a se puso en marcha con el anuncio de la formula renovadora que llevar\u00e1 en su boleta a Hugo Passalacqua y a Lucas Romero Spinelli en las pr\u00f3ximas elecciones provinciales del 7 de mayo.<\/em><\/strong><\/p>\n\n\n\n<p>Los que todav\u00eda tienen dudas son los cambiemitos. Hace unos d\u00edas vio la luz una publicaci\u00f3n del presidente del bloque radical, Pepe Pianesi junto a Mart\u00edn Goerling (el bendecido de la presidente del PRO Pato Bullrich) en una reuni\u00f3n que busca definiciones en el frente. Mientras los dirigentes est\u00e1n \u201cproyectando, organizando y trabajando en el armado\u201d, Pianesi recorre la provincia con posibles candidatos y el PRO inaugura locales sin parar, Arjol brilla por su ausencia.<\/p>\n\n\n\n<p>Heidegger dec\u00eda que quien piensa a lo grande tiene que equivocarse a lo grande; pero el todav\u00eda Diputado Nacional, Mart\u00edn Arjol, no aparece ni para equivocarse chiquito. Mientras su frente debe apurarse en definir, Arjol se encuentra naufragando en el mar de las ambiguedades. No hace declaraciones pol\u00edticas, estuvo ausente del acto por los 39 a\u00f1os de democracia que organiz\u00f3 su partido y su l\u00ednea interna sigue sufriendo fugas a la renovaci\u00f3n. En el momento donde debe bajar l\u00ednea, m\u00e1s que nunca, Arjol sigue esperando el milagro de la Navidad que lo coloque de candidato al frente de JxC.<\/p>\n\n\n\n<p>San Agust\u00edn dec\u00eda que se aferran a su parecer, no por verdadero sino por suyo y, seg\u00fan fuentes cercanas, es bastante autoritario en lo que piensa. Por creerse el due\u00f1o absoluto de los votos, conf\u00eda en que estos lo bendigan. Evidencias de no entender en absoluto c\u00f3mo funciona el Poder.<\/p>\n\n\n\n<p>Pareciera que se ausent\u00f3 de todas las clases de Teor\u00eda del Estado, pero para definir al Poder hay que decir que es \u201cestar en condiciones de hacer determinada cosa por no haber nada que lo impida\u201d, y a la casta radical le cuesta mucho entender que la pol\u00edtica ya no es como en los 80\u2019s y para estar en condiciones hay que trabajar por tener soluciones a las demandas del soberano.<br>Ya no hay mucho tiempo para detener la marcha, reconstruir filas y hacer balance de circunstancias, como dec\u00eda un caudillo radical. Arjol est\u00e1 llegando muy tarde a la discusi\u00f3n y a este paso, solamente le quedar\u00e1 una oficina con linda vista al Congreso en Rivadavia 1841, CABA.<\/p>\n\n\n\n<p><strong>Por Emilia Guevara<br>Licenciada en Periodismo (USAL) \u2013 Maestrando en Gobierno (UBA).<\/strong><\/p>\n","protected":false},"excerpt":{"rendered":"<p>La campa\u00f1a se puso en marcha con el anuncio de la formula renovadora que llevar\u00e1 en su boleta a Hugo Passalacqua y a Lucas Romero Spinelli en las pr\u00f3ximas elecciones provinciales del 7 de mayo. Los que todav\u00eda tienen dudas son los cambiemitos. Hace unos d\u00edas vio la luz una publicaci\u00f3n del presidente del bloque [&hellip;]<\/p>\n","protected":false},"author":2,"featured_media":21350,"comment_status":"open","ping_status":"open","sticky":false,"template":"","format":"standard","meta":{"footnotes":""},"categories":[42],"tags":[],"class_list":["post-21349","post","type-post","status-publish","format-standard","has-post-thumbnail","hentry","category-politica"],"yoast_head":"<!-- This site is optimized with the Yoast SEO plugin v27.5 - https:\/\/yoast.com\/product\/yoast-seo-wordpress\/ -->\n<title>Fotos que hablan, ausencias que gritan. | CVI NOTICIAS<\/title>\n<meta name=\"robots\" content=\"index, follow, max-snippet:-1, max-image-preview:large, max-video-preview:-1\" \/>\n<link rel=\"canonical\" href=\"https:\/\/cvinoticias.com\/v3\/fotos-que-hablan-ausencias-que-gritan\/\" \/>\n<meta property=\"og:locale\" content=\"es_ES\" \/>\n<meta property=\"og:type\" content=\"article\" \/>\n<meta property=\"og:title\" content=\"Fotos que hablan, ausencias que gritan. | CVI NOTICIAS\" \/>\n<meta property=\"og:description\" content=\"La campa\u00f1a se puso en marcha con el anuncio de la formula renovadora que llevar\u00e1 en su boleta a Hugo Passalacqua y a Lucas Romero Spinelli en las pr\u00f3ximas elecciones provinciales del 7 de mayo. Los que todav\u00eda tienen dudas son los cambiemitos. Hace unos d\u00edas vio la luz una publicaci\u00f3n del presidente del bloque [&hellip;]\" \/>\n<meta property=\"og:url\" content=\"https:\/\/cvinoticias.com\/v3\/fotos-que-hablan-ausencias-que-gritan\/\" \/>\n<meta property=\"og:site_name\" content=\"CVI NOTICIAS\" \/>\n<meta property=\"article:publisher\" content=\"https:\/\/www.facebook.com\/cvinoticias\" \/>\n<meta property=\"article:published_time\" content=\"2022-12-21T15:29:40+00:00\" \/>\n<meta property=\"og:image\" content=\"https:\/\/cvinoticias.com\/wp-content\/uploads\/2022\/12\/IMG-20221221-WA0053.jpg\" \/>\n\t<meta property=\"og:image:width\" content=\"906\" \/>\n\t<meta property=\"og:image:height\" content=\"906\" \/>\n\t<meta property=\"og:image:type\" content=\"image\/jpeg\" \/>\n<meta name=\"author\" content=\"f1000024\" \/>\n<meta name=\"twitter:card\" content=\"summary_large_image\" \/>\n<meta name=\"twitter:label1\" content=\"Escrito por\" \/>\n\t<meta name=\"twitter:data1\" content=\"f1000024\" \/>\n\t<meta name=\"twitter:label2\" content=\"Tiempo de lectura\" \/>\n\t<meta name=\"twitter:data2\" content=\"2 minutos\" \/>\n<script type=\"application\/ld+json\" class=\"yoast-schema-graph\">{\"@context\":\"https:\\\/\\\/schema.org\",\"@graph\":[{\"@type\":\"Article\",\"@id\":\"https:\\\/\\\/cvinoticias.com\\\/v3\\\/fotos-que-hablan-ausencias-que-gritan\\\/#article\",\"isPartOf\":{\"@id\":\"https:\\\/\\\/cvinoticias.com\\\/v3\\\/fotos-que-hablan-ausencias-que-gritan\\\/\"},\"author\":{\"name\":\"f1000024\",\"@id\":\"https:\\\/\\\/cvinoticias.com\\\/v3\\\/#\\\/schema\\\/person\\\/2db77e3c6bc03c538495d7b2b8be9b66\"},\"headline\":\"Fotos que hablan, ausencias que gritan.\",\"datePublished\":\"2022-12-21T15:29:40+00:00\",\"mainEntityOfPage\":{\"@id\":\"https:\\\/\\\/cvinoticias.com\\\/v3\\\/fotos-que-hablan-ausencias-que-gritan\\\/\"},\"wordCount\":417,\"commentCount\":0,\"publisher\":{\"@id\":\"https:\\\/\\\/cvinoticias.com\\\/v3\\\/#organization\"},\"image\":{\"@id\":\"https:\\\/\\\/cvinoticias.com\\\/v3\\\/fotos-que-hablan-ausencias-que-gritan\\\/#primaryimage\"},\"thumbnailUrl\":\"https:\\\/\\\/cvinoticias.com\\\/wp-content\\\/uploads\\\/2022\\\/12\\\/IMG-20221221-WA0053.jpg\",\"articleSection\":[\"Politica\"],\"inLanguage\":\"es\",\"potentialAction\":[{\"@type\":\"CommentAction\",\"name\":\"Comment\",\"target\":[\"https:\\\/\\\/cvinoticias.com\\\/v3\\\/fotos-que-hablan-ausencias-que-gritan\\\/#respond\"]}]},{\"@type\":\"WebPage\",\"@id\":\"https:\\\/\\\/cvinoticias.com\\\/v3\\\/fotos-que-hablan-ausencias-que-gritan\\\/\",\"url\":\"https:\\\/\\\/cvinoticias.com\\\/v3\\\/fotos-que-hablan-ausencias-que-gritan\\\/\",\"name\":\"Fotos que hablan, ausencias que gritan. | CVI NOTICIAS\",\"isPartOf\":{\"@id\":\"https:\\\/\\\/cvinoticias.com\\\/v3\\\/#website\"},\"primaryImageOfPage\":{\"@id\":\"https:\\\/\\\/cvinoticias.com\\\/v3\\\/fotos-que-hablan-ausencias-que-gritan\\\/#primaryimage\"},\"image\":{\"@id\":\"https:\\\/\\\/cvinoticias.com\\\/v3\\\/fotos-que-hablan-ausencias-que-gritan\\\/#primaryimage\"},\"thumbnailUrl\":\"https:\\\/\\\/cvinoticias.com\\\/wp-content\\\/uploads\\\/2022\\\/12\\\/IMG-20221221-WA0053.jpg\",\"datePublished\":\"2022-12-21T15:29:40+00:00\",\"breadcrumb\":{\"@id\":\"https:\\\/\\\/cvinoticias.com\\\/v3\\\/fotos-que-hablan-ausencias-que-gritan\\\/#breadcrumb\"},\"inLanguage\":\"es\",\"potentialAction\":[{\"@type\":\"ReadAction\",\"target\":[\"https:\\\/\\\/cvinoticias.com\\\/v3\\\/fotos-que-hablan-ausencias-que-gritan\\\/\"]}]},{\"@type\":\"ImageObject\",\"inLanguage\":\"es\",\"@id\":\"https:\\\/\\\/cvinoticias.com\\\/v3\\\/fotos-que-hablan-ausencias-que-gritan\\\/#primaryimage\",\"url\":\"https:\\\/\\\/cvinoticias.com\\\/wp-content\\\/uploads\\\/2022\\\/12\\\/IMG-20221221-WA0053.jpg\",\"contentUrl\":\"https:\\\/\\\/cvinoticias.com\\\/wp-content\\\/uploads\\\/2022\\\/12\\\/IMG-20221221-WA0053.jpg\",\"width\":906,\"height\":906},{\"@type\":\"BreadcrumbList\",\"@id\":\"https:\\\/\\\/cvinoticias.com\\\/v3\\\/fotos-que-hablan-ausencias-que-gritan\\\/#breadcrumb\",\"itemListElement\":[{\"@type\":\"ListItem\",\"position\":1,\"name\":\"Portada\",\"item\":\"https:\\\/\\\/cvinoticias.com\\\/v3\\\/\"},{\"@type\":\"ListItem\",\"position\":2,\"name\":\"Fotos que hablan, ausencias que gritan.\"}]},{\"@type\":\"WebSite\",\"@id\":\"https:\\\/\\\/cvinoticias.com\\\/v3\\\/#website\",\"url\":\"https:\\\/\\\/cvinoticias.com\\\/v3\\\/\",\"name\":\"CVI NOTICIAS\",\"description\":\"\",\"publisher\":{\"@id\":\"https:\\\/\\\/cvinoticias.com\\\/v3\\\/#organization\"},\"alternateName\":\"CVI\",\"potentialAction\":[{\"@type\":\"SearchAction\",\"target\":{\"@type\":\"EntryPoint\",\"urlTemplate\":\"https:\\\/\\\/cvinoticias.com\\\/v3\\\/?s={search_term_string}\"},\"query-input\":{\"@type\":\"PropertyValueSpecification\",\"valueRequired\":true,\"valueName\":\"search_term_string\"}}],\"inLanguage\":\"es\"},{\"@type\":\"Organization\",\"@id\":\"https:\\\/\\\/cvinoticias.com\\\/v3\\\/#organization\",\"name\":\"CVI NOTICIAS\",\"url\":\"https:\\\/\\\/cvinoticias.com\\\/v3\\\/\",\"logo\":{\"@type\":\"ImageObject\",\"inLanguage\":\"es\",\"@id\":\"https:\\\/\\\/cvinoticias.com\\\/v3\\\/#\\\/schema\\\/logo\\\/image\\\/\",\"url\":\"https:\\\/\\\/cvinoticias.com\\\/wp-content\\\/uploads\\\/2023\\\/04\\\/cropped-cropped-cropped-cropped-cropped-3-1.png\",\"contentUrl\":\"https:\\\/\\\/cvinoticias.com\\\/wp-content\\\/uploads\\\/2023\\\/04\\\/cropped-cropped-cropped-cropped-cropped-3-1.png\",\"width\":95,\"height\":122,\"caption\":\"CVI NOTICIAS\"},\"image\":{\"@id\":\"https:\\\/\\\/cvinoticias.com\\\/v3\\\/#\\\/schema\\\/logo\\\/image\\\/\"},\"sameAs\":[\"https:\\\/\\\/www.facebook.com\\\/cvinoticias\",\"https:\\\/\\\/www.instagram.com\\\/cvinoticias\\\/\",\"https:\\\/\\\/www.youtube.com\\\/@CVINOTICIAS\"]},{\"@type\":\"Person\",\"@id\":\"https:\\\/\\\/cvinoticias.com\\\/v3\\\/#\\\/schema\\\/person\\\/2db77e3c6bc03c538495d7b2b8be9b66\",\"name\":\"f1000024\",\"image\":{\"@type\":\"ImageObject\",\"inLanguage\":\"es\",\"@id\":\"https:\\\/\\\/secure.gravatar.com\\\/avatar\\\/d4fe7459cfc51ff5129ce1a732bbef5928568b8092d412ef95611616376bbeed?s=96&d=mm&r=g\",\"url\":\"https:\\\/\\\/secure.gravatar.com\\\/avatar\\\/d4fe7459cfc51ff5129ce1a732bbef5928568b8092d412ef95611616376bbeed?s=96&d=mm&r=g\",\"contentUrl\":\"https:\\\/\\\/secure.gravatar.com\\\/avatar\\\/d4fe7459cfc51ff5129ce1a732bbef5928568b8092d412ef95611616376bbeed?s=96&d=mm&r=g\",\"caption\":\"f1000024\"},\"url\":\"https:\\\/\\\/cvinoticias.com\\\/v3\\\/author\\\/f1000024\\\/\"}]}<\/script>\n<!-- \/ Yoast SEO plugin. -->","yoast_head_json":{"title":"Fotos que hablan, ausencias que gritan. | CVI NOTICIAS","robots":{"index":"index","follow":"follow","max-snippet":"max-snippet:-1","max-image-preview":"max-image-preview:large","max-video-preview":"max-video-preview:-1"},"canonical":"https:\/\/cvinoticias.com\/v3\/fotos-que-hablan-ausencias-que-gritan\/","og_locale":"es_ES","og_type":"article","og_title":"Fotos que hablan, ausencias que gritan. | CVI NOTICIAS","og_description":"La campa\u00f1a se puso en marcha con el anuncio de la formula renovadora que llevar\u00e1 en su boleta a Hugo Passalacqua y a Lucas Romero Spinelli en las pr\u00f3ximas elecciones provinciales del 7 de mayo. Los que todav\u00eda tienen dudas son los cambiemitos. Hace unos d\u00edas vio la luz una publicaci\u00f3n del presidente del bloque [&hellip;]","og_url":"https:\/\/cvinoticias.com\/v3\/fotos-que-hablan-ausencias-que-gritan\/","og_site_name":"CVI NOTICIAS","article_publisher":"https:\/\/www.facebook.com\/cvinoticias","article_published_time":"2022-12-21T15:29:40+00:00","og_image":[{"width":906,"height":906,"url":"https:\/\/cvinoticias.com\/wp-content\/uploads\/2022\/12\/IMG-20221221-WA0053.jpg","type":"image\/jpeg"}],"author":"f1000024","twitter_card":"summary_large_image","twitter_misc":{"Escrito por":"f1000024","Tiempo de lectura":"2 minutos"},"schema":{"@context":"https:\/\/schema.org","@graph":[{"@type":"Article","@id":"https:\/\/cvinoticias.com\/v3\/fotos-que-hablan-ausencias-que-gritan\/#article","isPartOf":{"@id":"https:\/\/cvinoticias.com\/v3\/fotos-que-hablan-ausencias-que-gritan\/"},"author":{"name":"f1000024","@id":"https:\/\/cvinoticias.com\/v3\/#\/schema\/person\/2db77e3c6bc03c538495d7b2b8be9b66"},"headline":"Fotos que hablan, ausencias que gritan.","datePublished":"2022-12-21T15:29:40+00:00","mainEntityOfPage":{"@id":"https:\/\/cvinoticias.com\/v3\/fotos-que-hablan-ausencias-que-gritan\/"},"wordCount":417,"commentCount":0,"publisher":{"@id":"https:\/\/cvinoticias.com\/v3\/#organization"},"image":{"@id":"https:\/\/cvinoticias.com\/v3\/fotos-que-hablan-ausencias-que-gritan\/#primaryimage"},"thumbnailUrl":"https:\/\/cvinoticias.com\/wp-content\/uploads\/2022\/12\/IMG-20221221-WA0053.jpg","articleSection":["Politica"],"inLanguage":"es","potentialAction":[{"@type":"CommentAction","name":"Comment","target":["https:\/\/cvinoticias.com\/v3\/fotos-que-hablan-ausencias-que-gritan\/#respond"]}]},{"@type":"WebPage","@id":"https:\/\/cvinoticias.com\/v3\/fotos-que-hablan-ausencias-que-gritan\/","url":"https:\/\/cvinoticias.com\/v3\/fotos-que-hablan-ausencias-que-gritan\/","name":"Fotos que hablan, ausencias que gritan. | CVI NOTICIAS","isPartOf":{"@id":"https:\/\/cvinoticias.com\/v3\/#website"},"primaryImageOfPage":{"@id":"https:\/\/cvinoticias.com\/v3\/fotos-que-hablan-ausencias-que-gritan\/#primaryimage"},"image":{"@id":"https:\/\/cvinoticias.com\/v3\/fotos-que-hablan-ausencias-que-gritan\/#primaryimage"},"thumbnailUrl":"https:\/\/cvinoticias.com\/wp-content\/uploads\/2022\/12\/IMG-20221221-WA0053.jpg","datePublished":"2022-12-21T15:29:40+00:00","breadcrumb":{"@id":"https:\/\/cvinoticias.com\/v3\/fotos-que-hablan-ausencias-que-gritan\/#breadcrumb"},"inLanguage":"es","potentialAction":[{"@type":"ReadAction","target":["https:\/\/cvinoticias.com\/v3\/fotos-que-hablan-ausencias-que-gritan\/"]}]},{"@type":"ImageObject","inLanguage":"es","@id":"https:\/\/cvinoticias.com\/v3\/fotos-que-hablan-ausencias-que-gritan\/#primaryimage","url":"https:\/\/cvinoticias.com\/wp-content\/uploads\/2022\/12\/IMG-20221221-WA0053.jpg","contentUrl":"https:\/\/cvinoticias.com\/wp-content\/uploads\/2022\/12\/IMG-20221221-WA0053.jpg","width":906,"height":906},{"@type":"BreadcrumbList","@id":"https:\/\/cvinoticias.com\/v3\/fotos-que-hablan-ausencias-que-gritan\/#breadcrumb","itemListElement":[{"@type":"ListItem","position":1,"name":"Portada","item":"https:\/\/cvinoticias.com\/v3\/"},{"@type":"ListItem","position":2,"name":"Fotos que hablan, ausencias que gritan."}]},{"@type":"WebSite","@id":"https:\/\/cvinoticias.com\/v3\/#website","url":"https:\/\/cvinoticias.com\/v3\/","name":"CVI NOTICIAS","description":"","publisher":{"@id":"https:\/\/cvinoticias.com\/v3\/#organization"},"alternateName":"CVI","potentialAction":[{"@type":"SearchAction","target":{"@type":"EntryPoint","urlTemplate":"https:\/\/cvinoticias.com\/v3\/?s={search_term_string}"},"query-input":{"@type":"PropertyValueSpecification","valueRequired":true,"valueName":"search_term_string"}}],"inLanguage":"es"},{"@type":"Organization","@id":"https:\/\/cvinoticias.com\/v3\/#organization","name":"CVI NOTICIAS","url":"https:\/\/cvinoticias.com\/v3\/","logo":{"@type":"ImageObject","inLanguage":"es","@id":"https:\/\/cvinoticias.com\/v3\/#\/schema\/logo\/image\/","url":"https:\/\/cvinoticias.com\/wp-content\/uploads\/2023\/04\/cropped-cropped-cropped-cropped-cropped-3-1.png","contentUrl":"https:\/\/cvinoticias.com\/wp-content\/uploads\/2023\/04\/cropped-cropped-cropped-cropped-cropped-3-1.png","width":95,"height":122,"caption":"CVI NOTICIAS"},"image":{"@id":"https:\/\/cvinoticias.com\/v3\/#\/schema\/logo\/image\/"},"sameAs":["https:\/\/www.facebook.com\/cvinoticias","https:\/\/www.instagram.com\/cvinoticias\/","https:\/\/www.youtube.com\/@CVINOTICIAS"]},{"@type":"Person","@id":"https:\/\/cvinoticias.com\/v3\/#\/schema\/person\/2db77e3c6bc03c538495d7b2b8be9b66","name":"f1000024","image":{"@type":"ImageObject","inLanguage":"es","@id":"https:\/\/secure.gravatar.com\/avatar\/d4fe7459cfc51ff5129ce1a732bbef5928568b8092d412ef95611616376bbeed?s=96&d=mm&r=g","url":"https:\/\/secure.gravatar.com\/avatar\/d4fe7459cfc51ff5129ce1a732bbef5928568b8092d412ef95611616376bbeed?s=96&d=mm&r=g","contentUrl":"https:\/\/secure.gravatar.com\/avatar\/d4fe7459cfc51ff5129ce1a732bbef5928568b8092d412ef95611616376bbeed?s=96&d=mm&r=g","caption":"f1000024"},"url":"https:\/\/cvinoticias.com\/v3\/author\/f1000024\/"}]}},"_links":{"self":[{"href":"https:\/\/cvinoticias.com\/v3\/wp-json\/wp\/v2\/posts\/21349","targetHints":{"allow":["GET"]}}],"collection":[{"href":"https:\/\/cvinoticias.com\/v3\/wp-json\/wp\/v2\/posts"}],"about":[{"href":"https:\/\/cvinoticias.com\/v3\/wp-json\/wp\/v2\/types\/post"}],"author":[{"embeddable":true,"href":"https:\/\/cvinoticias.com\/v3\/wp-json\/wp\/v2\/users\/2"}],"replies":[{"embeddable":true,"href":"https:\/\/cvinoticias.com\/v3\/wp-json\/wp\/v2\/comments?post=21349"}],"version-history":[{"count":1,"href":"https:\/\/cvinoticias.com\/v3\/wp-json\/wp\/v2\/posts\/21349\/revisions"}],"predecessor-version":[{"id":21351,"href":"https:\/\/cvinoticias.com\/v3\/wp-json\/wp\/v2\/posts\/21349\/revisions\/21351"}],"wp:featuredmedia":[{"embeddable":true,"href":"https:\/\/cvinoticias.com\/v3\/wp-json\/wp\/v2\/media\/21350"}],"wp:attachment":[{"href":"https:\/\/cvinoticias.com\/v3\/wp-json\/wp\/v2\/media?parent=21349"}],"wp:term":[{"taxonomy":"category","embeddable":true,"href":"https:\/\/cvinoticias.com\/v3\/wp-json\/wp\/v2\/categories?post=21349"},{"taxonomy":"post_tag","embeddable":true,"href":"https:\/\/cvinoticias.com\/v3\/wp-json\/wp\/v2\/tags?post=21349"}],"curies":[{"name":"wp","href":"https:\/\/api.w.org\/{rel}","templated":true}]}}