{"id":21326,"date":"2022-12-20T11:40:55","date_gmt":"2022-12-20T11:40:55","guid":{"rendered":"https:\/\/cvinoticias.com\/v3\/?p=21326"},"modified":"2022-12-20T11:40:55","modified_gmt":"2022-12-20T11:40:55","slug":"herrera-habilito-un-moderno-sistema-de-videovigilancia-con-45-camaras-fijas-en-la-ciudad","status":"publish","type":"post","link":"https:\/\/cvinoticias.com\/v3\/herrera-habilito-un-moderno-sistema-de-videovigilancia-con-45-camaras-fijas-en-la-ciudad\/","title":{"rendered":"Herrera habilit\u00f3 un moderno sistema de videovigilancia con 45 c\u00e1maras fijas en la ciudad"},"content":{"rendered":"\n<p><strong><em>Con una inversi\u00f3n de 30 millones de pesos aproximadamente la ciudad de las Cataratas y el intenso trabajo de 3 meses se puso la marcha el sistema de c\u00e1maras de seguridad y el centro de monitoreo que funciona en el pedio de la URV.<\/em><\/strong><\/p>\n\n\n\n<p>El gobernador Oscar Herrera Ahuad recorri\u00f3 las instalaciones junto al ministro de Gobierno Marcelo P\u00e9rez acompa\u00f1ados del jefe de la Unidad regional V Comisario General Elio Da Luz y el jefe comunal Claudio Filippa. En esta primera etapa se instalaron 45 c\u00e1maras, adem\u00e1s se incorporaron 30 efectivos policiales y se hizo entrega de 4 motocicletas.<\/p>\n\n\n\n<p>El primer mandatario provincial recorri\u00f3 las instalaciones de la URV e hizo efectiva la entrega de 4 motocicletas e instruyo al ministro de Gobierno que gestiones otras motocicletas para reforzar la seguridad de la ciudad tur\u00edstica, recalc\u00f3 que la instalaci\u00f3n de las c\u00e1maras se realiz\u00f3 en tiempo record con una inversi\u00f3n real de la provincia de Misiones.<\/p>\n\n\n\n<p>\u00abPor primera vez podemos tener un sistema de video vigilancia que es muy importante, con un inicio de c\u00e1maras para la cobertura de una primera etapa de Puerto Iguaz\u00fa ubicadas estrat\u00e9gicamente de acuerdo con el mapa delictivo que determino la URV, a estas 45 c\u00e1maras fijas se agregan 4 motocicletas para la Unidad e incorporamos hoy 30 nuevos efectivos de servicio que se suma, estamos hablando de un 30 por ciento m\u00e1s de recurso humano que a partir de diciembre prestara servicio en la zona\u00bb.<\/p>\n\n\n\n<p>Se trata de c\u00e1maras de alta definici\u00f3n, que est\u00e1n distribuidas en las principales avenidas en zona criticas seg\u00fan el mapa del delito de Puerto Iguaz\u00fa, el registro de las c\u00e1maras estar\u00e1 en el servidor por 6 meses. Si bien el control de las mismas esta circunscripto a la URV, el sistema est\u00e1 conectado con la Central en Posadas y con el servicio 911.<\/p>\n\n\n\n<figure class=\"wp-block-image size-large\"><a href=\"https:\/\/cvinoticias.com\/wp-content\/uploads\/2022\/12\/WhatsApp-Image-2022-12-19-at-12.56.56.jpeg\"><img decoding=\"async\" width=\"1024\" height=\"682\" data-src=\"https:\/\/cvinoticias.com\/wp-content\/uploads\/2022\/12\/WhatsApp-Image-2022-12-19-at-12.56.56-1024x682.jpeg\" alt=\"\" class=\"wp-image-21327 lazyload\" data-srcset=\"https:\/\/cvinoticias.com\/wp-content\/uploads\/2022\/12\/WhatsApp-Image-2022-12-19-at-12.56.56-1024x682.jpeg 1024w, https:\/\/cvinoticias.com\/wp-content\/uploads\/2022\/12\/WhatsApp-Image-2022-12-19-at-12.56.56-300x200.jpeg 300w, https:\/\/cvinoticias.com\/wp-content\/uploads\/2022\/12\/WhatsApp-Image-2022-12-19-at-12.56.56-768x512.jpeg 768w, https:\/\/cvinoticias.com\/wp-content\/uploads\/2022\/12\/WhatsApp-Image-2022-12-19-at-12.56.56.jpeg 1280w\" data-sizes=\"(max-width: 1024px) 100vw, 1024px\" src=\"data:image\/svg+xml;base64,PHN2ZyB3aWR0aD0iMSIgaGVpZ2h0PSIxIiB4bWxucz0iaHR0cDovL3d3dy53My5vcmcvMjAwMC9zdmciPjwvc3ZnPg==\" style=\"--smush-placeholder-width: 1024px; --smush-placeholder-aspect-ratio: 1024\/682;\" \/><\/a><\/figure>\n\n\n\n<p>\u201cSe trata de un sistema integrado, no es solamente la instalaci\u00f3n de las c\u00e1maras, sino un cableado troncal de 10.000 metros de fibra \u00f3ptica que Iguaz\u00fa no tenia, es una gran inversi\u00f3n que permite la expansi\u00f3n del sistema de c\u00e1maras, adem\u00e1s est\u00e1n pedidas las c\u00e1maras de identificaci\u00f3n de patentes y ser\u00e1n instaladas en un tiempo no muy lejano\u201d recalc\u00f3.<\/p>\n\n\n\n<p>Por su parte el ministro Marcelo P\u00e9rez indico \u201cla instalaci\u00f3n de las c\u00e1maras era una cuesti\u00f3n pendiente, en su momento el gobierno nacional, tanto de la gesti\u00f3n anterior como la actual se hab\u00edan comprometido, pero no lo concretaron. Entonces con la inversi\u00f3n de la provincia se pone en funcionamiento el sistema integral de video vigilancia en Puerto Iguaz\u00fa. Esto es muy importante, un paso adelante. Y hace parte del plan integral que abarca a toda la provincia\u201d<br>El gobernador propuso a la URV que se re\u00fana con el Foro de Seguridad de Iguaz\u00fa para trabajar en conjunto y que conozcan las ventajas de este sistema de Video vigilancia.<\/p>\n\n\n\n<figure class=\"wp-block-image size-large\"><a href=\"https:\/\/cvinoticias.com\/wp-content\/uploads\/2022\/12\/WhatsApp-Image-2022-12-19-at-12.56.57-1.jpeg\"><img decoding=\"async\" width=\"1024\" height=\"682\" data-src=\"https:\/\/cvinoticias.com\/wp-content\/uploads\/2022\/12\/WhatsApp-Image-2022-12-19-at-12.56.57-1-1024x682.jpeg\" alt=\"\" class=\"wp-image-21328 lazyload\" data-srcset=\"https:\/\/cvinoticias.com\/wp-content\/uploads\/2022\/12\/WhatsApp-Image-2022-12-19-at-12.56.57-1-1024x682.jpeg 1024w, https:\/\/cvinoticias.com\/wp-content\/uploads\/2022\/12\/WhatsApp-Image-2022-12-19-at-12.56.57-1-300x200.jpeg 300w, https:\/\/cvinoticias.com\/wp-content\/uploads\/2022\/12\/WhatsApp-Image-2022-12-19-at-12.56.57-1-768x512.jpeg 768w, https:\/\/cvinoticias.com\/wp-content\/uploads\/2022\/12\/WhatsApp-Image-2022-12-19-at-12.56.57-1.jpeg 1280w\" data-sizes=\"(max-width: 1024px) 100vw, 1024px\" src=\"data:image\/svg+xml;base64,PHN2ZyB3aWR0aD0iMSIgaGVpZ2h0PSIxIiB4bWxucz0iaHR0cDovL3d3dy53My5vcmcvMjAwMC9zdmciPjwvc3ZnPg==\" style=\"--smush-placeholder-width: 1024px; --smush-placeholder-aspect-ratio: 1024\/682;\" \/><\/a><\/figure>\n","protected":false},"excerpt":{"rendered":"<p>Con una inversi\u00f3n de 30 millones de pesos aproximadamente la ciudad de las Cataratas y el intenso trabajo de 3 meses se puso la marcha el sistema de c\u00e1maras de seguridad y el centro de monitoreo que funciona en el pedio de la URV. El gobernador Oscar Herrera Ahuad recorri\u00f3 las instalaciones junto al ministro [&hellip;]<\/p>\n","protected":false},"author":2,"featured_media":21329,"comment_status":"open","ping_status":"open","sticky":false,"template":"","format":"standard","meta":{"footnotes":""},"categories":[29],"tags":[],"class_list":["post-21326","post","type-post","status-publish","format-standard","has-post-thumbnail","hentry","category-locales"],"yoast_head":"<!-- This site is optimized with the Yoast SEO plugin v27.5 - https:\/\/yoast.com\/product\/yoast-seo-wordpress\/ -->\n<title>Herrera habilit\u00f3 un moderno sistema de videovigilancia con 45 c\u00e1maras fijas en la ciudad | CVI NOTICIAS<\/title>\n<meta name=\"robots\" content=\"index, follow, max-snippet:-1, max-image-preview:large, max-video-preview:-1\" \/>\n<link rel=\"canonical\" href=\"https:\/\/cvinoticias.com\/v3\/herrera-habilito-un-moderno-sistema-de-videovigilancia-con-45-camaras-fijas-en-la-ciudad\/\" \/>\n<meta property=\"og:locale\" content=\"es_ES\" \/>\n<meta property=\"og:type\" content=\"article\" \/>\n<meta property=\"og:title\" content=\"Herrera habilit\u00f3 un moderno sistema de videovigilancia con 45 c\u00e1maras fijas en la ciudad | CVI NOTICIAS\" \/>\n<meta property=\"og:description\" content=\"Con una inversi\u00f3n de 30 millones de pesos aproximadamente la ciudad de las Cataratas y el intenso trabajo de 3 meses se puso la marcha el sistema de c\u00e1maras de seguridad y el centro de monitoreo que funciona en el pedio de la URV. El gobernador Oscar Herrera Ahuad recorri\u00f3 las instalaciones junto al ministro [&hellip;]\" \/>\n<meta property=\"og:url\" content=\"https:\/\/cvinoticias.com\/v3\/herrera-habilito-un-moderno-sistema-de-videovigilancia-con-45-camaras-fijas-en-la-ciudad\/\" \/>\n<meta property=\"og:site_name\" content=\"CVI NOTICIAS\" \/>\n<meta property=\"article:publisher\" content=\"https:\/\/www.facebook.com\/cvinoticias\" \/>\n<meta property=\"article:published_time\" content=\"2022-12-20T11:40:55+00:00\" \/>\n<meta property=\"og:image\" content=\"https:\/\/cvinoticias.com\/wp-content\/uploads\/2022\/12\/WhatsApp-Image-2022-12-19-at-12.56.57-2-1000x600-1.jpeg\" \/>\n\t<meta property=\"og:image:width\" content=\"1000\" \/>\n\t<meta property=\"og:image:height\" content=\"600\" \/>\n\t<meta property=\"og:image:type\" content=\"image\/jpeg\" \/>\n<meta name=\"author\" content=\"f1000024\" \/>\n<meta name=\"twitter:card\" content=\"summary_large_image\" \/>\n<meta name=\"twitter:label1\" content=\"Escrito por\" \/>\n\t<meta name=\"twitter:data1\" content=\"f1000024\" \/>\n\t<meta name=\"twitter:label2\" content=\"Tiempo de lectura\" \/>\n\t<meta name=\"twitter:data2\" content=\"2 minutos\" \/>\n<script type=\"application\/ld+json\" class=\"yoast-schema-graph\">{\"@context\":\"https:\\\/\\\/schema.org\",\"@graph\":[{\"@type\":\"Article\",\"@id\":\"https:\\\/\\\/cvinoticias.com\\\/v3\\\/herrera-habilito-un-moderno-sistema-de-videovigilancia-con-45-camaras-fijas-en-la-ciudad\\\/#article\",\"isPartOf\":{\"@id\":\"https:\\\/\\\/cvinoticias.com\\\/v3\\\/herrera-habilito-un-moderno-sistema-de-videovigilancia-con-45-camaras-fijas-en-la-ciudad\\\/\"},\"author\":{\"name\":\"f1000024\",\"@id\":\"https:\\\/\\\/cvinoticias.com\\\/v3\\\/#\\\/schema\\\/person\\\/2db77e3c6bc03c538495d7b2b8be9b66\"},\"headline\":\"Herrera habilit\u00f3 un moderno sistema de videovigilancia con 45 c\u00e1maras fijas en la ciudad\",\"datePublished\":\"2022-12-20T11:40:55+00:00\",\"mainEntityOfPage\":{\"@id\":\"https:\\\/\\\/cvinoticias.com\\\/v3\\\/herrera-habilito-un-moderno-sistema-de-videovigilancia-con-45-camaras-fijas-en-la-ciudad\\\/\"},\"wordCount\":509,\"commentCount\":0,\"publisher\":{\"@id\":\"https:\\\/\\\/cvinoticias.com\\\/v3\\\/#organization\"},\"image\":{\"@id\":\"https:\\\/\\\/cvinoticias.com\\\/v3\\\/herrera-habilito-un-moderno-sistema-de-videovigilancia-con-45-camaras-fijas-en-la-ciudad\\\/#primaryimage\"},\"thumbnailUrl\":\"https:\\\/\\\/cvinoticias.com\\\/wp-content\\\/uploads\\\/2022\\\/12\\\/WhatsApp-Image-2022-12-19-at-12.56.57-2-1000x600-1.jpeg\",\"articleSection\":[\"Locales\"],\"inLanguage\":\"es\",\"potentialAction\":[{\"@type\":\"CommentAction\",\"name\":\"Comment\",\"target\":[\"https:\\\/\\\/cvinoticias.com\\\/v3\\\/herrera-habilito-un-moderno-sistema-de-videovigilancia-con-45-camaras-fijas-en-la-ciudad\\\/#respond\"]}]},{\"@type\":\"WebPage\",\"@id\":\"https:\\\/\\\/cvinoticias.com\\\/v3\\\/herrera-habilito-un-moderno-sistema-de-videovigilancia-con-45-camaras-fijas-en-la-ciudad\\\/\",\"url\":\"https:\\\/\\\/cvinoticias.com\\\/v3\\\/herrera-habilito-un-moderno-sistema-de-videovigilancia-con-45-camaras-fijas-en-la-ciudad\\\/\",\"name\":\"Herrera habilit\u00f3 un moderno sistema de videovigilancia con 45 c\u00e1maras fijas en la ciudad | CVI NOTICIAS\",\"isPartOf\":{\"@id\":\"https:\\\/\\\/cvinoticias.com\\\/v3\\\/#website\"},\"primaryImageOfPage\":{\"@id\":\"https:\\\/\\\/cvinoticias.com\\\/v3\\\/herrera-habilito-un-moderno-sistema-de-videovigilancia-con-45-camaras-fijas-en-la-ciudad\\\/#primaryimage\"},\"image\":{\"@id\":\"https:\\\/\\\/cvinoticias.com\\\/v3\\\/herrera-habilito-un-moderno-sistema-de-videovigilancia-con-45-camaras-fijas-en-la-ciudad\\\/#primaryimage\"},\"thumbnailUrl\":\"https:\\\/\\\/cvinoticias.com\\\/wp-content\\\/uploads\\\/2022\\\/12\\\/WhatsApp-Image-2022-12-19-at-12.56.57-2-1000x600-1.jpeg\",\"datePublished\":\"2022-12-20T11:40:55+00:00\",\"breadcrumb\":{\"@id\":\"https:\\\/\\\/cvinoticias.com\\\/v3\\\/herrera-habilito-un-moderno-sistema-de-videovigilancia-con-45-camaras-fijas-en-la-ciudad\\\/#breadcrumb\"},\"inLanguage\":\"es\",\"potentialAction\":[{\"@type\":\"ReadAction\",\"target\":[\"https:\\\/\\\/cvinoticias.com\\\/v3\\\/herrera-habilito-un-moderno-sistema-de-videovigilancia-con-45-camaras-fijas-en-la-ciudad\\\/\"]}]},{\"@type\":\"ImageObject\",\"inLanguage\":\"es\",\"@id\":\"https:\\\/\\\/cvinoticias.com\\\/v3\\\/herrera-habilito-un-moderno-sistema-de-videovigilancia-con-45-camaras-fijas-en-la-ciudad\\\/#primaryimage\",\"url\":\"https:\\\/\\\/cvinoticias.com\\\/wp-content\\\/uploads\\\/2022\\\/12\\\/WhatsApp-Image-2022-12-19-at-12.56.57-2-1000x600-1.jpeg\",\"contentUrl\":\"https:\\\/\\\/cvinoticias.com\\\/wp-content\\\/uploads\\\/2022\\\/12\\\/WhatsApp-Image-2022-12-19-at-12.56.57-2-1000x600-1.jpeg\",\"width\":1000,\"height\":600},{\"@type\":\"BreadcrumbList\",\"@id\":\"https:\\\/\\\/cvinoticias.com\\\/v3\\\/herrera-habilito-un-moderno-sistema-de-videovigilancia-con-45-camaras-fijas-en-la-ciudad\\\/#breadcrumb\",\"itemListElement\":[{\"@type\":\"ListItem\",\"position\":1,\"name\":\"Portada\",\"item\":\"https:\\\/\\\/cvinoticias.com\\\/v3\\\/\"},{\"@type\":\"ListItem\",\"position\":2,\"name\":\"Herrera habilit\u00f3 un moderno sistema de videovigilancia con 45 c\u00e1maras fijas en la ciudad\"}]},{\"@type\":\"WebSite\",\"@id\":\"https:\\\/\\\/cvinoticias.com\\\/v3\\\/#website\",\"url\":\"https:\\\/\\\/cvinoticias.com\\\/v3\\\/\",\"name\":\"CVI NOTICIAS\",\"description\":\"\",\"publisher\":{\"@id\":\"https:\\\/\\\/cvinoticias.com\\\/v3\\\/#organization\"},\"alternateName\":\"CVI\",\"potentialAction\":[{\"@type\":\"SearchAction\",\"target\":{\"@type\":\"EntryPoint\",\"urlTemplate\":\"https:\\\/\\\/cvinoticias.com\\\/v3\\\/?s={search_term_string}\"},\"query-input\":{\"@type\":\"PropertyValueSpecification\",\"valueRequired\":true,\"valueName\":\"search_term_string\"}}],\"inLanguage\":\"es\"},{\"@type\":\"Organization\",\"@id\":\"https:\\\/\\\/cvinoticias.com\\\/v3\\\/#organization\",\"name\":\"CVI NOTICIAS\",\"url\":\"https:\\\/\\\/cvinoticias.com\\\/v3\\\/\",\"logo\":{\"@type\":\"ImageObject\",\"inLanguage\":\"es\",\"@id\":\"https:\\\/\\\/cvinoticias.com\\\/v3\\\/#\\\/schema\\\/logo\\\/image\\\/\",\"url\":\"https:\\\/\\\/cvinoticias.com\\\/wp-content\\\/uploads\\\/2023\\\/04\\\/cropped-cropped-cropped-cropped-cropped-3-1.png\",\"contentUrl\":\"https:\\\/\\\/cvinoticias.com\\\/wp-content\\\/uploads\\\/2023\\\/04\\\/cropped-cropped-cropped-cropped-cropped-3-1.png\",\"width\":95,\"height\":122,\"caption\":\"CVI NOTICIAS\"},\"image\":{\"@id\":\"https:\\\/\\\/cvinoticias.com\\\/v3\\\/#\\\/schema\\\/logo\\\/image\\\/\"},\"sameAs\":[\"https:\\\/\\\/www.facebook.com\\\/cvinoticias\",\"https:\\\/\\\/www.instagram.com\\\/cvinoticias\\\/\",\"https:\\\/\\\/www.youtube.com\\\/@CVINOTICIAS\"]},{\"@type\":\"Person\",\"@id\":\"https:\\\/\\\/cvinoticias.com\\\/v3\\\/#\\\/schema\\\/person\\\/2db77e3c6bc03c538495d7b2b8be9b66\",\"name\":\"f1000024\",\"image\":{\"@type\":\"ImageObject\",\"inLanguage\":\"es\",\"@id\":\"https:\\\/\\\/secure.gravatar.com\\\/avatar\\\/d4fe7459cfc51ff5129ce1a732bbef5928568b8092d412ef95611616376bbeed?s=96&d=mm&r=g\",\"url\":\"https:\\\/\\\/secure.gravatar.com\\\/avatar\\\/d4fe7459cfc51ff5129ce1a732bbef5928568b8092d412ef95611616376bbeed?s=96&d=mm&r=g\",\"contentUrl\":\"https:\\\/\\\/secure.gravatar.com\\\/avatar\\\/d4fe7459cfc51ff5129ce1a732bbef5928568b8092d412ef95611616376bbeed?s=96&d=mm&r=g\",\"caption\":\"f1000024\"},\"url\":\"https:\\\/\\\/cvinoticias.com\\\/v3\\\/author\\\/f1000024\\\/\"}]}<\/script>\n<!-- \/ Yoast SEO plugin. -->","yoast_head_json":{"title":"Herrera habilit\u00f3 un moderno sistema de videovigilancia con 45 c\u00e1maras fijas en la ciudad | CVI NOTICIAS","robots":{"index":"index","follow":"follow","max-snippet":"max-snippet:-1","max-image-preview":"max-image-preview:large","max-video-preview":"max-video-preview:-1"},"canonical":"https:\/\/cvinoticias.com\/v3\/herrera-habilito-un-moderno-sistema-de-videovigilancia-con-45-camaras-fijas-en-la-ciudad\/","og_locale":"es_ES","og_type":"article","og_title":"Herrera habilit\u00f3 un moderno sistema de videovigilancia con 45 c\u00e1maras fijas en la ciudad | CVI NOTICIAS","og_description":"Con una inversi\u00f3n de 30 millones de pesos aproximadamente la ciudad de las Cataratas y el intenso trabajo de 3 meses se puso la marcha el sistema de c\u00e1maras de seguridad y el centro de monitoreo que funciona en el pedio de la URV. El gobernador Oscar Herrera Ahuad recorri\u00f3 las instalaciones junto al ministro [&hellip;]","og_url":"https:\/\/cvinoticias.com\/v3\/herrera-habilito-un-moderno-sistema-de-videovigilancia-con-45-camaras-fijas-en-la-ciudad\/","og_site_name":"CVI NOTICIAS","article_publisher":"https:\/\/www.facebook.com\/cvinoticias","article_published_time":"2022-12-20T11:40:55+00:00","og_image":[{"width":1000,"height":600,"url":"https:\/\/cvinoticias.com\/wp-content\/uploads\/2022\/12\/WhatsApp-Image-2022-12-19-at-12.56.57-2-1000x600-1.jpeg","type":"image\/jpeg"}],"author":"f1000024","twitter_card":"summary_large_image","twitter_misc":{"Escrito por":"f1000024","Tiempo de lectura":"2 minutos"},"schema":{"@context":"https:\/\/schema.org","@graph":[{"@type":"Article","@id":"https:\/\/cvinoticias.com\/v3\/herrera-habilito-un-moderno-sistema-de-videovigilancia-con-45-camaras-fijas-en-la-ciudad\/#article","isPartOf":{"@id":"https:\/\/cvinoticias.com\/v3\/herrera-habilito-un-moderno-sistema-de-videovigilancia-con-45-camaras-fijas-en-la-ciudad\/"},"author":{"name":"f1000024","@id":"https:\/\/cvinoticias.com\/v3\/#\/schema\/person\/2db77e3c6bc03c538495d7b2b8be9b66"},"headline":"Herrera habilit\u00f3 un moderno sistema de videovigilancia con 45 c\u00e1maras fijas en la ciudad","datePublished":"2022-12-20T11:40:55+00:00","mainEntityOfPage":{"@id":"https:\/\/cvinoticias.com\/v3\/herrera-habilito-un-moderno-sistema-de-videovigilancia-con-45-camaras-fijas-en-la-ciudad\/"},"wordCount":509,"commentCount":0,"publisher":{"@id":"https:\/\/cvinoticias.com\/v3\/#organization"},"image":{"@id":"https:\/\/cvinoticias.com\/v3\/herrera-habilito-un-moderno-sistema-de-videovigilancia-con-45-camaras-fijas-en-la-ciudad\/#primaryimage"},"thumbnailUrl":"https:\/\/cvinoticias.com\/wp-content\/uploads\/2022\/12\/WhatsApp-Image-2022-12-19-at-12.56.57-2-1000x600-1.jpeg","articleSection":["Locales"],"inLanguage":"es","potentialAction":[{"@type":"CommentAction","name":"Comment","target":["https:\/\/cvinoticias.com\/v3\/herrera-habilito-un-moderno-sistema-de-videovigilancia-con-45-camaras-fijas-en-la-ciudad\/#respond"]}]},{"@type":"WebPage","@id":"https:\/\/cvinoticias.com\/v3\/herrera-habilito-un-moderno-sistema-de-videovigilancia-con-45-camaras-fijas-en-la-ciudad\/","url":"https:\/\/cvinoticias.com\/v3\/herrera-habilito-un-moderno-sistema-de-videovigilancia-con-45-camaras-fijas-en-la-ciudad\/","name":"Herrera habilit\u00f3 un moderno sistema de videovigilancia con 45 c\u00e1maras fijas en la ciudad | CVI NOTICIAS","isPartOf":{"@id":"https:\/\/cvinoticias.com\/v3\/#website"},"primaryImageOfPage":{"@id":"https:\/\/cvinoticias.com\/v3\/herrera-habilito-un-moderno-sistema-de-videovigilancia-con-45-camaras-fijas-en-la-ciudad\/#primaryimage"},"image":{"@id":"https:\/\/cvinoticias.com\/v3\/herrera-habilito-un-moderno-sistema-de-videovigilancia-con-45-camaras-fijas-en-la-ciudad\/#primaryimage"},"thumbnailUrl":"https:\/\/cvinoticias.com\/wp-content\/uploads\/2022\/12\/WhatsApp-Image-2022-12-19-at-12.56.57-2-1000x600-1.jpeg","datePublished":"2022-12-20T11:40:55+00:00","breadcrumb":{"@id":"https:\/\/cvinoticias.com\/v3\/herrera-habilito-un-moderno-sistema-de-videovigilancia-con-45-camaras-fijas-en-la-ciudad\/#breadcrumb"},"inLanguage":"es","potentialAction":[{"@type":"ReadAction","target":["https:\/\/cvinoticias.com\/v3\/herrera-habilito-un-moderno-sistema-de-videovigilancia-con-45-camaras-fijas-en-la-ciudad\/"]}]},{"@type":"ImageObject","inLanguage":"es","@id":"https:\/\/cvinoticias.com\/v3\/herrera-habilito-un-moderno-sistema-de-videovigilancia-con-45-camaras-fijas-en-la-ciudad\/#primaryimage","url":"https:\/\/cvinoticias.com\/wp-content\/uploads\/2022\/12\/WhatsApp-Image-2022-12-19-at-12.56.57-2-1000x600-1.jpeg","contentUrl":"https:\/\/cvinoticias.com\/wp-content\/uploads\/2022\/12\/WhatsApp-Image-2022-12-19-at-12.56.57-2-1000x600-1.jpeg","width":1000,"height":600},{"@type":"BreadcrumbList","@id":"https:\/\/cvinoticias.com\/v3\/herrera-habilito-un-moderno-sistema-de-videovigilancia-con-45-camaras-fijas-en-la-ciudad\/#breadcrumb","itemListElement":[{"@type":"ListItem","position":1,"name":"Portada","item":"https:\/\/cvinoticias.com\/v3\/"},{"@type":"ListItem","position":2,"name":"Herrera habilit\u00f3 un moderno sistema de videovigilancia con 45 c\u00e1maras fijas en la ciudad"}]},{"@type":"WebSite","@id":"https:\/\/cvinoticias.com\/v3\/#website","url":"https:\/\/cvinoticias.com\/v3\/","name":"CVI NOTICIAS","description":"","publisher":{"@id":"https:\/\/cvinoticias.com\/v3\/#organization"},"alternateName":"CVI","potentialAction":[{"@type":"SearchAction","target":{"@type":"EntryPoint","urlTemplate":"https:\/\/cvinoticias.com\/v3\/?s={search_term_string}"},"query-input":{"@type":"PropertyValueSpecification","valueRequired":true,"valueName":"search_term_string"}}],"inLanguage":"es"},{"@type":"Organization","@id":"https:\/\/cvinoticias.com\/v3\/#organization","name":"CVI NOTICIAS","url":"https:\/\/cvinoticias.com\/v3\/","logo":{"@type":"ImageObject","inLanguage":"es","@id":"https:\/\/cvinoticias.com\/v3\/#\/schema\/logo\/image\/","url":"https:\/\/cvinoticias.com\/wp-content\/uploads\/2023\/04\/cropped-cropped-cropped-cropped-cropped-3-1.png","contentUrl":"https:\/\/cvinoticias.com\/wp-content\/uploads\/2023\/04\/cropped-cropped-cropped-cropped-cropped-3-1.png","width":95,"height":122,"caption":"CVI NOTICIAS"},"image":{"@id":"https:\/\/cvinoticias.com\/v3\/#\/schema\/logo\/image\/"},"sameAs":["https:\/\/www.facebook.com\/cvinoticias","https:\/\/www.instagram.com\/cvinoticias\/","https:\/\/www.youtube.com\/@CVINOTICIAS"]},{"@type":"Person","@id":"https:\/\/cvinoticias.com\/v3\/#\/schema\/person\/2db77e3c6bc03c538495d7b2b8be9b66","name":"f1000024","image":{"@type":"ImageObject","inLanguage":"es","@id":"https:\/\/secure.gravatar.com\/avatar\/d4fe7459cfc51ff5129ce1a732bbef5928568b8092d412ef95611616376bbeed?s=96&d=mm&r=g","url":"https:\/\/secure.gravatar.com\/avatar\/d4fe7459cfc51ff5129ce1a732bbef5928568b8092d412ef95611616376bbeed?s=96&d=mm&r=g","contentUrl":"https:\/\/secure.gravatar.com\/avatar\/d4fe7459cfc51ff5129ce1a732bbef5928568b8092d412ef95611616376bbeed?s=96&d=mm&r=g","caption":"f1000024"},"url":"https:\/\/cvinoticias.com\/v3\/author\/f1000024\/"}]}},"_links":{"self":[{"href":"https:\/\/cvinoticias.com\/v3\/wp-json\/wp\/v2\/posts\/21326","targetHints":{"allow":["GET"]}}],"collection":[{"href":"https:\/\/cvinoticias.com\/v3\/wp-json\/wp\/v2\/posts"}],"about":[{"href":"https:\/\/cvinoticias.com\/v3\/wp-json\/wp\/v2\/types\/post"}],"author":[{"embeddable":true,"href":"https:\/\/cvinoticias.com\/v3\/wp-json\/wp\/v2\/users\/2"}],"replies":[{"embeddable":true,"href":"https:\/\/cvinoticias.com\/v3\/wp-json\/wp\/v2\/comments?post=21326"}],"version-history":[{"count":1,"href":"https:\/\/cvinoticias.com\/v3\/wp-json\/wp\/v2\/posts\/21326\/revisions"}],"predecessor-version":[{"id":21330,"href":"https:\/\/cvinoticias.com\/v3\/wp-json\/wp\/v2\/posts\/21326\/revisions\/21330"}],"wp:featuredmedia":[{"embeddable":true,"href":"https:\/\/cvinoticias.com\/v3\/wp-json\/wp\/v2\/media\/21329"}],"wp:attachment":[{"href":"https:\/\/cvinoticias.com\/v3\/wp-json\/wp\/v2\/media?parent=21326"}],"wp:term":[{"taxonomy":"category","embeddable":true,"href":"https:\/\/cvinoticias.com\/v3\/wp-json\/wp\/v2\/categories?post=21326"},{"taxonomy":"post_tag","embeddable":true,"href":"https:\/\/cvinoticias.com\/v3\/wp-json\/wp\/v2\/tags?post=21326"}],"curies":[{"name":"wp","href":"https:\/\/api.w.org\/{rel}","templated":true}]}}