{"id":21311,"date":"2022-12-19T22:44:38","date_gmt":"2022-12-19T22:44:38","guid":{"rendered":"https:\/\/cvinoticias.com\/v3\/?p=21311"},"modified":"2022-12-19T22:44:38","modified_gmt":"2022-12-19T22:44:38","slug":"este-martes-sera-feriado-nacional-por-la-obtencion-de-la-copa-del-mundo","status":"publish","type":"post","link":"https:\/\/cvinoticias.com\/v3\/este-martes-sera-feriado-nacional-por-la-obtencion-de-la-copa-del-mundo\/","title":{"rendered":"Este martes ser\u00e1 feriado nacional por la obtenci\u00f3n de la Copa del Mundo"},"content":{"rendered":"\n<p><strong><em>El gobierno nacional declar\u00f3, a trav\u00e9s de un Decreto de Necesidad y Urgencia (DNU), un feriado para este martes, en coincidencia con los festejos por la obtenci\u00f3n de la Copa del Mundo en Qatar. <\/em><\/strong><\/p>\n\n\n\n<p>Est\u00e1 previsto que la celebraci\u00f3n sea junto al plantel de la Selecci\u00f3n, capitaneada por Lionel Messi, que se trasladar\u00e1 desde el predio de la AFA en Ezeiza hasta el Obelisco, ubicado en pleno centro porte\u00f1o.<\/p>\n\n\n\n<p>Seg\u00fan el DNU 382\/2022, la medida es \u201ca fin de que el pueblo argentino pueda expresar su m\u00e1s profundo contento con la Selecci\u00f3n nacional, y pronunciarse en favor del deporte y la Patria\u201d, indica el documento que lleva la firma del presidente Alberto Fern\u00e1ndez.<\/p>\n\n\n\n<p>La medida except\u00faa a la Administraci\u00f3n Federal de Ingresos P\u00fablicos (AFIP) y los bancos, que atender\u00e1n con normalidad hasta el mediod\u00eda.<\/p>\n\n\n\n<p><\/p>\n","protected":false},"excerpt":{"rendered":"<p>El gobierno nacional declar\u00f3, a trav\u00e9s de un Decreto de Necesidad y Urgencia (DNU), un feriado para este martes, en coincidencia con los festejos por la obtenci\u00f3n de la Copa del Mundo en Qatar. Est\u00e1 previsto que la celebraci\u00f3n sea junto al plantel de la Selecci\u00f3n, capitaneada por Lionel Messi, que se trasladar\u00e1 desde el [&hellip;]<\/p>\n","protected":false},"author":2,"featured_media":21312,"comment_status":"open","ping_status":"open","sticky":false,"template":"","format":"standard","meta":{"footnotes":""},"categories":[39],"tags":[],"class_list":["post-21311","post","type-post","status-publish","format-standard","has-post-thumbnail","hentry","category-nacionales"],"yoast_head":"<!-- This site is optimized with the Yoast SEO plugin v27.5 - https:\/\/yoast.com\/product\/yoast-seo-wordpress\/ -->\n<title>Este martes ser\u00e1 feriado nacional por la obtenci\u00f3n de la Copa del Mundo | CVI NOTICIAS<\/title>\n<meta name=\"robots\" content=\"index, follow, max-snippet:-1, max-image-preview:large, max-video-preview:-1\" \/>\n<link rel=\"canonical\" href=\"https:\/\/cvinoticias.com\/v3\/este-martes-sera-feriado-nacional-por-la-obtencion-de-la-copa-del-mundo\/\" \/>\n<meta property=\"og:locale\" content=\"es_ES\" \/>\n<meta property=\"og:type\" content=\"article\" \/>\n<meta property=\"og:title\" content=\"Este martes ser\u00e1 feriado nacional por la obtenci\u00f3n de la Copa del Mundo | CVI NOTICIAS\" \/>\n<meta property=\"og:description\" content=\"El gobierno nacional declar\u00f3, a trav\u00e9s de un Decreto de Necesidad y Urgencia (DNU), un feriado para este martes, en coincidencia con los festejos por la obtenci\u00f3n de la Copa del Mundo en Qatar. Est\u00e1 previsto que la celebraci\u00f3n sea junto al plantel de la Selecci\u00f3n, capitaneada por Lionel Messi, que se trasladar\u00e1 desde el [&hellip;]\" \/>\n<meta property=\"og:url\" content=\"https:\/\/cvinoticias.com\/v3\/este-martes-sera-feriado-nacional-por-la-obtencion-de-la-copa-del-mundo\/\" \/>\n<meta property=\"og:site_name\" content=\"CVI NOTICIAS\" \/>\n<meta property=\"article:publisher\" content=\"https:\/\/www.facebook.com\/cvinoticias\" \/>\n<meta property=\"article:published_time\" content=\"2022-12-19T22:44:38+00:00\" \/>\n<meta property=\"og:image\" content=\"https:\/\/cvinoticias.com\/wp-content\/uploads\/2022\/12\/Screenshot_20221219-194252_Facebook.jpg\" \/>\n\t<meta property=\"og:image:width\" content=\"1080\" \/>\n\t<meta property=\"og:image:height\" content=\"716\" \/>\n\t<meta property=\"og:image:type\" content=\"image\/jpeg\" \/>\n<meta name=\"author\" content=\"f1000024\" \/>\n<meta name=\"twitter:card\" content=\"summary_large_image\" \/>\n<meta name=\"twitter:label1\" content=\"Escrito por\" \/>\n\t<meta name=\"twitter:data1\" content=\"f1000024\" \/>\n\t<meta name=\"twitter:label2\" content=\"Tiempo de lectura\" \/>\n\t<meta name=\"twitter:data2\" content=\"1 minuto\" \/>\n<script type=\"application\/ld+json\" class=\"yoast-schema-graph\">{\"@context\":\"https:\\\/\\\/schema.org\",\"@graph\":[{\"@type\":\"Article\",\"@id\":\"https:\\\/\\\/cvinoticias.com\\\/v3\\\/este-martes-sera-feriado-nacional-por-la-obtencion-de-la-copa-del-mundo\\\/#article\",\"isPartOf\":{\"@id\":\"https:\\\/\\\/cvinoticias.com\\\/v3\\\/este-martes-sera-feriado-nacional-por-la-obtencion-de-la-copa-del-mundo\\\/\"},\"author\":{\"name\":\"f1000024\",\"@id\":\"https:\\\/\\\/cvinoticias.com\\\/v3\\\/#\\\/schema\\\/person\\\/2db77e3c6bc03c538495d7b2b8be9b66\"},\"headline\":\"Este martes ser\u00e1 feriado nacional por la obtenci\u00f3n de la Copa del Mundo\",\"datePublished\":\"2022-12-19T22:44:38+00:00\",\"mainEntityOfPage\":{\"@id\":\"https:\\\/\\\/cvinoticias.com\\\/v3\\\/este-martes-sera-feriado-nacional-por-la-obtencion-de-la-copa-del-mundo\\\/\"},\"wordCount\":161,\"commentCount\":0,\"publisher\":{\"@id\":\"https:\\\/\\\/cvinoticias.com\\\/v3\\\/#organization\"},\"image\":{\"@id\":\"https:\\\/\\\/cvinoticias.com\\\/v3\\\/este-martes-sera-feriado-nacional-por-la-obtencion-de-la-copa-del-mundo\\\/#primaryimage\"},\"thumbnailUrl\":\"https:\\\/\\\/cvinoticias.com\\\/wp-content\\\/uploads\\\/2022\\\/12\\\/Screenshot_20221219-194252_Facebook.jpg\",\"articleSection\":[\"Nacionales\"],\"inLanguage\":\"es\",\"potentialAction\":[{\"@type\":\"CommentAction\",\"name\":\"Comment\",\"target\":[\"https:\\\/\\\/cvinoticias.com\\\/v3\\\/este-martes-sera-feriado-nacional-por-la-obtencion-de-la-copa-del-mundo\\\/#respond\"]}]},{\"@type\":\"WebPage\",\"@id\":\"https:\\\/\\\/cvinoticias.com\\\/v3\\\/este-martes-sera-feriado-nacional-por-la-obtencion-de-la-copa-del-mundo\\\/\",\"url\":\"https:\\\/\\\/cvinoticias.com\\\/v3\\\/este-martes-sera-feriado-nacional-por-la-obtencion-de-la-copa-del-mundo\\\/\",\"name\":\"Este martes ser\u00e1 feriado nacional por la obtenci\u00f3n de la Copa del Mundo | CVI NOTICIAS\",\"isPartOf\":{\"@id\":\"https:\\\/\\\/cvinoticias.com\\\/v3\\\/#website\"},\"primaryImageOfPage\":{\"@id\":\"https:\\\/\\\/cvinoticias.com\\\/v3\\\/este-martes-sera-feriado-nacional-por-la-obtencion-de-la-copa-del-mundo\\\/#primaryimage\"},\"image\":{\"@id\":\"https:\\\/\\\/cvinoticias.com\\\/v3\\\/este-martes-sera-feriado-nacional-por-la-obtencion-de-la-copa-del-mundo\\\/#primaryimage\"},\"thumbnailUrl\":\"https:\\\/\\\/cvinoticias.com\\\/wp-content\\\/uploads\\\/2022\\\/12\\\/Screenshot_20221219-194252_Facebook.jpg\",\"datePublished\":\"2022-12-19T22:44:38+00:00\",\"breadcrumb\":{\"@id\":\"https:\\\/\\\/cvinoticias.com\\\/v3\\\/este-martes-sera-feriado-nacional-por-la-obtencion-de-la-copa-del-mundo\\\/#breadcrumb\"},\"inLanguage\":\"es\",\"potentialAction\":[{\"@type\":\"ReadAction\",\"target\":[\"https:\\\/\\\/cvinoticias.com\\\/v3\\\/este-martes-sera-feriado-nacional-por-la-obtencion-de-la-copa-del-mundo\\\/\"]}]},{\"@type\":\"ImageObject\",\"inLanguage\":\"es\",\"@id\":\"https:\\\/\\\/cvinoticias.com\\\/v3\\\/este-martes-sera-feriado-nacional-por-la-obtencion-de-la-copa-del-mundo\\\/#primaryimage\",\"url\":\"https:\\\/\\\/cvinoticias.com\\\/wp-content\\\/uploads\\\/2022\\\/12\\\/Screenshot_20221219-194252_Facebook.jpg\",\"contentUrl\":\"https:\\\/\\\/cvinoticias.com\\\/wp-content\\\/uploads\\\/2022\\\/12\\\/Screenshot_20221219-194252_Facebook.jpg\",\"width\":1080,\"height\":716},{\"@type\":\"BreadcrumbList\",\"@id\":\"https:\\\/\\\/cvinoticias.com\\\/v3\\\/este-martes-sera-feriado-nacional-por-la-obtencion-de-la-copa-del-mundo\\\/#breadcrumb\",\"itemListElement\":[{\"@type\":\"ListItem\",\"position\":1,\"name\":\"Portada\",\"item\":\"https:\\\/\\\/cvinoticias.com\\\/v3\\\/\"},{\"@type\":\"ListItem\",\"position\":2,\"name\":\"Este martes ser\u00e1 feriado nacional por la obtenci\u00f3n de la Copa del Mundo\"}]},{\"@type\":\"WebSite\",\"@id\":\"https:\\\/\\\/cvinoticias.com\\\/v3\\\/#website\",\"url\":\"https:\\\/\\\/cvinoticias.com\\\/v3\\\/\",\"name\":\"CVI NOTICIAS\",\"description\":\"\",\"publisher\":{\"@id\":\"https:\\\/\\\/cvinoticias.com\\\/v3\\\/#organization\"},\"alternateName\":\"CVI\",\"potentialAction\":[{\"@type\":\"SearchAction\",\"target\":{\"@type\":\"EntryPoint\",\"urlTemplate\":\"https:\\\/\\\/cvinoticias.com\\\/v3\\\/?s={search_term_string}\"},\"query-input\":{\"@type\":\"PropertyValueSpecification\",\"valueRequired\":true,\"valueName\":\"search_term_string\"}}],\"inLanguage\":\"es\"},{\"@type\":\"Organization\",\"@id\":\"https:\\\/\\\/cvinoticias.com\\\/v3\\\/#organization\",\"name\":\"CVI NOTICIAS\",\"url\":\"https:\\\/\\\/cvinoticias.com\\\/v3\\\/\",\"logo\":{\"@type\":\"ImageObject\",\"inLanguage\":\"es\",\"@id\":\"https:\\\/\\\/cvinoticias.com\\\/v3\\\/#\\\/schema\\\/logo\\\/image\\\/\",\"url\":\"https:\\\/\\\/cvinoticias.com\\\/wp-content\\\/uploads\\\/2023\\\/04\\\/cropped-cropped-cropped-cropped-cropped-3-1.png\",\"contentUrl\":\"https:\\\/\\\/cvinoticias.com\\\/wp-content\\\/uploads\\\/2023\\\/04\\\/cropped-cropped-cropped-cropped-cropped-3-1.png\",\"width\":95,\"height\":122,\"caption\":\"CVI NOTICIAS\"},\"image\":{\"@id\":\"https:\\\/\\\/cvinoticias.com\\\/v3\\\/#\\\/schema\\\/logo\\\/image\\\/\"},\"sameAs\":[\"https:\\\/\\\/www.facebook.com\\\/cvinoticias\",\"https:\\\/\\\/www.instagram.com\\\/cvinoticias\\\/\",\"https:\\\/\\\/www.youtube.com\\\/@CVINOTICIAS\"]},{\"@type\":\"Person\",\"@id\":\"https:\\\/\\\/cvinoticias.com\\\/v3\\\/#\\\/schema\\\/person\\\/2db77e3c6bc03c538495d7b2b8be9b66\",\"name\":\"f1000024\",\"image\":{\"@type\":\"ImageObject\",\"inLanguage\":\"es\",\"@id\":\"https:\\\/\\\/secure.gravatar.com\\\/avatar\\\/d4fe7459cfc51ff5129ce1a732bbef5928568b8092d412ef95611616376bbeed?s=96&d=mm&r=g\",\"url\":\"https:\\\/\\\/secure.gravatar.com\\\/avatar\\\/d4fe7459cfc51ff5129ce1a732bbef5928568b8092d412ef95611616376bbeed?s=96&d=mm&r=g\",\"contentUrl\":\"https:\\\/\\\/secure.gravatar.com\\\/avatar\\\/d4fe7459cfc51ff5129ce1a732bbef5928568b8092d412ef95611616376bbeed?s=96&d=mm&r=g\",\"caption\":\"f1000024\"},\"url\":\"https:\\\/\\\/cvinoticias.com\\\/v3\\\/author\\\/f1000024\\\/\"}]}<\/script>\n<!-- \/ Yoast SEO plugin. -->","yoast_head_json":{"title":"Este martes ser\u00e1 feriado nacional por la obtenci\u00f3n de la Copa del Mundo | CVI NOTICIAS","robots":{"index":"index","follow":"follow","max-snippet":"max-snippet:-1","max-image-preview":"max-image-preview:large","max-video-preview":"max-video-preview:-1"},"canonical":"https:\/\/cvinoticias.com\/v3\/este-martes-sera-feriado-nacional-por-la-obtencion-de-la-copa-del-mundo\/","og_locale":"es_ES","og_type":"article","og_title":"Este martes ser\u00e1 feriado nacional por la obtenci\u00f3n de la Copa del Mundo | CVI NOTICIAS","og_description":"El gobierno nacional declar\u00f3, a trav\u00e9s de un Decreto de Necesidad y Urgencia (DNU), un feriado para este martes, en coincidencia con los festejos por la obtenci\u00f3n de la Copa del Mundo en Qatar. Est\u00e1 previsto que la celebraci\u00f3n sea junto al plantel de la Selecci\u00f3n, capitaneada por Lionel Messi, que se trasladar\u00e1 desde el [&hellip;]","og_url":"https:\/\/cvinoticias.com\/v3\/este-martes-sera-feriado-nacional-por-la-obtencion-de-la-copa-del-mundo\/","og_site_name":"CVI NOTICIAS","article_publisher":"https:\/\/www.facebook.com\/cvinoticias","article_published_time":"2022-12-19T22:44:38+00:00","og_image":[{"width":1080,"height":716,"url":"https:\/\/cvinoticias.com\/wp-content\/uploads\/2022\/12\/Screenshot_20221219-194252_Facebook.jpg","type":"image\/jpeg"}],"author":"f1000024","twitter_card":"summary_large_image","twitter_misc":{"Escrito por":"f1000024","Tiempo de lectura":"1 minuto"},"schema":{"@context":"https:\/\/schema.org","@graph":[{"@type":"Article","@id":"https:\/\/cvinoticias.com\/v3\/este-martes-sera-feriado-nacional-por-la-obtencion-de-la-copa-del-mundo\/#article","isPartOf":{"@id":"https:\/\/cvinoticias.com\/v3\/este-martes-sera-feriado-nacional-por-la-obtencion-de-la-copa-del-mundo\/"},"author":{"name":"f1000024","@id":"https:\/\/cvinoticias.com\/v3\/#\/schema\/person\/2db77e3c6bc03c538495d7b2b8be9b66"},"headline":"Este martes ser\u00e1 feriado nacional por la obtenci\u00f3n de la Copa del Mundo","datePublished":"2022-12-19T22:44:38+00:00","mainEntityOfPage":{"@id":"https:\/\/cvinoticias.com\/v3\/este-martes-sera-feriado-nacional-por-la-obtencion-de-la-copa-del-mundo\/"},"wordCount":161,"commentCount":0,"publisher":{"@id":"https:\/\/cvinoticias.com\/v3\/#organization"},"image":{"@id":"https:\/\/cvinoticias.com\/v3\/este-martes-sera-feriado-nacional-por-la-obtencion-de-la-copa-del-mundo\/#primaryimage"},"thumbnailUrl":"https:\/\/cvinoticias.com\/wp-content\/uploads\/2022\/12\/Screenshot_20221219-194252_Facebook.jpg","articleSection":["Nacionales"],"inLanguage":"es","potentialAction":[{"@type":"CommentAction","name":"Comment","target":["https:\/\/cvinoticias.com\/v3\/este-martes-sera-feriado-nacional-por-la-obtencion-de-la-copa-del-mundo\/#respond"]}]},{"@type":"WebPage","@id":"https:\/\/cvinoticias.com\/v3\/este-martes-sera-feriado-nacional-por-la-obtencion-de-la-copa-del-mundo\/","url":"https:\/\/cvinoticias.com\/v3\/este-martes-sera-feriado-nacional-por-la-obtencion-de-la-copa-del-mundo\/","name":"Este martes ser\u00e1 feriado nacional por la obtenci\u00f3n de la Copa del Mundo | CVI NOTICIAS","isPartOf":{"@id":"https:\/\/cvinoticias.com\/v3\/#website"},"primaryImageOfPage":{"@id":"https:\/\/cvinoticias.com\/v3\/este-martes-sera-feriado-nacional-por-la-obtencion-de-la-copa-del-mundo\/#primaryimage"},"image":{"@id":"https:\/\/cvinoticias.com\/v3\/este-martes-sera-feriado-nacional-por-la-obtencion-de-la-copa-del-mundo\/#primaryimage"},"thumbnailUrl":"https:\/\/cvinoticias.com\/wp-content\/uploads\/2022\/12\/Screenshot_20221219-194252_Facebook.jpg","datePublished":"2022-12-19T22:44:38+00:00","breadcrumb":{"@id":"https:\/\/cvinoticias.com\/v3\/este-martes-sera-feriado-nacional-por-la-obtencion-de-la-copa-del-mundo\/#breadcrumb"},"inLanguage":"es","potentialAction":[{"@type":"ReadAction","target":["https:\/\/cvinoticias.com\/v3\/este-martes-sera-feriado-nacional-por-la-obtencion-de-la-copa-del-mundo\/"]}]},{"@type":"ImageObject","inLanguage":"es","@id":"https:\/\/cvinoticias.com\/v3\/este-martes-sera-feriado-nacional-por-la-obtencion-de-la-copa-del-mundo\/#primaryimage","url":"https:\/\/cvinoticias.com\/wp-content\/uploads\/2022\/12\/Screenshot_20221219-194252_Facebook.jpg","contentUrl":"https:\/\/cvinoticias.com\/wp-content\/uploads\/2022\/12\/Screenshot_20221219-194252_Facebook.jpg","width":1080,"height":716},{"@type":"BreadcrumbList","@id":"https:\/\/cvinoticias.com\/v3\/este-martes-sera-feriado-nacional-por-la-obtencion-de-la-copa-del-mundo\/#breadcrumb","itemListElement":[{"@type":"ListItem","position":1,"name":"Portada","item":"https:\/\/cvinoticias.com\/v3\/"},{"@type":"ListItem","position":2,"name":"Este martes ser\u00e1 feriado nacional por la obtenci\u00f3n de la Copa del Mundo"}]},{"@type":"WebSite","@id":"https:\/\/cvinoticias.com\/v3\/#website","url":"https:\/\/cvinoticias.com\/v3\/","name":"CVI NOTICIAS","description":"","publisher":{"@id":"https:\/\/cvinoticias.com\/v3\/#organization"},"alternateName":"CVI","potentialAction":[{"@type":"SearchAction","target":{"@type":"EntryPoint","urlTemplate":"https:\/\/cvinoticias.com\/v3\/?s={search_term_string}"},"query-input":{"@type":"PropertyValueSpecification","valueRequired":true,"valueName":"search_term_string"}}],"inLanguage":"es"},{"@type":"Organization","@id":"https:\/\/cvinoticias.com\/v3\/#organization","name":"CVI NOTICIAS","url":"https:\/\/cvinoticias.com\/v3\/","logo":{"@type":"ImageObject","inLanguage":"es","@id":"https:\/\/cvinoticias.com\/v3\/#\/schema\/logo\/image\/","url":"https:\/\/cvinoticias.com\/wp-content\/uploads\/2023\/04\/cropped-cropped-cropped-cropped-cropped-3-1.png","contentUrl":"https:\/\/cvinoticias.com\/wp-content\/uploads\/2023\/04\/cropped-cropped-cropped-cropped-cropped-3-1.png","width":95,"height":122,"caption":"CVI NOTICIAS"},"image":{"@id":"https:\/\/cvinoticias.com\/v3\/#\/schema\/logo\/image\/"},"sameAs":["https:\/\/www.facebook.com\/cvinoticias","https:\/\/www.instagram.com\/cvinoticias\/","https:\/\/www.youtube.com\/@CVINOTICIAS"]},{"@type":"Person","@id":"https:\/\/cvinoticias.com\/v3\/#\/schema\/person\/2db77e3c6bc03c538495d7b2b8be9b66","name":"f1000024","image":{"@type":"ImageObject","inLanguage":"es","@id":"https:\/\/secure.gravatar.com\/avatar\/d4fe7459cfc51ff5129ce1a732bbef5928568b8092d412ef95611616376bbeed?s=96&d=mm&r=g","url":"https:\/\/secure.gravatar.com\/avatar\/d4fe7459cfc51ff5129ce1a732bbef5928568b8092d412ef95611616376bbeed?s=96&d=mm&r=g","contentUrl":"https:\/\/secure.gravatar.com\/avatar\/d4fe7459cfc51ff5129ce1a732bbef5928568b8092d412ef95611616376bbeed?s=96&d=mm&r=g","caption":"f1000024"},"url":"https:\/\/cvinoticias.com\/v3\/author\/f1000024\/"}]}},"_links":{"self":[{"href":"https:\/\/cvinoticias.com\/v3\/wp-json\/wp\/v2\/posts\/21311","targetHints":{"allow":["GET"]}}],"collection":[{"href":"https:\/\/cvinoticias.com\/v3\/wp-json\/wp\/v2\/posts"}],"about":[{"href":"https:\/\/cvinoticias.com\/v3\/wp-json\/wp\/v2\/types\/post"}],"author":[{"embeddable":true,"href":"https:\/\/cvinoticias.com\/v3\/wp-json\/wp\/v2\/users\/2"}],"replies":[{"embeddable":true,"href":"https:\/\/cvinoticias.com\/v3\/wp-json\/wp\/v2\/comments?post=21311"}],"version-history":[{"count":1,"href":"https:\/\/cvinoticias.com\/v3\/wp-json\/wp\/v2\/posts\/21311\/revisions"}],"predecessor-version":[{"id":21313,"href":"https:\/\/cvinoticias.com\/v3\/wp-json\/wp\/v2\/posts\/21311\/revisions\/21313"}],"wp:featuredmedia":[{"embeddable":true,"href":"https:\/\/cvinoticias.com\/v3\/wp-json\/wp\/v2\/media\/21312"}],"wp:attachment":[{"href":"https:\/\/cvinoticias.com\/v3\/wp-json\/wp\/v2\/media?parent=21311"}],"wp:term":[{"taxonomy":"category","embeddable":true,"href":"https:\/\/cvinoticias.com\/v3\/wp-json\/wp\/v2\/categories?post=21311"},{"taxonomy":"post_tag","embeddable":true,"href":"https:\/\/cvinoticias.com\/v3\/wp-json\/wp\/v2\/tags?post=21311"}],"curies":[{"name":"wp","href":"https:\/\/api.w.org\/{rel}","templated":true}]}}