{"id":21305,"date":"2022-12-19T11:06:52","date_gmt":"2022-12-19T11:06:52","guid":{"rendered":"https:\/\/cvinoticias.com\/v3\/?p=21305"},"modified":"2022-12-19T11:06:52","modified_gmt":"2022-12-19T11:06:52","slug":"el-campeonato-del-mundo-sacudio-a-la-politica-nacional","status":"publish","type":"post","link":"https:\/\/cvinoticias.com\/v3\/el-campeonato-del-mundo-sacudio-a-la-politica-nacional\/","title":{"rendered":"El campeonato del mundo sacudi\u00f3 a la pol\u00edtica nacional"},"content":{"rendered":"\n<p><strong><em>El triunfo del seleccionado albiceleste, despu\u00e9s de 36 a\u00f1os esperando por el m\u00e1ximo galard\u00f3n internacional, no pas\u00f3 desapercibido. El gabinete nacional, el Presidente Alberto Fern\u00e1ndez y la vicepresidenta Cristina Fern\u00e1ndez de Kirchner saludaron a trav\u00e9s de las redes sociales al plantel campe\u00f3n.<\/em><\/strong><\/p>\n\n\n\n<p>\u00abGracias a jugadores y equipo t\u00e9cnico. Son el ejemplo de que no debemos bajar los brazos. Que tenemos un gran pueblo y un gran futuro. Nuestros jugadores y equipo t\u00e9cnico lograron un triunfo merecido producto del trabajo, esfuerzo y compromiso con nuestra gente. Nuestra gratitud eterna. Nos colmaron de alegr\u00eda. Gan\u00f3 Argentina y, si gana Argentina, gana Latinoam\u00e9rica\u201d. De esta manera festej\u00f3 <strong>Alberto Fern\u00e1ndez desde su cuenta de Twitter.<\/strong><\/p>\n\n\n\n<p><strong>Cristina Fern\u00e1ndez de Kirchner<\/strong><\/p>\n\n\n\n<p>\u201cGracias infinitas capit\u00e1n\u2026 a usted, al equipo y al cuerpo t\u00e9cnico, por la enorme alegr\u00eda que le han regalado al pueblo argentino. Y un saludo especial despu\u00e9s de su maradoniano \u201cand\u00e1 pa\u2019 all\u00e1 bobo\u201d, con el que se gan\u00f3 definitivamente el coraz\u00f3n de los y las argentinas\u201d.<\/p>\n\n\n\n<p>\u201cAh\u2026 \u00a1casi me olvidaba! Muchas gracias tambi\u00e9n por traer a la Patria la tercera copa\u201d.<\/p>\n\n\n\n<p><strong>El secretario de DD.HH., Horacio Pietragalla Corti, agradeci\u00f3 el triunfo<\/strong><\/p>\n\n\n\n<p>\u201c\u00a1Gracias Argentina! \u00a1Gracias Selecci\u00f3n! Agradecemos su compromiso con la memoria, verdad y justicia. \u00a1Gracias Messi! \u00a1Gracias Scaloni! Dibu, a todos. \u00a1Gracias!\u201d.<\/p>\n\n\n\n<p><strong>Ministro del Interior, \u201cWado\u201d de Pedro<\/strong><\/p>\n\n\n\n<p>\u201cGracias por esta alegr\u00eda y por la emoci\u00f3n de mi hijo viendo a Argentina campe\u00f3n por primera vez en su vida. Es algo que no se va a olvidar. \u00a1Vamos Argentina, carajo!\u201d<\/p>\n\n\n\n<p><strong>Jefe de gabinete de ministros, Juan Manzur<\/strong><\/p>\n\n\n\n<p>\u201c\u00a1La ilusi\u00f3n se hizo realidad! \u00a1La tercera lleg\u00f3, somos campeones del mundo!<\/p>\n\n\n\n<p>\u00a1Felicitaciones a los jugadores y al cuerpo t\u00e9cnico de este #EquipazoArgentino por el merecid\u00edsimo triunfo! \u00a1Gracias infinitas por alegrar a 47 millones de argentinas y argentinos!\u201d.<\/p>\n\n\n\n<p><strong>Guillermo Carmona, secretario de Malvinas, Ant\u00e1rtida y Atl\u00e1ntico Sur<\/strong><\/p>\n\n\n\n<p>\u201cSon la felicidad de un gran pueblo que sabe como pocos de caer y volver a levantarse. \u00a1Gracias muchachos! \u00a1Vamos Argentina, siempre!\u201d.<\/p>\n\n\n\n<p><strong>Ministro de Econom\u00eda de la Naci\u00f3n, Sergio Massa<\/strong><\/p>\n\n\n\n<p>\u201cCoraje. Templanza en la dif\u00edcil. Talento, orden y humildad. Orgullosos de ver que defendieron la celeste y blanca con el alma hasta el final. \u00a1Gracias Campeones! \u00a1Te amo, Argentina! \u00a1Gracias, h\u00e9roes!<\/p>\n\n\n\n<p><strong>Gobernador de Salta, Gustavo S\u00e1enz<\/strong><\/p>\n\n\n\n<p>\u201c\u00a1SOMOS CAMPEONES DEL MUNDO! \u00a1VAMOS ARGENTINA! \u00a1Gracias por esta felicidad enorme! \u00a1Gracias a Messi, a cada uno de los jugadores, al equipo t\u00e9cnico y a cada miembro de la delegaci\u00f3n por dejarnos en la historia del deporte mundial! Nos hacen muy felices\u201d.<\/p>\n\n\n\n<p><strong>Embajador argentino en Brasil, Daniel Scioli<\/strong><\/p>\n\n\n\n<p>\u201cFelicito a los jugadores, cuerpo t\u00e9cnico, dirigentes y a todos los que integran la Selecci\u00f3n Argentina de F\u00fatbol por este nuevo campeonato mundial que llena de orgullo y engrandece una vez m\u00e1s al deporte argentino\u201d.<\/p>\n\n\n\n<p><strong>Gobernador de La Rioja, Ricardo Quintela<\/strong><\/p>\n\n\n\n<p>\u201cSiempre hay que creer, siempre hay que so\u00f1ar. Nunca hay que darse por vencido. Gracias Argentina por esta alegr\u00eda que el pueblo celebra. No solo nosotros, el mundo est\u00e1 de fiesta- \u00a1Vamos Argentina! Ejemplo de equipo\u201d.<\/p>\n\n\n\n<p><strong>Ministra de Desarrollo Social de la Naci\u00f3n, Victoria Tolosa Paz<\/strong><\/p>\n\n\n\n<p>\u201cGracias, gracias, gracias totales a este gran cuerpo t\u00e9cnico y enormes jugadores, como a la mejor hinchada del mundo. A Messi, por tanto amor, tanta lealtad al pueblo argentino. Ac\u00e1 los esperamos para disfrutar con los campeones\u201d.<\/p>\n\n\n\n<p><strong>Presidenta de la C\u00e1mara de Diputados de la Naci\u00f3n, Cecilia Moreau<\/strong><\/p>\n\n\n\n<p>\u201c\u00a1VAMOS TODAV\u00cdA! \u00a1Argentina, Argentina, Argentina campe\u00f3n! La felicidad y el orgullo de todo un pueblo por esta Selecci\u00f3n que defiende nuestros colores. Eternas gracias. Esto tambi\u00e9n es para el Diego\u201d.<\/p>\n","protected":false},"excerpt":{"rendered":"<p>El triunfo del seleccionado albiceleste, despu\u00e9s de 36 a\u00f1os esperando por el m\u00e1ximo galard\u00f3n internacional, no pas\u00f3 desapercibido. El gabinete nacional, el Presidente Alberto Fern\u00e1ndez y la vicepresidenta Cristina Fern\u00e1ndez de Kirchner saludaron a trav\u00e9s de las redes sociales al plantel campe\u00f3n. \u00abGracias a jugadores y equipo t\u00e9cnico. Son el ejemplo de que no debemos [&hellip;]<\/p>\n","protected":false},"author":2,"featured_media":21306,"comment_status":"open","ping_status":"open","sticky":false,"template":"","format":"standard","meta":{"footnotes":""},"categories":[39],"tags":[],"class_list":["post-21305","post","type-post","status-publish","format-standard","has-post-thumbnail","hentry","category-nacionales"],"yoast_head":"<!-- This site is optimized with the Yoast SEO plugin v27.5 - https:\/\/yoast.com\/product\/yoast-seo-wordpress\/ -->\n<title>El campeonato del mundo sacudi\u00f3 a la pol\u00edtica nacional | CVI NOTICIAS<\/title>\n<meta name=\"robots\" content=\"index, follow, max-snippet:-1, max-image-preview:large, max-video-preview:-1\" \/>\n<link rel=\"canonical\" href=\"https:\/\/cvinoticias.com\/v3\/el-campeonato-del-mundo-sacudio-a-la-politica-nacional\/\" \/>\n<meta property=\"og:locale\" content=\"es_ES\" \/>\n<meta property=\"og:type\" content=\"article\" \/>\n<meta property=\"og:title\" content=\"El campeonato del mundo sacudi\u00f3 a la pol\u00edtica nacional | CVI NOTICIAS\" \/>\n<meta property=\"og:description\" content=\"El triunfo del seleccionado albiceleste, despu\u00e9s de 36 a\u00f1os esperando por el m\u00e1ximo galard\u00f3n internacional, no pas\u00f3 desapercibido. El gabinete nacional, el Presidente Alberto Fern\u00e1ndez y la vicepresidenta Cristina Fern\u00e1ndez de Kirchner saludaron a trav\u00e9s de las redes sociales al plantel campe\u00f3n. \u00abGracias a jugadores y equipo t\u00e9cnico. Son el ejemplo de que no debemos [&hellip;]\" \/>\n<meta property=\"og:url\" content=\"https:\/\/cvinoticias.com\/v3\/el-campeonato-del-mundo-sacudio-a-la-politica-nacional\/\" \/>\n<meta property=\"og:site_name\" content=\"CVI NOTICIAS\" \/>\n<meta property=\"article:publisher\" content=\"https:\/\/www.facebook.com\/cvinoticias\" \/>\n<meta property=\"article:published_time\" content=\"2022-12-19T11:06:52+00:00\" \/>\n<meta property=\"og:image\" content=\"https:\/\/cvinoticias.com\/wp-content\/uploads\/2022\/12\/FB_IMG_1671391318885.jpg\" \/>\n\t<meta property=\"og:image:width\" content=\"1080\" \/>\n\t<meta property=\"og:image:height\" content=\"1619\" \/>\n\t<meta property=\"og:image:type\" content=\"image\/jpeg\" \/>\n<meta name=\"author\" content=\"f1000024\" \/>\n<meta name=\"twitter:card\" content=\"summary_large_image\" \/>\n<meta name=\"twitter:label1\" content=\"Escrito por\" \/>\n\t<meta name=\"twitter:data1\" content=\"f1000024\" \/>\n\t<meta name=\"twitter:label2\" content=\"Tiempo de lectura\" \/>\n\t<meta name=\"twitter:data2\" content=\"3 minutos\" \/>\n<script type=\"application\/ld+json\" class=\"yoast-schema-graph\">{\"@context\":\"https:\\\/\\\/schema.org\",\"@graph\":[{\"@type\":\"Article\",\"@id\":\"https:\\\/\\\/cvinoticias.com\\\/v3\\\/el-campeonato-del-mundo-sacudio-a-la-politica-nacional\\\/#article\",\"isPartOf\":{\"@id\":\"https:\\\/\\\/cvinoticias.com\\\/v3\\\/el-campeonato-del-mundo-sacudio-a-la-politica-nacional\\\/\"},\"author\":{\"name\":\"f1000024\",\"@id\":\"https:\\\/\\\/cvinoticias.com\\\/v3\\\/#\\\/schema\\\/person\\\/2db77e3c6bc03c538495d7b2b8be9b66\"},\"headline\":\"El campeonato del mundo sacudi\u00f3 a la pol\u00edtica nacional\",\"datePublished\":\"2022-12-19T11:06:52+00:00\",\"mainEntityOfPage\":{\"@id\":\"https:\\\/\\\/cvinoticias.com\\\/v3\\\/el-campeonato-del-mundo-sacudio-a-la-politica-nacional\\\/\"},\"wordCount\":638,\"commentCount\":0,\"publisher\":{\"@id\":\"https:\\\/\\\/cvinoticias.com\\\/v3\\\/#organization\"},\"image\":{\"@id\":\"https:\\\/\\\/cvinoticias.com\\\/v3\\\/el-campeonato-del-mundo-sacudio-a-la-politica-nacional\\\/#primaryimage\"},\"thumbnailUrl\":\"https:\\\/\\\/cvinoticias.com\\\/wp-content\\\/uploads\\\/2022\\\/12\\\/FB_IMG_1671391318885.jpg\",\"articleSection\":[\"Nacionales\"],\"inLanguage\":\"es\",\"potentialAction\":[{\"@type\":\"CommentAction\",\"name\":\"Comment\",\"target\":[\"https:\\\/\\\/cvinoticias.com\\\/v3\\\/el-campeonato-del-mundo-sacudio-a-la-politica-nacional\\\/#respond\"]}]},{\"@type\":\"WebPage\",\"@id\":\"https:\\\/\\\/cvinoticias.com\\\/v3\\\/el-campeonato-del-mundo-sacudio-a-la-politica-nacional\\\/\",\"url\":\"https:\\\/\\\/cvinoticias.com\\\/v3\\\/el-campeonato-del-mundo-sacudio-a-la-politica-nacional\\\/\",\"name\":\"El campeonato del mundo sacudi\u00f3 a la pol\u00edtica nacional | CVI NOTICIAS\",\"isPartOf\":{\"@id\":\"https:\\\/\\\/cvinoticias.com\\\/v3\\\/#website\"},\"primaryImageOfPage\":{\"@id\":\"https:\\\/\\\/cvinoticias.com\\\/v3\\\/el-campeonato-del-mundo-sacudio-a-la-politica-nacional\\\/#primaryimage\"},\"image\":{\"@id\":\"https:\\\/\\\/cvinoticias.com\\\/v3\\\/el-campeonato-del-mundo-sacudio-a-la-politica-nacional\\\/#primaryimage\"},\"thumbnailUrl\":\"https:\\\/\\\/cvinoticias.com\\\/wp-content\\\/uploads\\\/2022\\\/12\\\/FB_IMG_1671391318885.jpg\",\"datePublished\":\"2022-12-19T11:06:52+00:00\",\"breadcrumb\":{\"@id\":\"https:\\\/\\\/cvinoticias.com\\\/v3\\\/el-campeonato-del-mundo-sacudio-a-la-politica-nacional\\\/#breadcrumb\"},\"inLanguage\":\"es\",\"potentialAction\":[{\"@type\":\"ReadAction\",\"target\":[\"https:\\\/\\\/cvinoticias.com\\\/v3\\\/el-campeonato-del-mundo-sacudio-a-la-politica-nacional\\\/\"]}]},{\"@type\":\"ImageObject\",\"inLanguage\":\"es\",\"@id\":\"https:\\\/\\\/cvinoticias.com\\\/v3\\\/el-campeonato-del-mundo-sacudio-a-la-politica-nacional\\\/#primaryimage\",\"url\":\"https:\\\/\\\/cvinoticias.com\\\/wp-content\\\/uploads\\\/2022\\\/12\\\/FB_IMG_1671391318885.jpg\",\"contentUrl\":\"https:\\\/\\\/cvinoticias.com\\\/wp-content\\\/uploads\\\/2022\\\/12\\\/FB_IMG_1671391318885.jpg\",\"width\":1080,\"height\":1619},{\"@type\":\"BreadcrumbList\",\"@id\":\"https:\\\/\\\/cvinoticias.com\\\/v3\\\/el-campeonato-del-mundo-sacudio-a-la-politica-nacional\\\/#breadcrumb\",\"itemListElement\":[{\"@type\":\"ListItem\",\"position\":1,\"name\":\"Portada\",\"item\":\"https:\\\/\\\/cvinoticias.com\\\/v3\\\/\"},{\"@type\":\"ListItem\",\"position\":2,\"name\":\"El campeonato del mundo sacudi\u00f3 a la pol\u00edtica nacional\"}]},{\"@type\":\"WebSite\",\"@id\":\"https:\\\/\\\/cvinoticias.com\\\/v3\\\/#website\",\"url\":\"https:\\\/\\\/cvinoticias.com\\\/v3\\\/\",\"name\":\"CVI NOTICIAS\",\"description\":\"\",\"publisher\":{\"@id\":\"https:\\\/\\\/cvinoticias.com\\\/v3\\\/#organization\"},\"alternateName\":\"CVI\",\"potentialAction\":[{\"@type\":\"SearchAction\",\"target\":{\"@type\":\"EntryPoint\",\"urlTemplate\":\"https:\\\/\\\/cvinoticias.com\\\/v3\\\/?s={search_term_string}\"},\"query-input\":{\"@type\":\"PropertyValueSpecification\",\"valueRequired\":true,\"valueName\":\"search_term_string\"}}],\"inLanguage\":\"es\"},{\"@type\":\"Organization\",\"@id\":\"https:\\\/\\\/cvinoticias.com\\\/v3\\\/#organization\",\"name\":\"CVI NOTICIAS\",\"url\":\"https:\\\/\\\/cvinoticias.com\\\/v3\\\/\",\"logo\":{\"@type\":\"ImageObject\",\"inLanguage\":\"es\",\"@id\":\"https:\\\/\\\/cvinoticias.com\\\/v3\\\/#\\\/schema\\\/logo\\\/image\\\/\",\"url\":\"https:\\\/\\\/cvinoticias.com\\\/wp-content\\\/uploads\\\/2023\\\/04\\\/cropped-cropped-cropped-cropped-cropped-3-1.png\",\"contentUrl\":\"https:\\\/\\\/cvinoticias.com\\\/wp-content\\\/uploads\\\/2023\\\/04\\\/cropped-cropped-cropped-cropped-cropped-3-1.png\",\"width\":95,\"height\":122,\"caption\":\"CVI NOTICIAS\"},\"image\":{\"@id\":\"https:\\\/\\\/cvinoticias.com\\\/v3\\\/#\\\/schema\\\/logo\\\/image\\\/\"},\"sameAs\":[\"https:\\\/\\\/www.facebook.com\\\/cvinoticias\",\"https:\\\/\\\/www.instagram.com\\\/cvinoticias\\\/\",\"https:\\\/\\\/www.youtube.com\\\/@CVINOTICIAS\"]},{\"@type\":\"Person\",\"@id\":\"https:\\\/\\\/cvinoticias.com\\\/v3\\\/#\\\/schema\\\/person\\\/2db77e3c6bc03c538495d7b2b8be9b66\",\"name\":\"f1000024\",\"image\":{\"@type\":\"ImageObject\",\"inLanguage\":\"es\",\"@id\":\"https:\\\/\\\/secure.gravatar.com\\\/avatar\\\/d4fe7459cfc51ff5129ce1a732bbef5928568b8092d412ef95611616376bbeed?s=96&d=mm&r=g\",\"url\":\"https:\\\/\\\/secure.gravatar.com\\\/avatar\\\/d4fe7459cfc51ff5129ce1a732bbef5928568b8092d412ef95611616376bbeed?s=96&d=mm&r=g\",\"contentUrl\":\"https:\\\/\\\/secure.gravatar.com\\\/avatar\\\/d4fe7459cfc51ff5129ce1a732bbef5928568b8092d412ef95611616376bbeed?s=96&d=mm&r=g\",\"caption\":\"f1000024\"},\"url\":\"https:\\\/\\\/cvinoticias.com\\\/v3\\\/author\\\/f1000024\\\/\"}]}<\/script>\n<!-- \/ Yoast SEO plugin. -->","yoast_head_json":{"title":"El campeonato del mundo sacudi\u00f3 a la pol\u00edtica nacional | CVI NOTICIAS","robots":{"index":"index","follow":"follow","max-snippet":"max-snippet:-1","max-image-preview":"max-image-preview:large","max-video-preview":"max-video-preview:-1"},"canonical":"https:\/\/cvinoticias.com\/v3\/el-campeonato-del-mundo-sacudio-a-la-politica-nacional\/","og_locale":"es_ES","og_type":"article","og_title":"El campeonato del mundo sacudi\u00f3 a la pol\u00edtica nacional | CVI NOTICIAS","og_description":"El triunfo del seleccionado albiceleste, despu\u00e9s de 36 a\u00f1os esperando por el m\u00e1ximo galard\u00f3n internacional, no pas\u00f3 desapercibido. El gabinete nacional, el Presidente Alberto Fern\u00e1ndez y la vicepresidenta Cristina Fern\u00e1ndez de Kirchner saludaron a trav\u00e9s de las redes sociales al plantel campe\u00f3n. \u00abGracias a jugadores y equipo t\u00e9cnico. Son el ejemplo de que no debemos [&hellip;]","og_url":"https:\/\/cvinoticias.com\/v3\/el-campeonato-del-mundo-sacudio-a-la-politica-nacional\/","og_site_name":"CVI NOTICIAS","article_publisher":"https:\/\/www.facebook.com\/cvinoticias","article_published_time":"2022-12-19T11:06:52+00:00","og_image":[{"width":1080,"height":1619,"url":"https:\/\/cvinoticias.com\/wp-content\/uploads\/2022\/12\/FB_IMG_1671391318885.jpg","type":"image\/jpeg"}],"author":"f1000024","twitter_card":"summary_large_image","twitter_misc":{"Escrito por":"f1000024","Tiempo de lectura":"3 minutos"},"schema":{"@context":"https:\/\/schema.org","@graph":[{"@type":"Article","@id":"https:\/\/cvinoticias.com\/v3\/el-campeonato-del-mundo-sacudio-a-la-politica-nacional\/#article","isPartOf":{"@id":"https:\/\/cvinoticias.com\/v3\/el-campeonato-del-mundo-sacudio-a-la-politica-nacional\/"},"author":{"name":"f1000024","@id":"https:\/\/cvinoticias.com\/v3\/#\/schema\/person\/2db77e3c6bc03c538495d7b2b8be9b66"},"headline":"El campeonato del mundo sacudi\u00f3 a la pol\u00edtica nacional","datePublished":"2022-12-19T11:06:52+00:00","mainEntityOfPage":{"@id":"https:\/\/cvinoticias.com\/v3\/el-campeonato-del-mundo-sacudio-a-la-politica-nacional\/"},"wordCount":638,"commentCount":0,"publisher":{"@id":"https:\/\/cvinoticias.com\/v3\/#organization"},"image":{"@id":"https:\/\/cvinoticias.com\/v3\/el-campeonato-del-mundo-sacudio-a-la-politica-nacional\/#primaryimage"},"thumbnailUrl":"https:\/\/cvinoticias.com\/wp-content\/uploads\/2022\/12\/FB_IMG_1671391318885.jpg","articleSection":["Nacionales"],"inLanguage":"es","potentialAction":[{"@type":"CommentAction","name":"Comment","target":["https:\/\/cvinoticias.com\/v3\/el-campeonato-del-mundo-sacudio-a-la-politica-nacional\/#respond"]}]},{"@type":"WebPage","@id":"https:\/\/cvinoticias.com\/v3\/el-campeonato-del-mundo-sacudio-a-la-politica-nacional\/","url":"https:\/\/cvinoticias.com\/v3\/el-campeonato-del-mundo-sacudio-a-la-politica-nacional\/","name":"El campeonato del mundo sacudi\u00f3 a la pol\u00edtica nacional | CVI NOTICIAS","isPartOf":{"@id":"https:\/\/cvinoticias.com\/v3\/#website"},"primaryImageOfPage":{"@id":"https:\/\/cvinoticias.com\/v3\/el-campeonato-del-mundo-sacudio-a-la-politica-nacional\/#primaryimage"},"image":{"@id":"https:\/\/cvinoticias.com\/v3\/el-campeonato-del-mundo-sacudio-a-la-politica-nacional\/#primaryimage"},"thumbnailUrl":"https:\/\/cvinoticias.com\/wp-content\/uploads\/2022\/12\/FB_IMG_1671391318885.jpg","datePublished":"2022-12-19T11:06:52+00:00","breadcrumb":{"@id":"https:\/\/cvinoticias.com\/v3\/el-campeonato-del-mundo-sacudio-a-la-politica-nacional\/#breadcrumb"},"inLanguage":"es","potentialAction":[{"@type":"ReadAction","target":["https:\/\/cvinoticias.com\/v3\/el-campeonato-del-mundo-sacudio-a-la-politica-nacional\/"]}]},{"@type":"ImageObject","inLanguage":"es","@id":"https:\/\/cvinoticias.com\/v3\/el-campeonato-del-mundo-sacudio-a-la-politica-nacional\/#primaryimage","url":"https:\/\/cvinoticias.com\/wp-content\/uploads\/2022\/12\/FB_IMG_1671391318885.jpg","contentUrl":"https:\/\/cvinoticias.com\/wp-content\/uploads\/2022\/12\/FB_IMG_1671391318885.jpg","width":1080,"height":1619},{"@type":"BreadcrumbList","@id":"https:\/\/cvinoticias.com\/v3\/el-campeonato-del-mundo-sacudio-a-la-politica-nacional\/#breadcrumb","itemListElement":[{"@type":"ListItem","position":1,"name":"Portada","item":"https:\/\/cvinoticias.com\/v3\/"},{"@type":"ListItem","position":2,"name":"El campeonato del mundo sacudi\u00f3 a la pol\u00edtica nacional"}]},{"@type":"WebSite","@id":"https:\/\/cvinoticias.com\/v3\/#website","url":"https:\/\/cvinoticias.com\/v3\/","name":"CVI NOTICIAS","description":"","publisher":{"@id":"https:\/\/cvinoticias.com\/v3\/#organization"},"alternateName":"CVI","potentialAction":[{"@type":"SearchAction","target":{"@type":"EntryPoint","urlTemplate":"https:\/\/cvinoticias.com\/v3\/?s={search_term_string}"},"query-input":{"@type":"PropertyValueSpecification","valueRequired":true,"valueName":"search_term_string"}}],"inLanguage":"es"},{"@type":"Organization","@id":"https:\/\/cvinoticias.com\/v3\/#organization","name":"CVI NOTICIAS","url":"https:\/\/cvinoticias.com\/v3\/","logo":{"@type":"ImageObject","inLanguage":"es","@id":"https:\/\/cvinoticias.com\/v3\/#\/schema\/logo\/image\/","url":"https:\/\/cvinoticias.com\/wp-content\/uploads\/2023\/04\/cropped-cropped-cropped-cropped-cropped-3-1.png","contentUrl":"https:\/\/cvinoticias.com\/wp-content\/uploads\/2023\/04\/cropped-cropped-cropped-cropped-cropped-3-1.png","width":95,"height":122,"caption":"CVI NOTICIAS"},"image":{"@id":"https:\/\/cvinoticias.com\/v3\/#\/schema\/logo\/image\/"},"sameAs":["https:\/\/www.facebook.com\/cvinoticias","https:\/\/www.instagram.com\/cvinoticias\/","https:\/\/www.youtube.com\/@CVINOTICIAS"]},{"@type":"Person","@id":"https:\/\/cvinoticias.com\/v3\/#\/schema\/person\/2db77e3c6bc03c538495d7b2b8be9b66","name":"f1000024","image":{"@type":"ImageObject","inLanguage":"es","@id":"https:\/\/secure.gravatar.com\/avatar\/d4fe7459cfc51ff5129ce1a732bbef5928568b8092d412ef95611616376bbeed?s=96&d=mm&r=g","url":"https:\/\/secure.gravatar.com\/avatar\/d4fe7459cfc51ff5129ce1a732bbef5928568b8092d412ef95611616376bbeed?s=96&d=mm&r=g","contentUrl":"https:\/\/secure.gravatar.com\/avatar\/d4fe7459cfc51ff5129ce1a732bbef5928568b8092d412ef95611616376bbeed?s=96&d=mm&r=g","caption":"f1000024"},"url":"https:\/\/cvinoticias.com\/v3\/author\/f1000024\/"}]}},"_links":{"self":[{"href":"https:\/\/cvinoticias.com\/v3\/wp-json\/wp\/v2\/posts\/21305","targetHints":{"allow":["GET"]}}],"collection":[{"href":"https:\/\/cvinoticias.com\/v3\/wp-json\/wp\/v2\/posts"}],"about":[{"href":"https:\/\/cvinoticias.com\/v3\/wp-json\/wp\/v2\/types\/post"}],"author":[{"embeddable":true,"href":"https:\/\/cvinoticias.com\/v3\/wp-json\/wp\/v2\/users\/2"}],"replies":[{"embeddable":true,"href":"https:\/\/cvinoticias.com\/v3\/wp-json\/wp\/v2\/comments?post=21305"}],"version-history":[{"count":1,"href":"https:\/\/cvinoticias.com\/v3\/wp-json\/wp\/v2\/posts\/21305\/revisions"}],"predecessor-version":[{"id":21307,"href":"https:\/\/cvinoticias.com\/v3\/wp-json\/wp\/v2\/posts\/21305\/revisions\/21307"}],"wp:featuredmedia":[{"embeddable":true,"href":"https:\/\/cvinoticias.com\/v3\/wp-json\/wp\/v2\/media\/21306"}],"wp:attachment":[{"href":"https:\/\/cvinoticias.com\/v3\/wp-json\/wp\/v2\/media?parent=21305"}],"wp:term":[{"taxonomy":"category","embeddable":true,"href":"https:\/\/cvinoticias.com\/v3\/wp-json\/wp\/v2\/categories?post=21305"},{"taxonomy":"post_tag","embeddable":true,"href":"https:\/\/cvinoticias.com\/v3\/wp-json\/wp\/v2\/tags?post=21305"}],"curies":[{"name":"wp","href":"https:\/\/api.w.org\/{rel}","templated":true}]}}