{"id":21299,"date":"2022-12-19T10:43:04","date_gmt":"2022-12-19T10:43:04","guid":{"rendered":"https:\/\/cvinoticias.com\/v3\/?p=21299"},"modified":"2022-12-19T10:43:04","modified_gmt":"2022-12-19T10:43:04","slug":"calendario-confirmado-cuando-seran-las-elecciones-2023-en-argentina","status":"publish","type":"post","link":"https:\/\/cvinoticias.com\/v3\/calendario-confirmado-cuando-seran-las-elecciones-2023-en-argentina\/","title":{"rendered":"Calendario confirmado: \u00bfcu\u00e1ndo ser\u00e1n las Elecciones 2023 en Argentina?"},"content":{"rendered":"\n<p><strong><em>A falta de un a\u00f1o de la asunci\u00f3n de un nuevo Gobierno nacional, la pol\u00edtica ya empieza a mirar de reojo las fechas clave del calendario electoral 2023, que tiene varias escalas y un posible balotaje presidencial.<\/em><\/strong><\/p>\n\n\n\n<p>La C\u00e1mara Nacional Electoral, encargada de la organizaci\u00f3n y control de las elecciones nacionales, dar\u00e1 a conocer el cronograma en marzo o comienzos de abril del a\u00f1o pr\u00f3ximo, pero hay fechas que ya se conocen con antelaci\u00f3n.<\/p>\n\n\n\n<p>Formalmente el calendario abrir\u00e1 el 25 de abril con el cierre del padr\u00f3n provisorio que el 5 de mayo ser\u00e1 publicado. En tanto, el 15 de mayo es la fecha tope para la convocatoria a las elecciones primarias abiertas, simult\u00e1neas y obligatorias (PASO), que indefectiblemente se llevar\u00e1n a cabo luego de que fracasara un intento para suspenderlas.<\/p>\n\n\n\n<p>Hasta esa fecha hay plazo para suspender las PASO, pero ya no queda margen pol\u00edtico ni tiempos institucionales para un cambio de las reglas de juego electorales, y los partidos pol\u00edticos necesitan de ese instrumento para ordenar sus internas.<\/p>\n\n\n\n<p>La convocatoria a las PASO la realizar\u00e1 el presidente Alberto Fern\u00e1ndez a trav\u00e9s de un decreto que se publicar\u00e1 en el Bolet\u00edn Oficial. La siguiente fecha clave del calendario electoral ser\u00e1 el 14 de junio, \u00faltimo d\u00eda en que los partidos pol\u00edticos tendr\u00e1n disponible para inscribir las alianzas con las que competir\u00e1n en las urnas.<\/p>\n\n\n\n<p>El 24 de junio es una fecha bisagra porque cada alianza electoral debe oficializar en la Justicia sus listas de precandidatos nacionales a senadores, diputados, presidente y vicepresidente. Entonces concluir\u00e1n las especulaciones y comenzar\u00e1 formalmente la campa\u00f1a electoral de cara a las PASO.<\/p>\n\n\n\n<p>El 14 de julio se designar\u00e1n las autoridades de mesa y los juzgados electorales deben aprobar las boletas con los candidatos. El 11 de agosto, en tanto, se iniciar\u00e1 la veda electoral y el 13 de agosto se celebrar\u00e1n las PASO.<\/p>\n\n\n\n<p>El 15 de agosto comenzar\u00e1 el escrutinio definitivo cuyo resultado proclamar\u00e1 las listas definitivas que competir\u00e1n en las elecciones generales del 22 de octubre.<\/p>\n\n\n\n<p>La campa\u00f1a para los comicios generales arrancar\u00e1 el 17 de septiembre y el 2 de octubre la C\u00e1mara Nacional Electoral citar\u00e1 a los candidatos a presidente de la Naci\u00f3n para el primer debate obligatorio, que se celebrar\u00e1 el 8 de octubre. El segundo ser\u00e1 una semana m\u00e1s tarde, el 15 de octubre.<\/p>\n\n\n\n<p>Si hubiera balotaje, habr\u00e1 un tercer debate obligatorio de los dos candidatos en carrera el 12 de noviembre, siete d\u00edas antes de la elecci\u00f3n de segunda vuelta prevista para el 19 de noviembre, en caso de ser necesaria.<\/p>\n","protected":false},"excerpt":{"rendered":"<p>A falta de un a\u00f1o de la asunci\u00f3n de un nuevo Gobierno nacional, la pol\u00edtica ya empieza a mirar de reojo las fechas clave del calendario electoral 2023, que tiene varias escalas y un posible balotaje presidencial. La C\u00e1mara Nacional Electoral, encargada de la organizaci\u00f3n y control de las elecciones nacionales, dar\u00e1 a conocer el [&hellip;]<\/p>\n","protected":false},"author":2,"featured_media":21300,"comment_status":"open","ping_status":"open","sticky":false,"template":"","format":"standard","meta":{"footnotes":""},"categories":[42],"tags":[],"class_list":["post-21299","post","type-post","status-publish","format-standard","has-post-thumbnail","hentry","category-politica"],"yoast_head":"<!-- This site is optimized with the Yoast SEO plugin v27.5 - https:\/\/yoast.com\/product\/yoast-seo-wordpress\/ -->\n<title>Calendario confirmado: \u00bfcu\u00e1ndo ser\u00e1n las Elecciones 2023 en Argentina? | CVI NOTICIAS<\/title>\n<meta name=\"robots\" content=\"index, follow, max-snippet:-1, max-image-preview:large, max-video-preview:-1\" \/>\n<link rel=\"canonical\" href=\"https:\/\/cvinoticias.com\/v3\/calendario-confirmado-cuando-seran-las-elecciones-2023-en-argentina\/\" \/>\n<meta property=\"og:locale\" content=\"es_ES\" \/>\n<meta property=\"og:type\" content=\"article\" \/>\n<meta property=\"og:title\" content=\"Calendario confirmado: \u00bfcu\u00e1ndo ser\u00e1n las Elecciones 2023 en Argentina? | CVI NOTICIAS\" \/>\n<meta property=\"og:description\" content=\"A falta de un a\u00f1o de la asunci\u00f3n de un nuevo Gobierno nacional, la pol\u00edtica ya empieza a mirar de reojo las fechas clave del calendario electoral 2023, que tiene varias escalas y un posible balotaje presidencial. La C\u00e1mara Nacional Electoral, encargada de la organizaci\u00f3n y control de las elecciones nacionales, dar\u00e1 a conocer el [&hellip;]\" \/>\n<meta property=\"og:url\" content=\"https:\/\/cvinoticias.com\/v3\/calendario-confirmado-cuando-seran-las-elecciones-2023-en-argentina\/\" \/>\n<meta property=\"og:site_name\" content=\"CVI NOTICIAS\" \/>\n<meta property=\"article:publisher\" content=\"https:\/\/www.facebook.com\/cvinoticias\" \/>\n<meta property=\"article:published_time\" content=\"2022-12-19T10:43:04+00:00\" \/>\n<meta property=\"og:image\" content=\"https:\/\/cvinoticias.com\/wp-content\/uploads\/2022\/12\/l_1671097493.jpg\" \/>\n\t<meta property=\"og:image:width\" content=\"900\" \/>\n\t<meta property=\"og:image:height\" content=\"600\" \/>\n\t<meta property=\"og:image:type\" content=\"image\/jpeg\" \/>\n<meta name=\"author\" content=\"f1000024\" \/>\n<meta name=\"twitter:card\" content=\"summary_large_image\" \/>\n<meta name=\"twitter:label1\" content=\"Escrito por\" \/>\n\t<meta name=\"twitter:data1\" content=\"f1000024\" \/>\n\t<meta name=\"twitter:label2\" content=\"Tiempo de lectura\" \/>\n\t<meta name=\"twitter:data2\" content=\"2 minutos\" \/>\n<script type=\"application\/ld+json\" class=\"yoast-schema-graph\">{\"@context\":\"https:\\\/\\\/schema.org\",\"@graph\":[{\"@type\":\"Article\",\"@id\":\"https:\\\/\\\/cvinoticias.com\\\/v3\\\/calendario-confirmado-cuando-seran-las-elecciones-2023-en-argentina\\\/#article\",\"isPartOf\":{\"@id\":\"https:\\\/\\\/cvinoticias.com\\\/v3\\\/calendario-confirmado-cuando-seran-las-elecciones-2023-en-argentina\\\/\"},\"author\":{\"name\":\"f1000024\",\"@id\":\"https:\\\/\\\/cvinoticias.com\\\/v3\\\/#\\\/schema\\\/person\\\/2db77e3c6bc03c538495d7b2b8be9b66\"},\"headline\":\"Calendario confirmado: \u00bfcu\u00e1ndo ser\u00e1n las Elecciones 2023 en Argentina?\",\"datePublished\":\"2022-12-19T10:43:04+00:00\",\"mainEntityOfPage\":{\"@id\":\"https:\\\/\\\/cvinoticias.com\\\/v3\\\/calendario-confirmado-cuando-seran-las-elecciones-2023-en-argentina\\\/\"},\"wordCount\":447,\"commentCount\":0,\"publisher\":{\"@id\":\"https:\\\/\\\/cvinoticias.com\\\/v3\\\/#organization\"},\"image\":{\"@id\":\"https:\\\/\\\/cvinoticias.com\\\/v3\\\/calendario-confirmado-cuando-seran-las-elecciones-2023-en-argentina\\\/#primaryimage\"},\"thumbnailUrl\":\"https:\\\/\\\/cvinoticias.com\\\/wp-content\\\/uploads\\\/2022\\\/12\\\/l_1671097493.jpg\",\"articleSection\":[\"Politica\"],\"inLanguage\":\"es\",\"potentialAction\":[{\"@type\":\"CommentAction\",\"name\":\"Comment\",\"target\":[\"https:\\\/\\\/cvinoticias.com\\\/v3\\\/calendario-confirmado-cuando-seran-las-elecciones-2023-en-argentina\\\/#respond\"]}]},{\"@type\":\"WebPage\",\"@id\":\"https:\\\/\\\/cvinoticias.com\\\/v3\\\/calendario-confirmado-cuando-seran-las-elecciones-2023-en-argentina\\\/\",\"url\":\"https:\\\/\\\/cvinoticias.com\\\/v3\\\/calendario-confirmado-cuando-seran-las-elecciones-2023-en-argentina\\\/\",\"name\":\"Calendario confirmado: \u00bfcu\u00e1ndo ser\u00e1n las Elecciones 2023 en Argentina? | CVI NOTICIAS\",\"isPartOf\":{\"@id\":\"https:\\\/\\\/cvinoticias.com\\\/v3\\\/#website\"},\"primaryImageOfPage\":{\"@id\":\"https:\\\/\\\/cvinoticias.com\\\/v3\\\/calendario-confirmado-cuando-seran-las-elecciones-2023-en-argentina\\\/#primaryimage\"},\"image\":{\"@id\":\"https:\\\/\\\/cvinoticias.com\\\/v3\\\/calendario-confirmado-cuando-seran-las-elecciones-2023-en-argentina\\\/#primaryimage\"},\"thumbnailUrl\":\"https:\\\/\\\/cvinoticias.com\\\/wp-content\\\/uploads\\\/2022\\\/12\\\/l_1671097493.jpg\",\"datePublished\":\"2022-12-19T10:43:04+00:00\",\"breadcrumb\":{\"@id\":\"https:\\\/\\\/cvinoticias.com\\\/v3\\\/calendario-confirmado-cuando-seran-las-elecciones-2023-en-argentina\\\/#breadcrumb\"},\"inLanguage\":\"es\",\"potentialAction\":[{\"@type\":\"ReadAction\",\"target\":[\"https:\\\/\\\/cvinoticias.com\\\/v3\\\/calendario-confirmado-cuando-seran-las-elecciones-2023-en-argentina\\\/\"]}]},{\"@type\":\"ImageObject\",\"inLanguage\":\"es\",\"@id\":\"https:\\\/\\\/cvinoticias.com\\\/v3\\\/calendario-confirmado-cuando-seran-las-elecciones-2023-en-argentina\\\/#primaryimage\",\"url\":\"https:\\\/\\\/cvinoticias.com\\\/wp-content\\\/uploads\\\/2022\\\/12\\\/l_1671097493.jpg\",\"contentUrl\":\"https:\\\/\\\/cvinoticias.com\\\/wp-content\\\/uploads\\\/2022\\\/12\\\/l_1671097493.jpg\",\"width\":900,\"height\":600},{\"@type\":\"BreadcrumbList\",\"@id\":\"https:\\\/\\\/cvinoticias.com\\\/v3\\\/calendario-confirmado-cuando-seran-las-elecciones-2023-en-argentina\\\/#breadcrumb\",\"itemListElement\":[{\"@type\":\"ListItem\",\"position\":1,\"name\":\"Portada\",\"item\":\"https:\\\/\\\/cvinoticias.com\\\/v3\\\/\"},{\"@type\":\"ListItem\",\"position\":2,\"name\":\"Calendario confirmado: \u00bfcu\u00e1ndo ser\u00e1n las Elecciones 2023 en Argentina?\"}]},{\"@type\":\"WebSite\",\"@id\":\"https:\\\/\\\/cvinoticias.com\\\/v3\\\/#website\",\"url\":\"https:\\\/\\\/cvinoticias.com\\\/v3\\\/\",\"name\":\"CVI NOTICIAS\",\"description\":\"\",\"publisher\":{\"@id\":\"https:\\\/\\\/cvinoticias.com\\\/v3\\\/#organization\"},\"alternateName\":\"CVI\",\"potentialAction\":[{\"@type\":\"SearchAction\",\"target\":{\"@type\":\"EntryPoint\",\"urlTemplate\":\"https:\\\/\\\/cvinoticias.com\\\/v3\\\/?s={search_term_string}\"},\"query-input\":{\"@type\":\"PropertyValueSpecification\",\"valueRequired\":true,\"valueName\":\"search_term_string\"}}],\"inLanguage\":\"es\"},{\"@type\":\"Organization\",\"@id\":\"https:\\\/\\\/cvinoticias.com\\\/v3\\\/#organization\",\"name\":\"CVI NOTICIAS\",\"url\":\"https:\\\/\\\/cvinoticias.com\\\/v3\\\/\",\"logo\":{\"@type\":\"ImageObject\",\"inLanguage\":\"es\",\"@id\":\"https:\\\/\\\/cvinoticias.com\\\/v3\\\/#\\\/schema\\\/logo\\\/image\\\/\",\"url\":\"https:\\\/\\\/cvinoticias.com\\\/wp-content\\\/uploads\\\/2023\\\/04\\\/cropped-cropped-cropped-cropped-cropped-3-1.png\",\"contentUrl\":\"https:\\\/\\\/cvinoticias.com\\\/wp-content\\\/uploads\\\/2023\\\/04\\\/cropped-cropped-cropped-cropped-cropped-3-1.png\",\"width\":95,\"height\":122,\"caption\":\"CVI NOTICIAS\"},\"image\":{\"@id\":\"https:\\\/\\\/cvinoticias.com\\\/v3\\\/#\\\/schema\\\/logo\\\/image\\\/\"},\"sameAs\":[\"https:\\\/\\\/www.facebook.com\\\/cvinoticias\",\"https:\\\/\\\/www.instagram.com\\\/cvinoticias\\\/\",\"https:\\\/\\\/www.youtube.com\\\/@CVINOTICIAS\"]},{\"@type\":\"Person\",\"@id\":\"https:\\\/\\\/cvinoticias.com\\\/v3\\\/#\\\/schema\\\/person\\\/2db77e3c6bc03c538495d7b2b8be9b66\",\"name\":\"f1000024\",\"image\":{\"@type\":\"ImageObject\",\"inLanguage\":\"es\",\"@id\":\"https:\\\/\\\/secure.gravatar.com\\\/avatar\\\/d4fe7459cfc51ff5129ce1a732bbef5928568b8092d412ef95611616376bbeed?s=96&d=mm&r=g\",\"url\":\"https:\\\/\\\/secure.gravatar.com\\\/avatar\\\/d4fe7459cfc51ff5129ce1a732bbef5928568b8092d412ef95611616376bbeed?s=96&d=mm&r=g\",\"contentUrl\":\"https:\\\/\\\/secure.gravatar.com\\\/avatar\\\/d4fe7459cfc51ff5129ce1a732bbef5928568b8092d412ef95611616376bbeed?s=96&d=mm&r=g\",\"caption\":\"f1000024\"},\"url\":\"https:\\\/\\\/cvinoticias.com\\\/v3\\\/author\\\/f1000024\\\/\"}]}<\/script>\n<!-- \/ Yoast SEO plugin. -->","yoast_head_json":{"title":"Calendario confirmado: \u00bfcu\u00e1ndo ser\u00e1n las Elecciones 2023 en Argentina? | CVI NOTICIAS","robots":{"index":"index","follow":"follow","max-snippet":"max-snippet:-1","max-image-preview":"max-image-preview:large","max-video-preview":"max-video-preview:-1"},"canonical":"https:\/\/cvinoticias.com\/v3\/calendario-confirmado-cuando-seran-las-elecciones-2023-en-argentina\/","og_locale":"es_ES","og_type":"article","og_title":"Calendario confirmado: \u00bfcu\u00e1ndo ser\u00e1n las Elecciones 2023 en Argentina? | CVI NOTICIAS","og_description":"A falta de un a\u00f1o de la asunci\u00f3n de un nuevo Gobierno nacional, la pol\u00edtica ya empieza a mirar de reojo las fechas clave del calendario electoral 2023, que tiene varias escalas y un posible balotaje presidencial. La C\u00e1mara Nacional Electoral, encargada de la organizaci\u00f3n y control de las elecciones nacionales, dar\u00e1 a conocer el [&hellip;]","og_url":"https:\/\/cvinoticias.com\/v3\/calendario-confirmado-cuando-seran-las-elecciones-2023-en-argentina\/","og_site_name":"CVI NOTICIAS","article_publisher":"https:\/\/www.facebook.com\/cvinoticias","article_published_time":"2022-12-19T10:43:04+00:00","og_image":[{"width":900,"height":600,"url":"https:\/\/cvinoticias.com\/wp-content\/uploads\/2022\/12\/l_1671097493.jpg","type":"image\/jpeg"}],"author":"f1000024","twitter_card":"summary_large_image","twitter_misc":{"Escrito por":"f1000024","Tiempo de lectura":"2 minutos"},"schema":{"@context":"https:\/\/schema.org","@graph":[{"@type":"Article","@id":"https:\/\/cvinoticias.com\/v3\/calendario-confirmado-cuando-seran-las-elecciones-2023-en-argentina\/#article","isPartOf":{"@id":"https:\/\/cvinoticias.com\/v3\/calendario-confirmado-cuando-seran-las-elecciones-2023-en-argentina\/"},"author":{"name":"f1000024","@id":"https:\/\/cvinoticias.com\/v3\/#\/schema\/person\/2db77e3c6bc03c538495d7b2b8be9b66"},"headline":"Calendario confirmado: \u00bfcu\u00e1ndo ser\u00e1n las Elecciones 2023 en Argentina?","datePublished":"2022-12-19T10:43:04+00:00","mainEntityOfPage":{"@id":"https:\/\/cvinoticias.com\/v3\/calendario-confirmado-cuando-seran-las-elecciones-2023-en-argentina\/"},"wordCount":447,"commentCount":0,"publisher":{"@id":"https:\/\/cvinoticias.com\/v3\/#organization"},"image":{"@id":"https:\/\/cvinoticias.com\/v3\/calendario-confirmado-cuando-seran-las-elecciones-2023-en-argentina\/#primaryimage"},"thumbnailUrl":"https:\/\/cvinoticias.com\/wp-content\/uploads\/2022\/12\/l_1671097493.jpg","articleSection":["Politica"],"inLanguage":"es","potentialAction":[{"@type":"CommentAction","name":"Comment","target":["https:\/\/cvinoticias.com\/v3\/calendario-confirmado-cuando-seran-las-elecciones-2023-en-argentina\/#respond"]}]},{"@type":"WebPage","@id":"https:\/\/cvinoticias.com\/v3\/calendario-confirmado-cuando-seran-las-elecciones-2023-en-argentina\/","url":"https:\/\/cvinoticias.com\/v3\/calendario-confirmado-cuando-seran-las-elecciones-2023-en-argentina\/","name":"Calendario confirmado: \u00bfcu\u00e1ndo ser\u00e1n las Elecciones 2023 en Argentina? | CVI NOTICIAS","isPartOf":{"@id":"https:\/\/cvinoticias.com\/v3\/#website"},"primaryImageOfPage":{"@id":"https:\/\/cvinoticias.com\/v3\/calendario-confirmado-cuando-seran-las-elecciones-2023-en-argentina\/#primaryimage"},"image":{"@id":"https:\/\/cvinoticias.com\/v3\/calendario-confirmado-cuando-seran-las-elecciones-2023-en-argentina\/#primaryimage"},"thumbnailUrl":"https:\/\/cvinoticias.com\/wp-content\/uploads\/2022\/12\/l_1671097493.jpg","datePublished":"2022-12-19T10:43:04+00:00","breadcrumb":{"@id":"https:\/\/cvinoticias.com\/v3\/calendario-confirmado-cuando-seran-las-elecciones-2023-en-argentina\/#breadcrumb"},"inLanguage":"es","potentialAction":[{"@type":"ReadAction","target":["https:\/\/cvinoticias.com\/v3\/calendario-confirmado-cuando-seran-las-elecciones-2023-en-argentina\/"]}]},{"@type":"ImageObject","inLanguage":"es","@id":"https:\/\/cvinoticias.com\/v3\/calendario-confirmado-cuando-seran-las-elecciones-2023-en-argentina\/#primaryimage","url":"https:\/\/cvinoticias.com\/wp-content\/uploads\/2022\/12\/l_1671097493.jpg","contentUrl":"https:\/\/cvinoticias.com\/wp-content\/uploads\/2022\/12\/l_1671097493.jpg","width":900,"height":600},{"@type":"BreadcrumbList","@id":"https:\/\/cvinoticias.com\/v3\/calendario-confirmado-cuando-seran-las-elecciones-2023-en-argentina\/#breadcrumb","itemListElement":[{"@type":"ListItem","position":1,"name":"Portada","item":"https:\/\/cvinoticias.com\/v3\/"},{"@type":"ListItem","position":2,"name":"Calendario confirmado: \u00bfcu\u00e1ndo ser\u00e1n las Elecciones 2023 en Argentina?"}]},{"@type":"WebSite","@id":"https:\/\/cvinoticias.com\/v3\/#website","url":"https:\/\/cvinoticias.com\/v3\/","name":"CVI NOTICIAS","description":"","publisher":{"@id":"https:\/\/cvinoticias.com\/v3\/#organization"},"alternateName":"CVI","potentialAction":[{"@type":"SearchAction","target":{"@type":"EntryPoint","urlTemplate":"https:\/\/cvinoticias.com\/v3\/?s={search_term_string}"},"query-input":{"@type":"PropertyValueSpecification","valueRequired":true,"valueName":"search_term_string"}}],"inLanguage":"es"},{"@type":"Organization","@id":"https:\/\/cvinoticias.com\/v3\/#organization","name":"CVI NOTICIAS","url":"https:\/\/cvinoticias.com\/v3\/","logo":{"@type":"ImageObject","inLanguage":"es","@id":"https:\/\/cvinoticias.com\/v3\/#\/schema\/logo\/image\/","url":"https:\/\/cvinoticias.com\/wp-content\/uploads\/2023\/04\/cropped-cropped-cropped-cropped-cropped-3-1.png","contentUrl":"https:\/\/cvinoticias.com\/wp-content\/uploads\/2023\/04\/cropped-cropped-cropped-cropped-cropped-3-1.png","width":95,"height":122,"caption":"CVI NOTICIAS"},"image":{"@id":"https:\/\/cvinoticias.com\/v3\/#\/schema\/logo\/image\/"},"sameAs":["https:\/\/www.facebook.com\/cvinoticias","https:\/\/www.instagram.com\/cvinoticias\/","https:\/\/www.youtube.com\/@CVINOTICIAS"]},{"@type":"Person","@id":"https:\/\/cvinoticias.com\/v3\/#\/schema\/person\/2db77e3c6bc03c538495d7b2b8be9b66","name":"f1000024","image":{"@type":"ImageObject","inLanguage":"es","@id":"https:\/\/secure.gravatar.com\/avatar\/d4fe7459cfc51ff5129ce1a732bbef5928568b8092d412ef95611616376bbeed?s=96&d=mm&r=g","url":"https:\/\/secure.gravatar.com\/avatar\/d4fe7459cfc51ff5129ce1a732bbef5928568b8092d412ef95611616376bbeed?s=96&d=mm&r=g","contentUrl":"https:\/\/secure.gravatar.com\/avatar\/d4fe7459cfc51ff5129ce1a732bbef5928568b8092d412ef95611616376bbeed?s=96&d=mm&r=g","caption":"f1000024"},"url":"https:\/\/cvinoticias.com\/v3\/author\/f1000024\/"}]}},"_links":{"self":[{"href":"https:\/\/cvinoticias.com\/v3\/wp-json\/wp\/v2\/posts\/21299","targetHints":{"allow":["GET"]}}],"collection":[{"href":"https:\/\/cvinoticias.com\/v3\/wp-json\/wp\/v2\/posts"}],"about":[{"href":"https:\/\/cvinoticias.com\/v3\/wp-json\/wp\/v2\/types\/post"}],"author":[{"embeddable":true,"href":"https:\/\/cvinoticias.com\/v3\/wp-json\/wp\/v2\/users\/2"}],"replies":[{"embeddable":true,"href":"https:\/\/cvinoticias.com\/v3\/wp-json\/wp\/v2\/comments?post=21299"}],"version-history":[{"count":1,"href":"https:\/\/cvinoticias.com\/v3\/wp-json\/wp\/v2\/posts\/21299\/revisions"}],"predecessor-version":[{"id":21301,"href":"https:\/\/cvinoticias.com\/v3\/wp-json\/wp\/v2\/posts\/21299\/revisions\/21301"}],"wp:featuredmedia":[{"embeddable":true,"href":"https:\/\/cvinoticias.com\/v3\/wp-json\/wp\/v2\/media\/21300"}],"wp:attachment":[{"href":"https:\/\/cvinoticias.com\/v3\/wp-json\/wp\/v2\/media?parent=21299"}],"wp:term":[{"taxonomy":"category","embeddable":true,"href":"https:\/\/cvinoticias.com\/v3\/wp-json\/wp\/v2\/categories?post=21299"},{"taxonomy":"post_tag","embeddable":true,"href":"https:\/\/cvinoticias.com\/v3\/wp-json\/wp\/v2\/tags?post=21299"}],"curies":[{"name":"wp","href":"https:\/\/api.w.org\/{rel}","templated":true}]}}