{"id":21296,"date":"2022-12-19T10:17:49","date_gmt":"2022-12-19T10:17:49","guid":{"rendered":"https:\/\/cvinoticias.com\/v3\/?p=21296"},"modified":"2022-12-19T10:17:49","modified_gmt":"2022-12-19T10:17:49","slug":"las-12-candidatas-a-palabra-del-ano-segun-la-rae","status":"publish","type":"post","link":"https:\/\/cvinoticias.com\/v3\/las-12-candidatas-a-palabra-del-ano-segun-la-rae\/","title":{"rendered":"Las 12 candidatas a \u00abpalabra del a\u00f1o\u00bb, seg\u00fan la RAE"},"content":{"rendered":"\n<p><strong><em>Los doce vocablos finalistas son apocalipsis, criptomoneda, diversidad, ecocidio, gasoducto, gigafactor\u00eda, gripalizar, inflaci\u00f3n, inteligencia artificial, sexdopaje, topar y ucraniano. El 29 de diciembre revelar\u00e1 cu\u00e1l es la ganadora de 2022.<\/em><\/strong><\/p>\n\n\n\n<p>\u00abUcraniano\u00bb, \u00abinflaci\u00f3n\u00bb, \u00abinteligencia artificial\u00bb y \u00abecocidio\u00bb son algunas de las palabras que conforman la lista de doce finalistas a ser declaradas palabra del a\u00f1o anunciada por la Fundaci\u00f3n del Espa\u00f1ol Urgente de la Real Academia Espa\u00f1ola (RAE), que el a\u00f1o pasado eligi\u00f3 en ese rubro el vocablo \u00abvacuna\u00bb y el 29 de diciembre revelar\u00e1 cu\u00e1l es la ganadora de 2022.<\/p>\n\n\n\n<p>Las doce candidatas a palabra del a\u00f1o son \u00abapocalipsis\u00bb, \u00abcriptomoneda\u00bb, \u00abdiversidad\u00bb, \u00abecocidio\u00bb, \u00abgasoducto\u00bb, \u00abgigafactor\u00eda\u00bb, \u00abgripalizar\u00bb, \u00abinflaci\u00f3n\u00bb, \u00abinteligencia artificial\u00bb, \u00absexdopaje\u00bb, \u00abtopar\u00bb y \u00abucraniano\u00bb.<\/p>\n\n\n\n<p>Los criterios para elegir a las candidatas que usa Fund\u00e9uRAE consideran el uso que se les dio en los medios de comunicaci\u00f3n este a\u00f1o y, adem\u00e1s, su inter\u00e9s ling\u00fc\u00edstico.<\/p>\n\n\n\n<p>Las consecuencias econ\u00f3micas y sociales de la guerra de Ucrania, la investigaci\u00f3n cient\u00edfico-t\u00e9cnica y la preocupaci\u00f3n medioambiental son las \u00e1reas de las que proceden las palabras candidatas. Adem\u00e1s, Fund\u00e9uRAE destaca su \u00absingularidad ling\u00fc\u00edstica\u00bb, ya sea por el modo en que las palabras se han formado, por su significado o, simplemente, porque han generado dudas entre los hablantes.<\/p>\n\n\n\n<p>En un comunicado, Fund\u00e9uRAE explic\u00f3 los motivos de cada candidatura. Por ejemplo, de la voz \u00abcriptomoneda\u00bb recuerda que \u00abel elemento compositivo cripto- ha ampliado su significado y, adem\u00e1s de \u2018oculto, encubierto\u2019, se aplica a aquellas voces que tienen que ver con las transacciones digitales que se aseguran mediante criptograf\u00eda\u00bb.<\/p>\n\n\n\n<p>De \u00absexdopaje\u00bb cuenta que es un acr\u00f3nimo, es decir, una palabra formada por la uni\u00f3n de otras (en este caso, sexo y dopaje). Es la alternativa que propone la Fundaci\u00f3n al anglicismo \u00abchemsex\u00bb, que se emplea para referirse a la actividad sexual, normalmente entre varias personas, que se practica bajo la influencia de estimulantes\u00bb.<\/p>\n\n\n\n<p>De \u00abecocidio\u00bb cuenta de que \u00abest\u00e1 formado por la combinaci\u00f3n de dos elementos compositivos: eco-, que significa \u2018\u00e1mbito vital\u2019 o \u2018ecol\u00f3gico\u2019, y -cidio (\u2018acci\u00f3n de matar\u2019, como en magnicidio u homicidio)\u00bb.<\/p>\n\n\n\n<p>\u00abUcraniano\u00bb, gentilicio de Ucrania, fue motivo de algunas discusiones: \u00abAunque el gentilicio ucranio tambi\u00e9n es v\u00e1lido, la forma ucraniano es la asentada y la recomendada en las obras acad\u00e9micas\u00bb.<\/p>\n\n\n\n<p>Las anteriores palabras del a\u00f1o Fund\u00e9uRAE fueron \u00abescrache\u00bb (2013), \u00abselfi\u00bb (2014), \u00abrefugiado\u00bb (2015), \u00abpopulismo\u00bb (2016), \u00abaporofobia\u00bb (2017), \u00abmicropl\u00e1stico\u00bb (2018), \u00abemojis\u00bb (2019), \u00abconfinamiento\u00bb (2020) y\u00bbvacuna\u00bb (2021).<\/p>\n","protected":false},"excerpt":{"rendered":"<p>Los doce vocablos finalistas son apocalipsis, criptomoneda, diversidad, ecocidio, gasoducto, gigafactor\u00eda, gripalizar, inflaci\u00f3n, inteligencia artificial, sexdopaje, topar y ucraniano. El 29 de diciembre revelar\u00e1 cu\u00e1l es la ganadora de 2022. \u00abUcraniano\u00bb, \u00abinflaci\u00f3n\u00bb, \u00abinteligencia artificial\u00bb y \u00abecocidio\u00bb son algunas de las palabras que conforman la lista de doce finalistas a ser declaradas palabra del a\u00f1o anunciada [&hellip;]<\/p>\n","protected":false},"author":2,"featured_media":21297,"comment_status":"open","ping_status":"open","sticky":false,"template":"","format":"standard","meta":{"footnotes":""},"categories":[35],"tags":[],"class_list":["post-21296","post","type-post","status-publish","format-standard","has-post-thumbnail","hentry","category-informacion-general"],"yoast_head":"<!-- This site is optimized with the Yoast SEO plugin v27.5 - https:\/\/yoast.com\/product\/yoast-seo-wordpress\/ -->\n<title>Las 12 candidatas a &quot;palabra del a\u00f1o&quot;, seg\u00fan la RAE | CVI NOTICIAS<\/title>\n<meta name=\"robots\" content=\"index, follow, max-snippet:-1, max-image-preview:large, max-video-preview:-1\" \/>\n<link rel=\"canonical\" href=\"https:\/\/cvinoticias.com\/v3\/las-12-candidatas-a-palabra-del-ano-segun-la-rae\/\" \/>\n<meta property=\"og:locale\" content=\"es_ES\" \/>\n<meta property=\"og:type\" content=\"article\" \/>\n<meta property=\"og:title\" content=\"Las 12 candidatas a &quot;palabra del a\u00f1o&quot;, seg\u00fan la RAE | CVI NOTICIAS\" \/>\n<meta property=\"og:description\" content=\"Los doce vocablos finalistas son apocalipsis, criptomoneda, diversidad, ecocidio, gasoducto, gigafactor\u00eda, gripalizar, inflaci\u00f3n, inteligencia artificial, sexdopaje, topar y ucraniano. El 29 de diciembre revelar\u00e1 cu\u00e1l es la ganadora de 2022. \u00abUcraniano\u00bb, \u00abinflaci\u00f3n\u00bb, \u00abinteligencia artificial\u00bb y \u00abecocidio\u00bb son algunas de las palabras que conforman la lista de doce finalistas a ser declaradas palabra del a\u00f1o anunciada [&hellip;]\" \/>\n<meta property=\"og:url\" content=\"https:\/\/cvinoticias.com\/v3\/las-12-candidatas-a-palabra-del-ano-segun-la-rae\/\" \/>\n<meta property=\"og:site_name\" content=\"CVI NOTICIAS\" \/>\n<meta property=\"article:publisher\" content=\"https:\/\/www.facebook.com\/cvinoticias\" \/>\n<meta property=\"article:published_time\" content=\"2022-12-19T10:17:49+00:00\" \/>\n<meta property=\"og:image\" content=\"https:\/\/cvinoticias.com\/wp-content\/uploads\/2022\/12\/RAE-e1655826556481.jpg\" \/>\n\t<meta property=\"og:image:width\" content=\"750\" \/>\n\t<meta property=\"og:image:height\" content=\"422\" \/>\n\t<meta property=\"og:image:type\" content=\"image\/jpeg\" \/>\n<meta name=\"author\" content=\"f1000024\" \/>\n<meta name=\"twitter:card\" content=\"summary_large_image\" \/>\n<meta name=\"twitter:label1\" content=\"Escrito por\" \/>\n\t<meta name=\"twitter:data1\" content=\"f1000024\" \/>\n\t<meta name=\"twitter:label2\" content=\"Tiempo de lectura\" \/>\n\t<meta name=\"twitter:data2\" content=\"2 minutos\" \/>\n<script type=\"application\/ld+json\" class=\"yoast-schema-graph\">{\"@context\":\"https:\\\/\\\/schema.org\",\"@graph\":[{\"@type\":\"Article\",\"@id\":\"https:\\\/\\\/cvinoticias.com\\\/v3\\\/las-12-candidatas-a-palabra-del-ano-segun-la-rae\\\/#article\",\"isPartOf\":{\"@id\":\"https:\\\/\\\/cvinoticias.com\\\/v3\\\/las-12-candidatas-a-palabra-del-ano-segun-la-rae\\\/\"},\"author\":{\"name\":\"f1000024\",\"@id\":\"https:\\\/\\\/cvinoticias.com\\\/v3\\\/#\\\/schema\\\/person\\\/2db77e3c6bc03c538495d7b2b8be9b66\"},\"headline\":\"Las 12 candidatas a \u00abpalabra del a\u00f1o\u00bb, seg\u00fan la RAE\",\"datePublished\":\"2022-12-19T10:17:49+00:00\",\"mainEntityOfPage\":{\"@id\":\"https:\\\/\\\/cvinoticias.com\\\/v3\\\/las-12-candidatas-a-palabra-del-ano-segun-la-rae\\\/\"},\"wordCount\":427,\"commentCount\":0,\"publisher\":{\"@id\":\"https:\\\/\\\/cvinoticias.com\\\/v3\\\/#organization\"},\"image\":{\"@id\":\"https:\\\/\\\/cvinoticias.com\\\/v3\\\/las-12-candidatas-a-palabra-del-ano-segun-la-rae\\\/#primaryimage\"},\"thumbnailUrl\":\"https:\\\/\\\/cvinoticias.com\\\/wp-content\\\/uploads\\\/2022\\\/12\\\/RAE-e1655826556481.jpg\",\"articleSection\":[\"Informaci\u00f3n General\"],\"inLanguage\":\"es\",\"potentialAction\":[{\"@type\":\"CommentAction\",\"name\":\"Comment\",\"target\":[\"https:\\\/\\\/cvinoticias.com\\\/v3\\\/las-12-candidatas-a-palabra-del-ano-segun-la-rae\\\/#respond\"]}]},{\"@type\":\"WebPage\",\"@id\":\"https:\\\/\\\/cvinoticias.com\\\/v3\\\/las-12-candidatas-a-palabra-del-ano-segun-la-rae\\\/\",\"url\":\"https:\\\/\\\/cvinoticias.com\\\/v3\\\/las-12-candidatas-a-palabra-del-ano-segun-la-rae\\\/\",\"name\":\"Las 12 candidatas a \\\"palabra del a\u00f1o\\\", seg\u00fan la RAE | CVI NOTICIAS\",\"isPartOf\":{\"@id\":\"https:\\\/\\\/cvinoticias.com\\\/v3\\\/#website\"},\"primaryImageOfPage\":{\"@id\":\"https:\\\/\\\/cvinoticias.com\\\/v3\\\/las-12-candidatas-a-palabra-del-ano-segun-la-rae\\\/#primaryimage\"},\"image\":{\"@id\":\"https:\\\/\\\/cvinoticias.com\\\/v3\\\/las-12-candidatas-a-palabra-del-ano-segun-la-rae\\\/#primaryimage\"},\"thumbnailUrl\":\"https:\\\/\\\/cvinoticias.com\\\/wp-content\\\/uploads\\\/2022\\\/12\\\/RAE-e1655826556481.jpg\",\"datePublished\":\"2022-12-19T10:17:49+00:00\",\"breadcrumb\":{\"@id\":\"https:\\\/\\\/cvinoticias.com\\\/v3\\\/las-12-candidatas-a-palabra-del-ano-segun-la-rae\\\/#breadcrumb\"},\"inLanguage\":\"es\",\"potentialAction\":[{\"@type\":\"ReadAction\",\"target\":[\"https:\\\/\\\/cvinoticias.com\\\/v3\\\/las-12-candidatas-a-palabra-del-ano-segun-la-rae\\\/\"]}]},{\"@type\":\"ImageObject\",\"inLanguage\":\"es\",\"@id\":\"https:\\\/\\\/cvinoticias.com\\\/v3\\\/las-12-candidatas-a-palabra-del-ano-segun-la-rae\\\/#primaryimage\",\"url\":\"https:\\\/\\\/cvinoticias.com\\\/wp-content\\\/uploads\\\/2022\\\/12\\\/RAE-e1655826556481.jpg\",\"contentUrl\":\"https:\\\/\\\/cvinoticias.com\\\/wp-content\\\/uploads\\\/2022\\\/12\\\/RAE-e1655826556481.jpg\",\"width\":750,\"height\":422},{\"@type\":\"BreadcrumbList\",\"@id\":\"https:\\\/\\\/cvinoticias.com\\\/v3\\\/las-12-candidatas-a-palabra-del-ano-segun-la-rae\\\/#breadcrumb\",\"itemListElement\":[{\"@type\":\"ListItem\",\"position\":1,\"name\":\"Portada\",\"item\":\"https:\\\/\\\/cvinoticias.com\\\/v3\\\/\"},{\"@type\":\"ListItem\",\"position\":2,\"name\":\"Las 12 candidatas a \u00abpalabra del a\u00f1o\u00bb, seg\u00fan la RAE\"}]},{\"@type\":\"WebSite\",\"@id\":\"https:\\\/\\\/cvinoticias.com\\\/v3\\\/#website\",\"url\":\"https:\\\/\\\/cvinoticias.com\\\/v3\\\/\",\"name\":\"CVI NOTICIAS\",\"description\":\"\",\"publisher\":{\"@id\":\"https:\\\/\\\/cvinoticias.com\\\/v3\\\/#organization\"},\"alternateName\":\"CVI\",\"potentialAction\":[{\"@type\":\"SearchAction\",\"target\":{\"@type\":\"EntryPoint\",\"urlTemplate\":\"https:\\\/\\\/cvinoticias.com\\\/v3\\\/?s={search_term_string}\"},\"query-input\":{\"@type\":\"PropertyValueSpecification\",\"valueRequired\":true,\"valueName\":\"search_term_string\"}}],\"inLanguage\":\"es\"},{\"@type\":\"Organization\",\"@id\":\"https:\\\/\\\/cvinoticias.com\\\/v3\\\/#organization\",\"name\":\"CVI NOTICIAS\",\"url\":\"https:\\\/\\\/cvinoticias.com\\\/v3\\\/\",\"logo\":{\"@type\":\"ImageObject\",\"inLanguage\":\"es\",\"@id\":\"https:\\\/\\\/cvinoticias.com\\\/v3\\\/#\\\/schema\\\/logo\\\/image\\\/\",\"url\":\"https:\\\/\\\/cvinoticias.com\\\/wp-content\\\/uploads\\\/2023\\\/04\\\/cropped-cropped-cropped-cropped-cropped-3-1.png\",\"contentUrl\":\"https:\\\/\\\/cvinoticias.com\\\/wp-content\\\/uploads\\\/2023\\\/04\\\/cropped-cropped-cropped-cropped-cropped-3-1.png\",\"width\":95,\"height\":122,\"caption\":\"CVI NOTICIAS\"},\"image\":{\"@id\":\"https:\\\/\\\/cvinoticias.com\\\/v3\\\/#\\\/schema\\\/logo\\\/image\\\/\"},\"sameAs\":[\"https:\\\/\\\/www.facebook.com\\\/cvinoticias\",\"https:\\\/\\\/www.instagram.com\\\/cvinoticias\\\/\",\"https:\\\/\\\/www.youtube.com\\\/@CVINOTICIAS\"]},{\"@type\":\"Person\",\"@id\":\"https:\\\/\\\/cvinoticias.com\\\/v3\\\/#\\\/schema\\\/person\\\/2db77e3c6bc03c538495d7b2b8be9b66\",\"name\":\"f1000024\",\"image\":{\"@type\":\"ImageObject\",\"inLanguage\":\"es\",\"@id\":\"https:\\\/\\\/secure.gravatar.com\\\/avatar\\\/d4fe7459cfc51ff5129ce1a732bbef5928568b8092d412ef95611616376bbeed?s=96&d=mm&r=g\",\"url\":\"https:\\\/\\\/secure.gravatar.com\\\/avatar\\\/d4fe7459cfc51ff5129ce1a732bbef5928568b8092d412ef95611616376bbeed?s=96&d=mm&r=g\",\"contentUrl\":\"https:\\\/\\\/secure.gravatar.com\\\/avatar\\\/d4fe7459cfc51ff5129ce1a732bbef5928568b8092d412ef95611616376bbeed?s=96&d=mm&r=g\",\"caption\":\"f1000024\"},\"url\":\"https:\\\/\\\/cvinoticias.com\\\/v3\\\/author\\\/f1000024\\\/\"}]}<\/script>\n<!-- \/ Yoast SEO plugin. -->","yoast_head_json":{"title":"Las 12 candidatas a \"palabra del a\u00f1o\", seg\u00fan la RAE | CVI NOTICIAS","robots":{"index":"index","follow":"follow","max-snippet":"max-snippet:-1","max-image-preview":"max-image-preview:large","max-video-preview":"max-video-preview:-1"},"canonical":"https:\/\/cvinoticias.com\/v3\/las-12-candidatas-a-palabra-del-ano-segun-la-rae\/","og_locale":"es_ES","og_type":"article","og_title":"Las 12 candidatas a \"palabra del a\u00f1o\", seg\u00fan la RAE | CVI NOTICIAS","og_description":"Los doce vocablos finalistas son apocalipsis, criptomoneda, diversidad, ecocidio, gasoducto, gigafactor\u00eda, gripalizar, inflaci\u00f3n, inteligencia artificial, sexdopaje, topar y ucraniano. El 29 de diciembre revelar\u00e1 cu\u00e1l es la ganadora de 2022. \u00abUcraniano\u00bb, \u00abinflaci\u00f3n\u00bb, \u00abinteligencia artificial\u00bb y \u00abecocidio\u00bb son algunas de las palabras que conforman la lista de doce finalistas a ser declaradas palabra del a\u00f1o anunciada [&hellip;]","og_url":"https:\/\/cvinoticias.com\/v3\/las-12-candidatas-a-palabra-del-ano-segun-la-rae\/","og_site_name":"CVI NOTICIAS","article_publisher":"https:\/\/www.facebook.com\/cvinoticias","article_published_time":"2022-12-19T10:17:49+00:00","og_image":[{"width":750,"height":422,"url":"https:\/\/cvinoticias.com\/wp-content\/uploads\/2022\/12\/RAE-e1655826556481.jpg","type":"image\/jpeg"}],"author":"f1000024","twitter_card":"summary_large_image","twitter_misc":{"Escrito por":"f1000024","Tiempo de lectura":"2 minutos"},"schema":{"@context":"https:\/\/schema.org","@graph":[{"@type":"Article","@id":"https:\/\/cvinoticias.com\/v3\/las-12-candidatas-a-palabra-del-ano-segun-la-rae\/#article","isPartOf":{"@id":"https:\/\/cvinoticias.com\/v3\/las-12-candidatas-a-palabra-del-ano-segun-la-rae\/"},"author":{"name":"f1000024","@id":"https:\/\/cvinoticias.com\/v3\/#\/schema\/person\/2db77e3c6bc03c538495d7b2b8be9b66"},"headline":"Las 12 candidatas a \u00abpalabra del a\u00f1o\u00bb, seg\u00fan la RAE","datePublished":"2022-12-19T10:17:49+00:00","mainEntityOfPage":{"@id":"https:\/\/cvinoticias.com\/v3\/las-12-candidatas-a-palabra-del-ano-segun-la-rae\/"},"wordCount":427,"commentCount":0,"publisher":{"@id":"https:\/\/cvinoticias.com\/v3\/#organization"},"image":{"@id":"https:\/\/cvinoticias.com\/v3\/las-12-candidatas-a-palabra-del-ano-segun-la-rae\/#primaryimage"},"thumbnailUrl":"https:\/\/cvinoticias.com\/wp-content\/uploads\/2022\/12\/RAE-e1655826556481.jpg","articleSection":["Informaci\u00f3n General"],"inLanguage":"es","potentialAction":[{"@type":"CommentAction","name":"Comment","target":["https:\/\/cvinoticias.com\/v3\/las-12-candidatas-a-palabra-del-ano-segun-la-rae\/#respond"]}]},{"@type":"WebPage","@id":"https:\/\/cvinoticias.com\/v3\/las-12-candidatas-a-palabra-del-ano-segun-la-rae\/","url":"https:\/\/cvinoticias.com\/v3\/las-12-candidatas-a-palabra-del-ano-segun-la-rae\/","name":"Las 12 candidatas a \"palabra del a\u00f1o\", seg\u00fan la RAE | CVI NOTICIAS","isPartOf":{"@id":"https:\/\/cvinoticias.com\/v3\/#website"},"primaryImageOfPage":{"@id":"https:\/\/cvinoticias.com\/v3\/las-12-candidatas-a-palabra-del-ano-segun-la-rae\/#primaryimage"},"image":{"@id":"https:\/\/cvinoticias.com\/v3\/las-12-candidatas-a-palabra-del-ano-segun-la-rae\/#primaryimage"},"thumbnailUrl":"https:\/\/cvinoticias.com\/wp-content\/uploads\/2022\/12\/RAE-e1655826556481.jpg","datePublished":"2022-12-19T10:17:49+00:00","breadcrumb":{"@id":"https:\/\/cvinoticias.com\/v3\/las-12-candidatas-a-palabra-del-ano-segun-la-rae\/#breadcrumb"},"inLanguage":"es","potentialAction":[{"@type":"ReadAction","target":["https:\/\/cvinoticias.com\/v3\/las-12-candidatas-a-palabra-del-ano-segun-la-rae\/"]}]},{"@type":"ImageObject","inLanguage":"es","@id":"https:\/\/cvinoticias.com\/v3\/las-12-candidatas-a-palabra-del-ano-segun-la-rae\/#primaryimage","url":"https:\/\/cvinoticias.com\/wp-content\/uploads\/2022\/12\/RAE-e1655826556481.jpg","contentUrl":"https:\/\/cvinoticias.com\/wp-content\/uploads\/2022\/12\/RAE-e1655826556481.jpg","width":750,"height":422},{"@type":"BreadcrumbList","@id":"https:\/\/cvinoticias.com\/v3\/las-12-candidatas-a-palabra-del-ano-segun-la-rae\/#breadcrumb","itemListElement":[{"@type":"ListItem","position":1,"name":"Portada","item":"https:\/\/cvinoticias.com\/v3\/"},{"@type":"ListItem","position":2,"name":"Las 12 candidatas a \u00abpalabra del a\u00f1o\u00bb, seg\u00fan la RAE"}]},{"@type":"WebSite","@id":"https:\/\/cvinoticias.com\/v3\/#website","url":"https:\/\/cvinoticias.com\/v3\/","name":"CVI NOTICIAS","description":"","publisher":{"@id":"https:\/\/cvinoticias.com\/v3\/#organization"},"alternateName":"CVI","potentialAction":[{"@type":"SearchAction","target":{"@type":"EntryPoint","urlTemplate":"https:\/\/cvinoticias.com\/v3\/?s={search_term_string}"},"query-input":{"@type":"PropertyValueSpecification","valueRequired":true,"valueName":"search_term_string"}}],"inLanguage":"es"},{"@type":"Organization","@id":"https:\/\/cvinoticias.com\/v3\/#organization","name":"CVI NOTICIAS","url":"https:\/\/cvinoticias.com\/v3\/","logo":{"@type":"ImageObject","inLanguage":"es","@id":"https:\/\/cvinoticias.com\/v3\/#\/schema\/logo\/image\/","url":"https:\/\/cvinoticias.com\/wp-content\/uploads\/2023\/04\/cropped-cropped-cropped-cropped-cropped-3-1.png","contentUrl":"https:\/\/cvinoticias.com\/wp-content\/uploads\/2023\/04\/cropped-cropped-cropped-cropped-cropped-3-1.png","width":95,"height":122,"caption":"CVI NOTICIAS"},"image":{"@id":"https:\/\/cvinoticias.com\/v3\/#\/schema\/logo\/image\/"},"sameAs":["https:\/\/www.facebook.com\/cvinoticias","https:\/\/www.instagram.com\/cvinoticias\/","https:\/\/www.youtube.com\/@CVINOTICIAS"]},{"@type":"Person","@id":"https:\/\/cvinoticias.com\/v3\/#\/schema\/person\/2db77e3c6bc03c538495d7b2b8be9b66","name":"f1000024","image":{"@type":"ImageObject","inLanguage":"es","@id":"https:\/\/secure.gravatar.com\/avatar\/d4fe7459cfc51ff5129ce1a732bbef5928568b8092d412ef95611616376bbeed?s=96&d=mm&r=g","url":"https:\/\/secure.gravatar.com\/avatar\/d4fe7459cfc51ff5129ce1a732bbef5928568b8092d412ef95611616376bbeed?s=96&d=mm&r=g","contentUrl":"https:\/\/secure.gravatar.com\/avatar\/d4fe7459cfc51ff5129ce1a732bbef5928568b8092d412ef95611616376bbeed?s=96&d=mm&r=g","caption":"f1000024"},"url":"https:\/\/cvinoticias.com\/v3\/author\/f1000024\/"}]}},"_links":{"self":[{"href":"https:\/\/cvinoticias.com\/v3\/wp-json\/wp\/v2\/posts\/21296","targetHints":{"allow":["GET"]}}],"collection":[{"href":"https:\/\/cvinoticias.com\/v3\/wp-json\/wp\/v2\/posts"}],"about":[{"href":"https:\/\/cvinoticias.com\/v3\/wp-json\/wp\/v2\/types\/post"}],"author":[{"embeddable":true,"href":"https:\/\/cvinoticias.com\/v3\/wp-json\/wp\/v2\/users\/2"}],"replies":[{"embeddable":true,"href":"https:\/\/cvinoticias.com\/v3\/wp-json\/wp\/v2\/comments?post=21296"}],"version-history":[{"count":1,"href":"https:\/\/cvinoticias.com\/v3\/wp-json\/wp\/v2\/posts\/21296\/revisions"}],"predecessor-version":[{"id":21298,"href":"https:\/\/cvinoticias.com\/v3\/wp-json\/wp\/v2\/posts\/21296\/revisions\/21298"}],"wp:featuredmedia":[{"embeddable":true,"href":"https:\/\/cvinoticias.com\/v3\/wp-json\/wp\/v2\/media\/21297"}],"wp:attachment":[{"href":"https:\/\/cvinoticias.com\/v3\/wp-json\/wp\/v2\/media?parent=21296"}],"wp:term":[{"taxonomy":"category","embeddable":true,"href":"https:\/\/cvinoticias.com\/v3\/wp-json\/wp\/v2\/categories?post=21296"},{"taxonomy":"post_tag","embeddable":true,"href":"https:\/\/cvinoticias.com\/v3\/wp-json\/wp\/v2\/tags?post=21296"}],"curies":[{"name":"wp","href":"https:\/\/api.w.org\/{rel}","templated":true}]}}