{"id":21283,"date":"2022-12-18T14:38:07","date_gmt":"2022-12-18T14:38:07","guid":{"rendered":"https:\/\/cvinoticias.com\/v3\/?p=21283"},"modified":"2022-12-18T14:38:07","modified_gmt":"2022-12-18T14:38:07","slug":"lali-esposito-cantara-el-himno-nacional-argentino-en-la-final-contra-francia","status":"publish","type":"post","link":"https:\/\/cvinoticias.com\/v3\/lali-esposito-cantara-el-himno-nacional-argentino-en-la-final-contra-francia\/","title":{"rendered":"Lali Esp\u00f3sito cantar\u00e1 el Himno Nacional Argentino en la final contra Francia"},"content":{"rendered":"\n<p><strong><em>La cantante argentina fue la artista elegida para entonar el himno nacional en el encuentro del seleccionado argentino frente a Francia en el Estadio Lusail frente a 90 mil personas.<\/em><\/strong><\/p>\n\n\n\n<p>La actriz y cantante Lali Esp\u00f3sito ser\u00e1 la encargada de entonar el Himno Nacional Argentino en la final de la Copa del Mundo Qatar 2022 que este mediod\u00eda disputar\u00e1n los seleccionados de la Argentina y Francia en el Estadio Lusail frente a 90 mil personas.<\/p>\n\n\n\n<p>El representante de la artista, Jorge \u00abPepo\u00bb Ferradas, confirm\u00f3 los rumores que circulaban ante la presencia de Lali en el estadio cuatro horas antes del partido decisivo y admiti\u00f3: \u201cS\u00ed, s\u00ed, est\u00e1 confirmado, ella (Lali) va a cantar hoy el Himno Nacional Argentino\u201d.<\/p>\n\n\n\n<p>Lali Esp\u00f3sito viaj\u00f3 a Qatar para presenciar el partido en cuartos de final contra Pa\u00edses Bajos, en el que la Scaloneta se impuso en los penales y logr\u00f3 pasar a la Semifinal. La cantante tambi\u00e9n estuvo presente en el encuentro contra Croacia y ahora, se confirm\u00f3 que ser\u00e1 la artista que entonar\u00e1 el himno de nuestro pa\u00eds.<\/p>\n","protected":false},"excerpt":{"rendered":"<p>La cantante argentina fue la artista elegida para entonar el himno nacional en el encuentro del seleccionado argentino frente a Francia en el Estadio Lusail frente a 90 mil personas. La actriz y cantante Lali Esp\u00f3sito ser\u00e1 la encargada de entonar el Himno Nacional Argentino en la final de la Copa del Mundo Qatar 2022 [&hellip;]<\/p>\n","protected":false},"author":2,"featured_media":21284,"comment_status":"open","ping_status":"open","sticky":false,"template":"","format":"standard","meta":{"footnotes":""},"categories":[432],"tags":[],"class_list":["post-21283","post","type-post","status-publish","format-standard","has-post-thumbnail","hentry","category-qatar-2022"],"yoast_head":"<!-- This site is optimized with the Yoast SEO plugin v27.5 - https:\/\/yoast.com\/product\/yoast-seo-wordpress\/ -->\n<title>Lali Esp\u00f3sito cantar\u00e1 el Himno Nacional Argentino en la final contra Francia | CVI NOTICIAS<\/title>\n<meta name=\"robots\" content=\"index, follow, max-snippet:-1, max-image-preview:large, max-video-preview:-1\" \/>\n<link rel=\"canonical\" href=\"https:\/\/cvinoticias.com\/v3\/lali-esposito-cantara-el-himno-nacional-argentino-en-la-final-contra-francia\/\" \/>\n<meta property=\"og:locale\" content=\"es_ES\" \/>\n<meta property=\"og:type\" content=\"article\" \/>\n<meta property=\"og:title\" content=\"Lali Esp\u00f3sito cantar\u00e1 el Himno Nacional Argentino en la final contra Francia | CVI NOTICIAS\" \/>\n<meta property=\"og:description\" content=\"La cantante argentina fue la artista elegida para entonar el himno nacional en el encuentro del seleccionado argentino frente a Francia en el Estadio Lusail frente a 90 mil personas. La actriz y cantante Lali Esp\u00f3sito ser\u00e1 la encargada de entonar el Himno Nacional Argentino en la final de la Copa del Mundo Qatar 2022 [&hellip;]\" \/>\n<meta property=\"og:url\" content=\"https:\/\/cvinoticias.com\/v3\/lali-esposito-cantara-el-himno-nacional-argentino-en-la-final-contra-francia\/\" \/>\n<meta property=\"og:site_name\" content=\"CVI NOTICIAS\" \/>\n<meta property=\"article:publisher\" content=\"https:\/\/www.facebook.com\/cvinoticias\" \/>\n<meta property=\"article:published_time\" content=\"2022-12-18T14:38:07+00:00\" \/>\n<meta property=\"og:image\" content=\"https:\/\/cvinoticias.com\/wp-content\/uploads\/2022\/12\/Screenshot_20221218-113643_Facebook.jpg\" \/>\n\t<meta property=\"og:image:width\" content=\"1080\" \/>\n\t<meta property=\"og:image:height\" content=\"600\" \/>\n\t<meta property=\"og:image:type\" content=\"image\/jpeg\" \/>\n<meta name=\"author\" content=\"f1000024\" \/>\n<meta name=\"twitter:card\" content=\"summary_large_image\" \/>\n<meta name=\"twitter:label1\" content=\"Escrito por\" \/>\n\t<meta name=\"twitter:data1\" content=\"f1000024\" \/>\n\t<meta name=\"twitter:label2\" content=\"Tiempo de lectura\" \/>\n\t<meta name=\"twitter:data2\" content=\"1 minuto\" \/>\n<script type=\"application\/ld+json\" class=\"yoast-schema-graph\">{\"@context\":\"https:\\\/\\\/schema.org\",\"@graph\":[{\"@type\":\"Article\",\"@id\":\"https:\\\/\\\/cvinoticias.com\\\/v3\\\/lali-esposito-cantara-el-himno-nacional-argentino-en-la-final-contra-francia\\\/#article\",\"isPartOf\":{\"@id\":\"https:\\\/\\\/cvinoticias.com\\\/v3\\\/lali-esposito-cantara-el-himno-nacional-argentino-en-la-final-contra-francia\\\/\"},\"author\":{\"name\":\"f1000024\",\"@id\":\"https:\\\/\\\/cvinoticias.com\\\/v3\\\/#\\\/schema\\\/person\\\/2db77e3c6bc03c538495d7b2b8be9b66\"},\"headline\":\"Lali Esp\u00f3sito cantar\u00e1 el Himno Nacional Argentino en la final contra Francia\",\"datePublished\":\"2022-12-18T14:38:07+00:00\",\"mainEntityOfPage\":{\"@id\":\"https:\\\/\\\/cvinoticias.com\\\/v3\\\/lali-esposito-cantara-el-himno-nacional-argentino-en-la-final-contra-francia\\\/\"},\"wordCount\":192,\"commentCount\":0,\"publisher\":{\"@id\":\"https:\\\/\\\/cvinoticias.com\\\/v3\\\/#organization\"},\"image\":{\"@id\":\"https:\\\/\\\/cvinoticias.com\\\/v3\\\/lali-esposito-cantara-el-himno-nacional-argentino-en-la-final-contra-francia\\\/#primaryimage\"},\"thumbnailUrl\":\"https:\\\/\\\/cvinoticias.com\\\/wp-content\\\/uploads\\\/2022\\\/12\\\/Screenshot_20221218-113643_Facebook.jpg\",\"articleSection\":[\"Qatar 2022\"],\"inLanguage\":\"es\",\"potentialAction\":[{\"@type\":\"CommentAction\",\"name\":\"Comment\",\"target\":[\"https:\\\/\\\/cvinoticias.com\\\/v3\\\/lali-esposito-cantara-el-himno-nacional-argentino-en-la-final-contra-francia\\\/#respond\"]}]},{\"@type\":\"WebPage\",\"@id\":\"https:\\\/\\\/cvinoticias.com\\\/v3\\\/lali-esposito-cantara-el-himno-nacional-argentino-en-la-final-contra-francia\\\/\",\"url\":\"https:\\\/\\\/cvinoticias.com\\\/v3\\\/lali-esposito-cantara-el-himno-nacional-argentino-en-la-final-contra-francia\\\/\",\"name\":\"Lali Esp\u00f3sito cantar\u00e1 el Himno Nacional Argentino en la final contra Francia | CVI NOTICIAS\",\"isPartOf\":{\"@id\":\"https:\\\/\\\/cvinoticias.com\\\/v3\\\/#website\"},\"primaryImageOfPage\":{\"@id\":\"https:\\\/\\\/cvinoticias.com\\\/v3\\\/lali-esposito-cantara-el-himno-nacional-argentino-en-la-final-contra-francia\\\/#primaryimage\"},\"image\":{\"@id\":\"https:\\\/\\\/cvinoticias.com\\\/v3\\\/lali-esposito-cantara-el-himno-nacional-argentino-en-la-final-contra-francia\\\/#primaryimage\"},\"thumbnailUrl\":\"https:\\\/\\\/cvinoticias.com\\\/wp-content\\\/uploads\\\/2022\\\/12\\\/Screenshot_20221218-113643_Facebook.jpg\",\"datePublished\":\"2022-12-18T14:38:07+00:00\",\"breadcrumb\":{\"@id\":\"https:\\\/\\\/cvinoticias.com\\\/v3\\\/lali-esposito-cantara-el-himno-nacional-argentino-en-la-final-contra-francia\\\/#breadcrumb\"},\"inLanguage\":\"es\",\"potentialAction\":[{\"@type\":\"ReadAction\",\"target\":[\"https:\\\/\\\/cvinoticias.com\\\/v3\\\/lali-esposito-cantara-el-himno-nacional-argentino-en-la-final-contra-francia\\\/\"]}]},{\"@type\":\"ImageObject\",\"inLanguage\":\"es\",\"@id\":\"https:\\\/\\\/cvinoticias.com\\\/v3\\\/lali-esposito-cantara-el-himno-nacional-argentino-en-la-final-contra-francia\\\/#primaryimage\",\"url\":\"https:\\\/\\\/cvinoticias.com\\\/wp-content\\\/uploads\\\/2022\\\/12\\\/Screenshot_20221218-113643_Facebook.jpg\",\"contentUrl\":\"https:\\\/\\\/cvinoticias.com\\\/wp-content\\\/uploads\\\/2022\\\/12\\\/Screenshot_20221218-113643_Facebook.jpg\",\"width\":1080,\"height\":600},{\"@type\":\"BreadcrumbList\",\"@id\":\"https:\\\/\\\/cvinoticias.com\\\/v3\\\/lali-esposito-cantara-el-himno-nacional-argentino-en-la-final-contra-francia\\\/#breadcrumb\",\"itemListElement\":[{\"@type\":\"ListItem\",\"position\":1,\"name\":\"Portada\",\"item\":\"https:\\\/\\\/cvinoticias.com\\\/v3\\\/\"},{\"@type\":\"ListItem\",\"position\":2,\"name\":\"Lali Esp\u00f3sito cantar\u00e1 el Himno Nacional Argentino en la final contra Francia\"}]},{\"@type\":\"WebSite\",\"@id\":\"https:\\\/\\\/cvinoticias.com\\\/v3\\\/#website\",\"url\":\"https:\\\/\\\/cvinoticias.com\\\/v3\\\/\",\"name\":\"CVI NOTICIAS\",\"description\":\"\",\"publisher\":{\"@id\":\"https:\\\/\\\/cvinoticias.com\\\/v3\\\/#organization\"},\"alternateName\":\"CVI\",\"potentialAction\":[{\"@type\":\"SearchAction\",\"target\":{\"@type\":\"EntryPoint\",\"urlTemplate\":\"https:\\\/\\\/cvinoticias.com\\\/v3\\\/?s={search_term_string}\"},\"query-input\":{\"@type\":\"PropertyValueSpecification\",\"valueRequired\":true,\"valueName\":\"search_term_string\"}}],\"inLanguage\":\"es\"},{\"@type\":\"Organization\",\"@id\":\"https:\\\/\\\/cvinoticias.com\\\/v3\\\/#organization\",\"name\":\"CVI NOTICIAS\",\"url\":\"https:\\\/\\\/cvinoticias.com\\\/v3\\\/\",\"logo\":{\"@type\":\"ImageObject\",\"inLanguage\":\"es\",\"@id\":\"https:\\\/\\\/cvinoticias.com\\\/v3\\\/#\\\/schema\\\/logo\\\/image\\\/\",\"url\":\"https:\\\/\\\/cvinoticias.com\\\/wp-content\\\/uploads\\\/2023\\\/04\\\/cropped-cropped-cropped-cropped-cropped-3-1.png\",\"contentUrl\":\"https:\\\/\\\/cvinoticias.com\\\/wp-content\\\/uploads\\\/2023\\\/04\\\/cropped-cropped-cropped-cropped-cropped-3-1.png\",\"width\":95,\"height\":122,\"caption\":\"CVI NOTICIAS\"},\"image\":{\"@id\":\"https:\\\/\\\/cvinoticias.com\\\/v3\\\/#\\\/schema\\\/logo\\\/image\\\/\"},\"sameAs\":[\"https:\\\/\\\/www.facebook.com\\\/cvinoticias\",\"https:\\\/\\\/www.instagram.com\\\/cvinoticias\\\/\",\"https:\\\/\\\/www.youtube.com\\\/@CVINOTICIAS\"]},{\"@type\":\"Person\",\"@id\":\"https:\\\/\\\/cvinoticias.com\\\/v3\\\/#\\\/schema\\\/person\\\/2db77e3c6bc03c538495d7b2b8be9b66\",\"name\":\"f1000024\",\"image\":{\"@type\":\"ImageObject\",\"inLanguage\":\"es\",\"@id\":\"https:\\\/\\\/secure.gravatar.com\\\/avatar\\\/d4fe7459cfc51ff5129ce1a732bbef5928568b8092d412ef95611616376bbeed?s=96&d=mm&r=g\",\"url\":\"https:\\\/\\\/secure.gravatar.com\\\/avatar\\\/d4fe7459cfc51ff5129ce1a732bbef5928568b8092d412ef95611616376bbeed?s=96&d=mm&r=g\",\"contentUrl\":\"https:\\\/\\\/secure.gravatar.com\\\/avatar\\\/d4fe7459cfc51ff5129ce1a732bbef5928568b8092d412ef95611616376bbeed?s=96&d=mm&r=g\",\"caption\":\"f1000024\"},\"url\":\"https:\\\/\\\/cvinoticias.com\\\/v3\\\/author\\\/f1000024\\\/\"}]}<\/script>\n<!-- \/ Yoast SEO plugin. -->","yoast_head_json":{"title":"Lali Esp\u00f3sito cantar\u00e1 el Himno Nacional Argentino en la final contra Francia | CVI NOTICIAS","robots":{"index":"index","follow":"follow","max-snippet":"max-snippet:-1","max-image-preview":"max-image-preview:large","max-video-preview":"max-video-preview:-1"},"canonical":"https:\/\/cvinoticias.com\/v3\/lali-esposito-cantara-el-himno-nacional-argentino-en-la-final-contra-francia\/","og_locale":"es_ES","og_type":"article","og_title":"Lali Esp\u00f3sito cantar\u00e1 el Himno Nacional Argentino en la final contra Francia | CVI NOTICIAS","og_description":"La cantante argentina fue la artista elegida para entonar el himno nacional en el encuentro del seleccionado argentino frente a Francia en el Estadio Lusail frente a 90 mil personas. La actriz y cantante Lali Esp\u00f3sito ser\u00e1 la encargada de entonar el Himno Nacional Argentino en la final de la Copa del Mundo Qatar 2022 [&hellip;]","og_url":"https:\/\/cvinoticias.com\/v3\/lali-esposito-cantara-el-himno-nacional-argentino-en-la-final-contra-francia\/","og_site_name":"CVI NOTICIAS","article_publisher":"https:\/\/www.facebook.com\/cvinoticias","article_published_time":"2022-12-18T14:38:07+00:00","og_image":[{"width":1080,"height":600,"url":"https:\/\/cvinoticias.com\/wp-content\/uploads\/2022\/12\/Screenshot_20221218-113643_Facebook.jpg","type":"image\/jpeg"}],"author":"f1000024","twitter_card":"summary_large_image","twitter_misc":{"Escrito por":"f1000024","Tiempo de lectura":"1 minuto"},"schema":{"@context":"https:\/\/schema.org","@graph":[{"@type":"Article","@id":"https:\/\/cvinoticias.com\/v3\/lali-esposito-cantara-el-himno-nacional-argentino-en-la-final-contra-francia\/#article","isPartOf":{"@id":"https:\/\/cvinoticias.com\/v3\/lali-esposito-cantara-el-himno-nacional-argentino-en-la-final-contra-francia\/"},"author":{"name":"f1000024","@id":"https:\/\/cvinoticias.com\/v3\/#\/schema\/person\/2db77e3c6bc03c538495d7b2b8be9b66"},"headline":"Lali Esp\u00f3sito cantar\u00e1 el Himno Nacional Argentino en la final contra Francia","datePublished":"2022-12-18T14:38:07+00:00","mainEntityOfPage":{"@id":"https:\/\/cvinoticias.com\/v3\/lali-esposito-cantara-el-himno-nacional-argentino-en-la-final-contra-francia\/"},"wordCount":192,"commentCount":0,"publisher":{"@id":"https:\/\/cvinoticias.com\/v3\/#organization"},"image":{"@id":"https:\/\/cvinoticias.com\/v3\/lali-esposito-cantara-el-himno-nacional-argentino-en-la-final-contra-francia\/#primaryimage"},"thumbnailUrl":"https:\/\/cvinoticias.com\/wp-content\/uploads\/2022\/12\/Screenshot_20221218-113643_Facebook.jpg","articleSection":["Qatar 2022"],"inLanguage":"es","potentialAction":[{"@type":"CommentAction","name":"Comment","target":["https:\/\/cvinoticias.com\/v3\/lali-esposito-cantara-el-himno-nacional-argentino-en-la-final-contra-francia\/#respond"]}]},{"@type":"WebPage","@id":"https:\/\/cvinoticias.com\/v3\/lali-esposito-cantara-el-himno-nacional-argentino-en-la-final-contra-francia\/","url":"https:\/\/cvinoticias.com\/v3\/lali-esposito-cantara-el-himno-nacional-argentino-en-la-final-contra-francia\/","name":"Lali Esp\u00f3sito cantar\u00e1 el Himno Nacional Argentino en la final contra Francia | CVI NOTICIAS","isPartOf":{"@id":"https:\/\/cvinoticias.com\/v3\/#website"},"primaryImageOfPage":{"@id":"https:\/\/cvinoticias.com\/v3\/lali-esposito-cantara-el-himno-nacional-argentino-en-la-final-contra-francia\/#primaryimage"},"image":{"@id":"https:\/\/cvinoticias.com\/v3\/lali-esposito-cantara-el-himno-nacional-argentino-en-la-final-contra-francia\/#primaryimage"},"thumbnailUrl":"https:\/\/cvinoticias.com\/wp-content\/uploads\/2022\/12\/Screenshot_20221218-113643_Facebook.jpg","datePublished":"2022-12-18T14:38:07+00:00","breadcrumb":{"@id":"https:\/\/cvinoticias.com\/v3\/lali-esposito-cantara-el-himno-nacional-argentino-en-la-final-contra-francia\/#breadcrumb"},"inLanguage":"es","potentialAction":[{"@type":"ReadAction","target":["https:\/\/cvinoticias.com\/v3\/lali-esposito-cantara-el-himno-nacional-argentino-en-la-final-contra-francia\/"]}]},{"@type":"ImageObject","inLanguage":"es","@id":"https:\/\/cvinoticias.com\/v3\/lali-esposito-cantara-el-himno-nacional-argentino-en-la-final-contra-francia\/#primaryimage","url":"https:\/\/cvinoticias.com\/wp-content\/uploads\/2022\/12\/Screenshot_20221218-113643_Facebook.jpg","contentUrl":"https:\/\/cvinoticias.com\/wp-content\/uploads\/2022\/12\/Screenshot_20221218-113643_Facebook.jpg","width":1080,"height":600},{"@type":"BreadcrumbList","@id":"https:\/\/cvinoticias.com\/v3\/lali-esposito-cantara-el-himno-nacional-argentino-en-la-final-contra-francia\/#breadcrumb","itemListElement":[{"@type":"ListItem","position":1,"name":"Portada","item":"https:\/\/cvinoticias.com\/v3\/"},{"@type":"ListItem","position":2,"name":"Lali Esp\u00f3sito cantar\u00e1 el Himno Nacional Argentino en la final contra Francia"}]},{"@type":"WebSite","@id":"https:\/\/cvinoticias.com\/v3\/#website","url":"https:\/\/cvinoticias.com\/v3\/","name":"CVI NOTICIAS","description":"","publisher":{"@id":"https:\/\/cvinoticias.com\/v3\/#organization"},"alternateName":"CVI","potentialAction":[{"@type":"SearchAction","target":{"@type":"EntryPoint","urlTemplate":"https:\/\/cvinoticias.com\/v3\/?s={search_term_string}"},"query-input":{"@type":"PropertyValueSpecification","valueRequired":true,"valueName":"search_term_string"}}],"inLanguage":"es"},{"@type":"Organization","@id":"https:\/\/cvinoticias.com\/v3\/#organization","name":"CVI NOTICIAS","url":"https:\/\/cvinoticias.com\/v3\/","logo":{"@type":"ImageObject","inLanguage":"es","@id":"https:\/\/cvinoticias.com\/v3\/#\/schema\/logo\/image\/","url":"https:\/\/cvinoticias.com\/wp-content\/uploads\/2023\/04\/cropped-cropped-cropped-cropped-cropped-3-1.png","contentUrl":"https:\/\/cvinoticias.com\/wp-content\/uploads\/2023\/04\/cropped-cropped-cropped-cropped-cropped-3-1.png","width":95,"height":122,"caption":"CVI NOTICIAS"},"image":{"@id":"https:\/\/cvinoticias.com\/v3\/#\/schema\/logo\/image\/"},"sameAs":["https:\/\/www.facebook.com\/cvinoticias","https:\/\/www.instagram.com\/cvinoticias\/","https:\/\/www.youtube.com\/@CVINOTICIAS"]},{"@type":"Person","@id":"https:\/\/cvinoticias.com\/v3\/#\/schema\/person\/2db77e3c6bc03c538495d7b2b8be9b66","name":"f1000024","image":{"@type":"ImageObject","inLanguage":"es","@id":"https:\/\/secure.gravatar.com\/avatar\/d4fe7459cfc51ff5129ce1a732bbef5928568b8092d412ef95611616376bbeed?s=96&d=mm&r=g","url":"https:\/\/secure.gravatar.com\/avatar\/d4fe7459cfc51ff5129ce1a732bbef5928568b8092d412ef95611616376bbeed?s=96&d=mm&r=g","contentUrl":"https:\/\/secure.gravatar.com\/avatar\/d4fe7459cfc51ff5129ce1a732bbef5928568b8092d412ef95611616376bbeed?s=96&d=mm&r=g","caption":"f1000024"},"url":"https:\/\/cvinoticias.com\/v3\/author\/f1000024\/"}]}},"_links":{"self":[{"href":"https:\/\/cvinoticias.com\/v3\/wp-json\/wp\/v2\/posts\/21283","targetHints":{"allow":["GET"]}}],"collection":[{"href":"https:\/\/cvinoticias.com\/v3\/wp-json\/wp\/v2\/posts"}],"about":[{"href":"https:\/\/cvinoticias.com\/v3\/wp-json\/wp\/v2\/types\/post"}],"author":[{"embeddable":true,"href":"https:\/\/cvinoticias.com\/v3\/wp-json\/wp\/v2\/users\/2"}],"replies":[{"embeddable":true,"href":"https:\/\/cvinoticias.com\/v3\/wp-json\/wp\/v2\/comments?post=21283"}],"version-history":[{"count":1,"href":"https:\/\/cvinoticias.com\/v3\/wp-json\/wp\/v2\/posts\/21283\/revisions"}],"predecessor-version":[{"id":21285,"href":"https:\/\/cvinoticias.com\/v3\/wp-json\/wp\/v2\/posts\/21283\/revisions\/21285"}],"wp:featuredmedia":[{"embeddable":true,"href":"https:\/\/cvinoticias.com\/v3\/wp-json\/wp\/v2\/media\/21284"}],"wp:attachment":[{"href":"https:\/\/cvinoticias.com\/v3\/wp-json\/wp\/v2\/media?parent=21283"}],"wp:term":[{"taxonomy":"category","embeddable":true,"href":"https:\/\/cvinoticias.com\/v3\/wp-json\/wp\/v2\/categories?post=21283"},{"taxonomy":"post_tag","embeddable":true,"href":"https:\/\/cvinoticias.com\/v3\/wp-json\/wp\/v2\/tags?post=21283"}],"curies":[{"name":"wp","href":"https:\/\/api.w.org\/{rel}","templated":true}]}}