{"id":21280,"date":"2022-12-18T11:48:03","date_gmt":"2022-12-18T11:48:03","guid":{"rendered":"https:\/\/cvinoticias.com\/v3\/?p=21280"},"modified":"2022-12-18T11:48:03","modified_gmt":"2022-12-18T11:48:03","slug":"el-valor-del-orden-en-contextos-de-incertidumbres","status":"publish","type":"post","link":"https:\/\/cvinoticias.com\/v3\/el-valor-del-orden-en-contextos-de-incertidumbres\/","title":{"rendered":"El valor del orden en contextos de incertidumbres"},"content":{"rendered":"\n<p><strong><em>El Frente Renovador de la Concordia defini\u00f3 la f\u00f3rmula que pondr\u00e1 a consideraci\u00f3n de la sociedad misionera en los pr\u00f3ximos comicios provinciales. En la candidatura de Hugo Passalacqua y Lucas Romero Spinelli, como gobernador y vice se sintetiza la visi\u00f3n prospectiva del Proyecto Misionerista que pone la mirada en el presente y piensa en el futuro.<\/em><\/strong><\/p>\n\n\n\n<p><strong>(*) Por Nicol\u00e1s Marchiori<\/strong><\/p>\n\n\n\n<p>Los escenarios complejos que atraviesan al mundo actual han provocado un deslizamiento de un modelo de sociedad estable, cierta y previsible hacia un modelo de sociedad incierta.<br>Cuando se habla de incertidumbre, se hace referencia a la ausencia de certeza, convicci\u00f3n, confianza o seguridad sobre algo que se conoce o que se realiza. Tal vez en la incertidumbre que atraviesa a las sociedades est\u00e9 la explicaci\u00f3n de las crisis. Las crisis como tales ponen en movimiento procesos desordenados que pueden convertirse en desencadenantes, creando nuevas condiciones para la acci\u00f3n, poniendo en marcha todo aquello que puede aportar cambio y transformaci\u00f3n.<br>Analizar sem\u00e1nticamente la palabra \u201ccrisis\u201d revela conceptos ricos en significados que se componen de dos caracteres que significan \u201cpeligro\u201d y \u201coportunidad\u201d.<br>Transformar una crisis en oportunidad depende de la capacidad de resiliencia y predisposici\u00f3n de los actores, ya que ser\u00e1n estos quienes se transformen en agentes catalizadores que forjen nuevas y mejores realidades.<br>Los estados de crisis por lo general son propensos a generar caos. Es ante estos escenarios donde adquiere vital relevancia el valor del orden. El orden como principio es armonizador, permite aportar claridad y certidumbre a los escenarios complejos, dando una correcta disposici\u00f3n a las cosas y ubic\u00e1ndolas en el lugar que les corresponde ideando un camino coherente para seguir y llegar a una meta.<\/p>\n\n\n\n<ul class=\"wp-block-list\">\n<li>* *<\/li>\n<\/ul>\n\n\n\n<p><strong>Liderazgo con visi\u00f3n prospectiva<\/strong><\/p>\n\n\n\n<p>La pol\u00edtica argentina nos muestra que existen l\u00edderes sin liderazgo. El liderazgo es un intangible que se construye socialmente entre el l\u00edder y sus seguidores. La figura del l\u00edder, a su vez, se puede imponer por la fuerza o, mucho m\u00e1s dif\u00edcil, se puede construir y consolidar mediante el respeto, confianza y fidelidad de sus seguidores. El Ing. Carlos Rovira es un cabal ejemplo de un liderazgo indiscutido que trasciende a su generaci\u00f3n. En la actualidad, el Conductor de la Renovaci\u00f3n es un faro de referencia para una nueva generaci\u00f3n de j\u00f3venes dirigentes que ven en su figura el camino a seguir. Sin la extraordinaria visi\u00f3n prospectiva y estrat\u00e9gica de Rovira no hubiese sido posible que una provincia pobre como Misiones en t\u00e9rminos de recursos, si tenemos en cuenta que no posee ni gas, ni petr\u00f3leo, ni oro, litio, sea modelo para el pa\u00eds en materia de educaci\u00f3n, de salud y de cuidado del medio ambiente. Su capacidad de lectura de la realidad y de anticipaci\u00f3n a escenarios futuros fue la que determin\u00f3 que en las pr\u00f3ximas elecciones provinciales la f\u00f3rmula del Frente Renovador contemple aquella amalgama que debe haber entre la experiencia de quienes han transitado ya el camino, han dado su aporte con su cuota de seriedad, de tranquilidad, de serenidad que se necesita con el dinamismo, la fuerza impulsora, la mentalidad abierta a las nuevas tecnolog\u00edas, los nuevos pensamientos que tienen los j\u00f3venes, tal como lo manifestaba en su discurso luego de ser elegido Presidente de la C\u00e1mara de Representantes de la Provincia. Hugo Passalacqua y Lucas Romero Spinelli son la s\u00edntesis de esa idea en donde se conjugan la seriedad y la experiencia con la fuerza y la juventud.<br>Passalacqua, que gobern\u00f3 la provincia desde el a\u00f1o 2015 hasta el 2019, fue impulsor del Fondo de Cr\u00e9dito de Misiones, una herramienta de gran importancia que permiti\u00f3 y sigue permitiendo que los emprendedores misioneros puedan desarrollarse con una ayuda tan vital como es el acceso al cr\u00e9dito a tasas muy bajas y con largos plazos de devoluci\u00f3n. Asimismo, durante su gobierno tambi\u00e9n se lanzaron los Programas Ahora, que se consolidaron con el tiempo y se transformaron en un verdadero motor para el consumo y la prosperidad de los comercios misioneros, sobre todo en la post pandemia, donde la crisis econ\u00f3mica nacional afect\u00f3 fuertemente los niveles de consumo en el resto del pa\u00eds.<br>Por su parte, el joven Lucas Romero Spinelli dio sus primeros pasos en la gesti\u00f3n p\u00fablica a finales del a\u00f1o 2017, cuando fue designado Director General de Industria de la Provincia. Desde all\u00ed impuls\u00f3 el proyecto del Polo Tic de Posadas, que signific\u00f3 una de las primeras arterias del gran ecosistema que hoy presenta la econom\u00eda del conocimiento en la provincia y que encuentra en el Master Plan de Silicon Misiones, impulsado por el Ing. Carlos Rovira, un futuro m\u00e1s que promisorio para uno de los sectores que m\u00e1s dinero genera en todo el mundo y que mayor inclusi\u00f3n de j\u00f3venes al mercado laboral promueve.<\/p>\n\n\n\n<p><strong>N\u00edtidas diferencias<\/strong><br>En el encuentro del pasado jueves de Rovira con dirigentes renovadores, el Presidente del Parlamento Misionero destac\u00f3 que la evoluci\u00f3n siempre es hacia adelante y que la pol\u00edtica debe conducir esos procesos. Misiones puede demostrar de manera fehaciente que transita un camino de previsibilidad econ\u00f3mica, social e institucional.<br>El conductor de la Renovaci\u00f3n remarc\u00f3 a los asistentes a la reuni\u00f3n que \u201clos logros llegan con trabajo, esfuerzo, dedicaci\u00f3n y, sobre todas las cosas, humildad para estar cerca de la gente, escucharla, comprenderla y buscar soluciones a sus pedidos, como servidores p\u00fablicos\u201d. Y dej\u00f3 una clara consigna: di\u00e1logo, mucho trabajo y cero confrontaci\u00f3n.<br>A nivel nacional, el panorama es totalmente opuesto, se ve a un Gobierno Nacional que improvisa permanentemente y que no logra encontrar el camino para encauzar la dif\u00edcil situaci\u00f3n que atraviesa el pa\u00eds.<br>En la vereda de Juntos por el Cambio, sorprendentemente se los escucha hablar de recetas m\u00e1gicas para resolver los problemas actuales que ellos mismos iniciaron. No se puede soslayar el brutal endeudamiento generado entre 2015 y 2019 ni el masivo cierre de empresas que fueran arrastradas a la crisis con pol\u00edticas neoliberales que s\u00f3lo sirvieron para beneficiar a un selecto grupo de amigos del ex Presidente Macri.<br>La alianza opositora se encuentra muy preocupada por mostrar fotos que transmitan una falsa unidad que disfrace la feroz interna, pero hasta el momento no ha sido capaz de presentar un plan de gobierno que sustente su aspiraci\u00f3n de llegar al poder.<br>Dicho esto, lo cierto es que los grandes partidos nacionales no brindan ninguna certeza, ning\u00fan gesto que de tranquilidad y esperanza para la ciudadan\u00eda que cada d\u00eda toma m\u00e1s distancia en respuesta a la disociaci\u00f3n existente entre la agenda de los pol\u00edticos con la de la gente.<br>Cada vez es mayor el porcentaje de desafecci\u00f3n que arrojan los an\u00e1lisis cualitativos de opini\u00f3n p\u00fablica respecto a las dos grandes fuerzas nacionales. El nivel de satisfacci\u00f3n de la ciudadan\u00eda es baj\u00edsimo, como consecuencia de la falta de atenci\u00f3n por parte de la clase pol\u00edtica a los problemas cotidianos de los ciudadanos de a pie. Es en este contexto que adquieren protagonismo y consecuentemente se fortalecen los partidos provincialistas con fuerte mirada en lo local y en la gesti\u00f3n cotidiana, frente a los partidos nacionales que no logran salir de las discusiones internas y disputas de poder.<\/p>\n\n\n\n<p><strong>Abogado. Diplomado en Manejo de Crisis y en An\u00e1lisis de Procesos Electorales. Posgrado de Especializaci\u00f3n en Comunicaci\u00f3n de Gobierno y Electoral. Becario de la Fundaci\u00f3n Konrad Adenauer y del Centro de An\u00e1lisis y Entrenamiento Pol\u00edtico &#8211; CAEP (Colombia).-<\/strong><\/p>\n","protected":false},"excerpt":{"rendered":"<p>El Frente Renovador de la Concordia defini\u00f3 la f\u00f3rmula que pondr\u00e1 a consideraci\u00f3n de la sociedad misionera en los pr\u00f3ximos comicios provinciales. En la candidatura de Hugo Passalacqua y Lucas Romero Spinelli, como gobernador y vice se sintetiza la visi\u00f3n prospectiva del Proyecto Misionerista que pone la mirada en el presente y piensa en el [&hellip;]<\/p>\n","protected":false},"author":2,"featured_media":21281,"comment_status":"open","ping_status":"open","sticky":false,"template":"","format":"standard","meta":{"footnotes":""},"categories":[42],"tags":[],"class_list":["post-21280","post","type-post","status-publish","format-standard","has-post-thumbnail","hentry","category-politica"],"yoast_head":"<!-- This site is optimized with the Yoast SEO plugin v27.5 - https:\/\/yoast.com\/product\/yoast-seo-wordpress\/ -->\n<title>El valor del orden en contextos de incertidumbres | CVI NOTICIAS<\/title>\n<meta name=\"robots\" content=\"index, follow, max-snippet:-1, max-image-preview:large, max-video-preview:-1\" \/>\n<link rel=\"canonical\" href=\"https:\/\/cvinoticias.com\/v3\/el-valor-del-orden-en-contextos-de-incertidumbres\/\" \/>\n<meta property=\"og:locale\" content=\"es_ES\" \/>\n<meta property=\"og:type\" content=\"article\" \/>\n<meta property=\"og:title\" content=\"El valor del orden en contextos de incertidumbres | CVI NOTICIAS\" \/>\n<meta property=\"og:description\" content=\"El Frente Renovador de la Concordia defini\u00f3 la f\u00f3rmula que pondr\u00e1 a consideraci\u00f3n de la sociedad misionera en los pr\u00f3ximos comicios provinciales. En la candidatura de Hugo Passalacqua y Lucas Romero Spinelli, como gobernador y vice se sintetiza la visi\u00f3n prospectiva del Proyecto Misionerista que pone la mirada en el presente y piensa en el [&hellip;]\" \/>\n<meta property=\"og:url\" content=\"https:\/\/cvinoticias.com\/v3\/el-valor-del-orden-en-contextos-de-incertidumbres\/\" \/>\n<meta property=\"og:site_name\" content=\"CVI NOTICIAS\" \/>\n<meta property=\"article:publisher\" content=\"https:\/\/www.facebook.com\/cvinoticias\" \/>\n<meta property=\"article:published_time\" content=\"2022-12-18T11:48:03+00:00\" \/>\n<meta property=\"og:image\" content=\"https:\/\/cvinoticias.com\/wp-content\/uploads\/2022\/12\/7849.jpg\" \/>\n\t<meta property=\"og:image:width\" content=\"1280\" \/>\n\t<meta property=\"og:image:height\" content=\"853\" \/>\n\t<meta property=\"og:image:type\" content=\"image\/jpeg\" \/>\n<meta name=\"author\" content=\"f1000024\" \/>\n<meta name=\"twitter:card\" content=\"summary_large_image\" \/>\n<meta name=\"twitter:label1\" content=\"Escrito por\" \/>\n\t<meta name=\"twitter:data1\" content=\"f1000024\" \/>\n\t<meta name=\"twitter:label2\" content=\"Tiempo de lectura\" \/>\n\t<meta name=\"twitter:data2\" content=\"6 minutos\" \/>\n<script type=\"application\/ld+json\" class=\"yoast-schema-graph\">{\"@context\":\"https:\\\/\\\/schema.org\",\"@graph\":[{\"@type\":\"Article\",\"@id\":\"https:\\\/\\\/cvinoticias.com\\\/v3\\\/el-valor-del-orden-en-contextos-de-incertidumbres\\\/#article\",\"isPartOf\":{\"@id\":\"https:\\\/\\\/cvinoticias.com\\\/v3\\\/el-valor-del-orden-en-contextos-de-incertidumbres\\\/\"},\"author\":{\"name\":\"f1000024\",\"@id\":\"https:\\\/\\\/cvinoticias.com\\\/v3\\\/#\\\/schema\\\/person\\\/2db77e3c6bc03c538495d7b2b8be9b66\"},\"headline\":\"El valor del orden en contextos de incertidumbres\",\"datePublished\":\"2022-12-18T11:48:03+00:00\",\"mainEntityOfPage\":{\"@id\":\"https:\\\/\\\/cvinoticias.com\\\/v3\\\/el-valor-del-orden-en-contextos-de-incertidumbres\\\/\"},\"wordCount\":1304,\"commentCount\":0,\"publisher\":{\"@id\":\"https:\\\/\\\/cvinoticias.com\\\/v3\\\/#organization\"},\"image\":{\"@id\":\"https:\\\/\\\/cvinoticias.com\\\/v3\\\/el-valor-del-orden-en-contextos-de-incertidumbres\\\/#primaryimage\"},\"thumbnailUrl\":\"https:\\\/\\\/cvinoticias.com\\\/wp-content\\\/uploads\\\/2022\\\/12\\\/7849.jpg\",\"articleSection\":[\"Politica\"],\"inLanguage\":\"es\",\"potentialAction\":[{\"@type\":\"CommentAction\",\"name\":\"Comment\",\"target\":[\"https:\\\/\\\/cvinoticias.com\\\/v3\\\/el-valor-del-orden-en-contextos-de-incertidumbres\\\/#respond\"]}]},{\"@type\":\"WebPage\",\"@id\":\"https:\\\/\\\/cvinoticias.com\\\/v3\\\/el-valor-del-orden-en-contextos-de-incertidumbres\\\/\",\"url\":\"https:\\\/\\\/cvinoticias.com\\\/v3\\\/el-valor-del-orden-en-contextos-de-incertidumbres\\\/\",\"name\":\"El valor del orden en contextos de incertidumbres | CVI NOTICIAS\",\"isPartOf\":{\"@id\":\"https:\\\/\\\/cvinoticias.com\\\/v3\\\/#website\"},\"primaryImageOfPage\":{\"@id\":\"https:\\\/\\\/cvinoticias.com\\\/v3\\\/el-valor-del-orden-en-contextos-de-incertidumbres\\\/#primaryimage\"},\"image\":{\"@id\":\"https:\\\/\\\/cvinoticias.com\\\/v3\\\/el-valor-del-orden-en-contextos-de-incertidumbres\\\/#primaryimage\"},\"thumbnailUrl\":\"https:\\\/\\\/cvinoticias.com\\\/wp-content\\\/uploads\\\/2022\\\/12\\\/7849.jpg\",\"datePublished\":\"2022-12-18T11:48:03+00:00\",\"breadcrumb\":{\"@id\":\"https:\\\/\\\/cvinoticias.com\\\/v3\\\/el-valor-del-orden-en-contextos-de-incertidumbres\\\/#breadcrumb\"},\"inLanguage\":\"es\",\"potentialAction\":[{\"@type\":\"ReadAction\",\"target\":[\"https:\\\/\\\/cvinoticias.com\\\/v3\\\/el-valor-del-orden-en-contextos-de-incertidumbres\\\/\"]}]},{\"@type\":\"ImageObject\",\"inLanguage\":\"es\",\"@id\":\"https:\\\/\\\/cvinoticias.com\\\/v3\\\/el-valor-del-orden-en-contextos-de-incertidumbres\\\/#primaryimage\",\"url\":\"https:\\\/\\\/cvinoticias.com\\\/wp-content\\\/uploads\\\/2022\\\/12\\\/7849.jpg\",\"contentUrl\":\"https:\\\/\\\/cvinoticias.com\\\/wp-content\\\/uploads\\\/2022\\\/12\\\/7849.jpg\",\"width\":1280,\"height\":853},{\"@type\":\"BreadcrumbList\",\"@id\":\"https:\\\/\\\/cvinoticias.com\\\/v3\\\/el-valor-del-orden-en-contextos-de-incertidumbres\\\/#breadcrumb\",\"itemListElement\":[{\"@type\":\"ListItem\",\"position\":1,\"name\":\"Portada\",\"item\":\"https:\\\/\\\/cvinoticias.com\\\/v3\\\/\"},{\"@type\":\"ListItem\",\"position\":2,\"name\":\"El valor del orden en contextos de incertidumbres\"}]},{\"@type\":\"WebSite\",\"@id\":\"https:\\\/\\\/cvinoticias.com\\\/v3\\\/#website\",\"url\":\"https:\\\/\\\/cvinoticias.com\\\/v3\\\/\",\"name\":\"CVI NOTICIAS\",\"description\":\"\",\"publisher\":{\"@id\":\"https:\\\/\\\/cvinoticias.com\\\/v3\\\/#organization\"},\"alternateName\":\"CVI\",\"potentialAction\":[{\"@type\":\"SearchAction\",\"target\":{\"@type\":\"EntryPoint\",\"urlTemplate\":\"https:\\\/\\\/cvinoticias.com\\\/v3\\\/?s={search_term_string}\"},\"query-input\":{\"@type\":\"PropertyValueSpecification\",\"valueRequired\":true,\"valueName\":\"search_term_string\"}}],\"inLanguage\":\"es\"},{\"@type\":\"Organization\",\"@id\":\"https:\\\/\\\/cvinoticias.com\\\/v3\\\/#organization\",\"name\":\"CVI NOTICIAS\",\"url\":\"https:\\\/\\\/cvinoticias.com\\\/v3\\\/\",\"logo\":{\"@type\":\"ImageObject\",\"inLanguage\":\"es\",\"@id\":\"https:\\\/\\\/cvinoticias.com\\\/v3\\\/#\\\/schema\\\/logo\\\/image\\\/\",\"url\":\"https:\\\/\\\/cvinoticias.com\\\/wp-content\\\/uploads\\\/2023\\\/04\\\/cropped-cropped-cropped-cropped-cropped-3-1.png\",\"contentUrl\":\"https:\\\/\\\/cvinoticias.com\\\/wp-content\\\/uploads\\\/2023\\\/04\\\/cropped-cropped-cropped-cropped-cropped-3-1.png\",\"width\":95,\"height\":122,\"caption\":\"CVI NOTICIAS\"},\"image\":{\"@id\":\"https:\\\/\\\/cvinoticias.com\\\/v3\\\/#\\\/schema\\\/logo\\\/image\\\/\"},\"sameAs\":[\"https:\\\/\\\/www.facebook.com\\\/cvinoticias\",\"https:\\\/\\\/www.instagram.com\\\/cvinoticias\\\/\",\"https:\\\/\\\/www.youtube.com\\\/@CVINOTICIAS\"]},{\"@type\":\"Person\",\"@id\":\"https:\\\/\\\/cvinoticias.com\\\/v3\\\/#\\\/schema\\\/person\\\/2db77e3c6bc03c538495d7b2b8be9b66\",\"name\":\"f1000024\",\"image\":{\"@type\":\"ImageObject\",\"inLanguage\":\"es\",\"@id\":\"https:\\\/\\\/secure.gravatar.com\\\/avatar\\\/d4fe7459cfc51ff5129ce1a732bbef5928568b8092d412ef95611616376bbeed?s=96&d=mm&r=g\",\"url\":\"https:\\\/\\\/secure.gravatar.com\\\/avatar\\\/d4fe7459cfc51ff5129ce1a732bbef5928568b8092d412ef95611616376bbeed?s=96&d=mm&r=g\",\"contentUrl\":\"https:\\\/\\\/secure.gravatar.com\\\/avatar\\\/d4fe7459cfc51ff5129ce1a732bbef5928568b8092d412ef95611616376bbeed?s=96&d=mm&r=g\",\"caption\":\"f1000024\"},\"url\":\"https:\\\/\\\/cvinoticias.com\\\/v3\\\/author\\\/f1000024\\\/\"}]}<\/script>\n<!-- \/ Yoast SEO plugin. -->","yoast_head_json":{"title":"El valor del orden en contextos de incertidumbres | CVI NOTICIAS","robots":{"index":"index","follow":"follow","max-snippet":"max-snippet:-1","max-image-preview":"max-image-preview:large","max-video-preview":"max-video-preview:-1"},"canonical":"https:\/\/cvinoticias.com\/v3\/el-valor-del-orden-en-contextos-de-incertidumbres\/","og_locale":"es_ES","og_type":"article","og_title":"El valor del orden en contextos de incertidumbres | CVI NOTICIAS","og_description":"El Frente Renovador de la Concordia defini\u00f3 la f\u00f3rmula que pondr\u00e1 a consideraci\u00f3n de la sociedad misionera en los pr\u00f3ximos comicios provinciales. En la candidatura de Hugo Passalacqua y Lucas Romero Spinelli, como gobernador y vice se sintetiza la visi\u00f3n prospectiva del Proyecto Misionerista que pone la mirada en el presente y piensa en el [&hellip;]","og_url":"https:\/\/cvinoticias.com\/v3\/el-valor-del-orden-en-contextos-de-incertidumbres\/","og_site_name":"CVI NOTICIAS","article_publisher":"https:\/\/www.facebook.com\/cvinoticias","article_published_time":"2022-12-18T11:48:03+00:00","og_image":[{"width":1280,"height":853,"url":"https:\/\/cvinoticias.com\/wp-content\/uploads\/2022\/12\/7849.jpg","type":"image\/jpeg"}],"author":"f1000024","twitter_card":"summary_large_image","twitter_misc":{"Escrito por":"f1000024","Tiempo de lectura":"6 minutos"},"schema":{"@context":"https:\/\/schema.org","@graph":[{"@type":"Article","@id":"https:\/\/cvinoticias.com\/v3\/el-valor-del-orden-en-contextos-de-incertidumbres\/#article","isPartOf":{"@id":"https:\/\/cvinoticias.com\/v3\/el-valor-del-orden-en-contextos-de-incertidumbres\/"},"author":{"name":"f1000024","@id":"https:\/\/cvinoticias.com\/v3\/#\/schema\/person\/2db77e3c6bc03c538495d7b2b8be9b66"},"headline":"El valor del orden en contextos de incertidumbres","datePublished":"2022-12-18T11:48:03+00:00","mainEntityOfPage":{"@id":"https:\/\/cvinoticias.com\/v3\/el-valor-del-orden-en-contextos-de-incertidumbres\/"},"wordCount":1304,"commentCount":0,"publisher":{"@id":"https:\/\/cvinoticias.com\/v3\/#organization"},"image":{"@id":"https:\/\/cvinoticias.com\/v3\/el-valor-del-orden-en-contextos-de-incertidumbres\/#primaryimage"},"thumbnailUrl":"https:\/\/cvinoticias.com\/wp-content\/uploads\/2022\/12\/7849.jpg","articleSection":["Politica"],"inLanguage":"es","potentialAction":[{"@type":"CommentAction","name":"Comment","target":["https:\/\/cvinoticias.com\/v3\/el-valor-del-orden-en-contextos-de-incertidumbres\/#respond"]}]},{"@type":"WebPage","@id":"https:\/\/cvinoticias.com\/v3\/el-valor-del-orden-en-contextos-de-incertidumbres\/","url":"https:\/\/cvinoticias.com\/v3\/el-valor-del-orden-en-contextos-de-incertidumbres\/","name":"El valor del orden en contextos de incertidumbres | CVI NOTICIAS","isPartOf":{"@id":"https:\/\/cvinoticias.com\/v3\/#website"},"primaryImageOfPage":{"@id":"https:\/\/cvinoticias.com\/v3\/el-valor-del-orden-en-contextos-de-incertidumbres\/#primaryimage"},"image":{"@id":"https:\/\/cvinoticias.com\/v3\/el-valor-del-orden-en-contextos-de-incertidumbres\/#primaryimage"},"thumbnailUrl":"https:\/\/cvinoticias.com\/wp-content\/uploads\/2022\/12\/7849.jpg","datePublished":"2022-12-18T11:48:03+00:00","breadcrumb":{"@id":"https:\/\/cvinoticias.com\/v3\/el-valor-del-orden-en-contextos-de-incertidumbres\/#breadcrumb"},"inLanguage":"es","potentialAction":[{"@type":"ReadAction","target":["https:\/\/cvinoticias.com\/v3\/el-valor-del-orden-en-contextos-de-incertidumbres\/"]}]},{"@type":"ImageObject","inLanguage":"es","@id":"https:\/\/cvinoticias.com\/v3\/el-valor-del-orden-en-contextos-de-incertidumbres\/#primaryimage","url":"https:\/\/cvinoticias.com\/wp-content\/uploads\/2022\/12\/7849.jpg","contentUrl":"https:\/\/cvinoticias.com\/wp-content\/uploads\/2022\/12\/7849.jpg","width":1280,"height":853},{"@type":"BreadcrumbList","@id":"https:\/\/cvinoticias.com\/v3\/el-valor-del-orden-en-contextos-de-incertidumbres\/#breadcrumb","itemListElement":[{"@type":"ListItem","position":1,"name":"Portada","item":"https:\/\/cvinoticias.com\/v3\/"},{"@type":"ListItem","position":2,"name":"El valor del orden en contextos de incertidumbres"}]},{"@type":"WebSite","@id":"https:\/\/cvinoticias.com\/v3\/#website","url":"https:\/\/cvinoticias.com\/v3\/","name":"CVI NOTICIAS","description":"","publisher":{"@id":"https:\/\/cvinoticias.com\/v3\/#organization"},"alternateName":"CVI","potentialAction":[{"@type":"SearchAction","target":{"@type":"EntryPoint","urlTemplate":"https:\/\/cvinoticias.com\/v3\/?s={search_term_string}"},"query-input":{"@type":"PropertyValueSpecification","valueRequired":true,"valueName":"search_term_string"}}],"inLanguage":"es"},{"@type":"Organization","@id":"https:\/\/cvinoticias.com\/v3\/#organization","name":"CVI NOTICIAS","url":"https:\/\/cvinoticias.com\/v3\/","logo":{"@type":"ImageObject","inLanguage":"es","@id":"https:\/\/cvinoticias.com\/v3\/#\/schema\/logo\/image\/","url":"https:\/\/cvinoticias.com\/wp-content\/uploads\/2023\/04\/cropped-cropped-cropped-cropped-cropped-3-1.png","contentUrl":"https:\/\/cvinoticias.com\/wp-content\/uploads\/2023\/04\/cropped-cropped-cropped-cropped-cropped-3-1.png","width":95,"height":122,"caption":"CVI NOTICIAS"},"image":{"@id":"https:\/\/cvinoticias.com\/v3\/#\/schema\/logo\/image\/"},"sameAs":["https:\/\/www.facebook.com\/cvinoticias","https:\/\/www.instagram.com\/cvinoticias\/","https:\/\/www.youtube.com\/@CVINOTICIAS"]},{"@type":"Person","@id":"https:\/\/cvinoticias.com\/v3\/#\/schema\/person\/2db77e3c6bc03c538495d7b2b8be9b66","name":"f1000024","image":{"@type":"ImageObject","inLanguage":"es","@id":"https:\/\/secure.gravatar.com\/avatar\/d4fe7459cfc51ff5129ce1a732bbef5928568b8092d412ef95611616376bbeed?s=96&d=mm&r=g","url":"https:\/\/secure.gravatar.com\/avatar\/d4fe7459cfc51ff5129ce1a732bbef5928568b8092d412ef95611616376bbeed?s=96&d=mm&r=g","contentUrl":"https:\/\/secure.gravatar.com\/avatar\/d4fe7459cfc51ff5129ce1a732bbef5928568b8092d412ef95611616376bbeed?s=96&d=mm&r=g","caption":"f1000024"},"url":"https:\/\/cvinoticias.com\/v3\/author\/f1000024\/"}]}},"_links":{"self":[{"href":"https:\/\/cvinoticias.com\/v3\/wp-json\/wp\/v2\/posts\/21280","targetHints":{"allow":["GET"]}}],"collection":[{"href":"https:\/\/cvinoticias.com\/v3\/wp-json\/wp\/v2\/posts"}],"about":[{"href":"https:\/\/cvinoticias.com\/v3\/wp-json\/wp\/v2\/types\/post"}],"author":[{"embeddable":true,"href":"https:\/\/cvinoticias.com\/v3\/wp-json\/wp\/v2\/users\/2"}],"replies":[{"embeddable":true,"href":"https:\/\/cvinoticias.com\/v3\/wp-json\/wp\/v2\/comments?post=21280"}],"version-history":[{"count":1,"href":"https:\/\/cvinoticias.com\/v3\/wp-json\/wp\/v2\/posts\/21280\/revisions"}],"predecessor-version":[{"id":21282,"href":"https:\/\/cvinoticias.com\/v3\/wp-json\/wp\/v2\/posts\/21280\/revisions\/21282"}],"wp:featuredmedia":[{"embeddable":true,"href":"https:\/\/cvinoticias.com\/v3\/wp-json\/wp\/v2\/media\/21281"}],"wp:attachment":[{"href":"https:\/\/cvinoticias.com\/v3\/wp-json\/wp\/v2\/media?parent=21280"}],"wp:term":[{"taxonomy":"category","embeddable":true,"href":"https:\/\/cvinoticias.com\/v3\/wp-json\/wp\/v2\/categories?post=21280"},{"taxonomy":"post_tag","embeddable":true,"href":"https:\/\/cvinoticias.com\/v3\/wp-json\/wp\/v2\/tags?post=21280"}],"curies":[{"name":"wp","href":"https:\/\/api.w.org\/{rel}","templated":true}]}}