{"id":21274,"date":"2022-12-18T01:38:32","date_gmt":"2022-12-18T01:38:32","guid":{"rendered":"https:\/\/cvinoticias.com\/v3\/?p=21274"},"modified":"2022-12-18T01:38:32","modified_gmt":"2022-12-18T01:38:32","slug":"la-realidad-desmiente-al-candidato-de-puerta-en-iguazu","status":"publish","type":"post","link":"https:\/\/cvinoticias.com\/v3\/la-realidad-desmiente-al-candidato-de-puerta-en-iguazu\/","title":{"rendered":"La realidad desmiente al candidato de Puerta en Iguaz\u00fa"},"content":{"rendered":"\n<p><strong><em>En las \u00faltimas horas, el presidente de la C\u00e1mara de Comercio de Puerto Iguaz\u00fa Joaqu\u00edn Barreto realiz\u00f3 declaraciones pintando un panorama negro de la situaci\u00f3n comercial de dicha ciudad.<\/em><\/strong><\/p>\n\n\n\n<p>El dirigente, vinculado al puertismo y posible candidato a intendente con apoyo del ex gobernador misionero, deline\u00f3 un escenario que no se condice con la actividad econ\u00f3mica de este a\u00f1o.<\/p>\n\n\n\n<p>Luego de mucho tiempo, el tipo de cambio influy\u00f3 de manera positiva para Misiones en detrimento de Paraguay y Brasil, como ha sido hist\u00f3ricamente. Este elemento jug\u00f3 un papel beneficioso para toda la provincia, registr\u00e1ndose un boom de ventas e ingreso de ciudadanos de pa\u00edses lim\u00edtrofes para realizar todo tipo de compras. En el mismo sentido se produjo un fuerte incremento en el turismo extranjero, del que Puerto Iguaz\u00fa es un receptor neto.<\/p>\n\n\n\n<p>Por ello, llaman la atenci\u00f3n las declaraciones a destiempo del hombre de Puerta, que incluso se anim\u00f3 a sugerir que los comerciantes deber\u00edan despedir empleados para achicar costos. Una afirmaci\u00f3n en clara sinton\u00eda con el referente m\u00e1ximo de Juntos por el Cambio, Mauricio Macri, quien se declar\u00f3 maravillado por el r\u00e9gimen catar\u00ed, sin gremios ni derechos para los trabajadores. Toda una filosof\u00eda de gobierno.<\/p>\n\n\n\n<p>Otro elemento que no se condice con la realidad es el de infraestructura. L\u00f3gicamente, cuando una ciudad, en este caso Iguaz\u00fa, experimenta una fuerte afluencia de compradores y turistas necesita que la infraestructura acompa\u00f1e. Y es lo que ha sucedido durante todo 2022 por parte del municipio y del gobierno provincial con una multiplicidad de obras para que el crecimiento de la ciudad sea homog\u00e9neo.<\/p>\n\n\n\n<p>En ese sentido, la emergencia de figuras nuevas como Rudi Bundziak y el joven empresario Omar Sosa es un indicador del exponencial crecimiento experimentado por la ciudad de las Cataratas.<\/p>\n","protected":false},"excerpt":{"rendered":"<p>En las \u00faltimas horas, el presidente de la C\u00e1mara de Comercio de Puerto Iguaz\u00fa Joaqu\u00edn Barreto realiz\u00f3 declaraciones pintando un panorama negro de la situaci\u00f3n comercial de dicha ciudad. El dirigente, vinculado al puertismo y posible candidato a intendente con apoyo del ex gobernador misionero, deline\u00f3 un escenario que no se condice con la actividad [&hellip;]<\/p>\n","protected":false},"author":2,"featured_media":21275,"comment_status":"open","ping_status":"open","sticky":false,"template":"","format":"standard","meta":{"footnotes":""},"categories":[42],"tags":[],"class_list":["post-21274","post","type-post","status-publish","format-standard","has-post-thumbnail","hentry","category-politica"],"yoast_head":"<!-- This site is optimized with the Yoast SEO plugin v27.5 - https:\/\/yoast.com\/product\/yoast-seo-wordpress\/ -->\n<title>La realidad desmiente al candidato de Puerta en Iguaz\u00fa | CVI NOTICIAS<\/title>\n<meta name=\"robots\" content=\"index, follow, max-snippet:-1, max-image-preview:large, max-video-preview:-1\" \/>\n<link rel=\"canonical\" href=\"https:\/\/cvinoticias.com\/v3\/la-realidad-desmiente-al-candidato-de-puerta-en-iguazu\/\" \/>\n<meta property=\"og:locale\" content=\"es_ES\" \/>\n<meta property=\"og:type\" content=\"article\" \/>\n<meta property=\"og:title\" content=\"La realidad desmiente al candidato de Puerta en Iguaz\u00fa | CVI NOTICIAS\" \/>\n<meta property=\"og:description\" content=\"En las \u00faltimas horas, el presidente de la C\u00e1mara de Comercio de Puerto Iguaz\u00fa Joaqu\u00edn Barreto realiz\u00f3 declaraciones pintando un panorama negro de la situaci\u00f3n comercial de dicha ciudad. El dirigente, vinculado al puertismo y posible candidato a intendente con apoyo del ex gobernador misionero, deline\u00f3 un escenario que no se condice con la actividad [&hellip;]\" \/>\n<meta property=\"og:url\" content=\"https:\/\/cvinoticias.com\/v3\/la-realidad-desmiente-al-candidato-de-puerta-en-iguazu\/\" \/>\n<meta property=\"og:site_name\" content=\"CVI NOTICIAS\" \/>\n<meta property=\"article:publisher\" content=\"https:\/\/www.facebook.com\/cvinoticias\" \/>\n<meta property=\"article:published_time\" content=\"2022-12-18T01:38:32+00:00\" \/>\n<meta property=\"og:image\" content=\"https:\/\/cvinoticias.com\/wp-content\/uploads\/2022\/12\/IMG-20221217-WA0209.jpg\" \/>\n\t<meta property=\"og:image:width\" content=\"1280\" \/>\n\t<meta property=\"og:image:height\" content=\"707\" \/>\n\t<meta property=\"og:image:type\" content=\"image\/jpeg\" \/>\n<meta name=\"author\" content=\"f1000024\" \/>\n<meta name=\"twitter:card\" content=\"summary_large_image\" \/>\n<meta name=\"twitter:label1\" content=\"Escrito por\" \/>\n\t<meta name=\"twitter:data1\" content=\"f1000024\" \/>\n\t<meta name=\"twitter:label2\" content=\"Tiempo de lectura\" \/>\n\t<meta name=\"twitter:data2\" content=\"2 minutos\" \/>\n<script type=\"application\/ld+json\" class=\"yoast-schema-graph\">{\"@context\":\"https:\\\/\\\/schema.org\",\"@graph\":[{\"@type\":\"Article\",\"@id\":\"https:\\\/\\\/cvinoticias.com\\\/v3\\\/la-realidad-desmiente-al-candidato-de-puerta-en-iguazu\\\/#article\",\"isPartOf\":{\"@id\":\"https:\\\/\\\/cvinoticias.com\\\/v3\\\/la-realidad-desmiente-al-candidato-de-puerta-en-iguazu\\\/\"},\"author\":{\"name\":\"f1000024\",\"@id\":\"https:\\\/\\\/cvinoticias.com\\\/v3\\\/#\\\/schema\\\/person\\\/2db77e3c6bc03c538495d7b2b8be9b66\"},\"headline\":\"La realidad desmiente al candidato de Puerta en Iguaz\u00fa\",\"datePublished\":\"2022-12-18T01:38:32+00:00\",\"mainEntityOfPage\":{\"@id\":\"https:\\\/\\\/cvinoticias.com\\\/v3\\\/la-realidad-desmiente-al-candidato-de-puerta-en-iguazu\\\/\"},\"wordCount\":318,\"commentCount\":0,\"publisher\":{\"@id\":\"https:\\\/\\\/cvinoticias.com\\\/v3\\\/#organization\"},\"image\":{\"@id\":\"https:\\\/\\\/cvinoticias.com\\\/v3\\\/la-realidad-desmiente-al-candidato-de-puerta-en-iguazu\\\/#primaryimage\"},\"thumbnailUrl\":\"https:\\\/\\\/cvinoticias.com\\\/wp-content\\\/uploads\\\/2022\\\/12\\\/IMG-20221217-WA0209.jpg\",\"articleSection\":[\"Politica\"],\"inLanguage\":\"es\",\"potentialAction\":[{\"@type\":\"CommentAction\",\"name\":\"Comment\",\"target\":[\"https:\\\/\\\/cvinoticias.com\\\/v3\\\/la-realidad-desmiente-al-candidato-de-puerta-en-iguazu\\\/#respond\"]}]},{\"@type\":\"WebPage\",\"@id\":\"https:\\\/\\\/cvinoticias.com\\\/v3\\\/la-realidad-desmiente-al-candidato-de-puerta-en-iguazu\\\/\",\"url\":\"https:\\\/\\\/cvinoticias.com\\\/v3\\\/la-realidad-desmiente-al-candidato-de-puerta-en-iguazu\\\/\",\"name\":\"La realidad desmiente al candidato de Puerta en Iguaz\u00fa | CVI NOTICIAS\",\"isPartOf\":{\"@id\":\"https:\\\/\\\/cvinoticias.com\\\/v3\\\/#website\"},\"primaryImageOfPage\":{\"@id\":\"https:\\\/\\\/cvinoticias.com\\\/v3\\\/la-realidad-desmiente-al-candidato-de-puerta-en-iguazu\\\/#primaryimage\"},\"image\":{\"@id\":\"https:\\\/\\\/cvinoticias.com\\\/v3\\\/la-realidad-desmiente-al-candidato-de-puerta-en-iguazu\\\/#primaryimage\"},\"thumbnailUrl\":\"https:\\\/\\\/cvinoticias.com\\\/wp-content\\\/uploads\\\/2022\\\/12\\\/IMG-20221217-WA0209.jpg\",\"datePublished\":\"2022-12-18T01:38:32+00:00\",\"breadcrumb\":{\"@id\":\"https:\\\/\\\/cvinoticias.com\\\/v3\\\/la-realidad-desmiente-al-candidato-de-puerta-en-iguazu\\\/#breadcrumb\"},\"inLanguage\":\"es\",\"potentialAction\":[{\"@type\":\"ReadAction\",\"target\":[\"https:\\\/\\\/cvinoticias.com\\\/v3\\\/la-realidad-desmiente-al-candidato-de-puerta-en-iguazu\\\/\"]}]},{\"@type\":\"ImageObject\",\"inLanguage\":\"es\",\"@id\":\"https:\\\/\\\/cvinoticias.com\\\/v3\\\/la-realidad-desmiente-al-candidato-de-puerta-en-iguazu\\\/#primaryimage\",\"url\":\"https:\\\/\\\/cvinoticias.com\\\/wp-content\\\/uploads\\\/2022\\\/12\\\/IMG-20221217-WA0209.jpg\",\"contentUrl\":\"https:\\\/\\\/cvinoticias.com\\\/wp-content\\\/uploads\\\/2022\\\/12\\\/IMG-20221217-WA0209.jpg\",\"width\":1280,\"height\":707},{\"@type\":\"BreadcrumbList\",\"@id\":\"https:\\\/\\\/cvinoticias.com\\\/v3\\\/la-realidad-desmiente-al-candidato-de-puerta-en-iguazu\\\/#breadcrumb\",\"itemListElement\":[{\"@type\":\"ListItem\",\"position\":1,\"name\":\"Portada\",\"item\":\"https:\\\/\\\/cvinoticias.com\\\/v3\\\/\"},{\"@type\":\"ListItem\",\"position\":2,\"name\":\"La realidad desmiente al candidato de Puerta en Iguaz\u00fa\"}]},{\"@type\":\"WebSite\",\"@id\":\"https:\\\/\\\/cvinoticias.com\\\/v3\\\/#website\",\"url\":\"https:\\\/\\\/cvinoticias.com\\\/v3\\\/\",\"name\":\"CVI NOTICIAS\",\"description\":\"\",\"publisher\":{\"@id\":\"https:\\\/\\\/cvinoticias.com\\\/v3\\\/#organization\"},\"alternateName\":\"CVI\",\"potentialAction\":[{\"@type\":\"SearchAction\",\"target\":{\"@type\":\"EntryPoint\",\"urlTemplate\":\"https:\\\/\\\/cvinoticias.com\\\/v3\\\/?s={search_term_string}\"},\"query-input\":{\"@type\":\"PropertyValueSpecification\",\"valueRequired\":true,\"valueName\":\"search_term_string\"}}],\"inLanguage\":\"es\"},{\"@type\":\"Organization\",\"@id\":\"https:\\\/\\\/cvinoticias.com\\\/v3\\\/#organization\",\"name\":\"CVI NOTICIAS\",\"url\":\"https:\\\/\\\/cvinoticias.com\\\/v3\\\/\",\"logo\":{\"@type\":\"ImageObject\",\"inLanguage\":\"es\",\"@id\":\"https:\\\/\\\/cvinoticias.com\\\/v3\\\/#\\\/schema\\\/logo\\\/image\\\/\",\"url\":\"https:\\\/\\\/cvinoticias.com\\\/wp-content\\\/uploads\\\/2023\\\/04\\\/cropped-cropped-cropped-cropped-cropped-3-1.png\",\"contentUrl\":\"https:\\\/\\\/cvinoticias.com\\\/wp-content\\\/uploads\\\/2023\\\/04\\\/cropped-cropped-cropped-cropped-cropped-3-1.png\",\"width\":95,\"height\":122,\"caption\":\"CVI NOTICIAS\"},\"image\":{\"@id\":\"https:\\\/\\\/cvinoticias.com\\\/v3\\\/#\\\/schema\\\/logo\\\/image\\\/\"},\"sameAs\":[\"https:\\\/\\\/www.facebook.com\\\/cvinoticias\",\"https:\\\/\\\/www.instagram.com\\\/cvinoticias\\\/\",\"https:\\\/\\\/www.youtube.com\\\/@CVINOTICIAS\"]},{\"@type\":\"Person\",\"@id\":\"https:\\\/\\\/cvinoticias.com\\\/v3\\\/#\\\/schema\\\/person\\\/2db77e3c6bc03c538495d7b2b8be9b66\",\"name\":\"f1000024\",\"image\":{\"@type\":\"ImageObject\",\"inLanguage\":\"es\",\"@id\":\"https:\\\/\\\/secure.gravatar.com\\\/avatar\\\/d4fe7459cfc51ff5129ce1a732bbef5928568b8092d412ef95611616376bbeed?s=96&d=mm&r=g\",\"url\":\"https:\\\/\\\/secure.gravatar.com\\\/avatar\\\/d4fe7459cfc51ff5129ce1a732bbef5928568b8092d412ef95611616376bbeed?s=96&d=mm&r=g\",\"contentUrl\":\"https:\\\/\\\/secure.gravatar.com\\\/avatar\\\/d4fe7459cfc51ff5129ce1a732bbef5928568b8092d412ef95611616376bbeed?s=96&d=mm&r=g\",\"caption\":\"f1000024\"},\"url\":\"https:\\\/\\\/cvinoticias.com\\\/v3\\\/author\\\/f1000024\\\/\"}]}<\/script>\n<!-- \/ Yoast SEO plugin. -->","yoast_head_json":{"title":"La realidad desmiente al candidato de Puerta en Iguaz\u00fa | CVI NOTICIAS","robots":{"index":"index","follow":"follow","max-snippet":"max-snippet:-1","max-image-preview":"max-image-preview:large","max-video-preview":"max-video-preview:-1"},"canonical":"https:\/\/cvinoticias.com\/v3\/la-realidad-desmiente-al-candidato-de-puerta-en-iguazu\/","og_locale":"es_ES","og_type":"article","og_title":"La realidad desmiente al candidato de Puerta en Iguaz\u00fa | CVI NOTICIAS","og_description":"En las \u00faltimas horas, el presidente de la C\u00e1mara de Comercio de Puerto Iguaz\u00fa Joaqu\u00edn Barreto realiz\u00f3 declaraciones pintando un panorama negro de la situaci\u00f3n comercial de dicha ciudad. El dirigente, vinculado al puertismo y posible candidato a intendente con apoyo del ex gobernador misionero, deline\u00f3 un escenario que no se condice con la actividad [&hellip;]","og_url":"https:\/\/cvinoticias.com\/v3\/la-realidad-desmiente-al-candidato-de-puerta-en-iguazu\/","og_site_name":"CVI NOTICIAS","article_publisher":"https:\/\/www.facebook.com\/cvinoticias","article_published_time":"2022-12-18T01:38:32+00:00","og_image":[{"width":1280,"height":707,"url":"https:\/\/cvinoticias.com\/wp-content\/uploads\/2022\/12\/IMG-20221217-WA0209.jpg","type":"image\/jpeg"}],"author":"f1000024","twitter_card":"summary_large_image","twitter_misc":{"Escrito por":"f1000024","Tiempo de lectura":"2 minutos"},"schema":{"@context":"https:\/\/schema.org","@graph":[{"@type":"Article","@id":"https:\/\/cvinoticias.com\/v3\/la-realidad-desmiente-al-candidato-de-puerta-en-iguazu\/#article","isPartOf":{"@id":"https:\/\/cvinoticias.com\/v3\/la-realidad-desmiente-al-candidato-de-puerta-en-iguazu\/"},"author":{"name":"f1000024","@id":"https:\/\/cvinoticias.com\/v3\/#\/schema\/person\/2db77e3c6bc03c538495d7b2b8be9b66"},"headline":"La realidad desmiente al candidato de Puerta en Iguaz\u00fa","datePublished":"2022-12-18T01:38:32+00:00","mainEntityOfPage":{"@id":"https:\/\/cvinoticias.com\/v3\/la-realidad-desmiente-al-candidato-de-puerta-en-iguazu\/"},"wordCount":318,"commentCount":0,"publisher":{"@id":"https:\/\/cvinoticias.com\/v3\/#organization"},"image":{"@id":"https:\/\/cvinoticias.com\/v3\/la-realidad-desmiente-al-candidato-de-puerta-en-iguazu\/#primaryimage"},"thumbnailUrl":"https:\/\/cvinoticias.com\/wp-content\/uploads\/2022\/12\/IMG-20221217-WA0209.jpg","articleSection":["Politica"],"inLanguage":"es","potentialAction":[{"@type":"CommentAction","name":"Comment","target":["https:\/\/cvinoticias.com\/v3\/la-realidad-desmiente-al-candidato-de-puerta-en-iguazu\/#respond"]}]},{"@type":"WebPage","@id":"https:\/\/cvinoticias.com\/v3\/la-realidad-desmiente-al-candidato-de-puerta-en-iguazu\/","url":"https:\/\/cvinoticias.com\/v3\/la-realidad-desmiente-al-candidato-de-puerta-en-iguazu\/","name":"La realidad desmiente al candidato de Puerta en Iguaz\u00fa | CVI NOTICIAS","isPartOf":{"@id":"https:\/\/cvinoticias.com\/v3\/#website"},"primaryImageOfPage":{"@id":"https:\/\/cvinoticias.com\/v3\/la-realidad-desmiente-al-candidato-de-puerta-en-iguazu\/#primaryimage"},"image":{"@id":"https:\/\/cvinoticias.com\/v3\/la-realidad-desmiente-al-candidato-de-puerta-en-iguazu\/#primaryimage"},"thumbnailUrl":"https:\/\/cvinoticias.com\/wp-content\/uploads\/2022\/12\/IMG-20221217-WA0209.jpg","datePublished":"2022-12-18T01:38:32+00:00","breadcrumb":{"@id":"https:\/\/cvinoticias.com\/v3\/la-realidad-desmiente-al-candidato-de-puerta-en-iguazu\/#breadcrumb"},"inLanguage":"es","potentialAction":[{"@type":"ReadAction","target":["https:\/\/cvinoticias.com\/v3\/la-realidad-desmiente-al-candidato-de-puerta-en-iguazu\/"]}]},{"@type":"ImageObject","inLanguage":"es","@id":"https:\/\/cvinoticias.com\/v3\/la-realidad-desmiente-al-candidato-de-puerta-en-iguazu\/#primaryimage","url":"https:\/\/cvinoticias.com\/wp-content\/uploads\/2022\/12\/IMG-20221217-WA0209.jpg","contentUrl":"https:\/\/cvinoticias.com\/wp-content\/uploads\/2022\/12\/IMG-20221217-WA0209.jpg","width":1280,"height":707},{"@type":"BreadcrumbList","@id":"https:\/\/cvinoticias.com\/v3\/la-realidad-desmiente-al-candidato-de-puerta-en-iguazu\/#breadcrumb","itemListElement":[{"@type":"ListItem","position":1,"name":"Portada","item":"https:\/\/cvinoticias.com\/v3\/"},{"@type":"ListItem","position":2,"name":"La realidad desmiente al candidato de Puerta en Iguaz\u00fa"}]},{"@type":"WebSite","@id":"https:\/\/cvinoticias.com\/v3\/#website","url":"https:\/\/cvinoticias.com\/v3\/","name":"CVI NOTICIAS","description":"","publisher":{"@id":"https:\/\/cvinoticias.com\/v3\/#organization"},"alternateName":"CVI","potentialAction":[{"@type":"SearchAction","target":{"@type":"EntryPoint","urlTemplate":"https:\/\/cvinoticias.com\/v3\/?s={search_term_string}"},"query-input":{"@type":"PropertyValueSpecification","valueRequired":true,"valueName":"search_term_string"}}],"inLanguage":"es"},{"@type":"Organization","@id":"https:\/\/cvinoticias.com\/v3\/#organization","name":"CVI NOTICIAS","url":"https:\/\/cvinoticias.com\/v3\/","logo":{"@type":"ImageObject","inLanguage":"es","@id":"https:\/\/cvinoticias.com\/v3\/#\/schema\/logo\/image\/","url":"https:\/\/cvinoticias.com\/wp-content\/uploads\/2023\/04\/cropped-cropped-cropped-cropped-cropped-3-1.png","contentUrl":"https:\/\/cvinoticias.com\/wp-content\/uploads\/2023\/04\/cropped-cropped-cropped-cropped-cropped-3-1.png","width":95,"height":122,"caption":"CVI NOTICIAS"},"image":{"@id":"https:\/\/cvinoticias.com\/v3\/#\/schema\/logo\/image\/"},"sameAs":["https:\/\/www.facebook.com\/cvinoticias","https:\/\/www.instagram.com\/cvinoticias\/","https:\/\/www.youtube.com\/@CVINOTICIAS"]},{"@type":"Person","@id":"https:\/\/cvinoticias.com\/v3\/#\/schema\/person\/2db77e3c6bc03c538495d7b2b8be9b66","name":"f1000024","image":{"@type":"ImageObject","inLanguage":"es","@id":"https:\/\/secure.gravatar.com\/avatar\/d4fe7459cfc51ff5129ce1a732bbef5928568b8092d412ef95611616376bbeed?s=96&d=mm&r=g","url":"https:\/\/secure.gravatar.com\/avatar\/d4fe7459cfc51ff5129ce1a732bbef5928568b8092d412ef95611616376bbeed?s=96&d=mm&r=g","contentUrl":"https:\/\/secure.gravatar.com\/avatar\/d4fe7459cfc51ff5129ce1a732bbef5928568b8092d412ef95611616376bbeed?s=96&d=mm&r=g","caption":"f1000024"},"url":"https:\/\/cvinoticias.com\/v3\/author\/f1000024\/"}]}},"_links":{"self":[{"href":"https:\/\/cvinoticias.com\/v3\/wp-json\/wp\/v2\/posts\/21274","targetHints":{"allow":["GET"]}}],"collection":[{"href":"https:\/\/cvinoticias.com\/v3\/wp-json\/wp\/v2\/posts"}],"about":[{"href":"https:\/\/cvinoticias.com\/v3\/wp-json\/wp\/v2\/types\/post"}],"author":[{"embeddable":true,"href":"https:\/\/cvinoticias.com\/v3\/wp-json\/wp\/v2\/users\/2"}],"replies":[{"embeddable":true,"href":"https:\/\/cvinoticias.com\/v3\/wp-json\/wp\/v2\/comments?post=21274"}],"version-history":[{"count":1,"href":"https:\/\/cvinoticias.com\/v3\/wp-json\/wp\/v2\/posts\/21274\/revisions"}],"predecessor-version":[{"id":21276,"href":"https:\/\/cvinoticias.com\/v3\/wp-json\/wp\/v2\/posts\/21274\/revisions\/21276"}],"wp:featuredmedia":[{"embeddable":true,"href":"https:\/\/cvinoticias.com\/v3\/wp-json\/wp\/v2\/media\/21275"}],"wp:attachment":[{"href":"https:\/\/cvinoticias.com\/v3\/wp-json\/wp\/v2\/media?parent=21274"}],"wp:term":[{"taxonomy":"category","embeddable":true,"href":"https:\/\/cvinoticias.com\/v3\/wp-json\/wp\/v2\/categories?post=21274"},{"taxonomy":"post_tag","embeddable":true,"href":"https:\/\/cvinoticias.com\/v3\/wp-json\/wp\/v2\/tags?post=21274"}],"curies":[{"name":"wp","href":"https:\/\/api.w.org\/{rel}","templated":true}]}}