{"id":21247,"date":"2022-12-16T12:01:16","date_gmt":"2022-12-16T12:01:16","guid":{"rendered":"https:\/\/cvinoticias.com\/v3\/?p=21247"},"modified":"2022-12-16T12:01:16","modified_gmt":"2022-12-16T12:01:16","slug":"rodriguez-larreta-con-schiavoni-y-ratier-dirigentes-de-misiones-y-de-todo-el-pais-en-un-nuevo-encuentro-federal-de-cara-al-2023","status":"publish","type":"post","link":"https:\/\/cvinoticias.com\/v3\/rodriguez-larreta-con-schiavoni-y-ratier-dirigentes-de-misiones-y-de-todo-el-pais-en-un-nuevo-encuentro-federal-de-cara-al-2023\/","title":{"rendered":"Rodr\u00edguez Larreta con Schiavoni y Ratier, dirigentes de Misiones y de todo el pa\u00eds en un nuevo encuentro federal de cara al 2023"},"content":{"rendered":"\n<p><strong><em>Bajo el lema \u201cJuntos vamos a transformar la Argentina\u201d, el jefe de Gobierno de la Ciudad de Buenos Aires, Horacio Rodr\u00edguez Larreta; el diputado nacional por Misiones Alfredo Schiavoni y el diputado provincial Jorge Ratier, reunieron a dirigentes pol\u00edticos de esa provincia con referentes de todo el pa\u00eds en un nuevo encuentro federal de cara al a\u00f1o electoral 2023.<\/em><\/strong><\/p>\n\n\n\n<p>La convocatoria fue esta tarde en la Ciudad de Buenos Aires y reuni\u00f3 a referentes de todo el pa\u00eds entre senadores, diputados, intendentes, presidentes de partido y legisladores provinciales del PRO y de partidos aliados de provincias. Sumado a colaboradores y militantes, el encuentro convoc\u00f3 en total a unas 5000 personas.<\/p>\n\n\n\n<p>\u201cEn 2021 ganamos en todo el pa\u00eds gracias al laburo de cada uno de ustedes, que no aflojaron nunca, que pusieron la cara en los territorios m\u00e1s dif\u00edciles, contra las agresiones, las amenazas y los aprietes\u201d afirm\u00f3 Rodr\u00edguez Larreta, frente a los 5000 presentes en el predio de Costa Salguero, donde se realiz\u00f3 el encuentro.<\/p>\n\n\n\n<p>\u201cLos gobernadores est\u00e1n nerviosos, buscando todas las trampas posibles para no perder. Por eso desdoblan, sacan las PASO, ponen ley de lemas, tienen acoples y qu\u00e9 s\u00e9 yo cu\u00e1ntas cosas m\u00e1s.\u201d<\/p>\n\n\n\n<p>\u201cEst\u00e1n nerviosos y tienen raz\u00f3n. Saben que vamos a ganar aunque nos cambien las reglas de juego, aunque hagan trampa y nos inclinen la cancha\u201d agreg\u00f3 Larreta.<\/p>\n\n\n\n<p>\u201cVoy a terminar el a\u00f1o habiendo recorrido todas las provincias argentinas para escuchar y aprender de lo que pasa y se necesita en cada lugar. Y el a\u00f1o que viene voy a hacer lo mismo. Voy a poner el cuerpo, el esfuerzo y el apoyo necesario en cada elecci\u00f3n provincial para ganar en cada una de las provincias y que desde ah\u00ed podamos apuntalar la transformaci\u00f3n del pa\u00eds.\u201d<\/p>\n\n\n\n<figure class=\"wp-block-image size-large\"><a href=\"https:\/\/cvinoticias.com\/wp-content\/uploads\/2022\/12\/IMG-20221216-WA0045.jpg\"><img decoding=\"async\" width=\"1024\" height=\"681\" data-src=\"https:\/\/cvinoticias.com\/wp-content\/uploads\/2022\/12\/IMG-20221216-WA0045-1024x681.jpg\" alt=\"\" class=\"wp-image-21248 lazyload\" data-srcset=\"https:\/\/cvinoticias.com\/wp-content\/uploads\/2022\/12\/IMG-20221216-WA0045-1024x681.jpg 1024w, https:\/\/cvinoticias.com\/wp-content\/uploads\/2022\/12\/IMG-20221216-WA0045-300x199.jpg 300w, https:\/\/cvinoticias.com\/wp-content\/uploads\/2022\/12\/IMG-20221216-WA0045-768x511.jpg 768w, https:\/\/cvinoticias.com\/wp-content\/uploads\/2022\/12\/IMG-20221216-WA0045.jpg 1280w\" data-sizes=\"(max-width: 1024px) 100vw, 1024px\" src=\"data:image\/svg+xml;base64,PHN2ZyB3aWR0aD0iMSIgaGVpZ2h0PSIxIiB4bWxucz0iaHR0cDovL3d3dy53My5vcmcvMjAwMC9zdmciPjwvc3ZnPg==\" style=\"--smush-placeholder-width: 1024px; --smush-placeholder-aspect-ratio: 1024\/681;\" \/><\/a><\/figure>\n\n\n\n<p>\u201cHay que ganar, para llegar al poder, pero para poder hacer las cosas, generar trabajo, cambiar. Argentina necesita un cambio profundo, no maquillaje. Un cambio r\u00e1pido e integral, porque no existen las medidas m\u00e1gicas. Un cambio que dure de una vez por todas, que se mantenga en el tiempo. Para eso necesitamos un consenso m\u00e1s amplio.\u201d<\/p>\n\n\n\n<p>\u201cSeamos parte de la generaci\u00f3n del 23 que va a sacar la Argentina adelante, de esa generaci\u00f3n que siente las bases para que Argentina crezca durante 30 a\u00f1os que cambie nuestro pa\u00eds para siempre\u201d cerr\u00f3 el mandatario.<\/p>\n\n\n\n<p>Entre los participantes tambi\u00e9n estuvieron: Diego Santilli, diputado nacional por la Provincia de Buenos Aires; Omar De Marchi, diputado nacional por Mendoza; Rogelio Frigerio, diputado nacional por Entre R\u00edos; Luis Juez, senador nacional por C\u00f3rdoba; Germ\u00e1n Alfaro, intendente de San Miguel de Tucum\u00e1n; Nacho Torres, senador nacional por Chubut; Claudio Poggi, diputado nacional por San Luis; Mart\u00edn Maquieyra, diputado nacional por La Pampa; Felipe \u00c1lvarez, diputado nacional por La Rioja; Marcelo Orrego, diputado nacional por San Juan; Gabriela Neme, diputada provincial de Formosa; An\u00edbal Tortoriello, diputado nacional por R\u00edo Negro; Leticia Esteves, diputada provincial, y Marcelo Berm\u00fadez, presidente del PRO provincial, por Neuqu\u00e9n; Gabriel Chumpitaz, diputado nacional por Santa Fe; Rub\u00e9n Manzi, diputado nacional, Enrique Cesarini, diputado provincial, y Carlos Molina, presidente del PRO provincial, por Catamarca; Jos\u00e9 Mar\u00eda Carambia, intendente del municipio de Las Heras de Santa Cruz; Flavio Serra, presidente del PRO de Corrientes; Lucas Figueras, referente del PRO provincial, y Maril\u00fa Quiroz, diputada nacional, por Chaco; Facundo P\u00e9rez Carletti, concejal, por Santiago del Estero; Carlos Zapata por Salta; y Jorge Hiruela, presidente de la Fundaci\u00f3n Pensar de Jujuy. Por la Ciudad de Buenos Aires estuvieron Soledad Acu\u00f1a, Emmanuel Ferrario, Jorge Macri y Fern\u00e1n Quir\u00f3s.<\/p>\n\n\n\n<p>El \u00faltimo encuentro federal convocado por Rodr\u00edguez Larreta hab\u00eda sido el 15 de septiembre. En esa ocasi\u00f3n la agenda estuvo enfocada en la situaci\u00f3n econ\u00f3mica del pa\u00eds y en el armado de un plan para generar trabajo, aumentar la producci\u00f3n y expandir la capacidad exportadora de la Argentina; cont\u00f3 con la participaci\u00f3n del ex ministro de la Naci\u00f3n, Hern\u00e1n Lacunza.<\/p>\n\n\n\n<figure class=\"wp-block-image size-large\"><a href=\"https:\/\/cvinoticias.com\/wp-content\/uploads\/2022\/12\/IMG-20221216-WA0042.jpg\"><img decoding=\"async\" width=\"1024\" height=\"681\" data-src=\"https:\/\/cvinoticias.com\/wp-content\/uploads\/2022\/12\/IMG-20221216-WA0042-1024x681.jpg\" alt=\"\" class=\"wp-image-21249 lazyload\" data-srcset=\"https:\/\/cvinoticias.com\/wp-content\/uploads\/2022\/12\/IMG-20221216-WA0042-1024x681.jpg 1024w, https:\/\/cvinoticias.com\/wp-content\/uploads\/2022\/12\/IMG-20221216-WA0042-300x199.jpg 300w, https:\/\/cvinoticias.com\/wp-content\/uploads\/2022\/12\/IMG-20221216-WA0042-768x511.jpg 768w, https:\/\/cvinoticias.com\/wp-content\/uploads\/2022\/12\/IMG-20221216-WA0042.jpg 1280w\" data-sizes=\"(max-width: 1024px) 100vw, 1024px\" src=\"data:image\/svg+xml;base64,PHN2ZyB3aWR0aD0iMSIgaGVpZ2h0PSIxIiB4bWxucz0iaHR0cDovL3d3dy53My5vcmcvMjAwMC9zdmciPjwvc3ZnPg==\" style=\"--smush-placeholder-width: 1024px; --smush-placeholder-aspect-ratio: 1024\/681;\" \/><\/a><\/figure>\n\n\n\n<p>Rodr\u00edguez Larreta estuvo este a\u00f1o una vez en Misiones. En total recorri\u00f3, a lo largo de 2023, 41 ciudades de 21 provincias del pa\u00eds; adem\u00e1s recorri\u00f3 25 distritos del conurbano bonaerense. A lo largo del a\u00f1o se reuni\u00f3 con dirigentes, productores, comerciantes, vecinos, empresarios de grandes y peque\u00f1as y medianas empresas, emprendedores, l\u00edderes religiosos, referentes sociales, j\u00f3venes, padres organizados; visit\u00f3 ferias, centros urbanos, f\u00e1bricas, campos, centros de apoyo y comunitarios; todo con el objetivo de escuchar y conocer las distintas realidades a lo largo y ancho del territorio argentino.<\/p>\n\n\n\n<p>Durante enero de 2023, Larreta estar\u00e1 recorriendo la costa bonaerense y tiene previsto viajar a Misiones, C\u00f3rdoba, San Luis, La Pampa y Corrientes.<\/p>\n","protected":false},"excerpt":{"rendered":"<p>Bajo el lema \u201cJuntos vamos a transformar la Argentina\u201d, el jefe de Gobierno de la Ciudad de Buenos Aires, Horacio Rodr\u00edguez Larreta; el diputado nacional por Misiones Alfredo Schiavoni y el diputado provincial Jorge Ratier, reunieron a dirigentes pol\u00edticos de esa provincia con referentes de todo el pa\u00eds en un nuevo encuentro federal de cara [&hellip;]<\/p>\n","protected":false},"author":2,"featured_media":21250,"comment_status":"open","ping_status":"open","sticky":false,"template":"","format":"standard","meta":{"footnotes":""},"categories":[42],"tags":[],"class_list":["post-21247","post","type-post","status-publish","format-standard","has-post-thumbnail","hentry","category-politica"],"yoast_head":"<!-- This site is optimized with the Yoast SEO plugin v27.5 - https:\/\/yoast.com\/product\/yoast-seo-wordpress\/ -->\n<title>Rodr\u00edguez Larreta con Schiavoni y Ratier, dirigentes de Misiones y de todo el pa\u00eds en un nuevo encuentro federal de cara al 2023 | CVI NOTICIAS<\/title>\n<meta name=\"robots\" content=\"index, follow, max-snippet:-1, max-image-preview:large, max-video-preview:-1\" \/>\n<link rel=\"canonical\" href=\"https:\/\/cvinoticias.com\/v3\/rodriguez-larreta-con-schiavoni-y-ratier-dirigentes-de-misiones-y-de-todo-el-pais-en-un-nuevo-encuentro-federal-de-cara-al-2023\/\" \/>\n<meta property=\"og:locale\" content=\"es_ES\" \/>\n<meta property=\"og:type\" content=\"article\" \/>\n<meta property=\"og:title\" content=\"Rodr\u00edguez Larreta con Schiavoni y Ratier, dirigentes de Misiones y de todo el pa\u00eds en un nuevo encuentro federal de cara al 2023 | CVI NOTICIAS\" \/>\n<meta property=\"og:description\" content=\"Bajo el lema \u201cJuntos vamos a transformar la Argentina\u201d, el jefe de Gobierno de la Ciudad de Buenos Aires, Horacio Rodr\u00edguez Larreta; el diputado nacional por Misiones Alfredo Schiavoni y el diputado provincial Jorge Ratier, reunieron a dirigentes pol\u00edticos de esa provincia con referentes de todo el pa\u00eds en un nuevo encuentro federal de cara [&hellip;]\" \/>\n<meta property=\"og:url\" content=\"https:\/\/cvinoticias.com\/v3\/rodriguez-larreta-con-schiavoni-y-ratier-dirigentes-de-misiones-y-de-todo-el-pais-en-un-nuevo-encuentro-federal-de-cara-al-2023\/\" \/>\n<meta property=\"og:site_name\" content=\"CVI NOTICIAS\" \/>\n<meta property=\"article:publisher\" content=\"https:\/\/www.facebook.com\/cvinoticias\" \/>\n<meta property=\"article:published_time\" content=\"2022-12-16T12:01:16+00:00\" \/>\n<meta property=\"og:image\" content=\"https:\/\/cvinoticias.com\/wp-content\/uploads\/2022\/12\/IMG-20221216-WA0043.jpg\" \/>\n\t<meta property=\"og:image:width\" content=\"1280\" \/>\n\t<meta property=\"og:image:height\" content=\"903\" \/>\n\t<meta property=\"og:image:type\" content=\"image\/jpeg\" \/>\n<meta name=\"author\" content=\"f1000024\" \/>\n<meta name=\"twitter:card\" content=\"summary_large_image\" \/>\n<meta name=\"twitter:label1\" content=\"Escrito por\" \/>\n\t<meta name=\"twitter:data1\" content=\"f1000024\" \/>\n\t<meta name=\"twitter:label2\" content=\"Tiempo de lectura\" \/>\n\t<meta name=\"twitter:data2\" content=\"4 minutos\" \/>\n<script type=\"application\/ld+json\" class=\"yoast-schema-graph\">{\"@context\":\"https:\\\/\\\/schema.org\",\"@graph\":[{\"@type\":\"Article\",\"@id\":\"https:\\\/\\\/cvinoticias.com\\\/v3\\\/rodriguez-larreta-con-schiavoni-y-ratier-dirigentes-de-misiones-y-de-todo-el-pais-en-un-nuevo-encuentro-federal-de-cara-al-2023\\\/#article\",\"isPartOf\":{\"@id\":\"https:\\\/\\\/cvinoticias.com\\\/v3\\\/rodriguez-larreta-con-schiavoni-y-ratier-dirigentes-de-misiones-y-de-todo-el-pais-en-un-nuevo-encuentro-federal-de-cara-al-2023\\\/\"},\"author\":{\"name\":\"f1000024\",\"@id\":\"https:\\\/\\\/cvinoticias.com\\\/v3\\\/#\\\/schema\\\/person\\\/2db77e3c6bc03c538495d7b2b8be9b66\"},\"headline\":\"Rodr\u00edguez Larreta con Schiavoni y Ratier, dirigentes de Misiones y de todo el pa\u00eds en un nuevo encuentro federal de cara al 2023\",\"datePublished\":\"2022-12-16T12:01:16+00:00\",\"mainEntityOfPage\":{\"@id\":\"https:\\\/\\\/cvinoticias.com\\\/v3\\\/rodriguez-larreta-con-schiavoni-y-ratier-dirigentes-de-misiones-y-de-todo-el-pais-en-un-nuevo-encuentro-federal-de-cara-al-2023\\\/\"},\"wordCount\":828,\"commentCount\":0,\"publisher\":{\"@id\":\"https:\\\/\\\/cvinoticias.com\\\/v3\\\/#organization\"},\"image\":{\"@id\":\"https:\\\/\\\/cvinoticias.com\\\/v3\\\/rodriguez-larreta-con-schiavoni-y-ratier-dirigentes-de-misiones-y-de-todo-el-pais-en-un-nuevo-encuentro-federal-de-cara-al-2023\\\/#primaryimage\"},\"thumbnailUrl\":\"https:\\\/\\\/cvinoticias.com\\\/wp-content\\\/uploads\\\/2022\\\/12\\\/IMG-20221216-WA0043.jpg\",\"articleSection\":[\"Politica\"],\"inLanguage\":\"es\",\"potentialAction\":[{\"@type\":\"CommentAction\",\"name\":\"Comment\",\"target\":[\"https:\\\/\\\/cvinoticias.com\\\/v3\\\/rodriguez-larreta-con-schiavoni-y-ratier-dirigentes-de-misiones-y-de-todo-el-pais-en-un-nuevo-encuentro-federal-de-cara-al-2023\\\/#respond\"]}]},{\"@type\":\"WebPage\",\"@id\":\"https:\\\/\\\/cvinoticias.com\\\/v3\\\/rodriguez-larreta-con-schiavoni-y-ratier-dirigentes-de-misiones-y-de-todo-el-pais-en-un-nuevo-encuentro-federal-de-cara-al-2023\\\/\",\"url\":\"https:\\\/\\\/cvinoticias.com\\\/v3\\\/rodriguez-larreta-con-schiavoni-y-ratier-dirigentes-de-misiones-y-de-todo-el-pais-en-un-nuevo-encuentro-federal-de-cara-al-2023\\\/\",\"name\":\"Rodr\u00edguez Larreta con Schiavoni y Ratier, dirigentes de Misiones y de todo el pa\u00eds en un nuevo encuentro federal de cara al 2023 | CVI NOTICIAS\",\"isPartOf\":{\"@id\":\"https:\\\/\\\/cvinoticias.com\\\/v3\\\/#website\"},\"primaryImageOfPage\":{\"@id\":\"https:\\\/\\\/cvinoticias.com\\\/v3\\\/rodriguez-larreta-con-schiavoni-y-ratier-dirigentes-de-misiones-y-de-todo-el-pais-en-un-nuevo-encuentro-federal-de-cara-al-2023\\\/#primaryimage\"},\"image\":{\"@id\":\"https:\\\/\\\/cvinoticias.com\\\/v3\\\/rodriguez-larreta-con-schiavoni-y-ratier-dirigentes-de-misiones-y-de-todo-el-pais-en-un-nuevo-encuentro-federal-de-cara-al-2023\\\/#primaryimage\"},\"thumbnailUrl\":\"https:\\\/\\\/cvinoticias.com\\\/wp-content\\\/uploads\\\/2022\\\/12\\\/IMG-20221216-WA0043.jpg\",\"datePublished\":\"2022-12-16T12:01:16+00:00\",\"breadcrumb\":{\"@id\":\"https:\\\/\\\/cvinoticias.com\\\/v3\\\/rodriguez-larreta-con-schiavoni-y-ratier-dirigentes-de-misiones-y-de-todo-el-pais-en-un-nuevo-encuentro-federal-de-cara-al-2023\\\/#breadcrumb\"},\"inLanguage\":\"es\",\"potentialAction\":[{\"@type\":\"ReadAction\",\"target\":[\"https:\\\/\\\/cvinoticias.com\\\/v3\\\/rodriguez-larreta-con-schiavoni-y-ratier-dirigentes-de-misiones-y-de-todo-el-pais-en-un-nuevo-encuentro-federal-de-cara-al-2023\\\/\"]}]},{\"@type\":\"ImageObject\",\"inLanguage\":\"es\",\"@id\":\"https:\\\/\\\/cvinoticias.com\\\/v3\\\/rodriguez-larreta-con-schiavoni-y-ratier-dirigentes-de-misiones-y-de-todo-el-pais-en-un-nuevo-encuentro-federal-de-cara-al-2023\\\/#primaryimage\",\"url\":\"https:\\\/\\\/cvinoticias.com\\\/wp-content\\\/uploads\\\/2022\\\/12\\\/IMG-20221216-WA0043.jpg\",\"contentUrl\":\"https:\\\/\\\/cvinoticias.com\\\/wp-content\\\/uploads\\\/2022\\\/12\\\/IMG-20221216-WA0043.jpg\",\"width\":1280,\"height\":903},{\"@type\":\"BreadcrumbList\",\"@id\":\"https:\\\/\\\/cvinoticias.com\\\/v3\\\/rodriguez-larreta-con-schiavoni-y-ratier-dirigentes-de-misiones-y-de-todo-el-pais-en-un-nuevo-encuentro-federal-de-cara-al-2023\\\/#breadcrumb\",\"itemListElement\":[{\"@type\":\"ListItem\",\"position\":1,\"name\":\"Portada\",\"item\":\"https:\\\/\\\/cvinoticias.com\\\/v3\\\/\"},{\"@type\":\"ListItem\",\"position\":2,\"name\":\"Rodr\u00edguez Larreta con Schiavoni y Ratier, dirigentes de Misiones y de todo el pa\u00eds en un nuevo encuentro federal de cara al 2023\"}]},{\"@type\":\"WebSite\",\"@id\":\"https:\\\/\\\/cvinoticias.com\\\/v3\\\/#website\",\"url\":\"https:\\\/\\\/cvinoticias.com\\\/v3\\\/\",\"name\":\"CVI NOTICIAS\",\"description\":\"\",\"publisher\":{\"@id\":\"https:\\\/\\\/cvinoticias.com\\\/v3\\\/#organization\"},\"alternateName\":\"CVI\",\"potentialAction\":[{\"@type\":\"SearchAction\",\"target\":{\"@type\":\"EntryPoint\",\"urlTemplate\":\"https:\\\/\\\/cvinoticias.com\\\/v3\\\/?s={search_term_string}\"},\"query-input\":{\"@type\":\"PropertyValueSpecification\",\"valueRequired\":true,\"valueName\":\"search_term_string\"}}],\"inLanguage\":\"es\"},{\"@type\":\"Organization\",\"@id\":\"https:\\\/\\\/cvinoticias.com\\\/v3\\\/#organization\",\"name\":\"CVI NOTICIAS\",\"url\":\"https:\\\/\\\/cvinoticias.com\\\/v3\\\/\",\"logo\":{\"@type\":\"ImageObject\",\"inLanguage\":\"es\",\"@id\":\"https:\\\/\\\/cvinoticias.com\\\/v3\\\/#\\\/schema\\\/logo\\\/image\\\/\",\"url\":\"https:\\\/\\\/cvinoticias.com\\\/wp-content\\\/uploads\\\/2023\\\/04\\\/cropped-cropped-cropped-cropped-cropped-3-1.png\",\"contentUrl\":\"https:\\\/\\\/cvinoticias.com\\\/wp-content\\\/uploads\\\/2023\\\/04\\\/cropped-cropped-cropped-cropped-cropped-3-1.png\",\"width\":95,\"height\":122,\"caption\":\"CVI NOTICIAS\"},\"image\":{\"@id\":\"https:\\\/\\\/cvinoticias.com\\\/v3\\\/#\\\/schema\\\/logo\\\/image\\\/\"},\"sameAs\":[\"https:\\\/\\\/www.facebook.com\\\/cvinoticias\",\"https:\\\/\\\/www.instagram.com\\\/cvinoticias\\\/\",\"https:\\\/\\\/www.youtube.com\\\/@CVINOTICIAS\"]},{\"@type\":\"Person\",\"@id\":\"https:\\\/\\\/cvinoticias.com\\\/v3\\\/#\\\/schema\\\/person\\\/2db77e3c6bc03c538495d7b2b8be9b66\",\"name\":\"f1000024\",\"image\":{\"@type\":\"ImageObject\",\"inLanguage\":\"es\",\"@id\":\"https:\\\/\\\/secure.gravatar.com\\\/avatar\\\/d4fe7459cfc51ff5129ce1a732bbef5928568b8092d412ef95611616376bbeed?s=96&d=mm&r=g\",\"url\":\"https:\\\/\\\/secure.gravatar.com\\\/avatar\\\/d4fe7459cfc51ff5129ce1a732bbef5928568b8092d412ef95611616376bbeed?s=96&d=mm&r=g\",\"contentUrl\":\"https:\\\/\\\/secure.gravatar.com\\\/avatar\\\/d4fe7459cfc51ff5129ce1a732bbef5928568b8092d412ef95611616376bbeed?s=96&d=mm&r=g\",\"caption\":\"f1000024\"},\"url\":\"https:\\\/\\\/cvinoticias.com\\\/v3\\\/author\\\/f1000024\\\/\"}]}<\/script>\n<!-- \/ Yoast SEO plugin. -->","yoast_head_json":{"title":"Rodr\u00edguez Larreta con Schiavoni y Ratier, dirigentes de Misiones y de todo el pa\u00eds en un nuevo encuentro federal de cara al 2023 | CVI NOTICIAS","robots":{"index":"index","follow":"follow","max-snippet":"max-snippet:-1","max-image-preview":"max-image-preview:large","max-video-preview":"max-video-preview:-1"},"canonical":"https:\/\/cvinoticias.com\/v3\/rodriguez-larreta-con-schiavoni-y-ratier-dirigentes-de-misiones-y-de-todo-el-pais-en-un-nuevo-encuentro-federal-de-cara-al-2023\/","og_locale":"es_ES","og_type":"article","og_title":"Rodr\u00edguez Larreta con Schiavoni y Ratier, dirigentes de Misiones y de todo el pa\u00eds en un nuevo encuentro federal de cara al 2023 | CVI NOTICIAS","og_description":"Bajo el lema \u201cJuntos vamos a transformar la Argentina\u201d, el jefe de Gobierno de la Ciudad de Buenos Aires, Horacio Rodr\u00edguez Larreta; el diputado nacional por Misiones Alfredo Schiavoni y el diputado provincial Jorge Ratier, reunieron a dirigentes pol\u00edticos de esa provincia con referentes de todo el pa\u00eds en un nuevo encuentro federal de cara [&hellip;]","og_url":"https:\/\/cvinoticias.com\/v3\/rodriguez-larreta-con-schiavoni-y-ratier-dirigentes-de-misiones-y-de-todo-el-pais-en-un-nuevo-encuentro-federal-de-cara-al-2023\/","og_site_name":"CVI NOTICIAS","article_publisher":"https:\/\/www.facebook.com\/cvinoticias","article_published_time":"2022-12-16T12:01:16+00:00","og_image":[{"width":1280,"height":903,"url":"https:\/\/cvinoticias.com\/wp-content\/uploads\/2022\/12\/IMG-20221216-WA0043.jpg","type":"image\/jpeg"}],"author":"f1000024","twitter_card":"summary_large_image","twitter_misc":{"Escrito por":"f1000024","Tiempo de lectura":"4 minutos"},"schema":{"@context":"https:\/\/schema.org","@graph":[{"@type":"Article","@id":"https:\/\/cvinoticias.com\/v3\/rodriguez-larreta-con-schiavoni-y-ratier-dirigentes-de-misiones-y-de-todo-el-pais-en-un-nuevo-encuentro-federal-de-cara-al-2023\/#article","isPartOf":{"@id":"https:\/\/cvinoticias.com\/v3\/rodriguez-larreta-con-schiavoni-y-ratier-dirigentes-de-misiones-y-de-todo-el-pais-en-un-nuevo-encuentro-federal-de-cara-al-2023\/"},"author":{"name":"f1000024","@id":"https:\/\/cvinoticias.com\/v3\/#\/schema\/person\/2db77e3c6bc03c538495d7b2b8be9b66"},"headline":"Rodr\u00edguez Larreta con Schiavoni y Ratier, dirigentes de Misiones y de todo el pa\u00eds en un nuevo encuentro federal de cara al 2023","datePublished":"2022-12-16T12:01:16+00:00","mainEntityOfPage":{"@id":"https:\/\/cvinoticias.com\/v3\/rodriguez-larreta-con-schiavoni-y-ratier-dirigentes-de-misiones-y-de-todo-el-pais-en-un-nuevo-encuentro-federal-de-cara-al-2023\/"},"wordCount":828,"commentCount":0,"publisher":{"@id":"https:\/\/cvinoticias.com\/v3\/#organization"},"image":{"@id":"https:\/\/cvinoticias.com\/v3\/rodriguez-larreta-con-schiavoni-y-ratier-dirigentes-de-misiones-y-de-todo-el-pais-en-un-nuevo-encuentro-federal-de-cara-al-2023\/#primaryimage"},"thumbnailUrl":"https:\/\/cvinoticias.com\/wp-content\/uploads\/2022\/12\/IMG-20221216-WA0043.jpg","articleSection":["Politica"],"inLanguage":"es","potentialAction":[{"@type":"CommentAction","name":"Comment","target":["https:\/\/cvinoticias.com\/v3\/rodriguez-larreta-con-schiavoni-y-ratier-dirigentes-de-misiones-y-de-todo-el-pais-en-un-nuevo-encuentro-federal-de-cara-al-2023\/#respond"]}]},{"@type":"WebPage","@id":"https:\/\/cvinoticias.com\/v3\/rodriguez-larreta-con-schiavoni-y-ratier-dirigentes-de-misiones-y-de-todo-el-pais-en-un-nuevo-encuentro-federal-de-cara-al-2023\/","url":"https:\/\/cvinoticias.com\/v3\/rodriguez-larreta-con-schiavoni-y-ratier-dirigentes-de-misiones-y-de-todo-el-pais-en-un-nuevo-encuentro-federal-de-cara-al-2023\/","name":"Rodr\u00edguez Larreta con Schiavoni y Ratier, dirigentes de Misiones y de todo el pa\u00eds en un nuevo encuentro federal de cara al 2023 | CVI NOTICIAS","isPartOf":{"@id":"https:\/\/cvinoticias.com\/v3\/#website"},"primaryImageOfPage":{"@id":"https:\/\/cvinoticias.com\/v3\/rodriguez-larreta-con-schiavoni-y-ratier-dirigentes-de-misiones-y-de-todo-el-pais-en-un-nuevo-encuentro-federal-de-cara-al-2023\/#primaryimage"},"image":{"@id":"https:\/\/cvinoticias.com\/v3\/rodriguez-larreta-con-schiavoni-y-ratier-dirigentes-de-misiones-y-de-todo-el-pais-en-un-nuevo-encuentro-federal-de-cara-al-2023\/#primaryimage"},"thumbnailUrl":"https:\/\/cvinoticias.com\/wp-content\/uploads\/2022\/12\/IMG-20221216-WA0043.jpg","datePublished":"2022-12-16T12:01:16+00:00","breadcrumb":{"@id":"https:\/\/cvinoticias.com\/v3\/rodriguez-larreta-con-schiavoni-y-ratier-dirigentes-de-misiones-y-de-todo-el-pais-en-un-nuevo-encuentro-federal-de-cara-al-2023\/#breadcrumb"},"inLanguage":"es","potentialAction":[{"@type":"ReadAction","target":["https:\/\/cvinoticias.com\/v3\/rodriguez-larreta-con-schiavoni-y-ratier-dirigentes-de-misiones-y-de-todo-el-pais-en-un-nuevo-encuentro-federal-de-cara-al-2023\/"]}]},{"@type":"ImageObject","inLanguage":"es","@id":"https:\/\/cvinoticias.com\/v3\/rodriguez-larreta-con-schiavoni-y-ratier-dirigentes-de-misiones-y-de-todo-el-pais-en-un-nuevo-encuentro-federal-de-cara-al-2023\/#primaryimage","url":"https:\/\/cvinoticias.com\/wp-content\/uploads\/2022\/12\/IMG-20221216-WA0043.jpg","contentUrl":"https:\/\/cvinoticias.com\/wp-content\/uploads\/2022\/12\/IMG-20221216-WA0043.jpg","width":1280,"height":903},{"@type":"BreadcrumbList","@id":"https:\/\/cvinoticias.com\/v3\/rodriguez-larreta-con-schiavoni-y-ratier-dirigentes-de-misiones-y-de-todo-el-pais-en-un-nuevo-encuentro-federal-de-cara-al-2023\/#breadcrumb","itemListElement":[{"@type":"ListItem","position":1,"name":"Portada","item":"https:\/\/cvinoticias.com\/v3\/"},{"@type":"ListItem","position":2,"name":"Rodr\u00edguez Larreta con Schiavoni y Ratier, dirigentes de Misiones y de todo el pa\u00eds en un nuevo encuentro federal de cara al 2023"}]},{"@type":"WebSite","@id":"https:\/\/cvinoticias.com\/v3\/#website","url":"https:\/\/cvinoticias.com\/v3\/","name":"CVI NOTICIAS","description":"","publisher":{"@id":"https:\/\/cvinoticias.com\/v3\/#organization"},"alternateName":"CVI","potentialAction":[{"@type":"SearchAction","target":{"@type":"EntryPoint","urlTemplate":"https:\/\/cvinoticias.com\/v3\/?s={search_term_string}"},"query-input":{"@type":"PropertyValueSpecification","valueRequired":true,"valueName":"search_term_string"}}],"inLanguage":"es"},{"@type":"Organization","@id":"https:\/\/cvinoticias.com\/v3\/#organization","name":"CVI NOTICIAS","url":"https:\/\/cvinoticias.com\/v3\/","logo":{"@type":"ImageObject","inLanguage":"es","@id":"https:\/\/cvinoticias.com\/v3\/#\/schema\/logo\/image\/","url":"https:\/\/cvinoticias.com\/wp-content\/uploads\/2023\/04\/cropped-cropped-cropped-cropped-cropped-3-1.png","contentUrl":"https:\/\/cvinoticias.com\/wp-content\/uploads\/2023\/04\/cropped-cropped-cropped-cropped-cropped-3-1.png","width":95,"height":122,"caption":"CVI NOTICIAS"},"image":{"@id":"https:\/\/cvinoticias.com\/v3\/#\/schema\/logo\/image\/"},"sameAs":["https:\/\/www.facebook.com\/cvinoticias","https:\/\/www.instagram.com\/cvinoticias\/","https:\/\/www.youtube.com\/@CVINOTICIAS"]},{"@type":"Person","@id":"https:\/\/cvinoticias.com\/v3\/#\/schema\/person\/2db77e3c6bc03c538495d7b2b8be9b66","name":"f1000024","image":{"@type":"ImageObject","inLanguage":"es","@id":"https:\/\/secure.gravatar.com\/avatar\/d4fe7459cfc51ff5129ce1a732bbef5928568b8092d412ef95611616376bbeed?s=96&d=mm&r=g","url":"https:\/\/secure.gravatar.com\/avatar\/d4fe7459cfc51ff5129ce1a732bbef5928568b8092d412ef95611616376bbeed?s=96&d=mm&r=g","contentUrl":"https:\/\/secure.gravatar.com\/avatar\/d4fe7459cfc51ff5129ce1a732bbef5928568b8092d412ef95611616376bbeed?s=96&d=mm&r=g","caption":"f1000024"},"url":"https:\/\/cvinoticias.com\/v3\/author\/f1000024\/"}]}},"_links":{"self":[{"href":"https:\/\/cvinoticias.com\/v3\/wp-json\/wp\/v2\/posts\/21247","targetHints":{"allow":["GET"]}}],"collection":[{"href":"https:\/\/cvinoticias.com\/v3\/wp-json\/wp\/v2\/posts"}],"about":[{"href":"https:\/\/cvinoticias.com\/v3\/wp-json\/wp\/v2\/types\/post"}],"author":[{"embeddable":true,"href":"https:\/\/cvinoticias.com\/v3\/wp-json\/wp\/v2\/users\/2"}],"replies":[{"embeddable":true,"href":"https:\/\/cvinoticias.com\/v3\/wp-json\/wp\/v2\/comments?post=21247"}],"version-history":[{"count":1,"href":"https:\/\/cvinoticias.com\/v3\/wp-json\/wp\/v2\/posts\/21247\/revisions"}],"predecessor-version":[{"id":21251,"href":"https:\/\/cvinoticias.com\/v3\/wp-json\/wp\/v2\/posts\/21247\/revisions\/21251"}],"wp:featuredmedia":[{"embeddable":true,"href":"https:\/\/cvinoticias.com\/v3\/wp-json\/wp\/v2\/media\/21250"}],"wp:attachment":[{"href":"https:\/\/cvinoticias.com\/v3\/wp-json\/wp\/v2\/media?parent=21247"}],"wp:term":[{"taxonomy":"category","embeddable":true,"href":"https:\/\/cvinoticias.com\/v3\/wp-json\/wp\/v2\/categories?post=21247"},{"taxonomy":"post_tag","embeddable":true,"href":"https:\/\/cvinoticias.com\/v3\/wp-json\/wp\/v2\/tags?post=21247"}],"curies":[{"name":"wp","href":"https:\/\/api.w.org\/{rel}","templated":true}]}}