{"id":21199,"date":"2022-12-13T12:12:57","date_gmt":"2022-12-13T12:12:57","guid":{"rendered":"https:\/\/cvinoticias.com\/v3\/?p=21199"},"modified":"2022-12-13T12:12:57","modified_gmt":"2022-12-13T12:12:57","slug":"el-gobierno-anuncio-el-lanzamiento-del-programa-ahora-10-para-la-compra-de-celulares","status":"publish","type":"post","link":"https:\/\/cvinoticias.com\/v3\/el-gobierno-anuncio-el-lanzamiento-del-programa-ahora-10-para-la-compra-de-celulares\/","title":{"rendered":"El Gobierno anunci\u00f3 el lanzamiento del programa \u00abAhora 10\u00bb para la compra de celulares"},"content":{"rendered":"\n<p><strong><em>La iniciativa contempla un acuerdo con ese sector a fin de establecer precios m\u00e1ximos por 90 d\u00edas y otorgar una tasa subsidiada del 48% para la adquisici\u00f3n de tel\u00e9fonos. Su puesta en marcha fue anunciada este lunes por el ministro de Econom\u00eda de la Naci\u00f3n, Sergio Massa.<\/em><\/strong><\/p>\n\n\n\n<p>En la reuni\u00f3n en la que se firm\u00f3 el acuerdo \u00abAhora 10\u00bb y en compa\u00f1\u00eda del secretario de Comercio, Mat\u00edas Tombolini, Massa asegur\u00f3 que \u00abes muy importante alcanzar el objetivo de lograr vender un mill\u00f3n de celulares por mes\u00bb.<\/p>\n\n\n\n<p>El ministro sostuvo que \u00abes muy importante establecer un criterio de precios m\u00e1ximos hasta el quince de marzo\u00bb de modo de \u00abdarle certidumbre a la gente cuando va a realizar una compra\u00bb y remarc\u00f3 que \u00abentendemos que lograr orden fiscal, super\u00e1vit en nuestra balanza comercial y acumulaci\u00f3n de reservas tiene que venir acompa\u00f1ado de una econom\u00eda que no frene consumo\u00bb.<\/p>\n\n\n\n<p>Detall\u00f3 que el programa incluye \u00ab70 modelos de tel\u00e9fonos de distinto tipo y de casi todas las marcas, que dan la posibilidad de elegir productos que van de 40 a 150 mil pesos y pagarlos de manera m\u00e1s c\u00f3moda\u00bb.<\/p>\n\n\n\n<p>Por otra parte, consider\u00f3 que establecer precios hasta el 15 de marzo \u00abnos ayuda a seguir construyendo un sendero de reducci\u00f3n de la inflaci\u00f3n\u00bb.<\/p>\n\n\n\n<p>\u00abLa disminuci\u00f3n de la expectativa inflacionaria se construye sobra la base de poder ir dando no solamente medidas desde el punto de vista macroecon\u00f3mico que sumen a ese objetivo, sino tambi\u00e9n desde el punto de vista de la generaci\u00f3n de expectativas, decisiones de todos los actores que nos ayuden a llevar adelante este objetivo\u00bb, concluy\u00f3.<\/p>\n","protected":false},"excerpt":{"rendered":"<p>La iniciativa contempla un acuerdo con ese sector a fin de establecer precios m\u00e1ximos por 90 d\u00edas y otorgar una tasa subsidiada del 48% para la adquisici\u00f3n de tel\u00e9fonos. Su puesta en marcha fue anunciada este lunes por el ministro de Econom\u00eda de la Naci\u00f3n, Sergio Massa. En la reuni\u00f3n en la que se firm\u00f3 [&hellip;]<\/p>\n","protected":false},"author":2,"featured_media":21200,"comment_status":"open","ping_status":"open","sticky":false,"template":"","format":"standard","meta":{"footnotes":""},"categories":[35],"tags":[],"class_list":["post-21199","post","type-post","status-publish","format-standard","has-post-thumbnail","hentry","category-informacion-general"],"yoast_head":"<!-- This site is optimized with the Yoast SEO plugin v27.5 - https:\/\/yoast.com\/product\/yoast-seo-wordpress\/ -->\n<title>El Gobierno anunci\u00f3 el lanzamiento del programa &quot;Ahora 10&quot; para la compra de celulares | CVI NOTICIAS<\/title>\n<meta name=\"robots\" content=\"index, follow, max-snippet:-1, max-image-preview:large, max-video-preview:-1\" \/>\n<link rel=\"canonical\" href=\"https:\/\/cvinoticias.com\/v3\/el-gobierno-anuncio-el-lanzamiento-del-programa-ahora-10-para-la-compra-de-celulares\/\" \/>\n<meta property=\"og:locale\" content=\"es_ES\" \/>\n<meta property=\"og:type\" content=\"article\" \/>\n<meta property=\"og:title\" content=\"El Gobierno anunci\u00f3 el lanzamiento del programa &quot;Ahora 10&quot; para la compra de celulares | CVI NOTICIAS\" \/>\n<meta property=\"og:description\" content=\"La iniciativa contempla un acuerdo con ese sector a fin de establecer precios m\u00e1ximos por 90 d\u00edas y otorgar una tasa subsidiada del 48% para la adquisici\u00f3n de tel\u00e9fonos. Su puesta en marcha fue anunciada este lunes por el ministro de Econom\u00eda de la Naci\u00f3n, Sergio Massa. En la reuni\u00f3n en la que se firm\u00f3 [&hellip;]\" \/>\n<meta property=\"og:url\" content=\"https:\/\/cvinoticias.com\/v3\/el-gobierno-anuncio-el-lanzamiento-del-programa-ahora-10-para-la-compra-de-celulares\/\" \/>\n<meta property=\"og:site_name\" content=\"CVI NOTICIAS\" \/>\n<meta property=\"article:publisher\" content=\"https:\/\/www.facebook.com\/cvinoticias\" \/>\n<meta property=\"article:published_time\" content=\"2022-12-13T12:12:57+00:00\" \/>\n<meta property=\"og:image\" content=\"https:\/\/cvinoticias.com\/wp-content\/uploads\/2022\/12\/lg-3.jpg\" \/>\n\t<meta property=\"og:image:width\" content=\"1200\" \/>\n\t<meta property=\"og:image:height\" content=\"799\" \/>\n\t<meta property=\"og:image:type\" content=\"image\/jpeg\" \/>\n<meta name=\"author\" content=\"f1000024\" \/>\n<meta name=\"twitter:card\" content=\"summary_large_image\" \/>\n<meta name=\"twitter:label1\" content=\"Escrito por\" \/>\n\t<meta name=\"twitter:data1\" content=\"f1000024\" \/>\n\t<meta name=\"twitter:label2\" content=\"Tiempo de lectura\" \/>\n\t<meta name=\"twitter:data2\" content=\"1 minuto\" \/>\n<script type=\"application\/ld+json\" class=\"yoast-schema-graph\">{\"@context\":\"https:\\\/\\\/schema.org\",\"@graph\":[{\"@type\":\"Article\",\"@id\":\"https:\\\/\\\/cvinoticias.com\\\/v3\\\/el-gobierno-anuncio-el-lanzamiento-del-programa-ahora-10-para-la-compra-de-celulares\\\/#article\",\"isPartOf\":{\"@id\":\"https:\\\/\\\/cvinoticias.com\\\/v3\\\/el-gobierno-anuncio-el-lanzamiento-del-programa-ahora-10-para-la-compra-de-celulares\\\/\"},\"author\":{\"name\":\"f1000024\",\"@id\":\"https:\\\/\\\/cvinoticias.com\\\/v3\\\/#\\\/schema\\\/person\\\/2db77e3c6bc03c538495d7b2b8be9b66\"},\"headline\":\"El Gobierno anunci\u00f3 el lanzamiento del programa \u00abAhora 10\u00bb para la compra de celulares\",\"datePublished\":\"2022-12-13T12:12:57+00:00\",\"mainEntityOfPage\":{\"@id\":\"https:\\\/\\\/cvinoticias.com\\\/v3\\\/el-gobierno-anuncio-el-lanzamiento-del-programa-ahora-10-para-la-compra-de-celulares\\\/\"},\"wordCount\":294,\"commentCount\":0,\"publisher\":{\"@id\":\"https:\\\/\\\/cvinoticias.com\\\/v3\\\/#organization\"},\"image\":{\"@id\":\"https:\\\/\\\/cvinoticias.com\\\/v3\\\/el-gobierno-anuncio-el-lanzamiento-del-programa-ahora-10-para-la-compra-de-celulares\\\/#primaryimage\"},\"thumbnailUrl\":\"https:\\\/\\\/cvinoticias.com\\\/wp-content\\\/uploads\\\/2022\\\/12\\\/lg-3.jpg\",\"articleSection\":[\"Informaci\u00f3n General\"],\"inLanguage\":\"es\",\"potentialAction\":[{\"@type\":\"CommentAction\",\"name\":\"Comment\",\"target\":[\"https:\\\/\\\/cvinoticias.com\\\/v3\\\/el-gobierno-anuncio-el-lanzamiento-del-programa-ahora-10-para-la-compra-de-celulares\\\/#respond\"]}]},{\"@type\":\"WebPage\",\"@id\":\"https:\\\/\\\/cvinoticias.com\\\/v3\\\/el-gobierno-anuncio-el-lanzamiento-del-programa-ahora-10-para-la-compra-de-celulares\\\/\",\"url\":\"https:\\\/\\\/cvinoticias.com\\\/v3\\\/el-gobierno-anuncio-el-lanzamiento-del-programa-ahora-10-para-la-compra-de-celulares\\\/\",\"name\":\"El Gobierno anunci\u00f3 el lanzamiento del programa \\\"Ahora 10\\\" para la compra de celulares | CVI NOTICIAS\",\"isPartOf\":{\"@id\":\"https:\\\/\\\/cvinoticias.com\\\/v3\\\/#website\"},\"primaryImageOfPage\":{\"@id\":\"https:\\\/\\\/cvinoticias.com\\\/v3\\\/el-gobierno-anuncio-el-lanzamiento-del-programa-ahora-10-para-la-compra-de-celulares\\\/#primaryimage\"},\"image\":{\"@id\":\"https:\\\/\\\/cvinoticias.com\\\/v3\\\/el-gobierno-anuncio-el-lanzamiento-del-programa-ahora-10-para-la-compra-de-celulares\\\/#primaryimage\"},\"thumbnailUrl\":\"https:\\\/\\\/cvinoticias.com\\\/wp-content\\\/uploads\\\/2022\\\/12\\\/lg-3.jpg\",\"datePublished\":\"2022-12-13T12:12:57+00:00\",\"breadcrumb\":{\"@id\":\"https:\\\/\\\/cvinoticias.com\\\/v3\\\/el-gobierno-anuncio-el-lanzamiento-del-programa-ahora-10-para-la-compra-de-celulares\\\/#breadcrumb\"},\"inLanguage\":\"es\",\"potentialAction\":[{\"@type\":\"ReadAction\",\"target\":[\"https:\\\/\\\/cvinoticias.com\\\/v3\\\/el-gobierno-anuncio-el-lanzamiento-del-programa-ahora-10-para-la-compra-de-celulares\\\/\"]}]},{\"@type\":\"ImageObject\",\"inLanguage\":\"es\",\"@id\":\"https:\\\/\\\/cvinoticias.com\\\/v3\\\/el-gobierno-anuncio-el-lanzamiento-del-programa-ahora-10-para-la-compra-de-celulares\\\/#primaryimage\",\"url\":\"https:\\\/\\\/cvinoticias.com\\\/wp-content\\\/uploads\\\/2022\\\/12\\\/lg-3.jpg\",\"contentUrl\":\"https:\\\/\\\/cvinoticias.com\\\/wp-content\\\/uploads\\\/2022\\\/12\\\/lg-3.jpg\",\"width\":1200,\"height\":799},{\"@type\":\"BreadcrumbList\",\"@id\":\"https:\\\/\\\/cvinoticias.com\\\/v3\\\/el-gobierno-anuncio-el-lanzamiento-del-programa-ahora-10-para-la-compra-de-celulares\\\/#breadcrumb\",\"itemListElement\":[{\"@type\":\"ListItem\",\"position\":1,\"name\":\"Portada\",\"item\":\"https:\\\/\\\/cvinoticias.com\\\/v3\\\/\"},{\"@type\":\"ListItem\",\"position\":2,\"name\":\"El Gobierno anunci\u00f3 el lanzamiento del programa \u00abAhora 10\u00bb para la compra de celulares\"}]},{\"@type\":\"WebSite\",\"@id\":\"https:\\\/\\\/cvinoticias.com\\\/v3\\\/#website\",\"url\":\"https:\\\/\\\/cvinoticias.com\\\/v3\\\/\",\"name\":\"CVI NOTICIAS\",\"description\":\"\",\"publisher\":{\"@id\":\"https:\\\/\\\/cvinoticias.com\\\/v3\\\/#organization\"},\"alternateName\":\"CVI\",\"potentialAction\":[{\"@type\":\"SearchAction\",\"target\":{\"@type\":\"EntryPoint\",\"urlTemplate\":\"https:\\\/\\\/cvinoticias.com\\\/v3\\\/?s={search_term_string}\"},\"query-input\":{\"@type\":\"PropertyValueSpecification\",\"valueRequired\":true,\"valueName\":\"search_term_string\"}}],\"inLanguage\":\"es\"},{\"@type\":\"Organization\",\"@id\":\"https:\\\/\\\/cvinoticias.com\\\/v3\\\/#organization\",\"name\":\"CVI NOTICIAS\",\"url\":\"https:\\\/\\\/cvinoticias.com\\\/v3\\\/\",\"logo\":{\"@type\":\"ImageObject\",\"inLanguage\":\"es\",\"@id\":\"https:\\\/\\\/cvinoticias.com\\\/v3\\\/#\\\/schema\\\/logo\\\/image\\\/\",\"url\":\"https:\\\/\\\/cvinoticias.com\\\/wp-content\\\/uploads\\\/2023\\\/04\\\/cropped-cropped-cropped-cropped-cropped-3-1.png\",\"contentUrl\":\"https:\\\/\\\/cvinoticias.com\\\/wp-content\\\/uploads\\\/2023\\\/04\\\/cropped-cropped-cropped-cropped-cropped-3-1.png\",\"width\":95,\"height\":122,\"caption\":\"CVI NOTICIAS\"},\"image\":{\"@id\":\"https:\\\/\\\/cvinoticias.com\\\/v3\\\/#\\\/schema\\\/logo\\\/image\\\/\"},\"sameAs\":[\"https:\\\/\\\/www.facebook.com\\\/cvinoticias\",\"https:\\\/\\\/www.instagram.com\\\/cvinoticias\\\/\",\"https:\\\/\\\/www.youtube.com\\\/@CVINOTICIAS\"]},{\"@type\":\"Person\",\"@id\":\"https:\\\/\\\/cvinoticias.com\\\/v3\\\/#\\\/schema\\\/person\\\/2db77e3c6bc03c538495d7b2b8be9b66\",\"name\":\"f1000024\",\"image\":{\"@type\":\"ImageObject\",\"inLanguage\":\"es\",\"@id\":\"https:\\\/\\\/secure.gravatar.com\\\/avatar\\\/d4fe7459cfc51ff5129ce1a732bbef5928568b8092d412ef95611616376bbeed?s=96&d=mm&r=g\",\"url\":\"https:\\\/\\\/secure.gravatar.com\\\/avatar\\\/d4fe7459cfc51ff5129ce1a732bbef5928568b8092d412ef95611616376bbeed?s=96&d=mm&r=g\",\"contentUrl\":\"https:\\\/\\\/secure.gravatar.com\\\/avatar\\\/d4fe7459cfc51ff5129ce1a732bbef5928568b8092d412ef95611616376bbeed?s=96&d=mm&r=g\",\"caption\":\"f1000024\"},\"url\":\"https:\\\/\\\/cvinoticias.com\\\/v3\\\/author\\\/f1000024\\\/\"}]}<\/script>\n<!-- \/ Yoast SEO plugin. -->","yoast_head_json":{"title":"El Gobierno anunci\u00f3 el lanzamiento del programa \"Ahora 10\" para la compra de celulares | CVI NOTICIAS","robots":{"index":"index","follow":"follow","max-snippet":"max-snippet:-1","max-image-preview":"max-image-preview:large","max-video-preview":"max-video-preview:-1"},"canonical":"https:\/\/cvinoticias.com\/v3\/el-gobierno-anuncio-el-lanzamiento-del-programa-ahora-10-para-la-compra-de-celulares\/","og_locale":"es_ES","og_type":"article","og_title":"El Gobierno anunci\u00f3 el lanzamiento del programa \"Ahora 10\" para la compra de celulares | CVI NOTICIAS","og_description":"La iniciativa contempla un acuerdo con ese sector a fin de establecer precios m\u00e1ximos por 90 d\u00edas y otorgar una tasa subsidiada del 48% para la adquisici\u00f3n de tel\u00e9fonos. Su puesta en marcha fue anunciada este lunes por el ministro de Econom\u00eda de la Naci\u00f3n, Sergio Massa. En la reuni\u00f3n en la que se firm\u00f3 [&hellip;]","og_url":"https:\/\/cvinoticias.com\/v3\/el-gobierno-anuncio-el-lanzamiento-del-programa-ahora-10-para-la-compra-de-celulares\/","og_site_name":"CVI NOTICIAS","article_publisher":"https:\/\/www.facebook.com\/cvinoticias","article_published_time":"2022-12-13T12:12:57+00:00","og_image":[{"width":1200,"height":799,"url":"https:\/\/cvinoticias.com\/wp-content\/uploads\/2022\/12\/lg-3.jpg","type":"image\/jpeg"}],"author":"f1000024","twitter_card":"summary_large_image","twitter_misc":{"Escrito por":"f1000024","Tiempo de lectura":"1 minuto"},"schema":{"@context":"https:\/\/schema.org","@graph":[{"@type":"Article","@id":"https:\/\/cvinoticias.com\/v3\/el-gobierno-anuncio-el-lanzamiento-del-programa-ahora-10-para-la-compra-de-celulares\/#article","isPartOf":{"@id":"https:\/\/cvinoticias.com\/v3\/el-gobierno-anuncio-el-lanzamiento-del-programa-ahora-10-para-la-compra-de-celulares\/"},"author":{"name":"f1000024","@id":"https:\/\/cvinoticias.com\/v3\/#\/schema\/person\/2db77e3c6bc03c538495d7b2b8be9b66"},"headline":"El Gobierno anunci\u00f3 el lanzamiento del programa \u00abAhora 10\u00bb para la compra de celulares","datePublished":"2022-12-13T12:12:57+00:00","mainEntityOfPage":{"@id":"https:\/\/cvinoticias.com\/v3\/el-gobierno-anuncio-el-lanzamiento-del-programa-ahora-10-para-la-compra-de-celulares\/"},"wordCount":294,"commentCount":0,"publisher":{"@id":"https:\/\/cvinoticias.com\/v3\/#organization"},"image":{"@id":"https:\/\/cvinoticias.com\/v3\/el-gobierno-anuncio-el-lanzamiento-del-programa-ahora-10-para-la-compra-de-celulares\/#primaryimage"},"thumbnailUrl":"https:\/\/cvinoticias.com\/wp-content\/uploads\/2022\/12\/lg-3.jpg","articleSection":["Informaci\u00f3n General"],"inLanguage":"es","potentialAction":[{"@type":"CommentAction","name":"Comment","target":["https:\/\/cvinoticias.com\/v3\/el-gobierno-anuncio-el-lanzamiento-del-programa-ahora-10-para-la-compra-de-celulares\/#respond"]}]},{"@type":"WebPage","@id":"https:\/\/cvinoticias.com\/v3\/el-gobierno-anuncio-el-lanzamiento-del-programa-ahora-10-para-la-compra-de-celulares\/","url":"https:\/\/cvinoticias.com\/v3\/el-gobierno-anuncio-el-lanzamiento-del-programa-ahora-10-para-la-compra-de-celulares\/","name":"El Gobierno anunci\u00f3 el lanzamiento del programa \"Ahora 10\" para la compra de celulares | CVI NOTICIAS","isPartOf":{"@id":"https:\/\/cvinoticias.com\/v3\/#website"},"primaryImageOfPage":{"@id":"https:\/\/cvinoticias.com\/v3\/el-gobierno-anuncio-el-lanzamiento-del-programa-ahora-10-para-la-compra-de-celulares\/#primaryimage"},"image":{"@id":"https:\/\/cvinoticias.com\/v3\/el-gobierno-anuncio-el-lanzamiento-del-programa-ahora-10-para-la-compra-de-celulares\/#primaryimage"},"thumbnailUrl":"https:\/\/cvinoticias.com\/wp-content\/uploads\/2022\/12\/lg-3.jpg","datePublished":"2022-12-13T12:12:57+00:00","breadcrumb":{"@id":"https:\/\/cvinoticias.com\/v3\/el-gobierno-anuncio-el-lanzamiento-del-programa-ahora-10-para-la-compra-de-celulares\/#breadcrumb"},"inLanguage":"es","potentialAction":[{"@type":"ReadAction","target":["https:\/\/cvinoticias.com\/v3\/el-gobierno-anuncio-el-lanzamiento-del-programa-ahora-10-para-la-compra-de-celulares\/"]}]},{"@type":"ImageObject","inLanguage":"es","@id":"https:\/\/cvinoticias.com\/v3\/el-gobierno-anuncio-el-lanzamiento-del-programa-ahora-10-para-la-compra-de-celulares\/#primaryimage","url":"https:\/\/cvinoticias.com\/wp-content\/uploads\/2022\/12\/lg-3.jpg","contentUrl":"https:\/\/cvinoticias.com\/wp-content\/uploads\/2022\/12\/lg-3.jpg","width":1200,"height":799},{"@type":"BreadcrumbList","@id":"https:\/\/cvinoticias.com\/v3\/el-gobierno-anuncio-el-lanzamiento-del-programa-ahora-10-para-la-compra-de-celulares\/#breadcrumb","itemListElement":[{"@type":"ListItem","position":1,"name":"Portada","item":"https:\/\/cvinoticias.com\/v3\/"},{"@type":"ListItem","position":2,"name":"El Gobierno anunci\u00f3 el lanzamiento del programa \u00abAhora 10\u00bb para la compra de celulares"}]},{"@type":"WebSite","@id":"https:\/\/cvinoticias.com\/v3\/#website","url":"https:\/\/cvinoticias.com\/v3\/","name":"CVI NOTICIAS","description":"","publisher":{"@id":"https:\/\/cvinoticias.com\/v3\/#organization"},"alternateName":"CVI","potentialAction":[{"@type":"SearchAction","target":{"@type":"EntryPoint","urlTemplate":"https:\/\/cvinoticias.com\/v3\/?s={search_term_string}"},"query-input":{"@type":"PropertyValueSpecification","valueRequired":true,"valueName":"search_term_string"}}],"inLanguage":"es"},{"@type":"Organization","@id":"https:\/\/cvinoticias.com\/v3\/#organization","name":"CVI NOTICIAS","url":"https:\/\/cvinoticias.com\/v3\/","logo":{"@type":"ImageObject","inLanguage":"es","@id":"https:\/\/cvinoticias.com\/v3\/#\/schema\/logo\/image\/","url":"https:\/\/cvinoticias.com\/wp-content\/uploads\/2023\/04\/cropped-cropped-cropped-cropped-cropped-3-1.png","contentUrl":"https:\/\/cvinoticias.com\/wp-content\/uploads\/2023\/04\/cropped-cropped-cropped-cropped-cropped-3-1.png","width":95,"height":122,"caption":"CVI NOTICIAS"},"image":{"@id":"https:\/\/cvinoticias.com\/v3\/#\/schema\/logo\/image\/"},"sameAs":["https:\/\/www.facebook.com\/cvinoticias","https:\/\/www.instagram.com\/cvinoticias\/","https:\/\/www.youtube.com\/@CVINOTICIAS"]},{"@type":"Person","@id":"https:\/\/cvinoticias.com\/v3\/#\/schema\/person\/2db77e3c6bc03c538495d7b2b8be9b66","name":"f1000024","image":{"@type":"ImageObject","inLanguage":"es","@id":"https:\/\/secure.gravatar.com\/avatar\/d4fe7459cfc51ff5129ce1a732bbef5928568b8092d412ef95611616376bbeed?s=96&d=mm&r=g","url":"https:\/\/secure.gravatar.com\/avatar\/d4fe7459cfc51ff5129ce1a732bbef5928568b8092d412ef95611616376bbeed?s=96&d=mm&r=g","contentUrl":"https:\/\/secure.gravatar.com\/avatar\/d4fe7459cfc51ff5129ce1a732bbef5928568b8092d412ef95611616376bbeed?s=96&d=mm&r=g","caption":"f1000024"},"url":"https:\/\/cvinoticias.com\/v3\/author\/f1000024\/"}]}},"_links":{"self":[{"href":"https:\/\/cvinoticias.com\/v3\/wp-json\/wp\/v2\/posts\/21199","targetHints":{"allow":["GET"]}}],"collection":[{"href":"https:\/\/cvinoticias.com\/v3\/wp-json\/wp\/v2\/posts"}],"about":[{"href":"https:\/\/cvinoticias.com\/v3\/wp-json\/wp\/v2\/types\/post"}],"author":[{"embeddable":true,"href":"https:\/\/cvinoticias.com\/v3\/wp-json\/wp\/v2\/users\/2"}],"replies":[{"embeddable":true,"href":"https:\/\/cvinoticias.com\/v3\/wp-json\/wp\/v2\/comments?post=21199"}],"version-history":[{"count":1,"href":"https:\/\/cvinoticias.com\/v3\/wp-json\/wp\/v2\/posts\/21199\/revisions"}],"predecessor-version":[{"id":21201,"href":"https:\/\/cvinoticias.com\/v3\/wp-json\/wp\/v2\/posts\/21199\/revisions\/21201"}],"wp:featuredmedia":[{"embeddable":true,"href":"https:\/\/cvinoticias.com\/v3\/wp-json\/wp\/v2\/media\/21200"}],"wp:attachment":[{"href":"https:\/\/cvinoticias.com\/v3\/wp-json\/wp\/v2\/media?parent=21199"}],"wp:term":[{"taxonomy":"category","embeddable":true,"href":"https:\/\/cvinoticias.com\/v3\/wp-json\/wp\/v2\/categories?post=21199"},{"taxonomy":"post_tag","embeddable":true,"href":"https:\/\/cvinoticias.com\/v3\/wp-json\/wp\/v2\/tags?post=21199"}],"curies":[{"name":"wp","href":"https:\/\/api.w.org\/{rel}","templated":true}]}}