{"id":21170,"date":"2022-12-11T20:49:28","date_gmt":"2022-12-11T20:49:28","guid":{"rendered":"https:\/\/cvinoticias.com\/v3\/?p=21170"},"modified":"2022-12-11T20:49:28","modified_gmt":"2022-12-11T20:49:28","slug":"argentina-impulsara-el-proyecto-de-reapertura-de-la-embajada-en-bangladesh-cerrada-desde-1978","status":"publish","type":"post","link":"https:\/\/cvinoticias.com\/v3\/argentina-impulsara-el-proyecto-de-reapertura-de-la-embajada-en-bangladesh-cerrada-desde-1978\/","title":{"rendered":"Argentina impulsar\u00e1 el proyecto de reapertura de la Embajada en Bangladesh, cerrada desde 1978"},"content":{"rendered":"\n<p><strong><em>La Canciller\u00eda inform\u00f3 que busca explotar las potencialidades de la relaci\u00f3n bilateral, fundamentalmente en el aspecto comercial que tiene un amplio potencial de crecimiento, buscando diversificar el comercio y la oferta exportable argentina.<\/em><\/strong><\/p>\n\n\n\n<p>La Canciller\u00eda inform\u00f3 este s\u00e1bado que la Rep\u00fablica Argentina decidi\u00f3 avanzar en la reapertura de la embajada en Bangladesh, que se encuentra cerrada desde 1978, con el objetivo de \u00abexplotar las potencialidades de la relaci\u00f3n bilateral\u00bb entre ambos pa\u00edses.<\/p>\n\n\n\n<p>\u00abDebido a la estrategia comercial que impulsa el canciller Santiago Cafiero y el amplio crecimiento de las exportaciones que evidencia este destino superavitario para nuestro pa\u00eds, la Canciller\u00eda impulsar\u00e1 el proyecto para reabrir la embajada argentina en Bangladesh, que se encuentra cerrada desde 1978\u00bb, informaron desde el Palacio San Mart\u00edn en un comunicado de prensa.<\/p>\n\n\n\n<p>Seg\u00fan puntualizaron, en abril de este a\u00f1o se inici\u00f3 el expediente para la reapertura de esta sede diplom\u00e1tica.<\/p>\n\n\n\n<p>\u00abCon la reapertura de la embajada y de su secci\u00f3n consular se busca explotar las potencialidades de la relaci\u00f3n bilateral, fundamentalmente en el aspecto comercial que tiene un amplio potencial de crecimiento, buscando diversificar el comercio y la oferta exportable argentina\u00bb, se inform\u00f3.<\/p>\n\n\n\n<p>Asimismo, se busca \u00abpromover la cooperaci\u00f3n en el \u00e1mbito deportivo, satelital, ayuda humanitaria y gesti\u00f3n de desastres\u00bb.<\/p>\n\n\n\n<p>En sus redes sociales, Cafiero record\u00f3 que en agosto mantuvo una reuni\u00f3n con su par bangladesh\u00ed, Abul Kalam Abdul Momen, \u00aben la d\u00e9cima Conferencia de Revisi\u00f3n del Tratado de No Proliferaci\u00f3n de Armas Nucleares de Naciones Unidas\u00bb.<\/p>\n\n\n\n<p>Y destac\u00f3 que durante 2021 \u00ablas exportaciones con destino a Bangladesh totalizaron USD 876 millones, m\u00e1ximo hist\u00f3rico\u00bb.<\/p>\n\n\n\n<p>\u00abLos principales productos exportados son aceite de soja, harina y pellets de la extracci\u00f3n de aceite de soja, ma\u00edz y trigo, los cuales concentran el 99% de los env\u00edos\u00bb, detall\u00f3.<\/p>\n\n\n\n<p>Desde el ministerio de Relaciones Exteriores agregaron que Cafiero tiene previsto realizar una visita oficial a Bangladesh para ultimar los detalles de la reapertura de la nueva representaci\u00f3n argentina, y as\u00ed \u00abbrindarle un salto decisivo a la creciente relaci\u00f3n con ese pa\u00eds asi\u00e1tico\u00bb.<\/p>\n\n\n\n<p>La visita se llevar\u00e1 adelante tras finalizar la Cumbre de Cancilleres del G-20 en la India durante el 2023.<\/p>\n\n\n\n<p>La reapertura de la embajada argentina en Bangladesh se producir\u00e1 en un contexto atravesado por la repercusi\u00f3n global de la Copa del Mundo de la FIFA, lo que permiti\u00f3 ver en las redes sociales y medios de comunicaci\u00f3n im\u00e1genes de multitudes de Bangladesh celebrando en las calles el triunfo de la Selecci\u00f3n argentina.<\/p>\n\n\n\n<p>Aunque la distancia entre Bangladesh y Buenos Aires es de 17 mil kil\u00f3metros, en el pa\u00eds ubicado al este de la India viven miles de fan\u00e1ticos del f\u00fatbol argentino y en particular de Lionel Messi, una sinton\u00eda curiosa que est\u00e1 asociada a la historia del pa\u00eds asi\u00e1tico, a su pasado de excolonia brit\u00e1nica y al m\u00edtico partido que Argentina e Inglaterra disputaron en M\u00e9xico 1986.<\/p>\n","protected":false},"excerpt":{"rendered":"<p>La Canciller\u00eda inform\u00f3 que busca explotar las potencialidades de la relaci\u00f3n bilateral, fundamentalmente en el aspecto comercial que tiene un amplio potencial de crecimiento, buscando diversificar el comercio y la oferta exportable argentina. La Canciller\u00eda inform\u00f3 este s\u00e1bado que la Rep\u00fablica Argentina decidi\u00f3 avanzar en la reapertura de la embajada en Bangladesh, que se encuentra [&hellip;]<\/p>\n","protected":false},"author":2,"featured_media":21171,"comment_status":"open","ping_status":"open","sticky":false,"template":"","format":"standard","meta":{"footnotes":""},"categories":[42],"tags":[],"class_list":["post-21170","post","type-post","status-publish","format-standard","has-post-thumbnail","hentry","category-politica"],"yoast_head":"<!-- This site is optimized with the Yoast SEO plugin v27.5 - https:\/\/yoast.com\/product\/yoast-seo-wordpress\/ -->\n<title>Argentina impulsar\u00e1 el proyecto de reapertura de la Embajada en Bangladesh, cerrada desde 1978 | CVI NOTICIAS<\/title>\n<meta name=\"robots\" content=\"index, follow, max-snippet:-1, max-image-preview:large, max-video-preview:-1\" \/>\n<link rel=\"canonical\" href=\"https:\/\/cvinoticias.com\/v3\/argentina-impulsara-el-proyecto-de-reapertura-de-la-embajada-en-bangladesh-cerrada-desde-1978\/\" \/>\n<meta property=\"og:locale\" content=\"es_ES\" \/>\n<meta property=\"og:type\" content=\"article\" \/>\n<meta property=\"og:title\" content=\"Argentina impulsar\u00e1 el proyecto de reapertura de la Embajada en Bangladesh, cerrada desde 1978 | CVI NOTICIAS\" \/>\n<meta property=\"og:description\" content=\"La Canciller\u00eda inform\u00f3 que busca explotar las potencialidades de la relaci\u00f3n bilateral, fundamentalmente en el aspecto comercial que tiene un amplio potencial de crecimiento, buscando diversificar el comercio y la oferta exportable argentina. La Canciller\u00eda inform\u00f3 este s\u00e1bado que la Rep\u00fablica Argentina decidi\u00f3 avanzar en la reapertura de la embajada en Bangladesh, que se encuentra [&hellip;]\" \/>\n<meta property=\"og:url\" content=\"https:\/\/cvinoticias.com\/v3\/argentina-impulsara-el-proyecto-de-reapertura-de-la-embajada-en-bangladesh-cerrada-desde-1978\/\" \/>\n<meta property=\"og:site_name\" content=\"CVI NOTICIAS\" \/>\n<meta property=\"article:publisher\" content=\"https:\/\/www.facebook.com\/cvinoticias\" \/>\n<meta property=\"article:published_time\" content=\"2022-12-11T20:49:28+00:00\" \/>\n<meta property=\"og:image\" content=\"https:\/\/cvinoticias.com\/wp-content\/uploads\/2022\/12\/6394df03d8208_1200.jpg\" \/>\n\t<meta property=\"og:image:width\" content=\"1024\" \/>\n\t<meta property=\"og:image:height\" content=\"576\" \/>\n\t<meta property=\"og:image:type\" content=\"image\/jpeg\" \/>\n<meta name=\"author\" content=\"f1000024\" \/>\n<meta name=\"twitter:card\" content=\"summary_large_image\" \/>\n<meta name=\"twitter:label1\" content=\"Escrito por\" \/>\n\t<meta name=\"twitter:data1\" content=\"f1000024\" \/>\n\t<meta name=\"twitter:label2\" content=\"Tiempo de lectura\" \/>\n\t<meta name=\"twitter:data2\" content=\"3 minutos\" \/>\n<script type=\"application\/ld+json\" class=\"yoast-schema-graph\">{\"@context\":\"https:\\\/\\\/schema.org\",\"@graph\":[{\"@type\":\"Article\",\"@id\":\"https:\\\/\\\/cvinoticias.com\\\/v3\\\/argentina-impulsara-el-proyecto-de-reapertura-de-la-embajada-en-bangladesh-cerrada-desde-1978\\\/#article\",\"isPartOf\":{\"@id\":\"https:\\\/\\\/cvinoticias.com\\\/v3\\\/argentina-impulsara-el-proyecto-de-reapertura-de-la-embajada-en-bangladesh-cerrada-desde-1978\\\/\"},\"author\":{\"name\":\"f1000024\",\"@id\":\"https:\\\/\\\/cvinoticias.com\\\/v3\\\/#\\\/schema\\\/person\\\/2db77e3c6bc03c538495d7b2b8be9b66\"},\"headline\":\"Argentina impulsar\u00e1 el proyecto de reapertura de la Embajada en Bangladesh, cerrada desde 1978\",\"datePublished\":\"2022-12-11T20:49:28+00:00\",\"mainEntityOfPage\":{\"@id\":\"https:\\\/\\\/cvinoticias.com\\\/v3\\\/argentina-impulsara-el-proyecto-de-reapertura-de-la-embajada-en-bangladesh-cerrada-desde-1978\\\/\"},\"wordCount\":518,\"commentCount\":0,\"publisher\":{\"@id\":\"https:\\\/\\\/cvinoticias.com\\\/v3\\\/#organization\"},\"image\":{\"@id\":\"https:\\\/\\\/cvinoticias.com\\\/v3\\\/argentina-impulsara-el-proyecto-de-reapertura-de-la-embajada-en-bangladesh-cerrada-desde-1978\\\/#primaryimage\"},\"thumbnailUrl\":\"https:\\\/\\\/cvinoticias.com\\\/wp-content\\\/uploads\\\/2022\\\/12\\\/6394df03d8208_1200.jpg\",\"articleSection\":[\"Politica\"],\"inLanguage\":\"es\",\"potentialAction\":[{\"@type\":\"CommentAction\",\"name\":\"Comment\",\"target\":[\"https:\\\/\\\/cvinoticias.com\\\/v3\\\/argentina-impulsara-el-proyecto-de-reapertura-de-la-embajada-en-bangladesh-cerrada-desde-1978\\\/#respond\"]}]},{\"@type\":\"WebPage\",\"@id\":\"https:\\\/\\\/cvinoticias.com\\\/v3\\\/argentina-impulsara-el-proyecto-de-reapertura-de-la-embajada-en-bangladesh-cerrada-desde-1978\\\/\",\"url\":\"https:\\\/\\\/cvinoticias.com\\\/v3\\\/argentina-impulsara-el-proyecto-de-reapertura-de-la-embajada-en-bangladesh-cerrada-desde-1978\\\/\",\"name\":\"Argentina impulsar\u00e1 el proyecto de reapertura de la Embajada en Bangladesh, cerrada desde 1978 | CVI NOTICIAS\",\"isPartOf\":{\"@id\":\"https:\\\/\\\/cvinoticias.com\\\/v3\\\/#website\"},\"primaryImageOfPage\":{\"@id\":\"https:\\\/\\\/cvinoticias.com\\\/v3\\\/argentina-impulsara-el-proyecto-de-reapertura-de-la-embajada-en-bangladesh-cerrada-desde-1978\\\/#primaryimage\"},\"image\":{\"@id\":\"https:\\\/\\\/cvinoticias.com\\\/v3\\\/argentina-impulsara-el-proyecto-de-reapertura-de-la-embajada-en-bangladesh-cerrada-desde-1978\\\/#primaryimage\"},\"thumbnailUrl\":\"https:\\\/\\\/cvinoticias.com\\\/wp-content\\\/uploads\\\/2022\\\/12\\\/6394df03d8208_1200.jpg\",\"datePublished\":\"2022-12-11T20:49:28+00:00\",\"breadcrumb\":{\"@id\":\"https:\\\/\\\/cvinoticias.com\\\/v3\\\/argentina-impulsara-el-proyecto-de-reapertura-de-la-embajada-en-bangladesh-cerrada-desde-1978\\\/#breadcrumb\"},\"inLanguage\":\"es\",\"potentialAction\":[{\"@type\":\"ReadAction\",\"target\":[\"https:\\\/\\\/cvinoticias.com\\\/v3\\\/argentina-impulsara-el-proyecto-de-reapertura-de-la-embajada-en-bangladesh-cerrada-desde-1978\\\/\"]}]},{\"@type\":\"ImageObject\",\"inLanguage\":\"es\",\"@id\":\"https:\\\/\\\/cvinoticias.com\\\/v3\\\/argentina-impulsara-el-proyecto-de-reapertura-de-la-embajada-en-bangladesh-cerrada-desde-1978\\\/#primaryimage\",\"url\":\"https:\\\/\\\/cvinoticias.com\\\/wp-content\\\/uploads\\\/2022\\\/12\\\/6394df03d8208_1200.jpg\",\"contentUrl\":\"https:\\\/\\\/cvinoticias.com\\\/wp-content\\\/uploads\\\/2022\\\/12\\\/6394df03d8208_1200.jpg\",\"width\":1024,\"height\":576},{\"@type\":\"BreadcrumbList\",\"@id\":\"https:\\\/\\\/cvinoticias.com\\\/v3\\\/argentina-impulsara-el-proyecto-de-reapertura-de-la-embajada-en-bangladesh-cerrada-desde-1978\\\/#breadcrumb\",\"itemListElement\":[{\"@type\":\"ListItem\",\"position\":1,\"name\":\"Portada\",\"item\":\"https:\\\/\\\/cvinoticias.com\\\/v3\\\/\"},{\"@type\":\"ListItem\",\"position\":2,\"name\":\"Argentina impulsar\u00e1 el proyecto de reapertura de la Embajada en Bangladesh, cerrada desde 1978\"}]},{\"@type\":\"WebSite\",\"@id\":\"https:\\\/\\\/cvinoticias.com\\\/v3\\\/#website\",\"url\":\"https:\\\/\\\/cvinoticias.com\\\/v3\\\/\",\"name\":\"CVI NOTICIAS\",\"description\":\"\",\"publisher\":{\"@id\":\"https:\\\/\\\/cvinoticias.com\\\/v3\\\/#organization\"},\"alternateName\":\"CVI\",\"potentialAction\":[{\"@type\":\"SearchAction\",\"target\":{\"@type\":\"EntryPoint\",\"urlTemplate\":\"https:\\\/\\\/cvinoticias.com\\\/v3\\\/?s={search_term_string}\"},\"query-input\":{\"@type\":\"PropertyValueSpecification\",\"valueRequired\":true,\"valueName\":\"search_term_string\"}}],\"inLanguage\":\"es\"},{\"@type\":\"Organization\",\"@id\":\"https:\\\/\\\/cvinoticias.com\\\/v3\\\/#organization\",\"name\":\"CVI NOTICIAS\",\"url\":\"https:\\\/\\\/cvinoticias.com\\\/v3\\\/\",\"logo\":{\"@type\":\"ImageObject\",\"inLanguage\":\"es\",\"@id\":\"https:\\\/\\\/cvinoticias.com\\\/v3\\\/#\\\/schema\\\/logo\\\/image\\\/\",\"url\":\"https:\\\/\\\/cvinoticias.com\\\/wp-content\\\/uploads\\\/2023\\\/04\\\/cropped-cropped-cropped-cropped-cropped-3-1.png\",\"contentUrl\":\"https:\\\/\\\/cvinoticias.com\\\/wp-content\\\/uploads\\\/2023\\\/04\\\/cropped-cropped-cropped-cropped-cropped-3-1.png\",\"width\":95,\"height\":122,\"caption\":\"CVI NOTICIAS\"},\"image\":{\"@id\":\"https:\\\/\\\/cvinoticias.com\\\/v3\\\/#\\\/schema\\\/logo\\\/image\\\/\"},\"sameAs\":[\"https:\\\/\\\/www.facebook.com\\\/cvinoticias\",\"https:\\\/\\\/www.instagram.com\\\/cvinoticias\\\/\",\"https:\\\/\\\/www.youtube.com\\\/@CVINOTICIAS\"]},{\"@type\":\"Person\",\"@id\":\"https:\\\/\\\/cvinoticias.com\\\/v3\\\/#\\\/schema\\\/person\\\/2db77e3c6bc03c538495d7b2b8be9b66\",\"name\":\"f1000024\",\"image\":{\"@type\":\"ImageObject\",\"inLanguage\":\"es\",\"@id\":\"https:\\\/\\\/secure.gravatar.com\\\/avatar\\\/d4fe7459cfc51ff5129ce1a732bbef5928568b8092d412ef95611616376bbeed?s=96&d=mm&r=g\",\"url\":\"https:\\\/\\\/secure.gravatar.com\\\/avatar\\\/d4fe7459cfc51ff5129ce1a732bbef5928568b8092d412ef95611616376bbeed?s=96&d=mm&r=g\",\"contentUrl\":\"https:\\\/\\\/secure.gravatar.com\\\/avatar\\\/d4fe7459cfc51ff5129ce1a732bbef5928568b8092d412ef95611616376bbeed?s=96&d=mm&r=g\",\"caption\":\"f1000024\"},\"url\":\"https:\\\/\\\/cvinoticias.com\\\/v3\\\/author\\\/f1000024\\\/\"}]}<\/script>\n<!-- \/ Yoast SEO plugin. -->","yoast_head_json":{"title":"Argentina impulsar\u00e1 el proyecto de reapertura de la Embajada en Bangladesh, cerrada desde 1978 | CVI NOTICIAS","robots":{"index":"index","follow":"follow","max-snippet":"max-snippet:-1","max-image-preview":"max-image-preview:large","max-video-preview":"max-video-preview:-1"},"canonical":"https:\/\/cvinoticias.com\/v3\/argentina-impulsara-el-proyecto-de-reapertura-de-la-embajada-en-bangladesh-cerrada-desde-1978\/","og_locale":"es_ES","og_type":"article","og_title":"Argentina impulsar\u00e1 el proyecto de reapertura de la Embajada en Bangladesh, cerrada desde 1978 | CVI NOTICIAS","og_description":"La Canciller\u00eda inform\u00f3 que busca explotar las potencialidades de la relaci\u00f3n bilateral, fundamentalmente en el aspecto comercial que tiene un amplio potencial de crecimiento, buscando diversificar el comercio y la oferta exportable argentina. La Canciller\u00eda inform\u00f3 este s\u00e1bado que la Rep\u00fablica Argentina decidi\u00f3 avanzar en la reapertura de la embajada en Bangladesh, que se encuentra [&hellip;]","og_url":"https:\/\/cvinoticias.com\/v3\/argentina-impulsara-el-proyecto-de-reapertura-de-la-embajada-en-bangladesh-cerrada-desde-1978\/","og_site_name":"CVI NOTICIAS","article_publisher":"https:\/\/www.facebook.com\/cvinoticias","article_published_time":"2022-12-11T20:49:28+00:00","og_image":[{"width":1024,"height":576,"url":"https:\/\/cvinoticias.com\/wp-content\/uploads\/2022\/12\/6394df03d8208_1200.jpg","type":"image\/jpeg"}],"author":"f1000024","twitter_card":"summary_large_image","twitter_misc":{"Escrito por":"f1000024","Tiempo de lectura":"3 minutos"},"schema":{"@context":"https:\/\/schema.org","@graph":[{"@type":"Article","@id":"https:\/\/cvinoticias.com\/v3\/argentina-impulsara-el-proyecto-de-reapertura-de-la-embajada-en-bangladesh-cerrada-desde-1978\/#article","isPartOf":{"@id":"https:\/\/cvinoticias.com\/v3\/argentina-impulsara-el-proyecto-de-reapertura-de-la-embajada-en-bangladesh-cerrada-desde-1978\/"},"author":{"name":"f1000024","@id":"https:\/\/cvinoticias.com\/v3\/#\/schema\/person\/2db77e3c6bc03c538495d7b2b8be9b66"},"headline":"Argentina impulsar\u00e1 el proyecto de reapertura de la Embajada en Bangladesh, cerrada desde 1978","datePublished":"2022-12-11T20:49:28+00:00","mainEntityOfPage":{"@id":"https:\/\/cvinoticias.com\/v3\/argentina-impulsara-el-proyecto-de-reapertura-de-la-embajada-en-bangladesh-cerrada-desde-1978\/"},"wordCount":518,"commentCount":0,"publisher":{"@id":"https:\/\/cvinoticias.com\/v3\/#organization"},"image":{"@id":"https:\/\/cvinoticias.com\/v3\/argentina-impulsara-el-proyecto-de-reapertura-de-la-embajada-en-bangladesh-cerrada-desde-1978\/#primaryimage"},"thumbnailUrl":"https:\/\/cvinoticias.com\/wp-content\/uploads\/2022\/12\/6394df03d8208_1200.jpg","articleSection":["Politica"],"inLanguage":"es","potentialAction":[{"@type":"CommentAction","name":"Comment","target":["https:\/\/cvinoticias.com\/v3\/argentina-impulsara-el-proyecto-de-reapertura-de-la-embajada-en-bangladesh-cerrada-desde-1978\/#respond"]}]},{"@type":"WebPage","@id":"https:\/\/cvinoticias.com\/v3\/argentina-impulsara-el-proyecto-de-reapertura-de-la-embajada-en-bangladesh-cerrada-desde-1978\/","url":"https:\/\/cvinoticias.com\/v3\/argentina-impulsara-el-proyecto-de-reapertura-de-la-embajada-en-bangladesh-cerrada-desde-1978\/","name":"Argentina impulsar\u00e1 el proyecto de reapertura de la Embajada en Bangladesh, cerrada desde 1978 | CVI NOTICIAS","isPartOf":{"@id":"https:\/\/cvinoticias.com\/v3\/#website"},"primaryImageOfPage":{"@id":"https:\/\/cvinoticias.com\/v3\/argentina-impulsara-el-proyecto-de-reapertura-de-la-embajada-en-bangladesh-cerrada-desde-1978\/#primaryimage"},"image":{"@id":"https:\/\/cvinoticias.com\/v3\/argentina-impulsara-el-proyecto-de-reapertura-de-la-embajada-en-bangladesh-cerrada-desde-1978\/#primaryimage"},"thumbnailUrl":"https:\/\/cvinoticias.com\/wp-content\/uploads\/2022\/12\/6394df03d8208_1200.jpg","datePublished":"2022-12-11T20:49:28+00:00","breadcrumb":{"@id":"https:\/\/cvinoticias.com\/v3\/argentina-impulsara-el-proyecto-de-reapertura-de-la-embajada-en-bangladesh-cerrada-desde-1978\/#breadcrumb"},"inLanguage":"es","potentialAction":[{"@type":"ReadAction","target":["https:\/\/cvinoticias.com\/v3\/argentina-impulsara-el-proyecto-de-reapertura-de-la-embajada-en-bangladesh-cerrada-desde-1978\/"]}]},{"@type":"ImageObject","inLanguage":"es","@id":"https:\/\/cvinoticias.com\/v3\/argentina-impulsara-el-proyecto-de-reapertura-de-la-embajada-en-bangladesh-cerrada-desde-1978\/#primaryimage","url":"https:\/\/cvinoticias.com\/wp-content\/uploads\/2022\/12\/6394df03d8208_1200.jpg","contentUrl":"https:\/\/cvinoticias.com\/wp-content\/uploads\/2022\/12\/6394df03d8208_1200.jpg","width":1024,"height":576},{"@type":"BreadcrumbList","@id":"https:\/\/cvinoticias.com\/v3\/argentina-impulsara-el-proyecto-de-reapertura-de-la-embajada-en-bangladesh-cerrada-desde-1978\/#breadcrumb","itemListElement":[{"@type":"ListItem","position":1,"name":"Portada","item":"https:\/\/cvinoticias.com\/v3\/"},{"@type":"ListItem","position":2,"name":"Argentina impulsar\u00e1 el proyecto de reapertura de la Embajada en Bangladesh, cerrada desde 1978"}]},{"@type":"WebSite","@id":"https:\/\/cvinoticias.com\/v3\/#website","url":"https:\/\/cvinoticias.com\/v3\/","name":"CVI NOTICIAS","description":"","publisher":{"@id":"https:\/\/cvinoticias.com\/v3\/#organization"},"alternateName":"CVI","potentialAction":[{"@type":"SearchAction","target":{"@type":"EntryPoint","urlTemplate":"https:\/\/cvinoticias.com\/v3\/?s={search_term_string}"},"query-input":{"@type":"PropertyValueSpecification","valueRequired":true,"valueName":"search_term_string"}}],"inLanguage":"es"},{"@type":"Organization","@id":"https:\/\/cvinoticias.com\/v3\/#organization","name":"CVI NOTICIAS","url":"https:\/\/cvinoticias.com\/v3\/","logo":{"@type":"ImageObject","inLanguage":"es","@id":"https:\/\/cvinoticias.com\/v3\/#\/schema\/logo\/image\/","url":"https:\/\/cvinoticias.com\/wp-content\/uploads\/2023\/04\/cropped-cropped-cropped-cropped-cropped-3-1.png","contentUrl":"https:\/\/cvinoticias.com\/wp-content\/uploads\/2023\/04\/cropped-cropped-cropped-cropped-cropped-3-1.png","width":95,"height":122,"caption":"CVI NOTICIAS"},"image":{"@id":"https:\/\/cvinoticias.com\/v3\/#\/schema\/logo\/image\/"},"sameAs":["https:\/\/www.facebook.com\/cvinoticias","https:\/\/www.instagram.com\/cvinoticias\/","https:\/\/www.youtube.com\/@CVINOTICIAS"]},{"@type":"Person","@id":"https:\/\/cvinoticias.com\/v3\/#\/schema\/person\/2db77e3c6bc03c538495d7b2b8be9b66","name":"f1000024","image":{"@type":"ImageObject","inLanguage":"es","@id":"https:\/\/secure.gravatar.com\/avatar\/d4fe7459cfc51ff5129ce1a732bbef5928568b8092d412ef95611616376bbeed?s=96&d=mm&r=g","url":"https:\/\/secure.gravatar.com\/avatar\/d4fe7459cfc51ff5129ce1a732bbef5928568b8092d412ef95611616376bbeed?s=96&d=mm&r=g","contentUrl":"https:\/\/secure.gravatar.com\/avatar\/d4fe7459cfc51ff5129ce1a732bbef5928568b8092d412ef95611616376bbeed?s=96&d=mm&r=g","caption":"f1000024"},"url":"https:\/\/cvinoticias.com\/v3\/author\/f1000024\/"}]}},"_links":{"self":[{"href":"https:\/\/cvinoticias.com\/v3\/wp-json\/wp\/v2\/posts\/21170","targetHints":{"allow":["GET"]}}],"collection":[{"href":"https:\/\/cvinoticias.com\/v3\/wp-json\/wp\/v2\/posts"}],"about":[{"href":"https:\/\/cvinoticias.com\/v3\/wp-json\/wp\/v2\/types\/post"}],"author":[{"embeddable":true,"href":"https:\/\/cvinoticias.com\/v3\/wp-json\/wp\/v2\/users\/2"}],"replies":[{"embeddable":true,"href":"https:\/\/cvinoticias.com\/v3\/wp-json\/wp\/v2\/comments?post=21170"}],"version-history":[{"count":1,"href":"https:\/\/cvinoticias.com\/v3\/wp-json\/wp\/v2\/posts\/21170\/revisions"}],"predecessor-version":[{"id":21172,"href":"https:\/\/cvinoticias.com\/v3\/wp-json\/wp\/v2\/posts\/21170\/revisions\/21172"}],"wp:featuredmedia":[{"embeddable":true,"href":"https:\/\/cvinoticias.com\/v3\/wp-json\/wp\/v2\/media\/21171"}],"wp:attachment":[{"href":"https:\/\/cvinoticias.com\/v3\/wp-json\/wp\/v2\/media?parent=21170"}],"wp:term":[{"taxonomy":"category","embeddable":true,"href":"https:\/\/cvinoticias.com\/v3\/wp-json\/wp\/v2\/categories?post=21170"},{"taxonomy":"post_tag","embeddable":true,"href":"https:\/\/cvinoticias.com\/v3\/wp-json\/wp\/v2\/tags?post=21170"}],"curies":[{"name":"wp","href":"https:\/\/api.w.org\/{rel}","templated":true}]}}