{"id":21164,"date":"2022-12-11T13:59:19","date_gmt":"2022-12-11T13:59:19","guid":{"rendered":"https:\/\/cvinoticias.com\/v3\/?p=21164"},"modified":"2022-12-11T13:59:19","modified_gmt":"2022-12-11T13:59:19","slug":"la-reivindicacion-de-la-politica-de-buena-fe","status":"publish","type":"post","link":"https:\/\/cvinoticias.com\/v3\/la-reivindicacion-de-la-politica-de-buena-fe\/","title":{"rendered":"La reivindicaci\u00f3n de la pol\u00edtica de buena f\u00e9"},"content":{"rendered":"\n<p><strong><em>El Parlamento Misionero renov\u00f3 sus autoridades tal como establece la Constituci\u00f3n Provincial. El clima de respeto y de convivencia democr\u00e1tica imperante en la sesi\u00f3n extraordinaria celebrada en el d\u00eda de ayer, resulta una muestra m\u00e1s de madurez pol\u00edtica y concordia social que ubica a Misiones como ejemplo a seguir en un pa\u00eds atravesado por la grieta generada y alimentada por los dos grandes espacios pol\u00edticos nacionales.<\/em><\/strong><\/p>\n\n\n\n<p>La discusi\u00f3n respetuosa, sin insultos ni atribuci\u00f3n de intenciones es fundamental para la convivencia. En tiempos signados por rumores y difamaciones, el sano debate de ideas se ha vuelto fundamental para el fortalecimiento democr\u00e1tico y el respeto por la diferencia.<br>La clase pol\u00edtica debe entender que en un aut\u00e9ntico debate de ideas no ganan o pierden personas, sino que ganan todos, porque ganan los mejores argumentos y las ideas m\u00e1s convincentes. En un aut\u00e9ntico debate de ideas todos aprenden, incluso a matizar nuestras posiciones, a reconocer errores, a comprender la complejidad de los temas, y aleja a todos de la simplificaci\u00f3n que polariza la sociedad. En un aut\u00e9ntico debate de ideas los temas de discusi\u00f3n nunca son la vida personal de quienes debaten. Pero cuando las personas no saben argumentar o no tienen m\u00e1s argumentos por falta de profundidad o de claridad, comienzan a se\u00f1alar problemas o debilidades personales de sus interlocutores y, en lugar de responder al argumento contrario, pierden el debate y perdemos todos.<\/p>\n\n\n\n<p>La dirigencia de hoy, en su mayor\u00eda, est\u00e1 m\u00e1s preocupada por las disputas internas y en conquistar espacios de poder que en solucionar los problemas de los ciudadanos de a pie. Est\u00e1n inmersos en una burbuja en donde tienen la convicci\u00f3n de que la agenda de la clase pol\u00edtica es la agenda de la sociedad. Enceguecidos por el poder, d\u00eda a d\u00eda toman m\u00e1s distancia de la ciudadan\u00eda y acrecientan esa brecha que desemboca indefectiblemente en un divorcio entre la pol\u00edtica y la ciudadan\u00eda. Es as\u00ed que comienza a tallar en el inconsciente colectivo el sentimiento de desafecci\u00f3n, y eso es grave porque desemboca en una fractura c\u00edvica.<\/p>\n\n\n\n<p>La construcci\u00f3n de una sociedad que trabaje por el bien com\u00fan requiere de acuerdos y de proyectos a largo plazo. El di\u00e1logo es la herramienta fundamental que nos permite avanzar, poniendo los argumentos por encima de los intereses personales.<\/p>\n\n\n\n<p>El di\u00e1logo nos hace capaces de descubrir que no coincidimos en todo ni estamos en todo en desacuerdo; nos permite fortalecer lo que nos une y aceptar lo que nos divide, buscando tambi\u00e9n consensos en decisiones dif\u00edciles.<\/p>\n\n\n\n<p>La comunidad pol\u00edtica es aut\u00e9ntica cuando existen v\u00ednculos reales y solidarios que, en medio de las diferencias, van m\u00e1s lejos de una superficial tolerancia o de respeto por las normas, sino que se realiza en la construcci\u00f3n colectiva de un nosotros que solo se hace posible desde el respeto por la dignidad de todo ser humano y la confianza en las instituciones.<\/p>\n\n\n\n<ul class=\"wp-block-list\">\n<li>* *<br>Alta calidad institucional<br>El marco de respeto y de madurez democr\u00e1tica en el que se desarroll\u00f3 la renovaci\u00f3n de autoridades de la C\u00e1mara de Representantes pone en relieve el nivel de calidad institucional que ostenta la Provincia de Misiones. La elecci\u00f3n de las autoridades del parlamento mediante el voto un\u00e1nime, con el apoyo de los diputados pertenecientes a la oposici\u00f3n, da cuenta de lo expresado precedentemente. Una realidad que contrasta fuertemente con lo que sucede a nivel nacional, donde las interminables disputas por el poder entre los dos bandos que conforman las fuerzas pol\u00edticas nacionales arrastran al pa\u00eds a una situaci\u00f3n de caos constante que atentan contra el progreso de la Naci\u00f3n y el fortalecimiento democr\u00e1tico. La postal que dej\u00f3 semanas atr\u00e1s la C\u00e1mara de Diputados de la Naci\u00f3n, es diametralmente opuesta a la realidad de la provincia. El eterno desencuentro y la marcada falta de di\u00e1logo entre el Frente de Todos y Juntos por el Cambio deriv\u00f3 en que el principal espacio opositor no de qu\u00f3rum en la c\u00e1mara baja, impidiendo as\u00ed la elecci\u00f3n de autoridades parlamentarias correspondientes al a\u00f1o 2023. Una pr\u00e1ctica que se repite, si recordamos lo sucedido en 2021, a\u00f1o en que la alianza cambiemita dej\u00f3 sin presupuesto al pa\u00eds, como consecuencia del voto negativo de su bancada.<\/li>\n<\/ul>\n\n\n\n<p>Culminada la votaci\u00f3n que proclam\u00f3 al Ing. Carlos Rovira como Presidente de la Legislatura Provincial, a Hugo Passalacqua como vice presidente primero y a Jorge Lacour como vice presidente segundo, Rovira hizo uso de la palabra para reflexionar sobre los diferentes aspectos de la vida institucional, social y pol\u00edtica de la Rep\u00fablica, pero particularmente de nuestra sociedad misionera.<\/p>\n\n\n\n<p>En su alocuci\u00f3n destac\u00f3 el \u201centorno de tranquilidad paz, de concordia, donde cada uno y todos los actores de la vida p\u00fablica pueden expresar con total hidalgu\u00eda sus contenidos de ideas o al menos sus proposiciones, sin distingos, todos por igual, todos escuchados\u201d.<\/p>\n\n\n\n<p>En otro tramo de su exposici\u00f3n, hizo referencia a los hechos sucedidos en el Congreso de la Naci\u00f3n, que fueron citados precedentemente: \u201cLa Naci\u00f3n no ha elegido autoridades en el Congreso nacional. La \u00faltima sesi\u00f3n ha resultado un caos escandaloso. Donde ni siquiera tuvieron la oportunidad propios y extra\u00f1os, gobierno y oposici\u00f3n, de decirse en la casi pasividad de los esp\u00edritus desencontrados lo que ten\u00edan no para el otro sino para la Rep\u00fablica. Hecho grave. Pero a los hechos graves hay que emerger con miradas constructivas, generosas, profundas democr\u00e1ticas, como \u00e9sta, con hechos, no con palabras\u201d.<\/p>\n\n\n\n<p>Con gran \u00e9nfasis, manifest\u00f3 que es un convencido que la vida democr\u00e1tica, como lo hacen casi todos los actores que transitan permanentemente al mirar a Misiones, se logra con el clima que se consigui\u00f3 en la C\u00e1mara de Representantes, donde la gesti\u00f3n de qui\u00e9n gobierna va encarando un eje que no se puede reducir con palabras. Que no se puede minimizar. Un eje que ha permitido en este a\u00f1o que est\u00e1 terminando, ubicar a los gobernantes misioneros, principalmente al gobernador, en la m\u00e9trica de la opini\u00f3n p\u00fablica nacional como el mejor gobernador del pa\u00eds.<\/p>\n\n\n\n<p><strong>El rol de los j\u00f3venes dentro del Proyecto Misionerista<\/strong><\/p>\n\n\n\n<p>El Ing. Rovira consider\u00f3 durante su discurso que el principal escollo en la pol\u00edtica universal de todo el mundo, de todos los partidos pol\u00edticos, el activo m\u00e1s importante y m\u00e1s dif\u00edcil de resolver es la participaci\u00f3n de la juventud.<\/p>\n\n\n\n<p>Y en ese sentido, resalt\u00f3 que ning\u00fan espacio pol\u00edtico del pa\u00eds ha asignado tanta importancia y sentido estrat\u00e9gico a los j\u00f3venes como lo viene haciendo el Frente Renovador de la Concordia. En el mismo sentido, consider\u00f3 que es la nueva paridad que nace con una fuerza inusitada, bien ganada; hombres y mujeres j\u00f3venes de nuestra provincia. Son casi el 50%. \u201cLe hemos abierto un espacio, le hemos asegurado un espacio, pero no con un criterio electoral, porque estoy convencido que la inteligencia y la creatividad son el principal activo para impulsar la econom\u00eda; para impulsar el desarrollo de un pueblo; para impulsar una provincia; para seguir sosteniendo que Misiones en modelo nacional en esto. Y esto va adelantando la amalgama que debe haber entre la experiencia de quienes han transitado ya el camino, han dado su aporte con su cuota de seriedad, de tranquilidad, de serenidad que se necesita. Pero al lado, debe estar ese dinamismo, esa fuerza impulsora, ese fuego que solo las chicas y los chicos j\u00f3venes con la mentalidad abierta a las nuevas tecnolog\u00edas, los nuevos pensamientos. Alejados de los prejuicios de los odios, de los resentimientos, de los discursos vanos que no conducen a nada; hoy ya est\u00e1n presentes diciendo: aqu\u00ed estamos para este nuevo impulso\u201d, remarc\u00f3.<\/p>\n\n\n\n<p><strong>Avances sobre la Zona Aduanera Especial<\/strong><br>El hecho sobresaliente de la pr\u00f3xima semana ser\u00e1 sin dudas la reuni\u00f3n que mantendr\u00e1 el lunes el gobernador Herrera Ahuad con el Ministro de Econom\u00eda de la Naci\u00f3n, Sergio Massa, con las expectativas puestas en avanzar lo antes posible en la reglamentaci\u00f3n de la Zona Aduanera Especial para Misiones, el pr\u00f3ximo paso a seguir luego de la promulgaci\u00f3n del Presupuesto Nacional 2023, que contempla en su art\u00edculo 121 conceder la facultad al Poder Ejecutivo para que a trav\u00e9s del Ministerio de Econom\u00eda pueda crear zonas aduaneras especiales en regiones del territorio nacional que considere pertinentes.<br>En esta oportunidad, todo parece indicar que finalmente concretar\u00e1 esta idea que fuera dise\u00f1ada estrat\u00e9gicamente por Carlos Rovira y Oscar Herrera Ahuad e impulsada por los diputados nacionales renovadores.<\/p>\n\n\n\n<p>En referencia a este logro alcanzado por el gobierno misionero, el Presidente del Parlamento Misionero remarc\u00f3 que: \u201cEste a\u00f1o nuestra representaci\u00f3n parlamentaria de la Renovaci\u00f3n ha conseguido, nuevamente, en el \u00e1mbito nacional sancionar un t\u00e9rmino de ley generando una zona especial econ\u00f3mica, que vaya corrigiendo como herramienta eficaz esa carencia de cumplimiento de la Constituci\u00f3n Nacional que nos debe la Naci\u00f3n. Nuevamente es ley. Ya el gobernador y su ministro est\u00e1n articulando con el Ministerio de Econom\u00eda de la Naci\u00f3n los t\u00e9rminos pr\u00e1cticos para que esto vaya tambi\u00e9n en el sentido correcto de mayor empleo, mayor crecimiento, expansi\u00f3n de nuestros espacios productivos. Qu\u00e9 importante consagrar la palabra empe\u00f1ada. Ser constantes, perseverantes. Qu\u00e9 importante es supeditar la pol\u00edtica a la inteligencia, la inteligencia de todos\u201d.<br>Hay se\u00f1ales claras que indican la existencia de voluntad pol\u00edtica. Tal es as\u00ed que en su visita a la provincia el pasado viernes, el titular de Aduanas de la Naci\u00f3n, Guillermo Michel, sostuvo que \u201cestamos trabajando con el Ministro de Econom\u00eda de la Naci\u00f3n para reglamentar y poner en funcionamiento algo que vot\u00f3 el Congreso, que es la Zona Aduanera Especial para Misiones\u201d.<br>Desde el Ministerio de Hacienda de la Provincia se est\u00e1 trabajado en un borrador de la reglamentaci\u00f3n para sugerirle a la Naci\u00f3n y de esta manera acelerar los mecanismos para su concreci\u00f3n. Lo cierto es que los tiempos dependen de otras variables y la instrumentaci\u00f3n no ser\u00e1 de manera inmediata, teniendo en cuenta la grave crisis econ\u00f3mica que atraviesa el pa\u00eds.<\/p>\n\n\n\n<p><strong>Las desventuras de Juntos por el Cambio<\/strong><br>La interna de la alianza opositora en Misiones sum\u00f3 un nuevo cap\u00edtulo el d\u00eda de la renovaci\u00f3n de autoridades del Poder Legislativo. Luego de idas y vueltas, divergencias de posturas y tensiones generadas por opiniones discordantes, finalmente, en una audaz maniobra, el radicalismo arrebat\u00f3 la vice presidencia segunda de la C\u00e1mara de Representantes a sus socios del PRO, un cargo que tradicionalmente pertenec\u00eda al espacio pol\u00edtico macrista. El diputado radical oriundo del Eldorado Jorge Lacour fue elegido como el nuevo vice presidente segundo del Poder Legislativo y reemplazar\u00e1 al referente obere\u00f1o del PRO Horacio Loreiro, que estuvo ausente en la sesi\u00f3n extraordinaria de elecci\u00f3n de autoridades.<\/p>\n\n\n\n<p>Otro hecho llamativo de dicha jornada fue la ausencia del diputado nacional de Juntos por el Cambio Mart\u00edn Arjol, que en honor a sus actos demuestra un total desapego a los temas no s\u00f3lo institucionales, sino a todo lo vinculado a Misiones, habida cuenta de que la mayor\u00eda de sus acciones pol\u00edticas fueron en l\u00ednea con los intereses fijados por el gobernador correntino Gustavo Vald\u00e9s y el bloque de diputados nacionales de Juntos por el Cambio.<\/p>\n\n\n\n<p><strong>(*) Por Nicol\u00e1s Marchiori<\/strong><\/p>\n\n\n\n<p><strong>Abogado. Diplomado en Manejo de Crisis y en An\u00e1lisis de Procesos Electorales. Posgrado de Especializaci\u00f3n en Comunicaci\u00f3n de Gobierno y Electoral. Becario de la Fundaci\u00f3n Konrad Adenauer y del Centro de An\u00e1lisis y Entrenamiento Pol\u00edtico &#8211; CAEP (Colombia).<\/strong><\/p>\n","protected":false},"excerpt":{"rendered":"<p>El Parlamento Misionero renov\u00f3 sus autoridades tal como establece la Constituci\u00f3n Provincial. El clima de respeto y de convivencia democr\u00e1tica imperante en la sesi\u00f3n extraordinaria celebrada en el d\u00eda de ayer, resulta una muestra m\u00e1s de madurez pol\u00edtica y concordia social que ubica a Misiones como ejemplo a seguir en un pa\u00eds atravesado por la [&hellip;]<\/p>\n","protected":false},"author":2,"featured_media":21165,"comment_status":"open","ping_status":"open","sticky":false,"template":"","format":"standard","meta":{"footnotes":""},"categories":[42],"tags":[],"class_list":["post-21164","post","type-post","status-publish","format-standard","has-post-thumbnail","hentry","category-politica"],"yoast_head":"<!-- This site is optimized with the Yoast SEO plugin v27.5 - https:\/\/yoast.com\/product\/yoast-seo-wordpress\/ -->\n<title>La reivindicaci\u00f3n de la pol\u00edtica de buena f\u00e9 | CVI NOTICIAS<\/title>\n<meta name=\"robots\" content=\"index, follow, max-snippet:-1, max-image-preview:large, max-video-preview:-1\" \/>\n<link rel=\"canonical\" href=\"https:\/\/cvinoticias.com\/v3\/la-reivindicacion-de-la-politica-de-buena-fe\/\" \/>\n<meta property=\"og:locale\" content=\"es_ES\" \/>\n<meta property=\"og:type\" content=\"article\" \/>\n<meta property=\"og:title\" content=\"La reivindicaci\u00f3n de la pol\u00edtica de buena f\u00e9 | CVI NOTICIAS\" \/>\n<meta property=\"og:description\" content=\"El Parlamento Misionero renov\u00f3 sus autoridades tal como establece la Constituci\u00f3n Provincial. El clima de respeto y de convivencia democr\u00e1tica imperante en la sesi\u00f3n extraordinaria celebrada en el d\u00eda de ayer, resulta una muestra m\u00e1s de madurez pol\u00edtica y concordia social que ubica a Misiones como ejemplo a seguir en un pa\u00eds atravesado por la [&hellip;]\" \/>\n<meta property=\"og:url\" content=\"https:\/\/cvinoticias.com\/v3\/la-reivindicacion-de-la-politica-de-buena-fe\/\" \/>\n<meta property=\"og:site_name\" content=\"CVI NOTICIAS\" \/>\n<meta property=\"article:publisher\" content=\"https:\/\/www.facebook.com\/cvinoticias\" \/>\n<meta property=\"article:published_time\" content=\"2022-12-11T13:59:19+00:00\" \/>\n<meta property=\"og:image\" content=\"https:\/\/cvinoticias.com\/wp-content\/uploads\/2022\/12\/IMG-20221211-WA0004.jpg\" \/>\n\t<meta property=\"og:image:width\" content=\"1280\" \/>\n\t<meta property=\"og:image:height\" content=\"721\" \/>\n\t<meta property=\"og:image:type\" content=\"image\/jpeg\" \/>\n<meta name=\"author\" content=\"f1000024\" \/>\n<meta name=\"twitter:card\" content=\"summary_large_image\" \/>\n<meta name=\"twitter:label1\" content=\"Escrito por\" \/>\n\t<meta name=\"twitter:data1\" content=\"f1000024\" \/>\n\t<meta name=\"twitter:label2\" content=\"Tiempo de lectura\" \/>\n\t<meta name=\"twitter:data2\" content=\"10 minutos\" \/>\n<script type=\"application\/ld+json\" class=\"yoast-schema-graph\">{\"@context\":\"https:\\\/\\\/schema.org\",\"@graph\":[{\"@type\":\"Article\",\"@id\":\"https:\\\/\\\/cvinoticias.com\\\/v3\\\/la-reivindicacion-de-la-politica-de-buena-fe\\\/#article\",\"isPartOf\":{\"@id\":\"https:\\\/\\\/cvinoticias.com\\\/v3\\\/la-reivindicacion-de-la-politica-de-buena-fe\\\/\"},\"author\":{\"name\":\"f1000024\",\"@id\":\"https:\\\/\\\/cvinoticias.com\\\/v3\\\/#\\\/schema\\\/person\\\/2db77e3c6bc03c538495d7b2b8be9b66\"},\"headline\":\"La reivindicaci\u00f3n de la pol\u00edtica de buena f\u00e9\",\"datePublished\":\"2022-12-11T13:59:19+00:00\",\"mainEntityOfPage\":{\"@id\":\"https:\\\/\\\/cvinoticias.com\\\/v3\\\/la-reivindicacion-de-la-politica-de-buena-fe\\\/\"},\"wordCount\":2021,\"commentCount\":0,\"publisher\":{\"@id\":\"https:\\\/\\\/cvinoticias.com\\\/v3\\\/#organization\"},\"image\":{\"@id\":\"https:\\\/\\\/cvinoticias.com\\\/v3\\\/la-reivindicacion-de-la-politica-de-buena-fe\\\/#primaryimage\"},\"thumbnailUrl\":\"https:\\\/\\\/cvinoticias.com\\\/wp-content\\\/uploads\\\/2022\\\/12\\\/IMG-20221211-WA0004.jpg\",\"articleSection\":[\"Politica\"],\"inLanguage\":\"es\",\"potentialAction\":[{\"@type\":\"CommentAction\",\"name\":\"Comment\",\"target\":[\"https:\\\/\\\/cvinoticias.com\\\/v3\\\/la-reivindicacion-de-la-politica-de-buena-fe\\\/#respond\"]}]},{\"@type\":\"WebPage\",\"@id\":\"https:\\\/\\\/cvinoticias.com\\\/v3\\\/la-reivindicacion-de-la-politica-de-buena-fe\\\/\",\"url\":\"https:\\\/\\\/cvinoticias.com\\\/v3\\\/la-reivindicacion-de-la-politica-de-buena-fe\\\/\",\"name\":\"La reivindicaci\u00f3n de la pol\u00edtica de buena f\u00e9 | CVI NOTICIAS\",\"isPartOf\":{\"@id\":\"https:\\\/\\\/cvinoticias.com\\\/v3\\\/#website\"},\"primaryImageOfPage\":{\"@id\":\"https:\\\/\\\/cvinoticias.com\\\/v3\\\/la-reivindicacion-de-la-politica-de-buena-fe\\\/#primaryimage\"},\"image\":{\"@id\":\"https:\\\/\\\/cvinoticias.com\\\/v3\\\/la-reivindicacion-de-la-politica-de-buena-fe\\\/#primaryimage\"},\"thumbnailUrl\":\"https:\\\/\\\/cvinoticias.com\\\/wp-content\\\/uploads\\\/2022\\\/12\\\/IMG-20221211-WA0004.jpg\",\"datePublished\":\"2022-12-11T13:59:19+00:00\",\"breadcrumb\":{\"@id\":\"https:\\\/\\\/cvinoticias.com\\\/v3\\\/la-reivindicacion-de-la-politica-de-buena-fe\\\/#breadcrumb\"},\"inLanguage\":\"es\",\"potentialAction\":[{\"@type\":\"ReadAction\",\"target\":[\"https:\\\/\\\/cvinoticias.com\\\/v3\\\/la-reivindicacion-de-la-politica-de-buena-fe\\\/\"]}]},{\"@type\":\"ImageObject\",\"inLanguage\":\"es\",\"@id\":\"https:\\\/\\\/cvinoticias.com\\\/v3\\\/la-reivindicacion-de-la-politica-de-buena-fe\\\/#primaryimage\",\"url\":\"https:\\\/\\\/cvinoticias.com\\\/wp-content\\\/uploads\\\/2022\\\/12\\\/IMG-20221211-WA0004.jpg\",\"contentUrl\":\"https:\\\/\\\/cvinoticias.com\\\/wp-content\\\/uploads\\\/2022\\\/12\\\/IMG-20221211-WA0004.jpg\",\"width\":1280,\"height\":721},{\"@type\":\"BreadcrumbList\",\"@id\":\"https:\\\/\\\/cvinoticias.com\\\/v3\\\/la-reivindicacion-de-la-politica-de-buena-fe\\\/#breadcrumb\",\"itemListElement\":[{\"@type\":\"ListItem\",\"position\":1,\"name\":\"Portada\",\"item\":\"https:\\\/\\\/cvinoticias.com\\\/v3\\\/\"},{\"@type\":\"ListItem\",\"position\":2,\"name\":\"La reivindicaci\u00f3n de la pol\u00edtica de buena f\u00e9\"}]},{\"@type\":\"WebSite\",\"@id\":\"https:\\\/\\\/cvinoticias.com\\\/v3\\\/#website\",\"url\":\"https:\\\/\\\/cvinoticias.com\\\/v3\\\/\",\"name\":\"CVI NOTICIAS\",\"description\":\"\",\"publisher\":{\"@id\":\"https:\\\/\\\/cvinoticias.com\\\/v3\\\/#organization\"},\"alternateName\":\"CVI\",\"potentialAction\":[{\"@type\":\"SearchAction\",\"target\":{\"@type\":\"EntryPoint\",\"urlTemplate\":\"https:\\\/\\\/cvinoticias.com\\\/v3\\\/?s={search_term_string}\"},\"query-input\":{\"@type\":\"PropertyValueSpecification\",\"valueRequired\":true,\"valueName\":\"search_term_string\"}}],\"inLanguage\":\"es\"},{\"@type\":\"Organization\",\"@id\":\"https:\\\/\\\/cvinoticias.com\\\/v3\\\/#organization\",\"name\":\"CVI NOTICIAS\",\"url\":\"https:\\\/\\\/cvinoticias.com\\\/v3\\\/\",\"logo\":{\"@type\":\"ImageObject\",\"inLanguage\":\"es\",\"@id\":\"https:\\\/\\\/cvinoticias.com\\\/v3\\\/#\\\/schema\\\/logo\\\/image\\\/\",\"url\":\"https:\\\/\\\/cvinoticias.com\\\/wp-content\\\/uploads\\\/2023\\\/04\\\/cropped-cropped-cropped-cropped-cropped-3-1.png\",\"contentUrl\":\"https:\\\/\\\/cvinoticias.com\\\/wp-content\\\/uploads\\\/2023\\\/04\\\/cropped-cropped-cropped-cropped-cropped-3-1.png\",\"width\":95,\"height\":122,\"caption\":\"CVI NOTICIAS\"},\"image\":{\"@id\":\"https:\\\/\\\/cvinoticias.com\\\/v3\\\/#\\\/schema\\\/logo\\\/image\\\/\"},\"sameAs\":[\"https:\\\/\\\/www.facebook.com\\\/cvinoticias\",\"https:\\\/\\\/www.instagram.com\\\/cvinoticias\\\/\",\"https:\\\/\\\/www.youtube.com\\\/@CVINOTICIAS\"]},{\"@type\":\"Person\",\"@id\":\"https:\\\/\\\/cvinoticias.com\\\/v3\\\/#\\\/schema\\\/person\\\/2db77e3c6bc03c538495d7b2b8be9b66\",\"name\":\"f1000024\",\"image\":{\"@type\":\"ImageObject\",\"inLanguage\":\"es\",\"@id\":\"https:\\\/\\\/secure.gravatar.com\\\/avatar\\\/d4fe7459cfc51ff5129ce1a732bbef5928568b8092d412ef95611616376bbeed?s=96&d=mm&r=g\",\"url\":\"https:\\\/\\\/secure.gravatar.com\\\/avatar\\\/d4fe7459cfc51ff5129ce1a732bbef5928568b8092d412ef95611616376bbeed?s=96&d=mm&r=g\",\"contentUrl\":\"https:\\\/\\\/secure.gravatar.com\\\/avatar\\\/d4fe7459cfc51ff5129ce1a732bbef5928568b8092d412ef95611616376bbeed?s=96&d=mm&r=g\",\"caption\":\"f1000024\"},\"url\":\"https:\\\/\\\/cvinoticias.com\\\/v3\\\/author\\\/f1000024\\\/\"}]}<\/script>\n<!-- \/ Yoast SEO plugin. -->","yoast_head_json":{"title":"La reivindicaci\u00f3n de la pol\u00edtica de buena f\u00e9 | CVI NOTICIAS","robots":{"index":"index","follow":"follow","max-snippet":"max-snippet:-1","max-image-preview":"max-image-preview:large","max-video-preview":"max-video-preview:-1"},"canonical":"https:\/\/cvinoticias.com\/v3\/la-reivindicacion-de-la-politica-de-buena-fe\/","og_locale":"es_ES","og_type":"article","og_title":"La reivindicaci\u00f3n de la pol\u00edtica de buena f\u00e9 | CVI NOTICIAS","og_description":"El Parlamento Misionero renov\u00f3 sus autoridades tal como establece la Constituci\u00f3n Provincial. El clima de respeto y de convivencia democr\u00e1tica imperante en la sesi\u00f3n extraordinaria celebrada en el d\u00eda de ayer, resulta una muestra m\u00e1s de madurez pol\u00edtica y concordia social que ubica a Misiones como ejemplo a seguir en un pa\u00eds atravesado por la [&hellip;]","og_url":"https:\/\/cvinoticias.com\/v3\/la-reivindicacion-de-la-politica-de-buena-fe\/","og_site_name":"CVI NOTICIAS","article_publisher":"https:\/\/www.facebook.com\/cvinoticias","article_published_time":"2022-12-11T13:59:19+00:00","og_image":[{"width":1280,"height":721,"url":"https:\/\/cvinoticias.com\/wp-content\/uploads\/2022\/12\/IMG-20221211-WA0004.jpg","type":"image\/jpeg"}],"author":"f1000024","twitter_card":"summary_large_image","twitter_misc":{"Escrito por":"f1000024","Tiempo de lectura":"10 minutos"},"schema":{"@context":"https:\/\/schema.org","@graph":[{"@type":"Article","@id":"https:\/\/cvinoticias.com\/v3\/la-reivindicacion-de-la-politica-de-buena-fe\/#article","isPartOf":{"@id":"https:\/\/cvinoticias.com\/v3\/la-reivindicacion-de-la-politica-de-buena-fe\/"},"author":{"name":"f1000024","@id":"https:\/\/cvinoticias.com\/v3\/#\/schema\/person\/2db77e3c6bc03c538495d7b2b8be9b66"},"headline":"La reivindicaci\u00f3n de la pol\u00edtica de buena f\u00e9","datePublished":"2022-12-11T13:59:19+00:00","mainEntityOfPage":{"@id":"https:\/\/cvinoticias.com\/v3\/la-reivindicacion-de-la-politica-de-buena-fe\/"},"wordCount":2021,"commentCount":0,"publisher":{"@id":"https:\/\/cvinoticias.com\/v3\/#organization"},"image":{"@id":"https:\/\/cvinoticias.com\/v3\/la-reivindicacion-de-la-politica-de-buena-fe\/#primaryimage"},"thumbnailUrl":"https:\/\/cvinoticias.com\/wp-content\/uploads\/2022\/12\/IMG-20221211-WA0004.jpg","articleSection":["Politica"],"inLanguage":"es","potentialAction":[{"@type":"CommentAction","name":"Comment","target":["https:\/\/cvinoticias.com\/v3\/la-reivindicacion-de-la-politica-de-buena-fe\/#respond"]}]},{"@type":"WebPage","@id":"https:\/\/cvinoticias.com\/v3\/la-reivindicacion-de-la-politica-de-buena-fe\/","url":"https:\/\/cvinoticias.com\/v3\/la-reivindicacion-de-la-politica-de-buena-fe\/","name":"La reivindicaci\u00f3n de la pol\u00edtica de buena f\u00e9 | CVI NOTICIAS","isPartOf":{"@id":"https:\/\/cvinoticias.com\/v3\/#website"},"primaryImageOfPage":{"@id":"https:\/\/cvinoticias.com\/v3\/la-reivindicacion-de-la-politica-de-buena-fe\/#primaryimage"},"image":{"@id":"https:\/\/cvinoticias.com\/v3\/la-reivindicacion-de-la-politica-de-buena-fe\/#primaryimage"},"thumbnailUrl":"https:\/\/cvinoticias.com\/wp-content\/uploads\/2022\/12\/IMG-20221211-WA0004.jpg","datePublished":"2022-12-11T13:59:19+00:00","breadcrumb":{"@id":"https:\/\/cvinoticias.com\/v3\/la-reivindicacion-de-la-politica-de-buena-fe\/#breadcrumb"},"inLanguage":"es","potentialAction":[{"@type":"ReadAction","target":["https:\/\/cvinoticias.com\/v3\/la-reivindicacion-de-la-politica-de-buena-fe\/"]}]},{"@type":"ImageObject","inLanguage":"es","@id":"https:\/\/cvinoticias.com\/v3\/la-reivindicacion-de-la-politica-de-buena-fe\/#primaryimage","url":"https:\/\/cvinoticias.com\/wp-content\/uploads\/2022\/12\/IMG-20221211-WA0004.jpg","contentUrl":"https:\/\/cvinoticias.com\/wp-content\/uploads\/2022\/12\/IMG-20221211-WA0004.jpg","width":1280,"height":721},{"@type":"BreadcrumbList","@id":"https:\/\/cvinoticias.com\/v3\/la-reivindicacion-de-la-politica-de-buena-fe\/#breadcrumb","itemListElement":[{"@type":"ListItem","position":1,"name":"Portada","item":"https:\/\/cvinoticias.com\/v3\/"},{"@type":"ListItem","position":2,"name":"La reivindicaci\u00f3n de la pol\u00edtica de buena f\u00e9"}]},{"@type":"WebSite","@id":"https:\/\/cvinoticias.com\/v3\/#website","url":"https:\/\/cvinoticias.com\/v3\/","name":"CVI NOTICIAS","description":"","publisher":{"@id":"https:\/\/cvinoticias.com\/v3\/#organization"},"alternateName":"CVI","potentialAction":[{"@type":"SearchAction","target":{"@type":"EntryPoint","urlTemplate":"https:\/\/cvinoticias.com\/v3\/?s={search_term_string}"},"query-input":{"@type":"PropertyValueSpecification","valueRequired":true,"valueName":"search_term_string"}}],"inLanguage":"es"},{"@type":"Organization","@id":"https:\/\/cvinoticias.com\/v3\/#organization","name":"CVI NOTICIAS","url":"https:\/\/cvinoticias.com\/v3\/","logo":{"@type":"ImageObject","inLanguage":"es","@id":"https:\/\/cvinoticias.com\/v3\/#\/schema\/logo\/image\/","url":"https:\/\/cvinoticias.com\/wp-content\/uploads\/2023\/04\/cropped-cropped-cropped-cropped-cropped-3-1.png","contentUrl":"https:\/\/cvinoticias.com\/wp-content\/uploads\/2023\/04\/cropped-cropped-cropped-cropped-cropped-3-1.png","width":95,"height":122,"caption":"CVI NOTICIAS"},"image":{"@id":"https:\/\/cvinoticias.com\/v3\/#\/schema\/logo\/image\/"},"sameAs":["https:\/\/www.facebook.com\/cvinoticias","https:\/\/www.instagram.com\/cvinoticias\/","https:\/\/www.youtube.com\/@CVINOTICIAS"]},{"@type":"Person","@id":"https:\/\/cvinoticias.com\/v3\/#\/schema\/person\/2db77e3c6bc03c538495d7b2b8be9b66","name":"f1000024","image":{"@type":"ImageObject","inLanguage":"es","@id":"https:\/\/secure.gravatar.com\/avatar\/d4fe7459cfc51ff5129ce1a732bbef5928568b8092d412ef95611616376bbeed?s=96&d=mm&r=g","url":"https:\/\/secure.gravatar.com\/avatar\/d4fe7459cfc51ff5129ce1a732bbef5928568b8092d412ef95611616376bbeed?s=96&d=mm&r=g","contentUrl":"https:\/\/secure.gravatar.com\/avatar\/d4fe7459cfc51ff5129ce1a732bbef5928568b8092d412ef95611616376bbeed?s=96&d=mm&r=g","caption":"f1000024"},"url":"https:\/\/cvinoticias.com\/v3\/author\/f1000024\/"}]}},"_links":{"self":[{"href":"https:\/\/cvinoticias.com\/v3\/wp-json\/wp\/v2\/posts\/21164","targetHints":{"allow":["GET"]}}],"collection":[{"href":"https:\/\/cvinoticias.com\/v3\/wp-json\/wp\/v2\/posts"}],"about":[{"href":"https:\/\/cvinoticias.com\/v3\/wp-json\/wp\/v2\/types\/post"}],"author":[{"embeddable":true,"href":"https:\/\/cvinoticias.com\/v3\/wp-json\/wp\/v2\/users\/2"}],"replies":[{"embeddable":true,"href":"https:\/\/cvinoticias.com\/v3\/wp-json\/wp\/v2\/comments?post=21164"}],"version-history":[{"count":1,"href":"https:\/\/cvinoticias.com\/v3\/wp-json\/wp\/v2\/posts\/21164\/revisions"}],"predecessor-version":[{"id":21166,"href":"https:\/\/cvinoticias.com\/v3\/wp-json\/wp\/v2\/posts\/21164\/revisions\/21166"}],"wp:featuredmedia":[{"embeddable":true,"href":"https:\/\/cvinoticias.com\/v3\/wp-json\/wp\/v2\/media\/21165"}],"wp:attachment":[{"href":"https:\/\/cvinoticias.com\/v3\/wp-json\/wp\/v2\/media?parent=21164"}],"wp:term":[{"taxonomy":"category","embeddable":true,"href":"https:\/\/cvinoticias.com\/v3\/wp-json\/wp\/v2\/categories?post=21164"},{"taxonomy":"post_tag","embeddable":true,"href":"https:\/\/cvinoticias.com\/v3\/wp-json\/wp\/v2\/tags?post=21164"}],"curies":[{"name":"wp","href":"https:\/\/api.w.org\/{rel}","templated":true}]}}