{"id":21149,"date":"2022-12-10T10:13:58","date_gmt":"2022-12-10T10:13:58","guid":{"rendered":"https:\/\/cvinoticias.com\/v3\/?p=21149"},"modified":"2022-12-10T10:13:58","modified_gmt":"2022-12-10T10:13:58","slug":"decretan-asueto-administrativo-para-el-23-y-30-de-diciembre","status":"publish","type":"post","link":"https:\/\/cvinoticias.com\/v3\/decretan-asueto-administrativo-para-el-23-y-30-de-diciembre\/","title":{"rendered":"Decretan asueto administrativo para el 23 y 30 de diciembre"},"content":{"rendered":"\n<p><strong><em>El gobierno nacional decret\u00f3 asueto para la administraci\u00f3n p\u00fablica para los d\u00edas 23 y 30 de diciembre con motivo de las celebraciones de Navidad y A\u00f1o Nuevo.<\/em><\/strong><\/p>\n\n\n\n<p>La medida fue tomada \u00aba fin de facilitar las cl\u00e1sicas reuniones familiares que se realizan en Navidad y A\u00f1o Nuevo, se estima procedente posibilidad el acercamiento de quienes, por diversas causas, se domicilian lejos de sus seres queridos\u00bb.<\/p>\n\n\n\n<p>\u00abCon ese objetivo se considera convenientes otorgar asueto administrativo los d\u00edas 23 y 30 de diciembre del corriente a\u00f1o\u00bb, indicaron en el texto que lleva la firma de Jos\u00e9 Lepere, secretario de la Secretar\u00eda del Interior.<\/p>\n\n\n\n<p>El gobierno aclar\u00f3 que la medida de asueto \u00abno alcanza a las instituciones bancarias y entidades financieras\u00bb. Por lo tanto, la atenci\u00f3n en los bancos ser\u00e1 normal.<\/p>\n\n\n\n<figure class=\"wp-block-image size-large\"><a href=\"https:\/\/cvinoticias.com\/wp-content\/uploads\/2022\/12\/lg-2.jpg\"><img decoding=\"async\" width=\"791\" height=\"1024\" data-src=\"https:\/\/cvinoticias.com\/wp-content\/uploads\/2022\/12\/lg-2-791x1024.jpg\" alt=\"\" class=\"wp-image-21151 lazyload\" data-srcset=\"https:\/\/cvinoticias.com\/wp-content\/uploads\/2022\/12\/lg-2-791x1024.jpg 791w, https:\/\/cvinoticias.com\/wp-content\/uploads\/2022\/12\/lg-2-232x300.jpg 232w, https:\/\/cvinoticias.com\/wp-content\/uploads\/2022\/12\/lg-2-768x994.jpg 768w, https:\/\/cvinoticias.com\/wp-content\/uploads\/2022\/12\/lg-2.jpg 927w\" data-sizes=\"(max-width: 791px) 100vw, 791px\" src=\"data:image\/svg+xml;base64,PHN2ZyB3aWR0aD0iMSIgaGVpZ2h0PSIxIiB4bWxucz0iaHR0cDovL3d3dy53My5vcmcvMjAwMC9zdmciPjwvc3ZnPg==\" style=\"--smush-placeholder-width: 791px; --smush-placeholder-aspect-ratio: 791\/1024;\" \/><\/a><\/figure>\n","protected":false},"excerpt":{"rendered":"<p>El gobierno nacional decret\u00f3 asueto para la administraci\u00f3n p\u00fablica para los d\u00edas 23 y 30 de diciembre con motivo de las celebraciones de Navidad y A\u00f1o Nuevo. La medida fue tomada \u00aba fin de facilitar las cl\u00e1sicas reuniones familiares que se realizan en Navidad y A\u00f1o Nuevo, se estima procedente posibilidad el acercamiento de quienes, [&hellip;]<\/p>\n","protected":false},"author":2,"featured_media":21150,"comment_status":"open","ping_status":"open","sticky":false,"template":"","format":"standard","meta":{"footnotes":""},"categories":[39],"tags":[],"class_list":["post-21149","post","type-post","status-publish","format-standard","has-post-thumbnail","hentry","category-nacionales"],"yoast_head":"<!-- This site is optimized with the Yoast SEO plugin v27.5 - https:\/\/yoast.com\/product\/yoast-seo-wordpress\/ -->\n<title>Decretan asueto administrativo para el 23 y 30 de diciembre | CVI NOTICIAS<\/title>\n<meta name=\"robots\" content=\"index, follow, max-snippet:-1, max-image-preview:large, max-video-preview:-1\" \/>\n<link rel=\"canonical\" href=\"https:\/\/cvinoticias.com\/v3\/decretan-asueto-administrativo-para-el-23-y-30-de-diciembre\/\" \/>\n<meta property=\"og:locale\" content=\"es_ES\" \/>\n<meta property=\"og:type\" content=\"article\" \/>\n<meta property=\"og:title\" content=\"Decretan asueto administrativo para el 23 y 30 de diciembre | CVI NOTICIAS\" \/>\n<meta property=\"og:description\" content=\"El gobierno nacional decret\u00f3 asueto para la administraci\u00f3n p\u00fablica para los d\u00edas 23 y 30 de diciembre con motivo de las celebraciones de Navidad y A\u00f1o Nuevo. La medida fue tomada \u00aba fin de facilitar las cl\u00e1sicas reuniones familiares que se realizan en Navidad y A\u00f1o Nuevo, se estima procedente posibilidad el acercamiento de quienes, [&hellip;]\" \/>\n<meta property=\"og:url\" content=\"https:\/\/cvinoticias.com\/v3\/decretan-asueto-administrativo-para-el-23-y-30-de-diciembre\/\" \/>\n<meta property=\"og:site_name\" content=\"CVI NOTICIAS\" \/>\n<meta property=\"article:publisher\" content=\"https:\/\/www.facebook.com\/cvinoticias\" \/>\n<meta property=\"article:published_time\" content=\"2022-12-10T10:13:58+00:00\" \/>\n<meta property=\"og:image\" content=\"https:\/\/cvinoticias.com\/wp-content\/uploads\/2022\/12\/lg-1.jpg\" \/>\n\t<meta property=\"og:image:width\" content=\"927\" \/>\n\t<meta property=\"og:image:height\" content=\"1200\" \/>\n\t<meta property=\"og:image:type\" content=\"image\/jpeg\" \/>\n<meta name=\"author\" content=\"f1000024\" \/>\n<meta name=\"twitter:card\" content=\"summary_large_image\" \/>\n<meta name=\"twitter:label1\" content=\"Escrito por\" \/>\n\t<meta name=\"twitter:data1\" content=\"f1000024\" \/>\n\t<meta name=\"twitter:label2\" content=\"Tiempo de lectura\" \/>\n\t<meta name=\"twitter:data2\" content=\"1 minuto\" \/>\n<script type=\"application\/ld+json\" class=\"yoast-schema-graph\">{\"@context\":\"https:\\\/\\\/schema.org\",\"@graph\":[{\"@type\":\"Article\",\"@id\":\"https:\\\/\\\/cvinoticias.com\\\/v3\\\/decretan-asueto-administrativo-para-el-23-y-30-de-diciembre\\\/#article\",\"isPartOf\":{\"@id\":\"https:\\\/\\\/cvinoticias.com\\\/v3\\\/decretan-asueto-administrativo-para-el-23-y-30-de-diciembre\\\/\"},\"author\":{\"name\":\"f1000024\",\"@id\":\"https:\\\/\\\/cvinoticias.com\\\/v3\\\/#\\\/schema\\\/person\\\/2db77e3c6bc03c538495d7b2b8be9b66\"},\"headline\":\"Decretan asueto administrativo para el 23 y 30 de diciembre\",\"datePublished\":\"2022-12-10T10:13:58+00:00\",\"mainEntityOfPage\":{\"@id\":\"https:\\\/\\\/cvinoticias.com\\\/v3\\\/decretan-asueto-administrativo-para-el-23-y-30-de-diciembre\\\/\"},\"wordCount\":142,\"commentCount\":0,\"publisher\":{\"@id\":\"https:\\\/\\\/cvinoticias.com\\\/v3\\\/#organization\"},\"image\":{\"@id\":\"https:\\\/\\\/cvinoticias.com\\\/v3\\\/decretan-asueto-administrativo-para-el-23-y-30-de-diciembre\\\/#primaryimage\"},\"thumbnailUrl\":\"https:\\\/\\\/cvinoticias.com\\\/wp-content\\\/uploads\\\/2022\\\/12\\\/lg-1.jpg\",\"articleSection\":[\"Nacionales\"],\"inLanguage\":\"es\",\"potentialAction\":[{\"@type\":\"CommentAction\",\"name\":\"Comment\",\"target\":[\"https:\\\/\\\/cvinoticias.com\\\/v3\\\/decretan-asueto-administrativo-para-el-23-y-30-de-diciembre\\\/#respond\"]}]},{\"@type\":\"WebPage\",\"@id\":\"https:\\\/\\\/cvinoticias.com\\\/v3\\\/decretan-asueto-administrativo-para-el-23-y-30-de-diciembre\\\/\",\"url\":\"https:\\\/\\\/cvinoticias.com\\\/v3\\\/decretan-asueto-administrativo-para-el-23-y-30-de-diciembre\\\/\",\"name\":\"Decretan asueto administrativo para el 23 y 30 de diciembre | CVI NOTICIAS\",\"isPartOf\":{\"@id\":\"https:\\\/\\\/cvinoticias.com\\\/v3\\\/#website\"},\"primaryImageOfPage\":{\"@id\":\"https:\\\/\\\/cvinoticias.com\\\/v3\\\/decretan-asueto-administrativo-para-el-23-y-30-de-diciembre\\\/#primaryimage\"},\"image\":{\"@id\":\"https:\\\/\\\/cvinoticias.com\\\/v3\\\/decretan-asueto-administrativo-para-el-23-y-30-de-diciembre\\\/#primaryimage\"},\"thumbnailUrl\":\"https:\\\/\\\/cvinoticias.com\\\/wp-content\\\/uploads\\\/2022\\\/12\\\/lg-1.jpg\",\"datePublished\":\"2022-12-10T10:13:58+00:00\",\"breadcrumb\":{\"@id\":\"https:\\\/\\\/cvinoticias.com\\\/v3\\\/decretan-asueto-administrativo-para-el-23-y-30-de-diciembre\\\/#breadcrumb\"},\"inLanguage\":\"es\",\"potentialAction\":[{\"@type\":\"ReadAction\",\"target\":[\"https:\\\/\\\/cvinoticias.com\\\/v3\\\/decretan-asueto-administrativo-para-el-23-y-30-de-diciembre\\\/\"]}]},{\"@type\":\"ImageObject\",\"inLanguage\":\"es\",\"@id\":\"https:\\\/\\\/cvinoticias.com\\\/v3\\\/decretan-asueto-administrativo-para-el-23-y-30-de-diciembre\\\/#primaryimage\",\"url\":\"https:\\\/\\\/cvinoticias.com\\\/wp-content\\\/uploads\\\/2022\\\/12\\\/lg-1.jpg\",\"contentUrl\":\"https:\\\/\\\/cvinoticias.com\\\/wp-content\\\/uploads\\\/2022\\\/12\\\/lg-1.jpg\",\"width\":927,\"height\":1200},{\"@type\":\"BreadcrumbList\",\"@id\":\"https:\\\/\\\/cvinoticias.com\\\/v3\\\/decretan-asueto-administrativo-para-el-23-y-30-de-diciembre\\\/#breadcrumb\",\"itemListElement\":[{\"@type\":\"ListItem\",\"position\":1,\"name\":\"Portada\",\"item\":\"https:\\\/\\\/cvinoticias.com\\\/v3\\\/\"},{\"@type\":\"ListItem\",\"position\":2,\"name\":\"Decretan asueto administrativo para el 23 y 30 de diciembre\"}]},{\"@type\":\"WebSite\",\"@id\":\"https:\\\/\\\/cvinoticias.com\\\/v3\\\/#website\",\"url\":\"https:\\\/\\\/cvinoticias.com\\\/v3\\\/\",\"name\":\"CVI NOTICIAS\",\"description\":\"\",\"publisher\":{\"@id\":\"https:\\\/\\\/cvinoticias.com\\\/v3\\\/#organization\"},\"alternateName\":\"CVI\",\"potentialAction\":[{\"@type\":\"SearchAction\",\"target\":{\"@type\":\"EntryPoint\",\"urlTemplate\":\"https:\\\/\\\/cvinoticias.com\\\/v3\\\/?s={search_term_string}\"},\"query-input\":{\"@type\":\"PropertyValueSpecification\",\"valueRequired\":true,\"valueName\":\"search_term_string\"}}],\"inLanguage\":\"es\"},{\"@type\":\"Organization\",\"@id\":\"https:\\\/\\\/cvinoticias.com\\\/v3\\\/#organization\",\"name\":\"CVI NOTICIAS\",\"url\":\"https:\\\/\\\/cvinoticias.com\\\/v3\\\/\",\"logo\":{\"@type\":\"ImageObject\",\"inLanguage\":\"es\",\"@id\":\"https:\\\/\\\/cvinoticias.com\\\/v3\\\/#\\\/schema\\\/logo\\\/image\\\/\",\"url\":\"https:\\\/\\\/cvinoticias.com\\\/wp-content\\\/uploads\\\/2023\\\/04\\\/cropped-cropped-cropped-cropped-cropped-3-1.png\",\"contentUrl\":\"https:\\\/\\\/cvinoticias.com\\\/wp-content\\\/uploads\\\/2023\\\/04\\\/cropped-cropped-cropped-cropped-cropped-3-1.png\",\"width\":95,\"height\":122,\"caption\":\"CVI NOTICIAS\"},\"image\":{\"@id\":\"https:\\\/\\\/cvinoticias.com\\\/v3\\\/#\\\/schema\\\/logo\\\/image\\\/\"},\"sameAs\":[\"https:\\\/\\\/www.facebook.com\\\/cvinoticias\",\"https:\\\/\\\/www.instagram.com\\\/cvinoticias\\\/\",\"https:\\\/\\\/www.youtube.com\\\/@CVINOTICIAS\"]},{\"@type\":\"Person\",\"@id\":\"https:\\\/\\\/cvinoticias.com\\\/v3\\\/#\\\/schema\\\/person\\\/2db77e3c6bc03c538495d7b2b8be9b66\",\"name\":\"f1000024\",\"image\":{\"@type\":\"ImageObject\",\"inLanguage\":\"es\",\"@id\":\"https:\\\/\\\/secure.gravatar.com\\\/avatar\\\/d4fe7459cfc51ff5129ce1a732bbef5928568b8092d412ef95611616376bbeed?s=96&d=mm&r=g\",\"url\":\"https:\\\/\\\/secure.gravatar.com\\\/avatar\\\/d4fe7459cfc51ff5129ce1a732bbef5928568b8092d412ef95611616376bbeed?s=96&d=mm&r=g\",\"contentUrl\":\"https:\\\/\\\/secure.gravatar.com\\\/avatar\\\/d4fe7459cfc51ff5129ce1a732bbef5928568b8092d412ef95611616376bbeed?s=96&d=mm&r=g\",\"caption\":\"f1000024\"},\"url\":\"https:\\\/\\\/cvinoticias.com\\\/v3\\\/author\\\/f1000024\\\/\"}]}<\/script>\n<!-- \/ Yoast SEO plugin. -->","yoast_head_json":{"title":"Decretan asueto administrativo para el 23 y 30 de diciembre | CVI NOTICIAS","robots":{"index":"index","follow":"follow","max-snippet":"max-snippet:-1","max-image-preview":"max-image-preview:large","max-video-preview":"max-video-preview:-1"},"canonical":"https:\/\/cvinoticias.com\/v3\/decretan-asueto-administrativo-para-el-23-y-30-de-diciembre\/","og_locale":"es_ES","og_type":"article","og_title":"Decretan asueto administrativo para el 23 y 30 de diciembre | CVI NOTICIAS","og_description":"El gobierno nacional decret\u00f3 asueto para la administraci\u00f3n p\u00fablica para los d\u00edas 23 y 30 de diciembre con motivo de las celebraciones de Navidad y A\u00f1o Nuevo. La medida fue tomada \u00aba fin de facilitar las cl\u00e1sicas reuniones familiares que se realizan en Navidad y A\u00f1o Nuevo, se estima procedente posibilidad el acercamiento de quienes, [&hellip;]","og_url":"https:\/\/cvinoticias.com\/v3\/decretan-asueto-administrativo-para-el-23-y-30-de-diciembre\/","og_site_name":"CVI NOTICIAS","article_publisher":"https:\/\/www.facebook.com\/cvinoticias","article_published_time":"2022-12-10T10:13:58+00:00","og_image":[{"width":927,"height":1200,"url":"https:\/\/cvinoticias.com\/wp-content\/uploads\/2022\/12\/lg-1.jpg","type":"image\/jpeg"}],"author":"f1000024","twitter_card":"summary_large_image","twitter_misc":{"Escrito por":"f1000024","Tiempo de lectura":"1 minuto"},"schema":{"@context":"https:\/\/schema.org","@graph":[{"@type":"Article","@id":"https:\/\/cvinoticias.com\/v3\/decretan-asueto-administrativo-para-el-23-y-30-de-diciembre\/#article","isPartOf":{"@id":"https:\/\/cvinoticias.com\/v3\/decretan-asueto-administrativo-para-el-23-y-30-de-diciembre\/"},"author":{"name":"f1000024","@id":"https:\/\/cvinoticias.com\/v3\/#\/schema\/person\/2db77e3c6bc03c538495d7b2b8be9b66"},"headline":"Decretan asueto administrativo para el 23 y 30 de diciembre","datePublished":"2022-12-10T10:13:58+00:00","mainEntityOfPage":{"@id":"https:\/\/cvinoticias.com\/v3\/decretan-asueto-administrativo-para-el-23-y-30-de-diciembre\/"},"wordCount":142,"commentCount":0,"publisher":{"@id":"https:\/\/cvinoticias.com\/v3\/#organization"},"image":{"@id":"https:\/\/cvinoticias.com\/v3\/decretan-asueto-administrativo-para-el-23-y-30-de-diciembre\/#primaryimage"},"thumbnailUrl":"https:\/\/cvinoticias.com\/wp-content\/uploads\/2022\/12\/lg-1.jpg","articleSection":["Nacionales"],"inLanguage":"es","potentialAction":[{"@type":"CommentAction","name":"Comment","target":["https:\/\/cvinoticias.com\/v3\/decretan-asueto-administrativo-para-el-23-y-30-de-diciembre\/#respond"]}]},{"@type":"WebPage","@id":"https:\/\/cvinoticias.com\/v3\/decretan-asueto-administrativo-para-el-23-y-30-de-diciembre\/","url":"https:\/\/cvinoticias.com\/v3\/decretan-asueto-administrativo-para-el-23-y-30-de-diciembre\/","name":"Decretan asueto administrativo para el 23 y 30 de diciembre | CVI NOTICIAS","isPartOf":{"@id":"https:\/\/cvinoticias.com\/v3\/#website"},"primaryImageOfPage":{"@id":"https:\/\/cvinoticias.com\/v3\/decretan-asueto-administrativo-para-el-23-y-30-de-diciembre\/#primaryimage"},"image":{"@id":"https:\/\/cvinoticias.com\/v3\/decretan-asueto-administrativo-para-el-23-y-30-de-diciembre\/#primaryimage"},"thumbnailUrl":"https:\/\/cvinoticias.com\/wp-content\/uploads\/2022\/12\/lg-1.jpg","datePublished":"2022-12-10T10:13:58+00:00","breadcrumb":{"@id":"https:\/\/cvinoticias.com\/v3\/decretan-asueto-administrativo-para-el-23-y-30-de-diciembre\/#breadcrumb"},"inLanguage":"es","potentialAction":[{"@type":"ReadAction","target":["https:\/\/cvinoticias.com\/v3\/decretan-asueto-administrativo-para-el-23-y-30-de-diciembre\/"]}]},{"@type":"ImageObject","inLanguage":"es","@id":"https:\/\/cvinoticias.com\/v3\/decretan-asueto-administrativo-para-el-23-y-30-de-diciembre\/#primaryimage","url":"https:\/\/cvinoticias.com\/wp-content\/uploads\/2022\/12\/lg-1.jpg","contentUrl":"https:\/\/cvinoticias.com\/wp-content\/uploads\/2022\/12\/lg-1.jpg","width":927,"height":1200},{"@type":"BreadcrumbList","@id":"https:\/\/cvinoticias.com\/v3\/decretan-asueto-administrativo-para-el-23-y-30-de-diciembre\/#breadcrumb","itemListElement":[{"@type":"ListItem","position":1,"name":"Portada","item":"https:\/\/cvinoticias.com\/v3\/"},{"@type":"ListItem","position":2,"name":"Decretan asueto administrativo para el 23 y 30 de diciembre"}]},{"@type":"WebSite","@id":"https:\/\/cvinoticias.com\/v3\/#website","url":"https:\/\/cvinoticias.com\/v3\/","name":"CVI NOTICIAS","description":"","publisher":{"@id":"https:\/\/cvinoticias.com\/v3\/#organization"},"alternateName":"CVI","potentialAction":[{"@type":"SearchAction","target":{"@type":"EntryPoint","urlTemplate":"https:\/\/cvinoticias.com\/v3\/?s={search_term_string}"},"query-input":{"@type":"PropertyValueSpecification","valueRequired":true,"valueName":"search_term_string"}}],"inLanguage":"es"},{"@type":"Organization","@id":"https:\/\/cvinoticias.com\/v3\/#organization","name":"CVI NOTICIAS","url":"https:\/\/cvinoticias.com\/v3\/","logo":{"@type":"ImageObject","inLanguage":"es","@id":"https:\/\/cvinoticias.com\/v3\/#\/schema\/logo\/image\/","url":"https:\/\/cvinoticias.com\/wp-content\/uploads\/2023\/04\/cropped-cropped-cropped-cropped-cropped-3-1.png","contentUrl":"https:\/\/cvinoticias.com\/wp-content\/uploads\/2023\/04\/cropped-cropped-cropped-cropped-cropped-3-1.png","width":95,"height":122,"caption":"CVI NOTICIAS"},"image":{"@id":"https:\/\/cvinoticias.com\/v3\/#\/schema\/logo\/image\/"},"sameAs":["https:\/\/www.facebook.com\/cvinoticias","https:\/\/www.instagram.com\/cvinoticias\/","https:\/\/www.youtube.com\/@CVINOTICIAS"]},{"@type":"Person","@id":"https:\/\/cvinoticias.com\/v3\/#\/schema\/person\/2db77e3c6bc03c538495d7b2b8be9b66","name":"f1000024","image":{"@type":"ImageObject","inLanguage":"es","@id":"https:\/\/secure.gravatar.com\/avatar\/d4fe7459cfc51ff5129ce1a732bbef5928568b8092d412ef95611616376bbeed?s=96&d=mm&r=g","url":"https:\/\/secure.gravatar.com\/avatar\/d4fe7459cfc51ff5129ce1a732bbef5928568b8092d412ef95611616376bbeed?s=96&d=mm&r=g","contentUrl":"https:\/\/secure.gravatar.com\/avatar\/d4fe7459cfc51ff5129ce1a732bbef5928568b8092d412ef95611616376bbeed?s=96&d=mm&r=g","caption":"f1000024"},"url":"https:\/\/cvinoticias.com\/v3\/author\/f1000024\/"}]}},"_links":{"self":[{"href":"https:\/\/cvinoticias.com\/v3\/wp-json\/wp\/v2\/posts\/21149","targetHints":{"allow":["GET"]}}],"collection":[{"href":"https:\/\/cvinoticias.com\/v3\/wp-json\/wp\/v2\/posts"}],"about":[{"href":"https:\/\/cvinoticias.com\/v3\/wp-json\/wp\/v2\/types\/post"}],"author":[{"embeddable":true,"href":"https:\/\/cvinoticias.com\/v3\/wp-json\/wp\/v2\/users\/2"}],"replies":[{"embeddable":true,"href":"https:\/\/cvinoticias.com\/v3\/wp-json\/wp\/v2\/comments?post=21149"}],"version-history":[{"count":1,"href":"https:\/\/cvinoticias.com\/v3\/wp-json\/wp\/v2\/posts\/21149\/revisions"}],"predecessor-version":[{"id":21152,"href":"https:\/\/cvinoticias.com\/v3\/wp-json\/wp\/v2\/posts\/21149\/revisions\/21152"}],"wp:featuredmedia":[{"embeddable":true,"href":"https:\/\/cvinoticias.com\/v3\/wp-json\/wp\/v2\/media\/21150"}],"wp:attachment":[{"href":"https:\/\/cvinoticias.com\/v3\/wp-json\/wp\/v2\/media?parent=21149"}],"wp:term":[{"taxonomy":"category","embeddable":true,"href":"https:\/\/cvinoticias.com\/v3\/wp-json\/wp\/v2\/categories?post=21149"},{"taxonomy":"post_tag","embeddable":true,"href":"https:\/\/cvinoticias.com\/v3\/wp-json\/wp\/v2\/tags?post=21149"}],"curies":[{"name":"wp","href":"https:\/\/api.w.org\/{rel}","templated":true}]}}