{"id":21141,"date":"2022-12-10T09:54:13","date_gmt":"2022-12-10T09:54:13","guid":{"rendered":"https:\/\/cvinoticias.com\/v3\/?p=21141"},"modified":"2022-12-10T09:54:13","modified_gmt":"2022-12-10T09:54:13","slug":"fin-de-semana-extralargo-y-gran-movimiento-turistico-en-el-pais","status":"publish","type":"post","link":"https:\/\/cvinoticias.com\/v3\/fin-de-semana-extralargo-y-gran-movimiento-turistico-en-el-pais\/","title":{"rendered":"Fin de semana extralargo y gran movimiento tur\u00edstico en el pa\u00eds"},"content":{"rendered":"\n<p><strong><em>\u201cEst\u00e1 cerrando un a\u00f1o maravilloso para el turismo\u201d, asegur\u00f3 Matias Lammens.<\/em><\/strong><\/p>\n\n\n\n<p>De acuerdo a los primeros relevamientos del Observatorio Argentino de Turismo (OAT), en los principales destinos del pa\u00eds, como Mar del Plata, el Partido de La Costa, Puerto Iguaz\u00fa, la Quebrada de Humahuaca, Villa Carlos Paz, la ciudad de Mendoza, San Carlos de Bariloche y El Calafate la ocupaci\u00f3n rondar\u00e1 el 80 y el 90% durante el fin de semana extralargo.<\/p>\n\n\n\n<p>En el mismo sentido, los destinos de la Costa Atl\u00e1ntica disfrutar\u00e1n de un gran movimiento tur\u00edstico, con \u00edndices de ocupaci\u00f3n por encima del 80%.<\/p>\n\n\n\n<p>Seg\u00fan inform\u00f3 la empresa concesionaria AUBASA, se estima que hubo un promedio de 2300 autos por hora durante la ma\u00f1ana en el peaje de Samboromb\u00f3n.<\/p>\n\n\n\n<p>\u201cEste fin de semana de diciembre est\u00e1 cerrando un a\u00f1o maravilloso para la industria del turismo y anticipa una temporada de verano que volver\u00e1 a tener cifras de movimiento muy elevadas\u00bb asegur\u00f3 el ministro de Turismo y Deportes de la Naci\u00f3n, Mat\u00edas Lammens.<\/p>\n\n\n\n<p>En ese sentido a\u00f1adi\u00f3: \u00abEl turismo fue, durante todo el a\u00f1o, motor del crecimiento de la econom\u00eda y del empleo a lo largo y ancho del pa\u00eds\u201d.<\/p>\n\n\n\n<p>Por otra parte, el presidente de la C\u00e1mara Argentina de Turismo agreg\u00f3: \u201cEstamos cerrando un a\u00f1o en el que, con mucho trabajo, logramos tener r\u00e9cord de ocupaci\u00f3n en diferentes destinos del pa\u00eds, tanto en la temporada de verano 2022, como en los fines de semana largos y la temporada de invierno\u201d.<\/p>\n\n\n\n<p>\u201cSeg\u00fan los datos que relevamos desde el Observatorio Tur\u00edstico de la CAT, este ser\u00e1 tambi\u00e9n un gran fin de semana en distintos puntos. Todo esto es el resultado del esfuerzo de una industria que sigue demostrando que es uno de los principales motores econ\u00f3micos del pa\u00eds\u201d dijo por el ultimo el titular de la c\u00e1mara.<\/p>\n","protected":false},"excerpt":{"rendered":"<p>\u201cEst\u00e1 cerrando un a\u00f1o maravilloso para el turismo\u201d, asegur\u00f3 Matias Lammens. De acuerdo a los primeros relevamientos del Observatorio Argentino de Turismo (OAT), en los principales destinos del pa\u00eds, como Mar del Plata, el Partido de La Costa, Puerto Iguaz\u00fa, la Quebrada de Humahuaca, Villa Carlos Paz, la ciudad de Mendoza, San Carlos de Bariloche [&hellip;]<\/p>\n","protected":false},"author":2,"featured_media":21142,"comment_status":"open","ping_status":"open","sticky":false,"template":"","format":"standard","meta":{"footnotes":""},"categories":[50],"tags":[],"class_list":["post-21141","post","type-post","status-publish","format-standard","has-post-thumbnail","hentry","category-turismo"],"yoast_head":"<!-- This site is optimized with the Yoast SEO plugin v27.4 - https:\/\/yoast.com\/product\/yoast-seo-wordpress\/ -->\n<title>Fin de semana extralargo y gran movimiento tur\u00edstico en el pa\u00eds | CVI NOTICIAS<\/title>\n<meta name=\"robots\" content=\"index, follow, max-snippet:-1, max-image-preview:large, max-video-preview:-1\" \/>\n<link rel=\"canonical\" href=\"https:\/\/cvinoticias.com\/v3\/fin-de-semana-extralargo-y-gran-movimiento-turistico-en-el-pais\/\" \/>\n<meta property=\"og:locale\" content=\"es_ES\" \/>\n<meta property=\"og:type\" content=\"article\" \/>\n<meta property=\"og:title\" content=\"Fin de semana extralargo y gran movimiento tur\u00edstico en el pa\u00eds | CVI NOTICIAS\" \/>\n<meta property=\"og:description\" content=\"\u201cEst\u00e1 cerrando un a\u00f1o maravilloso para el turismo\u201d, asegur\u00f3 Matias Lammens. De acuerdo a los primeros relevamientos del Observatorio Argentino de Turismo (OAT), en los principales destinos del pa\u00eds, como Mar del Plata, el Partido de La Costa, Puerto Iguaz\u00fa, la Quebrada de Humahuaca, Villa Carlos Paz, la ciudad de Mendoza, San Carlos de Bariloche [&hellip;]\" \/>\n<meta property=\"og:url\" content=\"https:\/\/cvinoticias.com\/v3\/fin-de-semana-extralargo-y-gran-movimiento-turistico-en-el-pais\/\" \/>\n<meta property=\"og:site_name\" content=\"CVI NOTICIAS\" \/>\n<meta property=\"article:publisher\" content=\"https:\/\/www.facebook.com\/cvinoticias\" \/>\n<meta property=\"article:published_time\" content=\"2022-12-10T09:54:13+00:00\" \/>\n<meta property=\"og:image\" content=\"https:\/\/cvinoticias.com\/wp-content\/uploads\/2022\/12\/iguazu-40sjcd24m9m0.jpg\" \/>\n\t<meta property=\"og:image:width\" content=\"816\" \/>\n\t<meta property=\"og:image:height\" content=\"500\" \/>\n\t<meta property=\"og:image:type\" content=\"image\/jpeg\" \/>\n<meta name=\"author\" content=\"f1000024\" \/>\n<meta name=\"twitter:card\" content=\"summary_large_image\" \/>\n<meta name=\"twitter:label1\" content=\"Escrito por\" \/>\n\t<meta name=\"twitter:data1\" content=\"f1000024\" \/>\n\t<meta name=\"twitter:label2\" content=\"Tiempo de lectura\" \/>\n\t<meta name=\"twitter:data2\" content=\"2 minutos\" \/>\n<script type=\"application\/ld+json\" class=\"yoast-schema-graph\">{\"@context\":\"https:\\\/\\\/schema.org\",\"@graph\":[{\"@type\":\"Article\",\"@id\":\"https:\\\/\\\/cvinoticias.com\\\/v3\\\/fin-de-semana-extralargo-y-gran-movimiento-turistico-en-el-pais\\\/#article\",\"isPartOf\":{\"@id\":\"https:\\\/\\\/cvinoticias.com\\\/v3\\\/fin-de-semana-extralargo-y-gran-movimiento-turistico-en-el-pais\\\/\"},\"author\":{\"name\":\"f1000024\",\"@id\":\"https:\\\/\\\/cvinoticias.com\\\/v3\\\/#\\\/schema\\\/person\\\/2db77e3c6bc03c538495d7b2b8be9b66\"},\"headline\":\"Fin de semana extralargo y gran movimiento tur\u00edstico en el pa\u00eds\",\"datePublished\":\"2022-12-10T09:54:13+00:00\",\"mainEntityOfPage\":{\"@id\":\"https:\\\/\\\/cvinoticias.com\\\/v3\\\/fin-de-semana-extralargo-y-gran-movimiento-turistico-en-el-pais\\\/\"},\"wordCount\":333,\"commentCount\":0,\"publisher\":{\"@id\":\"https:\\\/\\\/cvinoticias.com\\\/v3\\\/#organization\"},\"image\":{\"@id\":\"https:\\\/\\\/cvinoticias.com\\\/v3\\\/fin-de-semana-extralargo-y-gran-movimiento-turistico-en-el-pais\\\/#primaryimage\"},\"thumbnailUrl\":\"https:\\\/\\\/cvinoticias.com\\\/wp-content\\\/uploads\\\/2022\\\/12\\\/iguazu-40sjcd24m9m0.jpg\",\"articleSection\":[\"Turismo\"],\"inLanguage\":\"es\",\"potentialAction\":[{\"@type\":\"CommentAction\",\"name\":\"Comment\",\"target\":[\"https:\\\/\\\/cvinoticias.com\\\/v3\\\/fin-de-semana-extralargo-y-gran-movimiento-turistico-en-el-pais\\\/#respond\"]}]},{\"@type\":\"WebPage\",\"@id\":\"https:\\\/\\\/cvinoticias.com\\\/v3\\\/fin-de-semana-extralargo-y-gran-movimiento-turistico-en-el-pais\\\/\",\"url\":\"https:\\\/\\\/cvinoticias.com\\\/v3\\\/fin-de-semana-extralargo-y-gran-movimiento-turistico-en-el-pais\\\/\",\"name\":\"Fin de semana extralargo y gran movimiento tur\u00edstico en el pa\u00eds | CVI NOTICIAS\",\"isPartOf\":{\"@id\":\"https:\\\/\\\/cvinoticias.com\\\/v3\\\/#website\"},\"primaryImageOfPage\":{\"@id\":\"https:\\\/\\\/cvinoticias.com\\\/v3\\\/fin-de-semana-extralargo-y-gran-movimiento-turistico-en-el-pais\\\/#primaryimage\"},\"image\":{\"@id\":\"https:\\\/\\\/cvinoticias.com\\\/v3\\\/fin-de-semana-extralargo-y-gran-movimiento-turistico-en-el-pais\\\/#primaryimage\"},\"thumbnailUrl\":\"https:\\\/\\\/cvinoticias.com\\\/wp-content\\\/uploads\\\/2022\\\/12\\\/iguazu-40sjcd24m9m0.jpg\",\"datePublished\":\"2022-12-10T09:54:13+00:00\",\"breadcrumb\":{\"@id\":\"https:\\\/\\\/cvinoticias.com\\\/v3\\\/fin-de-semana-extralargo-y-gran-movimiento-turistico-en-el-pais\\\/#breadcrumb\"},\"inLanguage\":\"es\",\"potentialAction\":[{\"@type\":\"ReadAction\",\"target\":[\"https:\\\/\\\/cvinoticias.com\\\/v3\\\/fin-de-semana-extralargo-y-gran-movimiento-turistico-en-el-pais\\\/\"]}]},{\"@type\":\"ImageObject\",\"inLanguage\":\"es\",\"@id\":\"https:\\\/\\\/cvinoticias.com\\\/v3\\\/fin-de-semana-extralargo-y-gran-movimiento-turistico-en-el-pais\\\/#primaryimage\",\"url\":\"https:\\\/\\\/cvinoticias.com\\\/wp-content\\\/uploads\\\/2022\\\/12\\\/iguazu-40sjcd24m9m0.jpg\",\"contentUrl\":\"https:\\\/\\\/cvinoticias.com\\\/wp-content\\\/uploads\\\/2022\\\/12\\\/iguazu-40sjcd24m9m0.jpg\",\"width\":816,\"height\":500},{\"@type\":\"BreadcrumbList\",\"@id\":\"https:\\\/\\\/cvinoticias.com\\\/v3\\\/fin-de-semana-extralargo-y-gran-movimiento-turistico-en-el-pais\\\/#breadcrumb\",\"itemListElement\":[{\"@type\":\"ListItem\",\"position\":1,\"name\":\"Portada\",\"item\":\"https:\\\/\\\/cvinoticias.com\\\/v3\\\/\"},{\"@type\":\"ListItem\",\"position\":2,\"name\":\"Fin de semana extralargo y gran movimiento tur\u00edstico en el pa\u00eds\"}]},{\"@type\":\"WebSite\",\"@id\":\"https:\\\/\\\/cvinoticias.com\\\/v3\\\/#website\",\"url\":\"https:\\\/\\\/cvinoticias.com\\\/v3\\\/\",\"name\":\"CVI NOTICIAS\",\"description\":\"\",\"publisher\":{\"@id\":\"https:\\\/\\\/cvinoticias.com\\\/v3\\\/#organization\"},\"alternateName\":\"CVI\",\"potentialAction\":[{\"@type\":\"SearchAction\",\"target\":{\"@type\":\"EntryPoint\",\"urlTemplate\":\"https:\\\/\\\/cvinoticias.com\\\/v3\\\/?s={search_term_string}\"},\"query-input\":{\"@type\":\"PropertyValueSpecification\",\"valueRequired\":true,\"valueName\":\"search_term_string\"}}],\"inLanguage\":\"es\"},{\"@type\":\"Organization\",\"@id\":\"https:\\\/\\\/cvinoticias.com\\\/v3\\\/#organization\",\"name\":\"CVI NOTICIAS\",\"url\":\"https:\\\/\\\/cvinoticias.com\\\/v3\\\/\",\"logo\":{\"@type\":\"ImageObject\",\"inLanguage\":\"es\",\"@id\":\"https:\\\/\\\/cvinoticias.com\\\/v3\\\/#\\\/schema\\\/logo\\\/image\\\/\",\"url\":\"https:\\\/\\\/cvinoticias.com\\\/wp-content\\\/uploads\\\/2023\\\/04\\\/cropped-cropped-cropped-cropped-cropped-3-1.png\",\"contentUrl\":\"https:\\\/\\\/cvinoticias.com\\\/wp-content\\\/uploads\\\/2023\\\/04\\\/cropped-cropped-cropped-cropped-cropped-3-1.png\",\"width\":95,\"height\":122,\"caption\":\"CVI NOTICIAS\"},\"image\":{\"@id\":\"https:\\\/\\\/cvinoticias.com\\\/v3\\\/#\\\/schema\\\/logo\\\/image\\\/\"},\"sameAs\":[\"https:\\\/\\\/www.facebook.com\\\/cvinoticias\",\"https:\\\/\\\/www.instagram.com\\\/cvinoticias\\\/\",\"https:\\\/\\\/www.youtube.com\\\/@CVINOTICIAS\"]},{\"@type\":\"Person\",\"@id\":\"https:\\\/\\\/cvinoticias.com\\\/v3\\\/#\\\/schema\\\/person\\\/2db77e3c6bc03c538495d7b2b8be9b66\",\"name\":\"f1000024\",\"image\":{\"@type\":\"ImageObject\",\"inLanguage\":\"es\",\"@id\":\"https:\\\/\\\/secure.gravatar.com\\\/avatar\\\/d4fe7459cfc51ff5129ce1a732bbef5928568b8092d412ef95611616376bbeed?s=96&d=mm&r=g\",\"url\":\"https:\\\/\\\/secure.gravatar.com\\\/avatar\\\/d4fe7459cfc51ff5129ce1a732bbef5928568b8092d412ef95611616376bbeed?s=96&d=mm&r=g\",\"contentUrl\":\"https:\\\/\\\/secure.gravatar.com\\\/avatar\\\/d4fe7459cfc51ff5129ce1a732bbef5928568b8092d412ef95611616376bbeed?s=96&d=mm&r=g\",\"caption\":\"f1000024\"},\"url\":\"https:\\\/\\\/cvinoticias.com\\\/v3\\\/author\\\/f1000024\\\/\"}]}<\/script>\n<!-- \/ Yoast SEO plugin. -->","yoast_head_json":{"title":"Fin de semana extralargo y gran movimiento tur\u00edstico en el pa\u00eds | CVI NOTICIAS","robots":{"index":"index","follow":"follow","max-snippet":"max-snippet:-1","max-image-preview":"max-image-preview:large","max-video-preview":"max-video-preview:-1"},"canonical":"https:\/\/cvinoticias.com\/v3\/fin-de-semana-extralargo-y-gran-movimiento-turistico-en-el-pais\/","og_locale":"es_ES","og_type":"article","og_title":"Fin de semana extralargo y gran movimiento tur\u00edstico en el pa\u00eds | CVI NOTICIAS","og_description":"\u201cEst\u00e1 cerrando un a\u00f1o maravilloso para el turismo\u201d, asegur\u00f3 Matias Lammens. De acuerdo a los primeros relevamientos del Observatorio Argentino de Turismo (OAT), en los principales destinos del pa\u00eds, como Mar del Plata, el Partido de La Costa, Puerto Iguaz\u00fa, la Quebrada de Humahuaca, Villa Carlos Paz, la ciudad de Mendoza, San Carlos de Bariloche [&hellip;]","og_url":"https:\/\/cvinoticias.com\/v3\/fin-de-semana-extralargo-y-gran-movimiento-turistico-en-el-pais\/","og_site_name":"CVI NOTICIAS","article_publisher":"https:\/\/www.facebook.com\/cvinoticias","article_published_time":"2022-12-10T09:54:13+00:00","og_image":[{"width":816,"height":500,"url":"https:\/\/cvinoticias.com\/wp-content\/uploads\/2022\/12\/iguazu-40sjcd24m9m0.jpg","type":"image\/jpeg"}],"author":"f1000024","twitter_card":"summary_large_image","twitter_misc":{"Escrito por":"f1000024","Tiempo de lectura":"2 minutos"},"schema":{"@context":"https:\/\/schema.org","@graph":[{"@type":"Article","@id":"https:\/\/cvinoticias.com\/v3\/fin-de-semana-extralargo-y-gran-movimiento-turistico-en-el-pais\/#article","isPartOf":{"@id":"https:\/\/cvinoticias.com\/v3\/fin-de-semana-extralargo-y-gran-movimiento-turistico-en-el-pais\/"},"author":{"name":"f1000024","@id":"https:\/\/cvinoticias.com\/v3\/#\/schema\/person\/2db77e3c6bc03c538495d7b2b8be9b66"},"headline":"Fin de semana extralargo y gran movimiento tur\u00edstico en el pa\u00eds","datePublished":"2022-12-10T09:54:13+00:00","mainEntityOfPage":{"@id":"https:\/\/cvinoticias.com\/v3\/fin-de-semana-extralargo-y-gran-movimiento-turistico-en-el-pais\/"},"wordCount":333,"commentCount":0,"publisher":{"@id":"https:\/\/cvinoticias.com\/v3\/#organization"},"image":{"@id":"https:\/\/cvinoticias.com\/v3\/fin-de-semana-extralargo-y-gran-movimiento-turistico-en-el-pais\/#primaryimage"},"thumbnailUrl":"https:\/\/cvinoticias.com\/wp-content\/uploads\/2022\/12\/iguazu-40sjcd24m9m0.jpg","articleSection":["Turismo"],"inLanguage":"es","potentialAction":[{"@type":"CommentAction","name":"Comment","target":["https:\/\/cvinoticias.com\/v3\/fin-de-semana-extralargo-y-gran-movimiento-turistico-en-el-pais\/#respond"]}]},{"@type":"WebPage","@id":"https:\/\/cvinoticias.com\/v3\/fin-de-semana-extralargo-y-gran-movimiento-turistico-en-el-pais\/","url":"https:\/\/cvinoticias.com\/v3\/fin-de-semana-extralargo-y-gran-movimiento-turistico-en-el-pais\/","name":"Fin de semana extralargo y gran movimiento tur\u00edstico en el pa\u00eds | CVI NOTICIAS","isPartOf":{"@id":"https:\/\/cvinoticias.com\/v3\/#website"},"primaryImageOfPage":{"@id":"https:\/\/cvinoticias.com\/v3\/fin-de-semana-extralargo-y-gran-movimiento-turistico-en-el-pais\/#primaryimage"},"image":{"@id":"https:\/\/cvinoticias.com\/v3\/fin-de-semana-extralargo-y-gran-movimiento-turistico-en-el-pais\/#primaryimage"},"thumbnailUrl":"https:\/\/cvinoticias.com\/wp-content\/uploads\/2022\/12\/iguazu-40sjcd24m9m0.jpg","datePublished":"2022-12-10T09:54:13+00:00","breadcrumb":{"@id":"https:\/\/cvinoticias.com\/v3\/fin-de-semana-extralargo-y-gran-movimiento-turistico-en-el-pais\/#breadcrumb"},"inLanguage":"es","potentialAction":[{"@type":"ReadAction","target":["https:\/\/cvinoticias.com\/v3\/fin-de-semana-extralargo-y-gran-movimiento-turistico-en-el-pais\/"]}]},{"@type":"ImageObject","inLanguage":"es","@id":"https:\/\/cvinoticias.com\/v3\/fin-de-semana-extralargo-y-gran-movimiento-turistico-en-el-pais\/#primaryimage","url":"https:\/\/cvinoticias.com\/wp-content\/uploads\/2022\/12\/iguazu-40sjcd24m9m0.jpg","contentUrl":"https:\/\/cvinoticias.com\/wp-content\/uploads\/2022\/12\/iguazu-40sjcd24m9m0.jpg","width":816,"height":500},{"@type":"BreadcrumbList","@id":"https:\/\/cvinoticias.com\/v3\/fin-de-semana-extralargo-y-gran-movimiento-turistico-en-el-pais\/#breadcrumb","itemListElement":[{"@type":"ListItem","position":1,"name":"Portada","item":"https:\/\/cvinoticias.com\/v3\/"},{"@type":"ListItem","position":2,"name":"Fin de semana extralargo y gran movimiento tur\u00edstico en el pa\u00eds"}]},{"@type":"WebSite","@id":"https:\/\/cvinoticias.com\/v3\/#website","url":"https:\/\/cvinoticias.com\/v3\/","name":"CVI NOTICIAS","description":"","publisher":{"@id":"https:\/\/cvinoticias.com\/v3\/#organization"},"alternateName":"CVI","potentialAction":[{"@type":"SearchAction","target":{"@type":"EntryPoint","urlTemplate":"https:\/\/cvinoticias.com\/v3\/?s={search_term_string}"},"query-input":{"@type":"PropertyValueSpecification","valueRequired":true,"valueName":"search_term_string"}}],"inLanguage":"es"},{"@type":"Organization","@id":"https:\/\/cvinoticias.com\/v3\/#organization","name":"CVI NOTICIAS","url":"https:\/\/cvinoticias.com\/v3\/","logo":{"@type":"ImageObject","inLanguage":"es","@id":"https:\/\/cvinoticias.com\/v3\/#\/schema\/logo\/image\/","url":"https:\/\/cvinoticias.com\/wp-content\/uploads\/2023\/04\/cropped-cropped-cropped-cropped-cropped-3-1.png","contentUrl":"https:\/\/cvinoticias.com\/wp-content\/uploads\/2023\/04\/cropped-cropped-cropped-cropped-cropped-3-1.png","width":95,"height":122,"caption":"CVI NOTICIAS"},"image":{"@id":"https:\/\/cvinoticias.com\/v3\/#\/schema\/logo\/image\/"},"sameAs":["https:\/\/www.facebook.com\/cvinoticias","https:\/\/www.instagram.com\/cvinoticias\/","https:\/\/www.youtube.com\/@CVINOTICIAS"]},{"@type":"Person","@id":"https:\/\/cvinoticias.com\/v3\/#\/schema\/person\/2db77e3c6bc03c538495d7b2b8be9b66","name":"f1000024","image":{"@type":"ImageObject","inLanguage":"es","@id":"https:\/\/secure.gravatar.com\/avatar\/d4fe7459cfc51ff5129ce1a732bbef5928568b8092d412ef95611616376bbeed?s=96&d=mm&r=g","url":"https:\/\/secure.gravatar.com\/avatar\/d4fe7459cfc51ff5129ce1a732bbef5928568b8092d412ef95611616376bbeed?s=96&d=mm&r=g","contentUrl":"https:\/\/secure.gravatar.com\/avatar\/d4fe7459cfc51ff5129ce1a732bbef5928568b8092d412ef95611616376bbeed?s=96&d=mm&r=g","caption":"f1000024"},"url":"https:\/\/cvinoticias.com\/v3\/author\/f1000024\/"}]}},"_links":{"self":[{"href":"https:\/\/cvinoticias.com\/v3\/wp-json\/wp\/v2\/posts\/21141","targetHints":{"allow":["GET"]}}],"collection":[{"href":"https:\/\/cvinoticias.com\/v3\/wp-json\/wp\/v2\/posts"}],"about":[{"href":"https:\/\/cvinoticias.com\/v3\/wp-json\/wp\/v2\/types\/post"}],"author":[{"embeddable":true,"href":"https:\/\/cvinoticias.com\/v3\/wp-json\/wp\/v2\/users\/2"}],"replies":[{"embeddable":true,"href":"https:\/\/cvinoticias.com\/v3\/wp-json\/wp\/v2\/comments?post=21141"}],"version-history":[{"count":1,"href":"https:\/\/cvinoticias.com\/v3\/wp-json\/wp\/v2\/posts\/21141\/revisions"}],"predecessor-version":[{"id":21143,"href":"https:\/\/cvinoticias.com\/v3\/wp-json\/wp\/v2\/posts\/21141\/revisions\/21143"}],"wp:featuredmedia":[{"embeddable":true,"href":"https:\/\/cvinoticias.com\/v3\/wp-json\/wp\/v2\/media\/21142"}],"wp:attachment":[{"href":"https:\/\/cvinoticias.com\/v3\/wp-json\/wp\/v2\/media?parent=21141"}],"wp:term":[{"taxonomy":"category","embeddable":true,"href":"https:\/\/cvinoticias.com\/v3\/wp-json\/wp\/v2\/categories?post=21141"},{"taxonomy":"post_tag","embeddable":true,"href":"https:\/\/cvinoticias.com\/v3\/wp-json\/wp\/v2\/tags?post=21141"}],"curies":[{"name":"wp","href":"https:\/\/api.w.org\/{rel}","templated":true}]}}