{"id":21125,"date":"2022-12-09T04:19:12","date_gmt":"2022-12-09T04:19:12","guid":{"rendered":"https:\/\/cvinoticias.com\/v3\/?p=21125"},"modified":"2022-12-09T04:19:12","modified_gmt":"2022-12-09T04:19:12","slug":"cristina-kirchner-tiene-coronavirus-y-se-posterga-su-reaparicion-publica","status":"publish","type":"post","link":"https:\/\/cvinoticias.com\/v3\/cristina-kirchner-tiene-coronavirus-y-se-posterga-su-reaparicion-publica\/","title":{"rendered":"Cristina Kirchner tiene coronavirus y se posterga su reaparici\u00f3n p\u00fablica"},"content":{"rendered":"\n<p><strong><em>Iba a participar el lunes de un encuentro del Grupo de Puebla, pero debi\u00f3 postergarse tras dar positivo. Permanecer\u00e1 en aislamiento en su casa de El Calafate.<\/em><\/strong><\/p>\n\n\n\n<p>La vicepresidenta Cristina Fern\u00e1ndez de Kirchner dio positivo por covid-19 este jueves, seg\u00fan confirmaron desde su entorno, por lo que fueron reprogramadas las actividades que ten\u00eda previstas para la semana pr\u00f3xima.<\/p>\n\n\n\n<p>De hecho, el acto que iba a desarrollarse el lunes venidero en su apoyo fue postergado para el 19 de este mes.<\/p>\n\n\n\n<p>Cristina se encuentra en la localidad santacruce\u00f1a de El Calafate, y all\u00ed pasar\u00e1 los pr\u00f3ximos d\u00edas en aislamiento.<\/p>\n\n\n\n<p>El acto p\u00fablico postergado representa la primera participaci\u00f3n de la titular del Senado despu\u00e9s de recibir la condena a seis a\u00f1os de prisi\u00f3n e inhabilitaci\u00f3n perpetua para ejercer cargos p\u00fablicos por defraudaci\u00f3n al Estado en el juicio de Vialidad.<\/p>\n","protected":false},"excerpt":{"rendered":"<p>Iba a participar el lunes de un encuentro del Grupo de Puebla, pero debi\u00f3 postergarse tras dar positivo. Permanecer\u00e1 en aislamiento en su casa de El Calafate. La vicepresidenta Cristina Fern\u00e1ndez de Kirchner dio positivo por covid-19 este jueves, seg\u00fan confirmaron desde su entorno, por lo que fueron reprogramadas las actividades que ten\u00eda previstas para [&hellip;]<\/p>\n","protected":false},"author":2,"featured_media":21126,"comment_status":"open","ping_status":"open","sticky":false,"template":"","format":"standard","meta":{"footnotes":""},"categories":[23,22],"tags":[],"class_list":["post-21125","post","type-post","status-publish","format-standard","has-post-thumbnail","hentry","category-covid-19","category-salud"],"yoast_head":"<!-- This site is optimized with the Yoast SEO plugin v27.5 - https:\/\/yoast.com\/product\/yoast-seo-wordpress\/ -->\n<title>Cristina Kirchner tiene coronavirus y se posterga su reaparici\u00f3n p\u00fablica | CVI NOTICIAS<\/title>\n<meta name=\"robots\" content=\"index, follow, max-snippet:-1, max-image-preview:large, max-video-preview:-1\" \/>\n<link rel=\"canonical\" href=\"https:\/\/cvinoticias.com\/v3\/cristina-kirchner-tiene-coronavirus-y-se-posterga-su-reaparicion-publica\/\" \/>\n<meta property=\"og:locale\" content=\"es_ES\" \/>\n<meta property=\"og:type\" content=\"article\" \/>\n<meta property=\"og:title\" content=\"Cristina Kirchner tiene coronavirus y se posterga su reaparici\u00f3n p\u00fablica | CVI NOTICIAS\" \/>\n<meta property=\"og:description\" content=\"Iba a participar el lunes de un encuentro del Grupo de Puebla, pero debi\u00f3 postergarse tras dar positivo. Permanecer\u00e1 en aislamiento en su casa de El Calafate. La vicepresidenta Cristina Fern\u00e1ndez de Kirchner dio positivo por covid-19 este jueves, seg\u00fan confirmaron desde su entorno, por lo que fueron reprogramadas las actividades que ten\u00eda previstas para [&hellip;]\" \/>\n<meta property=\"og:url\" content=\"https:\/\/cvinoticias.com\/v3\/cristina-kirchner-tiene-coronavirus-y-se-posterga-su-reaparicion-publica\/\" \/>\n<meta property=\"og:site_name\" content=\"CVI NOTICIAS\" \/>\n<meta property=\"article:publisher\" content=\"https:\/\/www.facebook.com\/cvinoticias\" \/>\n<meta property=\"article:published_time\" content=\"2022-12-09T04:19:12+00:00\" \/>\n<meta property=\"og:image\" content=\"https:\/\/cvinoticias.com\/wp-content\/uploads\/2022\/12\/0000122428.png\" \/>\n\t<meta property=\"og:image:width\" content=\"1200\" \/>\n\t<meta property=\"og:image:height\" content=\"675\" \/>\n\t<meta property=\"og:image:type\" content=\"image\/png\" \/>\n<meta name=\"author\" content=\"f1000024\" \/>\n<meta name=\"twitter:card\" content=\"summary_large_image\" \/>\n<meta name=\"twitter:label1\" content=\"Escrito por\" \/>\n\t<meta name=\"twitter:data1\" content=\"f1000024\" \/>\n\t<meta name=\"twitter:label2\" content=\"Tiempo de lectura\" \/>\n\t<meta name=\"twitter:data2\" content=\"1 minuto\" \/>\n<script type=\"application\/ld+json\" class=\"yoast-schema-graph\">{\"@context\":\"https:\\\/\\\/schema.org\",\"@graph\":[{\"@type\":\"Article\",\"@id\":\"https:\\\/\\\/cvinoticias.com\\\/v3\\\/cristina-kirchner-tiene-coronavirus-y-se-posterga-su-reaparicion-publica\\\/#article\",\"isPartOf\":{\"@id\":\"https:\\\/\\\/cvinoticias.com\\\/v3\\\/cristina-kirchner-tiene-coronavirus-y-se-posterga-su-reaparicion-publica\\\/\"},\"author\":{\"name\":\"f1000024\",\"@id\":\"https:\\\/\\\/cvinoticias.com\\\/v3\\\/#\\\/schema\\\/person\\\/2db77e3c6bc03c538495d7b2b8be9b66\"},\"headline\":\"Cristina Kirchner tiene coronavirus y se posterga su reaparici\u00f3n p\u00fablica\",\"datePublished\":\"2022-12-09T04:19:12+00:00\",\"mainEntityOfPage\":{\"@id\":\"https:\\\/\\\/cvinoticias.com\\\/v3\\\/cristina-kirchner-tiene-coronavirus-y-se-posterga-su-reaparicion-publica\\\/\"},\"wordCount\":163,\"commentCount\":0,\"publisher\":{\"@id\":\"https:\\\/\\\/cvinoticias.com\\\/v3\\\/#organization\"},\"image\":{\"@id\":\"https:\\\/\\\/cvinoticias.com\\\/v3\\\/cristina-kirchner-tiene-coronavirus-y-se-posterga-su-reaparicion-publica\\\/#primaryimage\"},\"thumbnailUrl\":\"https:\\\/\\\/cvinoticias.com\\\/wp-content\\\/uploads\\\/2022\\\/12\\\/0000122428.png\",\"articleSection\":[\"Covid-19\",\"Salud\"],\"inLanguage\":\"es\",\"potentialAction\":[{\"@type\":\"CommentAction\",\"name\":\"Comment\",\"target\":[\"https:\\\/\\\/cvinoticias.com\\\/v3\\\/cristina-kirchner-tiene-coronavirus-y-se-posterga-su-reaparicion-publica\\\/#respond\"]}]},{\"@type\":\"WebPage\",\"@id\":\"https:\\\/\\\/cvinoticias.com\\\/v3\\\/cristina-kirchner-tiene-coronavirus-y-se-posterga-su-reaparicion-publica\\\/\",\"url\":\"https:\\\/\\\/cvinoticias.com\\\/v3\\\/cristina-kirchner-tiene-coronavirus-y-se-posterga-su-reaparicion-publica\\\/\",\"name\":\"Cristina Kirchner tiene coronavirus y se posterga su reaparici\u00f3n p\u00fablica | CVI NOTICIAS\",\"isPartOf\":{\"@id\":\"https:\\\/\\\/cvinoticias.com\\\/v3\\\/#website\"},\"primaryImageOfPage\":{\"@id\":\"https:\\\/\\\/cvinoticias.com\\\/v3\\\/cristina-kirchner-tiene-coronavirus-y-se-posterga-su-reaparicion-publica\\\/#primaryimage\"},\"image\":{\"@id\":\"https:\\\/\\\/cvinoticias.com\\\/v3\\\/cristina-kirchner-tiene-coronavirus-y-se-posterga-su-reaparicion-publica\\\/#primaryimage\"},\"thumbnailUrl\":\"https:\\\/\\\/cvinoticias.com\\\/wp-content\\\/uploads\\\/2022\\\/12\\\/0000122428.png\",\"datePublished\":\"2022-12-09T04:19:12+00:00\",\"breadcrumb\":{\"@id\":\"https:\\\/\\\/cvinoticias.com\\\/v3\\\/cristina-kirchner-tiene-coronavirus-y-se-posterga-su-reaparicion-publica\\\/#breadcrumb\"},\"inLanguage\":\"es\",\"potentialAction\":[{\"@type\":\"ReadAction\",\"target\":[\"https:\\\/\\\/cvinoticias.com\\\/v3\\\/cristina-kirchner-tiene-coronavirus-y-se-posterga-su-reaparicion-publica\\\/\"]}]},{\"@type\":\"ImageObject\",\"inLanguage\":\"es\",\"@id\":\"https:\\\/\\\/cvinoticias.com\\\/v3\\\/cristina-kirchner-tiene-coronavirus-y-se-posterga-su-reaparicion-publica\\\/#primaryimage\",\"url\":\"https:\\\/\\\/cvinoticias.com\\\/wp-content\\\/uploads\\\/2022\\\/12\\\/0000122428.png\",\"contentUrl\":\"https:\\\/\\\/cvinoticias.com\\\/wp-content\\\/uploads\\\/2022\\\/12\\\/0000122428.png\",\"width\":1200,\"height\":675},{\"@type\":\"BreadcrumbList\",\"@id\":\"https:\\\/\\\/cvinoticias.com\\\/v3\\\/cristina-kirchner-tiene-coronavirus-y-se-posterga-su-reaparicion-publica\\\/#breadcrumb\",\"itemListElement\":[{\"@type\":\"ListItem\",\"position\":1,\"name\":\"Portada\",\"item\":\"https:\\\/\\\/cvinoticias.com\\\/v3\\\/\"},{\"@type\":\"ListItem\",\"position\":2,\"name\":\"Cristina Kirchner tiene coronavirus y se posterga su reaparici\u00f3n p\u00fablica\"}]},{\"@type\":\"WebSite\",\"@id\":\"https:\\\/\\\/cvinoticias.com\\\/v3\\\/#website\",\"url\":\"https:\\\/\\\/cvinoticias.com\\\/v3\\\/\",\"name\":\"CVI NOTICIAS\",\"description\":\"\",\"publisher\":{\"@id\":\"https:\\\/\\\/cvinoticias.com\\\/v3\\\/#organization\"},\"alternateName\":\"CVI\",\"potentialAction\":[{\"@type\":\"SearchAction\",\"target\":{\"@type\":\"EntryPoint\",\"urlTemplate\":\"https:\\\/\\\/cvinoticias.com\\\/v3\\\/?s={search_term_string}\"},\"query-input\":{\"@type\":\"PropertyValueSpecification\",\"valueRequired\":true,\"valueName\":\"search_term_string\"}}],\"inLanguage\":\"es\"},{\"@type\":\"Organization\",\"@id\":\"https:\\\/\\\/cvinoticias.com\\\/v3\\\/#organization\",\"name\":\"CVI NOTICIAS\",\"url\":\"https:\\\/\\\/cvinoticias.com\\\/v3\\\/\",\"logo\":{\"@type\":\"ImageObject\",\"inLanguage\":\"es\",\"@id\":\"https:\\\/\\\/cvinoticias.com\\\/v3\\\/#\\\/schema\\\/logo\\\/image\\\/\",\"url\":\"https:\\\/\\\/cvinoticias.com\\\/wp-content\\\/uploads\\\/2023\\\/04\\\/cropped-cropped-cropped-cropped-cropped-3-1.png\",\"contentUrl\":\"https:\\\/\\\/cvinoticias.com\\\/wp-content\\\/uploads\\\/2023\\\/04\\\/cropped-cropped-cropped-cropped-cropped-3-1.png\",\"width\":95,\"height\":122,\"caption\":\"CVI NOTICIAS\"},\"image\":{\"@id\":\"https:\\\/\\\/cvinoticias.com\\\/v3\\\/#\\\/schema\\\/logo\\\/image\\\/\"},\"sameAs\":[\"https:\\\/\\\/www.facebook.com\\\/cvinoticias\",\"https:\\\/\\\/www.instagram.com\\\/cvinoticias\\\/\",\"https:\\\/\\\/www.youtube.com\\\/@CVINOTICIAS\"]},{\"@type\":\"Person\",\"@id\":\"https:\\\/\\\/cvinoticias.com\\\/v3\\\/#\\\/schema\\\/person\\\/2db77e3c6bc03c538495d7b2b8be9b66\",\"name\":\"f1000024\",\"image\":{\"@type\":\"ImageObject\",\"inLanguage\":\"es\",\"@id\":\"https:\\\/\\\/secure.gravatar.com\\\/avatar\\\/d4fe7459cfc51ff5129ce1a732bbef5928568b8092d412ef95611616376bbeed?s=96&d=mm&r=g\",\"url\":\"https:\\\/\\\/secure.gravatar.com\\\/avatar\\\/d4fe7459cfc51ff5129ce1a732bbef5928568b8092d412ef95611616376bbeed?s=96&d=mm&r=g\",\"contentUrl\":\"https:\\\/\\\/secure.gravatar.com\\\/avatar\\\/d4fe7459cfc51ff5129ce1a732bbef5928568b8092d412ef95611616376bbeed?s=96&d=mm&r=g\",\"caption\":\"f1000024\"},\"url\":\"https:\\\/\\\/cvinoticias.com\\\/v3\\\/author\\\/f1000024\\\/\"}]}<\/script>\n<!-- \/ Yoast SEO plugin. -->","yoast_head_json":{"title":"Cristina Kirchner tiene coronavirus y se posterga su reaparici\u00f3n p\u00fablica | CVI NOTICIAS","robots":{"index":"index","follow":"follow","max-snippet":"max-snippet:-1","max-image-preview":"max-image-preview:large","max-video-preview":"max-video-preview:-1"},"canonical":"https:\/\/cvinoticias.com\/v3\/cristina-kirchner-tiene-coronavirus-y-se-posterga-su-reaparicion-publica\/","og_locale":"es_ES","og_type":"article","og_title":"Cristina Kirchner tiene coronavirus y se posterga su reaparici\u00f3n p\u00fablica | CVI NOTICIAS","og_description":"Iba a participar el lunes de un encuentro del Grupo de Puebla, pero debi\u00f3 postergarse tras dar positivo. Permanecer\u00e1 en aislamiento en su casa de El Calafate. La vicepresidenta Cristina Fern\u00e1ndez de Kirchner dio positivo por covid-19 este jueves, seg\u00fan confirmaron desde su entorno, por lo que fueron reprogramadas las actividades que ten\u00eda previstas para [&hellip;]","og_url":"https:\/\/cvinoticias.com\/v3\/cristina-kirchner-tiene-coronavirus-y-se-posterga-su-reaparicion-publica\/","og_site_name":"CVI NOTICIAS","article_publisher":"https:\/\/www.facebook.com\/cvinoticias","article_published_time":"2022-12-09T04:19:12+00:00","og_image":[{"width":1200,"height":675,"url":"https:\/\/cvinoticias.com\/wp-content\/uploads\/2022\/12\/0000122428.png","type":"image\/png"}],"author":"f1000024","twitter_card":"summary_large_image","twitter_misc":{"Escrito por":"f1000024","Tiempo de lectura":"1 minuto"},"schema":{"@context":"https:\/\/schema.org","@graph":[{"@type":"Article","@id":"https:\/\/cvinoticias.com\/v3\/cristina-kirchner-tiene-coronavirus-y-se-posterga-su-reaparicion-publica\/#article","isPartOf":{"@id":"https:\/\/cvinoticias.com\/v3\/cristina-kirchner-tiene-coronavirus-y-se-posterga-su-reaparicion-publica\/"},"author":{"name":"f1000024","@id":"https:\/\/cvinoticias.com\/v3\/#\/schema\/person\/2db77e3c6bc03c538495d7b2b8be9b66"},"headline":"Cristina Kirchner tiene coronavirus y se posterga su reaparici\u00f3n p\u00fablica","datePublished":"2022-12-09T04:19:12+00:00","mainEntityOfPage":{"@id":"https:\/\/cvinoticias.com\/v3\/cristina-kirchner-tiene-coronavirus-y-se-posterga-su-reaparicion-publica\/"},"wordCount":163,"commentCount":0,"publisher":{"@id":"https:\/\/cvinoticias.com\/v3\/#organization"},"image":{"@id":"https:\/\/cvinoticias.com\/v3\/cristina-kirchner-tiene-coronavirus-y-se-posterga-su-reaparicion-publica\/#primaryimage"},"thumbnailUrl":"https:\/\/cvinoticias.com\/wp-content\/uploads\/2022\/12\/0000122428.png","articleSection":["Covid-19","Salud"],"inLanguage":"es","potentialAction":[{"@type":"CommentAction","name":"Comment","target":["https:\/\/cvinoticias.com\/v3\/cristina-kirchner-tiene-coronavirus-y-se-posterga-su-reaparicion-publica\/#respond"]}]},{"@type":"WebPage","@id":"https:\/\/cvinoticias.com\/v3\/cristina-kirchner-tiene-coronavirus-y-se-posterga-su-reaparicion-publica\/","url":"https:\/\/cvinoticias.com\/v3\/cristina-kirchner-tiene-coronavirus-y-se-posterga-su-reaparicion-publica\/","name":"Cristina Kirchner tiene coronavirus y se posterga su reaparici\u00f3n p\u00fablica | CVI NOTICIAS","isPartOf":{"@id":"https:\/\/cvinoticias.com\/v3\/#website"},"primaryImageOfPage":{"@id":"https:\/\/cvinoticias.com\/v3\/cristina-kirchner-tiene-coronavirus-y-se-posterga-su-reaparicion-publica\/#primaryimage"},"image":{"@id":"https:\/\/cvinoticias.com\/v3\/cristina-kirchner-tiene-coronavirus-y-se-posterga-su-reaparicion-publica\/#primaryimage"},"thumbnailUrl":"https:\/\/cvinoticias.com\/wp-content\/uploads\/2022\/12\/0000122428.png","datePublished":"2022-12-09T04:19:12+00:00","breadcrumb":{"@id":"https:\/\/cvinoticias.com\/v3\/cristina-kirchner-tiene-coronavirus-y-se-posterga-su-reaparicion-publica\/#breadcrumb"},"inLanguage":"es","potentialAction":[{"@type":"ReadAction","target":["https:\/\/cvinoticias.com\/v3\/cristina-kirchner-tiene-coronavirus-y-se-posterga-su-reaparicion-publica\/"]}]},{"@type":"ImageObject","inLanguage":"es","@id":"https:\/\/cvinoticias.com\/v3\/cristina-kirchner-tiene-coronavirus-y-se-posterga-su-reaparicion-publica\/#primaryimage","url":"https:\/\/cvinoticias.com\/wp-content\/uploads\/2022\/12\/0000122428.png","contentUrl":"https:\/\/cvinoticias.com\/wp-content\/uploads\/2022\/12\/0000122428.png","width":1200,"height":675},{"@type":"BreadcrumbList","@id":"https:\/\/cvinoticias.com\/v3\/cristina-kirchner-tiene-coronavirus-y-se-posterga-su-reaparicion-publica\/#breadcrumb","itemListElement":[{"@type":"ListItem","position":1,"name":"Portada","item":"https:\/\/cvinoticias.com\/v3\/"},{"@type":"ListItem","position":2,"name":"Cristina Kirchner tiene coronavirus y se posterga su reaparici\u00f3n p\u00fablica"}]},{"@type":"WebSite","@id":"https:\/\/cvinoticias.com\/v3\/#website","url":"https:\/\/cvinoticias.com\/v3\/","name":"CVI NOTICIAS","description":"","publisher":{"@id":"https:\/\/cvinoticias.com\/v3\/#organization"},"alternateName":"CVI","potentialAction":[{"@type":"SearchAction","target":{"@type":"EntryPoint","urlTemplate":"https:\/\/cvinoticias.com\/v3\/?s={search_term_string}"},"query-input":{"@type":"PropertyValueSpecification","valueRequired":true,"valueName":"search_term_string"}}],"inLanguage":"es"},{"@type":"Organization","@id":"https:\/\/cvinoticias.com\/v3\/#organization","name":"CVI NOTICIAS","url":"https:\/\/cvinoticias.com\/v3\/","logo":{"@type":"ImageObject","inLanguage":"es","@id":"https:\/\/cvinoticias.com\/v3\/#\/schema\/logo\/image\/","url":"https:\/\/cvinoticias.com\/wp-content\/uploads\/2023\/04\/cropped-cropped-cropped-cropped-cropped-3-1.png","contentUrl":"https:\/\/cvinoticias.com\/wp-content\/uploads\/2023\/04\/cropped-cropped-cropped-cropped-cropped-3-1.png","width":95,"height":122,"caption":"CVI NOTICIAS"},"image":{"@id":"https:\/\/cvinoticias.com\/v3\/#\/schema\/logo\/image\/"},"sameAs":["https:\/\/www.facebook.com\/cvinoticias","https:\/\/www.instagram.com\/cvinoticias\/","https:\/\/www.youtube.com\/@CVINOTICIAS"]},{"@type":"Person","@id":"https:\/\/cvinoticias.com\/v3\/#\/schema\/person\/2db77e3c6bc03c538495d7b2b8be9b66","name":"f1000024","image":{"@type":"ImageObject","inLanguage":"es","@id":"https:\/\/secure.gravatar.com\/avatar\/d4fe7459cfc51ff5129ce1a732bbef5928568b8092d412ef95611616376bbeed?s=96&d=mm&r=g","url":"https:\/\/secure.gravatar.com\/avatar\/d4fe7459cfc51ff5129ce1a732bbef5928568b8092d412ef95611616376bbeed?s=96&d=mm&r=g","contentUrl":"https:\/\/secure.gravatar.com\/avatar\/d4fe7459cfc51ff5129ce1a732bbef5928568b8092d412ef95611616376bbeed?s=96&d=mm&r=g","caption":"f1000024"},"url":"https:\/\/cvinoticias.com\/v3\/author\/f1000024\/"}]}},"_links":{"self":[{"href":"https:\/\/cvinoticias.com\/v3\/wp-json\/wp\/v2\/posts\/21125","targetHints":{"allow":["GET"]}}],"collection":[{"href":"https:\/\/cvinoticias.com\/v3\/wp-json\/wp\/v2\/posts"}],"about":[{"href":"https:\/\/cvinoticias.com\/v3\/wp-json\/wp\/v2\/types\/post"}],"author":[{"embeddable":true,"href":"https:\/\/cvinoticias.com\/v3\/wp-json\/wp\/v2\/users\/2"}],"replies":[{"embeddable":true,"href":"https:\/\/cvinoticias.com\/v3\/wp-json\/wp\/v2\/comments?post=21125"}],"version-history":[{"count":1,"href":"https:\/\/cvinoticias.com\/v3\/wp-json\/wp\/v2\/posts\/21125\/revisions"}],"predecessor-version":[{"id":21127,"href":"https:\/\/cvinoticias.com\/v3\/wp-json\/wp\/v2\/posts\/21125\/revisions\/21127"}],"wp:featuredmedia":[{"embeddable":true,"href":"https:\/\/cvinoticias.com\/v3\/wp-json\/wp\/v2\/media\/21126"}],"wp:attachment":[{"href":"https:\/\/cvinoticias.com\/v3\/wp-json\/wp\/v2\/media?parent=21125"}],"wp:term":[{"taxonomy":"category","embeddable":true,"href":"https:\/\/cvinoticias.com\/v3\/wp-json\/wp\/v2\/categories?post=21125"},{"taxonomy":"post_tag","embeddable":true,"href":"https:\/\/cvinoticias.com\/v3\/wp-json\/wp\/v2\/tags?post=21125"}],"curies":[{"name":"wp","href":"https:\/\/api.w.org\/{rel}","templated":true}]}}