{"id":21118,"date":"2022-12-08T10:37:44","date_gmt":"2022-12-08T10:37:44","guid":{"rendered":"https:\/\/cvinoticias.com\/v3\/?p=21118"},"modified":"2022-12-08T10:37:44","modified_gmt":"2022-12-08T10:37:44","slug":"el-ministerio-de-salud-recomienda-aplicarse-los-refuerzos-de-la-vacuna-frente-a-la-suba-de-casos-de-coronavirus","status":"publish","type":"post","link":"https:\/\/cvinoticias.com\/v3\/el-ministerio-de-salud-recomienda-aplicarse-los-refuerzos-de-la-vacuna-frente-a-la-suba-de-casos-de-coronavirus\/","title":{"rendered":"El Ministerio de Salud recomienda aplicarse los refuerzos de la vacuna frente a la suba de casos de coronavirus"},"content":{"rendered":"\n<p><strong><em>Desde el Ministerio de Salud de la Naci\u00f3n remarcaron que el n\u00famero de casos de Covid lleg\u00f3 a casi cuadruplicarse con respecto a la semana anterior. Si bien aclararon que esta suba, no se traduce en las hospitalizaciones, recomendaron que la poblaci\u00f3n se d\u00e9 los refuerzos de las vacunas.<\/em><\/strong><\/p>\n\n\n\n<p>\u00abSe ha registrado un aumento de casos en 23 de las 24 jurisdicciones del pa\u00eds y el 89% de los mismos se registran en la Ciudad de Buenos Aires (CABA) y provincia de Buenos Aires, preciaron. Adem\u00e1s, aplicaron que \u00abeste aumento de casos se produce en el contexto de circulaci\u00f3n de otros virus respiratorios\u00bb.<\/p>\n\n\n\n<p>La cartera sanitaria nacional recomend\u00f3 que todas aquellas personas cuya \u00faltima dosis de vacuna de refuerzo hubiere sido aplicada hace 4 meses o m\u00e1s, asistan al vacunatorio m\u00e1s cercano para aplicarse los refuerzos correspondientes. \u00abEsta recomendaci\u00f3n se enfatiza muy especialmente en mayores de 50 a\u00f1os y personas con factores de riesgo\u00bb, subrayaron.<\/p>\n\n\n\n<p>El tercer refuerzo de la vacuna contra el coronavirus, es decir, la quinta dosis, fue habilitada en octubre para: personas mayores de 50 a\u00f1os y todas las personas de 18 a\u00f1os o m\u00e1s con condiciones de riesgo; poblaciones especiales: personas que residan, trabajen o asistan a \u00e1mbitos que por las caracter\u00edsticas propias presentan mayor riesgo de transmisi\u00f3n o generaci\u00f3n de brotes; personal estrat\u00e9gico: personal de salud, Fuerzas de Seguridad, entre otras.<\/p>\n\n\n\n<p>La intenci\u00f3n es luego poder avanzar con la vacunaci\u00f3n en el resto de la poblaci\u00f3n, de todas las franjas etarias, que hubieren recibido su \u00faltimo refuerzo en un lapso mayor o igual a 4 meses.<\/p>\n","protected":false},"excerpt":{"rendered":"<p>Desde el Ministerio de Salud de la Naci\u00f3n remarcaron que el n\u00famero de casos de Covid lleg\u00f3 a casi cuadruplicarse con respecto a la semana anterior. Si bien aclararon que esta suba, no se traduce en las hospitalizaciones, recomendaron que la poblaci\u00f3n se d\u00e9 los refuerzos de las vacunas. \u00abSe ha registrado un aumento de [&hellip;]<\/p>\n","protected":false},"author":2,"featured_media":21119,"comment_status":"open","ping_status":"open","sticky":false,"template":"","format":"standard","meta":{"footnotes":""},"categories":[23,22],"tags":[],"class_list":["post-21118","post","type-post","status-publish","format-standard","has-post-thumbnail","hentry","category-covid-19","category-salud"],"yoast_head":"<!-- This site is optimized with the Yoast SEO plugin v27.5 - https:\/\/yoast.com\/product\/yoast-seo-wordpress\/ -->\n<title>El Ministerio de Salud recomienda aplicarse los refuerzos de la vacuna frente a la suba de casos de coronavirus | CVI NOTICIAS<\/title>\n<meta name=\"robots\" content=\"index, follow, max-snippet:-1, max-image-preview:large, max-video-preview:-1\" \/>\n<link rel=\"canonical\" href=\"https:\/\/cvinoticias.com\/v3\/el-ministerio-de-salud-recomienda-aplicarse-los-refuerzos-de-la-vacuna-frente-a-la-suba-de-casos-de-coronavirus\/\" \/>\n<meta property=\"og:locale\" content=\"es_ES\" \/>\n<meta property=\"og:type\" content=\"article\" \/>\n<meta property=\"og:title\" content=\"El Ministerio de Salud recomienda aplicarse los refuerzos de la vacuna frente a la suba de casos de coronavirus | CVI NOTICIAS\" \/>\n<meta property=\"og:description\" content=\"Desde el Ministerio de Salud de la Naci\u00f3n remarcaron que el n\u00famero de casos de Covid lleg\u00f3 a casi cuadruplicarse con respecto a la semana anterior. Si bien aclararon que esta suba, no se traduce en las hospitalizaciones, recomendaron que la poblaci\u00f3n se d\u00e9 los refuerzos de las vacunas. \u00abSe ha registrado un aumento de [&hellip;]\" \/>\n<meta property=\"og:url\" content=\"https:\/\/cvinoticias.com\/v3\/el-ministerio-de-salud-recomienda-aplicarse-los-refuerzos-de-la-vacuna-frente-a-la-suba-de-casos-de-coronavirus\/\" \/>\n<meta property=\"og:site_name\" content=\"CVI NOTICIAS\" \/>\n<meta property=\"article:publisher\" content=\"https:\/\/www.facebook.com\/cvinoticias\" \/>\n<meta property=\"article:published_time\" content=\"2022-12-08T10:37:44+00:00\" \/>\n<meta property=\"og:image\" content=\"https:\/\/cvinoticias.com\/wp-content\/uploads\/2022\/12\/lg.jpg\" \/>\n\t<meta property=\"og:image:width\" content=\"1200\" \/>\n\t<meta property=\"og:image:height\" content=\"800\" \/>\n\t<meta property=\"og:image:type\" content=\"image\/jpeg\" \/>\n<meta name=\"author\" content=\"f1000024\" \/>\n<meta name=\"twitter:card\" content=\"summary_large_image\" \/>\n<meta name=\"twitter:label1\" content=\"Escrito por\" \/>\n\t<meta name=\"twitter:data1\" content=\"f1000024\" \/>\n\t<meta name=\"twitter:label2\" content=\"Tiempo de lectura\" \/>\n\t<meta name=\"twitter:data2\" content=\"1 minuto\" \/>\n<script type=\"application\/ld+json\" class=\"yoast-schema-graph\">{\"@context\":\"https:\\\/\\\/schema.org\",\"@graph\":[{\"@type\":\"Article\",\"@id\":\"https:\\\/\\\/cvinoticias.com\\\/v3\\\/el-ministerio-de-salud-recomienda-aplicarse-los-refuerzos-de-la-vacuna-frente-a-la-suba-de-casos-de-coronavirus\\\/#article\",\"isPartOf\":{\"@id\":\"https:\\\/\\\/cvinoticias.com\\\/v3\\\/el-ministerio-de-salud-recomienda-aplicarse-los-refuerzos-de-la-vacuna-frente-a-la-suba-de-casos-de-coronavirus\\\/\"},\"author\":{\"name\":\"f1000024\",\"@id\":\"https:\\\/\\\/cvinoticias.com\\\/v3\\\/#\\\/schema\\\/person\\\/2db77e3c6bc03c538495d7b2b8be9b66\"},\"headline\":\"El Ministerio de Salud recomienda aplicarse los refuerzos de la vacuna frente a la suba de casos de coronavirus\",\"datePublished\":\"2022-12-08T10:37:44+00:00\",\"mainEntityOfPage\":{\"@id\":\"https:\\\/\\\/cvinoticias.com\\\/v3\\\/el-ministerio-de-salud-recomienda-aplicarse-los-refuerzos-de-la-vacuna-frente-a-la-suba-de-casos-de-coronavirus\\\/\"},\"wordCount\":292,\"commentCount\":0,\"publisher\":{\"@id\":\"https:\\\/\\\/cvinoticias.com\\\/v3\\\/#organization\"},\"image\":{\"@id\":\"https:\\\/\\\/cvinoticias.com\\\/v3\\\/el-ministerio-de-salud-recomienda-aplicarse-los-refuerzos-de-la-vacuna-frente-a-la-suba-de-casos-de-coronavirus\\\/#primaryimage\"},\"thumbnailUrl\":\"https:\\\/\\\/cvinoticias.com\\\/wp-content\\\/uploads\\\/2022\\\/12\\\/lg.jpg\",\"articleSection\":[\"Covid-19\",\"Salud\"],\"inLanguage\":\"es\",\"potentialAction\":[{\"@type\":\"CommentAction\",\"name\":\"Comment\",\"target\":[\"https:\\\/\\\/cvinoticias.com\\\/v3\\\/el-ministerio-de-salud-recomienda-aplicarse-los-refuerzos-de-la-vacuna-frente-a-la-suba-de-casos-de-coronavirus\\\/#respond\"]}]},{\"@type\":\"WebPage\",\"@id\":\"https:\\\/\\\/cvinoticias.com\\\/v3\\\/el-ministerio-de-salud-recomienda-aplicarse-los-refuerzos-de-la-vacuna-frente-a-la-suba-de-casos-de-coronavirus\\\/\",\"url\":\"https:\\\/\\\/cvinoticias.com\\\/v3\\\/el-ministerio-de-salud-recomienda-aplicarse-los-refuerzos-de-la-vacuna-frente-a-la-suba-de-casos-de-coronavirus\\\/\",\"name\":\"El Ministerio de Salud recomienda aplicarse los refuerzos de la vacuna frente a la suba de casos de coronavirus | CVI NOTICIAS\",\"isPartOf\":{\"@id\":\"https:\\\/\\\/cvinoticias.com\\\/v3\\\/#website\"},\"primaryImageOfPage\":{\"@id\":\"https:\\\/\\\/cvinoticias.com\\\/v3\\\/el-ministerio-de-salud-recomienda-aplicarse-los-refuerzos-de-la-vacuna-frente-a-la-suba-de-casos-de-coronavirus\\\/#primaryimage\"},\"image\":{\"@id\":\"https:\\\/\\\/cvinoticias.com\\\/v3\\\/el-ministerio-de-salud-recomienda-aplicarse-los-refuerzos-de-la-vacuna-frente-a-la-suba-de-casos-de-coronavirus\\\/#primaryimage\"},\"thumbnailUrl\":\"https:\\\/\\\/cvinoticias.com\\\/wp-content\\\/uploads\\\/2022\\\/12\\\/lg.jpg\",\"datePublished\":\"2022-12-08T10:37:44+00:00\",\"breadcrumb\":{\"@id\":\"https:\\\/\\\/cvinoticias.com\\\/v3\\\/el-ministerio-de-salud-recomienda-aplicarse-los-refuerzos-de-la-vacuna-frente-a-la-suba-de-casos-de-coronavirus\\\/#breadcrumb\"},\"inLanguage\":\"es\",\"potentialAction\":[{\"@type\":\"ReadAction\",\"target\":[\"https:\\\/\\\/cvinoticias.com\\\/v3\\\/el-ministerio-de-salud-recomienda-aplicarse-los-refuerzos-de-la-vacuna-frente-a-la-suba-de-casos-de-coronavirus\\\/\"]}]},{\"@type\":\"ImageObject\",\"inLanguage\":\"es\",\"@id\":\"https:\\\/\\\/cvinoticias.com\\\/v3\\\/el-ministerio-de-salud-recomienda-aplicarse-los-refuerzos-de-la-vacuna-frente-a-la-suba-de-casos-de-coronavirus\\\/#primaryimage\",\"url\":\"https:\\\/\\\/cvinoticias.com\\\/wp-content\\\/uploads\\\/2022\\\/12\\\/lg.jpg\",\"contentUrl\":\"https:\\\/\\\/cvinoticias.com\\\/wp-content\\\/uploads\\\/2022\\\/12\\\/lg.jpg\",\"width\":1200,\"height\":800},{\"@type\":\"BreadcrumbList\",\"@id\":\"https:\\\/\\\/cvinoticias.com\\\/v3\\\/el-ministerio-de-salud-recomienda-aplicarse-los-refuerzos-de-la-vacuna-frente-a-la-suba-de-casos-de-coronavirus\\\/#breadcrumb\",\"itemListElement\":[{\"@type\":\"ListItem\",\"position\":1,\"name\":\"Portada\",\"item\":\"https:\\\/\\\/cvinoticias.com\\\/v3\\\/\"},{\"@type\":\"ListItem\",\"position\":2,\"name\":\"El Ministerio de Salud recomienda aplicarse los refuerzos de la vacuna frente a la suba de casos de coronavirus\"}]},{\"@type\":\"WebSite\",\"@id\":\"https:\\\/\\\/cvinoticias.com\\\/v3\\\/#website\",\"url\":\"https:\\\/\\\/cvinoticias.com\\\/v3\\\/\",\"name\":\"CVI NOTICIAS\",\"description\":\"\",\"publisher\":{\"@id\":\"https:\\\/\\\/cvinoticias.com\\\/v3\\\/#organization\"},\"alternateName\":\"CVI\",\"potentialAction\":[{\"@type\":\"SearchAction\",\"target\":{\"@type\":\"EntryPoint\",\"urlTemplate\":\"https:\\\/\\\/cvinoticias.com\\\/v3\\\/?s={search_term_string}\"},\"query-input\":{\"@type\":\"PropertyValueSpecification\",\"valueRequired\":true,\"valueName\":\"search_term_string\"}}],\"inLanguage\":\"es\"},{\"@type\":\"Organization\",\"@id\":\"https:\\\/\\\/cvinoticias.com\\\/v3\\\/#organization\",\"name\":\"CVI NOTICIAS\",\"url\":\"https:\\\/\\\/cvinoticias.com\\\/v3\\\/\",\"logo\":{\"@type\":\"ImageObject\",\"inLanguage\":\"es\",\"@id\":\"https:\\\/\\\/cvinoticias.com\\\/v3\\\/#\\\/schema\\\/logo\\\/image\\\/\",\"url\":\"https:\\\/\\\/cvinoticias.com\\\/wp-content\\\/uploads\\\/2023\\\/04\\\/cropped-cropped-cropped-cropped-cropped-3-1.png\",\"contentUrl\":\"https:\\\/\\\/cvinoticias.com\\\/wp-content\\\/uploads\\\/2023\\\/04\\\/cropped-cropped-cropped-cropped-cropped-3-1.png\",\"width\":95,\"height\":122,\"caption\":\"CVI NOTICIAS\"},\"image\":{\"@id\":\"https:\\\/\\\/cvinoticias.com\\\/v3\\\/#\\\/schema\\\/logo\\\/image\\\/\"},\"sameAs\":[\"https:\\\/\\\/www.facebook.com\\\/cvinoticias\",\"https:\\\/\\\/www.instagram.com\\\/cvinoticias\\\/\",\"https:\\\/\\\/www.youtube.com\\\/@CVINOTICIAS\"]},{\"@type\":\"Person\",\"@id\":\"https:\\\/\\\/cvinoticias.com\\\/v3\\\/#\\\/schema\\\/person\\\/2db77e3c6bc03c538495d7b2b8be9b66\",\"name\":\"f1000024\",\"image\":{\"@type\":\"ImageObject\",\"inLanguage\":\"es\",\"@id\":\"https:\\\/\\\/secure.gravatar.com\\\/avatar\\\/d4fe7459cfc51ff5129ce1a732bbef5928568b8092d412ef95611616376bbeed?s=96&d=mm&r=g\",\"url\":\"https:\\\/\\\/secure.gravatar.com\\\/avatar\\\/d4fe7459cfc51ff5129ce1a732bbef5928568b8092d412ef95611616376bbeed?s=96&d=mm&r=g\",\"contentUrl\":\"https:\\\/\\\/secure.gravatar.com\\\/avatar\\\/d4fe7459cfc51ff5129ce1a732bbef5928568b8092d412ef95611616376bbeed?s=96&d=mm&r=g\",\"caption\":\"f1000024\"},\"url\":\"https:\\\/\\\/cvinoticias.com\\\/v3\\\/author\\\/f1000024\\\/\"}]}<\/script>\n<!-- \/ Yoast SEO plugin. -->","yoast_head_json":{"title":"El Ministerio de Salud recomienda aplicarse los refuerzos de la vacuna frente a la suba de casos de coronavirus | CVI NOTICIAS","robots":{"index":"index","follow":"follow","max-snippet":"max-snippet:-1","max-image-preview":"max-image-preview:large","max-video-preview":"max-video-preview:-1"},"canonical":"https:\/\/cvinoticias.com\/v3\/el-ministerio-de-salud-recomienda-aplicarse-los-refuerzos-de-la-vacuna-frente-a-la-suba-de-casos-de-coronavirus\/","og_locale":"es_ES","og_type":"article","og_title":"El Ministerio de Salud recomienda aplicarse los refuerzos de la vacuna frente a la suba de casos de coronavirus | CVI NOTICIAS","og_description":"Desde el Ministerio de Salud de la Naci\u00f3n remarcaron que el n\u00famero de casos de Covid lleg\u00f3 a casi cuadruplicarse con respecto a la semana anterior. Si bien aclararon que esta suba, no se traduce en las hospitalizaciones, recomendaron que la poblaci\u00f3n se d\u00e9 los refuerzos de las vacunas. \u00abSe ha registrado un aumento de [&hellip;]","og_url":"https:\/\/cvinoticias.com\/v3\/el-ministerio-de-salud-recomienda-aplicarse-los-refuerzos-de-la-vacuna-frente-a-la-suba-de-casos-de-coronavirus\/","og_site_name":"CVI NOTICIAS","article_publisher":"https:\/\/www.facebook.com\/cvinoticias","article_published_time":"2022-12-08T10:37:44+00:00","og_image":[{"width":1200,"height":800,"url":"https:\/\/cvinoticias.com\/wp-content\/uploads\/2022\/12\/lg.jpg","type":"image\/jpeg"}],"author":"f1000024","twitter_card":"summary_large_image","twitter_misc":{"Escrito por":"f1000024","Tiempo de lectura":"1 minuto"},"schema":{"@context":"https:\/\/schema.org","@graph":[{"@type":"Article","@id":"https:\/\/cvinoticias.com\/v3\/el-ministerio-de-salud-recomienda-aplicarse-los-refuerzos-de-la-vacuna-frente-a-la-suba-de-casos-de-coronavirus\/#article","isPartOf":{"@id":"https:\/\/cvinoticias.com\/v3\/el-ministerio-de-salud-recomienda-aplicarse-los-refuerzos-de-la-vacuna-frente-a-la-suba-de-casos-de-coronavirus\/"},"author":{"name":"f1000024","@id":"https:\/\/cvinoticias.com\/v3\/#\/schema\/person\/2db77e3c6bc03c538495d7b2b8be9b66"},"headline":"El Ministerio de Salud recomienda aplicarse los refuerzos de la vacuna frente a la suba de casos de coronavirus","datePublished":"2022-12-08T10:37:44+00:00","mainEntityOfPage":{"@id":"https:\/\/cvinoticias.com\/v3\/el-ministerio-de-salud-recomienda-aplicarse-los-refuerzos-de-la-vacuna-frente-a-la-suba-de-casos-de-coronavirus\/"},"wordCount":292,"commentCount":0,"publisher":{"@id":"https:\/\/cvinoticias.com\/v3\/#organization"},"image":{"@id":"https:\/\/cvinoticias.com\/v3\/el-ministerio-de-salud-recomienda-aplicarse-los-refuerzos-de-la-vacuna-frente-a-la-suba-de-casos-de-coronavirus\/#primaryimage"},"thumbnailUrl":"https:\/\/cvinoticias.com\/wp-content\/uploads\/2022\/12\/lg.jpg","articleSection":["Covid-19","Salud"],"inLanguage":"es","potentialAction":[{"@type":"CommentAction","name":"Comment","target":["https:\/\/cvinoticias.com\/v3\/el-ministerio-de-salud-recomienda-aplicarse-los-refuerzos-de-la-vacuna-frente-a-la-suba-de-casos-de-coronavirus\/#respond"]}]},{"@type":"WebPage","@id":"https:\/\/cvinoticias.com\/v3\/el-ministerio-de-salud-recomienda-aplicarse-los-refuerzos-de-la-vacuna-frente-a-la-suba-de-casos-de-coronavirus\/","url":"https:\/\/cvinoticias.com\/v3\/el-ministerio-de-salud-recomienda-aplicarse-los-refuerzos-de-la-vacuna-frente-a-la-suba-de-casos-de-coronavirus\/","name":"El Ministerio de Salud recomienda aplicarse los refuerzos de la vacuna frente a la suba de casos de coronavirus | CVI NOTICIAS","isPartOf":{"@id":"https:\/\/cvinoticias.com\/v3\/#website"},"primaryImageOfPage":{"@id":"https:\/\/cvinoticias.com\/v3\/el-ministerio-de-salud-recomienda-aplicarse-los-refuerzos-de-la-vacuna-frente-a-la-suba-de-casos-de-coronavirus\/#primaryimage"},"image":{"@id":"https:\/\/cvinoticias.com\/v3\/el-ministerio-de-salud-recomienda-aplicarse-los-refuerzos-de-la-vacuna-frente-a-la-suba-de-casos-de-coronavirus\/#primaryimage"},"thumbnailUrl":"https:\/\/cvinoticias.com\/wp-content\/uploads\/2022\/12\/lg.jpg","datePublished":"2022-12-08T10:37:44+00:00","breadcrumb":{"@id":"https:\/\/cvinoticias.com\/v3\/el-ministerio-de-salud-recomienda-aplicarse-los-refuerzos-de-la-vacuna-frente-a-la-suba-de-casos-de-coronavirus\/#breadcrumb"},"inLanguage":"es","potentialAction":[{"@type":"ReadAction","target":["https:\/\/cvinoticias.com\/v3\/el-ministerio-de-salud-recomienda-aplicarse-los-refuerzos-de-la-vacuna-frente-a-la-suba-de-casos-de-coronavirus\/"]}]},{"@type":"ImageObject","inLanguage":"es","@id":"https:\/\/cvinoticias.com\/v3\/el-ministerio-de-salud-recomienda-aplicarse-los-refuerzos-de-la-vacuna-frente-a-la-suba-de-casos-de-coronavirus\/#primaryimage","url":"https:\/\/cvinoticias.com\/wp-content\/uploads\/2022\/12\/lg.jpg","contentUrl":"https:\/\/cvinoticias.com\/wp-content\/uploads\/2022\/12\/lg.jpg","width":1200,"height":800},{"@type":"BreadcrumbList","@id":"https:\/\/cvinoticias.com\/v3\/el-ministerio-de-salud-recomienda-aplicarse-los-refuerzos-de-la-vacuna-frente-a-la-suba-de-casos-de-coronavirus\/#breadcrumb","itemListElement":[{"@type":"ListItem","position":1,"name":"Portada","item":"https:\/\/cvinoticias.com\/v3\/"},{"@type":"ListItem","position":2,"name":"El Ministerio de Salud recomienda aplicarse los refuerzos de la vacuna frente a la suba de casos de coronavirus"}]},{"@type":"WebSite","@id":"https:\/\/cvinoticias.com\/v3\/#website","url":"https:\/\/cvinoticias.com\/v3\/","name":"CVI NOTICIAS","description":"","publisher":{"@id":"https:\/\/cvinoticias.com\/v3\/#organization"},"alternateName":"CVI","potentialAction":[{"@type":"SearchAction","target":{"@type":"EntryPoint","urlTemplate":"https:\/\/cvinoticias.com\/v3\/?s={search_term_string}"},"query-input":{"@type":"PropertyValueSpecification","valueRequired":true,"valueName":"search_term_string"}}],"inLanguage":"es"},{"@type":"Organization","@id":"https:\/\/cvinoticias.com\/v3\/#organization","name":"CVI NOTICIAS","url":"https:\/\/cvinoticias.com\/v3\/","logo":{"@type":"ImageObject","inLanguage":"es","@id":"https:\/\/cvinoticias.com\/v3\/#\/schema\/logo\/image\/","url":"https:\/\/cvinoticias.com\/wp-content\/uploads\/2023\/04\/cropped-cropped-cropped-cropped-cropped-3-1.png","contentUrl":"https:\/\/cvinoticias.com\/wp-content\/uploads\/2023\/04\/cropped-cropped-cropped-cropped-cropped-3-1.png","width":95,"height":122,"caption":"CVI NOTICIAS"},"image":{"@id":"https:\/\/cvinoticias.com\/v3\/#\/schema\/logo\/image\/"},"sameAs":["https:\/\/www.facebook.com\/cvinoticias","https:\/\/www.instagram.com\/cvinoticias\/","https:\/\/www.youtube.com\/@CVINOTICIAS"]},{"@type":"Person","@id":"https:\/\/cvinoticias.com\/v3\/#\/schema\/person\/2db77e3c6bc03c538495d7b2b8be9b66","name":"f1000024","image":{"@type":"ImageObject","inLanguage":"es","@id":"https:\/\/secure.gravatar.com\/avatar\/d4fe7459cfc51ff5129ce1a732bbef5928568b8092d412ef95611616376bbeed?s=96&d=mm&r=g","url":"https:\/\/secure.gravatar.com\/avatar\/d4fe7459cfc51ff5129ce1a732bbef5928568b8092d412ef95611616376bbeed?s=96&d=mm&r=g","contentUrl":"https:\/\/secure.gravatar.com\/avatar\/d4fe7459cfc51ff5129ce1a732bbef5928568b8092d412ef95611616376bbeed?s=96&d=mm&r=g","caption":"f1000024"},"url":"https:\/\/cvinoticias.com\/v3\/author\/f1000024\/"}]}},"_links":{"self":[{"href":"https:\/\/cvinoticias.com\/v3\/wp-json\/wp\/v2\/posts\/21118","targetHints":{"allow":["GET"]}}],"collection":[{"href":"https:\/\/cvinoticias.com\/v3\/wp-json\/wp\/v2\/posts"}],"about":[{"href":"https:\/\/cvinoticias.com\/v3\/wp-json\/wp\/v2\/types\/post"}],"author":[{"embeddable":true,"href":"https:\/\/cvinoticias.com\/v3\/wp-json\/wp\/v2\/users\/2"}],"replies":[{"embeddable":true,"href":"https:\/\/cvinoticias.com\/v3\/wp-json\/wp\/v2\/comments?post=21118"}],"version-history":[{"count":1,"href":"https:\/\/cvinoticias.com\/v3\/wp-json\/wp\/v2\/posts\/21118\/revisions"}],"predecessor-version":[{"id":21120,"href":"https:\/\/cvinoticias.com\/v3\/wp-json\/wp\/v2\/posts\/21118\/revisions\/21120"}],"wp:featuredmedia":[{"embeddable":true,"href":"https:\/\/cvinoticias.com\/v3\/wp-json\/wp\/v2\/media\/21119"}],"wp:attachment":[{"href":"https:\/\/cvinoticias.com\/v3\/wp-json\/wp\/v2\/media?parent=21118"}],"wp:term":[{"taxonomy":"category","embeddable":true,"href":"https:\/\/cvinoticias.com\/v3\/wp-json\/wp\/v2\/categories?post=21118"},{"taxonomy":"post_tag","embeddable":true,"href":"https:\/\/cvinoticias.com\/v3\/wp-json\/wp\/v2\/tags?post=21118"}],"curies":[{"name":"wp","href":"https:\/\/api.w.org\/{rel}","templated":true}]}}