{"id":21112,"date":"2022-12-08T10:25:11","date_gmt":"2022-12-08T10:25:11","guid":{"rendered":"https:\/\/cvinoticias.com\/v3\/?p=21112"},"modified":"2022-12-08T10:25:11","modified_gmt":"2022-12-08T10:25:11","slug":"la-mitad-del-pais-bajo-alerta-amarilla-por-la-ola-de-calor","status":"publish","type":"post","link":"https:\/\/cvinoticias.com\/v3\/la-mitad-del-pais-bajo-alerta-amarilla-por-la-ola-de-calor\/","title":{"rendered":"La mitad del pa\u00eds bajo alerta amarilla por la ola de calor"},"content":{"rendered":"\n<p><strong><em>Algunas provincias del interior registran temperaturas por encima de los 40 grados.<\/em><\/strong><\/p>\n\n\n\n<p>Formosa, Salta y Santiago del Estero superaron los 40 grados este mediod\u00eda en el transcurso de una nueva jornada de intenso calor, con marcas m\u00e1ximas pronosticadas de 42 grados para algunas localidades, mientras que el Servicio Meteorol\u00f3gico Nacional (SMN) mantiene la alerta amarilla por altas temperaturas en 15 provincias y extendi\u00f3 la alerta naranja para la ciudad de Buenos Aires y el conurbano bonaerense.<\/p>\n\n\n\n<p>El reporte del organismo que recolecta temperaturas de los observatorios meteorol\u00f3gicos de todo el pa\u00eds advirti\u00f3 que a las 12, la localidad de Las Lomitas, en Formosa, alcanz\u00f3 los 41 grados, en tanto que en las ciudades salte\u00f1as de Tartagal y San Ram\u00f3n de La Nueva Or\u00e1n, el term\u00f3metro marc\u00f3 40,8 y 40, respectivamente.<\/p>\n\n\n\n<p>Seg\u00fan el ranking de temperaturas, al mediod\u00eda, se ubicaba en tercer lugar la capital de Santiago del Estero con 40,6 grados.<\/p>\n\n\n\n<p>Esta ma\u00f1ana, el SMN ampli\u00f3 la alerta naranja por temperaturas que pueden ser \u00abmuy peligrosas\u00bb para la ciudad de Buenos Aires, donde se espera una m\u00e1xima de 36 grados, y para localidades bonaerenses como Avellaneda, Lan\u00fas, Lomas de Zamora, Quilmes, Chivilcoy y Bragado, que podr\u00edan superar los 37 grados.<\/p>\n\n\n\n<p>La alerta naranja tambi\u00e9n se mantiene para el sureste de Jujuy, la totalidad de Catamarca y La Rioja, y sectores del norte de San Juan, donde se prev\u00e9n m\u00e1ximas entre 40 y 42 grados.<\/p>\n\n\n\n<p>El nivel naranja que implica un \u00abefecto moderado a alto en la salud\u00bb se extend\u00eda a gran parte de las provincias de C\u00f3rdoba, Mendoza y San Luis, mientras que para la capital cordobesa se pronostic\u00f3 una m\u00e1xima de 42 grados.<\/p>\n\n\n\n<p>Por otro lado, el SMN contin\u00faa con alertas amarillas para la totalidad de las provincias de Salta, Formosa, Tucum\u00e1n, Santa Fe y Entre R\u00edos, y para amplios sectores de Santiago del Estero, San Juan, San Luis, Mendoza, C\u00f3rdoba, Corrientes, Misiones, Chaco y la provincia de Buenos Aires.<\/p>\n\n\n\n<p>El nivel amarillo de alerta por temperaturas extremas significa un efecto leve a moderado en la salud y \u00abpueden ser peligrosas, sobre todo para los grupos de riesgo, como ni\u00f1os y ni\u00f1as, personas mayores de 65 a\u00f1os y con enfermedades cr\u00f3nicas\u00bb, precis\u00f3 el SMN.<\/p>\n\n\n\n<p>Por esto, el organismo meteorol\u00f3gico recomend\u00f3 a la poblaci\u00f3n de estas zonas mantenerse hidratada, no exponerse a las altas temperaturas, evitar realizar actividad f\u00edsica, y usar ropa liviana y de colores claros.<\/p>\n","protected":false},"excerpt":{"rendered":"<p>Algunas provincias del interior registran temperaturas por encima de los 40 grados. Formosa, Salta y Santiago del Estero superaron los 40 grados este mediod\u00eda en el transcurso de una nueva jornada de intenso calor, con marcas m\u00e1ximas pronosticadas de 42 grados para algunas localidades, mientras que el Servicio Meteorol\u00f3gico Nacional (SMN) mantiene la alerta amarilla [&hellip;]<\/p>\n","protected":false},"author":2,"featured_media":21113,"comment_status":"open","ping_status":"open","sticky":false,"template":"","format":"standard","meta":{"footnotes":""},"categories":[35],"tags":[],"class_list":["post-21112","post","type-post","status-publish","format-standard","has-post-thumbnail","hentry","category-informacion-general"],"yoast_head":"<!-- This site is optimized with the Yoast SEO plugin v27.5 - https:\/\/yoast.com\/product\/yoast-seo-wordpress\/ -->\n<title>La mitad del pa\u00eds bajo alerta amarilla por la ola de calor | CVI NOTICIAS<\/title>\n<meta name=\"robots\" content=\"index, follow, max-snippet:-1, max-image-preview:large, max-video-preview:-1\" \/>\n<link rel=\"canonical\" href=\"https:\/\/cvinoticias.com\/v3\/la-mitad-del-pais-bajo-alerta-amarilla-por-la-ola-de-calor\/\" \/>\n<meta property=\"og:locale\" content=\"es_ES\" \/>\n<meta property=\"og:type\" content=\"article\" \/>\n<meta property=\"og:title\" content=\"La mitad del pa\u00eds bajo alerta amarilla por la ola de calor | CVI NOTICIAS\" \/>\n<meta property=\"og:description\" content=\"Algunas provincias del interior registran temperaturas por encima de los 40 grados. Formosa, Salta y Santiago del Estero superaron los 40 grados este mediod\u00eda en el transcurso de una nueva jornada de intenso calor, con marcas m\u00e1ximas pronosticadas de 42 grados para algunas localidades, mientras que el Servicio Meteorol\u00f3gico Nacional (SMN) mantiene la alerta amarilla [&hellip;]\" \/>\n<meta property=\"og:url\" content=\"https:\/\/cvinoticias.com\/v3\/la-mitad-del-pais-bajo-alerta-amarilla-por-la-ola-de-calor\/\" \/>\n<meta property=\"og:site_name\" content=\"CVI NOTICIAS\" \/>\n<meta property=\"article:publisher\" content=\"https:\/\/www.facebook.com\/cvinoticias\" \/>\n<meta property=\"article:published_time\" content=\"2022-12-08T10:25:11+00:00\" \/>\n<meta property=\"og:image\" content=\"https:\/\/cvinoticias.com\/wp-content\/uploads\/2022\/12\/0000084687.jpg\" \/>\n\t<meta property=\"og:image:width\" content=\"640\" \/>\n\t<meta property=\"og:image:height\" content=\"360\" \/>\n\t<meta property=\"og:image:type\" content=\"image\/jpeg\" \/>\n<meta name=\"author\" content=\"f1000024\" \/>\n<meta name=\"twitter:card\" content=\"summary_large_image\" \/>\n<meta name=\"twitter:label1\" content=\"Escrito por\" \/>\n\t<meta name=\"twitter:data1\" content=\"f1000024\" \/>\n\t<meta name=\"twitter:label2\" content=\"Tiempo de lectura\" \/>\n\t<meta name=\"twitter:data2\" content=\"2 minutos\" \/>\n<script type=\"application\/ld+json\" class=\"yoast-schema-graph\">{\"@context\":\"https:\\\/\\\/schema.org\",\"@graph\":[{\"@type\":\"Article\",\"@id\":\"https:\\\/\\\/cvinoticias.com\\\/v3\\\/la-mitad-del-pais-bajo-alerta-amarilla-por-la-ola-de-calor\\\/#article\",\"isPartOf\":{\"@id\":\"https:\\\/\\\/cvinoticias.com\\\/v3\\\/la-mitad-del-pais-bajo-alerta-amarilla-por-la-ola-de-calor\\\/\"},\"author\":{\"name\":\"f1000024\",\"@id\":\"https:\\\/\\\/cvinoticias.com\\\/v3\\\/#\\\/schema\\\/person\\\/2db77e3c6bc03c538495d7b2b8be9b66\"},\"headline\":\"La mitad del pa\u00eds bajo alerta amarilla por la ola de calor\",\"datePublished\":\"2022-12-08T10:25:11+00:00\",\"mainEntityOfPage\":{\"@id\":\"https:\\\/\\\/cvinoticias.com\\\/v3\\\/la-mitad-del-pais-bajo-alerta-amarilla-por-la-ola-de-calor\\\/\"},\"wordCount\":427,\"commentCount\":0,\"publisher\":{\"@id\":\"https:\\\/\\\/cvinoticias.com\\\/v3\\\/#organization\"},\"image\":{\"@id\":\"https:\\\/\\\/cvinoticias.com\\\/v3\\\/la-mitad-del-pais-bajo-alerta-amarilla-por-la-ola-de-calor\\\/#primaryimage\"},\"thumbnailUrl\":\"https:\\\/\\\/cvinoticias.com\\\/wp-content\\\/uploads\\\/2022\\\/12\\\/0000084687.jpg\",\"articleSection\":[\"Informaci\u00f3n General\"],\"inLanguage\":\"es\",\"potentialAction\":[{\"@type\":\"CommentAction\",\"name\":\"Comment\",\"target\":[\"https:\\\/\\\/cvinoticias.com\\\/v3\\\/la-mitad-del-pais-bajo-alerta-amarilla-por-la-ola-de-calor\\\/#respond\"]}]},{\"@type\":\"WebPage\",\"@id\":\"https:\\\/\\\/cvinoticias.com\\\/v3\\\/la-mitad-del-pais-bajo-alerta-amarilla-por-la-ola-de-calor\\\/\",\"url\":\"https:\\\/\\\/cvinoticias.com\\\/v3\\\/la-mitad-del-pais-bajo-alerta-amarilla-por-la-ola-de-calor\\\/\",\"name\":\"La mitad del pa\u00eds bajo alerta amarilla por la ola de calor | CVI NOTICIAS\",\"isPartOf\":{\"@id\":\"https:\\\/\\\/cvinoticias.com\\\/v3\\\/#website\"},\"primaryImageOfPage\":{\"@id\":\"https:\\\/\\\/cvinoticias.com\\\/v3\\\/la-mitad-del-pais-bajo-alerta-amarilla-por-la-ola-de-calor\\\/#primaryimage\"},\"image\":{\"@id\":\"https:\\\/\\\/cvinoticias.com\\\/v3\\\/la-mitad-del-pais-bajo-alerta-amarilla-por-la-ola-de-calor\\\/#primaryimage\"},\"thumbnailUrl\":\"https:\\\/\\\/cvinoticias.com\\\/wp-content\\\/uploads\\\/2022\\\/12\\\/0000084687.jpg\",\"datePublished\":\"2022-12-08T10:25:11+00:00\",\"breadcrumb\":{\"@id\":\"https:\\\/\\\/cvinoticias.com\\\/v3\\\/la-mitad-del-pais-bajo-alerta-amarilla-por-la-ola-de-calor\\\/#breadcrumb\"},\"inLanguage\":\"es\",\"potentialAction\":[{\"@type\":\"ReadAction\",\"target\":[\"https:\\\/\\\/cvinoticias.com\\\/v3\\\/la-mitad-del-pais-bajo-alerta-amarilla-por-la-ola-de-calor\\\/\"]}]},{\"@type\":\"ImageObject\",\"inLanguage\":\"es\",\"@id\":\"https:\\\/\\\/cvinoticias.com\\\/v3\\\/la-mitad-del-pais-bajo-alerta-amarilla-por-la-ola-de-calor\\\/#primaryimage\",\"url\":\"https:\\\/\\\/cvinoticias.com\\\/wp-content\\\/uploads\\\/2022\\\/12\\\/0000084687.jpg\",\"contentUrl\":\"https:\\\/\\\/cvinoticias.com\\\/wp-content\\\/uploads\\\/2022\\\/12\\\/0000084687.jpg\",\"width\":640,\"height\":360},{\"@type\":\"BreadcrumbList\",\"@id\":\"https:\\\/\\\/cvinoticias.com\\\/v3\\\/la-mitad-del-pais-bajo-alerta-amarilla-por-la-ola-de-calor\\\/#breadcrumb\",\"itemListElement\":[{\"@type\":\"ListItem\",\"position\":1,\"name\":\"Portada\",\"item\":\"https:\\\/\\\/cvinoticias.com\\\/v3\\\/\"},{\"@type\":\"ListItem\",\"position\":2,\"name\":\"La mitad del pa\u00eds bajo alerta amarilla por la ola de calor\"}]},{\"@type\":\"WebSite\",\"@id\":\"https:\\\/\\\/cvinoticias.com\\\/v3\\\/#website\",\"url\":\"https:\\\/\\\/cvinoticias.com\\\/v3\\\/\",\"name\":\"CVI NOTICIAS\",\"description\":\"\",\"publisher\":{\"@id\":\"https:\\\/\\\/cvinoticias.com\\\/v3\\\/#organization\"},\"alternateName\":\"CVI\",\"potentialAction\":[{\"@type\":\"SearchAction\",\"target\":{\"@type\":\"EntryPoint\",\"urlTemplate\":\"https:\\\/\\\/cvinoticias.com\\\/v3\\\/?s={search_term_string}\"},\"query-input\":{\"@type\":\"PropertyValueSpecification\",\"valueRequired\":true,\"valueName\":\"search_term_string\"}}],\"inLanguage\":\"es\"},{\"@type\":\"Organization\",\"@id\":\"https:\\\/\\\/cvinoticias.com\\\/v3\\\/#organization\",\"name\":\"CVI NOTICIAS\",\"url\":\"https:\\\/\\\/cvinoticias.com\\\/v3\\\/\",\"logo\":{\"@type\":\"ImageObject\",\"inLanguage\":\"es\",\"@id\":\"https:\\\/\\\/cvinoticias.com\\\/v3\\\/#\\\/schema\\\/logo\\\/image\\\/\",\"url\":\"https:\\\/\\\/cvinoticias.com\\\/wp-content\\\/uploads\\\/2023\\\/04\\\/cropped-cropped-cropped-cropped-cropped-3-1.png\",\"contentUrl\":\"https:\\\/\\\/cvinoticias.com\\\/wp-content\\\/uploads\\\/2023\\\/04\\\/cropped-cropped-cropped-cropped-cropped-3-1.png\",\"width\":95,\"height\":122,\"caption\":\"CVI NOTICIAS\"},\"image\":{\"@id\":\"https:\\\/\\\/cvinoticias.com\\\/v3\\\/#\\\/schema\\\/logo\\\/image\\\/\"},\"sameAs\":[\"https:\\\/\\\/www.facebook.com\\\/cvinoticias\",\"https:\\\/\\\/www.instagram.com\\\/cvinoticias\\\/\",\"https:\\\/\\\/www.youtube.com\\\/@CVINOTICIAS\"]},{\"@type\":\"Person\",\"@id\":\"https:\\\/\\\/cvinoticias.com\\\/v3\\\/#\\\/schema\\\/person\\\/2db77e3c6bc03c538495d7b2b8be9b66\",\"name\":\"f1000024\",\"image\":{\"@type\":\"ImageObject\",\"inLanguage\":\"es\",\"@id\":\"https:\\\/\\\/secure.gravatar.com\\\/avatar\\\/d4fe7459cfc51ff5129ce1a732bbef5928568b8092d412ef95611616376bbeed?s=96&d=mm&r=g\",\"url\":\"https:\\\/\\\/secure.gravatar.com\\\/avatar\\\/d4fe7459cfc51ff5129ce1a732bbef5928568b8092d412ef95611616376bbeed?s=96&d=mm&r=g\",\"contentUrl\":\"https:\\\/\\\/secure.gravatar.com\\\/avatar\\\/d4fe7459cfc51ff5129ce1a732bbef5928568b8092d412ef95611616376bbeed?s=96&d=mm&r=g\",\"caption\":\"f1000024\"},\"url\":\"https:\\\/\\\/cvinoticias.com\\\/v3\\\/author\\\/f1000024\\\/\"}]}<\/script>\n<!-- \/ Yoast SEO plugin. -->","yoast_head_json":{"title":"La mitad del pa\u00eds bajo alerta amarilla por la ola de calor | CVI NOTICIAS","robots":{"index":"index","follow":"follow","max-snippet":"max-snippet:-1","max-image-preview":"max-image-preview:large","max-video-preview":"max-video-preview:-1"},"canonical":"https:\/\/cvinoticias.com\/v3\/la-mitad-del-pais-bajo-alerta-amarilla-por-la-ola-de-calor\/","og_locale":"es_ES","og_type":"article","og_title":"La mitad del pa\u00eds bajo alerta amarilla por la ola de calor | CVI NOTICIAS","og_description":"Algunas provincias del interior registran temperaturas por encima de los 40 grados. Formosa, Salta y Santiago del Estero superaron los 40 grados este mediod\u00eda en el transcurso de una nueva jornada de intenso calor, con marcas m\u00e1ximas pronosticadas de 42 grados para algunas localidades, mientras que el Servicio Meteorol\u00f3gico Nacional (SMN) mantiene la alerta amarilla [&hellip;]","og_url":"https:\/\/cvinoticias.com\/v3\/la-mitad-del-pais-bajo-alerta-amarilla-por-la-ola-de-calor\/","og_site_name":"CVI NOTICIAS","article_publisher":"https:\/\/www.facebook.com\/cvinoticias","article_published_time":"2022-12-08T10:25:11+00:00","og_image":[{"width":640,"height":360,"url":"https:\/\/cvinoticias.com\/wp-content\/uploads\/2022\/12\/0000084687.jpg","type":"image\/jpeg"}],"author":"f1000024","twitter_card":"summary_large_image","twitter_misc":{"Escrito por":"f1000024","Tiempo de lectura":"2 minutos"},"schema":{"@context":"https:\/\/schema.org","@graph":[{"@type":"Article","@id":"https:\/\/cvinoticias.com\/v3\/la-mitad-del-pais-bajo-alerta-amarilla-por-la-ola-de-calor\/#article","isPartOf":{"@id":"https:\/\/cvinoticias.com\/v3\/la-mitad-del-pais-bajo-alerta-amarilla-por-la-ola-de-calor\/"},"author":{"name":"f1000024","@id":"https:\/\/cvinoticias.com\/v3\/#\/schema\/person\/2db77e3c6bc03c538495d7b2b8be9b66"},"headline":"La mitad del pa\u00eds bajo alerta amarilla por la ola de calor","datePublished":"2022-12-08T10:25:11+00:00","mainEntityOfPage":{"@id":"https:\/\/cvinoticias.com\/v3\/la-mitad-del-pais-bajo-alerta-amarilla-por-la-ola-de-calor\/"},"wordCount":427,"commentCount":0,"publisher":{"@id":"https:\/\/cvinoticias.com\/v3\/#organization"},"image":{"@id":"https:\/\/cvinoticias.com\/v3\/la-mitad-del-pais-bajo-alerta-amarilla-por-la-ola-de-calor\/#primaryimage"},"thumbnailUrl":"https:\/\/cvinoticias.com\/wp-content\/uploads\/2022\/12\/0000084687.jpg","articleSection":["Informaci\u00f3n General"],"inLanguage":"es","potentialAction":[{"@type":"CommentAction","name":"Comment","target":["https:\/\/cvinoticias.com\/v3\/la-mitad-del-pais-bajo-alerta-amarilla-por-la-ola-de-calor\/#respond"]}]},{"@type":"WebPage","@id":"https:\/\/cvinoticias.com\/v3\/la-mitad-del-pais-bajo-alerta-amarilla-por-la-ola-de-calor\/","url":"https:\/\/cvinoticias.com\/v3\/la-mitad-del-pais-bajo-alerta-amarilla-por-la-ola-de-calor\/","name":"La mitad del pa\u00eds bajo alerta amarilla por la ola de calor | CVI NOTICIAS","isPartOf":{"@id":"https:\/\/cvinoticias.com\/v3\/#website"},"primaryImageOfPage":{"@id":"https:\/\/cvinoticias.com\/v3\/la-mitad-del-pais-bajo-alerta-amarilla-por-la-ola-de-calor\/#primaryimage"},"image":{"@id":"https:\/\/cvinoticias.com\/v3\/la-mitad-del-pais-bajo-alerta-amarilla-por-la-ola-de-calor\/#primaryimage"},"thumbnailUrl":"https:\/\/cvinoticias.com\/wp-content\/uploads\/2022\/12\/0000084687.jpg","datePublished":"2022-12-08T10:25:11+00:00","breadcrumb":{"@id":"https:\/\/cvinoticias.com\/v3\/la-mitad-del-pais-bajo-alerta-amarilla-por-la-ola-de-calor\/#breadcrumb"},"inLanguage":"es","potentialAction":[{"@type":"ReadAction","target":["https:\/\/cvinoticias.com\/v3\/la-mitad-del-pais-bajo-alerta-amarilla-por-la-ola-de-calor\/"]}]},{"@type":"ImageObject","inLanguage":"es","@id":"https:\/\/cvinoticias.com\/v3\/la-mitad-del-pais-bajo-alerta-amarilla-por-la-ola-de-calor\/#primaryimage","url":"https:\/\/cvinoticias.com\/wp-content\/uploads\/2022\/12\/0000084687.jpg","contentUrl":"https:\/\/cvinoticias.com\/wp-content\/uploads\/2022\/12\/0000084687.jpg","width":640,"height":360},{"@type":"BreadcrumbList","@id":"https:\/\/cvinoticias.com\/v3\/la-mitad-del-pais-bajo-alerta-amarilla-por-la-ola-de-calor\/#breadcrumb","itemListElement":[{"@type":"ListItem","position":1,"name":"Portada","item":"https:\/\/cvinoticias.com\/v3\/"},{"@type":"ListItem","position":2,"name":"La mitad del pa\u00eds bajo alerta amarilla por la ola de calor"}]},{"@type":"WebSite","@id":"https:\/\/cvinoticias.com\/v3\/#website","url":"https:\/\/cvinoticias.com\/v3\/","name":"CVI NOTICIAS","description":"","publisher":{"@id":"https:\/\/cvinoticias.com\/v3\/#organization"},"alternateName":"CVI","potentialAction":[{"@type":"SearchAction","target":{"@type":"EntryPoint","urlTemplate":"https:\/\/cvinoticias.com\/v3\/?s={search_term_string}"},"query-input":{"@type":"PropertyValueSpecification","valueRequired":true,"valueName":"search_term_string"}}],"inLanguage":"es"},{"@type":"Organization","@id":"https:\/\/cvinoticias.com\/v3\/#organization","name":"CVI NOTICIAS","url":"https:\/\/cvinoticias.com\/v3\/","logo":{"@type":"ImageObject","inLanguage":"es","@id":"https:\/\/cvinoticias.com\/v3\/#\/schema\/logo\/image\/","url":"https:\/\/cvinoticias.com\/wp-content\/uploads\/2023\/04\/cropped-cropped-cropped-cropped-cropped-3-1.png","contentUrl":"https:\/\/cvinoticias.com\/wp-content\/uploads\/2023\/04\/cropped-cropped-cropped-cropped-cropped-3-1.png","width":95,"height":122,"caption":"CVI NOTICIAS"},"image":{"@id":"https:\/\/cvinoticias.com\/v3\/#\/schema\/logo\/image\/"},"sameAs":["https:\/\/www.facebook.com\/cvinoticias","https:\/\/www.instagram.com\/cvinoticias\/","https:\/\/www.youtube.com\/@CVINOTICIAS"]},{"@type":"Person","@id":"https:\/\/cvinoticias.com\/v3\/#\/schema\/person\/2db77e3c6bc03c538495d7b2b8be9b66","name":"f1000024","image":{"@type":"ImageObject","inLanguage":"es","@id":"https:\/\/secure.gravatar.com\/avatar\/d4fe7459cfc51ff5129ce1a732bbef5928568b8092d412ef95611616376bbeed?s=96&d=mm&r=g","url":"https:\/\/secure.gravatar.com\/avatar\/d4fe7459cfc51ff5129ce1a732bbef5928568b8092d412ef95611616376bbeed?s=96&d=mm&r=g","contentUrl":"https:\/\/secure.gravatar.com\/avatar\/d4fe7459cfc51ff5129ce1a732bbef5928568b8092d412ef95611616376bbeed?s=96&d=mm&r=g","caption":"f1000024"},"url":"https:\/\/cvinoticias.com\/v3\/author\/f1000024\/"}]}},"_links":{"self":[{"href":"https:\/\/cvinoticias.com\/v3\/wp-json\/wp\/v2\/posts\/21112","targetHints":{"allow":["GET"]}}],"collection":[{"href":"https:\/\/cvinoticias.com\/v3\/wp-json\/wp\/v2\/posts"}],"about":[{"href":"https:\/\/cvinoticias.com\/v3\/wp-json\/wp\/v2\/types\/post"}],"author":[{"embeddable":true,"href":"https:\/\/cvinoticias.com\/v3\/wp-json\/wp\/v2\/users\/2"}],"replies":[{"embeddable":true,"href":"https:\/\/cvinoticias.com\/v3\/wp-json\/wp\/v2\/comments?post=21112"}],"version-history":[{"count":1,"href":"https:\/\/cvinoticias.com\/v3\/wp-json\/wp\/v2\/posts\/21112\/revisions"}],"predecessor-version":[{"id":21114,"href":"https:\/\/cvinoticias.com\/v3\/wp-json\/wp\/v2\/posts\/21112\/revisions\/21114"}],"wp:featuredmedia":[{"embeddable":true,"href":"https:\/\/cvinoticias.com\/v3\/wp-json\/wp\/v2\/media\/21113"}],"wp:attachment":[{"href":"https:\/\/cvinoticias.com\/v3\/wp-json\/wp\/v2\/media?parent=21112"}],"wp:term":[{"taxonomy":"category","embeddable":true,"href":"https:\/\/cvinoticias.com\/v3\/wp-json\/wp\/v2\/categories?post=21112"},{"taxonomy":"post_tag","embeddable":true,"href":"https:\/\/cvinoticias.com\/v3\/wp-json\/wp\/v2\/tags?post=21112"}],"curies":[{"name":"wp","href":"https:\/\/api.w.org\/{rel}","templated":true}]}}