{"id":21085,"date":"2022-12-06T23:00:54","date_gmt":"2022-12-06T23:00:54","guid":{"rendered":"https:\/\/cvinoticias.com\/v3\/?p=21085"},"modified":"2022-12-06T23:00:54","modified_gmt":"2022-12-06T23:00:54","slug":"la-justicia-autorizo-el-pago-del-programa-potenciar-trabajo-y-manana-07-de-diciembre-comienza-el-deposito-de-haberes","status":"publish","type":"post","link":"https:\/\/cvinoticias.com\/v3\/la-justicia-autorizo-el-pago-del-programa-potenciar-trabajo-y-manana-07-de-diciembre-comienza-el-deposito-de-haberes\/","title":{"rendered":"La justicia autoriz\u00f3 el pago del Programa Potenciar Trabajo y ma\u00f1ana 07 de diciembre comienza el dep\u00f3sito de haberes"},"content":{"rendered":"\n<p><strong><em>La Justicia autoriz\u00f3 el pago del Potenciar Trabajo, seg\u00fan comunicaron desde el Ministerio de Desarrollo Social, que comenzar\u00e1 la liquidaci\u00f3n del mes de noviembre. A partir de ma\u00f1ana los beneficiarios podr\u00e1n cobrar este programa.<br>Seg\u00fan se consign\u00f3 desde la cartera que conduce Victoria Tolosa Paz, la autorizaci\u00f3n fue recibida hoy en respuesta a un pedido formulado ante juez Ariel Lijo, a cargo de una causa que se sigue sobre presuntas incompatibilidades en el padr\u00f3n de este programa social.<\/em><\/strong><\/p>\n\n\n\n<p>La intenci\u00f3n de las autoridades de Desarrollo Social era que el an\u00e1lisis caso por caso que se lleva a cabo en la Justicia no detuviera el cobro de los beneficiarios, seg\u00fan explicaron voceros de esa cartera.<\/p>\n\n\n\n<p>Desde el Ministerio informaron que se llevaron adelante actuaciones \u00abcon la finalidad de identificar potenciales incompatibilidades e inconsistencias\u00bb que pudieran surgir en la conformaci\u00f3n del padr\u00f3n de titulares del Programa a trav\u00e9s del entrecruzamiento con las bases de datos proporcionadas por la AFIP \u00aben cumplimiento del levantamiento del secreto fiscal dispuesto por el juez federal Juli\u00e1n Ercolini\u00bb.<br>El pedido de relevar a la AFIP de la obligaci\u00f3n de preservar el secreto fiscal que recae sobre el organismo fue solicitado por Tolosa Paz a Ercolini el pasado martes 29 de noviembre.<\/p>\n\n\n\n<p>Al d\u00eda siguiente, el mi\u00e9rcoles 30, el Juzgado hizo lugar al requerimiento formulado y orden\u00f3 a la AFIP que proceda a facilitar las bases de datos nominalizadas que correspondieran a la solicitud que este mismo Ministerio realiz\u00f3 oportunamente.<br>Las bases de datos nominalizadas fueron integradas al sistema el jueves 1\u00b0 de diciembre y a partir de ese momento, el secretario a de Econom\u00eda Social a cargo del dirigente Emilio Miguel \u00c1ngel P\u00e9rsico \u00abtom\u00f3 conocimiento de las bases de datos nominales para poder realizar el cruce de datos\u00bb.<\/p>\n\n\n\n<p>En este marco, el Ministerio decidi\u00f3 proceder en dos direcciones.<\/p>\n\n\n\n<p>Por un lado, a liquidar \u00aben forma ordinaria\u00bb a las y los titulares del Programa Potenciar Trabajo que se encuentran enmarcados dentro de los requisitos establecidos por la Resoluci\u00f3n 2021-1868-APN-MDS.<\/p>\n\n\n\n<p>A la vez que se procedi\u00f3 a efectuar bajas de titulares del Potenciar Trabajo, \u00abascendiendo las mismas a 20.410 casos nominales\u00bb luego de \u00abidentificar con certeza indicadores que ubican a los titulares administrativamente por fuera de los requisitos regulatorios del programa\u00bb.<br>Adem\u00e1s, se sostuvo que la cartera continua \u00abcon el an\u00e1lisis detallado del padr\u00f3n de titulares activos a fin de seguir detectando potenciales incompatibilidades\u00bb.<\/p>\n\n\n\n<p>En virtud de continuar con ese procedimiento y contar con la autorizaci\u00f3n de la Justicia, \u00abse present\u00f3 un escrito ante el Juez Ariel Lijo para solicitar que se determine c\u00f3mo proceder\u00bb apuntaron.<\/p>\n\n\n\n<p>\u00abLa decisi\u00f3n de la Justicia determin\u00f3 la liquidaci\u00f3n del Programa Potenciar Trabajo para los casos que todav\u00eda requieren entrecruzamiento de informaci\u00f3n, de esa forma todas las partes podr\u00e1n actuar a derecho y no se incurrir\u00e1 en una irregularidad o arbitrariedad manifiesta\u00bb, agregaron.<\/p>\n\n\n\n<p>Finalmente, el Ministerio record\u00f3 que \u00abse encuentra implementando un nuevo proceso de validaci\u00f3n de identidad de la totalidad de destinatarios del Potenciar Trabajo\u00bb a trav\u00e9s de un tr\u00e1mite gratuito y obligatorio que se realiza en la app o la web de mi Argentina.<\/p>\n\n\n\n<p>Este tr\u00e1mite \u00abser\u00e1 condici\u00f3n ineludible para mantener la titularidad del programa\u00bb y contin\u00faa abierto hasta el 6 de enero, remarcaron.<\/p>\n","protected":false},"excerpt":{"rendered":"<p>La Justicia autoriz\u00f3 el pago del Potenciar Trabajo, seg\u00fan comunicaron desde el Ministerio de Desarrollo Social, que comenzar\u00e1 la liquidaci\u00f3n del mes de noviembre. A partir de ma\u00f1ana los beneficiarios podr\u00e1n cobrar este programa.Seg\u00fan se consign\u00f3 desde la cartera que conduce Victoria Tolosa Paz, la autorizaci\u00f3n fue recibida hoy en respuesta a un pedido formulado [&hellip;]<\/p>\n","protected":false},"author":2,"featured_media":20752,"comment_status":"open","ping_status":"open","sticky":false,"template":"","format":"standard","meta":{"footnotes":""},"categories":[35],"tags":[],"class_list":["post-21085","post","type-post","status-publish","format-standard","has-post-thumbnail","hentry","category-informacion-general"],"yoast_head":"<!-- This site is optimized with the Yoast SEO plugin v27.5 - https:\/\/yoast.com\/product\/yoast-seo-wordpress\/ -->\n<title>La justicia autoriz\u00f3 el pago del Programa Potenciar Trabajo y ma\u00f1ana 07 de diciembre comienza el dep\u00f3sito de haberes | CVI NOTICIAS<\/title>\n<meta name=\"robots\" content=\"index, follow, max-snippet:-1, max-image-preview:large, max-video-preview:-1\" \/>\n<link rel=\"canonical\" href=\"https:\/\/cvinoticias.com\/v3\/la-justicia-autorizo-el-pago-del-programa-potenciar-trabajo-y-manana-07-de-diciembre-comienza-el-deposito-de-haberes\/\" \/>\n<meta property=\"og:locale\" content=\"es_ES\" \/>\n<meta property=\"og:type\" content=\"article\" \/>\n<meta property=\"og:title\" content=\"La justicia autoriz\u00f3 el pago del Programa Potenciar Trabajo y ma\u00f1ana 07 de diciembre comienza el dep\u00f3sito de haberes | CVI NOTICIAS\" \/>\n<meta property=\"og:description\" content=\"La Justicia autoriz\u00f3 el pago del Potenciar Trabajo, seg\u00fan comunicaron desde el Ministerio de Desarrollo Social, que comenzar\u00e1 la liquidaci\u00f3n del mes de noviembre. A partir de ma\u00f1ana los beneficiarios podr\u00e1n cobrar este programa.Seg\u00fan se consign\u00f3 desde la cartera que conduce Victoria Tolosa Paz, la autorizaci\u00f3n fue recibida hoy en respuesta a un pedido formulado [&hellip;]\" \/>\n<meta property=\"og:url\" content=\"https:\/\/cvinoticias.com\/v3\/la-justicia-autorizo-el-pago-del-programa-potenciar-trabajo-y-manana-07-de-diciembre-comienza-el-deposito-de-haberes\/\" \/>\n<meta property=\"og:site_name\" content=\"CVI NOTICIAS\" \/>\n<meta property=\"article:publisher\" content=\"https:\/\/www.facebook.com\/cvinoticias\" \/>\n<meta property=\"article:published_time\" content=\"2022-12-06T23:00:54+00:00\" \/>\n<meta property=\"og:image\" content=\"https:\/\/cvinoticias.com\/wp-content\/uploads\/2022\/11\/Screenshot_20221118-194413_Gallery.jpg\" \/>\n\t<meta property=\"og:image:width\" content=\"1070\" \/>\n\t<meta property=\"og:image:height\" content=\"776\" \/>\n\t<meta property=\"og:image:type\" content=\"image\/jpeg\" \/>\n<meta name=\"author\" content=\"f1000024\" \/>\n<meta name=\"twitter:card\" content=\"summary_large_image\" \/>\n<meta name=\"twitter:label1\" content=\"Escrito por\" \/>\n\t<meta name=\"twitter:data1\" content=\"f1000024\" \/>\n\t<meta name=\"twitter:label2\" content=\"Tiempo de lectura\" \/>\n\t<meta name=\"twitter:data2\" content=\"3 minutos\" \/>\n<script type=\"application\/ld+json\" class=\"yoast-schema-graph\">{\"@context\":\"https:\\\/\\\/schema.org\",\"@graph\":[{\"@type\":\"Article\",\"@id\":\"https:\\\/\\\/cvinoticias.com\\\/v3\\\/la-justicia-autorizo-el-pago-del-programa-potenciar-trabajo-y-manana-07-de-diciembre-comienza-el-deposito-de-haberes\\\/#article\",\"isPartOf\":{\"@id\":\"https:\\\/\\\/cvinoticias.com\\\/v3\\\/la-justicia-autorizo-el-pago-del-programa-potenciar-trabajo-y-manana-07-de-diciembre-comienza-el-deposito-de-haberes\\\/\"},\"author\":{\"name\":\"f1000024\",\"@id\":\"https:\\\/\\\/cvinoticias.com\\\/v3\\\/#\\\/schema\\\/person\\\/2db77e3c6bc03c538495d7b2b8be9b66\"},\"headline\":\"La justicia autoriz\u00f3 el pago del Programa Potenciar Trabajo y ma\u00f1ana 07 de diciembre comienza el dep\u00f3sito de haberes\",\"datePublished\":\"2022-12-06T23:00:54+00:00\",\"mainEntityOfPage\":{\"@id\":\"https:\\\/\\\/cvinoticias.com\\\/v3\\\/la-justicia-autorizo-el-pago-del-programa-potenciar-trabajo-y-manana-07-de-diciembre-comienza-el-deposito-de-haberes\\\/\"},\"wordCount\":584,\"commentCount\":0,\"publisher\":{\"@id\":\"https:\\\/\\\/cvinoticias.com\\\/v3\\\/#organization\"},\"image\":{\"@id\":\"https:\\\/\\\/cvinoticias.com\\\/v3\\\/la-justicia-autorizo-el-pago-del-programa-potenciar-trabajo-y-manana-07-de-diciembre-comienza-el-deposito-de-haberes\\\/#primaryimage\"},\"thumbnailUrl\":\"https:\\\/\\\/cvinoticias.com\\\/wp-content\\\/uploads\\\/2022\\\/11\\\/Screenshot_20221118-194413_Gallery.jpg\",\"articleSection\":[\"Informaci\u00f3n General\"],\"inLanguage\":\"es\",\"potentialAction\":[{\"@type\":\"CommentAction\",\"name\":\"Comment\",\"target\":[\"https:\\\/\\\/cvinoticias.com\\\/v3\\\/la-justicia-autorizo-el-pago-del-programa-potenciar-trabajo-y-manana-07-de-diciembre-comienza-el-deposito-de-haberes\\\/#respond\"]}]},{\"@type\":\"WebPage\",\"@id\":\"https:\\\/\\\/cvinoticias.com\\\/v3\\\/la-justicia-autorizo-el-pago-del-programa-potenciar-trabajo-y-manana-07-de-diciembre-comienza-el-deposito-de-haberes\\\/\",\"url\":\"https:\\\/\\\/cvinoticias.com\\\/v3\\\/la-justicia-autorizo-el-pago-del-programa-potenciar-trabajo-y-manana-07-de-diciembre-comienza-el-deposito-de-haberes\\\/\",\"name\":\"La justicia autoriz\u00f3 el pago del Programa Potenciar Trabajo y ma\u00f1ana 07 de diciembre comienza el dep\u00f3sito de haberes | CVI NOTICIAS\",\"isPartOf\":{\"@id\":\"https:\\\/\\\/cvinoticias.com\\\/v3\\\/#website\"},\"primaryImageOfPage\":{\"@id\":\"https:\\\/\\\/cvinoticias.com\\\/v3\\\/la-justicia-autorizo-el-pago-del-programa-potenciar-trabajo-y-manana-07-de-diciembre-comienza-el-deposito-de-haberes\\\/#primaryimage\"},\"image\":{\"@id\":\"https:\\\/\\\/cvinoticias.com\\\/v3\\\/la-justicia-autorizo-el-pago-del-programa-potenciar-trabajo-y-manana-07-de-diciembre-comienza-el-deposito-de-haberes\\\/#primaryimage\"},\"thumbnailUrl\":\"https:\\\/\\\/cvinoticias.com\\\/wp-content\\\/uploads\\\/2022\\\/11\\\/Screenshot_20221118-194413_Gallery.jpg\",\"datePublished\":\"2022-12-06T23:00:54+00:00\",\"breadcrumb\":{\"@id\":\"https:\\\/\\\/cvinoticias.com\\\/v3\\\/la-justicia-autorizo-el-pago-del-programa-potenciar-trabajo-y-manana-07-de-diciembre-comienza-el-deposito-de-haberes\\\/#breadcrumb\"},\"inLanguage\":\"es\",\"potentialAction\":[{\"@type\":\"ReadAction\",\"target\":[\"https:\\\/\\\/cvinoticias.com\\\/v3\\\/la-justicia-autorizo-el-pago-del-programa-potenciar-trabajo-y-manana-07-de-diciembre-comienza-el-deposito-de-haberes\\\/\"]}]},{\"@type\":\"ImageObject\",\"inLanguage\":\"es\",\"@id\":\"https:\\\/\\\/cvinoticias.com\\\/v3\\\/la-justicia-autorizo-el-pago-del-programa-potenciar-trabajo-y-manana-07-de-diciembre-comienza-el-deposito-de-haberes\\\/#primaryimage\",\"url\":\"https:\\\/\\\/cvinoticias.com\\\/wp-content\\\/uploads\\\/2022\\\/11\\\/Screenshot_20221118-194413_Gallery.jpg\",\"contentUrl\":\"https:\\\/\\\/cvinoticias.com\\\/wp-content\\\/uploads\\\/2022\\\/11\\\/Screenshot_20221118-194413_Gallery.jpg\",\"width\":1070,\"height\":776},{\"@type\":\"BreadcrumbList\",\"@id\":\"https:\\\/\\\/cvinoticias.com\\\/v3\\\/la-justicia-autorizo-el-pago-del-programa-potenciar-trabajo-y-manana-07-de-diciembre-comienza-el-deposito-de-haberes\\\/#breadcrumb\",\"itemListElement\":[{\"@type\":\"ListItem\",\"position\":1,\"name\":\"Portada\",\"item\":\"https:\\\/\\\/cvinoticias.com\\\/v3\\\/\"},{\"@type\":\"ListItem\",\"position\":2,\"name\":\"La justicia autoriz\u00f3 el pago del Programa Potenciar Trabajo y ma\u00f1ana 07 de diciembre comienza el dep\u00f3sito de haberes\"}]},{\"@type\":\"WebSite\",\"@id\":\"https:\\\/\\\/cvinoticias.com\\\/v3\\\/#website\",\"url\":\"https:\\\/\\\/cvinoticias.com\\\/v3\\\/\",\"name\":\"CVI NOTICIAS\",\"description\":\"\",\"publisher\":{\"@id\":\"https:\\\/\\\/cvinoticias.com\\\/v3\\\/#organization\"},\"alternateName\":\"CVI\",\"potentialAction\":[{\"@type\":\"SearchAction\",\"target\":{\"@type\":\"EntryPoint\",\"urlTemplate\":\"https:\\\/\\\/cvinoticias.com\\\/v3\\\/?s={search_term_string}\"},\"query-input\":{\"@type\":\"PropertyValueSpecification\",\"valueRequired\":true,\"valueName\":\"search_term_string\"}}],\"inLanguage\":\"es\"},{\"@type\":\"Organization\",\"@id\":\"https:\\\/\\\/cvinoticias.com\\\/v3\\\/#organization\",\"name\":\"CVI NOTICIAS\",\"url\":\"https:\\\/\\\/cvinoticias.com\\\/v3\\\/\",\"logo\":{\"@type\":\"ImageObject\",\"inLanguage\":\"es\",\"@id\":\"https:\\\/\\\/cvinoticias.com\\\/v3\\\/#\\\/schema\\\/logo\\\/image\\\/\",\"url\":\"https:\\\/\\\/cvinoticias.com\\\/wp-content\\\/uploads\\\/2023\\\/04\\\/cropped-cropped-cropped-cropped-cropped-3-1.png\",\"contentUrl\":\"https:\\\/\\\/cvinoticias.com\\\/wp-content\\\/uploads\\\/2023\\\/04\\\/cropped-cropped-cropped-cropped-cropped-3-1.png\",\"width\":95,\"height\":122,\"caption\":\"CVI NOTICIAS\"},\"image\":{\"@id\":\"https:\\\/\\\/cvinoticias.com\\\/v3\\\/#\\\/schema\\\/logo\\\/image\\\/\"},\"sameAs\":[\"https:\\\/\\\/www.facebook.com\\\/cvinoticias\",\"https:\\\/\\\/www.instagram.com\\\/cvinoticias\\\/\",\"https:\\\/\\\/www.youtube.com\\\/@CVINOTICIAS\"]},{\"@type\":\"Person\",\"@id\":\"https:\\\/\\\/cvinoticias.com\\\/v3\\\/#\\\/schema\\\/person\\\/2db77e3c6bc03c538495d7b2b8be9b66\",\"name\":\"f1000024\",\"image\":{\"@type\":\"ImageObject\",\"inLanguage\":\"es\",\"@id\":\"https:\\\/\\\/secure.gravatar.com\\\/avatar\\\/d4fe7459cfc51ff5129ce1a732bbef5928568b8092d412ef95611616376bbeed?s=96&d=mm&r=g\",\"url\":\"https:\\\/\\\/secure.gravatar.com\\\/avatar\\\/d4fe7459cfc51ff5129ce1a732bbef5928568b8092d412ef95611616376bbeed?s=96&d=mm&r=g\",\"contentUrl\":\"https:\\\/\\\/secure.gravatar.com\\\/avatar\\\/d4fe7459cfc51ff5129ce1a732bbef5928568b8092d412ef95611616376bbeed?s=96&d=mm&r=g\",\"caption\":\"f1000024\"},\"url\":\"https:\\\/\\\/cvinoticias.com\\\/v3\\\/author\\\/f1000024\\\/\"}]}<\/script>\n<!-- \/ Yoast SEO plugin. -->","yoast_head_json":{"title":"La justicia autoriz\u00f3 el pago del Programa Potenciar Trabajo y ma\u00f1ana 07 de diciembre comienza el dep\u00f3sito de haberes | CVI NOTICIAS","robots":{"index":"index","follow":"follow","max-snippet":"max-snippet:-1","max-image-preview":"max-image-preview:large","max-video-preview":"max-video-preview:-1"},"canonical":"https:\/\/cvinoticias.com\/v3\/la-justicia-autorizo-el-pago-del-programa-potenciar-trabajo-y-manana-07-de-diciembre-comienza-el-deposito-de-haberes\/","og_locale":"es_ES","og_type":"article","og_title":"La justicia autoriz\u00f3 el pago del Programa Potenciar Trabajo y ma\u00f1ana 07 de diciembre comienza el dep\u00f3sito de haberes | CVI NOTICIAS","og_description":"La Justicia autoriz\u00f3 el pago del Potenciar Trabajo, seg\u00fan comunicaron desde el Ministerio de Desarrollo Social, que comenzar\u00e1 la liquidaci\u00f3n del mes de noviembre. A partir de ma\u00f1ana los beneficiarios podr\u00e1n cobrar este programa.Seg\u00fan se consign\u00f3 desde la cartera que conduce Victoria Tolosa Paz, la autorizaci\u00f3n fue recibida hoy en respuesta a un pedido formulado [&hellip;]","og_url":"https:\/\/cvinoticias.com\/v3\/la-justicia-autorizo-el-pago-del-programa-potenciar-trabajo-y-manana-07-de-diciembre-comienza-el-deposito-de-haberes\/","og_site_name":"CVI NOTICIAS","article_publisher":"https:\/\/www.facebook.com\/cvinoticias","article_published_time":"2022-12-06T23:00:54+00:00","og_image":[{"width":1070,"height":776,"url":"https:\/\/cvinoticias.com\/wp-content\/uploads\/2022\/11\/Screenshot_20221118-194413_Gallery.jpg","type":"image\/jpeg"}],"author":"f1000024","twitter_card":"summary_large_image","twitter_misc":{"Escrito por":"f1000024","Tiempo de lectura":"3 minutos"},"schema":{"@context":"https:\/\/schema.org","@graph":[{"@type":"Article","@id":"https:\/\/cvinoticias.com\/v3\/la-justicia-autorizo-el-pago-del-programa-potenciar-trabajo-y-manana-07-de-diciembre-comienza-el-deposito-de-haberes\/#article","isPartOf":{"@id":"https:\/\/cvinoticias.com\/v3\/la-justicia-autorizo-el-pago-del-programa-potenciar-trabajo-y-manana-07-de-diciembre-comienza-el-deposito-de-haberes\/"},"author":{"name":"f1000024","@id":"https:\/\/cvinoticias.com\/v3\/#\/schema\/person\/2db77e3c6bc03c538495d7b2b8be9b66"},"headline":"La justicia autoriz\u00f3 el pago del Programa Potenciar Trabajo y ma\u00f1ana 07 de diciembre comienza el dep\u00f3sito de haberes","datePublished":"2022-12-06T23:00:54+00:00","mainEntityOfPage":{"@id":"https:\/\/cvinoticias.com\/v3\/la-justicia-autorizo-el-pago-del-programa-potenciar-trabajo-y-manana-07-de-diciembre-comienza-el-deposito-de-haberes\/"},"wordCount":584,"commentCount":0,"publisher":{"@id":"https:\/\/cvinoticias.com\/v3\/#organization"},"image":{"@id":"https:\/\/cvinoticias.com\/v3\/la-justicia-autorizo-el-pago-del-programa-potenciar-trabajo-y-manana-07-de-diciembre-comienza-el-deposito-de-haberes\/#primaryimage"},"thumbnailUrl":"https:\/\/cvinoticias.com\/wp-content\/uploads\/2022\/11\/Screenshot_20221118-194413_Gallery.jpg","articleSection":["Informaci\u00f3n General"],"inLanguage":"es","potentialAction":[{"@type":"CommentAction","name":"Comment","target":["https:\/\/cvinoticias.com\/v3\/la-justicia-autorizo-el-pago-del-programa-potenciar-trabajo-y-manana-07-de-diciembre-comienza-el-deposito-de-haberes\/#respond"]}]},{"@type":"WebPage","@id":"https:\/\/cvinoticias.com\/v3\/la-justicia-autorizo-el-pago-del-programa-potenciar-trabajo-y-manana-07-de-diciembre-comienza-el-deposito-de-haberes\/","url":"https:\/\/cvinoticias.com\/v3\/la-justicia-autorizo-el-pago-del-programa-potenciar-trabajo-y-manana-07-de-diciembre-comienza-el-deposito-de-haberes\/","name":"La justicia autoriz\u00f3 el pago del Programa Potenciar Trabajo y ma\u00f1ana 07 de diciembre comienza el dep\u00f3sito de haberes | CVI NOTICIAS","isPartOf":{"@id":"https:\/\/cvinoticias.com\/v3\/#website"},"primaryImageOfPage":{"@id":"https:\/\/cvinoticias.com\/v3\/la-justicia-autorizo-el-pago-del-programa-potenciar-trabajo-y-manana-07-de-diciembre-comienza-el-deposito-de-haberes\/#primaryimage"},"image":{"@id":"https:\/\/cvinoticias.com\/v3\/la-justicia-autorizo-el-pago-del-programa-potenciar-trabajo-y-manana-07-de-diciembre-comienza-el-deposito-de-haberes\/#primaryimage"},"thumbnailUrl":"https:\/\/cvinoticias.com\/wp-content\/uploads\/2022\/11\/Screenshot_20221118-194413_Gallery.jpg","datePublished":"2022-12-06T23:00:54+00:00","breadcrumb":{"@id":"https:\/\/cvinoticias.com\/v3\/la-justicia-autorizo-el-pago-del-programa-potenciar-trabajo-y-manana-07-de-diciembre-comienza-el-deposito-de-haberes\/#breadcrumb"},"inLanguage":"es","potentialAction":[{"@type":"ReadAction","target":["https:\/\/cvinoticias.com\/v3\/la-justicia-autorizo-el-pago-del-programa-potenciar-trabajo-y-manana-07-de-diciembre-comienza-el-deposito-de-haberes\/"]}]},{"@type":"ImageObject","inLanguage":"es","@id":"https:\/\/cvinoticias.com\/v3\/la-justicia-autorizo-el-pago-del-programa-potenciar-trabajo-y-manana-07-de-diciembre-comienza-el-deposito-de-haberes\/#primaryimage","url":"https:\/\/cvinoticias.com\/wp-content\/uploads\/2022\/11\/Screenshot_20221118-194413_Gallery.jpg","contentUrl":"https:\/\/cvinoticias.com\/wp-content\/uploads\/2022\/11\/Screenshot_20221118-194413_Gallery.jpg","width":1070,"height":776},{"@type":"BreadcrumbList","@id":"https:\/\/cvinoticias.com\/v3\/la-justicia-autorizo-el-pago-del-programa-potenciar-trabajo-y-manana-07-de-diciembre-comienza-el-deposito-de-haberes\/#breadcrumb","itemListElement":[{"@type":"ListItem","position":1,"name":"Portada","item":"https:\/\/cvinoticias.com\/v3\/"},{"@type":"ListItem","position":2,"name":"La justicia autoriz\u00f3 el pago del Programa Potenciar Trabajo y ma\u00f1ana 07 de diciembre comienza el dep\u00f3sito de haberes"}]},{"@type":"WebSite","@id":"https:\/\/cvinoticias.com\/v3\/#website","url":"https:\/\/cvinoticias.com\/v3\/","name":"CVI NOTICIAS","description":"","publisher":{"@id":"https:\/\/cvinoticias.com\/v3\/#organization"},"alternateName":"CVI","potentialAction":[{"@type":"SearchAction","target":{"@type":"EntryPoint","urlTemplate":"https:\/\/cvinoticias.com\/v3\/?s={search_term_string}"},"query-input":{"@type":"PropertyValueSpecification","valueRequired":true,"valueName":"search_term_string"}}],"inLanguage":"es"},{"@type":"Organization","@id":"https:\/\/cvinoticias.com\/v3\/#organization","name":"CVI NOTICIAS","url":"https:\/\/cvinoticias.com\/v3\/","logo":{"@type":"ImageObject","inLanguage":"es","@id":"https:\/\/cvinoticias.com\/v3\/#\/schema\/logo\/image\/","url":"https:\/\/cvinoticias.com\/wp-content\/uploads\/2023\/04\/cropped-cropped-cropped-cropped-cropped-3-1.png","contentUrl":"https:\/\/cvinoticias.com\/wp-content\/uploads\/2023\/04\/cropped-cropped-cropped-cropped-cropped-3-1.png","width":95,"height":122,"caption":"CVI NOTICIAS"},"image":{"@id":"https:\/\/cvinoticias.com\/v3\/#\/schema\/logo\/image\/"},"sameAs":["https:\/\/www.facebook.com\/cvinoticias","https:\/\/www.instagram.com\/cvinoticias\/","https:\/\/www.youtube.com\/@CVINOTICIAS"]},{"@type":"Person","@id":"https:\/\/cvinoticias.com\/v3\/#\/schema\/person\/2db77e3c6bc03c538495d7b2b8be9b66","name":"f1000024","image":{"@type":"ImageObject","inLanguage":"es","@id":"https:\/\/secure.gravatar.com\/avatar\/d4fe7459cfc51ff5129ce1a732bbef5928568b8092d412ef95611616376bbeed?s=96&d=mm&r=g","url":"https:\/\/secure.gravatar.com\/avatar\/d4fe7459cfc51ff5129ce1a732bbef5928568b8092d412ef95611616376bbeed?s=96&d=mm&r=g","contentUrl":"https:\/\/secure.gravatar.com\/avatar\/d4fe7459cfc51ff5129ce1a732bbef5928568b8092d412ef95611616376bbeed?s=96&d=mm&r=g","caption":"f1000024"},"url":"https:\/\/cvinoticias.com\/v3\/author\/f1000024\/"}]}},"_links":{"self":[{"href":"https:\/\/cvinoticias.com\/v3\/wp-json\/wp\/v2\/posts\/21085","targetHints":{"allow":["GET"]}}],"collection":[{"href":"https:\/\/cvinoticias.com\/v3\/wp-json\/wp\/v2\/posts"}],"about":[{"href":"https:\/\/cvinoticias.com\/v3\/wp-json\/wp\/v2\/types\/post"}],"author":[{"embeddable":true,"href":"https:\/\/cvinoticias.com\/v3\/wp-json\/wp\/v2\/users\/2"}],"replies":[{"embeddable":true,"href":"https:\/\/cvinoticias.com\/v3\/wp-json\/wp\/v2\/comments?post=21085"}],"version-history":[{"count":1,"href":"https:\/\/cvinoticias.com\/v3\/wp-json\/wp\/v2\/posts\/21085\/revisions"}],"predecessor-version":[{"id":21086,"href":"https:\/\/cvinoticias.com\/v3\/wp-json\/wp\/v2\/posts\/21085\/revisions\/21086"}],"wp:featuredmedia":[{"embeddable":true,"href":"https:\/\/cvinoticias.com\/v3\/wp-json\/wp\/v2\/media\/20752"}],"wp:attachment":[{"href":"https:\/\/cvinoticias.com\/v3\/wp-json\/wp\/v2\/media?parent=21085"}],"wp:term":[{"taxonomy":"category","embeddable":true,"href":"https:\/\/cvinoticias.com\/v3\/wp-json\/wp\/v2\/categories?post=21085"},{"taxonomy":"post_tag","embeddable":true,"href":"https:\/\/cvinoticias.com\/v3\/wp-json\/wp\/v2\/tags?post=21085"}],"curies":[{"name":"wp","href":"https:\/\/api.w.org\/{rel}","templated":true}]}}