{"id":21075,"date":"2022-12-06T04:17:38","date_gmt":"2022-12-06T04:17:38","guid":{"rendered":"https:\/\/cvinoticias.com\/v3\/?p=21075"},"modified":"2022-12-06T04:17:38","modified_gmt":"2022-12-06T04:17:38","slug":"carla-vizzotti-entrego-equipo-para-diagnostico-rapido-de-tuberculosis-al-hospital-balestrini","status":"publish","type":"post","link":"https:\/\/cvinoticias.com\/v3\/carla-vizzotti-entrego-equipo-para-diagnostico-rapido-de-tuberculosis-al-hospital-balestrini\/","title":{"rendered":"Carla Vizzotti entreg\u00f3 equipo para diagn\u00f3stico r\u00e1pido de tuberculosis al Hospital Balestrini"},"content":{"rendered":"\n<p><strong><em>El equipo GeneXpert permitir\u00e1 fortalecer la red de laboratorios de la provincia de Buenos Aires para optimizar la accesibilidad al diagn\u00f3stico oportuno y la detecci\u00f3n de tuberculosis resistente.<\/em><\/strong><\/p>\n\n\n\n<p>La ministra de Salud de la Naci\u00f3n, Carla Vizzotti, realiz\u00f3 hoy la entrega formal de un equipo GeneXpert para diagn\u00f3stico molecular r\u00e1pido de tuberculosis en el Hospital \u201cDr. Alberto Balestrini\u201d, del Partido de la Matanza, destinado a fortalecer la red provincial de laboratorios para el diagn\u00f3stico de esta enfermedad.<\/p>\n\n\n\n<p>\u201cSeguimos trabajando fuertemente desde el Estado nacional en articulaci\u00f3n con las provincias para avanzar en la meta de reducci\u00f3n de la tuberculosis\u201d, asegur\u00f3 la ministra.<\/p>\n\n\n\n<p>Luego indic\u00f3 que en los \u00faltimos dos a\u00f1os se han incorporado 8 nuevos equipos GenXpert, \u201cde los cuales 5 fueron comprados por el Ministerio de Salud de la Naci\u00f3n y 3 adquiridos por donaci\u00f3n en el marco del proyecto ORAS de fortalecimiento a los laboratorios de tuberculosis de la Regi\u00f3n Andina\u201d.<\/p>\n\n\n\n<p>De baja complejidad de utilizaci\u00f3n, el equipo permitir\u00e1 optimizar la accesibilidad al diagn\u00f3stico oportuno, evitar traslados de pacientes, reducir la morbi-mortalidad por esta enfermedad, y agilizar la brecha en el diagn\u00f3stico de tuberculosis resistente de 15 d\u00edas a apenas 2 horas.<\/p>\n\n\n\n<p>En Argentina se notifican actualmente m\u00e1s de 12.000 casos de tuberculosis por a\u00f1o, 350 con alg\u00fan tipo de resistencia, con una brecha diagn\u00f3stica de detecci\u00f3n de tuberculosis resistente del 50 por ciento seg\u00fan estimaciones de la Organizaci\u00f3n Mundial de la Salud (OMS).<\/p>\n\n\n\n<p>Esta entrega al Hospital Balestrini forma parte de la estrategia de fortalecimiento de la red de laboratorios, incluida en las \u201c10 acciones priorizadas para el control de la TB en Argentina\u201d del Programa Nacional de Tuberculosis.<\/p>\n\n\n\n<p>Entre otras medidas, abarca la adquisici\u00f3n de equipamientos moleculares de baja complejidad y reactivos para lograr un diagn\u00f3stico oportuno y precoz y mejorar la accesibilidad al mismo.<\/p>\n","protected":false},"excerpt":{"rendered":"<p>El equipo GeneXpert permitir\u00e1 fortalecer la red de laboratorios de la provincia de Buenos Aires para optimizar la accesibilidad al diagn\u00f3stico oportuno y la detecci\u00f3n de tuberculosis resistente. La ministra de Salud de la Naci\u00f3n, Carla Vizzotti, realiz\u00f3 hoy la entrega formal de un equipo GeneXpert para diagn\u00f3stico molecular r\u00e1pido de tuberculosis en el Hospital [&hellip;]<\/p>\n","protected":false},"author":2,"featured_media":21076,"comment_status":"open","ping_status":"open","sticky":false,"template":"","format":"standard","meta":{"footnotes":""},"categories":[22],"tags":[],"class_list":["post-21075","post","type-post","status-publish","format-standard","has-post-thumbnail","hentry","category-salud"],"yoast_head":"<!-- This site is optimized with the Yoast SEO plugin v27.5 - https:\/\/yoast.com\/product\/yoast-seo-wordpress\/ -->\n<title>Carla Vizzotti entreg\u00f3 equipo para diagn\u00f3stico r\u00e1pido de tuberculosis al Hospital Balestrini | CVI NOTICIAS<\/title>\n<meta name=\"robots\" content=\"index, follow, max-snippet:-1, max-image-preview:large, max-video-preview:-1\" \/>\n<link rel=\"canonical\" href=\"https:\/\/cvinoticias.com\/v3\/carla-vizzotti-entrego-equipo-para-diagnostico-rapido-de-tuberculosis-al-hospital-balestrini\/\" \/>\n<meta property=\"og:locale\" content=\"es_ES\" \/>\n<meta property=\"og:type\" content=\"article\" \/>\n<meta property=\"og:title\" content=\"Carla Vizzotti entreg\u00f3 equipo para diagn\u00f3stico r\u00e1pido de tuberculosis al Hospital Balestrini | CVI NOTICIAS\" \/>\n<meta property=\"og:description\" content=\"El equipo GeneXpert permitir\u00e1 fortalecer la red de laboratorios de la provincia de Buenos Aires para optimizar la accesibilidad al diagn\u00f3stico oportuno y la detecci\u00f3n de tuberculosis resistente. La ministra de Salud de la Naci\u00f3n, Carla Vizzotti, realiz\u00f3 hoy la entrega formal de un equipo GeneXpert para diagn\u00f3stico molecular r\u00e1pido de tuberculosis en el Hospital [&hellip;]\" \/>\n<meta property=\"og:url\" content=\"https:\/\/cvinoticias.com\/v3\/carla-vizzotti-entrego-equipo-para-diagnostico-rapido-de-tuberculosis-al-hospital-balestrini\/\" \/>\n<meta property=\"og:site_name\" content=\"CVI NOTICIAS\" \/>\n<meta property=\"article:publisher\" content=\"https:\/\/www.facebook.com\/cvinoticias\" \/>\n<meta property=\"article:published_time\" content=\"2022-12-06T04:17:38+00:00\" \/>\n<meta property=\"og:image\" content=\"https:\/\/cvinoticias.com\/wp-content\/uploads\/2022\/12\/0000121970.jpg\" \/>\n\t<meta property=\"og:image:width\" content=\"1280\" \/>\n\t<meta property=\"og:image:height\" content=\"853\" \/>\n\t<meta property=\"og:image:type\" content=\"image\/jpeg\" \/>\n<meta name=\"author\" content=\"f1000024\" \/>\n<meta name=\"twitter:card\" content=\"summary_large_image\" \/>\n<meta name=\"twitter:label1\" content=\"Escrito por\" \/>\n\t<meta name=\"twitter:data1\" content=\"f1000024\" \/>\n\t<meta name=\"twitter:label2\" content=\"Tiempo de lectura\" \/>\n\t<meta name=\"twitter:data2\" content=\"2 minutos\" \/>\n<script type=\"application\/ld+json\" class=\"yoast-schema-graph\">{\"@context\":\"https:\\\/\\\/schema.org\",\"@graph\":[{\"@type\":\"Article\",\"@id\":\"https:\\\/\\\/cvinoticias.com\\\/v3\\\/carla-vizzotti-entrego-equipo-para-diagnostico-rapido-de-tuberculosis-al-hospital-balestrini\\\/#article\",\"isPartOf\":{\"@id\":\"https:\\\/\\\/cvinoticias.com\\\/v3\\\/carla-vizzotti-entrego-equipo-para-diagnostico-rapido-de-tuberculosis-al-hospital-balestrini\\\/\"},\"author\":{\"name\":\"f1000024\",\"@id\":\"https:\\\/\\\/cvinoticias.com\\\/v3\\\/#\\\/schema\\\/person\\\/2db77e3c6bc03c538495d7b2b8be9b66\"},\"headline\":\"Carla Vizzotti entreg\u00f3 equipo para diagn\u00f3stico r\u00e1pido de tuberculosis al Hospital Balestrini\",\"datePublished\":\"2022-12-06T04:17:38+00:00\",\"mainEntityOfPage\":{\"@id\":\"https:\\\/\\\/cvinoticias.com\\\/v3\\\/carla-vizzotti-entrego-equipo-para-diagnostico-rapido-de-tuberculosis-al-hospital-balestrini\\\/\"},\"wordCount\":329,\"commentCount\":0,\"publisher\":{\"@id\":\"https:\\\/\\\/cvinoticias.com\\\/v3\\\/#organization\"},\"image\":{\"@id\":\"https:\\\/\\\/cvinoticias.com\\\/v3\\\/carla-vizzotti-entrego-equipo-para-diagnostico-rapido-de-tuberculosis-al-hospital-balestrini\\\/#primaryimage\"},\"thumbnailUrl\":\"https:\\\/\\\/cvinoticias.com\\\/wp-content\\\/uploads\\\/2022\\\/12\\\/0000121970.jpg\",\"articleSection\":[\"Salud\"],\"inLanguage\":\"es\",\"potentialAction\":[{\"@type\":\"CommentAction\",\"name\":\"Comment\",\"target\":[\"https:\\\/\\\/cvinoticias.com\\\/v3\\\/carla-vizzotti-entrego-equipo-para-diagnostico-rapido-de-tuberculosis-al-hospital-balestrini\\\/#respond\"]}]},{\"@type\":\"WebPage\",\"@id\":\"https:\\\/\\\/cvinoticias.com\\\/v3\\\/carla-vizzotti-entrego-equipo-para-diagnostico-rapido-de-tuberculosis-al-hospital-balestrini\\\/\",\"url\":\"https:\\\/\\\/cvinoticias.com\\\/v3\\\/carla-vizzotti-entrego-equipo-para-diagnostico-rapido-de-tuberculosis-al-hospital-balestrini\\\/\",\"name\":\"Carla Vizzotti entreg\u00f3 equipo para diagn\u00f3stico r\u00e1pido de tuberculosis al Hospital Balestrini | CVI NOTICIAS\",\"isPartOf\":{\"@id\":\"https:\\\/\\\/cvinoticias.com\\\/v3\\\/#website\"},\"primaryImageOfPage\":{\"@id\":\"https:\\\/\\\/cvinoticias.com\\\/v3\\\/carla-vizzotti-entrego-equipo-para-diagnostico-rapido-de-tuberculosis-al-hospital-balestrini\\\/#primaryimage\"},\"image\":{\"@id\":\"https:\\\/\\\/cvinoticias.com\\\/v3\\\/carla-vizzotti-entrego-equipo-para-diagnostico-rapido-de-tuberculosis-al-hospital-balestrini\\\/#primaryimage\"},\"thumbnailUrl\":\"https:\\\/\\\/cvinoticias.com\\\/wp-content\\\/uploads\\\/2022\\\/12\\\/0000121970.jpg\",\"datePublished\":\"2022-12-06T04:17:38+00:00\",\"breadcrumb\":{\"@id\":\"https:\\\/\\\/cvinoticias.com\\\/v3\\\/carla-vizzotti-entrego-equipo-para-diagnostico-rapido-de-tuberculosis-al-hospital-balestrini\\\/#breadcrumb\"},\"inLanguage\":\"es\",\"potentialAction\":[{\"@type\":\"ReadAction\",\"target\":[\"https:\\\/\\\/cvinoticias.com\\\/v3\\\/carla-vizzotti-entrego-equipo-para-diagnostico-rapido-de-tuberculosis-al-hospital-balestrini\\\/\"]}]},{\"@type\":\"ImageObject\",\"inLanguage\":\"es\",\"@id\":\"https:\\\/\\\/cvinoticias.com\\\/v3\\\/carla-vizzotti-entrego-equipo-para-diagnostico-rapido-de-tuberculosis-al-hospital-balestrini\\\/#primaryimage\",\"url\":\"https:\\\/\\\/cvinoticias.com\\\/wp-content\\\/uploads\\\/2022\\\/12\\\/0000121970.jpg\",\"contentUrl\":\"https:\\\/\\\/cvinoticias.com\\\/wp-content\\\/uploads\\\/2022\\\/12\\\/0000121970.jpg\",\"width\":1280,\"height\":853},{\"@type\":\"BreadcrumbList\",\"@id\":\"https:\\\/\\\/cvinoticias.com\\\/v3\\\/carla-vizzotti-entrego-equipo-para-diagnostico-rapido-de-tuberculosis-al-hospital-balestrini\\\/#breadcrumb\",\"itemListElement\":[{\"@type\":\"ListItem\",\"position\":1,\"name\":\"Portada\",\"item\":\"https:\\\/\\\/cvinoticias.com\\\/v3\\\/\"},{\"@type\":\"ListItem\",\"position\":2,\"name\":\"Carla Vizzotti entreg\u00f3 equipo para diagn\u00f3stico r\u00e1pido de tuberculosis al Hospital Balestrini\"}]},{\"@type\":\"WebSite\",\"@id\":\"https:\\\/\\\/cvinoticias.com\\\/v3\\\/#website\",\"url\":\"https:\\\/\\\/cvinoticias.com\\\/v3\\\/\",\"name\":\"CVI NOTICIAS\",\"description\":\"\",\"publisher\":{\"@id\":\"https:\\\/\\\/cvinoticias.com\\\/v3\\\/#organization\"},\"alternateName\":\"CVI\",\"potentialAction\":[{\"@type\":\"SearchAction\",\"target\":{\"@type\":\"EntryPoint\",\"urlTemplate\":\"https:\\\/\\\/cvinoticias.com\\\/v3\\\/?s={search_term_string}\"},\"query-input\":{\"@type\":\"PropertyValueSpecification\",\"valueRequired\":true,\"valueName\":\"search_term_string\"}}],\"inLanguage\":\"es\"},{\"@type\":\"Organization\",\"@id\":\"https:\\\/\\\/cvinoticias.com\\\/v3\\\/#organization\",\"name\":\"CVI NOTICIAS\",\"url\":\"https:\\\/\\\/cvinoticias.com\\\/v3\\\/\",\"logo\":{\"@type\":\"ImageObject\",\"inLanguage\":\"es\",\"@id\":\"https:\\\/\\\/cvinoticias.com\\\/v3\\\/#\\\/schema\\\/logo\\\/image\\\/\",\"url\":\"https:\\\/\\\/cvinoticias.com\\\/wp-content\\\/uploads\\\/2023\\\/04\\\/cropped-cropped-cropped-cropped-cropped-3-1.png\",\"contentUrl\":\"https:\\\/\\\/cvinoticias.com\\\/wp-content\\\/uploads\\\/2023\\\/04\\\/cropped-cropped-cropped-cropped-cropped-3-1.png\",\"width\":95,\"height\":122,\"caption\":\"CVI NOTICIAS\"},\"image\":{\"@id\":\"https:\\\/\\\/cvinoticias.com\\\/v3\\\/#\\\/schema\\\/logo\\\/image\\\/\"},\"sameAs\":[\"https:\\\/\\\/www.facebook.com\\\/cvinoticias\",\"https:\\\/\\\/www.instagram.com\\\/cvinoticias\\\/\",\"https:\\\/\\\/www.youtube.com\\\/@CVINOTICIAS\"]},{\"@type\":\"Person\",\"@id\":\"https:\\\/\\\/cvinoticias.com\\\/v3\\\/#\\\/schema\\\/person\\\/2db77e3c6bc03c538495d7b2b8be9b66\",\"name\":\"f1000024\",\"image\":{\"@type\":\"ImageObject\",\"inLanguage\":\"es\",\"@id\":\"https:\\\/\\\/secure.gravatar.com\\\/avatar\\\/d4fe7459cfc51ff5129ce1a732bbef5928568b8092d412ef95611616376bbeed?s=96&d=mm&r=g\",\"url\":\"https:\\\/\\\/secure.gravatar.com\\\/avatar\\\/d4fe7459cfc51ff5129ce1a732bbef5928568b8092d412ef95611616376bbeed?s=96&d=mm&r=g\",\"contentUrl\":\"https:\\\/\\\/secure.gravatar.com\\\/avatar\\\/d4fe7459cfc51ff5129ce1a732bbef5928568b8092d412ef95611616376bbeed?s=96&d=mm&r=g\",\"caption\":\"f1000024\"},\"url\":\"https:\\\/\\\/cvinoticias.com\\\/v3\\\/author\\\/f1000024\\\/\"}]}<\/script>\n<!-- \/ Yoast SEO plugin. -->","yoast_head_json":{"title":"Carla Vizzotti entreg\u00f3 equipo para diagn\u00f3stico r\u00e1pido de tuberculosis al Hospital Balestrini | CVI NOTICIAS","robots":{"index":"index","follow":"follow","max-snippet":"max-snippet:-1","max-image-preview":"max-image-preview:large","max-video-preview":"max-video-preview:-1"},"canonical":"https:\/\/cvinoticias.com\/v3\/carla-vizzotti-entrego-equipo-para-diagnostico-rapido-de-tuberculosis-al-hospital-balestrini\/","og_locale":"es_ES","og_type":"article","og_title":"Carla Vizzotti entreg\u00f3 equipo para diagn\u00f3stico r\u00e1pido de tuberculosis al Hospital Balestrini | CVI NOTICIAS","og_description":"El equipo GeneXpert permitir\u00e1 fortalecer la red de laboratorios de la provincia de Buenos Aires para optimizar la accesibilidad al diagn\u00f3stico oportuno y la detecci\u00f3n de tuberculosis resistente. La ministra de Salud de la Naci\u00f3n, Carla Vizzotti, realiz\u00f3 hoy la entrega formal de un equipo GeneXpert para diagn\u00f3stico molecular r\u00e1pido de tuberculosis en el Hospital [&hellip;]","og_url":"https:\/\/cvinoticias.com\/v3\/carla-vizzotti-entrego-equipo-para-diagnostico-rapido-de-tuberculosis-al-hospital-balestrini\/","og_site_name":"CVI NOTICIAS","article_publisher":"https:\/\/www.facebook.com\/cvinoticias","article_published_time":"2022-12-06T04:17:38+00:00","og_image":[{"width":1280,"height":853,"url":"https:\/\/cvinoticias.com\/wp-content\/uploads\/2022\/12\/0000121970.jpg","type":"image\/jpeg"}],"author":"f1000024","twitter_card":"summary_large_image","twitter_misc":{"Escrito por":"f1000024","Tiempo de lectura":"2 minutos"},"schema":{"@context":"https:\/\/schema.org","@graph":[{"@type":"Article","@id":"https:\/\/cvinoticias.com\/v3\/carla-vizzotti-entrego-equipo-para-diagnostico-rapido-de-tuberculosis-al-hospital-balestrini\/#article","isPartOf":{"@id":"https:\/\/cvinoticias.com\/v3\/carla-vizzotti-entrego-equipo-para-diagnostico-rapido-de-tuberculosis-al-hospital-balestrini\/"},"author":{"name":"f1000024","@id":"https:\/\/cvinoticias.com\/v3\/#\/schema\/person\/2db77e3c6bc03c538495d7b2b8be9b66"},"headline":"Carla Vizzotti entreg\u00f3 equipo para diagn\u00f3stico r\u00e1pido de tuberculosis al Hospital Balestrini","datePublished":"2022-12-06T04:17:38+00:00","mainEntityOfPage":{"@id":"https:\/\/cvinoticias.com\/v3\/carla-vizzotti-entrego-equipo-para-diagnostico-rapido-de-tuberculosis-al-hospital-balestrini\/"},"wordCount":329,"commentCount":0,"publisher":{"@id":"https:\/\/cvinoticias.com\/v3\/#organization"},"image":{"@id":"https:\/\/cvinoticias.com\/v3\/carla-vizzotti-entrego-equipo-para-diagnostico-rapido-de-tuberculosis-al-hospital-balestrini\/#primaryimage"},"thumbnailUrl":"https:\/\/cvinoticias.com\/wp-content\/uploads\/2022\/12\/0000121970.jpg","articleSection":["Salud"],"inLanguage":"es","potentialAction":[{"@type":"CommentAction","name":"Comment","target":["https:\/\/cvinoticias.com\/v3\/carla-vizzotti-entrego-equipo-para-diagnostico-rapido-de-tuberculosis-al-hospital-balestrini\/#respond"]}]},{"@type":"WebPage","@id":"https:\/\/cvinoticias.com\/v3\/carla-vizzotti-entrego-equipo-para-diagnostico-rapido-de-tuberculosis-al-hospital-balestrini\/","url":"https:\/\/cvinoticias.com\/v3\/carla-vizzotti-entrego-equipo-para-diagnostico-rapido-de-tuberculosis-al-hospital-balestrini\/","name":"Carla Vizzotti entreg\u00f3 equipo para diagn\u00f3stico r\u00e1pido de tuberculosis al Hospital Balestrini | CVI NOTICIAS","isPartOf":{"@id":"https:\/\/cvinoticias.com\/v3\/#website"},"primaryImageOfPage":{"@id":"https:\/\/cvinoticias.com\/v3\/carla-vizzotti-entrego-equipo-para-diagnostico-rapido-de-tuberculosis-al-hospital-balestrini\/#primaryimage"},"image":{"@id":"https:\/\/cvinoticias.com\/v3\/carla-vizzotti-entrego-equipo-para-diagnostico-rapido-de-tuberculosis-al-hospital-balestrini\/#primaryimage"},"thumbnailUrl":"https:\/\/cvinoticias.com\/wp-content\/uploads\/2022\/12\/0000121970.jpg","datePublished":"2022-12-06T04:17:38+00:00","breadcrumb":{"@id":"https:\/\/cvinoticias.com\/v3\/carla-vizzotti-entrego-equipo-para-diagnostico-rapido-de-tuberculosis-al-hospital-balestrini\/#breadcrumb"},"inLanguage":"es","potentialAction":[{"@type":"ReadAction","target":["https:\/\/cvinoticias.com\/v3\/carla-vizzotti-entrego-equipo-para-diagnostico-rapido-de-tuberculosis-al-hospital-balestrini\/"]}]},{"@type":"ImageObject","inLanguage":"es","@id":"https:\/\/cvinoticias.com\/v3\/carla-vizzotti-entrego-equipo-para-diagnostico-rapido-de-tuberculosis-al-hospital-balestrini\/#primaryimage","url":"https:\/\/cvinoticias.com\/wp-content\/uploads\/2022\/12\/0000121970.jpg","contentUrl":"https:\/\/cvinoticias.com\/wp-content\/uploads\/2022\/12\/0000121970.jpg","width":1280,"height":853},{"@type":"BreadcrumbList","@id":"https:\/\/cvinoticias.com\/v3\/carla-vizzotti-entrego-equipo-para-diagnostico-rapido-de-tuberculosis-al-hospital-balestrini\/#breadcrumb","itemListElement":[{"@type":"ListItem","position":1,"name":"Portada","item":"https:\/\/cvinoticias.com\/v3\/"},{"@type":"ListItem","position":2,"name":"Carla Vizzotti entreg\u00f3 equipo para diagn\u00f3stico r\u00e1pido de tuberculosis al Hospital Balestrini"}]},{"@type":"WebSite","@id":"https:\/\/cvinoticias.com\/v3\/#website","url":"https:\/\/cvinoticias.com\/v3\/","name":"CVI NOTICIAS","description":"","publisher":{"@id":"https:\/\/cvinoticias.com\/v3\/#organization"},"alternateName":"CVI","potentialAction":[{"@type":"SearchAction","target":{"@type":"EntryPoint","urlTemplate":"https:\/\/cvinoticias.com\/v3\/?s={search_term_string}"},"query-input":{"@type":"PropertyValueSpecification","valueRequired":true,"valueName":"search_term_string"}}],"inLanguage":"es"},{"@type":"Organization","@id":"https:\/\/cvinoticias.com\/v3\/#organization","name":"CVI NOTICIAS","url":"https:\/\/cvinoticias.com\/v3\/","logo":{"@type":"ImageObject","inLanguage":"es","@id":"https:\/\/cvinoticias.com\/v3\/#\/schema\/logo\/image\/","url":"https:\/\/cvinoticias.com\/wp-content\/uploads\/2023\/04\/cropped-cropped-cropped-cropped-cropped-3-1.png","contentUrl":"https:\/\/cvinoticias.com\/wp-content\/uploads\/2023\/04\/cropped-cropped-cropped-cropped-cropped-3-1.png","width":95,"height":122,"caption":"CVI NOTICIAS"},"image":{"@id":"https:\/\/cvinoticias.com\/v3\/#\/schema\/logo\/image\/"},"sameAs":["https:\/\/www.facebook.com\/cvinoticias","https:\/\/www.instagram.com\/cvinoticias\/","https:\/\/www.youtube.com\/@CVINOTICIAS"]},{"@type":"Person","@id":"https:\/\/cvinoticias.com\/v3\/#\/schema\/person\/2db77e3c6bc03c538495d7b2b8be9b66","name":"f1000024","image":{"@type":"ImageObject","inLanguage":"es","@id":"https:\/\/secure.gravatar.com\/avatar\/d4fe7459cfc51ff5129ce1a732bbef5928568b8092d412ef95611616376bbeed?s=96&d=mm&r=g","url":"https:\/\/secure.gravatar.com\/avatar\/d4fe7459cfc51ff5129ce1a732bbef5928568b8092d412ef95611616376bbeed?s=96&d=mm&r=g","contentUrl":"https:\/\/secure.gravatar.com\/avatar\/d4fe7459cfc51ff5129ce1a732bbef5928568b8092d412ef95611616376bbeed?s=96&d=mm&r=g","caption":"f1000024"},"url":"https:\/\/cvinoticias.com\/v3\/author\/f1000024\/"}]}},"_links":{"self":[{"href":"https:\/\/cvinoticias.com\/v3\/wp-json\/wp\/v2\/posts\/21075","targetHints":{"allow":["GET"]}}],"collection":[{"href":"https:\/\/cvinoticias.com\/v3\/wp-json\/wp\/v2\/posts"}],"about":[{"href":"https:\/\/cvinoticias.com\/v3\/wp-json\/wp\/v2\/types\/post"}],"author":[{"embeddable":true,"href":"https:\/\/cvinoticias.com\/v3\/wp-json\/wp\/v2\/users\/2"}],"replies":[{"embeddable":true,"href":"https:\/\/cvinoticias.com\/v3\/wp-json\/wp\/v2\/comments?post=21075"}],"version-history":[{"count":1,"href":"https:\/\/cvinoticias.com\/v3\/wp-json\/wp\/v2\/posts\/21075\/revisions"}],"predecessor-version":[{"id":21077,"href":"https:\/\/cvinoticias.com\/v3\/wp-json\/wp\/v2\/posts\/21075\/revisions\/21077"}],"wp:featuredmedia":[{"embeddable":true,"href":"https:\/\/cvinoticias.com\/v3\/wp-json\/wp\/v2\/media\/21076"}],"wp:attachment":[{"href":"https:\/\/cvinoticias.com\/v3\/wp-json\/wp\/v2\/media?parent=21075"}],"wp:term":[{"taxonomy":"category","embeddable":true,"href":"https:\/\/cvinoticias.com\/v3\/wp-json\/wp\/v2\/categories?post=21075"},{"taxonomy":"post_tag","embeddable":true,"href":"https:\/\/cvinoticias.com\/v3\/wp-json\/wp\/v2\/tags?post=21075"}],"curies":[{"name":"wp","href":"https:\/\/api.w.org\/{rel}","templated":true}]}}