{"id":21061,"date":"2022-12-05T11:01:48","date_gmt":"2022-12-05T11:01:48","guid":{"rendered":"https:\/\/cvinoticias.com\/v3\/?p=21061"},"modified":"2022-12-05T11:01:48","modified_gmt":"2022-12-05T11:01:48","slug":"ya-rige-el-aumento-de-las-naftas-y-el-gasoil-de-ypf-en-toda-la-argentina","status":"publish","type":"post","link":"https:\/\/cvinoticias.com\/v3\/ya-rige-el-aumento-de-las-naftas-y-el-gasoil-de-ypf-en-toda-la-argentina\/","title":{"rendered":"Ya rige el aumento de las naftas y el gasoil de YPF en toda la Argentina"},"content":{"rendered":"\n<p><strong><em>A partir de este domingo 4 de diciembre los combustibles subieron un 4%.<\/em><\/strong><\/p>\n\n\n\n<p>Con motivo de sostener el abastecimiento del mercado nacional en un contexto de sostenidos r\u00e9cords hist\u00f3ricos de demanda estacional, a partir de este domingo 4 de diciembre YPF aument\u00f3 un 4% promedio el precio en naftas y gasoil.<\/p>\n\n\n\n<p>El ajuste se sit\u00faa despu\u00e9s de un acuerdo negociado por Econom\u00eda para que el incremento de los combustibles no aumenten m\u00e1s del mencionado porcentaje mensual hasta marzo de 2023 y ser\u00e1 seguido por otras petroleras del pa\u00eds. Por su parte, Shell y Axi\u00f3n oficializaron la suba este jueves 1 de diciembre.<\/p>\n\n\n\n<p><strong>CU\u00c1L ES EL ACUERDO CON ECONOM\u00cdA<\/strong><\/p>\n\n\n\n<p>Ahora, con el acuerdo que fue impulsado por Sergio Massa, ministro de Econom\u00eda, para incorporar a los combustibles al plan Precios Justos, las naftas y el gasoil pueden subir hasta 4% en diciembre, otro porcentaje igual en enero y en febrero, mientras en marzo el tope autorizado es de 3,5%.<\/p>\n\n\n\n<p>Para que las petroleras se sumen, el Gobierno difiri\u00f3 aumentos en los impuestos a los combustibles y estableci\u00f3 una tabla sobre los incrementos que pueden aplicarles los fabricantes de biocombustibles. Las refinadoras est\u00e1n obligadas a incoporar \u201ccortes\u201d de bio en sus productos.<\/p>\n\n\n\n<p>\u201cYPF continuar\u00e1 realizando sus mayores esfuerzos productivos y log\u00edsticos para sostener el abastecimiento del mercado nacional en un contexto de sostenidos r\u00e9cords hist\u00f3ricos de demanda estacional\u201d, dijo la empresa en un comunicado.<\/p>\n","protected":false},"excerpt":{"rendered":"<p>A partir de este domingo 4 de diciembre los combustibles subieron un 4%. Con motivo de sostener el abastecimiento del mercado nacional en un contexto de sostenidos r\u00e9cords hist\u00f3ricos de demanda estacional, a partir de este domingo 4 de diciembre YPF aument\u00f3 un 4% promedio el precio en naftas y gasoil. El ajuste se sit\u00faa [&hellip;]<\/p>\n","protected":false},"author":2,"featured_media":21062,"comment_status":"open","ping_status":"open","sticky":false,"template":"","format":"standard","meta":{"footnotes":""},"categories":[32],"tags":[],"class_list":["post-21061","post","type-post","status-publish","format-standard","has-post-thumbnail","hentry","category-economia"],"yoast_head":"<!-- This site is optimized with the Yoast SEO plugin v27.5 - https:\/\/yoast.com\/product\/yoast-seo-wordpress\/ -->\n<title>Ya rige el aumento de las naftas y el gasoil de YPF en toda la Argentina | CVI NOTICIAS<\/title>\n<meta name=\"robots\" content=\"index, follow, max-snippet:-1, max-image-preview:large, max-video-preview:-1\" \/>\n<link rel=\"canonical\" href=\"https:\/\/cvinoticias.com\/v3\/ya-rige-el-aumento-de-las-naftas-y-el-gasoil-de-ypf-en-toda-la-argentina\/\" \/>\n<meta property=\"og:locale\" content=\"es_ES\" \/>\n<meta property=\"og:type\" content=\"article\" \/>\n<meta property=\"og:title\" content=\"Ya rige el aumento de las naftas y el gasoil de YPF en toda la Argentina | CVI NOTICIAS\" \/>\n<meta property=\"og:description\" content=\"A partir de este domingo 4 de diciembre los combustibles subieron un 4%. Con motivo de sostener el abastecimiento del mercado nacional en un contexto de sostenidos r\u00e9cords hist\u00f3ricos de demanda estacional, a partir de este domingo 4 de diciembre YPF aument\u00f3 un 4% promedio el precio en naftas y gasoil. El ajuste se sit\u00faa [&hellip;]\" \/>\n<meta property=\"og:url\" content=\"https:\/\/cvinoticias.com\/v3\/ya-rige-el-aumento-de-las-naftas-y-el-gasoil-de-ypf-en-toda-la-argentina\/\" \/>\n<meta property=\"og:site_name\" content=\"CVI NOTICIAS\" \/>\n<meta property=\"article:publisher\" content=\"https:\/\/www.facebook.com\/cvinoticias\" \/>\n<meta property=\"article:published_time\" content=\"2022-12-05T11:01:48+00:00\" \/>\n<meta property=\"og:image\" content=\"https:\/\/cvinoticias.com\/wp-content\/uploads\/2022\/12\/970474.jpg_crop_square.jpg\" \/>\n\t<meta property=\"og:image:width\" content=\"310\" \/>\n\t<meta property=\"og:image:height\" content=\"258\" \/>\n\t<meta property=\"og:image:type\" content=\"image\/jpeg\" \/>\n<meta name=\"author\" content=\"f1000024\" \/>\n<meta name=\"twitter:card\" content=\"summary_large_image\" \/>\n<meta name=\"twitter:label1\" content=\"Escrito por\" \/>\n\t<meta name=\"twitter:data1\" content=\"f1000024\" \/>\n\t<meta name=\"twitter:label2\" content=\"Tiempo de lectura\" \/>\n\t<meta name=\"twitter:data2\" content=\"1 minuto\" \/>\n<script type=\"application\/ld+json\" class=\"yoast-schema-graph\">{\"@context\":\"https:\\\/\\\/schema.org\",\"@graph\":[{\"@type\":\"Article\",\"@id\":\"https:\\\/\\\/cvinoticias.com\\\/v3\\\/ya-rige-el-aumento-de-las-naftas-y-el-gasoil-de-ypf-en-toda-la-argentina\\\/#article\",\"isPartOf\":{\"@id\":\"https:\\\/\\\/cvinoticias.com\\\/v3\\\/ya-rige-el-aumento-de-las-naftas-y-el-gasoil-de-ypf-en-toda-la-argentina\\\/\"},\"author\":{\"name\":\"f1000024\",\"@id\":\"https:\\\/\\\/cvinoticias.com\\\/v3\\\/#\\\/schema\\\/person\\\/2db77e3c6bc03c538495d7b2b8be9b66\"},\"headline\":\"Ya rige el aumento de las naftas y el gasoil de YPF en toda la Argentina\",\"datePublished\":\"2022-12-05T11:01:48+00:00\",\"mainEntityOfPage\":{\"@id\":\"https:\\\/\\\/cvinoticias.com\\\/v3\\\/ya-rige-el-aumento-de-las-naftas-y-el-gasoil-de-ypf-en-toda-la-argentina\\\/\"},\"wordCount\":255,\"commentCount\":0,\"publisher\":{\"@id\":\"https:\\\/\\\/cvinoticias.com\\\/v3\\\/#organization\"},\"image\":{\"@id\":\"https:\\\/\\\/cvinoticias.com\\\/v3\\\/ya-rige-el-aumento-de-las-naftas-y-el-gasoil-de-ypf-en-toda-la-argentina\\\/#primaryimage\"},\"thumbnailUrl\":\"https:\\\/\\\/cvinoticias.com\\\/wp-content\\\/uploads\\\/2022\\\/12\\\/970474.jpg_crop_square.jpg\",\"articleSection\":[\"Econom\u00eda\"],\"inLanguage\":\"es\",\"potentialAction\":[{\"@type\":\"CommentAction\",\"name\":\"Comment\",\"target\":[\"https:\\\/\\\/cvinoticias.com\\\/v3\\\/ya-rige-el-aumento-de-las-naftas-y-el-gasoil-de-ypf-en-toda-la-argentina\\\/#respond\"]}]},{\"@type\":\"WebPage\",\"@id\":\"https:\\\/\\\/cvinoticias.com\\\/v3\\\/ya-rige-el-aumento-de-las-naftas-y-el-gasoil-de-ypf-en-toda-la-argentina\\\/\",\"url\":\"https:\\\/\\\/cvinoticias.com\\\/v3\\\/ya-rige-el-aumento-de-las-naftas-y-el-gasoil-de-ypf-en-toda-la-argentina\\\/\",\"name\":\"Ya rige el aumento de las naftas y el gasoil de YPF en toda la Argentina | CVI NOTICIAS\",\"isPartOf\":{\"@id\":\"https:\\\/\\\/cvinoticias.com\\\/v3\\\/#website\"},\"primaryImageOfPage\":{\"@id\":\"https:\\\/\\\/cvinoticias.com\\\/v3\\\/ya-rige-el-aumento-de-las-naftas-y-el-gasoil-de-ypf-en-toda-la-argentina\\\/#primaryimage\"},\"image\":{\"@id\":\"https:\\\/\\\/cvinoticias.com\\\/v3\\\/ya-rige-el-aumento-de-las-naftas-y-el-gasoil-de-ypf-en-toda-la-argentina\\\/#primaryimage\"},\"thumbnailUrl\":\"https:\\\/\\\/cvinoticias.com\\\/wp-content\\\/uploads\\\/2022\\\/12\\\/970474.jpg_crop_square.jpg\",\"datePublished\":\"2022-12-05T11:01:48+00:00\",\"breadcrumb\":{\"@id\":\"https:\\\/\\\/cvinoticias.com\\\/v3\\\/ya-rige-el-aumento-de-las-naftas-y-el-gasoil-de-ypf-en-toda-la-argentina\\\/#breadcrumb\"},\"inLanguage\":\"es\",\"potentialAction\":[{\"@type\":\"ReadAction\",\"target\":[\"https:\\\/\\\/cvinoticias.com\\\/v3\\\/ya-rige-el-aumento-de-las-naftas-y-el-gasoil-de-ypf-en-toda-la-argentina\\\/\"]}]},{\"@type\":\"ImageObject\",\"inLanguage\":\"es\",\"@id\":\"https:\\\/\\\/cvinoticias.com\\\/v3\\\/ya-rige-el-aumento-de-las-naftas-y-el-gasoil-de-ypf-en-toda-la-argentina\\\/#primaryimage\",\"url\":\"https:\\\/\\\/cvinoticias.com\\\/wp-content\\\/uploads\\\/2022\\\/12\\\/970474.jpg_crop_square.jpg\",\"contentUrl\":\"https:\\\/\\\/cvinoticias.com\\\/wp-content\\\/uploads\\\/2022\\\/12\\\/970474.jpg_crop_square.jpg\",\"width\":310,\"height\":258},{\"@type\":\"BreadcrumbList\",\"@id\":\"https:\\\/\\\/cvinoticias.com\\\/v3\\\/ya-rige-el-aumento-de-las-naftas-y-el-gasoil-de-ypf-en-toda-la-argentina\\\/#breadcrumb\",\"itemListElement\":[{\"@type\":\"ListItem\",\"position\":1,\"name\":\"Portada\",\"item\":\"https:\\\/\\\/cvinoticias.com\\\/v3\\\/\"},{\"@type\":\"ListItem\",\"position\":2,\"name\":\"Ya rige el aumento de las naftas y el gasoil de YPF en toda la Argentina\"}]},{\"@type\":\"WebSite\",\"@id\":\"https:\\\/\\\/cvinoticias.com\\\/v3\\\/#website\",\"url\":\"https:\\\/\\\/cvinoticias.com\\\/v3\\\/\",\"name\":\"CVI NOTICIAS\",\"description\":\"\",\"publisher\":{\"@id\":\"https:\\\/\\\/cvinoticias.com\\\/v3\\\/#organization\"},\"alternateName\":\"CVI\",\"potentialAction\":[{\"@type\":\"SearchAction\",\"target\":{\"@type\":\"EntryPoint\",\"urlTemplate\":\"https:\\\/\\\/cvinoticias.com\\\/v3\\\/?s={search_term_string}\"},\"query-input\":{\"@type\":\"PropertyValueSpecification\",\"valueRequired\":true,\"valueName\":\"search_term_string\"}}],\"inLanguage\":\"es\"},{\"@type\":\"Organization\",\"@id\":\"https:\\\/\\\/cvinoticias.com\\\/v3\\\/#organization\",\"name\":\"CVI NOTICIAS\",\"url\":\"https:\\\/\\\/cvinoticias.com\\\/v3\\\/\",\"logo\":{\"@type\":\"ImageObject\",\"inLanguage\":\"es\",\"@id\":\"https:\\\/\\\/cvinoticias.com\\\/v3\\\/#\\\/schema\\\/logo\\\/image\\\/\",\"url\":\"https:\\\/\\\/cvinoticias.com\\\/wp-content\\\/uploads\\\/2023\\\/04\\\/cropped-cropped-cropped-cropped-cropped-3-1.png\",\"contentUrl\":\"https:\\\/\\\/cvinoticias.com\\\/wp-content\\\/uploads\\\/2023\\\/04\\\/cropped-cropped-cropped-cropped-cropped-3-1.png\",\"width\":95,\"height\":122,\"caption\":\"CVI NOTICIAS\"},\"image\":{\"@id\":\"https:\\\/\\\/cvinoticias.com\\\/v3\\\/#\\\/schema\\\/logo\\\/image\\\/\"},\"sameAs\":[\"https:\\\/\\\/www.facebook.com\\\/cvinoticias\",\"https:\\\/\\\/www.instagram.com\\\/cvinoticias\\\/\",\"https:\\\/\\\/www.youtube.com\\\/@CVINOTICIAS\"]},{\"@type\":\"Person\",\"@id\":\"https:\\\/\\\/cvinoticias.com\\\/v3\\\/#\\\/schema\\\/person\\\/2db77e3c6bc03c538495d7b2b8be9b66\",\"name\":\"f1000024\",\"image\":{\"@type\":\"ImageObject\",\"inLanguage\":\"es\",\"@id\":\"https:\\\/\\\/secure.gravatar.com\\\/avatar\\\/d4fe7459cfc51ff5129ce1a732bbef5928568b8092d412ef95611616376bbeed?s=96&d=mm&r=g\",\"url\":\"https:\\\/\\\/secure.gravatar.com\\\/avatar\\\/d4fe7459cfc51ff5129ce1a732bbef5928568b8092d412ef95611616376bbeed?s=96&d=mm&r=g\",\"contentUrl\":\"https:\\\/\\\/secure.gravatar.com\\\/avatar\\\/d4fe7459cfc51ff5129ce1a732bbef5928568b8092d412ef95611616376bbeed?s=96&d=mm&r=g\",\"caption\":\"f1000024\"},\"url\":\"https:\\\/\\\/cvinoticias.com\\\/v3\\\/author\\\/f1000024\\\/\"}]}<\/script>\n<!-- \/ Yoast SEO plugin. -->","yoast_head_json":{"title":"Ya rige el aumento de las naftas y el gasoil de YPF en toda la Argentina | CVI NOTICIAS","robots":{"index":"index","follow":"follow","max-snippet":"max-snippet:-1","max-image-preview":"max-image-preview:large","max-video-preview":"max-video-preview:-1"},"canonical":"https:\/\/cvinoticias.com\/v3\/ya-rige-el-aumento-de-las-naftas-y-el-gasoil-de-ypf-en-toda-la-argentina\/","og_locale":"es_ES","og_type":"article","og_title":"Ya rige el aumento de las naftas y el gasoil de YPF en toda la Argentina | CVI NOTICIAS","og_description":"A partir de este domingo 4 de diciembre los combustibles subieron un 4%. Con motivo de sostener el abastecimiento del mercado nacional en un contexto de sostenidos r\u00e9cords hist\u00f3ricos de demanda estacional, a partir de este domingo 4 de diciembre YPF aument\u00f3 un 4% promedio el precio en naftas y gasoil. El ajuste se sit\u00faa [&hellip;]","og_url":"https:\/\/cvinoticias.com\/v3\/ya-rige-el-aumento-de-las-naftas-y-el-gasoil-de-ypf-en-toda-la-argentina\/","og_site_name":"CVI NOTICIAS","article_publisher":"https:\/\/www.facebook.com\/cvinoticias","article_published_time":"2022-12-05T11:01:48+00:00","og_image":[{"width":310,"height":258,"url":"https:\/\/cvinoticias.com\/wp-content\/uploads\/2022\/12\/970474.jpg_crop_square.jpg","type":"image\/jpeg"}],"author":"f1000024","twitter_card":"summary_large_image","twitter_misc":{"Escrito por":"f1000024","Tiempo de lectura":"1 minuto"},"schema":{"@context":"https:\/\/schema.org","@graph":[{"@type":"Article","@id":"https:\/\/cvinoticias.com\/v3\/ya-rige-el-aumento-de-las-naftas-y-el-gasoil-de-ypf-en-toda-la-argentina\/#article","isPartOf":{"@id":"https:\/\/cvinoticias.com\/v3\/ya-rige-el-aumento-de-las-naftas-y-el-gasoil-de-ypf-en-toda-la-argentina\/"},"author":{"name":"f1000024","@id":"https:\/\/cvinoticias.com\/v3\/#\/schema\/person\/2db77e3c6bc03c538495d7b2b8be9b66"},"headline":"Ya rige el aumento de las naftas y el gasoil de YPF en toda la Argentina","datePublished":"2022-12-05T11:01:48+00:00","mainEntityOfPage":{"@id":"https:\/\/cvinoticias.com\/v3\/ya-rige-el-aumento-de-las-naftas-y-el-gasoil-de-ypf-en-toda-la-argentina\/"},"wordCount":255,"commentCount":0,"publisher":{"@id":"https:\/\/cvinoticias.com\/v3\/#organization"},"image":{"@id":"https:\/\/cvinoticias.com\/v3\/ya-rige-el-aumento-de-las-naftas-y-el-gasoil-de-ypf-en-toda-la-argentina\/#primaryimage"},"thumbnailUrl":"https:\/\/cvinoticias.com\/wp-content\/uploads\/2022\/12\/970474.jpg_crop_square.jpg","articleSection":["Econom\u00eda"],"inLanguage":"es","potentialAction":[{"@type":"CommentAction","name":"Comment","target":["https:\/\/cvinoticias.com\/v3\/ya-rige-el-aumento-de-las-naftas-y-el-gasoil-de-ypf-en-toda-la-argentina\/#respond"]}]},{"@type":"WebPage","@id":"https:\/\/cvinoticias.com\/v3\/ya-rige-el-aumento-de-las-naftas-y-el-gasoil-de-ypf-en-toda-la-argentina\/","url":"https:\/\/cvinoticias.com\/v3\/ya-rige-el-aumento-de-las-naftas-y-el-gasoil-de-ypf-en-toda-la-argentina\/","name":"Ya rige el aumento de las naftas y el gasoil de YPF en toda la Argentina | CVI NOTICIAS","isPartOf":{"@id":"https:\/\/cvinoticias.com\/v3\/#website"},"primaryImageOfPage":{"@id":"https:\/\/cvinoticias.com\/v3\/ya-rige-el-aumento-de-las-naftas-y-el-gasoil-de-ypf-en-toda-la-argentina\/#primaryimage"},"image":{"@id":"https:\/\/cvinoticias.com\/v3\/ya-rige-el-aumento-de-las-naftas-y-el-gasoil-de-ypf-en-toda-la-argentina\/#primaryimage"},"thumbnailUrl":"https:\/\/cvinoticias.com\/wp-content\/uploads\/2022\/12\/970474.jpg_crop_square.jpg","datePublished":"2022-12-05T11:01:48+00:00","breadcrumb":{"@id":"https:\/\/cvinoticias.com\/v3\/ya-rige-el-aumento-de-las-naftas-y-el-gasoil-de-ypf-en-toda-la-argentina\/#breadcrumb"},"inLanguage":"es","potentialAction":[{"@type":"ReadAction","target":["https:\/\/cvinoticias.com\/v3\/ya-rige-el-aumento-de-las-naftas-y-el-gasoil-de-ypf-en-toda-la-argentina\/"]}]},{"@type":"ImageObject","inLanguage":"es","@id":"https:\/\/cvinoticias.com\/v3\/ya-rige-el-aumento-de-las-naftas-y-el-gasoil-de-ypf-en-toda-la-argentina\/#primaryimage","url":"https:\/\/cvinoticias.com\/wp-content\/uploads\/2022\/12\/970474.jpg_crop_square.jpg","contentUrl":"https:\/\/cvinoticias.com\/wp-content\/uploads\/2022\/12\/970474.jpg_crop_square.jpg","width":310,"height":258},{"@type":"BreadcrumbList","@id":"https:\/\/cvinoticias.com\/v3\/ya-rige-el-aumento-de-las-naftas-y-el-gasoil-de-ypf-en-toda-la-argentina\/#breadcrumb","itemListElement":[{"@type":"ListItem","position":1,"name":"Portada","item":"https:\/\/cvinoticias.com\/v3\/"},{"@type":"ListItem","position":2,"name":"Ya rige el aumento de las naftas y el gasoil de YPF en toda la Argentina"}]},{"@type":"WebSite","@id":"https:\/\/cvinoticias.com\/v3\/#website","url":"https:\/\/cvinoticias.com\/v3\/","name":"CVI NOTICIAS","description":"","publisher":{"@id":"https:\/\/cvinoticias.com\/v3\/#organization"},"alternateName":"CVI","potentialAction":[{"@type":"SearchAction","target":{"@type":"EntryPoint","urlTemplate":"https:\/\/cvinoticias.com\/v3\/?s={search_term_string}"},"query-input":{"@type":"PropertyValueSpecification","valueRequired":true,"valueName":"search_term_string"}}],"inLanguage":"es"},{"@type":"Organization","@id":"https:\/\/cvinoticias.com\/v3\/#organization","name":"CVI NOTICIAS","url":"https:\/\/cvinoticias.com\/v3\/","logo":{"@type":"ImageObject","inLanguage":"es","@id":"https:\/\/cvinoticias.com\/v3\/#\/schema\/logo\/image\/","url":"https:\/\/cvinoticias.com\/wp-content\/uploads\/2023\/04\/cropped-cropped-cropped-cropped-cropped-3-1.png","contentUrl":"https:\/\/cvinoticias.com\/wp-content\/uploads\/2023\/04\/cropped-cropped-cropped-cropped-cropped-3-1.png","width":95,"height":122,"caption":"CVI NOTICIAS"},"image":{"@id":"https:\/\/cvinoticias.com\/v3\/#\/schema\/logo\/image\/"},"sameAs":["https:\/\/www.facebook.com\/cvinoticias","https:\/\/www.instagram.com\/cvinoticias\/","https:\/\/www.youtube.com\/@CVINOTICIAS"]},{"@type":"Person","@id":"https:\/\/cvinoticias.com\/v3\/#\/schema\/person\/2db77e3c6bc03c538495d7b2b8be9b66","name":"f1000024","image":{"@type":"ImageObject","inLanguage":"es","@id":"https:\/\/secure.gravatar.com\/avatar\/d4fe7459cfc51ff5129ce1a732bbef5928568b8092d412ef95611616376bbeed?s=96&d=mm&r=g","url":"https:\/\/secure.gravatar.com\/avatar\/d4fe7459cfc51ff5129ce1a732bbef5928568b8092d412ef95611616376bbeed?s=96&d=mm&r=g","contentUrl":"https:\/\/secure.gravatar.com\/avatar\/d4fe7459cfc51ff5129ce1a732bbef5928568b8092d412ef95611616376bbeed?s=96&d=mm&r=g","caption":"f1000024"},"url":"https:\/\/cvinoticias.com\/v3\/author\/f1000024\/"}]}},"_links":{"self":[{"href":"https:\/\/cvinoticias.com\/v3\/wp-json\/wp\/v2\/posts\/21061","targetHints":{"allow":["GET"]}}],"collection":[{"href":"https:\/\/cvinoticias.com\/v3\/wp-json\/wp\/v2\/posts"}],"about":[{"href":"https:\/\/cvinoticias.com\/v3\/wp-json\/wp\/v2\/types\/post"}],"author":[{"embeddable":true,"href":"https:\/\/cvinoticias.com\/v3\/wp-json\/wp\/v2\/users\/2"}],"replies":[{"embeddable":true,"href":"https:\/\/cvinoticias.com\/v3\/wp-json\/wp\/v2\/comments?post=21061"}],"version-history":[{"count":1,"href":"https:\/\/cvinoticias.com\/v3\/wp-json\/wp\/v2\/posts\/21061\/revisions"}],"predecessor-version":[{"id":21063,"href":"https:\/\/cvinoticias.com\/v3\/wp-json\/wp\/v2\/posts\/21061\/revisions\/21063"}],"wp:featuredmedia":[{"embeddable":true,"href":"https:\/\/cvinoticias.com\/v3\/wp-json\/wp\/v2\/media\/21062"}],"wp:attachment":[{"href":"https:\/\/cvinoticias.com\/v3\/wp-json\/wp\/v2\/media?parent=21061"}],"wp:term":[{"taxonomy":"category","embeddable":true,"href":"https:\/\/cvinoticias.com\/v3\/wp-json\/wp\/v2\/categories?post=21061"},{"taxonomy":"post_tag","embeddable":true,"href":"https:\/\/cvinoticias.com\/v3\/wp-json\/wp\/v2\/tags?post=21061"}],"curies":[{"name":"wp","href":"https:\/\/api.w.org\/{rel}","templated":true}]}}