{"id":21052,"date":"2022-12-04T14:37:53","date_gmt":"2022-12-04T14:37:53","guid":{"rendered":"https:\/\/cvinoticias.com\/v3\/?p=21052"},"modified":"2022-12-04T14:37:53","modified_gmt":"2022-12-04T14:37:53","slug":"la-abismal-diferencia-de-prioridades","status":"publish","type":"post","link":"https:\/\/cvinoticias.com\/v3\/la-abismal-diferencia-de-prioridades\/","title":{"rendered":"LA ABISMAL DIFERENCIA DE PRIORIDADES"},"content":{"rendered":"\n<p><strong><em>El Gobierno de la Renovaci\u00f3n celebra la promulgaci\u00f3n del Presupuesto Nacional 2023 que contempla la facultad del Ejecutivo para crear zonas aduaneras especiales, una medida clave para asegurar el desarrollo econ\u00f3mico de la provincia poniendo fin a las asimetr\u00edas con los pa\u00edses lim\u00edtrofes. Por otro lado, en la alianza Juntos por el Cambio en Misiones el PRO impone la candidatura a gobernador de Mart\u00edn G\u00f6erling ante una fuerte resistencia del radicalismo misionero.<\/em><\/strong><\/p>\n\n\n\n<p>\u201cEl liderazgo es el arma m\u00e1s importante de un hacedor, porque cuando uno es l\u00edder hacer es m\u00e1s f\u00e1cil\u201d, sostiene J\u00fcrgen Klaric, considerado en la actualidad como el divulgador de neurociencias aplicadas a la vida, la felicidad y a los negocios m\u00e1s influyente del mundo.<\/p>\n\n\n\n<p>El objetivo de un buen l\u00edder es conseguir que el equipo trabaje de manera efectiva tanto de forma individual como grupal. En este contexto, es de vital importancia fijar una meta clara para lograr que el equipo trabaje de manera mancomunada para lograr el objetivo com\u00fan. Resulta imprescindible que el l\u00edder transmita cu\u00e1l es la misi\u00f3n, la visi\u00f3n y la estrategia.<\/p>\n\n\n\n<p>La comunicaci\u00f3n se transforma en un elemental esencial para el l\u00edder a la hora de transmitir los valores al equipo. El flujo de comunicaci\u00f3n no puede ser unilateral, todo lo contrario. Es por ello que se considera que los buenos l\u00edderes siempre tienen los o\u00eddos abiertos hacia las preocupaciones de la gente que lo rodea. La escucha activa ampl\u00eda el campo de visi\u00f3n y la capacidad de direcci\u00f3n de las metas y objetivos.<\/p>\n\n\n\n<p>Albert Einstein manifest\u00f3 que \u201cel ejemplo no es la mejor manera de ense\u00f1ar, es la \u00fanica\u201d. Una c\u00e9lebre frase que cobra especial sentido cuando nos referimos a la relaci\u00f3n entre un l\u00edder y su equipo. Quien asume la posici\u00f3n de l\u00edder debe ser el primero en tomar las responsabilidades. La habilidad del liderazgo tambi\u00e9n puede verse como la capacidad de entregar responsabilidad y delegar tareas. Aquellos que trasladan la responsabilidad a los integrantes de su equipo logran su motivaci\u00f3n y garantizan su lealtad.<\/p>\n\n\n\n<p>En su ic\u00f3nica obra \u201cPensar r\u00e1pido, pensar despacio\u201d, el psic\u00f3logo y Premio Nobel de Econom\u00eda nacido en Israel Daniel Kahneman sostiene que en el habla cotidiana decimos que una persona es razonable si es posible razonar con ella, si sus creencias concuerdan por lo general con la realidad y si sus preferencias est\u00e1n en consonancia con sus intereses y valores. La palabra \u201cracional\u201d suscita la idea de una gran deliberaci\u00f3n, con m\u00e1s c\u00e1lculo y menos pasi\u00f3n, pero, en el lenguaje com\u00fan, una persona racional es en realidad una persona razonable.<\/p>\n\n\n\n<p>La definici\u00f3n de racionalidad como coherencia es sumamente restrictiva; demanda observancia de las reglas de la l\u00f3gica, algo que una mente finita no es capaz de implementar. La gente razonable no puede ser racional por definici\u00f3n, pero no es raz\u00f3n para tildarla de irracional. \u201cIrracional\u201d es una palabra fuerte que connota impulsividad, emocionalidad y tozuda resistencia al argumento razonable.<\/p>\n\n\n\n<p><strong>Los frutos de la perseverancia<\/strong><\/p>\n\n\n\n<p>En un video publicado en sus redes sociales en oportunidad de la celebraci\u00f3n del 25 de Mayo, el Ing. Carlos Rovira, conductor del Frente Renovador de la Concordia, dej\u00f3 plasmado el sentir del Proyecto Misionerista: \u201cLa Revoluci\u00f3n es un sue\u00f1o eterno. La Revoluci\u00f3n de Mayo, nuestra revoluci\u00f3n. Y es ese uno de nuestros sue\u00f1os inspiradores, de seguir acompa\u00f1ando, buscando esa Revoluci\u00f3n con otros medios, con otras herramientas por supuesto. Ya no se levantan armas, ya no hay caudillos. Con las ideas estamos combatiendo. En paz, sin grieta, porque somos antigrieta, pero nuestras ideas forman parte de esos sue\u00f1os inspiradores del Misionerismo\u201d. Casi 200 a\u00f1os despu\u00e9s, con esta visi\u00f3n, Carlos Rovira demuestra la plena vigencia del pensamiento del extraordinario Juan Bautista Alberdi. El Gobierno de la Renovaci\u00f3n demuestra con acciones concretas que las batallas de estos tiempos est\u00e1n marcadas por la inteligencia como elemento determinante.<\/p>\n\n\n\n<p>La semana pasada no ha sido una semana m\u00e1s para toda la dirigencia del Frente Renovador de la Concordia, finalmente, tras superar los grandes escollos propelidos desde un pa\u00eds central que desconoce la realidad del Pueblo Misionero, el Presidente de la Naci\u00f3n promulg\u00f3 la Ley de Presupuesto 2023. La importancia de esta promulgaci\u00f3n, m\u00e1s all\u00e1 del importante paquete de obras que se contempla en 2023 para Misiones, radica en aquel famoso art\u00edculo 121 que faculta al Poder Ejecutivo para la creaci\u00f3n de las \u00c1reas Aduaneras Especiales en aquellas zonas del pa\u00eds que el Gobierno Nacional considere necesarias. Para la provincia se trata de una medida vital por la que se viene luchando hace m\u00e1s de 3 a\u00f1os y que su implementaci\u00f3n significar\u00eda una herramienta fundamental para consolidar el modelo productivo y el desarrollo econ\u00f3mico sin la amenaza de las asimetr\u00edas generadas por los pa\u00edses lim\u00edtrofes que siempre atentaron contra la competitividad de la econom\u00eda misionera.<\/p>\n\n\n\n<p>No se puede soslayar la tarea desplegada por el equipo misionerista que tras meses de trabajo, preparando carpetas con detalles y n\u00fameros, pusieron al alcance de los funcionarios de Ejecutivo Nacional y los legisladores del Congreso todos los fundamentos que demuestran que Misiones es diferente por su geograf\u00eda, por su ubicaci\u00f3n, sus l\u00edmites (m\u00e1s del 90% de frontera internacional), su poblaci\u00f3n y por la injusta coparticipaci\u00f3n que recibe (lo cual no se condice con lo que aporta al s\u00e9ptima econom\u00eda del pa\u00eds a la Naci\u00f3n).<\/p>\n\n\n\n<p>La negociaci\u00f3n fue muy dif\u00edcil, m\u00e1xime cuando los legisladores misioneros que responden a las fuerzas nacionales de Juntos por el Cambio y el Frente de Todos se desentienden totalmente de este tipo de gestiones que se realizan en nombre del pueblo misionero.<\/p>\n\n\n\n<p>En oportunidad de la sanci\u00f3n de la Ley de Presupuesto 2023 en el Congreso de la Naci\u00f3n, que incorpor\u00f3 los pedidos de Misiones, Rovira expreso en su cuenta de Twitter: \u201cAgradezco en nombre de los misioneros al Ministro de Econom\u00eda Sergio Massa por el cumplimiento de su palabra al incluir innumerables obras para el desarrollo de Misiones, particularmente la zona especial aduanera, que presentara y defendiera en soledad, la representaci\u00f3n de la Renovaci\u00f3n en el Congreso Nacional\u201d.<\/p>\n\n\n\n<p>Tambi\u00e9n en la misma l\u00ednea, el Gobernador misionero manifest\u00f3 su agradecimiento y destac\u00f3 la \u201cgenerosidad pol\u00edtica sin mezquindades en beneficio de los misioneros\u201d.<\/p>\n\n\n\n<p><strong>Imposiciones<\/strong><\/p>\n\n\n\n<p>El PRO misionero finalmente aceler\u00f3 e hizo oficial la candidatura a gobernador de Mart\u00edn G\u00f6erling, un soldado de Patricia Bullrich. El ex-Director Ejecutivo de la EBY durante la gesti\u00f3n de Mauricio Macri es considerado uno de los \u201cpuros\u201d desde la c\u00fapula del PRO que preside la ex-Ministra de Seguridad de la Naci\u00f3n y pre-candidata a Presidente.<\/p>\n\n\n\n<p>Una vez hecho p\u00fablica la candidatura de G\u00f6erling, a trav\u00e9s de una serie de fotos de su local que fueron compartidas en sus redes sociales, referentes del radicalismo misionero no ocultaron su malestar.<\/p>\n\n\n\n<p>Lo cierto es que el radicalismo local se niega a aceptar nuevamente la imposici\u00f3n de un candidato. Ante este escenario, el gobernador correntino Vald\u00e9s, que busca diferenciarse de Morales y Losteau dentro del radicalismo nacional, busca apoyo de Larreta para impulsar la postulaci\u00f3n de Arjol, un gran defensor del modelo correntino en Misiones y su principal aliado pol\u00edtico.<\/p>\n\n\n\n<p>Es p\u00fablico el malestar del ala m\u00e1s dura del macrismo por la postura del Jefe de Gobierno porte\u00f1o que desaf\u00eda constantemente el liderazgo de Mauricio Macri, por lo que la reciente reuni\u00f3n con el gobernador correntino aviva la interna interminable de Juntos por el Cambio, producto del crecimiento de una corriente destinada a imponer algunos de nombres como precandidatos a vicepresidentes en la idea de f\u00f3rmulas cruzadas alentada por el gobernador juje\u00f1o Gerardo Morales, a la que ahora se suma el correntino Gustavo Vald\u00e9s.<\/p>\n\n\n\n<p>Ante este panorama, mientras el pa\u00eds no logra atravesar la crisis econ\u00f3mica y los temas que preocupan al ciudadano de a pie pasan por la inflaci\u00f3n, el salario y la inseguridad, la dirigencia de la oposici\u00f3n avanza en su propia agenda marcada por prioridades muy dis\u00edmiles como las candidaturas, acuerdos electorales y pujas por espacios de poder.<\/p>\n\n\n\n<p><strong>(*) Por Nicol\u00e1s Marchiori<\/strong><\/p>\n","protected":false},"excerpt":{"rendered":"<p>El Gobierno de la Renovaci\u00f3n celebra la promulgaci\u00f3n del Presupuesto Nacional 2023 que contempla la facultad del Ejecutivo para crear zonas aduaneras especiales, una medida clave para asegurar el desarrollo econ\u00f3mico de la provincia poniendo fin a las asimetr\u00edas con los pa\u00edses lim\u00edtrofes. Por otro lado, en la alianza Juntos por el Cambio en Misiones [&hellip;]<\/p>\n","protected":false},"author":2,"featured_media":21053,"comment_status":"open","ping_status":"open","sticky":false,"template":"","format":"standard","meta":{"footnotes":""},"categories":[42],"tags":[],"class_list":["post-21052","post","type-post","status-publish","format-standard","has-post-thumbnail","hentry","category-politica"],"yoast_head":"<!-- This site is optimized with the Yoast SEO plugin v27.5 - https:\/\/yoast.com\/product\/yoast-seo-wordpress\/ -->\n<title>LA ABISMAL DIFERENCIA DE PRIORIDADES | CVI NOTICIAS<\/title>\n<meta name=\"robots\" content=\"index, follow, max-snippet:-1, max-image-preview:large, max-video-preview:-1\" \/>\n<link rel=\"canonical\" href=\"https:\/\/cvinoticias.com\/v3\/la-abismal-diferencia-de-prioridades\/\" \/>\n<meta property=\"og:locale\" content=\"es_ES\" \/>\n<meta property=\"og:type\" content=\"article\" \/>\n<meta property=\"og:title\" content=\"LA ABISMAL DIFERENCIA DE PRIORIDADES | CVI NOTICIAS\" \/>\n<meta property=\"og:description\" content=\"El Gobierno de la Renovaci\u00f3n celebra la promulgaci\u00f3n del Presupuesto Nacional 2023 que contempla la facultad del Ejecutivo para crear zonas aduaneras especiales, una medida clave para asegurar el desarrollo econ\u00f3mico de la provincia poniendo fin a las asimetr\u00edas con los pa\u00edses lim\u00edtrofes. Por otro lado, en la alianza Juntos por el Cambio en Misiones [&hellip;]\" \/>\n<meta property=\"og:url\" content=\"https:\/\/cvinoticias.com\/v3\/la-abismal-diferencia-de-prioridades\/\" \/>\n<meta property=\"og:site_name\" content=\"CVI NOTICIAS\" \/>\n<meta property=\"article:publisher\" content=\"https:\/\/www.facebook.com\/cvinoticias\" \/>\n<meta property=\"article:published_time\" content=\"2022-12-04T14:37:53+00:00\" \/>\n<meta property=\"og:image\" content=\"https:\/\/cvinoticias.com\/wp-content\/uploads\/2022\/12\/IMG-20221204-WA0005.jpg\" \/>\n\t<meta property=\"og:image:width\" content=\"1064\" \/>\n\t<meta property=\"og:image:height\" content=\"712\" \/>\n\t<meta property=\"og:image:type\" content=\"image\/jpeg\" \/>\n<meta name=\"author\" content=\"f1000024\" \/>\n<meta name=\"twitter:card\" content=\"summary_large_image\" \/>\n<meta name=\"twitter:label1\" content=\"Escrito por\" \/>\n\t<meta name=\"twitter:data1\" content=\"f1000024\" \/>\n\t<meta name=\"twitter:label2\" content=\"Tiempo de lectura\" \/>\n\t<meta name=\"twitter:data2\" content=\"7 minutos\" \/>\n<script type=\"application\/ld+json\" class=\"yoast-schema-graph\">{\"@context\":\"https:\\\/\\\/schema.org\",\"@graph\":[{\"@type\":\"Article\",\"@id\":\"https:\\\/\\\/cvinoticias.com\\\/v3\\\/la-abismal-diferencia-de-prioridades\\\/#article\",\"isPartOf\":{\"@id\":\"https:\\\/\\\/cvinoticias.com\\\/v3\\\/la-abismal-diferencia-de-prioridades\\\/\"},\"author\":{\"name\":\"f1000024\",\"@id\":\"https:\\\/\\\/cvinoticias.com\\\/v3\\\/#\\\/schema\\\/person\\\/2db77e3c6bc03c538495d7b2b8be9b66\"},\"headline\":\"LA ABISMAL DIFERENCIA DE PRIORIDADES\",\"datePublished\":\"2022-12-04T14:37:53+00:00\",\"mainEntityOfPage\":{\"@id\":\"https:\\\/\\\/cvinoticias.com\\\/v3\\\/la-abismal-diferencia-de-prioridades\\\/\"},\"wordCount\":1431,\"commentCount\":0,\"publisher\":{\"@id\":\"https:\\\/\\\/cvinoticias.com\\\/v3\\\/#organization\"},\"image\":{\"@id\":\"https:\\\/\\\/cvinoticias.com\\\/v3\\\/la-abismal-diferencia-de-prioridades\\\/#primaryimage\"},\"thumbnailUrl\":\"https:\\\/\\\/cvinoticias.com\\\/wp-content\\\/uploads\\\/2022\\\/12\\\/IMG-20221204-WA0005.jpg\",\"articleSection\":[\"Politica\"],\"inLanguage\":\"es\",\"potentialAction\":[{\"@type\":\"CommentAction\",\"name\":\"Comment\",\"target\":[\"https:\\\/\\\/cvinoticias.com\\\/v3\\\/la-abismal-diferencia-de-prioridades\\\/#respond\"]}]},{\"@type\":\"WebPage\",\"@id\":\"https:\\\/\\\/cvinoticias.com\\\/v3\\\/la-abismal-diferencia-de-prioridades\\\/\",\"url\":\"https:\\\/\\\/cvinoticias.com\\\/v3\\\/la-abismal-diferencia-de-prioridades\\\/\",\"name\":\"LA ABISMAL DIFERENCIA DE PRIORIDADES | CVI NOTICIAS\",\"isPartOf\":{\"@id\":\"https:\\\/\\\/cvinoticias.com\\\/v3\\\/#website\"},\"primaryImageOfPage\":{\"@id\":\"https:\\\/\\\/cvinoticias.com\\\/v3\\\/la-abismal-diferencia-de-prioridades\\\/#primaryimage\"},\"image\":{\"@id\":\"https:\\\/\\\/cvinoticias.com\\\/v3\\\/la-abismal-diferencia-de-prioridades\\\/#primaryimage\"},\"thumbnailUrl\":\"https:\\\/\\\/cvinoticias.com\\\/wp-content\\\/uploads\\\/2022\\\/12\\\/IMG-20221204-WA0005.jpg\",\"datePublished\":\"2022-12-04T14:37:53+00:00\",\"breadcrumb\":{\"@id\":\"https:\\\/\\\/cvinoticias.com\\\/v3\\\/la-abismal-diferencia-de-prioridades\\\/#breadcrumb\"},\"inLanguage\":\"es\",\"potentialAction\":[{\"@type\":\"ReadAction\",\"target\":[\"https:\\\/\\\/cvinoticias.com\\\/v3\\\/la-abismal-diferencia-de-prioridades\\\/\"]}]},{\"@type\":\"ImageObject\",\"inLanguage\":\"es\",\"@id\":\"https:\\\/\\\/cvinoticias.com\\\/v3\\\/la-abismal-diferencia-de-prioridades\\\/#primaryimage\",\"url\":\"https:\\\/\\\/cvinoticias.com\\\/wp-content\\\/uploads\\\/2022\\\/12\\\/IMG-20221204-WA0005.jpg\",\"contentUrl\":\"https:\\\/\\\/cvinoticias.com\\\/wp-content\\\/uploads\\\/2022\\\/12\\\/IMG-20221204-WA0005.jpg\",\"width\":1064,\"height\":712},{\"@type\":\"BreadcrumbList\",\"@id\":\"https:\\\/\\\/cvinoticias.com\\\/v3\\\/la-abismal-diferencia-de-prioridades\\\/#breadcrumb\",\"itemListElement\":[{\"@type\":\"ListItem\",\"position\":1,\"name\":\"Portada\",\"item\":\"https:\\\/\\\/cvinoticias.com\\\/v3\\\/\"},{\"@type\":\"ListItem\",\"position\":2,\"name\":\"LA ABISMAL DIFERENCIA DE PRIORIDADES\"}]},{\"@type\":\"WebSite\",\"@id\":\"https:\\\/\\\/cvinoticias.com\\\/v3\\\/#website\",\"url\":\"https:\\\/\\\/cvinoticias.com\\\/v3\\\/\",\"name\":\"CVI NOTICIAS\",\"description\":\"\",\"publisher\":{\"@id\":\"https:\\\/\\\/cvinoticias.com\\\/v3\\\/#organization\"},\"alternateName\":\"CVI\",\"potentialAction\":[{\"@type\":\"SearchAction\",\"target\":{\"@type\":\"EntryPoint\",\"urlTemplate\":\"https:\\\/\\\/cvinoticias.com\\\/v3\\\/?s={search_term_string}\"},\"query-input\":{\"@type\":\"PropertyValueSpecification\",\"valueRequired\":true,\"valueName\":\"search_term_string\"}}],\"inLanguage\":\"es\"},{\"@type\":\"Organization\",\"@id\":\"https:\\\/\\\/cvinoticias.com\\\/v3\\\/#organization\",\"name\":\"CVI NOTICIAS\",\"url\":\"https:\\\/\\\/cvinoticias.com\\\/v3\\\/\",\"logo\":{\"@type\":\"ImageObject\",\"inLanguage\":\"es\",\"@id\":\"https:\\\/\\\/cvinoticias.com\\\/v3\\\/#\\\/schema\\\/logo\\\/image\\\/\",\"url\":\"https:\\\/\\\/cvinoticias.com\\\/wp-content\\\/uploads\\\/2023\\\/04\\\/cropped-cropped-cropped-cropped-cropped-3-1.png\",\"contentUrl\":\"https:\\\/\\\/cvinoticias.com\\\/wp-content\\\/uploads\\\/2023\\\/04\\\/cropped-cropped-cropped-cropped-cropped-3-1.png\",\"width\":95,\"height\":122,\"caption\":\"CVI NOTICIAS\"},\"image\":{\"@id\":\"https:\\\/\\\/cvinoticias.com\\\/v3\\\/#\\\/schema\\\/logo\\\/image\\\/\"},\"sameAs\":[\"https:\\\/\\\/www.facebook.com\\\/cvinoticias\",\"https:\\\/\\\/www.instagram.com\\\/cvinoticias\\\/\",\"https:\\\/\\\/www.youtube.com\\\/@CVINOTICIAS\"]},{\"@type\":\"Person\",\"@id\":\"https:\\\/\\\/cvinoticias.com\\\/v3\\\/#\\\/schema\\\/person\\\/2db77e3c6bc03c538495d7b2b8be9b66\",\"name\":\"f1000024\",\"image\":{\"@type\":\"ImageObject\",\"inLanguage\":\"es\",\"@id\":\"https:\\\/\\\/secure.gravatar.com\\\/avatar\\\/d4fe7459cfc51ff5129ce1a732bbef5928568b8092d412ef95611616376bbeed?s=96&d=mm&r=g\",\"url\":\"https:\\\/\\\/secure.gravatar.com\\\/avatar\\\/d4fe7459cfc51ff5129ce1a732bbef5928568b8092d412ef95611616376bbeed?s=96&d=mm&r=g\",\"contentUrl\":\"https:\\\/\\\/secure.gravatar.com\\\/avatar\\\/d4fe7459cfc51ff5129ce1a732bbef5928568b8092d412ef95611616376bbeed?s=96&d=mm&r=g\",\"caption\":\"f1000024\"},\"url\":\"https:\\\/\\\/cvinoticias.com\\\/v3\\\/author\\\/f1000024\\\/\"}]}<\/script>\n<!-- \/ Yoast SEO plugin. -->","yoast_head_json":{"title":"LA ABISMAL DIFERENCIA DE PRIORIDADES | CVI NOTICIAS","robots":{"index":"index","follow":"follow","max-snippet":"max-snippet:-1","max-image-preview":"max-image-preview:large","max-video-preview":"max-video-preview:-1"},"canonical":"https:\/\/cvinoticias.com\/v3\/la-abismal-diferencia-de-prioridades\/","og_locale":"es_ES","og_type":"article","og_title":"LA ABISMAL DIFERENCIA DE PRIORIDADES | CVI NOTICIAS","og_description":"El Gobierno de la Renovaci\u00f3n celebra la promulgaci\u00f3n del Presupuesto Nacional 2023 que contempla la facultad del Ejecutivo para crear zonas aduaneras especiales, una medida clave para asegurar el desarrollo econ\u00f3mico de la provincia poniendo fin a las asimetr\u00edas con los pa\u00edses lim\u00edtrofes. Por otro lado, en la alianza Juntos por el Cambio en Misiones [&hellip;]","og_url":"https:\/\/cvinoticias.com\/v3\/la-abismal-diferencia-de-prioridades\/","og_site_name":"CVI NOTICIAS","article_publisher":"https:\/\/www.facebook.com\/cvinoticias","article_published_time":"2022-12-04T14:37:53+00:00","og_image":[{"width":1064,"height":712,"url":"https:\/\/cvinoticias.com\/wp-content\/uploads\/2022\/12\/IMG-20221204-WA0005.jpg","type":"image\/jpeg"}],"author":"f1000024","twitter_card":"summary_large_image","twitter_misc":{"Escrito por":"f1000024","Tiempo de lectura":"7 minutos"},"schema":{"@context":"https:\/\/schema.org","@graph":[{"@type":"Article","@id":"https:\/\/cvinoticias.com\/v3\/la-abismal-diferencia-de-prioridades\/#article","isPartOf":{"@id":"https:\/\/cvinoticias.com\/v3\/la-abismal-diferencia-de-prioridades\/"},"author":{"name":"f1000024","@id":"https:\/\/cvinoticias.com\/v3\/#\/schema\/person\/2db77e3c6bc03c538495d7b2b8be9b66"},"headline":"LA ABISMAL DIFERENCIA DE PRIORIDADES","datePublished":"2022-12-04T14:37:53+00:00","mainEntityOfPage":{"@id":"https:\/\/cvinoticias.com\/v3\/la-abismal-diferencia-de-prioridades\/"},"wordCount":1431,"commentCount":0,"publisher":{"@id":"https:\/\/cvinoticias.com\/v3\/#organization"},"image":{"@id":"https:\/\/cvinoticias.com\/v3\/la-abismal-diferencia-de-prioridades\/#primaryimage"},"thumbnailUrl":"https:\/\/cvinoticias.com\/wp-content\/uploads\/2022\/12\/IMG-20221204-WA0005.jpg","articleSection":["Politica"],"inLanguage":"es","potentialAction":[{"@type":"CommentAction","name":"Comment","target":["https:\/\/cvinoticias.com\/v3\/la-abismal-diferencia-de-prioridades\/#respond"]}]},{"@type":"WebPage","@id":"https:\/\/cvinoticias.com\/v3\/la-abismal-diferencia-de-prioridades\/","url":"https:\/\/cvinoticias.com\/v3\/la-abismal-diferencia-de-prioridades\/","name":"LA ABISMAL DIFERENCIA DE PRIORIDADES | CVI NOTICIAS","isPartOf":{"@id":"https:\/\/cvinoticias.com\/v3\/#website"},"primaryImageOfPage":{"@id":"https:\/\/cvinoticias.com\/v3\/la-abismal-diferencia-de-prioridades\/#primaryimage"},"image":{"@id":"https:\/\/cvinoticias.com\/v3\/la-abismal-diferencia-de-prioridades\/#primaryimage"},"thumbnailUrl":"https:\/\/cvinoticias.com\/wp-content\/uploads\/2022\/12\/IMG-20221204-WA0005.jpg","datePublished":"2022-12-04T14:37:53+00:00","breadcrumb":{"@id":"https:\/\/cvinoticias.com\/v3\/la-abismal-diferencia-de-prioridades\/#breadcrumb"},"inLanguage":"es","potentialAction":[{"@type":"ReadAction","target":["https:\/\/cvinoticias.com\/v3\/la-abismal-diferencia-de-prioridades\/"]}]},{"@type":"ImageObject","inLanguage":"es","@id":"https:\/\/cvinoticias.com\/v3\/la-abismal-diferencia-de-prioridades\/#primaryimage","url":"https:\/\/cvinoticias.com\/wp-content\/uploads\/2022\/12\/IMG-20221204-WA0005.jpg","contentUrl":"https:\/\/cvinoticias.com\/wp-content\/uploads\/2022\/12\/IMG-20221204-WA0005.jpg","width":1064,"height":712},{"@type":"BreadcrumbList","@id":"https:\/\/cvinoticias.com\/v3\/la-abismal-diferencia-de-prioridades\/#breadcrumb","itemListElement":[{"@type":"ListItem","position":1,"name":"Portada","item":"https:\/\/cvinoticias.com\/v3\/"},{"@type":"ListItem","position":2,"name":"LA ABISMAL DIFERENCIA DE PRIORIDADES"}]},{"@type":"WebSite","@id":"https:\/\/cvinoticias.com\/v3\/#website","url":"https:\/\/cvinoticias.com\/v3\/","name":"CVI NOTICIAS","description":"","publisher":{"@id":"https:\/\/cvinoticias.com\/v3\/#organization"},"alternateName":"CVI","potentialAction":[{"@type":"SearchAction","target":{"@type":"EntryPoint","urlTemplate":"https:\/\/cvinoticias.com\/v3\/?s={search_term_string}"},"query-input":{"@type":"PropertyValueSpecification","valueRequired":true,"valueName":"search_term_string"}}],"inLanguage":"es"},{"@type":"Organization","@id":"https:\/\/cvinoticias.com\/v3\/#organization","name":"CVI NOTICIAS","url":"https:\/\/cvinoticias.com\/v3\/","logo":{"@type":"ImageObject","inLanguage":"es","@id":"https:\/\/cvinoticias.com\/v3\/#\/schema\/logo\/image\/","url":"https:\/\/cvinoticias.com\/wp-content\/uploads\/2023\/04\/cropped-cropped-cropped-cropped-cropped-3-1.png","contentUrl":"https:\/\/cvinoticias.com\/wp-content\/uploads\/2023\/04\/cropped-cropped-cropped-cropped-cropped-3-1.png","width":95,"height":122,"caption":"CVI NOTICIAS"},"image":{"@id":"https:\/\/cvinoticias.com\/v3\/#\/schema\/logo\/image\/"},"sameAs":["https:\/\/www.facebook.com\/cvinoticias","https:\/\/www.instagram.com\/cvinoticias\/","https:\/\/www.youtube.com\/@CVINOTICIAS"]},{"@type":"Person","@id":"https:\/\/cvinoticias.com\/v3\/#\/schema\/person\/2db77e3c6bc03c538495d7b2b8be9b66","name":"f1000024","image":{"@type":"ImageObject","inLanguage":"es","@id":"https:\/\/secure.gravatar.com\/avatar\/d4fe7459cfc51ff5129ce1a732bbef5928568b8092d412ef95611616376bbeed?s=96&d=mm&r=g","url":"https:\/\/secure.gravatar.com\/avatar\/d4fe7459cfc51ff5129ce1a732bbef5928568b8092d412ef95611616376bbeed?s=96&d=mm&r=g","contentUrl":"https:\/\/secure.gravatar.com\/avatar\/d4fe7459cfc51ff5129ce1a732bbef5928568b8092d412ef95611616376bbeed?s=96&d=mm&r=g","caption":"f1000024"},"url":"https:\/\/cvinoticias.com\/v3\/author\/f1000024\/"}]}},"_links":{"self":[{"href":"https:\/\/cvinoticias.com\/v3\/wp-json\/wp\/v2\/posts\/21052","targetHints":{"allow":["GET"]}}],"collection":[{"href":"https:\/\/cvinoticias.com\/v3\/wp-json\/wp\/v2\/posts"}],"about":[{"href":"https:\/\/cvinoticias.com\/v3\/wp-json\/wp\/v2\/types\/post"}],"author":[{"embeddable":true,"href":"https:\/\/cvinoticias.com\/v3\/wp-json\/wp\/v2\/users\/2"}],"replies":[{"embeddable":true,"href":"https:\/\/cvinoticias.com\/v3\/wp-json\/wp\/v2\/comments?post=21052"}],"version-history":[{"count":1,"href":"https:\/\/cvinoticias.com\/v3\/wp-json\/wp\/v2\/posts\/21052\/revisions"}],"predecessor-version":[{"id":21054,"href":"https:\/\/cvinoticias.com\/v3\/wp-json\/wp\/v2\/posts\/21052\/revisions\/21054"}],"wp:featuredmedia":[{"embeddable":true,"href":"https:\/\/cvinoticias.com\/v3\/wp-json\/wp\/v2\/media\/21053"}],"wp:attachment":[{"href":"https:\/\/cvinoticias.com\/v3\/wp-json\/wp\/v2\/media?parent=21052"}],"wp:term":[{"taxonomy":"category","embeddable":true,"href":"https:\/\/cvinoticias.com\/v3\/wp-json\/wp\/v2\/categories?post=21052"},{"taxonomy":"post_tag","embeddable":true,"href":"https:\/\/cvinoticias.com\/v3\/wp-json\/wp\/v2\/tags?post=21052"}],"curies":[{"name":"wp","href":"https:\/\/api.w.org\/{rel}","templated":true}]}}