{"id":21032,"date":"2022-12-03T17:05:10","date_gmt":"2022-12-03T17:05:10","guid":{"rendered":"https:\/\/cvinoticias.com\/v3\/?p=21032"},"modified":"2022-12-03T17:05:10","modified_gmt":"2022-12-03T17:05:10","slug":"arrestaron-a-dos-hombres-investigados-por-el-crimen-de-marina-da-silva","status":"publish","type":"post","link":"https:\/\/cvinoticias.com\/v3\/arrestaron-a-dos-hombres-investigados-por-el-crimen-de-marina-da-silva\/","title":{"rendered":"Arrestaron a dos hombres investigados por el crimen de Marina Da Silva"},"content":{"rendered":"\n<p><strong><em>El femicidio ocurri\u00f3 en diciembre de 2013 en la Ciudad de Posadas y por el hecho tambi\u00e9n est\u00e1 implicado su ex pareja<\/em><\/strong><\/p>\n\n\n\n<p>Por disposici\u00f3n del Tribunal Penal N.\u00ba 2 de Posadas, esta tarde la Polic\u00eda detuvo a dos hombres de 33 y 36 a\u00f1os, sospechosos del asesinato de Marina Da Silva de 19, quien fue hallada sin vida en un pozo con agua de diez metros de profundidad ubicado en un campo del barrio Nemesio Parma.<\/p>\n\n\n\n<p>Luego de distintas averiguaciones, los investigadores ubicaron a los dos sospechosos y arribaron al vecindario antes mencionado, donde por orden del Magistrado interviniente detuvieron a los dos involucrados. Ambos fueron trasladados a una dependencia policial, donde permanecer\u00e1n alojados a disposici\u00f3n de la Justicia mientras esperan ser indagados.<\/p>\n\n\n\n<p>Cabe aclarar que por el caso del femicidio est\u00e1 acusado como el autor material del crimen la ex pareja de la v\u00edctima, y la causa tiene como imputados a estos dos \u00faltimos detenidos.<\/p>\n","protected":false},"excerpt":{"rendered":"<p>El femicidio ocurri\u00f3 en diciembre de 2013 en la Ciudad de Posadas y por el hecho tambi\u00e9n est\u00e1 implicado su ex pareja Por disposici\u00f3n del Tribunal Penal N.\u00ba 2 de Posadas, esta tarde la Polic\u00eda detuvo a dos hombres de 33 y 36 a\u00f1os, sospechosos del asesinato de Marina Da Silva de 19, quien fue [&hellip;]<\/p>\n","protected":false},"author":2,"featured_media":21033,"comment_status":"open","ping_status":"open","sticky":false,"template":"","format":"standard","meta":{"footnotes":""},"categories":[41],"tags":[],"class_list":["post-21032","post","type-post","status-publish","format-standard","has-post-thumbnail","hentry","category-policiales"],"yoast_head":"<!-- This site is optimized with the Yoast SEO plugin v27.5 - https:\/\/yoast.com\/product\/yoast-seo-wordpress\/ -->\n<title>Arrestaron a dos hombres investigados por el crimen de Marina Da Silva | CVI NOTICIAS<\/title>\n<meta name=\"robots\" content=\"index, follow, max-snippet:-1, max-image-preview:large, max-video-preview:-1\" \/>\n<link rel=\"canonical\" href=\"https:\/\/cvinoticias.com\/v3\/arrestaron-a-dos-hombres-investigados-por-el-crimen-de-marina-da-silva\/\" \/>\n<meta property=\"og:locale\" content=\"es_ES\" \/>\n<meta property=\"og:type\" content=\"article\" \/>\n<meta property=\"og:title\" content=\"Arrestaron a dos hombres investigados por el crimen de Marina Da Silva | CVI NOTICIAS\" \/>\n<meta property=\"og:description\" content=\"El femicidio ocurri\u00f3 en diciembre de 2013 en la Ciudad de Posadas y por el hecho tambi\u00e9n est\u00e1 implicado su ex pareja Por disposici\u00f3n del Tribunal Penal N.\u00ba 2 de Posadas, esta tarde la Polic\u00eda detuvo a dos hombres de 33 y 36 a\u00f1os, sospechosos del asesinato de Marina Da Silva de 19, quien fue [&hellip;]\" \/>\n<meta property=\"og:url\" content=\"https:\/\/cvinoticias.com\/v3\/arrestaron-a-dos-hombres-investigados-por-el-crimen-de-marina-da-silva\/\" \/>\n<meta property=\"og:site_name\" content=\"CVI NOTICIAS\" \/>\n<meta property=\"article:publisher\" content=\"https:\/\/www.facebook.com\/cvinoticias\" \/>\n<meta property=\"article:published_time\" content=\"2022-12-03T17:05:10+00:00\" \/>\n<meta property=\"og:image\" content=\"https:\/\/cvinoticias.com\/wp-content\/uploads\/2022\/12\/IMG-20221202-WA0203.jpg\" \/>\n\t<meta property=\"og:image:width\" content=\"960\" \/>\n\t<meta property=\"og:image:height\" content=\"1280\" \/>\n\t<meta property=\"og:image:type\" content=\"image\/jpeg\" \/>\n<meta name=\"author\" content=\"f1000024\" \/>\n<meta name=\"twitter:card\" content=\"summary_large_image\" \/>\n<meta name=\"twitter:label1\" content=\"Escrito por\" \/>\n\t<meta name=\"twitter:data1\" content=\"f1000024\" \/>\n\t<meta name=\"twitter:label2\" content=\"Tiempo de lectura\" \/>\n\t<meta name=\"twitter:data2\" content=\"1 minuto\" \/>\n<script type=\"application\/ld+json\" class=\"yoast-schema-graph\">{\"@context\":\"https:\\\/\\\/schema.org\",\"@graph\":[{\"@type\":\"Article\",\"@id\":\"https:\\\/\\\/cvinoticias.com\\\/v3\\\/arrestaron-a-dos-hombres-investigados-por-el-crimen-de-marina-da-silva\\\/#article\",\"isPartOf\":{\"@id\":\"https:\\\/\\\/cvinoticias.com\\\/v3\\\/arrestaron-a-dos-hombres-investigados-por-el-crimen-de-marina-da-silva\\\/\"},\"author\":{\"name\":\"f1000024\",\"@id\":\"https:\\\/\\\/cvinoticias.com\\\/v3\\\/#\\\/schema\\\/person\\\/2db77e3c6bc03c538495d7b2b8be9b66\"},\"headline\":\"Arrestaron a dos hombres investigados por el crimen de Marina Da Silva\",\"datePublished\":\"2022-12-03T17:05:10+00:00\",\"mainEntityOfPage\":{\"@id\":\"https:\\\/\\\/cvinoticias.com\\\/v3\\\/arrestaron-a-dos-hombres-investigados-por-el-crimen-de-marina-da-silva\\\/\"},\"wordCount\":170,\"commentCount\":0,\"publisher\":{\"@id\":\"https:\\\/\\\/cvinoticias.com\\\/v3\\\/#organization\"},\"image\":{\"@id\":\"https:\\\/\\\/cvinoticias.com\\\/v3\\\/arrestaron-a-dos-hombres-investigados-por-el-crimen-de-marina-da-silva\\\/#primaryimage\"},\"thumbnailUrl\":\"https:\\\/\\\/cvinoticias.com\\\/wp-content\\\/uploads\\\/2022\\\/12\\\/IMG-20221202-WA0203.jpg\",\"articleSection\":[\"Policiales\"],\"inLanguage\":\"es\",\"potentialAction\":[{\"@type\":\"CommentAction\",\"name\":\"Comment\",\"target\":[\"https:\\\/\\\/cvinoticias.com\\\/v3\\\/arrestaron-a-dos-hombres-investigados-por-el-crimen-de-marina-da-silva\\\/#respond\"]}]},{\"@type\":\"WebPage\",\"@id\":\"https:\\\/\\\/cvinoticias.com\\\/v3\\\/arrestaron-a-dos-hombres-investigados-por-el-crimen-de-marina-da-silva\\\/\",\"url\":\"https:\\\/\\\/cvinoticias.com\\\/v3\\\/arrestaron-a-dos-hombres-investigados-por-el-crimen-de-marina-da-silva\\\/\",\"name\":\"Arrestaron a dos hombres investigados por el crimen de Marina Da Silva | CVI NOTICIAS\",\"isPartOf\":{\"@id\":\"https:\\\/\\\/cvinoticias.com\\\/v3\\\/#website\"},\"primaryImageOfPage\":{\"@id\":\"https:\\\/\\\/cvinoticias.com\\\/v3\\\/arrestaron-a-dos-hombres-investigados-por-el-crimen-de-marina-da-silva\\\/#primaryimage\"},\"image\":{\"@id\":\"https:\\\/\\\/cvinoticias.com\\\/v3\\\/arrestaron-a-dos-hombres-investigados-por-el-crimen-de-marina-da-silva\\\/#primaryimage\"},\"thumbnailUrl\":\"https:\\\/\\\/cvinoticias.com\\\/wp-content\\\/uploads\\\/2022\\\/12\\\/IMG-20221202-WA0203.jpg\",\"datePublished\":\"2022-12-03T17:05:10+00:00\",\"breadcrumb\":{\"@id\":\"https:\\\/\\\/cvinoticias.com\\\/v3\\\/arrestaron-a-dos-hombres-investigados-por-el-crimen-de-marina-da-silva\\\/#breadcrumb\"},\"inLanguage\":\"es\",\"potentialAction\":[{\"@type\":\"ReadAction\",\"target\":[\"https:\\\/\\\/cvinoticias.com\\\/v3\\\/arrestaron-a-dos-hombres-investigados-por-el-crimen-de-marina-da-silva\\\/\"]}]},{\"@type\":\"ImageObject\",\"inLanguage\":\"es\",\"@id\":\"https:\\\/\\\/cvinoticias.com\\\/v3\\\/arrestaron-a-dos-hombres-investigados-por-el-crimen-de-marina-da-silva\\\/#primaryimage\",\"url\":\"https:\\\/\\\/cvinoticias.com\\\/wp-content\\\/uploads\\\/2022\\\/12\\\/IMG-20221202-WA0203.jpg\",\"contentUrl\":\"https:\\\/\\\/cvinoticias.com\\\/wp-content\\\/uploads\\\/2022\\\/12\\\/IMG-20221202-WA0203.jpg\",\"width\":960,\"height\":1280},{\"@type\":\"BreadcrumbList\",\"@id\":\"https:\\\/\\\/cvinoticias.com\\\/v3\\\/arrestaron-a-dos-hombres-investigados-por-el-crimen-de-marina-da-silva\\\/#breadcrumb\",\"itemListElement\":[{\"@type\":\"ListItem\",\"position\":1,\"name\":\"Portada\",\"item\":\"https:\\\/\\\/cvinoticias.com\\\/v3\\\/\"},{\"@type\":\"ListItem\",\"position\":2,\"name\":\"Arrestaron a dos hombres investigados por el crimen de Marina Da Silva\"}]},{\"@type\":\"WebSite\",\"@id\":\"https:\\\/\\\/cvinoticias.com\\\/v3\\\/#website\",\"url\":\"https:\\\/\\\/cvinoticias.com\\\/v3\\\/\",\"name\":\"CVI NOTICIAS\",\"description\":\"\",\"publisher\":{\"@id\":\"https:\\\/\\\/cvinoticias.com\\\/v3\\\/#organization\"},\"alternateName\":\"CVI\",\"potentialAction\":[{\"@type\":\"SearchAction\",\"target\":{\"@type\":\"EntryPoint\",\"urlTemplate\":\"https:\\\/\\\/cvinoticias.com\\\/v3\\\/?s={search_term_string}\"},\"query-input\":{\"@type\":\"PropertyValueSpecification\",\"valueRequired\":true,\"valueName\":\"search_term_string\"}}],\"inLanguage\":\"es\"},{\"@type\":\"Organization\",\"@id\":\"https:\\\/\\\/cvinoticias.com\\\/v3\\\/#organization\",\"name\":\"CVI NOTICIAS\",\"url\":\"https:\\\/\\\/cvinoticias.com\\\/v3\\\/\",\"logo\":{\"@type\":\"ImageObject\",\"inLanguage\":\"es\",\"@id\":\"https:\\\/\\\/cvinoticias.com\\\/v3\\\/#\\\/schema\\\/logo\\\/image\\\/\",\"url\":\"https:\\\/\\\/cvinoticias.com\\\/wp-content\\\/uploads\\\/2023\\\/04\\\/cropped-cropped-cropped-cropped-cropped-3-1.png\",\"contentUrl\":\"https:\\\/\\\/cvinoticias.com\\\/wp-content\\\/uploads\\\/2023\\\/04\\\/cropped-cropped-cropped-cropped-cropped-3-1.png\",\"width\":95,\"height\":122,\"caption\":\"CVI NOTICIAS\"},\"image\":{\"@id\":\"https:\\\/\\\/cvinoticias.com\\\/v3\\\/#\\\/schema\\\/logo\\\/image\\\/\"},\"sameAs\":[\"https:\\\/\\\/www.facebook.com\\\/cvinoticias\",\"https:\\\/\\\/www.instagram.com\\\/cvinoticias\\\/\",\"https:\\\/\\\/www.youtube.com\\\/@CVINOTICIAS\"]},{\"@type\":\"Person\",\"@id\":\"https:\\\/\\\/cvinoticias.com\\\/v3\\\/#\\\/schema\\\/person\\\/2db77e3c6bc03c538495d7b2b8be9b66\",\"name\":\"f1000024\",\"image\":{\"@type\":\"ImageObject\",\"inLanguage\":\"es\",\"@id\":\"https:\\\/\\\/secure.gravatar.com\\\/avatar\\\/d4fe7459cfc51ff5129ce1a732bbef5928568b8092d412ef95611616376bbeed?s=96&d=mm&r=g\",\"url\":\"https:\\\/\\\/secure.gravatar.com\\\/avatar\\\/d4fe7459cfc51ff5129ce1a732bbef5928568b8092d412ef95611616376bbeed?s=96&d=mm&r=g\",\"contentUrl\":\"https:\\\/\\\/secure.gravatar.com\\\/avatar\\\/d4fe7459cfc51ff5129ce1a732bbef5928568b8092d412ef95611616376bbeed?s=96&d=mm&r=g\",\"caption\":\"f1000024\"},\"url\":\"https:\\\/\\\/cvinoticias.com\\\/v3\\\/author\\\/f1000024\\\/\"}]}<\/script>\n<!-- \/ Yoast SEO plugin. -->","yoast_head_json":{"title":"Arrestaron a dos hombres investigados por el crimen de Marina Da Silva | CVI NOTICIAS","robots":{"index":"index","follow":"follow","max-snippet":"max-snippet:-1","max-image-preview":"max-image-preview:large","max-video-preview":"max-video-preview:-1"},"canonical":"https:\/\/cvinoticias.com\/v3\/arrestaron-a-dos-hombres-investigados-por-el-crimen-de-marina-da-silva\/","og_locale":"es_ES","og_type":"article","og_title":"Arrestaron a dos hombres investigados por el crimen de Marina Da Silva | CVI NOTICIAS","og_description":"El femicidio ocurri\u00f3 en diciembre de 2013 en la Ciudad de Posadas y por el hecho tambi\u00e9n est\u00e1 implicado su ex pareja Por disposici\u00f3n del Tribunal Penal N.\u00ba 2 de Posadas, esta tarde la Polic\u00eda detuvo a dos hombres de 33 y 36 a\u00f1os, sospechosos del asesinato de Marina Da Silva de 19, quien fue [&hellip;]","og_url":"https:\/\/cvinoticias.com\/v3\/arrestaron-a-dos-hombres-investigados-por-el-crimen-de-marina-da-silva\/","og_site_name":"CVI NOTICIAS","article_publisher":"https:\/\/www.facebook.com\/cvinoticias","article_published_time":"2022-12-03T17:05:10+00:00","og_image":[{"width":960,"height":1280,"url":"https:\/\/cvinoticias.com\/wp-content\/uploads\/2022\/12\/IMG-20221202-WA0203.jpg","type":"image\/jpeg"}],"author":"f1000024","twitter_card":"summary_large_image","twitter_misc":{"Escrito por":"f1000024","Tiempo de lectura":"1 minuto"},"schema":{"@context":"https:\/\/schema.org","@graph":[{"@type":"Article","@id":"https:\/\/cvinoticias.com\/v3\/arrestaron-a-dos-hombres-investigados-por-el-crimen-de-marina-da-silva\/#article","isPartOf":{"@id":"https:\/\/cvinoticias.com\/v3\/arrestaron-a-dos-hombres-investigados-por-el-crimen-de-marina-da-silva\/"},"author":{"name":"f1000024","@id":"https:\/\/cvinoticias.com\/v3\/#\/schema\/person\/2db77e3c6bc03c538495d7b2b8be9b66"},"headline":"Arrestaron a dos hombres investigados por el crimen de Marina Da Silva","datePublished":"2022-12-03T17:05:10+00:00","mainEntityOfPage":{"@id":"https:\/\/cvinoticias.com\/v3\/arrestaron-a-dos-hombres-investigados-por-el-crimen-de-marina-da-silva\/"},"wordCount":170,"commentCount":0,"publisher":{"@id":"https:\/\/cvinoticias.com\/v3\/#organization"},"image":{"@id":"https:\/\/cvinoticias.com\/v3\/arrestaron-a-dos-hombres-investigados-por-el-crimen-de-marina-da-silva\/#primaryimage"},"thumbnailUrl":"https:\/\/cvinoticias.com\/wp-content\/uploads\/2022\/12\/IMG-20221202-WA0203.jpg","articleSection":["Policiales"],"inLanguage":"es","potentialAction":[{"@type":"CommentAction","name":"Comment","target":["https:\/\/cvinoticias.com\/v3\/arrestaron-a-dos-hombres-investigados-por-el-crimen-de-marina-da-silva\/#respond"]}]},{"@type":"WebPage","@id":"https:\/\/cvinoticias.com\/v3\/arrestaron-a-dos-hombres-investigados-por-el-crimen-de-marina-da-silva\/","url":"https:\/\/cvinoticias.com\/v3\/arrestaron-a-dos-hombres-investigados-por-el-crimen-de-marina-da-silva\/","name":"Arrestaron a dos hombres investigados por el crimen de Marina Da Silva | CVI NOTICIAS","isPartOf":{"@id":"https:\/\/cvinoticias.com\/v3\/#website"},"primaryImageOfPage":{"@id":"https:\/\/cvinoticias.com\/v3\/arrestaron-a-dos-hombres-investigados-por-el-crimen-de-marina-da-silva\/#primaryimage"},"image":{"@id":"https:\/\/cvinoticias.com\/v3\/arrestaron-a-dos-hombres-investigados-por-el-crimen-de-marina-da-silva\/#primaryimage"},"thumbnailUrl":"https:\/\/cvinoticias.com\/wp-content\/uploads\/2022\/12\/IMG-20221202-WA0203.jpg","datePublished":"2022-12-03T17:05:10+00:00","breadcrumb":{"@id":"https:\/\/cvinoticias.com\/v3\/arrestaron-a-dos-hombres-investigados-por-el-crimen-de-marina-da-silva\/#breadcrumb"},"inLanguage":"es","potentialAction":[{"@type":"ReadAction","target":["https:\/\/cvinoticias.com\/v3\/arrestaron-a-dos-hombres-investigados-por-el-crimen-de-marina-da-silva\/"]}]},{"@type":"ImageObject","inLanguage":"es","@id":"https:\/\/cvinoticias.com\/v3\/arrestaron-a-dos-hombres-investigados-por-el-crimen-de-marina-da-silva\/#primaryimage","url":"https:\/\/cvinoticias.com\/wp-content\/uploads\/2022\/12\/IMG-20221202-WA0203.jpg","contentUrl":"https:\/\/cvinoticias.com\/wp-content\/uploads\/2022\/12\/IMG-20221202-WA0203.jpg","width":960,"height":1280},{"@type":"BreadcrumbList","@id":"https:\/\/cvinoticias.com\/v3\/arrestaron-a-dos-hombres-investigados-por-el-crimen-de-marina-da-silva\/#breadcrumb","itemListElement":[{"@type":"ListItem","position":1,"name":"Portada","item":"https:\/\/cvinoticias.com\/v3\/"},{"@type":"ListItem","position":2,"name":"Arrestaron a dos hombres investigados por el crimen de Marina Da Silva"}]},{"@type":"WebSite","@id":"https:\/\/cvinoticias.com\/v3\/#website","url":"https:\/\/cvinoticias.com\/v3\/","name":"CVI NOTICIAS","description":"","publisher":{"@id":"https:\/\/cvinoticias.com\/v3\/#organization"},"alternateName":"CVI","potentialAction":[{"@type":"SearchAction","target":{"@type":"EntryPoint","urlTemplate":"https:\/\/cvinoticias.com\/v3\/?s={search_term_string}"},"query-input":{"@type":"PropertyValueSpecification","valueRequired":true,"valueName":"search_term_string"}}],"inLanguage":"es"},{"@type":"Organization","@id":"https:\/\/cvinoticias.com\/v3\/#organization","name":"CVI NOTICIAS","url":"https:\/\/cvinoticias.com\/v3\/","logo":{"@type":"ImageObject","inLanguage":"es","@id":"https:\/\/cvinoticias.com\/v3\/#\/schema\/logo\/image\/","url":"https:\/\/cvinoticias.com\/wp-content\/uploads\/2023\/04\/cropped-cropped-cropped-cropped-cropped-3-1.png","contentUrl":"https:\/\/cvinoticias.com\/wp-content\/uploads\/2023\/04\/cropped-cropped-cropped-cropped-cropped-3-1.png","width":95,"height":122,"caption":"CVI NOTICIAS"},"image":{"@id":"https:\/\/cvinoticias.com\/v3\/#\/schema\/logo\/image\/"},"sameAs":["https:\/\/www.facebook.com\/cvinoticias","https:\/\/www.instagram.com\/cvinoticias\/","https:\/\/www.youtube.com\/@CVINOTICIAS"]},{"@type":"Person","@id":"https:\/\/cvinoticias.com\/v3\/#\/schema\/person\/2db77e3c6bc03c538495d7b2b8be9b66","name":"f1000024","image":{"@type":"ImageObject","inLanguage":"es","@id":"https:\/\/secure.gravatar.com\/avatar\/d4fe7459cfc51ff5129ce1a732bbef5928568b8092d412ef95611616376bbeed?s=96&d=mm&r=g","url":"https:\/\/secure.gravatar.com\/avatar\/d4fe7459cfc51ff5129ce1a732bbef5928568b8092d412ef95611616376bbeed?s=96&d=mm&r=g","contentUrl":"https:\/\/secure.gravatar.com\/avatar\/d4fe7459cfc51ff5129ce1a732bbef5928568b8092d412ef95611616376bbeed?s=96&d=mm&r=g","caption":"f1000024"},"url":"https:\/\/cvinoticias.com\/v3\/author\/f1000024\/"}]}},"_links":{"self":[{"href":"https:\/\/cvinoticias.com\/v3\/wp-json\/wp\/v2\/posts\/21032","targetHints":{"allow":["GET"]}}],"collection":[{"href":"https:\/\/cvinoticias.com\/v3\/wp-json\/wp\/v2\/posts"}],"about":[{"href":"https:\/\/cvinoticias.com\/v3\/wp-json\/wp\/v2\/types\/post"}],"author":[{"embeddable":true,"href":"https:\/\/cvinoticias.com\/v3\/wp-json\/wp\/v2\/users\/2"}],"replies":[{"embeddable":true,"href":"https:\/\/cvinoticias.com\/v3\/wp-json\/wp\/v2\/comments?post=21032"}],"version-history":[{"count":1,"href":"https:\/\/cvinoticias.com\/v3\/wp-json\/wp\/v2\/posts\/21032\/revisions"}],"predecessor-version":[{"id":21034,"href":"https:\/\/cvinoticias.com\/v3\/wp-json\/wp\/v2\/posts\/21032\/revisions\/21034"}],"wp:featuredmedia":[{"embeddable":true,"href":"https:\/\/cvinoticias.com\/v3\/wp-json\/wp\/v2\/media\/21033"}],"wp:attachment":[{"href":"https:\/\/cvinoticias.com\/v3\/wp-json\/wp\/v2\/media?parent=21032"}],"wp:term":[{"taxonomy":"category","embeddable":true,"href":"https:\/\/cvinoticias.com\/v3\/wp-json\/wp\/v2\/categories?post=21032"},{"taxonomy":"post_tag","embeddable":true,"href":"https:\/\/cvinoticias.com\/v3\/wp-json\/wp\/v2\/tags?post=21032"}],"curies":[{"name":"wp","href":"https:\/\/api.w.org\/{rel}","templated":true}]}}