{"id":20994,"date":"2022-12-01T19:04:00","date_gmt":"2022-12-01T19:04:00","guid":{"rendered":"https:\/\/cvinoticias.com\/v3\/?p=20994"},"modified":"2022-12-01T19:04:00","modified_gmt":"2022-12-01T19:04:00","slug":"el-pro-impone-la-ucr-hace-berrinches-y-una-interna-interminable-que-no-aporta-una-sola-propuesta","status":"publish","type":"post","link":"https:\/\/cvinoticias.com\/v3\/el-pro-impone-la-ucr-hace-berrinches-y-una-interna-interminable-que-no-aporta-una-sola-propuesta\/","title":{"rendered":"El PRO impone, la UCR hace berrinches y una interna interminable que no aporta una sola propuesta."},"content":{"rendered":"\n<p><strong><em>Como cada a\u00f1o previo a las elecciones, la alianza cambiemos vuelve a repetir la historia. No solamente el de las internas interminables y da\u00f1inas, tambi\u00e9n se repiten otra vez los mismos relatos.<\/em><\/strong><\/p>\n\n\n\n<p>Finalmente, el PRO impuso la candidatura, como espacio pragm\u00e1tico y de fuerte impronta vertical, eligi\u00f3 a quienes van a encabezar las listas de cara al 2023 en Misiones. Patricia Bullrich (presidente del PRO Argentina) defini\u00f3 al ex titular de Yacyret\u00e1, Mart\u00edn Goerling, para candidato a gobernador en la tierra colorada. Empresario misionero que fue candidato a Diputado Nacional en las PASO 2021, socio del dirigente radical Rodrigo De Arrechea, sin dudas es el favorito de los amarillos.<\/p>\n\n\n\n<p>Como era de esperar, ya se pusieron en marcha los mecanismos del partido centenario para que Valdez interceda ante una inminente ruptura del frente JxC misionero. Arjol, que m\u00e1s de un favor tiene que pagar con el gobernador correntino y con Buenos Aires, no se tom\u00f3 la noticia de la mejor manera. Fiel a su estilo, habr\u00eda hecho un \u201cberrinche\u201d al tel\u00e9fono en tanto se cree el predilecto para ser candidato. Tanto es as\u00ed que no habr\u00eda estado interesado en cerrar filas en su partido, como buen criado en los apellidos de los viejos radicales. Vale mencionar que este tipo de actitudes, son las que culminan en la ruptura de las filas como fue el caso de Jos\u00e9 Luis Pastori, Germ\u00e1n Ferber y Luis Guillermo Holz, que dan el paso al Frente Renovador en b\u00fasqueda de respuestas.<\/p>\n\n\n\n<p>As\u00ed, el PRO tambi\u00e9n habr\u00eda definido que los hermanos Schiavoni vuelvan a encabezar las listas de Diputados y Senadores, dejando fuera de la discusi\u00f3n a los soldados de Yrigoyen y Alem. Lo que genera un pase de facturas internos en la UCR misionera por la falta de reacci\u00f3n y pasividad ante la imposici\u00f3n de candidatos por parte del PRO encabezado hoy, por la ex l\u00edder montonera.<\/p>\n\n\n\n<p>Nuevamente queda en evidencia lo alejados de la realidad que est\u00e1n hoy los radicales, m\u00e1s interesados en la rosca que en darle respuestas al misionero. Siguen atentos a las definiciones de Buenos Aires, la negociaci\u00f3n con Corrientes, las l\u00edneas que baja Patricia o Macri. Es momento de que se den cuenta de que, flojitos de papeles, solamente les va a quedar el casco partidario y ning\u00fan partido que conducir.<\/p>\n\n\n\n<p>Por Lic. Emilia Guevara<br>Licenciada en Periodismo (USAL) \u2013 Maestrando en Gobierno (UBA)<\/p>\n","protected":false},"excerpt":{"rendered":"<p>Como cada a\u00f1o previo a las elecciones, la alianza cambiemos vuelve a repetir la historia. No solamente el de las internas interminables y da\u00f1inas, tambi\u00e9n se repiten otra vez los mismos relatos. Finalmente, el PRO impuso la candidatura, como espacio pragm\u00e1tico y de fuerte impronta vertical, eligi\u00f3 a quienes van a encabezar las listas de [&hellip;]<\/p>\n","protected":false},"author":2,"featured_media":20995,"comment_status":"open","ping_status":"open","sticky":false,"template":"","format":"standard","meta":{"footnotes":""},"categories":[42],"tags":[],"class_list":["post-20994","post","type-post","status-publish","format-standard","has-post-thumbnail","hentry","category-politica"],"yoast_head":"<!-- This site is optimized with the Yoast SEO plugin v27.5 - https:\/\/yoast.com\/product\/yoast-seo-wordpress\/ -->\n<title>El PRO impone, la UCR hace berrinches y una interna interminable que no aporta una sola propuesta. | CVI NOTICIAS<\/title>\n<meta name=\"robots\" content=\"index, follow, max-snippet:-1, max-image-preview:large, max-video-preview:-1\" \/>\n<link rel=\"canonical\" href=\"https:\/\/cvinoticias.com\/v3\/el-pro-impone-la-ucr-hace-berrinches-y-una-interna-interminable-que-no-aporta-una-sola-propuesta\/\" \/>\n<meta property=\"og:locale\" content=\"es_ES\" \/>\n<meta property=\"og:type\" content=\"article\" \/>\n<meta property=\"og:title\" content=\"El PRO impone, la UCR hace berrinches y una interna interminable que no aporta una sola propuesta. | CVI NOTICIAS\" \/>\n<meta property=\"og:description\" content=\"Como cada a\u00f1o previo a las elecciones, la alianza cambiemos vuelve a repetir la historia. No solamente el de las internas interminables y da\u00f1inas, tambi\u00e9n se repiten otra vez los mismos relatos. Finalmente, el PRO impuso la candidatura, como espacio pragm\u00e1tico y de fuerte impronta vertical, eligi\u00f3 a quienes van a encabezar las listas de [&hellip;]\" \/>\n<meta property=\"og:url\" content=\"https:\/\/cvinoticias.com\/v3\/el-pro-impone-la-ucr-hace-berrinches-y-una-interna-interminable-que-no-aporta-una-sola-propuesta\/\" \/>\n<meta property=\"og:site_name\" content=\"CVI NOTICIAS\" \/>\n<meta property=\"article:publisher\" content=\"https:\/\/www.facebook.com\/cvinoticias\" \/>\n<meta property=\"article:published_time\" content=\"2022-12-01T19:04:00+00:00\" \/>\n<meta property=\"og:image\" content=\"https:\/\/cvinoticias.com\/wp-content\/uploads\/2022\/12\/IMG-20221201-WA0011.jpg\" \/>\n\t<meta property=\"og:image:width\" content=\"768\" \/>\n\t<meta property=\"og:image:height\" content=\"1280\" \/>\n\t<meta property=\"og:image:type\" content=\"image\/jpeg\" \/>\n<meta name=\"author\" content=\"f1000024\" \/>\n<meta name=\"twitter:card\" content=\"summary_large_image\" \/>\n<meta name=\"twitter:label1\" content=\"Escrito por\" \/>\n\t<meta name=\"twitter:data1\" content=\"f1000024\" \/>\n\t<meta name=\"twitter:label2\" content=\"Tiempo de lectura\" \/>\n\t<meta name=\"twitter:data2\" content=\"2 minutos\" \/>\n<script type=\"application\/ld+json\" class=\"yoast-schema-graph\">{\"@context\":\"https:\\\/\\\/schema.org\",\"@graph\":[{\"@type\":\"Article\",\"@id\":\"https:\\\/\\\/cvinoticias.com\\\/v3\\\/el-pro-impone-la-ucr-hace-berrinches-y-una-interna-interminable-que-no-aporta-una-sola-propuesta\\\/#article\",\"isPartOf\":{\"@id\":\"https:\\\/\\\/cvinoticias.com\\\/v3\\\/el-pro-impone-la-ucr-hace-berrinches-y-una-interna-interminable-que-no-aporta-una-sola-propuesta\\\/\"},\"author\":{\"name\":\"f1000024\",\"@id\":\"https:\\\/\\\/cvinoticias.com\\\/v3\\\/#\\\/schema\\\/person\\\/2db77e3c6bc03c538495d7b2b8be9b66\"},\"headline\":\"El PRO impone, la UCR hace berrinches y una interna interminable que no aporta una sola propuesta.\",\"datePublished\":\"2022-12-01T19:04:00+00:00\",\"mainEntityOfPage\":{\"@id\":\"https:\\\/\\\/cvinoticias.com\\\/v3\\\/el-pro-impone-la-ucr-hace-berrinches-y-una-interna-interminable-que-no-aporta-una-sola-propuesta\\\/\"},\"wordCount\":429,\"commentCount\":0,\"publisher\":{\"@id\":\"https:\\\/\\\/cvinoticias.com\\\/v3\\\/#organization\"},\"image\":{\"@id\":\"https:\\\/\\\/cvinoticias.com\\\/v3\\\/el-pro-impone-la-ucr-hace-berrinches-y-una-interna-interminable-que-no-aporta-una-sola-propuesta\\\/#primaryimage\"},\"thumbnailUrl\":\"https:\\\/\\\/cvinoticias.com\\\/wp-content\\\/uploads\\\/2022\\\/12\\\/IMG-20221201-WA0011.jpg\",\"articleSection\":[\"Politica\"],\"inLanguage\":\"es\",\"potentialAction\":[{\"@type\":\"CommentAction\",\"name\":\"Comment\",\"target\":[\"https:\\\/\\\/cvinoticias.com\\\/v3\\\/el-pro-impone-la-ucr-hace-berrinches-y-una-interna-interminable-que-no-aporta-una-sola-propuesta\\\/#respond\"]}]},{\"@type\":\"WebPage\",\"@id\":\"https:\\\/\\\/cvinoticias.com\\\/v3\\\/el-pro-impone-la-ucr-hace-berrinches-y-una-interna-interminable-que-no-aporta-una-sola-propuesta\\\/\",\"url\":\"https:\\\/\\\/cvinoticias.com\\\/v3\\\/el-pro-impone-la-ucr-hace-berrinches-y-una-interna-interminable-que-no-aporta-una-sola-propuesta\\\/\",\"name\":\"El PRO impone, la UCR hace berrinches y una interna interminable que no aporta una sola propuesta. | CVI NOTICIAS\",\"isPartOf\":{\"@id\":\"https:\\\/\\\/cvinoticias.com\\\/v3\\\/#website\"},\"primaryImageOfPage\":{\"@id\":\"https:\\\/\\\/cvinoticias.com\\\/v3\\\/el-pro-impone-la-ucr-hace-berrinches-y-una-interna-interminable-que-no-aporta-una-sola-propuesta\\\/#primaryimage\"},\"image\":{\"@id\":\"https:\\\/\\\/cvinoticias.com\\\/v3\\\/el-pro-impone-la-ucr-hace-berrinches-y-una-interna-interminable-que-no-aporta-una-sola-propuesta\\\/#primaryimage\"},\"thumbnailUrl\":\"https:\\\/\\\/cvinoticias.com\\\/wp-content\\\/uploads\\\/2022\\\/12\\\/IMG-20221201-WA0011.jpg\",\"datePublished\":\"2022-12-01T19:04:00+00:00\",\"breadcrumb\":{\"@id\":\"https:\\\/\\\/cvinoticias.com\\\/v3\\\/el-pro-impone-la-ucr-hace-berrinches-y-una-interna-interminable-que-no-aporta-una-sola-propuesta\\\/#breadcrumb\"},\"inLanguage\":\"es\",\"potentialAction\":[{\"@type\":\"ReadAction\",\"target\":[\"https:\\\/\\\/cvinoticias.com\\\/v3\\\/el-pro-impone-la-ucr-hace-berrinches-y-una-interna-interminable-que-no-aporta-una-sola-propuesta\\\/\"]}]},{\"@type\":\"ImageObject\",\"inLanguage\":\"es\",\"@id\":\"https:\\\/\\\/cvinoticias.com\\\/v3\\\/el-pro-impone-la-ucr-hace-berrinches-y-una-interna-interminable-que-no-aporta-una-sola-propuesta\\\/#primaryimage\",\"url\":\"https:\\\/\\\/cvinoticias.com\\\/wp-content\\\/uploads\\\/2022\\\/12\\\/IMG-20221201-WA0011.jpg\",\"contentUrl\":\"https:\\\/\\\/cvinoticias.com\\\/wp-content\\\/uploads\\\/2022\\\/12\\\/IMG-20221201-WA0011.jpg\",\"width\":768,\"height\":1280},{\"@type\":\"BreadcrumbList\",\"@id\":\"https:\\\/\\\/cvinoticias.com\\\/v3\\\/el-pro-impone-la-ucr-hace-berrinches-y-una-interna-interminable-que-no-aporta-una-sola-propuesta\\\/#breadcrumb\",\"itemListElement\":[{\"@type\":\"ListItem\",\"position\":1,\"name\":\"Portada\",\"item\":\"https:\\\/\\\/cvinoticias.com\\\/v3\\\/\"},{\"@type\":\"ListItem\",\"position\":2,\"name\":\"El PRO impone, la UCR hace berrinches y una interna interminable que no aporta una sola propuesta.\"}]},{\"@type\":\"WebSite\",\"@id\":\"https:\\\/\\\/cvinoticias.com\\\/v3\\\/#website\",\"url\":\"https:\\\/\\\/cvinoticias.com\\\/v3\\\/\",\"name\":\"CVI NOTICIAS\",\"description\":\"\",\"publisher\":{\"@id\":\"https:\\\/\\\/cvinoticias.com\\\/v3\\\/#organization\"},\"alternateName\":\"CVI\",\"potentialAction\":[{\"@type\":\"SearchAction\",\"target\":{\"@type\":\"EntryPoint\",\"urlTemplate\":\"https:\\\/\\\/cvinoticias.com\\\/v3\\\/?s={search_term_string}\"},\"query-input\":{\"@type\":\"PropertyValueSpecification\",\"valueRequired\":true,\"valueName\":\"search_term_string\"}}],\"inLanguage\":\"es\"},{\"@type\":\"Organization\",\"@id\":\"https:\\\/\\\/cvinoticias.com\\\/v3\\\/#organization\",\"name\":\"CVI NOTICIAS\",\"url\":\"https:\\\/\\\/cvinoticias.com\\\/v3\\\/\",\"logo\":{\"@type\":\"ImageObject\",\"inLanguage\":\"es\",\"@id\":\"https:\\\/\\\/cvinoticias.com\\\/v3\\\/#\\\/schema\\\/logo\\\/image\\\/\",\"url\":\"https:\\\/\\\/cvinoticias.com\\\/wp-content\\\/uploads\\\/2023\\\/04\\\/cropped-cropped-cropped-cropped-cropped-3-1.png\",\"contentUrl\":\"https:\\\/\\\/cvinoticias.com\\\/wp-content\\\/uploads\\\/2023\\\/04\\\/cropped-cropped-cropped-cropped-cropped-3-1.png\",\"width\":95,\"height\":122,\"caption\":\"CVI NOTICIAS\"},\"image\":{\"@id\":\"https:\\\/\\\/cvinoticias.com\\\/v3\\\/#\\\/schema\\\/logo\\\/image\\\/\"},\"sameAs\":[\"https:\\\/\\\/www.facebook.com\\\/cvinoticias\",\"https:\\\/\\\/www.instagram.com\\\/cvinoticias\\\/\",\"https:\\\/\\\/www.youtube.com\\\/@CVINOTICIAS\"]},{\"@type\":\"Person\",\"@id\":\"https:\\\/\\\/cvinoticias.com\\\/v3\\\/#\\\/schema\\\/person\\\/2db77e3c6bc03c538495d7b2b8be9b66\",\"name\":\"f1000024\",\"image\":{\"@type\":\"ImageObject\",\"inLanguage\":\"es\",\"@id\":\"https:\\\/\\\/secure.gravatar.com\\\/avatar\\\/d4fe7459cfc51ff5129ce1a732bbef5928568b8092d412ef95611616376bbeed?s=96&d=mm&r=g\",\"url\":\"https:\\\/\\\/secure.gravatar.com\\\/avatar\\\/d4fe7459cfc51ff5129ce1a732bbef5928568b8092d412ef95611616376bbeed?s=96&d=mm&r=g\",\"contentUrl\":\"https:\\\/\\\/secure.gravatar.com\\\/avatar\\\/d4fe7459cfc51ff5129ce1a732bbef5928568b8092d412ef95611616376bbeed?s=96&d=mm&r=g\",\"caption\":\"f1000024\"},\"url\":\"https:\\\/\\\/cvinoticias.com\\\/v3\\\/author\\\/f1000024\\\/\"}]}<\/script>\n<!-- \/ Yoast SEO plugin. -->","yoast_head_json":{"title":"El PRO impone, la UCR hace berrinches y una interna interminable que no aporta una sola propuesta. | CVI NOTICIAS","robots":{"index":"index","follow":"follow","max-snippet":"max-snippet:-1","max-image-preview":"max-image-preview:large","max-video-preview":"max-video-preview:-1"},"canonical":"https:\/\/cvinoticias.com\/v3\/el-pro-impone-la-ucr-hace-berrinches-y-una-interna-interminable-que-no-aporta-una-sola-propuesta\/","og_locale":"es_ES","og_type":"article","og_title":"El PRO impone, la UCR hace berrinches y una interna interminable que no aporta una sola propuesta. | CVI NOTICIAS","og_description":"Como cada a\u00f1o previo a las elecciones, la alianza cambiemos vuelve a repetir la historia. No solamente el de las internas interminables y da\u00f1inas, tambi\u00e9n se repiten otra vez los mismos relatos. Finalmente, el PRO impuso la candidatura, como espacio pragm\u00e1tico y de fuerte impronta vertical, eligi\u00f3 a quienes van a encabezar las listas de [&hellip;]","og_url":"https:\/\/cvinoticias.com\/v3\/el-pro-impone-la-ucr-hace-berrinches-y-una-interna-interminable-que-no-aporta-una-sola-propuesta\/","og_site_name":"CVI NOTICIAS","article_publisher":"https:\/\/www.facebook.com\/cvinoticias","article_published_time":"2022-12-01T19:04:00+00:00","og_image":[{"width":768,"height":1280,"url":"https:\/\/cvinoticias.com\/wp-content\/uploads\/2022\/12\/IMG-20221201-WA0011.jpg","type":"image\/jpeg"}],"author":"f1000024","twitter_card":"summary_large_image","twitter_misc":{"Escrito por":"f1000024","Tiempo de lectura":"2 minutos"},"schema":{"@context":"https:\/\/schema.org","@graph":[{"@type":"Article","@id":"https:\/\/cvinoticias.com\/v3\/el-pro-impone-la-ucr-hace-berrinches-y-una-interna-interminable-que-no-aporta-una-sola-propuesta\/#article","isPartOf":{"@id":"https:\/\/cvinoticias.com\/v3\/el-pro-impone-la-ucr-hace-berrinches-y-una-interna-interminable-que-no-aporta-una-sola-propuesta\/"},"author":{"name":"f1000024","@id":"https:\/\/cvinoticias.com\/v3\/#\/schema\/person\/2db77e3c6bc03c538495d7b2b8be9b66"},"headline":"El PRO impone, la UCR hace berrinches y una interna interminable que no aporta una sola propuesta.","datePublished":"2022-12-01T19:04:00+00:00","mainEntityOfPage":{"@id":"https:\/\/cvinoticias.com\/v3\/el-pro-impone-la-ucr-hace-berrinches-y-una-interna-interminable-que-no-aporta-una-sola-propuesta\/"},"wordCount":429,"commentCount":0,"publisher":{"@id":"https:\/\/cvinoticias.com\/v3\/#organization"},"image":{"@id":"https:\/\/cvinoticias.com\/v3\/el-pro-impone-la-ucr-hace-berrinches-y-una-interna-interminable-que-no-aporta-una-sola-propuesta\/#primaryimage"},"thumbnailUrl":"https:\/\/cvinoticias.com\/wp-content\/uploads\/2022\/12\/IMG-20221201-WA0011.jpg","articleSection":["Politica"],"inLanguage":"es","potentialAction":[{"@type":"CommentAction","name":"Comment","target":["https:\/\/cvinoticias.com\/v3\/el-pro-impone-la-ucr-hace-berrinches-y-una-interna-interminable-que-no-aporta-una-sola-propuesta\/#respond"]}]},{"@type":"WebPage","@id":"https:\/\/cvinoticias.com\/v3\/el-pro-impone-la-ucr-hace-berrinches-y-una-interna-interminable-que-no-aporta-una-sola-propuesta\/","url":"https:\/\/cvinoticias.com\/v3\/el-pro-impone-la-ucr-hace-berrinches-y-una-interna-interminable-que-no-aporta-una-sola-propuesta\/","name":"El PRO impone, la UCR hace berrinches y una interna interminable que no aporta una sola propuesta. | CVI NOTICIAS","isPartOf":{"@id":"https:\/\/cvinoticias.com\/v3\/#website"},"primaryImageOfPage":{"@id":"https:\/\/cvinoticias.com\/v3\/el-pro-impone-la-ucr-hace-berrinches-y-una-interna-interminable-que-no-aporta-una-sola-propuesta\/#primaryimage"},"image":{"@id":"https:\/\/cvinoticias.com\/v3\/el-pro-impone-la-ucr-hace-berrinches-y-una-interna-interminable-que-no-aporta-una-sola-propuesta\/#primaryimage"},"thumbnailUrl":"https:\/\/cvinoticias.com\/wp-content\/uploads\/2022\/12\/IMG-20221201-WA0011.jpg","datePublished":"2022-12-01T19:04:00+00:00","breadcrumb":{"@id":"https:\/\/cvinoticias.com\/v3\/el-pro-impone-la-ucr-hace-berrinches-y-una-interna-interminable-que-no-aporta-una-sola-propuesta\/#breadcrumb"},"inLanguage":"es","potentialAction":[{"@type":"ReadAction","target":["https:\/\/cvinoticias.com\/v3\/el-pro-impone-la-ucr-hace-berrinches-y-una-interna-interminable-que-no-aporta-una-sola-propuesta\/"]}]},{"@type":"ImageObject","inLanguage":"es","@id":"https:\/\/cvinoticias.com\/v3\/el-pro-impone-la-ucr-hace-berrinches-y-una-interna-interminable-que-no-aporta-una-sola-propuesta\/#primaryimage","url":"https:\/\/cvinoticias.com\/wp-content\/uploads\/2022\/12\/IMG-20221201-WA0011.jpg","contentUrl":"https:\/\/cvinoticias.com\/wp-content\/uploads\/2022\/12\/IMG-20221201-WA0011.jpg","width":768,"height":1280},{"@type":"BreadcrumbList","@id":"https:\/\/cvinoticias.com\/v3\/el-pro-impone-la-ucr-hace-berrinches-y-una-interna-interminable-que-no-aporta-una-sola-propuesta\/#breadcrumb","itemListElement":[{"@type":"ListItem","position":1,"name":"Portada","item":"https:\/\/cvinoticias.com\/v3\/"},{"@type":"ListItem","position":2,"name":"El PRO impone, la UCR hace berrinches y una interna interminable que no aporta una sola propuesta."}]},{"@type":"WebSite","@id":"https:\/\/cvinoticias.com\/v3\/#website","url":"https:\/\/cvinoticias.com\/v3\/","name":"CVI NOTICIAS","description":"","publisher":{"@id":"https:\/\/cvinoticias.com\/v3\/#organization"},"alternateName":"CVI","potentialAction":[{"@type":"SearchAction","target":{"@type":"EntryPoint","urlTemplate":"https:\/\/cvinoticias.com\/v3\/?s={search_term_string}"},"query-input":{"@type":"PropertyValueSpecification","valueRequired":true,"valueName":"search_term_string"}}],"inLanguage":"es"},{"@type":"Organization","@id":"https:\/\/cvinoticias.com\/v3\/#organization","name":"CVI NOTICIAS","url":"https:\/\/cvinoticias.com\/v3\/","logo":{"@type":"ImageObject","inLanguage":"es","@id":"https:\/\/cvinoticias.com\/v3\/#\/schema\/logo\/image\/","url":"https:\/\/cvinoticias.com\/wp-content\/uploads\/2023\/04\/cropped-cropped-cropped-cropped-cropped-3-1.png","contentUrl":"https:\/\/cvinoticias.com\/wp-content\/uploads\/2023\/04\/cropped-cropped-cropped-cropped-cropped-3-1.png","width":95,"height":122,"caption":"CVI NOTICIAS"},"image":{"@id":"https:\/\/cvinoticias.com\/v3\/#\/schema\/logo\/image\/"},"sameAs":["https:\/\/www.facebook.com\/cvinoticias","https:\/\/www.instagram.com\/cvinoticias\/","https:\/\/www.youtube.com\/@CVINOTICIAS"]},{"@type":"Person","@id":"https:\/\/cvinoticias.com\/v3\/#\/schema\/person\/2db77e3c6bc03c538495d7b2b8be9b66","name":"f1000024","image":{"@type":"ImageObject","inLanguage":"es","@id":"https:\/\/secure.gravatar.com\/avatar\/d4fe7459cfc51ff5129ce1a732bbef5928568b8092d412ef95611616376bbeed?s=96&d=mm&r=g","url":"https:\/\/secure.gravatar.com\/avatar\/d4fe7459cfc51ff5129ce1a732bbef5928568b8092d412ef95611616376bbeed?s=96&d=mm&r=g","contentUrl":"https:\/\/secure.gravatar.com\/avatar\/d4fe7459cfc51ff5129ce1a732bbef5928568b8092d412ef95611616376bbeed?s=96&d=mm&r=g","caption":"f1000024"},"url":"https:\/\/cvinoticias.com\/v3\/author\/f1000024\/"}]}},"_links":{"self":[{"href":"https:\/\/cvinoticias.com\/v3\/wp-json\/wp\/v2\/posts\/20994","targetHints":{"allow":["GET"]}}],"collection":[{"href":"https:\/\/cvinoticias.com\/v3\/wp-json\/wp\/v2\/posts"}],"about":[{"href":"https:\/\/cvinoticias.com\/v3\/wp-json\/wp\/v2\/types\/post"}],"author":[{"embeddable":true,"href":"https:\/\/cvinoticias.com\/v3\/wp-json\/wp\/v2\/users\/2"}],"replies":[{"embeddable":true,"href":"https:\/\/cvinoticias.com\/v3\/wp-json\/wp\/v2\/comments?post=20994"}],"version-history":[{"count":1,"href":"https:\/\/cvinoticias.com\/v3\/wp-json\/wp\/v2\/posts\/20994\/revisions"}],"predecessor-version":[{"id":20996,"href":"https:\/\/cvinoticias.com\/v3\/wp-json\/wp\/v2\/posts\/20994\/revisions\/20996"}],"wp:featuredmedia":[{"embeddable":true,"href":"https:\/\/cvinoticias.com\/v3\/wp-json\/wp\/v2\/media\/20995"}],"wp:attachment":[{"href":"https:\/\/cvinoticias.com\/v3\/wp-json\/wp\/v2\/media?parent=20994"}],"wp:term":[{"taxonomy":"category","embeddable":true,"href":"https:\/\/cvinoticias.com\/v3\/wp-json\/wp\/v2\/categories?post=20994"},{"taxonomy":"post_tag","embeddable":true,"href":"https:\/\/cvinoticias.com\/v3\/wp-json\/wp\/v2\/tags?post=20994"}],"curies":[{"name":"wp","href":"https:\/\/api.w.org\/{rel}","templated":true}]}}