{"id":20877,"date":"2022-11-25T12:26:38","date_gmt":"2022-11-25T12:26:38","guid":{"rendered":"https:\/\/cvinoticias.com\/v3\/?p=20877"},"modified":"2022-11-25T12:26:38","modified_gmt":"2022-11-25T12:26:38","slug":"un-agricultor-murio-aplastado-por-un-tractor-en-san-pedro","status":"publish","type":"post","link":"https:\/\/cvinoticias.com\/v3\/un-agricultor-murio-aplastado-por-un-tractor-en-san-pedro\/","title":{"rendered":"Un agricultor muri\u00f3 aplastado por un tractor en San Pedro"},"content":{"rendered":"\n<p><strong><em>Un hombre identificado como V\u00edctor Fabi\u00e1n Herrera de 35 a\u00f1os, falleci\u00f3 en horas de la tarde de ayer, luego de ser aplastado por su tractor cuando realizaba tareas de agricultura en el Paraje Puerto Argentino II de San Pedro.<\/em><\/strong><\/p>\n\n\n\n<p>La Polic\u00eda tom\u00f3 conocimiento del hecho cerca de las 15 horas e inmediatamente acudi\u00f3 al sitio, donde se constat\u00f3 que el conductor de la m\u00e1quina qued\u00f3 debajo del tractor, sin signos vitales.<\/p>\n\n\n\n<p>En el lugar trabaj\u00f3 la comisar\u00eda local, la Polic\u00eda Cient\u00edfica, que llev\u00f3 a cabo las pericias t\u00e9cnicas y el m\u00e9dico policial que examin\u00f3 el cuerpo estableci\u00f3 que el fallecido presentaba traumatismo y fractura de cr\u00e1neo, de columna, y en el t\u00f3rax.<\/p>\n\n\n\n<p>Por su parte, el Juzgado de Instrucci\u00f3n 1 de San Pedro orden\u00f3 el secuestro de la m\u00e1quina agr\u00edcola y que el cuerpo de la v\u00edctima sea entregado a sus familiares.<\/p>\n","protected":false},"excerpt":{"rendered":"<p>Un hombre identificado como V\u00edctor Fabi\u00e1n Herrera de 35 a\u00f1os, falleci\u00f3 en horas de la tarde de ayer, luego de ser aplastado por su tractor cuando realizaba tareas de agricultura en el Paraje Puerto Argentino II de San Pedro. La Polic\u00eda tom\u00f3 conocimiento del hecho cerca de las 15 horas e inmediatamente acudi\u00f3 al sitio, [&hellip;]<\/p>\n","protected":false},"author":2,"featured_media":20878,"comment_status":"open","ping_status":"open","sticky":false,"template":"","format":"standard","meta":{"footnotes":""},"categories":[41],"tags":[],"class_list":["post-20877","post","type-post","status-publish","format-standard","has-post-thumbnail","hentry","category-policiales"],"yoast_head":"<!-- This site is optimized with the Yoast SEO plugin v27.5 - https:\/\/yoast.com\/product\/yoast-seo-wordpress\/ -->\n<title>Un agricultor muri\u00f3 aplastado por un tractor en San Pedro | CVI NOTICIAS<\/title>\n<meta name=\"robots\" content=\"index, follow, max-snippet:-1, max-image-preview:large, max-video-preview:-1\" \/>\n<link rel=\"canonical\" href=\"https:\/\/cvinoticias.com\/v3\/un-agricultor-murio-aplastado-por-un-tractor-en-san-pedro\/\" \/>\n<meta property=\"og:locale\" content=\"es_ES\" \/>\n<meta property=\"og:type\" content=\"article\" \/>\n<meta property=\"og:title\" content=\"Un agricultor muri\u00f3 aplastado por un tractor en San Pedro | CVI NOTICIAS\" \/>\n<meta property=\"og:description\" content=\"Un hombre identificado como V\u00edctor Fabi\u00e1n Herrera de 35 a\u00f1os, falleci\u00f3 en horas de la tarde de ayer, luego de ser aplastado por su tractor cuando realizaba tareas de agricultura en el Paraje Puerto Argentino II de San Pedro. La Polic\u00eda tom\u00f3 conocimiento del hecho cerca de las 15 horas e inmediatamente acudi\u00f3 al sitio, [&hellip;]\" \/>\n<meta property=\"og:url\" content=\"https:\/\/cvinoticias.com\/v3\/un-agricultor-murio-aplastado-por-un-tractor-en-san-pedro\/\" \/>\n<meta property=\"og:site_name\" content=\"CVI NOTICIAS\" \/>\n<meta property=\"article:publisher\" content=\"https:\/\/www.facebook.com\/cvinoticias\" \/>\n<meta property=\"article:published_time\" content=\"2022-11-25T12:26:38+00:00\" \/>\n<meta property=\"og:image\" content=\"https:\/\/cvinoticias.com\/wp-content\/uploads\/2022\/11\/IMG-20221125-WA0014.jpg\" \/>\n\t<meta property=\"og:image:width\" content=\"1600\" \/>\n\t<meta property=\"og:image:height\" content=\"1200\" \/>\n\t<meta property=\"og:image:type\" content=\"image\/jpeg\" \/>\n<meta name=\"author\" content=\"f1000024\" \/>\n<meta name=\"twitter:card\" content=\"summary_large_image\" \/>\n<meta name=\"twitter:label1\" content=\"Escrito por\" \/>\n\t<meta name=\"twitter:data1\" content=\"f1000024\" \/>\n\t<meta name=\"twitter:label2\" content=\"Tiempo de lectura\" \/>\n\t<meta name=\"twitter:data2\" content=\"1 minuto\" \/>\n<script type=\"application\/ld+json\" class=\"yoast-schema-graph\">{\"@context\":\"https:\\\/\\\/schema.org\",\"@graph\":[{\"@type\":\"Article\",\"@id\":\"https:\\\/\\\/cvinoticias.com\\\/v3\\\/un-agricultor-murio-aplastado-por-un-tractor-en-san-pedro\\\/#article\",\"isPartOf\":{\"@id\":\"https:\\\/\\\/cvinoticias.com\\\/v3\\\/un-agricultor-murio-aplastado-por-un-tractor-en-san-pedro\\\/\"},\"author\":{\"name\":\"f1000024\",\"@id\":\"https:\\\/\\\/cvinoticias.com\\\/v3\\\/#\\\/schema\\\/person\\\/2db77e3c6bc03c538495d7b2b8be9b66\"},\"headline\":\"Un agricultor muri\u00f3 aplastado por un tractor en San Pedro\",\"datePublished\":\"2022-11-25T12:26:38+00:00\",\"mainEntityOfPage\":{\"@id\":\"https:\\\/\\\/cvinoticias.com\\\/v3\\\/un-agricultor-murio-aplastado-por-un-tractor-en-san-pedro\\\/\"},\"wordCount\":165,\"commentCount\":0,\"publisher\":{\"@id\":\"https:\\\/\\\/cvinoticias.com\\\/v3\\\/#organization\"},\"image\":{\"@id\":\"https:\\\/\\\/cvinoticias.com\\\/v3\\\/un-agricultor-murio-aplastado-por-un-tractor-en-san-pedro\\\/#primaryimage\"},\"thumbnailUrl\":\"https:\\\/\\\/cvinoticias.com\\\/wp-content\\\/uploads\\\/2022\\\/11\\\/IMG-20221125-WA0014.jpg\",\"articleSection\":[\"Policiales\"],\"inLanguage\":\"es\",\"potentialAction\":[{\"@type\":\"CommentAction\",\"name\":\"Comment\",\"target\":[\"https:\\\/\\\/cvinoticias.com\\\/v3\\\/un-agricultor-murio-aplastado-por-un-tractor-en-san-pedro\\\/#respond\"]}]},{\"@type\":\"WebPage\",\"@id\":\"https:\\\/\\\/cvinoticias.com\\\/v3\\\/un-agricultor-murio-aplastado-por-un-tractor-en-san-pedro\\\/\",\"url\":\"https:\\\/\\\/cvinoticias.com\\\/v3\\\/un-agricultor-murio-aplastado-por-un-tractor-en-san-pedro\\\/\",\"name\":\"Un agricultor muri\u00f3 aplastado por un tractor en San Pedro | CVI NOTICIAS\",\"isPartOf\":{\"@id\":\"https:\\\/\\\/cvinoticias.com\\\/v3\\\/#website\"},\"primaryImageOfPage\":{\"@id\":\"https:\\\/\\\/cvinoticias.com\\\/v3\\\/un-agricultor-murio-aplastado-por-un-tractor-en-san-pedro\\\/#primaryimage\"},\"image\":{\"@id\":\"https:\\\/\\\/cvinoticias.com\\\/v3\\\/un-agricultor-murio-aplastado-por-un-tractor-en-san-pedro\\\/#primaryimage\"},\"thumbnailUrl\":\"https:\\\/\\\/cvinoticias.com\\\/wp-content\\\/uploads\\\/2022\\\/11\\\/IMG-20221125-WA0014.jpg\",\"datePublished\":\"2022-11-25T12:26:38+00:00\",\"breadcrumb\":{\"@id\":\"https:\\\/\\\/cvinoticias.com\\\/v3\\\/un-agricultor-murio-aplastado-por-un-tractor-en-san-pedro\\\/#breadcrumb\"},\"inLanguage\":\"es\",\"potentialAction\":[{\"@type\":\"ReadAction\",\"target\":[\"https:\\\/\\\/cvinoticias.com\\\/v3\\\/un-agricultor-murio-aplastado-por-un-tractor-en-san-pedro\\\/\"]}]},{\"@type\":\"ImageObject\",\"inLanguage\":\"es\",\"@id\":\"https:\\\/\\\/cvinoticias.com\\\/v3\\\/un-agricultor-murio-aplastado-por-un-tractor-en-san-pedro\\\/#primaryimage\",\"url\":\"https:\\\/\\\/cvinoticias.com\\\/wp-content\\\/uploads\\\/2022\\\/11\\\/IMG-20221125-WA0014.jpg\",\"contentUrl\":\"https:\\\/\\\/cvinoticias.com\\\/wp-content\\\/uploads\\\/2022\\\/11\\\/IMG-20221125-WA0014.jpg\",\"width\":1600,\"height\":1200},{\"@type\":\"BreadcrumbList\",\"@id\":\"https:\\\/\\\/cvinoticias.com\\\/v3\\\/un-agricultor-murio-aplastado-por-un-tractor-en-san-pedro\\\/#breadcrumb\",\"itemListElement\":[{\"@type\":\"ListItem\",\"position\":1,\"name\":\"Portada\",\"item\":\"https:\\\/\\\/cvinoticias.com\\\/v3\\\/\"},{\"@type\":\"ListItem\",\"position\":2,\"name\":\"Un agricultor muri\u00f3 aplastado por un tractor en San Pedro\"}]},{\"@type\":\"WebSite\",\"@id\":\"https:\\\/\\\/cvinoticias.com\\\/v3\\\/#website\",\"url\":\"https:\\\/\\\/cvinoticias.com\\\/v3\\\/\",\"name\":\"CVI NOTICIAS\",\"description\":\"\",\"publisher\":{\"@id\":\"https:\\\/\\\/cvinoticias.com\\\/v3\\\/#organization\"},\"alternateName\":\"CVI\",\"potentialAction\":[{\"@type\":\"SearchAction\",\"target\":{\"@type\":\"EntryPoint\",\"urlTemplate\":\"https:\\\/\\\/cvinoticias.com\\\/v3\\\/?s={search_term_string}\"},\"query-input\":{\"@type\":\"PropertyValueSpecification\",\"valueRequired\":true,\"valueName\":\"search_term_string\"}}],\"inLanguage\":\"es\"},{\"@type\":\"Organization\",\"@id\":\"https:\\\/\\\/cvinoticias.com\\\/v3\\\/#organization\",\"name\":\"CVI NOTICIAS\",\"url\":\"https:\\\/\\\/cvinoticias.com\\\/v3\\\/\",\"logo\":{\"@type\":\"ImageObject\",\"inLanguage\":\"es\",\"@id\":\"https:\\\/\\\/cvinoticias.com\\\/v3\\\/#\\\/schema\\\/logo\\\/image\\\/\",\"url\":\"https:\\\/\\\/cvinoticias.com\\\/wp-content\\\/uploads\\\/2023\\\/04\\\/cropped-cropped-cropped-cropped-cropped-3-1.png\",\"contentUrl\":\"https:\\\/\\\/cvinoticias.com\\\/wp-content\\\/uploads\\\/2023\\\/04\\\/cropped-cropped-cropped-cropped-cropped-3-1.png\",\"width\":95,\"height\":122,\"caption\":\"CVI NOTICIAS\"},\"image\":{\"@id\":\"https:\\\/\\\/cvinoticias.com\\\/v3\\\/#\\\/schema\\\/logo\\\/image\\\/\"},\"sameAs\":[\"https:\\\/\\\/www.facebook.com\\\/cvinoticias\",\"https:\\\/\\\/www.instagram.com\\\/cvinoticias\\\/\",\"https:\\\/\\\/www.youtube.com\\\/@CVINOTICIAS\"]},{\"@type\":\"Person\",\"@id\":\"https:\\\/\\\/cvinoticias.com\\\/v3\\\/#\\\/schema\\\/person\\\/2db77e3c6bc03c538495d7b2b8be9b66\",\"name\":\"f1000024\",\"image\":{\"@type\":\"ImageObject\",\"inLanguage\":\"es\",\"@id\":\"https:\\\/\\\/secure.gravatar.com\\\/avatar\\\/d4fe7459cfc51ff5129ce1a732bbef5928568b8092d412ef95611616376bbeed?s=96&d=mm&r=g\",\"url\":\"https:\\\/\\\/secure.gravatar.com\\\/avatar\\\/d4fe7459cfc51ff5129ce1a732bbef5928568b8092d412ef95611616376bbeed?s=96&d=mm&r=g\",\"contentUrl\":\"https:\\\/\\\/secure.gravatar.com\\\/avatar\\\/d4fe7459cfc51ff5129ce1a732bbef5928568b8092d412ef95611616376bbeed?s=96&d=mm&r=g\",\"caption\":\"f1000024\"},\"url\":\"https:\\\/\\\/cvinoticias.com\\\/v3\\\/author\\\/f1000024\\\/\"}]}<\/script>\n<!-- \/ Yoast SEO plugin. -->","yoast_head_json":{"title":"Un agricultor muri\u00f3 aplastado por un tractor en San Pedro | CVI NOTICIAS","robots":{"index":"index","follow":"follow","max-snippet":"max-snippet:-1","max-image-preview":"max-image-preview:large","max-video-preview":"max-video-preview:-1"},"canonical":"https:\/\/cvinoticias.com\/v3\/un-agricultor-murio-aplastado-por-un-tractor-en-san-pedro\/","og_locale":"es_ES","og_type":"article","og_title":"Un agricultor muri\u00f3 aplastado por un tractor en San Pedro | CVI NOTICIAS","og_description":"Un hombre identificado como V\u00edctor Fabi\u00e1n Herrera de 35 a\u00f1os, falleci\u00f3 en horas de la tarde de ayer, luego de ser aplastado por su tractor cuando realizaba tareas de agricultura en el Paraje Puerto Argentino II de San Pedro. La Polic\u00eda tom\u00f3 conocimiento del hecho cerca de las 15 horas e inmediatamente acudi\u00f3 al sitio, [&hellip;]","og_url":"https:\/\/cvinoticias.com\/v3\/un-agricultor-murio-aplastado-por-un-tractor-en-san-pedro\/","og_site_name":"CVI NOTICIAS","article_publisher":"https:\/\/www.facebook.com\/cvinoticias","article_published_time":"2022-11-25T12:26:38+00:00","og_image":[{"width":1600,"height":1200,"url":"https:\/\/cvinoticias.com\/wp-content\/uploads\/2022\/11\/IMG-20221125-WA0014.jpg","type":"image\/jpeg"}],"author":"f1000024","twitter_card":"summary_large_image","twitter_misc":{"Escrito por":"f1000024","Tiempo de lectura":"1 minuto"},"schema":{"@context":"https:\/\/schema.org","@graph":[{"@type":"Article","@id":"https:\/\/cvinoticias.com\/v3\/un-agricultor-murio-aplastado-por-un-tractor-en-san-pedro\/#article","isPartOf":{"@id":"https:\/\/cvinoticias.com\/v3\/un-agricultor-murio-aplastado-por-un-tractor-en-san-pedro\/"},"author":{"name":"f1000024","@id":"https:\/\/cvinoticias.com\/v3\/#\/schema\/person\/2db77e3c6bc03c538495d7b2b8be9b66"},"headline":"Un agricultor muri\u00f3 aplastado por un tractor en San Pedro","datePublished":"2022-11-25T12:26:38+00:00","mainEntityOfPage":{"@id":"https:\/\/cvinoticias.com\/v3\/un-agricultor-murio-aplastado-por-un-tractor-en-san-pedro\/"},"wordCount":165,"commentCount":0,"publisher":{"@id":"https:\/\/cvinoticias.com\/v3\/#organization"},"image":{"@id":"https:\/\/cvinoticias.com\/v3\/un-agricultor-murio-aplastado-por-un-tractor-en-san-pedro\/#primaryimage"},"thumbnailUrl":"https:\/\/cvinoticias.com\/wp-content\/uploads\/2022\/11\/IMG-20221125-WA0014.jpg","articleSection":["Policiales"],"inLanguage":"es","potentialAction":[{"@type":"CommentAction","name":"Comment","target":["https:\/\/cvinoticias.com\/v3\/un-agricultor-murio-aplastado-por-un-tractor-en-san-pedro\/#respond"]}]},{"@type":"WebPage","@id":"https:\/\/cvinoticias.com\/v3\/un-agricultor-murio-aplastado-por-un-tractor-en-san-pedro\/","url":"https:\/\/cvinoticias.com\/v3\/un-agricultor-murio-aplastado-por-un-tractor-en-san-pedro\/","name":"Un agricultor muri\u00f3 aplastado por un tractor en San Pedro | CVI NOTICIAS","isPartOf":{"@id":"https:\/\/cvinoticias.com\/v3\/#website"},"primaryImageOfPage":{"@id":"https:\/\/cvinoticias.com\/v3\/un-agricultor-murio-aplastado-por-un-tractor-en-san-pedro\/#primaryimage"},"image":{"@id":"https:\/\/cvinoticias.com\/v3\/un-agricultor-murio-aplastado-por-un-tractor-en-san-pedro\/#primaryimage"},"thumbnailUrl":"https:\/\/cvinoticias.com\/wp-content\/uploads\/2022\/11\/IMG-20221125-WA0014.jpg","datePublished":"2022-11-25T12:26:38+00:00","breadcrumb":{"@id":"https:\/\/cvinoticias.com\/v3\/un-agricultor-murio-aplastado-por-un-tractor-en-san-pedro\/#breadcrumb"},"inLanguage":"es","potentialAction":[{"@type":"ReadAction","target":["https:\/\/cvinoticias.com\/v3\/un-agricultor-murio-aplastado-por-un-tractor-en-san-pedro\/"]}]},{"@type":"ImageObject","inLanguage":"es","@id":"https:\/\/cvinoticias.com\/v3\/un-agricultor-murio-aplastado-por-un-tractor-en-san-pedro\/#primaryimage","url":"https:\/\/cvinoticias.com\/wp-content\/uploads\/2022\/11\/IMG-20221125-WA0014.jpg","contentUrl":"https:\/\/cvinoticias.com\/wp-content\/uploads\/2022\/11\/IMG-20221125-WA0014.jpg","width":1600,"height":1200},{"@type":"BreadcrumbList","@id":"https:\/\/cvinoticias.com\/v3\/un-agricultor-murio-aplastado-por-un-tractor-en-san-pedro\/#breadcrumb","itemListElement":[{"@type":"ListItem","position":1,"name":"Portada","item":"https:\/\/cvinoticias.com\/v3\/"},{"@type":"ListItem","position":2,"name":"Un agricultor muri\u00f3 aplastado por un tractor en San Pedro"}]},{"@type":"WebSite","@id":"https:\/\/cvinoticias.com\/v3\/#website","url":"https:\/\/cvinoticias.com\/v3\/","name":"CVI NOTICIAS","description":"","publisher":{"@id":"https:\/\/cvinoticias.com\/v3\/#organization"},"alternateName":"CVI","potentialAction":[{"@type":"SearchAction","target":{"@type":"EntryPoint","urlTemplate":"https:\/\/cvinoticias.com\/v3\/?s={search_term_string}"},"query-input":{"@type":"PropertyValueSpecification","valueRequired":true,"valueName":"search_term_string"}}],"inLanguage":"es"},{"@type":"Organization","@id":"https:\/\/cvinoticias.com\/v3\/#organization","name":"CVI NOTICIAS","url":"https:\/\/cvinoticias.com\/v3\/","logo":{"@type":"ImageObject","inLanguage":"es","@id":"https:\/\/cvinoticias.com\/v3\/#\/schema\/logo\/image\/","url":"https:\/\/cvinoticias.com\/wp-content\/uploads\/2023\/04\/cropped-cropped-cropped-cropped-cropped-3-1.png","contentUrl":"https:\/\/cvinoticias.com\/wp-content\/uploads\/2023\/04\/cropped-cropped-cropped-cropped-cropped-3-1.png","width":95,"height":122,"caption":"CVI NOTICIAS"},"image":{"@id":"https:\/\/cvinoticias.com\/v3\/#\/schema\/logo\/image\/"},"sameAs":["https:\/\/www.facebook.com\/cvinoticias","https:\/\/www.instagram.com\/cvinoticias\/","https:\/\/www.youtube.com\/@CVINOTICIAS"]},{"@type":"Person","@id":"https:\/\/cvinoticias.com\/v3\/#\/schema\/person\/2db77e3c6bc03c538495d7b2b8be9b66","name":"f1000024","image":{"@type":"ImageObject","inLanguage":"es","@id":"https:\/\/secure.gravatar.com\/avatar\/d4fe7459cfc51ff5129ce1a732bbef5928568b8092d412ef95611616376bbeed?s=96&d=mm&r=g","url":"https:\/\/secure.gravatar.com\/avatar\/d4fe7459cfc51ff5129ce1a732bbef5928568b8092d412ef95611616376bbeed?s=96&d=mm&r=g","contentUrl":"https:\/\/secure.gravatar.com\/avatar\/d4fe7459cfc51ff5129ce1a732bbef5928568b8092d412ef95611616376bbeed?s=96&d=mm&r=g","caption":"f1000024"},"url":"https:\/\/cvinoticias.com\/v3\/author\/f1000024\/"}]}},"_links":{"self":[{"href":"https:\/\/cvinoticias.com\/v3\/wp-json\/wp\/v2\/posts\/20877","targetHints":{"allow":["GET"]}}],"collection":[{"href":"https:\/\/cvinoticias.com\/v3\/wp-json\/wp\/v2\/posts"}],"about":[{"href":"https:\/\/cvinoticias.com\/v3\/wp-json\/wp\/v2\/types\/post"}],"author":[{"embeddable":true,"href":"https:\/\/cvinoticias.com\/v3\/wp-json\/wp\/v2\/users\/2"}],"replies":[{"embeddable":true,"href":"https:\/\/cvinoticias.com\/v3\/wp-json\/wp\/v2\/comments?post=20877"}],"version-history":[{"count":1,"href":"https:\/\/cvinoticias.com\/v3\/wp-json\/wp\/v2\/posts\/20877\/revisions"}],"predecessor-version":[{"id":20879,"href":"https:\/\/cvinoticias.com\/v3\/wp-json\/wp\/v2\/posts\/20877\/revisions\/20879"}],"wp:featuredmedia":[{"embeddable":true,"href":"https:\/\/cvinoticias.com\/v3\/wp-json\/wp\/v2\/media\/20878"}],"wp:attachment":[{"href":"https:\/\/cvinoticias.com\/v3\/wp-json\/wp\/v2\/media?parent=20877"}],"wp:term":[{"taxonomy":"category","embeddable":true,"href":"https:\/\/cvinoticias.com\/v3\/wp-json\/wp\/v2\/categories?post=20877"},{"taxonomy":"post_tag","embeddable":true,"href":"https:\/\/cvinoticias.com\/v3\/wp-json\/wp\/v2\/tags?post=20877"}],"curies":[{"name":"wp","href":"https:\/\/api.w.org\/{rel}","templated":true}]}}