{"id":20855,"date":"2022-11-24T03:53:00","date_gmt":"2022-11-24T03:53:00","guid":{"rendered":"https:\/\/cvinoticias.com\/v3\/?p=20855"},"modified":"2022-11-24T03:53:00","modified_gmt":"2022-11-24T03:53:00","slug":"anunciaron-la-puesta-en-marcha-de-la-fabrica-de-dni-y-pasaportes-para-el-norte-grande","status":"publish","type":"post","link":"https:\/\/cvinoticias.com\/v3\/anunciaron-la-puesta-en-marcha-de-la-fabrica-de-dni-y-pasaportes-para-el-norte-grande\/","title":{"rendered":"Anunciaron la puesta en marcha de la f\u00e1brica de DNI y Pasaportes para el Norte Grande"},"content":{"rendered":"\n<p><strong><em>Wado de Pedro y Juan Manzur encabezaron la Asamblea en la provincia de Corrientes.<\/em><\/strong><\/p>\n\n\n\n<p>El ministro del Interior, Wado de Pedro, particip\u00f3 hoy junto al jefe de Gabinete, Juan Manzur, de la 15\u00b0 Asamblea del Consejo Regional del Norte Grande desarrollada en Corrientes donde, junto a los 10 gobernadores que integran la regi\u00f3n, celebraron la decisi\u00f3n de descentralizar por primera vez la producci\u00f3n y distribuci\u00f3n de DNI y pasaportes con nuevas f\u00e1bricas en el Norte Grande.<\/p>\n\n\n\n<p>Sostenido las ideas de descentralizaci\u00f3n y federalismo se incorporar\u00e1n nuevas f\u00e1bricas en Chaco y Tucum\u00e1n. \u201cSeguimos avanzado con pol\u00edticas de descentralizaci\u00f3n, para tratar de resolver esos desequilibrios y esas peque\u00f1as injusticias, esas peque\u00f1as diferencias\u201d, indic\u00f3 el ministro del Interior y resalt\u00f3 que \u201cesta descentralizaci\u00f3n permitir\u00e1 mejorar los plazos de entrega de documentos en el interior del pa\u00eds, terminando con el desequilibrio entre el plazo de lo que recibe un argentino de la Ciudad de Buenos Aires y un argentino del resto del pa\u00eds.\u201d<\/p>\n\n\n\n<p>Del encuentro participaron tambi\u00e9n los gobernadores de Santiago del Estero, Gerardo Zamora; de Chaco, Jorge Capitanich; de Catamarca, Ra\u00fal Jalil; de Corrientes, Gustavo Vald\u00e9s; de Formosa, Gildo Insfr\u00e1n; de Jujuy, Gerardo Morales; de Salta, Gustavo S\u00e1enz; de Tucum\u00e1n, Osvaldo Jaldo; de La Rioja, Ricardo Quintela; de Misiones, Oscar Herrera Ahuad; el ministro de Desarrollo Territorial y H\u00e1bitat, Santiago Maggiotti, el ministro de Obras P\u00fablicas, Gabriel Katopodis; la ministra de Desarrollo Social, Victoria Tolosa Paz; el secretario de Provincias del Ministerio del Interior, Bruno Ruggeri; la subsecretar\u00eda de Pol\u00edticas para el Desarrollo con Equidad Regional del Ministerio del Interior, Paula Espa\u00f1ol y el secretario general del Consejo Federal de Inversiones, Ignacio Lamothe.<\/p>\n\n\n\n<p>Durante la reuni\u00f3n los mandatarios tambi\u00e9n repasaron los avances realizados junto al Banco Mundial en el dise\u00f1o de un programa de financiamiento a largo plazo para las m\u00e1s de 800 obras de la regi\u00f3n del Norte Grande relevadas en el Plan de Desarrollo Federal. \u201cDesde el Banco Mundial manifestaron las intenciones de acompa\u00f1ar a la regi\u00f3n del Norte Grande, en un plan plurianual de asistencia t\u00e9cnica y financiera para esta zona\u201d, indic\u00f3 el ministro del Interior al tiempo que celebr\u00f3 que\u201d todas esas gestiones, esas giras todas tuvieron su hecho posterior y todas tuvieron y tiene una realidad concreta que se va a terminar de definir el pr\u00f3ximo a\u00f1o\u201d.<\/p>\n\n\n\n<p>\u201cEn el Norte Grande podemos dar el ejemplo de que los dirigentes nos podemos poner de acuerdo en cu\u00e1les son las necesidades b\u00e1sicas. Ac\u00e1 tenemos dirigentes de distintas fuerzas pol\u00edticas y seguimos priorizando cu\u00e1les son las necesidades b\u00e1sicas, cu\u00e1les son las pol\u00edticas que tenemos que resolver para generar felicidad\u201d, ponder\u00f3 de Pedro.<\/p>\n\n\n\n<p>Adem\u00e1s, en el encuentro se abord\u00f3 la agenda establecida por la asamblea de Gobernadores que incluye el seguimiento de los temas de transporte, energ\u00eda y Corredor Bioc\u00e9anico, los avances de la Agencia de Comercio Exterior e Inversiones de la regi\u00f3n, el balance de la misi\u00f3n a la Rep\u00fablica \u00c1rabe de Egipto y el proyecto Federal para la Industria Audiovisual, entre otros temas.<\/p>\n\n\n\n<p>El Consejo Regional del Norte Grande est\u00e1 compuesto por gobernadores de 10 provincias de distintos espacios pol\u00edticos, y persigue -entre otros objetivos &#8211; impulsar el desarrollo regional estrat\u00e9gico, as\u00ed como corregir asimetr\u00edas estructurales que poseen los distritos de esa regi\u00f3n del pa\u00eds, priorizando temas como la infraestructura y log\u00edstica integrada, redes viales, conectividad e implementaci\u00f3n de tarifas energ\u00e9ticas diferenciadas.<\/p>\n","protected":false},"excerpt":{"rendered":"<p>Wado de Pedro y Juan Manzur encabezaron la Asamblea en la provincia de Corrientes. El ministro del Interior, Wado de Pedro, particip\u00f3 hoy junto al jefe de Gabinete, Juan Manzur, de la 15\u00b0 Asamblea del Consejo Regional del Norte Grande desarrollada en Corrientes donde, junto a los 10 gobernadores que integran la regi\u00f3n, celebraron la [&hellip;]<\/p>\n","protected":false},"author":2,"featured_media":20856,"comment_status":"open","ping_status":"open","sticky":false,"template":"","format":"standard","meta":{"footnotes":""},"categories":[42],"tags":[],"class_list":["post-20855","post","type-post","status-publish","format-standard","has-post-thumbnail","hentry","category-politica"],"yoast_head":"<!-- This site is optimized with the Yoast SEO plugin v27.5 - https:\/\/yoast.com\/product\/yoast-seo-wordpress\/ -->\n<title>Anunciaron la puesta en marcha de la f\u00e1brica de DNI y Pasaportes para el Norte Grande | CVI NOTICIAS<\/title>\n<meta name=\"robots\" content=\"index, follow, max-snippet:-1, max-image-preview:large, max-video-preview:-1\" \/>\n<link rel=\"canonical\" href=\"https:\/\/cvinoticias.com\/v3\/anunciaron-la-puesta-en-marcha-de-la-fabrica-de-dni-y-pasaportes-para-el-norte-grande\/\" \/>\n<meta property=\"og:locale\" content=\"es_ES\" \/>\n<meta property=\"og:type\" content=\"article\" \/>\n<meta property=\"og:title\" content=\"Anunciaron la puesta en marcha de la f\u00e1brica de DNI y Pasaportes para el Norte Grande | CVI NOTICIAS\" \/>\n<meta property=\"og:description\" content=\"Wado de Pedro y Juan Manzur encabezaron la Asamblea en la provincia de Corrientes. El ministro del Interior, Wado de Pedro, particip\u00f3 hoy junto al jefe de Gabinete, Juan Manzur, de la 15\u00b0 Asamblea del Consejo Regional del Norte Grande desarrollada en Corrientes donde, junto a los 10 gobernadores que integran la regi\u00f3n, celebraron la [&hellip;]\" \/>\n<meta property=\"og:url\" content=\"https:\/\/cvinoticias.com\/v3\/anunciaron-la-puesta-en-marcha-de-la-fabrica-de-dni-y-pasaportes-para-el-norte-grande\/\" \/>\n<meta property=\"og:site_name\" content=\"CVI NOTICIAS\" \/>\n<meta property=\"article:publisher\" content=\"https:\/\/www.facebook.com\/cvinoticias\" \/>\n<meta property=\"article:published_time\" content=\"2022-11-24T03:53:00+00:00\" \/>\n<meta property=\"og:image\" content=\"https:\/\/cvinoticias.com\/wp-content\/uploads\/2022\/11\/0000120504.jpg\" \/>\n\t<meta property=\"og:image:width\" content=\"1500\" \/>\n\t<meta property=\"og:image:height\" content=\"870\" \/>\n\t<meta property=\"og:image:type\" content=\"image\/jpeg\" \/>\n<meta name=\"author\" content=\"f1000024\" \/>\n<meta name=\"twitter:card\" content=\"summary_large_image\" \/>\n<meta name=\"twitter:label1\" content=\"Escrito por\" \/>\n\t<meta name=\"twitter:data1\" content=\"f1000024\" \/>\n\t<meta name=\"twitter:label2\" content=\"Tiempo de lectura\" \/>\n\t<meta name=\"twitter:data2\" content=\"3 minutos\" \/>\n<script type=\"application\/ld+json\" class=\"yoast-schema-graph\">{\"@context\":\"https:\\\/\\\/schema.org\",\"@graph\":[{\"@type\":\"Article\",\"@id\":\"https:\\\/\\\/cvinoticias.com\\\/v3\\\/anunciaron-la-puesta-en-marcha-de-la-fabrica-de-dni-y-pasaportes-para-el-norte-grande\\\/#article\",\"isPartOf\":{\"@id\":\"https:\\\/\\\/cvinoticias.com\\\/v3\\\/anunciaron-la-puesta-en-marcha-de-la-fabrica-de-dni-y-pasaportes-para-el-norte-grande\\\/\"},\"author\":{\"name\":\"f1000024\",\"@id\":\"https:\\\/\\\/cvinoticias.com\\\/v3\\\/#\\\/schema\\\/person\\\/2db77e3c6bc03c538495d7b2b8be9b66\"},\"headline\":\"Anunciaron la puesta en marcha de la f\u00e1brica de DNI y Pasaportes para el Norte Grande\",\"datePublished\":\"2022-11-24T03:53:00+00:00\",\"mainEntityOfPage\":{\"@id\":\"https:\\\/\\\/cvinoticias.com\\\/v3\\\/anunciaron-la-puesta-en-marcha-de-la-fabrica-de-dni-y-pasaportes-para-el-norte-grande\\\/\"},\"wordCount\":623,\"commentCount\":0,\"publisher\":{\"@id\":\"https:\\\/\\\/cvinoticias.com\\\/v3\\\/#organization\"},\"image\":{\"@id\":\"https:\\\/\\\/cvinoticias.com\\\/v3\\\/anunciaron-la-puesta-en-marcha-de-la-fabrica-de-dni-y-pasaportes-para-el-norte-grande\\\/#primaryimage\"},\"thumbnailUrl\":\"https:\\\/\\\/cvinoticias.com\\\/wp-content\\\/uploads\\\/2022\\\/11\\\/0000120504.jpg\",\"articleSection\":[\"Politica\"],\"inLanguage\":\"es\",\"potentialAction\":[{\"@type\":\"CommentAction\",\"name\":\"Comment\",\"target\":[\"https:\\\/\\\/cvinoticias.com\\\/v3\\\/anunciaron-la-puesta-en-marcha-de-la-fabrica-de-dni-y-pasaportes-para-el-norte-grande\\\/#respond\"]}]},{\"@type\":\"WebPage\",\"@id\":\"https:\\\/\\\/cvinoticias.com\\\/v3\\\/anunciaron-la-puesta-en-marcha-de-la-fabrica-de-dni-y-pasaportes-para-el-norte-grande\\\/\",\"url\":\"https:\\\/\\\/cvinoticias.com\\\/v3\\\/anunciaron-la-puesta-en-marcha-de-la-fabrica-de-dni-y-pasaportes-para-el-norte-grande\\\/\",\"name\":\"Anunciaron la puesta en marcha de la f\u00e1brica de DNI y Pasaportes para el Norte Grande | CVI NOTICIAS\",\"isPartOf\":{\"@id\":\"https:\\\/\\\/cvinoticias.com\\\/v3\\\/#website\"},\"primaryImageOfPage\":{\"@id\":\"https:\\\/\\\/cvinoticias.com\\\/v3\\\/anunciaron-la-puesta-en-marcha-de-la-fabrica-de-dni-y-pasaportes-para-el-norte-grande\\\/#primaryimage\"},\"image\":{\"@id\":\"https:\\\/\\\/cvinoticias.com\\\/v3\\\/anunciaron-la-puesta-en-marcha-de-la-fabrica-de-dni-y-pasaportes-para-el-norte-grande\\\/#primaryimage\"},\"thumbnailUrl\":\"https:\\\/\\\/cvinoticias.com\\\/wp-content\\\/uploads\\\/2022\\\/11\\\/0000120504.jpg\",\"datePublished\":\"2022-11-24T03:53:00+00:00\",\"breadcrumb\":{\"@id\":\"https:\\\/\\\/cvinoticias.com\\\/v3\\\/anunciaron-la-puesta-en-marcha-de-la-fabrica-de-dni-y-pasaportes-para-el-norte-grande\\\/#breadcrumb\"},\"inLanguage\":\"es\",\"potentialAction\":[{\"@type\":\"ReadAction\",\"target\":[\"https:\\\/\\\/cvinoticias.com\\\/v3\\\/anunciaron-la-puesta-en-marcha-de-la-fabrica-de-dni-y-pasaportes-para-el-norte-grande\\\/\"]}]},{\"@type\":\"ImageObject\",\"inLanguage\":\"es\",\"@id\":\"https:\\\/\\\/cvinoticias.com\\\/v3\\\/anunciaron-la-puesta-en-marcha-de-la-fabrica-de-dni-y-pasaportes-para-el-norte-grande\\\/#primaryimage\",\"url\":\"https:\\\/\\\/cvinoticias.com\\\/wp-content\\\/uploads\\\/2022\\\/11\\\/0000120504.jpg\",\"contentUrl\":\"https:\\\/\\\/cvinoticias.com\\\/wp-content\\\/uploads\\\/2022\\\/11\\\/0000120504.jpg\",\"width\":1500,\"height\":870},{\"@type\":\"BreadcrumbList\",\"@id\":\"https:\\\/\\\/cvinoticias.com\\\/v3\\\/anunciaron-la-puesta-en-marcha-de-la-fabrica-de-dni-y-pasaportes-para-el-norte-grande\\\/#breadcrumb\",\"itemListElement\":[{\"@type\":\"ListItem\",\"position\":1,\"name\":\"Portada\",\"item\":\"https:\\\/\\\/cvinoticias.com\\\/v3\\\/\"},{\"@type\":\"ListItem\",\"position\":2,\"name\":\"Anunciaron la puesta en marcha de la f\u00e1brica de DNI y Pasaportes para el Norte Grande\"}]},{\"@type\":\"WebSite\",\"@id\":\"https:\\\/\\\/cvinoticias.com\\\/v3\\\/#website\",\"url\":\"https:\\\/\\\/cvinoticias.com\\\/v3\\\/\",\"name\":\"CVI NOTICIAS\",\"description\":\"\",\"publisher\":{\"@id\":\"https:\\\/\\\/cvinoticias.com\\\/v3\\\/#organization\"},\"alternateName\":\"CVI\",\"potentialAction\":[{\"@type\":\"SearchAction\",\"target\":{\"@type\":\"EntryPoint\",\"urlTemplate\":\"https:\\\/\\\/cvinoticias.com\\\/v3\\\/?s={search_term_string}\"},\"query-input\":{\"@type\":\"PropertyValueSpecification\",\"valueRequired\":true,\"valueName\":\"search_term_string\"}}],\"inLanguage\":\"es\"},{\"@type\":\"Organization\",\"@id\":\"https:\\\/\\\/cvinoticias.com\\\/v3\\\/#organization\",\"name\":\"CVI NOTICIAS\",\"url\":\"https:\\\/\\\/cvinoticias.com\\\/v3\\\/\",\"logo\":{\"@type\":\"ImageObject\",\"inLanguage\":\"es\",\"@id\":\"https:\\\/\\\/cvinoticias.com\\\/v3\\\/#\\\/schema\\\/logo\\\/image\\\/\",\"url\":\"https:\\\/\\\/cvinoticias.com\\\/wp-content\\\/uploads\\\/2023\\\/04\\\/cropped-cropped-cropped-cropped-cropped-3-1.png\",\"contentUrl\":\"https:\\\/\\\/cvinoticias.com\\\/wp-content\\\/uploads\\\/2023\\\/04\\\/cropped-cropped-cropped-cropped-cropped-3-1.png\",\"width\":95,\"height\":122,\"caption\":\"CVI NOTICIAS\"},\"image\":{\"@id\":\"https:\\\/\\\/cvinoticias.com\\\/v3\\\/#\\\/schema\\\/logo\\\/image\\\/\"},\"sameAs\":[\"https:\\\/\\\/www.facebook.com\\\/cvinoticias\",\"https:\\\/\\\/www.instagram.com\\\/cvinoticias\\\/\",\"https:\\\/\\\/www.youtube.com\\\/@CVINOTICIAS\"]},{\"@type\":\"Person\",\"@id\":\"https:\\\/\\\/cvinoticias.com\\\/v3\\\/#\\\/schema\\\/person\\\/2db77e3c6bc03c538495d7b2b8be9b66\",\"name\":\"f1000024\",\"image\":{\"@type\":\"ImageObject\",\"inLanguage\":\"es\",\"@id\":\"https:\\\/\\\/secure.gravatar.com\\\/avatar\\\/d4fe7459cfc51ff5129ce1a732bbef5928568b8092d412ef95611616376bbeed?s=96&d=mm&r=g\",\"url\":\"https:\\\/\\\/secure.gravatar.com\\\/avatar\\\/d4fe7459cfc51ff5129ce1a732bbef5928568b8092d412ef95611616376bbeed?s=96&d=mm&r=g\",\"contentUrl\":\"https:\\\/\\\/secure.gravatar.com\\\/avatar\\\/d4fe7459cfc51ff5129ce1a732bbef5928568b8092d412ef95611616376bbeed?s=96&d=mm&r=g\",\"caption\":\"f1000024\"},\"url\":\"https:\\\/\\\/cvinoticias.com\\\/v3\\\/author\\\/f1000024\\\/\"}]}<\/script>\n<!-- \/ Yoast SEO plugin. -->","yoast_head_json":{"title":"Anunciaron la puesta en marcha de la f\u00e1brica de DNI y Pasaportes para el Norte Grande | CVI NOTICIAS","robots":{"index":"index","follow":"follow","max-snippet":"max-snippet:-1","max-image-preview":"max-image-preview:large","max-video-preview":"max-video-preview:-1"},"canonical":"https:\/\/cvinoticias.com\/v3\/anunciaron-la-puesta-en-marcha-de-la-fabrica-de-dni-y-pasaportes-para-el-norte-grande\/","og_locale":"es_ES","og_type":"article","og_title":"Anunciaron la puesta en marcha de la f\u00e1brica de DNI y Pasaportes para el Norte Grande | CVI NOTICIAS","og_description":"Wado de Pedro y Juan Manzur encabezaron la Asamblea en la provincia de Corrientes. El ministro del Interior, Wado de Pedro, particip\u00f3 hoy junto al jefe de Gabinete, Juan Manzur, de la 15\u00b0 Asamblea del Consejo Regional del Norte Grande desarrollada en Corrientes donde, junto a los 10 gobernadores que integran la regi\u00f3n, celebraron la [&hellip;]","og_url":"https:\/\/cvinoticias.com\/v3\/anunciaron-la-puesta-en-marcha-de-la-fabrica-de-dni-y-pasaportes-para-el-norte-grande\/","og_site_name":"CVI NOTICIAS","article_publisher":"https:\/\/www.facebook.com\/cvinoticias","article_published_time":"2022-11-24T03:53:00+00:00","og_image":[{"width":1500,"height":870,"url":"https:\/\/cvinoticias.com\/wp-content\/uploads\/2022\/11\/0000120504.jpg","type":"image\/jpeg"}],"author":"f1000024","twitter_card":"summary_large_image","twitter_misc":{"Escrito por":"f1000024","Tiempo de lectura":"3 minutos"},"schema":{"@context":"https:\/\/schema.org","@graph":[{"@type":"Article","@id":"https:\/\/cvinoticias.com\/v3\/anunciaron-la-puesta-en-marcha-de-la-fabrica-de-dni-y-pasaportes-para-el-norte-grande\/#article","isPartOf":{"@id":"https:\/\/cvinoticias.com\/v3\/anunciaron-la-puesta-en-marcha-de-la-fabrica-de-dni-y-pasaportes-para-el-norte-grande\/"},"author":{"name":"f1000024","@id":"https:\/\/cvinoticias.com\/v3\/#\/schema\/person\/2db77e3c6bc03c538495d7b2b8be9b66"},"headline":"Anunciaron la puesta en marcha de la f\u00e1brica de DNI y Pasaportes para el Norte Grande","datePublished":"2022-11-24T03:53:00+00:00","mainEntityOfPage":{"@id":"https:\/\/cvinoticias.com\/v3\/anunciaron-la-puesta-en-marcha-de-la-fabrica-de-dni-y-pasaportes-para-el-norte-grande\/"},"wordCount":623,"commentCount":0,"publisher":{"@id":"https:\/\/cvinoticias.com\/v3\/#organization"},"image":{"@id":"https:\/\/cvinoticias.com\/v3\/anunciaron-la-puesta-en-marcha-de-la-fabrica-de-dni-y-pasaportes-para-el-norte-grande\/#primaryimage"},"thumbnailUrl":"https:\/\/cvinoticias.com\/wp-content\/uploads\/2022\/11\/0000120504.jpg","articleSection":["Politica"],"inLanguage":"es","potentialAction":[{"@type":"CommentAction","name":"Comment","target":["https:\/\/cvinoticias.com\/v3\/anunciaron-la-puesta-en-marcha-de-la-fabrica-de-dni-y-pasaportes-para-el-norte-grande\/#respond"]}]},{"@type":"WebPage","@id":"https:\/\/cvinoticias.com\/v3\/anunciaron-la-puesta-en-marcha-de-la-fabrica-de-dni-y-pasaportes-para-el-norte-grande\/","url":"https:\/\/cvinoticias.com\/v3\/anunciaron-la-puesta-en-marcha-de-la-fabrica-de-dni-y-pasaportes-para-el-norte-grande\/","name":"Anunciaron la puesta en marcha de la f\u00e1brica de DNI y Pasaportes para el Norte Grande | CVI NOTICIAS","isPartOf":{"@id":"https:\/\/cvinoticias.com\/v3\/#website"},"primaryImageOfPage":{"@id":"https:\/\/cvinoticias.com\/v3\/anunciaron-la-puesta-en-marcha-de-la-fabrica-de-dni-y-pasaportes-para-el-norte-grande\/#primaryimage"},"image":{"@id":"https:\/\/cvinoticias.com\/v3\/anunciaron-la-puesta-en-marcha-de-la-fabrica-de-dni-y-pasaportes-para-el-norte-grande\/#primaryimage"},"thumbnailUrl":"https:\/\/cvinoticias.com\/wp-content\/uploads\/2022\/11\/0000120504.jpg","datePublished":"2022-11-24T03:53:00+00:00","breadcrumb":{"@id":"https:\/\/cvinoticias.com\/v3\/anunciaron-la-puesta-en-marcha-de-la-fabrica-de-dni-y-pasaportes-para-el-norte-grande\/#breadcrumb"},"inLanguage":"es","potentialAction":[{"@type":"ReadAction","target":["https:\/\/cvinoticias.com\/v3\/anunciaron-la-puesta-en-marcha-de-la-fabrica-de-dni-y-pasaportes-para-el-norte-grande\/"]}]},{"@type":"ImageObject","inLanguage":"es","@id":"https:\/\/cvinoticias.com\/v3\/anunciaron-la-puesta-en-marcha-de-la-fabrica-de-dni-y-pasaportes-para-el-norte-grande\/#primaryimage","url":"https:\/\/cvinoticias.com\/wp-content\/uploads\/2022\/11\/0000120504.jpg","contentUrl":"https:\/\/cvinoticias.com\/wp-content\/uploads\/2022\/11\/0000120504.jpg","width":1500,"height":870},{"@type":"BreadcrumbList","@id":"https:\/\/cvinoticias.com\/v3\/anunciaron-la-puesta-en-marcha-de-la-fabrica-de-dni-y-pasaportes-para-el-norte-grande\/#breadcrumb","itemListElement":[{"@type":"ListItem","position":1,"name":"Portada","item":"https:\/\/cvinoticias.com\/v3\/"},{"@type":"ListItem","position":2,"name":"Anunciaron la puesta en marcha de la f\u00e1brica de DNI y Pasaportes para el Norte Grande"}]},{"@type":"WebSite","@id":"https:\/\/cvinoticias.com\/v3\/#website","url":"https:\/\/cvinoticias.com\/v3\/","name":"CVI NOTICIAS","description":"","publisher":{"@id":"https:\/\/cvinoticias.com\/v3\/#organization"},"alternateName":"CVI","potentialAction":[{"@type":"SearchAction","target":{"@type":"EntryPoint","urlTemplate":"https:\/\/cvinoticias.com\/v3\/?s={search_term_string}"},"query-input":{"@type":"PropertyValueSpecification","valueRequired":true,"valueName":"search_term_string"}}],"inLanguage":"es"},{"@type":"Organization","@id":"https:\/\/cvinoticias.com\/v3\/#organization","name":"CVI NOTICIAS","url":"https:\/\/cvinoticias.com\/v3\/","logo":{"@type":"ImageObject","inLanguage":"es","@id":"https:\/\/cvinoticias.com\/v3\/#\/schema\/logo\/image\/","url":"https:\/\/cvinoticias.com\/wp-content\/uploads\/2023\/04\/cropped-cropped-cropped-cropped-cropped-3-1.png","contentUrl":"https:\/\/cvinoticias.com\/wp-content\/uploads\/2023\/04\/cropped-cropped-cropped-cropped-cropped-3-1.png","width":95,"height":122,"caption":"CVI NOTICIAS"},"image":{"@id":"https:\/\/cvinoticias.com\/v3\/#\/schema\/logo\/image\/"},"sameAs":["https:\/\/www.facebook.com\/cvinoticias","https:\/\/www.instagram.com\/cvinoticias\/","https:\/\/www.youtube.com\/@CVINOTICIAS"]},{"@type":"Person","@id":"https:\/\/cvinoticias.com\/v3\/#\/schema\/person\/2db77e3c6bc03c538495d7b2b8be9b66","name":"f1000024","image":{"@type":"ImageObject","inLanguage":"es","@id":"https:\/\/secure.gravatar.com\/avatar\/d4fe7459cfc51ff5129ce1a732bbef5928568b8092d412ef95611616376bbeed?s=96&d=mm&r=g","url":"https:\/\/secure.gravatar.com\/avatar\/d4fe7459cfc51ff5129ce1a732bbef5928568b8092d412ef95611616376bbeed?s=96&d=mm&r=g","contentUrl":"https:\/\/secure.gravatar.com\/avatar\/d4fe7459cfc51ff5129ce1a732bbef5928568b8092d412ef95611616376bbeed?s=96&d=mm&r=g","caption":"f1000024"},"url":"https:\/\/cvinoticias.com\/v3\/author\/f1000024\/"}]}},"_links":{"self":[{"href":"https:\/\/cvinoticias.com\/v3\/wp-json\/wp\/v2\/posts\/20855","targetHints":{"allow":["GET"]}}],"collection":[{"href":"https:\/\/cvinoticias.com\/v3\/wp-json\/wp\/v2\/posts"}],"about":[{"href":"https:\/\/cvinoticias.com\/v3\/wp-json\/wp\/v2\/types\/post"}],"author":[{"embeddable":true,"href":"https:\/\/cvinoticias.com\/v3\/wp-json\/wp\/v2\/users\/2"}],"replies":[{"embeddable":true,"href":"https:\/\/cvinoticias.com\/v3\/wp-json\/wp\/v2\/comments?post=20855"}],"version-history":[{"count":1,"href":"https:\/\/cvinoticias.com\/v3\/wp-json\/wp\/v2\/posts\/20855\/revisions"}],"predecessor-version":[{"id":20857,"href":"https:\/\/cvinoticias.com\/v3\/wp-json\/wp\/v2\/posts\/20855\/revisions\/20857"}],"wp:featuredmedia":[{"embeddable":true,"href":"https:\/\/cvinoticias.com\/v3\/wp-json\/wp\/v2\/media\/20856"}],"wp:attachment":[{"href":"https:\/\/cvinoticias.com\/v3\/wp-json\/wp\/v2\/media?parent=20855"}],"wp:term":[{"taxonomy":"category","embeddable":true,"href":"https:\/\/cvinoticias.com\/v3\/wp-json\/wp\/v2\/categories?post=20855"},{"taxonomy":"post_tag","embeddable":true,"href":"https:\/\/cvinoticias.com\/v3\/wp-json\/wp\/v2\/tags?post=20855"}],"curies":[{"name":"wp","href":"https:\/\/api.w.org\/{rel}","templated":true}]}}