{"id":20814,"date":"2022-11-22T05:41:08","date_gmt":"2022-11-22T05:41:08","guid":{"rendered":"https:\/\/cvinoticias.com\/v3\/?p=20814"},"modified":"2022-11-22T05:41:08","modified_gmt":"2022-11-22T05:41:08","slug":"fin-de-semana-largo-con-ocupacion-en-torno-al-90-en-los-principales-destinos-turisticos-argentinos","status":"publish","type":"post","link":"https:\/\/cvinoticias.com\/v3\/fin-de-semana-largo-con-ocupacion-en-torno-al-90-en-los-principales-destinos-turisticos-argentinos\/","title":{"rendered":"Fin de semana largo con ocupaci\u00f3n en torno al 90% en los principales destinos tur\u00edsticos argentinos"},"content":{"rendered":"\n<p><strong><em>\u00abLos datos de estas jornadas de noviembre anticipan otro verano hist\u00f3rico\u201d, afirm\u00f3 el ministro Mat\u00edas Lammens.<\/em><\/strong><\/p>\n\n\n\n<p>Con el impulso de la tercera edici\u00f3n del programa PreViaje, 1.5 millones de turistas se movilizaron por todo el pa\u00eds durante el fin de semana largo de noviembre, registro superior al 2021 y a los n\u00fameros de la prepandemia.<\/p>\n\n\n\n<p>Seg\u00fan los relevamientos del Observatorio Argentino de Turismo (OAT), los principales destinos del pa\u00eds, como Puerto Iguaz\u00fa, Mar del Plata, Villa Carlos Paz, Rosario, Col\u00f3n, Salta, San Carlos de Bariloche, Mendoza, San Mart\u00edn de los Andes, El Calafate y Ushuaia, tuvieron una ocupaci\u00f3n que rond\u00f3 el 90%. Adem\u00e1s, destinos emergentes como Antofagasta de la Sierra (Catamarca), Taf\u00ed Viejo (Tucum\u00e1n), Bella Vista (Corrientes), Melincu\u00e9 (Santa Fe), Calingasta (San Juan), Huerta Grande (C\u00f3rdoba) y Tolhuin (Tierra del Fuego) tuvieron ocupaci\u00f3n plena. De acuerdo a la Confederaci\u00f3n Argentina de la Mediana Empresa (CAME), el impacto econ\u00f3mico super\u00f3 los $27 mil millones.<\/p>\n\n\n\n<p>\u201cGracias al impacto de PreViaje, nuestros destinos no van a tener \u2018temporada baja\u2019 en 2022\u201d, asegur\u00f3 el ministro de Turismo y Deportes de la Naci\u00f3n, Mat\u00edas Lammens. \u201cEl fin de semana largo r\u00e9cord de octubre y los datos de estas jornadas de noviembre anticipan otro verano hist\u00f3rico\u201d, agreg\u00f3.<\/p>\n\n\n\n<p>En el mismo sentido, el presidente de la C\u00e1mara Argentina de Turismo, Gustavo Hani, expres\u00f3: \u00abNos da una gran satisfacci\u00f3n que el importante esfuerzo que nuestra industria hizo para mantenerse en pie en el peor momento haya valido la pena. Hoy vemos resultados concretos con una actividad sostenida a lo largo de todo el a\u00f1o, generada por el gran movimiento del turismo interno, el impacto del PreViaje y la recuperaci\u00f3n del turismo receptivo\u00bb.<\/p>\n\n\n\n<p>San Carlos de Bariloche, Puerto Iguaz\u00fa, El Calafate, Salta, Mendoza, Ciudad de Buenos Aires, Ushuaia, Mar del Plata, Puerto Madryn, San Mart\u00edn de los Andes, Villa Carlos Paz, C\u00f3rdoba, San Rafael, Merlo, El Chalt\u00e9n, Tilcara, San Miguel de Tucum\u00e1n, Federaci\u00f3n, Villa La Angostura y Villa Gesell fueron los destinos m\u00e1s elegidos por los 120 mil turistas que accedieron para este fin de semana largo a PreViaje, programa que inyect\u00f3 $4500 millones a las econom\u00edas regionales durante estas jornadas.<\/p>\n\n\n\n<p><strong>Datos de ocupaci\u00f3n del Observatorio Argentino de Turismo<\/strong><\/p>\n\n\n\n<p>Jujuy: 87,2% promedio provincial-Quebrada: 95%-Valles: 84%-Yungas: 72%-Puna: 67%<\/p>\n\n\n\n<p>Salta:-Cafayate: 90%-Salta: 90%<\/p>\n\n\n\n<p>Tucum\u00e1n: 80% promedio provincial-San Miguel de Tucum\u00e1n: 78%-Taf\u00ed del Valle: 84%-Yerba Buena: 86%-El Cadillal: 88%<\/p>\n\n\n\n<p>Santiago del Estero-Termas de R\u00edo Hondo: 85%-Santiago del Estero: 80%<\/p>\n\n\n\n<p>Catamarca: 75,5% promedio provincial-Antofagasta de la Sierra: 100%-Fiambal\u00e1: 85%-El Rodeo: 100%-Bel\u00e9n: 95%-Andalgal\u00e1: 89%-San Fernando del Valle de Catamarca: 78%-Las Juntas: 95%<\/p>\n\n\n\n<p>La Rioja: 90% promedio provincial-La Rioja: 95%-Chilecito: 90%-Villa Uni\u00f3n: 90%-Chamical: 95%-Arauco: 70%<\/p>\n\n\n\n<p>Misiones: 88,5% promedio provincial-Puerto Iguaz\u00fa: 92%-Posadas: 90%-Ober\u00e1: 75%-San Ignacio: 81%-Arist\u00f3bulo del Valle: 75%-El Soberbio: 65%<\/p>\n\n\n\n<p>Corrientes: 85% promedio provincial-Bella Vista: 100%-Ituzaing\u00f3: 90%-Paso de la Patria: 90%-Esquina: 90%-Corrientes: 85%-Concepci\u00f3n: 80%-Colonia Carlos Pellegrini: 90%<\/p>\n\n\n\n<p>Chaco: 54% promedio provincial-Regi\u00f3n Litoral: 65%-Regi\u00f3n Impenetrable: 45%<\/p>\n\n\n\n<p>Entre R\u00edos: 90% de promedio provincial<\/p>\n\n\n\n<p>Santa Fe-Rosario: 90%-Santa Fe: 100%-Reconquista: 85%-Melincu\u00e9: 100%-Puerto Gaboto: 100%-Esperanza: 100%-Villa Constituci\u00f3n: 100%-Santa Rosa de Calchines: 80%-Saladero Cabal: 80%-Oliveros: 100%-Tamb\u00faes: 90%<\/p>\n\n\n\n<p>San Juan: 86% promedio provincial-Gran San Juan: 81%-Calingasta: 97%-Iglesia: 90%-J\u00e1chal: 62%-Valle F\u00e9rtil: 95%<\/p>\n\n\n\n<p>Mendoza: 90% promedio provincial<\/p>\n\n\n\n<p>San Luis: 82,5% promedio provincial-San Luis: 90%-Potrero de los Funes: 90%-Merlo: 75%<\/p>\n\n\n\n<p>C\u00f3rdoba: 85% promedio provincial-Villa Carlos Paz: 90%-C\u00f3rdoba: 90%-Huerta Grande: 100%-La Cumbre: 90%-Villa General Belgrano: 75%-Santa Rosa: 60%-La Cumbrecita: 75%-Potrero de Garay: 80%-Miramar: 97%-Embalse: 85%-Jes\u00fas Mar\u00eda: 85%-Villa Giardino: 91%-Colonia Caroya: 100%-La Falda: 90%<\/p>\n\n\n\n<p>Buenos Aires-Mar del Plata: 80%-Villa Gesell: 80%-La Costa: 90%-Pinamar: 80%-Miramar: 70%-Sierra de la Ventana: 65%-Tandil: 90%<\/p>\n\n\n\n<p>Neuqu\u00e9n-San Mart\u00edn de los Andes: 90%-Villa La Angostura: 70%<\/p>\n\n\n\n<p>R\u00edo Negro-Viedma: 90%-San Carlos de Bariloche: 80%-Las Grutas: 80%-El Bols\u00f3n: 70%-Ing. Jacobacci: 80%<\/p>\n\n\n\n<p>Chubut: 80% promedio provincial-Madryn: 80%-Esquel: 65%<\/p>\n\n\n\n<p>Santa Cruz-El Calafate: 90%<\/p>\n\n\n\n<p>Tierra del Fuego: 75% promedio provincial-Ushuaia: 80%-Tolhuin: 90%<\/p>\n","protected":false},"excerpt":{"rendered":"<p>\u00abLos datos de estas jornadas de noviembre anticipan otro verano hist\u00f3rico\u201d, afirm\u00f3 el ministro Mat\u00edas Lammens. Con el impulso de la tercera edici\u00f3n del programa PreViaje, 1.5 millones de turistas se movilizaron por todo el pa\u00eds durante el fin de semana largo de noviembre, registro superior al 2021 y a los n\u00fameros de la prepandemia. [&hellip;]<\/p>\n","protected":false},"author":2,"featured_media":20815,"comment_status":"open","ping_status":"open","sticky":false,"template":"","format":"standard","meta":{"footnotes":""},"categories":[50],"tags":[],"class_list":["post-20814","post","type-post","status-publish","format-standard","has-post-thumbnail","hentry","category-turismo"],"yoast_head":"<!-- This site is optimized with the Yoast SEO plugin v27.5 - https:\/\/yoast.com\/product\/yoast-seo-wordpress\/ -->\n<title>Fin de semana largo con ocupaci\u00f3n en torno al 90% en los principales destinos tur\u00edsticos argentinos | CVI NOTICIAS<\/title>\n<meta name=\"robots\" content=\"index, follow, max-snippet:-1, max-image-preview:large, max-video-preview:-1\" \/>\n<link rel=\"canonical\" href=\"https:\/\/cvinoticias.com\/v3\/fin-de-semana-largo-con-ocupacion-en-torno-al-90-en-los-principales-destinos-turisticos-argentinos\/\" \/>\n<meta property=\"og:locale\" content=\"es_ES\" \/>\n<meta property=\"og:type\" content=\"article\" \/>\n<meta property=\"og:title\" content=\"Fin de semana largo con ocupaci\u00f3n en torno al 90% en los principales destinos tur\u00edsticos argentinos | CVI NOTICIAS\" \/>\n<meta property=\"og:description\" content=\"\u00abLos datos de estas jornadas de noviembre anticipan otro verano hist\u00f3rico\u201d, afirm\u00f3 el ministro Mat\u00edas Lammens. Con el impulso de la tercera edici\u00f3n del programa PreViaje, 1.5 millones de turistas se movilizaron por todo el pa\u00eds durante el fin de semana largo de noviembre, registro superior al 2021 y a los n\u00fameros de la prepandemia. [&hellip;]\" \/>\n<meta property=\"og:url\" content=\"https:\/\/cvinoticias.com\/v3\/fin-de-semana-largo-con-ocupacion-en-torno-al-90-en-los-principales-destinos-turisticos-argentinos\/\" \/>\n<meta property=\"og:site_name\" content=\"CVI NOTICIAS\" \/>\n<meta property=\"article:publisher\" content=\"https:\/\/www.facebook.com\/cvinoticias\" \/>\n<meta property=\"article:published_time\" content=\"2022-11-22T05:41:08+00:00\" \/>\n<meta property=\"og:image\" content=\"https:\/\/cvinoticias.com\/wp-content\/uploads\/2022\/11\/0000452685.jpg\" \/>\n\t<meta property=\"og:image:width\" content=\"1500\" \/>\n\t<meta property=\"og:image:height\" content=\"870\" \/>\n\t<meta property=\"og:image:type\" content=\"image\/jpeg\" \/>\n<meta name=\"author\" content=\"f1000024\" \/>\n<meta name=\"twitter:card\" content=\"summary_large_image\" \/>\n<meta name=\"twitter:label1\" content=\"Escrito por\" \/>\n\t<meta name=\"twitter:data1\" content=\"f1000024\" \/>\n\t<meta name=\"twitter:label2\" content=\"Tiempo de lectura\" \/>\n\t<meta name=\"twitter:data2\" content=\"3 minutos\" \/>\n<script type=\"application\/ld+json\" class=\"yoast-schema-graph\">{\"@context\":\"https:\\\/\\\/schema.org\",\"@graph\":[{\"@type\":\"Article\",\"@id\":\"https:\\\/\\\/cvinoticias.com\\\/v3\\\/fin-de-semana-largo-con-ocupacion-en-torno-al-90-en-los-principales-destinos-turisticos-argentinos\\\/#article\",\"isPartOf\":{\"@id\":\"https:\\\/\\\/cvinoticias.com\\\/v3\\\/fin-de-semana-largo-con-ocupacion-en-torno-al-90-en-los-principales-destinos-turisticos-argentinos\\\/\"},\"author\":{\"name\":\"f1000024\",\"@id\":\"https:\\\/\\\/cvinoticias.com\\\/v3\\\/#\\\/schema\\\/person\\\/2db77e3c6bc03c538495d7b2b8be9b66\"},\"headline\":\"Fin de semana largo con ocupaci\u00f3n en torno al 90% en los principales destinos tur\u00edsticos argentinos\",\"datePublished\":\"2022-11-22T05:41:08+00:00\",\"mainEntityOfPage\":{\"@id\":\"https:\\\/\\\/cvinoticias.com\\\/v3\\\/fin-de-semana-largo-con-ocupacion-en-torno-al-90-en-los-principales-destinos-turisticos-argentinos\\\/\"},\"wordCount\":644,\"commentCount\":0,\"publisher\":{\"@id\":\"https:\\\/\\\/cvinoticias.com\\\/v3\\\/#organization\"},\"image\":{\"@id\":\"https:\\\/\\\/cvinoticias.com\\\/v3\\\/fin-de-semana-largo-con-ocupacion-en-torno-al-90-en-los-principales-destinos-turisticos-argentinos\\\/#primaryimage\"},\"thumbnailUrl\":\"https:\\\/\\\/cvinoticias.com\\\/wp-content\\\/uploads\\\/2022\\\/11\\\/0000452685.jpg\",\"articleSection\":[\"Turismo\"],\"inLanguage\":\"es\",\"potentialAction\":[{\"@type\":\"CommentAction\",\"name\":\"Comment\",\"target\":[\"https:\\\/\\\/cvinoticias.com\\\/v3\\\/fin-de-semana-largo-con-ocupacion-en-torno-al-90-en-los-principales-destinos-turisticos-argentinos\\\/#respond\"]}]},{\"@type\":\"WebPage\",\"@id\":\"https:\\\/\\\/cvinoticias.com\\\/v3\\\/fin-de-semana-largo-con-ocupacion-en-torno-al-90-en-los-principales-destinos-turisticos-argentinos\\\/\",\"url\":\"https:\\\/\\\/cvinoticias.com\\\/v3\\\/fin-de-semana-largo-con-ocupacion-en-torno-al-90-en-los-principales-destinos-turisticos-argentinos\\\/\",\"name\":\"Fin de semana largo con ocupaci\u00f3n en torno al 90% en los principales destinos tur\u00edsticos argentinos | CVI NOTICIAS\",\"isPartOf\":{\"@id\":\"https:\\\/\\\/cvinoticias.com\\\/v3\\\/#website\"},\"primaryImageOfPage\":{\"@id\":\"https:\\\/\\\/cvinoticias.com\\\/v3\\\/fin-de-semana-largo-con-ocupacion-en-torno-al-90-en-los-principales-destinos-turisticos-argentinos\\\/#primaryimage\"},\"image\":{\"@id\":\"https:\\\/\\\/cvinoticias.com\\\/v3\\\/fin-de-semana-largo-con-ocupacion-en-torno-al-90-en-los-principales-destinos-turisticos-argentinos\\\/#primaryimage\"},\"thumbnailUrl\":\"https:\\\/\\\/cvinoticias.com\\\/wp-content\\\/uploads\\\/2022\\\/11\\\/0000452685.jpg\",\"datePublished\":\"2022-11-22T05:41:08+00:00\",\"breadcrumb\":{\"@id\":\"https:\\\/\\\/cvinoticias.com\\\/v3\\\/fin-de-semana-largo-con-ocupacion-en-torno-al-90-en-los-principales-destinos-turisticos-argentinos\\\/#breadcrumb\"},\"inLanguage\":\"es\",\"potentialAction\":[{\"@type\":\"ReadAction\",\"target\":[\"https:\\\/\\\/cvinoticias.com\\\/v3\\\/fin-de-semana-largo-con-ocupacion-en-torno-al-90-en-los-principales-destinos-turisticos-argentinos\\\/\"]}]},{\"@type\":\"ImageObject\",\"inLanguage\":\"es\",\"@id\":\"https:\\\/\\\/cvinoticias.com\\\/v3\\\/fin-de-semana-largo-con-ocupacion-en-torno-al-90-en-los-principales-destinos-turisticos-argentinos\\\/#primaryimage\",\"url\":\"https:\\\/\\\/cvinoticias.com\\\/wp-content\\\/uploads\\\/2022\\\/11\\\/0000452685.jpg\",\"contentUrl\":\"https:\\\/\\\/cvinoticias.com\\\/wp-content\\\/uploads\\\/2022\\\/11\\\/0000452685.jpg\",\"width\":1500,\"height\":870},{\"@type\":\"BreadcrumbList\",\"@id\":\"https:\\\/\\\/cvinoticias.com\\\/v3\\\/fin-de-semana-largo-con-ocupacion-en-torno-al-90-en-los-principales-destinos-turisticos-argentinos\\\/#breadcrumb\",\"itemListElement\":[{\"@type\":\"ListItem\",\"position\":1,\"name\":\"Portada\",\"item\":\"https:\\\/\\\/cvinoticias.com\\\/v3\\\/\"},{\"@type\":\"ListItem\",\"position\":2,\"name\":\"Fin de semana largo con ocupaci\u00f3n en torno al 90% en los principales destinos tur\u00edsticos argentinos\"}]},{\"@type\":\"WebSite\",\"@id\":\"https:\\\/\\\/cvinoticias.com\\\/v3\\\/#website\",\"url\":\"https:\\\/\\\/cvinoticias.com\\\/v3\\\/\",\"name\":\"CVI NOTICIAS\",\"description\":\"\",\"publisher\":{\"@id\":\"https:\\\/\\\/cvinoticias.com\\\/v3\\\/#organization\"},\"alternateName\":\"CVI\",\"potentialAction\":[{\"@type\":\"SearchAction\",\"target\":{\"@type\":\"EntryPoint\",\"urlTemplate\":\"https:\\\/\\\/cvinoticias.com\\\/v3\\\/?s={search_term_string}\"},\"query-input\":{\"@type\":\"PropertyValueSpecification\",\"valueRequired\":true,\"valueName\":\"search_term_string\"}}],\"inLanguage\":\"es\"},{\"@type\":\"Organization\",\"@id\":\"https:\\\/\\\/cvinoticias.com\\\/v3\\\/#organization\",\"name\":\"CVI NOTICIAS\",\"url\":\"https:\\\/\\\/cvinoticias.com\\\/v3\\\/\",\"logo\":{\"@type\":\"ImageObject\",\"inLanguage\":\"es\",\"@id\":\"https:\\\/\\\/cvinoticias.com\\\/v3\\\/#\\\/schema\\\/logo\\\/image\\\/\",\"url\":\"https:\\\/\\\/cvinoticias.com\\\/wp-content\\\/uploads\\\/2023\\\/04\\\/cropped-cropped-cropped-cropped-cropped-3-1.png\",\"contentUrl\":\"https:\\\/\\\/cvinoticias.com\\\/wp-content\\\/uploads\\\/2023\\\/04\\\/cropped-cropped-cropped-cropped-cropped-3-1.png\",\"width\":95,\"height\":122,\"caption\":\"CVI NOTICIAS\"},\"image\":{\"@id\":\"https:\\\/\\\/cvinoticias.com\\\/v3\\\/#\\\/schema\\\/logo\\\/image\\\/\"},\"sameAs\":[\"https:\\\/\\\/www.facebook.com\\\/cvinoticias\",\"https:\\\/\\\/www.instagram.com\\\/cvinoticias\\\/\",\"https:\\\/\\\/www.youtube.com\\\/@CVINOTICIAS\"]},{\"@type\":\"Person\",\"@id\":\"https:\\\/\\\/cvinoticias.com\\\/v3\\\/#\\\/schema\\\/person\\\/2db77e3c6bc03c538495d7b2b8be9b66\",\"name\":\"f1000024\",\"image\":{\"@type\":\"ImageObject\",\"inLanguage\":\"es\",\"@id\":\"https:\\\/\\\/secure.gravatar.com\\\/avatar\\\/d4fe7459cfc51ff5129ce1a732bbef5928568b8092d412ef95611616376bbeed?s=96&d=mm&r=g\",\"url\":\"https:\\\/\\\/secure.gravatar.com\\\/avatar\\\/d4fe7459cfc51ff5129ce1a732bbef5928568b8092d412ef95611616376bbeed?s=96&d=mm&r=g\",\"contentUrl\":\"https:\\\/\\\/secure.gravatar.com\\\/avatar\\\/d4fe7459cfc51ff5129ce1a732bbef5928568b8092d412ef95611616376bbeed?s=96&d=mm&r=g\",\"caption\":\"f1000024\"},\"url\":\"https:\\\/\\\/cvinoticias.com\\\/v3\\\/author\\\/f1000024\\\/\"}]}<\/script>\n<!-- \/ Yoast SEO plugin. -->","yoast_head_json":{"title":"Fin de semana largo con ocupaci\u00f3n en torno al 90% en los principales destinos tur\u00edsticos argentinos | CVI NOTICIAS","robots":{"index":"index","follow":"follow","max-snippet":"max-snippet:-1","max-image-preview":"max-image-preview:large","max-video-preview":"max-video-preview:-1"},"canonical":"https:\/\/cvinoticias.com\/v3\/fin-de-semana-largo-con-ocupacion-en-torno-al-90-en-los-principales-destinos-turisticos-argentinos\/","og_locale":"es_ES","og_type":"article","og_title":"Fin de semana largo con ocupaci\u00f3n en torno al 90% en los principales destinos tur\u00edsticos argentinos | CVI NOTICIAS","og_description":"\u00abLos datos de estas jornadas de noviembre anticipan otro verano hist\u00f3rico\u201d, afirm\u00f3 el ministro Mat\u00edas Lammens. Con el impulso de la tercera edici\u00f3n del programa PreViaje, 1.5 millones de turistas se movilizaron por todo el pa\u00eds durante el fin de semana largo de noviembre, registro superior al 2021 y a los n\u00fameros de la prepandemia. [&hellip;]","og_url":"https:\/\/cvinoticias.com\/v3\/fin-de-semana-largo-con-ocupacion-en-torno-al-90-en-los-principales-destinos-turisticos-argentinos\/","og_site_name":"CVI NOTICIAS","article_publisher":"https:\/\/www.facebook.com\/cvinoticias","article_published_time":"2022-11-22T05:41:08+00:00","og_image":[{"width":1500,"height":870,"url":"https:\/\/cvinoticias.com\/wp-content\/uploads\/2022\/11\/0000452685.jpg","type":"image\/jpeg"}],"author":"f1000024","twitter_card":"summary_large_image","twitter_misc":{"Escrito por":"f1000024","Tiempo de lectura":"3 minutos"},"schema":{"@context":"https:\/\/schema.org","@graph":[{"@type":"Article","@id":"https:\/\/cvinoticias.com\/v3\/fin-de-semana-largo-con-ocupacion-en-torno-al-90-en-los-principales-destinos-turisticos-argentinos\/#article","isPartOf":{"@id":"https:\/\/cvinoticias.com\/v3\/fin-de-semana-largo-con-ocupacion-en-torno-al-90-en-los-principales-destinos-turisticos-argentinos\/"},"author":{"name":"f1000024","@id":"https:\/\/cvinoticias.com\/v3\/#\/schema\/person\/2db77e3c6bc03c538495d7b2b8be9b66"},"headline":"Fin de semana largo con ocupaci\u00f3n en torno al 90% en los principales destinos tur\u00edsticos argentinos","datePublished":"2022-11-22T05:41:08+00:00","mainEntityOfPage":{"@id":"https:\/\/cvinoticias.com\/v3\/fin-de-semana-largo-con-ocupacion-en-torno-al-90-en-los-principales-destinos-turisticos-argentinos\/"},"wordCount":644,"commentCount":0,"publisher":{"@id":"https:\/\/cvinoticias.com\/v3\/#organization"},"image":{"@id":"https:\/\/cvinoticias.com\/v3\/fin-de-semana-largo-con-ocupacion-en-torno-al-90-en-los-principales-destinos-turisticos-argentinos\/#primaryimage"},"thumbnailUrl":"https:\/\/cvinoticias.com\/wp-content\/uploads\/2022\/11\/0000452685.jpg","articleSection":["Turismo"],"inLanguage":"es","potentialAction":[{"@type":"CommentAction","name":"Comment","target":["https:\/\/cvinoticias.com\/v3\/fin-de-semana-largo-con-ocupacion-en-torno-al-90-en-los-principales-destinos-turisticos-argentinos\/#respond"]}]},{"@type":"WebPage","@id":"https:\/\/cvinoticias.com\/v3\/fin-de-semana-largo-con-ocupacion-en-torno-al-90-en-los-principales-destinos-turisticos-argentinos\/","url":"https:\/\/cvinoticias.com\/v3\/fin-de-semana-largo-con-ocupacion-en-torno-al-90-en-los-principales-destinos-turisticos-argentinos\/","name":"Fin de semana largo con ocupaci\u00f3n en torno al 90% en los principales destinos tur\u00edsticos argentinos | CVI NOTICIAS","isPartOf":{"@id":"https:\/\/cvinoticias.com\/v3\/#website"},"primaryImageOfPage":{"@id":"https:\/\/cvinoticias.com\/v3\/fin-de-semana-largo-con-ocupacion-en-torno-al-90-en-los-principales-destinos-turisticos-argentinos\/#primaryimage"},"image":{"@id":"https:\/\/cvinoticias.com\/v3\/fin-de-semana-largo-con-ocupacion-en-torno-al-90-en-los-principales-destinos-turisticos-argentinos\/#primaryimage"},"thumbnailUrl":"https:\/\/cvinoticias.com\/wp-content\/uploads\/2022\/11\/0000452685.jpg","datePublished":"2022-11-22T05:41:08+00:00","breadcrumb":{"@id":"https:\/\/cvinoticias.com\/v3\/fin-de-semana-largo-con-ocupacion-en-torno-al-90-en-los-principales-destinos-turisticos-argentinos\/#breadcrumb"},"inLanguage":"es","potentialAction":[{"@type":"ReadAction","target":["https:\/\/cvinoticias.com\/v3\/fin-de-semana-largo-con-ocupacion-en-torno-al-90-en-los-principales-destinos-turisticos-argentinos\/"]}]},{"@type":"ImageObject","inLanguage":"es","@id":"https:\/\/cvinoticias.com\/v3\/fin-de-semana-largo-con-ocupacion-en-torno-al-90-en-los-principales-destinos-turisticos-argentinos\/#primaryimage","url":"https:\/\/cvinoticias.com\/wp-content\/uploads\/2022\/11\/0000452685.jpg","contentUrl":"https:\/\/cvinoticias.com\/wp-content\/uploads\/2022\/11\/0000452685.jpg","width":1500,"height":870},{"@type":"BreadcrumbList","@id":"https:\/\/cvinoticias.com\/v3\/fin-de-semana-largo-con-ocupacion-en-torno-al-90-en-los-principales-destinos-turisticos-argentinos\/#breadcrumb","itemListElement":[{"@type":"ListItem","position":1,"name":"Portada","item":"https:\/\/cvinoticias.com\/v3\/"},{"@type":"ListItem","position":2,"name":"Fin de semana largo con ocupaci\u00f3n en torno al 90% en los principales destinos tur\u00edsticos argentinos"}]},{"@type":"WebSite","@id":"https:\/\/cvinoticias.com\/v3\/#website","url":"https:\/\/cvinoticias.com\/v3\/","name":"CVI NOTICIAS","description":"","publisher":{"@id":"https:\/\/cvinoticias.com\/v3\/#organization"},"alternateName":"CVI","potentialAction":[{"@type":"SearchAction","target":{"@type":"EntryPoint","urlTemplate":"https:\/\/cvinoticias.com\/v3\/?s={search_term_string}"},"query-input":{"@type":"PropertyValueSpecification","valueRequired":true,"valueName":"search_term_string"}}],"inLanguage":"es"},{"@type":"Organization","@id":"https:\/\/cvinoticias.com\/v3\/#organization","name":"CVI NOTICIAS","url":"https:\/\/cvinoticias.com\/v3\/","logo":{"@type":"ImageObject","inLanguage":"es","@id":"https:\/\/cvinoticias.com\/v3\/#\/schema\/logo\/image\/","url":"https:\/\/cvinoticias.com\/wp-content\/uploads\/2023\/04\/cropped-cropped-cropped-cropped-cropped-3-1.png","contentUrl":"https:\/\/cvinoticias.com\/wp-content\/uploads\/2023\/04\/cropped-cropped-cropped-cropped-cropped-3-1.png","width":95,"height":122,"caption":"CVI NOTICIAS"},"image":{"@id":"https:\/\/cvinoticias.com\/v3\/#\/schema\/logo\/image\/"},"sameAs":["https:\/\/www.facebook.com\/cvinoticias","https:\/\/www.instagram.com\/cvinoticias\/","https:\/\/www.youtube.com\/@CVINOTICIAS"]},{"@type":"Person","@id":"https:\/\/cvinoticias.com\/v3\/#\/schema\/person\/2db77e3c6bc03c538495d7b2b8be9b66","name":"f1000024","image":{"@type":"ImageObject","inLanguage":"es","@id":"https:\/\/secure.gravatar.com\/avatar\/d4fe7459cfc51ff5129ce1a732bbef5928568b8092d412ef95611616376bbeed?s=96&d=mm&r=g","url":"https:\/\/secure.gravatar.com\/avatar\/d4fe7459cfc51ff5129ce1a732bbef5928568b8092d412ef95611616376bbeed?s=96&d=mm&r=g","contentUrl":"https:\/\/secure.gravatar.com\/avatar\/d4fe7459cfc51ff5129ce1a732bbef5928568b8092d412ef95611616376bbeed?s=96&d=mm&r=g","caption":"f1000024"},"url":"https:\/\/cvinoticias.com\/v3\/author\/f1000024\/"}]}},"_links":{"self":[{"href":"https:\/\/cvinoticias.com\/v3\/wp-json\/wp\/v2\/posts\/20814","targetHints":{"allow":["GET"]}}],"collection":[{"href":"https:\/\/cvinoticias.com\/v3\/wp-json\/wp\/v2\/posts"}],"about":[{"href":"https:\/\/cvinoticias.com\/v3\/wp-json\/wp\/v2\/types\/post"}],"author":[{"embeddable":true,"href":"https:\/\/cvinoticias.com\/v3\/wp-json\/wp\/v2\/users\/2"}],"replies":[{"embeddable":true,"href":"https:\/\/cvinoticias.com\/v3\/wp-json\/wp\/v2\/comments?post=20814"}],"version-history":[{"count":1,"href":"https:\/\/cvinoticias.com\/v3\/wp-json\/wp\/v2\/posts\/20814\/revisions"}],"predecessor-version":[{"id":20816,"href":"https:\/\/cvinoticias.com\/v3\/wp-json\/wp\/v2\/posts\/20814\/revisions\/20816"}],"wp:featuredmedia":[{"embeddable":true,"href":"https:\/\/cvinoticias.com\/v3\/wp-json\/wp\/v2\/media\/20815"}],"wp:attachment":[{"href":"https:\/\/cvinoticias.com\/v3\/wp-json\/wp\/v2\/media?parent=20814"}],"wp:term":[{"taxonomy":"category","embeddable":true,"href":"https:\/\/cvinoticias.com\/v3\/wp-json\/wp\/v2\/categories?post=20814"},{"taxonomy":"post_tag","embeddable":true,"href":"https:\/\/cvinoticias.com\/v3\/wp-json\/wp\/v2\/tags?post=20814"}],"curies":[{"name":"wp","href":"https:\/\/api.w.org\/{rel}","templated":true}]}}