{"id":2078,"date":"2021-01-26T14:03:03","date_gmt":"2021-01-26T14:03:03","guid":{"rendered":"https:\/\/cvinoticias.com\/v3\/?p=2078"},"modified":"2021-01-26T14:03:03","modified_gmt":"2021-01-26T14:03:03","slug":"hoy-se-celebra-el-dia-mundial-de-la-educacion-ambiental","status":"publish","type":"post","link":"https:\/\/cvinoticias.com\/v3\/hoy-se-celebra-el-dia-mundial-de-la-educacion-ambiental\/","title":{"rendered":"Hoy se celebra el D\u00eda Mundial de la Educaci\u00f3n Ambiental"},"content":{"rendered":"\n<p><strong><em>El Ministerio de Ambiente y Desarrollo Sostenible lo celebra con una serie de talleres y conversatorios, que comienzan ma\u00f1ana y finalizan el viernes. Se podr\u00e1 participar de manera virtual a trav\u00e9s del canal de YouTube del Ministerio.<\/em><\/strong><\/p>\n\n\n\n<p>El Ministerio de Ambiente y Desarrollo Sostenible de la Naci\u00f3n, a cargo de Juan Cabandi\u00e9, organiz\u00f3 la Semana de la Educaci\u00f3n Ambiental que contempla una serie de actividades virtuales que invitan a reflexionar sobre temas de la agenda ambiental como compostaje, uso sostenible de la biodiversidad con perspectiva de g\u00e9nero, manejo del fuego, cambio clim\u00e1tico y conservaci\u00f3n. Con fuerte presencia de expositoras mujeres, todas las charlas son abiertas al p\u00fablico y podr\u00e1n seguirse en las transmisiones en vivo del canal de YouTube de la cartera.<\/p>\n\n\n\n<p>Para iniciar la celebraci\u00f3n del D\u00eda Mundial de la Educaci\u00f3n Ambiental hoy, a partir de las 17 horas, tres promotoras ambientales de la Federaci\u00f3n Argentina de Cartoneros, Carreros y Recicladores (FACCYR) hablar\u00e1n de sus experiencias sobre compostaje comunitario y mostrar\u00e1n de manera sencilla c\u00f3mo armar una compostera. La introducci\u00f3n del taller estar\u00e1 a cargo de la referente del feminismo popular, Jackie Flores, con una presentaci\u00f3n previa de Cristina Ruiz del Ferrier, subsecretaria Interjurisdiccional e Interinstitucional, y la asesora del \u00e1rea, Mar\u00eda Alejandra Romeo.<\/p>\n\n\n\n<p>El segundo d\u00eda, en tanto, habr\u00e1 dos actividades. La primera, el mi\u00e9rcoles a las 17 horas, versar\u00e1 sobre el uso sustentable de la biodiversidad con perspectiva de g\u00e9nero. La presentar\u00e1 Silvana Pecker y participar\u00e1n dos referentes del proyecto de uso sostenible de la biodiversidad (USUBI) de la cartera de Ambiente nacional, junto al chef Fernando Rivarola. A continuaci\u00f3n, M\u00f3nica V\u00e1squez, de la Coordinaci\u00f3n Regional Patagonia del Servicio Nacional de Manejo del Fuego, brinda la charla \u201cMejor prevenir que apagar\u201d.<\/p>\n\n\n\n<p>El jueves, tambi\u00e9n a las 17, el Ministerio propone indagar acerca del cambio clim\u00e1tico. Luego de una presentaci\u00f3n de trivias y videos, Mar\u00eda Luz Falivene Fern\u00e1ndez y Mar\u00eda Lourdes Manrique, ambas de la Direcci\u00f3n Nacional de Cambio Clim\u00e1tico, presentar\u00e1n de manera did\u00e1ctica esta problem\u00e1tica.<\/p>\n\n\n\n<p>La \u00faltima jornada, el viernes 29, comenzar\u00e1 a las cinco de la tarde con la exhibici\u00f3n de la Administraci\u00f3n de Parques Nacionales de un corto audiovisual animado sobre corredores de conservaci\u00f3n. Posteriormente, Mar\u00eda Sol Azcona, especialista en Educaci\u00f3n Ambiental del Ministerio de Ambiente, presentar\u00e1 \u201cEducaci\u00f3n Ambiental: oportunidades frente a un escenario de crisis socioambiental y sanitaria. Una pol\u00edtica de Estado\u201d.<\/p>\n\n\n\n<p>Ese d\u00eda, a las 18, el ministro de Ambiente y Desarrollo Sostenible, Juan Cabandi\u00e9, dar\u00e1 cierre a la Semana de la Educaci\u00f3n Ambiental.<\/p>\n","protected":false},"excerpt":{"rendered":"<p>El Ministerio de Ambiente y Desarrollo Sostenible lo celebra con una serie de talleres y conversatorios, que comienzan ma\u00f1ana y finalizan el viernes. Se podr\u00e1 participar de manera virtual a trav\u00e9s del canal de YouTube del Ministerio. El Ministerio de Ambiente y Desarrollo Sostenible de la Naci\u00f3n, a cargo de Juan Cabandi\u00e9, organiz\u00f3 la Semana [&hellip;]<\/p>\n","protected":false},"author":2,"featured_media":2079,"comment_status":"open","ping_status":"open","sticky":false,"template":"","format":"standard","meta":{"footnotes":""},"categories":[38],"tags":[],"class_list":["post-2078","post","type-post","status-publish","format-standard","has-post-thumbnail","hentry","category-medio-ambiente"],"yoast_head":"<!-- This site is optimized with the Yoast SEO plugin v27.5 - https:\/\/yoast.com\/product\/yoast-seo-wordpress\/ -->\n<title>Hoy se celebra el D\u00eda Mundial de la Educaci\u00f3n Ambiental | CVI NOTICIAS<\/title>\n<meta name=\"robots\" content=\"index, follow, max-snippet:-1, max-image-preview:large, max-video-preview:-1\" \/>\n<link rel=\"canonical\" href=\"https:\/\/cvinoticias.com\/v3\/hoy-se-celebra-el-dia-mundial-de-la-educacion-ambiental\/\" \/>\n<meta property=\"og:locale\" content=\"es_ES\" \/>\n<meta property=\"og:type\" content=\"article\" \/>\n<meta property=\"og:title\" content=\"Hoy se celebra el D\u00eda Mundial de la Educaci\u00f3n Ambiental | CVI NOTICIAS\" \/>\n<meta property=\"og:description\" content=\"El Ministerio de Ambiente y Desarrollo Sostenible lo celebra con una serie de talleres y conversatorios, que comienzan ma\u00f1ana y finalizan el viernes. Se podr\u00e1 participar de manera virtual a trav\u00e9s del canal de YouTube del Ministerio. El Ministerio de Ambiente y Desarrollo Sostenible de la Naci\u00f3n, a cargo de Juan Cabandi\u00e9, organiz\u00f3 la Semana [&hellip;]\" \/>\n<meta property=\"og:url\" content=\"https:\/\/cvinoticias.com\/v3\/hoy-se-celebra-el-dia-mundial-de-la-educacion-ambiental\/\" \/>\n<meta property=\"og:site_name\" content=\"CVI NOTICIAS\" \/>\n<meta property=\"article:publisher\" content=\"https:\/\/www.facebook.com\/cvinoticias\" \/>\n<meta property=\"article:published_time\" content=\"2021-01-26T14:03:03+00:00\" \/>\n<meta property=\"og:image\" content=\"https:\/\/cvinoticias.com\/wp-content\/uploads\/2021\/01\/unnamed-3-1.jpg\" \/>\n\t<meta property=\"og:image:width\" content=\"512\" \/>\n\t<meta property=\"og:image:height\" content=\"269\" \/>\n\t<meta property=\"og:image:type\" content=\"image\/jpeg\" \/>\n<meta name=\"author\" content=\"f1000024\" \/>\n<meta name=\"twitter:card\" content=\"summary_large_image\" \/>\n<meta name=\"twitter:label1\" content=\"Escrito por\" \/>\n\t<meta name=\"twitter:data1\" content=\"f1000024\" \/>\n\t<meta name=\"twitter:label2\" content=\"Tiempo de lectura\" \/>\n\t<meta name=\"twitter:data2\" content=\"2 minutos\" \/>\n<script type=\"application\/ld+json\" class=\"yoast-schema-graph\">{\"@context\":\"https:\\\/\\\/schema.org\",\"@graph\":[{\"@type\":\"Article\",\"@id\":\"https:\\\/\\\/cvinoticias.com\\\/v3\\\/hoy-se-celebra-el-dia-mundial-de-la-educacion-ambiental\\\/#article\",\"isPartOf\":{\"@id\":\"https:\\\/\\\/cvinoticias.com\\\/v3\\\/hoy-se-celebra-el-dia-mundial-de-la-educacion-ambiental\\\/\"},\"author\":{\"name\":\"f1000024\",\"@id\":\"https:\\\/\\\/cvinoticias.com\\\/v3\\\/#\\\/schema\\\/person\\\/2db77e3c6bc03c538495d7b2b8be9b66\"},\"headline\":\"Hoy se celebra el D\u00eda Mundial de la Educaci\u00f3n Ambiental\",\"datePublished\":\"2021-01-26T14:03:03+00:00\",\"mainEntityOfPage\":{\"@id\":\"https:\\\/\\\/cvinoticias.com\\\/v3\\\/hoy-se-celebra-el-dia-mundial-de-la-educacion-ambiental\\\/\"},\"wordCount\":465,\"commentCount\":0,\"publisher\":{\"@id\":\"https:\\\/\\\/cvinoticias.com\\\/v3\\\/#organization\"},\"image\":{\"@id\":\"https:\\\/\\\/cvinoticias.com\\\/v3\\\/hoy-se-celebra-el-dia-mundial-de-la-educacion-ambiental\\\/#primaryimage\"},\"thumbnailUrl\":\"https:\\\/\\\/cvinoticias.com\\\/wp-content\\\/uploads\\\/2021\\\/01\\\/unnamed-3-1.jpg\",\"articleSection\":[\"Medio Ambiente\"],\"inLanguage\":\"es\",\"potentialAction\":[{\"@type\":\"CommentAction\",\"name\":\"Comment\",\"target\":[\"https:\\\/\\\/cvinoticias.com\\\/v3\\\/hoy-se-celebra-el-dia-mundial-de-la-educacion-ambiental\\\/#respond\"]}]},{\"@type\":\"WebPage\",\"@id\":\"https:\\\/\\\/cvinoticias.com\\\/v3\\\/hoy-se-celebra-el-dia-mundial-de-la-educacion-ambiental\\\/\",\"url\":\"https:\\\/\\\/cvinoticias.com\\\/v3\\\/hoy-se-celebra-el-dia-mundial-de-la-educacion-ambiental\\\/\",\"name\":\"Hoy se celebra el D\u00eda Mundial de la Educaci\u00f3n Ambiental | CVI NOTICIAS\",\"isPartOf\":{\"@id\":\"https:\\\/\\\/cvinoticias.com\\\/v3\\\/#website\"},\"primaryImageOfPage\":{\"@id\":\"https:\\\/\\\/cvinoticias.com\\\/v3\\\/hoy-se-celebra-el-dia-mundial-de-la-educacion-ambiental\\\/#primaryimage\"},\"image\":{\"@id\":\"https:\\\/\\\/cvinoticias.com\\\/v3\\\/hoy-se-celebra-el-dia-mundial-de-la-educacion-ambiental\\\/#primaryimage\"},\"thumbnailUrl\":\"https:\\\/\\\/cvinoticias.com\\\/wp-content\\\/uploads\\\/2021\\\/01\\\/unnamed-3-1.jpg\",\"datePublished\":\"2021-01-26T14:03:03+00:00\",\"breadcrumb\":{\"@id\":\"https:\\\/\\\/cvinoticias.com\\\/v3\\\/hoy-se-celebra-el-dia-mundial-de-la-educacion-ambiental\\\/#breadcrumb\"},\"inLanguage\":\"es\",\"potentialAction\":[{\"@type\":\"ReadAction\",\"target\":[\"https:\\\/\\\/cvinoticias.com\\\/v3\\\/hoy-se-celebra-el-dia-mundial-de-la-educacion-ambiental\\\/\"]}]},{\"@type\":\"ImageObject\",\"inLanguage\":\"es\",\"@id\":\"https:\\\/\\\/cvinoticias.com\\\/v3\\\/hoy-se-celebra-el-dia-mundial-de-la-educacion-ambiental\\\/#primaryimage\",\"url\":\"https:\\\/\\\/cvinoticias.com\\\/wp-content\\\/uploads\\\/2021\\\/01\\\/unnamed-3-1.jpg\",\"contentUrl\":\"https:\\\/\\\/cvinoticias.com\\\/wp-content\\\/uploads\\\/2021\\\/01\\\/unnamed-3-1.jpg\",\"width\":512,\"height\":269},{\"@type\":\"BreadcrumbList\",\"@id\":\"https:\\\/\\\/cvinoticias.com\\\/v3\\\/hoy-se-celebra-el-dia-mundial-de-la-educacion-ambiental\\\/#breadcrumb\",\"itemListElement\":[{\"@type\":\"ListItem\",\"position\":1,\"name\":\"Portada\",\"item\":\"https:\\\/\\\/cvinoticias.com\\\/v3\\\/\"},{\"@type\":\"ListItem\",\"position\":2,\"name\":\"Hoy se celebra el D\u00eda Mundial de la Educaci\u00f3n Ambiental\"}]},{\"@type\":\"WebSite\",\"@id\":\"https:\\\/\\\/cvinoticias.com\\\/v3\\\/#website\",\"url\":\"https:\\\/\\\/cvinoticias.com\\\/v3\\\/\",\"name\":\"CVI NOTICIAS\",\"description\":\"\",\"publisher\":{\"@id\":\"https:\\\/\\\/cvinoticias.com\\\/v3\\\/#organization\"},\"alternateName\":\"CVI\",\"potentialAction\":[{\"@type\":\"SearchAction\",\"target\":{\"@type\":\"EntryPoint\",\"urlTemplate\":\"https:\\\/\\\/cvinoticias.com\\\/v3\\\/?s={search_term_string}\"},\"query-input\":{\"@type\":\"PropertyValueSpecification\",\"valueRequired\":true,\"valueName\":\"search_term_string\"}}],\"inLanguage\":\"es\"},{\"@type\":\"Organization\",\"@id\":\"https:\\\/\\\/cvinoticias.com\\\/v3\\\/#organization\",\"name\":\"CVI NOTICIAS\",\"url\":\"https:\\\/\\\/cvinoticias.com\\\/v3\\\/\",\"logo\":{\"@type\":\"ImageObject\",\"inLanguage\":\"es\",\"@id\":\"https:\\\/\\\/cvinoticias.com\\\/v3\\\/#\\\/schema\\\/logo\\\/image\\\/\",\"url\":\"https:\\\/\\\/cvinoticias.com\\\/wp-content\\\/uploads\\\/2023\\\/04\\\/cropped-cropped-cropped-cropped-cropped-3-1.png\",\"contentUrl\":\"https:\\\/\\\/cvinoticias.com\\\/wp-content\\\/uploads\\\/2023\\\/04\\\/cropped-cropped-cropped-cropped-cropped-3-1.png\",\"width\":95,\"height\":122,\"caption\":\"CVI NOTICIAS\"},\"image\":{\"@id\":\"https:\\\/\\\/cvinoticias.com\\\/v3\\\/#\\\/schema\\\/logo\\\/image\\\/\"},\"sameAs\":[\"https:\\\/\\\/www.facebook.com\\\/cvinoticias\",\"https:\\\/\\\/www.instagram.com\\\/cvinoticias\\\/\",\"https:\\\/\\\/www.youtube.com\\\/@CVINOTICIAS\"]},{\"@type\":\"Person\",\"@id\":\"https:\\\/\\\/cvinoticias.com\\\/v3\\\/#\\\/schema\\\/person\\\/2db77e3c6bc03c538495d7b2b8be9b66\",\"name\":\"f1000024\",\"image\":{\"@type\":\"ImageObject\",\"inLanguage\":\"es\",\"@id\":\"https:\\\/\\\/secure.gravatar.com\\\/avatar\\\/d4fe7459cfc51ff5129ce1a732bbef5928568b8092d412ef95611616376bbeed?s=96&d=mm&r=g\",\"url\":\"https:\\\/\\\/secure.gravatar.com\\\/avatar\\\/d4fe7459cfc51ff5129ce1a732bbef5928568b8092d412ef95611616376bbeed?s=96&d=mm&r=g\",\"contentUrl\":\"https:\\\/\\\/secure.gravatar.com\\\/avatar\\\/d4fe7459cfc51ff5129ce1a732bbef5928568b8092d412ef95611616376bbeed?s=96&d=mm&r=g\",\"caption\":\"f1000024\"},\"url\":\"https:\\\/\\\/cvinoticias.com\\\/v3\\\/author\\\/f1000024\\\/\"}]}<\/script>\n<!-- \/ Yoast SEO plugin. -->","yoast_head_json":{"title":"Hoy se celebra el D\u00eda Mundial de la Educaci\u00f3n Ambiental | CVI NOTICIAS","robots":{"index":"index","follow":"follow","max-snippet":"max-snippet:-1","max-image-preview":"max-image-preview:large","max-video-preview":"max-video-preview:-1"},"canonical":"https:\/\/cvinoticias.com\/v3\/hoy-se-celebra-el-dia-mundial-de-la-educacion-ambiental\/","og_locale":"es_ES","og_type":"article","og_title":"Hoy se celebra el D\u00eda Mundial de la Educaci\u00f3n Ambiental | CVI NOTICIAS","og_description":"El Ministerio de Ambiente y Desarrollo Sostenible lo celebra con una serie de talleres y conversatorios, que comienzan ma\u00f1ana y finalizan el viernes. Se podr\u00e1 participar de manera virtual a trav\u00e9s del canal de YouTube del Ministerio. El Ministerio de Ambiente y Desarrollo Sostenible de la Naci\u00f3n, a cargo de Juan Cabandi\u00e9, organiz\u00f3 la Semana [&hellip;]","og_url":"https:\/\/cvinoticias.com\/v3\/hoy-se-celebra-el-dia-mundial-de-la-educacion-ambiental\/","og_site_name":"CVI NOTICIAS","article_publisher":"https:\/\/www.facebook.com\/cvinoticias","article_published_time":"2021-01-26T14:03:03+00:00","og_image":[{"width":512,"height":269,"url":"https:\/\/cvinoticias.com\/wp-content\/uploads\/2021\/01\/unnamed-3-1.jpg","type":"image\/jpeg"}],"author":"f1000024","twitter_card":"summary_large_image","twitter_misc":{"Escrito por":"f1000024","Tiempo de lectura":"2 minutos"},"schema":{"@context":"https:\/\/schema.org","@graph":[{"@type":"Article","@id":"https:\/\/cvinoticias.com\/v3\/hoy-se-celebra-el-dia-mundial-de-la-educacion-ambiental\/#article","isPartOf":{"@id":"https:\/\/cvinoticias.com\/v3\/hoy-se-celebra-el-dia-mundial-de-la-educacion-ambiental\/"},"author":{"name":"f1000024","@id":"https:\/\/cvinoticias.com\/v3\/#\/schema\/person\/2db77e3c6bc03c538495d7b2b8be9b66"},"headline":"Hoy se celebra el D\u00eda Mundial de la Educaci\u00f3n Ambiental","datePublished":"2021-01-26T14:03:03+00:00","mainEntityOfPage":{"@id":"https:\/\/cvinoticias.com\/v3\/hoy-se-celebra-el-dia-mundial-de-la-educacion-ambiental\/"},"wordCount":465,"commentCount":0,"publisher":{"@id":"https:\/\/cvinoticias.com\/v3\/#organization"},"image":{"@id":"https:\/\/cvinoticias.com\/v3\/hoy-se-celebra-el-dia-mundial-de-la-educacion-ambiental\/#primaryimage"},"thumbnailUrl":"https:\/\/cvinoticias.com\/wp-content\/uploads\/2021\/01\/unnamed-3-1.jpg","articleSection":["Medio Ambiente"],"inLanguage":"es","potentialAction":[{"@type":"CommentAction","name":"Comment","target":["https:\/\/cvinoticias.com\/v3\/hoy-se-celebra-el-dia-mundial-de-la-educacion-ambiental\/#respond"]}]},{"@type":"WebPage","@id":"https:\/\/cvinoticias.com\/v3\/hoy-se-celebra-el-dia-mundial-de-la-educacion-ambiental\/","url":"https:\/\/cvinoticias.com\/v3\/hoy-se-celebra-el-dia-mundial-de-la-educacion-ambiental\/","name":"Hoy se celebra el D\u00eda Mundial de la Educaci\u00f3n Ambiental | CVI NOTICIAS","isPartOf":{"@id":"https:\/\/cvinoticias.com\/v3\/#website"},"primaryImageOfPage":{"@id":"https:\/\/cvinoticias.com\/v3\/hoy-se-celebra-el-dia-mundial-de-la-educacion-ambiental\/#primaryimage"},"image":{"@id":"https:\/\/cvinoticias.com\/v3\/hoy-se-celebra-el-dia-mundial-de-la-educacion-ambiental\/#primaryimage"},"thumbnailUrl":"https:\/\/cvinoticias.com\/wp-content\/uploads\/2021\/01\/unnamed-3-1.jpg","datePublished":"2021-01-26T14:03:03+00:00","breadcrumb":{"@id":"https:\/\/cvinoticias.com\/v3\/hoy-se-celebra-el-dia-mundial-de-la-educacion-ambiental\/#breadcrumb"},"inLanguage":"es","potentialAction":[{"@type":"ReadAction","target":["https:\/\/cvinoticias.com\/v3\/hoy-se-celebra-el-dia-mundial-de-la-educacion-ambiental\/"]}]},{"@type":"ImageObject","inLanguage":"es","@id":"https:\/\/cvinoticias.com\/v3\/hoy-se-celebra-el-dia-mundial-de-la-educacion-ambiental\/#primaryimage","url":"https:\/\/cvinoticias.com\/wp-content\/uploads\/2021\/01\/unnamed-3-1.jpg","contentUrl":"https:\/\/cvinoticias.com\/wp-content\/uploads\/2021\/01\/unnamed-3-1.jpg","width":512,"height":269},{"@type":"BreadcrumbList","@id":"https:\/\/cvinoticias.com\/v3\/hoy-se-celebra-el-dia-mundial-de-la-educacion-ambiental\/#breadcrumb","itemListElement":[{"@type":"ListItem","position":1,"name":"Portada","item":"https:\/\/cvinoticias.com\/v3\/"},{"@type":"ListItem","position":2,"name":"Hoy se celebra el D\u00eda Mundial de la Educaci\u00f3n Ambiental"}]},{"@type":"WebSite","@id":"https:\/\/cvinoticias.com\/v3\/#website","url":"https:\/\/cvinoticias.com\/v3\/","name":"CVI NOTICIAS","description":"","publisher":{"@id":"https:\/\/cvinoticias.com\/v3\/#organization"},"alternateName":"CVI","potentialAction":[{"@type":"SearchAction","target":{"@type":"EntryPoint","urlTemplate":"https:\/\/cvinoticias.com\/v3\/?s={search_term_string}"},"query-input":{"@type":"PropertyValueSpecification","valueRequired":true,"valueName":"search_term_string"}}],"inLanguage":"es"},{"@type":"Organization","@id":"https:\/\/cvinoticias.com\/v3\/#organization","name":"CVI NOTICIAS","url":"https:\/\/cvinoticias.com\/v3\/","logo":{"@type":"ImageObject","inLanguage":"es","@id":"https:\/\/cvinoticias.com\/v3\/#\/schema\/logo\/image\/","url":"https:\/\/cvinoticias.com\/wp-content\/uploads\/2023\/04\/cropped-cropped-cropped-cropped-cropped-3-1.png","contentUrl":"https:\/\/cvinoticias.com\/wp-content\/uploads\/2023\/04\/cropped-cropped-cropped-cropped-cropped-3-1.png","width":95,"height":122,"caption":"CVI NOTICIAS"},"image":{"@id":"https:\/\/cvinoticias.com\/v3\/#\/schema\/logo\/image\/"},"sameAs":["https:\/\/www.facebook.com\/cvinoticias","https:\/\/www.instagram.com\/cvinoticias\/","https:\/\/www.youtube.com\/@CVINOTICIAS"]},{"@type":"Person","@id":"https:\/\/cvinoticias.com\/v3\/#\/schema\/person\/2db77e3c6bc03c538495d7b2b8be9b66","name":"f1000024","image":{"@type":"ImageObject","inLanguage":"es","@id":"https:\/\/secure.gravatar.com\/avatar\/d4fe7459cfc51ff5129ce1a732bbef5928568b8092d412ef95611616376bbeed?s=96&d=mm&r=g","url":"https:\/\/secure.gravatar.com\/avatar\/d4fe7459cfc51ff5129ce1a732bbef5928568b8092d412ef95611616376bbeed?s=96&d=mm&r=g","contentUrl":"https:\/\/secure.gravatar.com\/avatar\/d4fe7459cfc51ff5129ce1a732bbef5928568b8092d412ef95611616376bbeed?s=96&d=mm&r=g","caption":"f1000024"},"url":"https:\/\/cvinoticias.com\/v3\/author\/f1000024\/"}]}},"_links":{"self":[{"href":"https:\/\/cvinoticias.com\/v3\/wp-json\/wp\/v2\/posts\/2078","targetHints":{"allow":["GET"]}}],"collection":[{"href":"https:\/\/cvinoticias.com\/v3\/wp-json\/wp\/v2\/posts"}],"about":[{"href":"https:\/\/cvinoticias.com\/v3\/wp-json\/wp\/v2\/types\/post"}],"author":[{"embeddable":true,"href":"https:\/\/cvinoticias.com\/v3\/wp-json\/wp\/v2\/users\/2"}],"replies":[{"embeddable":true,"href":"https:\/\/cvinoticias.com\/v3\/wp-json\/wp\/v2\/comments?post=2078"}],"version-history":[{"count":1,"href":"https:\/\/cvinoticias.com\/v3\/wp-json\/wp\/v2\/posts\/2078\/revisions"}],"predecessor-version":[{"id":2080,"href":"https:\/\/cvinoticias.com\/v3\/wp-json\/wp\/v2\/posts\/2078\/revisions\/2080"}],"wp:featuredmedia":[{"embeddable":true,"href":"https:\/\/cvinoticias.com\/v3\/wp-json\/wp\/v2\/media\/2079"}],"wp:attachment":[{"href":"https:\/\/cvinoticias.com\/v3\/wp-json\/wp\/v2\/media?parent=2078"}],"wp:term":[{"taxonomy":"category","embeddable":true,"href":"https:\/\/cvinoticias.com\/v3\/wp-json\/wp\/v2\/categories?post=2078"},{"taxonomy":"post_tag","embeddable":true,"href":"https:\/\/cvinoticias.com\/v3\/wp-json\/wp\/v2\/tags?post=2078"}],"curies":[{"name":"wp","href":"https:\/\/api.w.org\/{rel}","templated":true}]}}