{"id":20666,"date":"2022-11-15T13:19:49","date_gmt":"2022-11-15T13:19:49","guid":{"rendered":"https:\/\/cvinoticias.com\/v3\/?p=20666"},"modified":"2022-11-15T13:19:49","modified_gmt":"2022-11-15T13:19:49","slug":"conoce-los-planteles-de-las-32-selecciones-para-qatar-2022","status":"publish","type":"post","link":"https:\/\/cvinoticias.com\/v3\/conoce-los-planteles-de-las-32-selecciones-para-qatar-2022\/","title":{"rendered":"Conoc\u00e9 los planteles de las 32 Selecciones para Qatar 2022"},"content":{"rendered":"\n<p><strong><em>Las 32 Selecciones que participar\u00e1n de Qatar 2022 presentaron las listas oficiales de sus planteles. Ecuador fue el \u00faltimo en confirmar su n\u00f3mina.<\/em><\/strong><\/p>\n\n\n\n<p>Composici\u00f3n de los 32 seleccionados que participar\u00e1n del Mundial Qatar 2022 entre el 20 de noviembre y el 18 de diciembre.<\/p>\n\n\n\n<ul class=\"wp-block-list\"><li><strong>GRUPO A Qatar<\/strong><\/li><\/ul>\n\n\n\n<p>-Arqueros: Saad Al Sheeb y Meshaal Barsham (Al Sadd) y Yousuf Hassan (Al Gharafa).<br>-Defensores: Khoukhi Boualem, Pedro Miguel, Tarek Salman, Abdelkarim Hassan y Musaab Khidir (Al Sadd) y Bassam Al Rawi (Al Duhail). -Mediocampistas: Ali Asad, Mohammed Waad, Salem Al Hajri y Mustafa Tariq Meshaal (Al Sadd), Karim Boudiaf y Assim Madibo (Al Duhail), Homam Al Amin (Al Gharafa), Abdulaziz Hatim (Al Rayyan) y Jassim Jaber (Al Arabi).<br>-Delanteros: Akram Afif y Hassan Al Haydos (Al Sadd), Ismaeel Mohammad, Almoez Ali y Mohammed Muntari (Al Duhail), Ahmed Alaaeldin (Al Gharafa), Naif Al-Hadhrami (Al Rayyan) y Khalid Muneer Mazeed (Al Wakrah).<\/p>\n\n\n\n<ul class=\"wp-block-list\"><li><strong>Pa\u00edses Bajos<\/strong><\/li><\/ul>\n\n\n\n<p>-Arqueros: Justin Bijlow (Feyenoord), Remko Pasveer (Ajax) y Andries Noppert (Heerenveen). -Defensores: Nathan Ak\u00e9 (Manchester City), Virgil van Dijk (Liverpool), Matthijs de Ligt (Bayern M\u00fanich), Jurrien Timber (Ajax), Stefan de Vrij (Inter Mil\u00e1n), Daley Blind (Ajax), Denzel Dumfries (Inter Mil\u00e1n) , Tyrell Malacia (Manchester United) y J\u00e9r\u00e9mie Frimpong (Bayer Leverkusen). -Mediocampistas: Steven Berghuis (Ajax), Frenkie de Jong (Barcelona), Teun Koopmeiners (Atalanta), Davy Klaassen (Ajax), Marten de Roon (Atalanta), Xavi Simons (PSV) y Kenneth Taylor (Ajax).<br>-Delanteros: Steven Bergwijn (Ajax), Memphis Depay (Barcelona), Cody Gakpo (PSV), Vincent Janssen (Amberes), Luuk de Jong (PSV), Wout Weghorst (Besiktas) y Noa Lang (Brujas).<\/p>\n\n\n\n<p><strong>Ecuador<\/strong><\/p>\n\n\n\n<p>-Arqueros: Mois\u00e9s Ram\u00edrez (Independiente del Valle), Alexander Dom\u00ednguez (Liga de Quito) y Hern\u00e1n Gal\u00edndez (Aucas).<br>-Defensores: Piero Hincapi\u00e9 (Bayer Leverkusen), Robert Arboleda (San Pablo), Pervis Estupi\u00f1\u00e1n (Brighton), \u00c1ngelo Preciado (Genk), Jackson Porozo (Troyes), Xavier Arreaga (Seattle Sounders), Diego Palacios (Los \u00c1ngeles FC), F\u00e9lix Torres (Santos Laguna) y William Pacho (Royal Antwerp).<br>-Mediocampistas: Carlos Gruezo (FC Augsburgo), Jos\u00e9 Cifuente (Los \u00c1ngeles FC), Alan Franco (Talleres de C\u00f3rdoba), Mois\u00e9s Caicedo (Brighton), \u00c1ngel Mena (Le\u00f3n), Jeremy Sarmiento (Brighton), Jhegson M\u00e9ndez (Los \u00c1ngeles FC), Ayrton Preciado (Santos Laguna), Gonzalo Plata (Real Valladolid) y Romario Ibarra (Santos Laguna). -Delanteros: Djorkaeff Reasco (Newell&#8217;s Old Boys), Kevin Rodr\u00edguez (Imbabura), Michael Estrada (Cruz Azul) y Enner Valencia (Fenerbahce).<\/p>\n\n\n\n<ul class=\"wp-block-list\"><li><strong>Senegal<\/strong><\/li><\/ul>\n\n\n\n<p>-Arqueros: Edouard Mendy (Chelsea); Alfred Gomis (Rennes) y Seny Dieng (Queens Park Rangers). -Defensores: Kalidou Koulibaly (Chelsea), Aboou Diallo (RTB Leipzig), Youssouf Sabaly (Betis), Fode Ballo Toure (Milan), Pape Abou Cisse (Olympiakos), Imail Jakobs (M\u00f3naco) y Formose Mendy (Amiens).<br>-Mediocampistas: Idrissa Gana Gueye (Everton), Cheikhou Kouyate (Nottingham Forest), Nampalys Mendy (Leicester City), Krepin Diatta (M\u00f3naco), Pape Gueye (Olympique de Marsella), Pape Matar Sarr (Tottenham), Moustapha Name (Pafos) y Loum Ndiaye (Reading).<br>-Delanteros: Sadio Man\u00e9 (Bayern M\u00fanich), Ismaila Sarr (Watford), Boulaye Dia (Torino), Bamba Dieng (Olympique de Marsella), Famara Diedhiou (Alanyaspor), Nicolas Jackson (Villarreal) e Iliman Ndiaye (Sheffield United).<\/p>\n\n\n\n<ul class=\"wp-block-list\"><li><strong>GRUPO B Inglaterra<\/strong><\/li><\/ul>\n\n\n\n<p>-Arqueros: Jordan Pickford (Everton), Nick Pope (Burnley) y Aaron Ramsdale (Arsenal).<br>-Defensores: Trent Alexander-Arnold (Liverpool), Conor Coady (Everton), Eric Dier (Tottenham Hotspur), Harry Maguire (Manchester United), Luke Shaw (Manchester United), John Stones (Manchester City), Kieran Trippier (Newcastle United), Kyle Walker (Manchester City) y Ben White (Arsenal).<br>-Mediocampistas: Jude Bellingham (Borussia Dortmund), Conor Gallagher (Chelsea), Jordan Henderson (Liverpool), Mason Mount (Chelsea), Kalvin Phillips (Manchester City) y Declan Rice (West Ham).<br>-Delanteros: Phil Foden (Manchester City), Jack Grealish (Manchester City), Harry Kane (Tottenham Hotspur), James Maddison (Leicester City), Marcus Rashford (Manchester United), Bukayo Saka (Arsenal), Raheem Sterling (Chelsea) y Callum Wilson (Newcastle United).<\/p>\n\n\n\n<ul class=\"wp-block-list\"><li><strong>Estados Unidos<\/strong><\/li><\/ul>\n\n\n\n<p>-Arqueros: Matt Turner (Arsenal), Sean Johnson (New York City FC) y Ethan Horvath (Luton Town). -Defensores: Sergi\u00f1o Dest (Milan), Walker Zimmerman (Nashville), Tim Ream (Fulham), Aaron Long (New York Red Bulls), Antonee Robinson (Fulham), Cameron Carter-Vickers (Celtic), DeAndre Yedlin (Inter Miami), Shaq Moore (Nashville) y Joe Scally (Borussia M\u00f6nchengladbach).<br>-Mediocampistas: Brenden Aaronson (Leeds United), Kellyn Acosta (LA FC), Tyler Adams (Leeds United), Luca de la Torre (Celta de Vigo), Weston McKennie (Juventus), Yunus Musah (Valencia) y Cristian Rold\u00e1n (Seattle Sounders).<br>-Delanteros: Jes\u00fas Ferreira (Dallas), Jordan Morris (Seattle Sounders), Christian Pulisic (Chelsea), Giovanni Reyna (Borussia Dortmund), Josh Sargent (Norwich City), Tim Weah (Lille) y Haji Wright (Antalyaspor).<\/p>\n\n\n\n<p><strong>Gales<\/strong><\/p>\n\n\n\n<p>-Arqueros: Wayne Heennesey (Nottingham Forest), Danny Ward (Leicester City) y Adam Davies (Sheffield United).<br>-Defensores: Ben Davies (Tottenham), Ben Cabango (Swansea City), Tom Lockyer (Luton Town), Joe Rodon (Rennes), Chris Mepham (Bournemouth), Ethan Ampadu (Spezia), Chris Gunter (ADC Wimbledon), Neco Williams (Nottingham Forest) y Connor Roberts (Burnley).<br>-Mediocampistas: Sorba Thomas (Huddersfield), Joe Allen (Swansea), Matt Smith (MK Dons), Dylan Levitt (Dundee United), Harry Wilson (Fulham), Joe Morrell (Portsmouth), Jonny Williams (Swindon Town), Aaron Ramsey (Niza) y Rubin Colwell (Cardiff City).<br>-Delanteros: Gareth Bale (Los \u00c1ngeles FC), Kieffer Moore (Bournemouth), Mark Harris (Cardiff City), Brennan Johnson (Nottingham Forest) y Dan James (Fulham).<\/p>\n\n\n\n<ul class=\"wp-block-list\"><li><strong>Ir\u00e1n<\/strong><\/li><\/ul>\n\n\n\n<p>-Arqueros: Amir Abedzadeh (Ponferradina, Espa\u00f1a); Alireza Beiranvand (Pers\u00e9polis, Ir\u00e1n); Hossein Hosseini (Esteghlal, Ir\u00e1n) y Payam Niazmand (Sepahan, Ir\u00e1n).<br>-Defensores: Rouzbeh Cheshmi y Abolfazi Jalali (Esteghlal); Majid Hosseini (Kayserispor, Turqu\u00eda); Hossein Kanaani y Shoja Khalilzadeh (Al-Al\u00ed, Qatar); Milad Mohammadi (AEK, Grecia); Sadegh Moharrami (D\u00ednamo Zagreb, Croacia); Morteza Pouraliganji (Pers\u00e9polis) y Ram\u00edn Rezaeian (Sepahan).<br>-Mediocampistas: Vahid Amiri (Pers\u00e9polis); Saied Ezzatollahi (Vejle, Dinamarca); Saman Ghoddos (Brenford, Inglaterra); Al\u00ed Gholizadeh (Charleroi, B\u00e9lgica); Haji Safi (AEK, Grecia); Al\u00ed Karimi (Kayserispor, Turqu\u00eda) y Ahmad Nourollahi (Shabab Al Al\u00ed, Emiratos \u00c1rabes Unidos).<br>-Delanteros: Karim Ansarifard (Omonia Nicosia, Chipre); Azmour (Bayer Leverkusen, Alemania); Alireza Jahanbakhsh (Feyenoord, Pa\u00edses Bajos); Mehdi Taremi (Oporto, Portugal) y Mehdi Torabi (Pers\u00e9polis).<\/p>\n\n\n\n<ul class=\"wp-block-list\"><li><strong>GRUPO C Argentina<\/strong><\/li><\/ul>\n\n\n\n<p>-Arqueros: Emiliano Mart\u00ednez (Aston Villa), Ger\u00f3nimo Rulli (Villarreal) y Franco Armani (River Plate).<br>-Defensores: Nahuel Molina (Atl\u00e9tico de Madrid), Gonzalo Montiel (Sevilla), Cristian Romero (Tottenham Hotspur), Germ\u00e1n Pezzella (Betis), Nicol\u00e1s Otamendi (Benfica), Lisandro Mart\u00ednez (Manchester United), Marcos Acu\u00f1a (Sevilla), Nicol\u00e1s Tagliafico (Olympique Lyon) y Juan Foyth (Villarreal).<br>-Mediocampistas: Rodrigo De Paul (Atl\u00e9tico de Madrid), Leandro Paredes (Juventus), Alexis Mac Allister (Brighton), Guido Rodr\u00edguez (Betis), Alejandro G\u00f3mez (Sevilla), Enzo Fern\u00e1ndez (Benfica) y Exequiel Palacios (Bayer Leverkusen). -Delanteros: Lionel Messi (PSG), \u00c1ngel Di Mar\u00eda (Juventus), Lautaro Mart\u00ednez (Inter), Juli\u00e1n \u00c1lvarez (Manchester City), Nicol\u00e1s Gonz\u00e1lez (Fiorentina); Paulo Dybala (Roma) y Joaqu\u00edn Correa (Inter).<\/p>\n\n\n\n<ul class=\"wp-block-list\"><li><strong>M\u00e9xico<\/strong><\/li><\/ul>\n\n\n\n<p>-Arqueros: Guillermo Ochoa (Am\u00e9rica), Alfredo Talavera (Ju\u00e1rez) y Rodolfo Cota (Le\u00f3n). -Defensores: Kevin \u00c1lvarez (Pachuca), N\u00e9stor Araujo (Am\u00e9rica), Gerardo Arteaga (Genk), Jes\u00fas Gallardo (Monterrey), H\u00e9ctor Moreno (Monterrey), C\u00e9sar Montes (Monterrey), Jorge S\u00e1nchez (Ajax) y Johan V\u00e1squez (Cremonese).<br>-Mediocampistas: Edson \u00c1lvarez (Ajax), Roberto Alvarado (Chivas), Uriel Antuna (Cruz Azul), Luis Ch\u00e1vez (Pachuca), Andr\u00e9s Guardado (Betis), Erick Guti\u00e9rrez (PSV), H\u00e9ctor Herrera (Dynamo), Orbel\u00edn Pineda (AEK Atenas), Carlos Rodr\u00edguez (Cruz Azul) y Luis Romo (Monterrey).<br>-Delanteros: Rogelio Funes Mori (Monterrey), Ra\u00fal Jim\u00e9nez (Wolverhampton), Hirving Lozano (Napoli), Henry Mart\u00edn (Am\u00e9rica) y Alexis Vega (Chivas).<\/p>\n\n\n\n<ul class=\"wp-block-list\"><li><strong>Arabia Saudita<\/strong><\/li><\/ul>\n\n\n\n<p>-Arqueros: Muhammad Al-Owais (Al-Hilal), Muhammad Al-Yami (Al-Shabab) y Nawaf Al-Aqidi (Al-Nassr).<br>-Defensores: Ali Al-Bilahi (Al-Hilal), Hassan Al-Timbukti (Al-Shabab), Abdullah Mado (Al-Nassr), Muhammad Al-Buraik (Al-Hilal), Yasser Al-Shahrani (Al Hilal), Abdul-Ilah Al-Omari (Al-Nassr), Sultan Al-Ghannam (Al-Nassr) y Saud Abdul Hamid (Al-Hilal).<br>-Mediocampistas: Nasser Al-Dosari (Al-Hilal), Ali Al-Hassan (Al-Nassr), Abdul-Ilah Al-Maliki (Al-Hilal), Muhammad Kanoo (Al-Hilal), Riyadh Sharahili (Abha Club), Abdullah Ateef (Al Hilal), Sami Al-Najai (Al-Nassr) y Salman Al-Faraj (Al-Hilal). -Delanteros: Salem Al-Dosari (Al-Hilal), Hattan Bahbri (Al-Shabab), Fahd Al-Mawlid (Al-Shabab), Nawad Al-Abed (Al Shabab), Al-Aboud (Al-Ittihad), Saleh Al-Shehri (Al-Hilal), Firas Al-Braikan (Al-Fateh) y Haitham Asiri (Al-Ahli).<\/p>\n\n\n\n<ul class=\"wp-block-list\"><li><strong>Polonia<\/strong><\/li><\/ul>\n\n\n\n<p>-Arqueros: Wojciech Szczesny (Juventus), Bartlomiej Dragowski (Fiorentina) y Lukasz Skorupsi (Bologna).<br>-Defensores: Jan Bednarek (Aston Villa), Jakub Kiwior (Spezia), Kamil Glik (Benevento), Bartosz Bereszynski (Sampdoria), Robert Gumny (Augsburgo), Matthew Cash (Aston Villa), Mateusz Wieteska (Clermont), Artur Jedrzejczyk (Legia Varsovia) y Nicola Zalewski (Roma). -Mediocampistas: Krystian Bielik (Birmingham), Przemyslaw Frankowski (Lens), Kamil Grosicki (Pogon Szczecin), Jakub Kamisnki (Wolfsburgo), Grzegorz Krychowiak (Al-Shabab), Michal Skjoras (Lech Poznan), Sebastian Szymanski (Feyenoord), Damian Szymanski (AEK Atenas), Piotr Zielinski (Napoli) y Szymon Zurkowski (Fiorentina).<br>-Delanteros: Robert Lewandowski (Barcelona), Arkardiusz Milik (Juventus), Krzysztof Piatek (Salernitana) y Karol Swiderski (Charlotte).<\/p>\n\n\n\n<p><strong>GRUPO D Francia<\/strong><\/p>\n\n\n\n<p>-Arqueros: Alphonse Areola (West Ham), Hugo Lloris (Tottenham) y Steve Mandanda (Rennes). -Defensores: Lucas Hern\u00e1ndez (Bayern M\u00fanich), Theo Hern\u00e1ndez (Milan), Axel Disasi (M\u00f3naco), Ibrahima Konat\u00e9 (Liverpool), Jules Kound\u00e9 (Barcelona), Benjamin Pavard (Bayern M\u00fanich), William Saliba (Arsenal), Dayot Upamecano (Bayern M\u00fanich) y Raphael Varane (Manchester United, Inglaterra).<br>-Mediocampistas: Eduardo Camavinga y Aurelien Tchouam\u00e9ni (Real Madrid), Youssouf Fofana (M\u00f3naco), Matteo Guendouzi y Jordan Veretout (Olympique de Marsella) y Adrien Rabiot (Juventus).<br>-Delanteros: Karim Benzema (Real Madrid), Kingsley Coman (Bayern M\u00fanich), Ousman\u00e9 Demb\u00e9l\u00e9 (Barcelona), Olivier Giroud (Milan), Antoine Griezmann (Atl\u00e9tico de Madrid), Kylian Mbapp\u00e9 (PSG), Christopher Nkunku (Leipzig) y Marcus Thuram (Borussia M\u00f6nchengladbach).<\/p>\n\n\n\n<ul class=\"wp-block-list\"><li><strong>Dinamarca<\/strong><\/li><\/ul>\n\n\n\n<p>-Arqueros: Kasper Schmeichel (Niza), Frederik Ronnow (Union Berl\u00edn) y Oliver Christensen (Hertha Berl\u00edn).<br>-Defensores: Simon Kjaer (Milan), Joakim Maehle (Atalanta), Rasmus Nissen Kristensen (Leeds United), Daniel Wass (Brondby), Jens Stryger Larsen (Trabzonspor), Andreas Christensen (Barcelona), Joachim Andersen (Crystal Palace), Victor Nelsson (Galatasaray) y Alexander Bah (Benfica).<br>-Mediocampistas: Mathias Jensen (Brentford), Pierre-Emile Hojbjerg (Tottenham), Thomas Delaney (Sevilla), Christian Eriksen (Manchester United) y Christian Norgaard (Brentford). -Delanteros: Kasper Dolberg (Sevilla), Andreas Skov Olsen (Club Brujas), Robert Skov (Hoffenheim), Andreas Cornelius (FC Copenhague), Jonas Wind (Wolfsburgo), Mikkel Damsgaard (Brentford), Jesper Lindstrom (Eintracht Frankfurt), Martin Braithwaite (Espanyol) y Yussuf Poulsen (Leipzig).<\/p>\n\n\n\n<ul class=\"wp-block-list\"><li><strong>Australia<\/strong><\/li><\/ul>\n\n\n\n<p>-Arqueros: Matt Ryan (Copenhagen), Andrew Redmayne (Sydney FC) y Danny Vukovic (Central Coast Mariners).<br>-Defensores: Milos Degenek (Columbus Crew), Aziz Behich (Dundee United), Joel King (Odense Boldklub), Nathaniel Atkinson (Heart of Midlothian), Kye Rowles (Heart of Midlothian), Fran Karacic (Brescia), Harry Souttar (Stoke City), Bailey Wright (Sunderland) y Thomas Deng (Albirex Niigata).<br>-Mediocampistas: Aaron Mooy (Celtic Glasgow), Jackson Irvine (St. Pauli), Ajdin Hrustic (Hellas Verona), Keanu Baccus (St. Mirren), Cameron Devlin (Heart of Midlothian) y Riley McGree (Middlesbrough).<br>-Delanteros: Awer Mabil (C\u00e1diz), Mathew Leckie (Melbourne City), Martin Boyle (Hibernian), Jamie Maclaren (Melbourne City), Jason Cummings (Central Coast Mariners), Garang Kuol (Central Coast Mariners), Mitchell Duke (Fagiano Okayama) y Craig Goodwin (Adelaide United).<\/p>\n\n\n\n<ul class=\"wp-block-list\"><li><strong>T\u00fanez<\/strong><\/li><\/ul>\n\n\n\n<p>-Arqueros: Aymen Dahmen (Club Deportivo Sfaxien), Mouez Hassan (Club Africano), B\u00e9chir Ben Said (US Monsatir), Aymen Mathlouthi (Estrella de Sahel).<br>-Defensores: Ali Abdi (Caen), Mohamed Drager (FC Lucerna), Ali Maaloul (Al Ahly), Wajdi Kechrida (Atromitos Atenas), Nader Ghandri (Club Africano), Yassine Meriah (Esp\u00e9rance), Bilel Ifa (Kuwait FC), Dylan Bronn (Salernitana) y Montassar Talbi (Lorient).<br>-Mediocampistas: Ellyes Skhiri (Colonia), Ghaylen Chaalali (Esp\u00e9rance), Aissa Laidouni (Ferencv\u00e1ros), Mohamed Ali Ben Romdhane (Esp\u00e9rance), Ferjani Sassi (Al Duhail) y Hannibal Mejbri (Birmingham).<br>-Delanteros: Youssef Msakni (Al Arabi SC), Seifeddine Jaziri (Zamalek), Naim Sliti (Ettifaq), Issam Jebali (Odense Boldklub), Taha Yassine Khenissi (Kuwait SC), Anis Ben Slimane (Br\u00f6ndby) y Wahbi Khazri (Montpellier).<\/p>\n\n\n\n<ul class=\"wp-block-list\"><li><strong>GRUPO E Espa\u00f1a<\/strong><\/li><\/ul>\n\n\n\n<p>-Arqueros: Unai Sim\u00f3n (Athletic Bilbao), Robert S\u00e1nchez (Brighton) y David Raya (Brentford). -Defensores: Dani Carvajal (Real Madrid), C\u00e9sar Azpilicueta (Chelsea), Eric Garc\u00eda (Barcelona), Hugo Guillam\u00f3n (Valencia), Pau Torres (Villarreal), Aymeric Laporte (Manchester City), Jordi Alba (Barcelona) y Jos\u00e9 Gay\u00e1 (Valencia). -Mediocampistas: Sergio Busquets (Barcelona), Rodri (Manchester City), Gavi (Barcelona), Carlos Soler (PSG), Marcos Llorente (Atl\u00e9tico de Madrid), Pedri (Barcelona) y Koke (Atl\u00e9tico de Madrid). -Delanteros: Ferran Torres (Barcelona), Nico Williams (Athletic Bilbao), Yeremy Pino (Villarreal), \u00c1lvaro Morata (Atl\u00e9tico de Madrid), Marco Asensio (Real Madrid), Pablo Sarabia (PSG), Dani Olmo (RB Leipzig) y Ansu Fati (Barcelona).<\/p>\n\n\n\n<ul class=\"wp-block-list\"><li><strong>Alemania<\/strong><\/li><\/ul>\n\n\n\n<p>-Arqueros: Manuel Neuer (Bayern M\u00fanich), Marc-Andr\u00e9 ter Stegen (Barcelona) y Kevin Trapp (Eintracht Frankfurt).<br>-Defensores: Armel Bella Kotchap (Southampton), Matthias Ginter (Friburgo), Christian G\u00fcnter (Friburgo), Thilo Kehrer (West Ham), Lukas Klostermann (RB Leipzig), David Raum (RB Leipzig), Antonio R\u00fcdiger (Real Madrid), Nico Schlotterbeck (Borussia Dortmund) y Niklas S\u00fcle (Borussia Dortmund).<br>-Mediocampistas: Ilkay G\u00fcndogan (Manchester City), Mario Gotze (Eintracht Frankfurt), Julian Brandt (Borussia Dortmund), Le\u00f3n Goretzka (Bayern M\u00fanich), Kai Havertz (Chelsea) y Joshua Kimmich (Bayern M\u00fanich).<br>-Delanteros: Serge Gnabry (Bayern M\u00fanich), Karim Adeyemi (Borussia Dortmund), Niclas F\u00fcllkrug (Werder Bremen), Leroy San\u00e9 (Bayern M\u00fanich), Jonas Hofmann (Borussia M\u00f6nchengladbach), Youssoufa Moukoko (Borussia Dortmund), Jamal Musiala (Bayern M\u00fanich) y Thomas M\u00fcller (Bayern M\u00fanich).<\/p>\n\n\n\n<ul class=\"wp-block-list\"><li><strong>Costa Rica<\/strong><\/li><\/ul>\n\n\n\n<p>-Arqueros: Keylor Navas (PSG); Esteban Alvarado (Herediano) y Patrick Sequeira (Lugo, Espa\u00f1a). -Defensores: Juan Pablo Vargas (Millonarios); Francisco Calvo (Konyaspor); Kendall Waston (Saprissa); Oscar Duarte (Al Wehda); Bryan Oviedo (Real Salt Lake); Carlos Mart\u00ednez (San Carlos); Keisher Fuller (Herediano); Daniel Chac\u00f3n (Colorado Rapids) y Ronald Matarrita (Cincinnati). -Mediocampistas: Yeltsin Tejeda (Herediano); Celso Borges (Alajuelense); Roan Wilson (Municipal Grecia); Youstin Salas (Saprissa); Gerson Torres (Herediano); Douglas L\u00f3pez (Herediano); Jewison Bennette (Sunderland); Alvaro Zamora (Saprissa); Anthony Hern\u00e1ndez (Puntarenas FC); Bryan Ruiz (Alajuelense); Brandon Aguilera (Nottingham Forest).<br>-Delanteros: Joel Campbell (Le\u00f3n, M\u00e9xico); Anthony Contreras (Herediano) y Johan Venegas (Alajuelense).<\/p>\n\n\n\n<ul class=\"wp-block-list\"><li><strong>Jap\u00f3n<\/strong><\/li><\/ul>\n\n\n\n<p>-Arqueros: Eiji Kawashima (RC Estrasburgo), Shuichi Gonda (Shimizu E) y Daniel Schmidt (Sint-Truiden).<br>-Defensores: Yuto Nagatomo (FC Tokio), Maya Yoshida (Schalke 04), Hiroki Sakai (Urawa Reds), Shogo Taniguchi (Kawasaki Frontale), Miki Yamane (Kawasaki Frontale), Ko Itakura (Borussia Monchengladbach), Yuta Nakayama (Huddersfield), Hiroki Ito (Stuttgart) y Takehiro Tomiyasu (Arsenal).<br>-Mediocampistas: Gaku Shibasaki (Legan\u00e9s), Wataru Endo (Stuttgart), Junya Ito (Reims), Takuma Asano (Bochum), Takumi Minamino (AS M\u00f3naco), Hidemasa Morita (Sporting Lisboa) y Daichi Kamada (Eintracht Frankfurt).<br>-Delanteros: Yuki Soma (Nagoya Grampus), Kaoru Mitoma (Brighton), Daizen Maeda (Celtic Glasgow), Ritsu Doan (Friburgo), Ayase Ueda (Brujas), Ao Tanaka (Fortuna D\u00fcsseldorf) y Takefusa Kubo (Real Sociedad).<\/p>\n\n\n\n<ul class=\"wp-block-list\"><li><strong>GRUPO F B\u00e9lgica<\/strong><\/li><\/ul>\n\n\n\n<p>-Arqueros: Thibaut Courtois (Real Madrid), Koen Casteels (Wolfsburgo) y Sim\u00f3n Mignolet (Brujas). -Defensores: Toby Alderweireld (Royal Amberes), Zeno Debast (Anderlecht), Wout Faes (Leicester City), Arthur Theate (Rennes), Jan Vertonghen (Anderlecht), Timothy Castagne (Leicester City) y Thomas Meunier (Borussia Dortmund). -Mediocampistas: Thorgan Hazard (Borussia Dortmund), Kevin De Bruyne (Manchester City), Leander Dendoncker (Aston Villa), Amadou Onana (Everton), Youri Tielemans (Leicester City), Hans Vanaken (Brujas), Axel Witsel (Atl\u00e9tico de Madrid) y Charles De Ketelaere (Milan).<br>-Delanteros: J\u00e9remy Doku (Rennes), Eden Hazard (Real Madrid), Dries Mertens (Galatasaray), Leandro Trossard (Brighton), Michy Batshuayi (Fenerbahce), Lois Openda (Lens), Romelu Lukaku (Inter) y Yannick Ferreira Carrasco (Atl\u00e9tico de Madrid).<\/p>\n\n\n\n<ul class=\"wp-block-list\"><li><strong>Croacia<\/strong><\/li><\/ul>\n\n\n\n<p>-Arqueros: Dominik Livakovic (Dinamo Zagreb), Ivica Ivusic (NK Osijek) e Ivo Grbic (Atl\u00e9tico Madrid)<br>-Defensores: Domagoj Vida (AEK Atenas), Dejan Lovren (Zenit), Borna Barisic (Rangers), Josip Juranovic (Celtic), Josko Gvardiol (Leipzig), Borna Sosa (Stuttgart), Josip Stanisic (Bayern M\u00fanich), Martin Erlic (Spezia) y Josip Sutalo (Dinamo Zagreb)<br>-Mediocampistas: Luka Modric (Real Madrid), Mateo Kovacic (Chelsea), Marcelo Brozovic (Inter), Mario Pasalic (Atalanta), Nikola Vlasic (Torino), Lovro Majer (Rennes), Kristijan Jakic (Eintracht Frankfurt) y Luka Sucic (Salzburgo)<br>-Delanteros: Ivan Perisic (Tottenham Hotspur), Andrej Kramaric (Hoffenheim), Bruno Petkovic (Dinamo Zagreb), Mislav Orsic (Dinamo Zagreb), Ante Budimir (Osasuna) y Marko Livaja (Hajduk Split).<\/p>\n\n\n\n<ul class=\"wp-block-list\"><li><strong>Marruecos<\/strong><\/li><\/ul>\n\n\n\n<p>-Arqueros: Yassine Bounou (Sevilla), Munir Mohamedi (Al Wehda La Meca) y Ahmed Reda Tagnaouti (Wydad Casablanca).<br>-Defensores: Achraf Hakimi (PSG), Noussair Mazraoui (Bayern M\u00fanich), Nayef Aguerd (West Ham), Badr Benoun (Qatar SC), Romain Sa\u00efss (Besiktas), Yahya Attiat Allah (Wydad Casablanca), Jawad El Yamiq (Valladolid) y Achraf Dari (Brest, Francia).<br>-Mediocampistas: Sofyan Amrabat (Fiorentina), Abdelhamid Sabiri (Sampdoria), Selim Amallah (Standard de Lieja), Azzedine Ounahi (Angers), Bilal El Khannouss (Genk), Yahya Jabrane (Wydad Casablanca) y Hakim Ziyech (Chelsea). -Delanteros: Amine Harit (Olympique de Marsella), Abdessamad Ezzalzouli (Osasuna), Zakaria Aboukhlal (Toulouse), Sofiane Boufal (Angers), Ilias Chair (Queens Park Rangers), Youssef En-Nesyri (Sevilla), Walid Cheddira (Bari) y Abderrazak Hamed Allah (Ittihad FC).<\/p>\n\n\n\n<ul class=\"wp-block-list\"><li><strong>Canad\u00e1<\/strong><\/li><\/ul>\n\n\n\n<p>-Arqueros: Milan Borjan (Estrella Roja), Dayne St. Clair (Minnesota United) y James Pantemis (CF Montreal).<br>-Defensores: Samuel Adekugbe (Hatayspor), Derek Cornelius (Panetolikos), Alistair Johnston (CF Montreal), Richie Laryea (Toronto FC), Kamal Miller (CF Montreal), Steven Vit\u00f3ria (Chaves) y Joel Waterman (CF Montreal) y Alphonso Davies (Bayern M\u00fanich).<br>-Mediocampistas: Stephen Eust\u00e1quio (Porto), Liam Fraser (Deinze), Atiba Hutchinson (Besiktas), Mark-Anthony Kaye (Toronto FC), Isma\u00ebl Kon\u00e9 (CF Montreal), Jonathan Osorio (Toronto), Samuel Piette (CF Montreal) y David Wotherspoon (St Johnstone).<br>-Delanteros: Tajon Buchanan (Brujas), Lucas Cavallini (Vancouver Whitecaps), Jonathan David (Lille), Junior Hoilett (Reading), Cyle Larin (Brujas), Liam Millar (Basilea) y Ike Ugbo (Troyes).<\/p>\n\n\n\n<ul class=\"wp-block-list\"><li><strong>GRUPO G Brasil<\/strong><\/li><\/ul>\n\n\n\n<p>-Arqueros: Alisson Becker (Liverpool), Ederson (Manchester City) y Weverton (Palmeiras). -Defensores: Dani Alves (Pumas), Danilo (Juventus), Marquinhos (PSG), Thiago Silva (Chelsea), \u00c9der Militao (Real Madrid), Bremer (Juventus), Alex Sandro (Juventus), Alex Telles (Sevilla).<br>-Mediocampistas: Casemiro (Manchester United), Fabinho (Liverpool), Fred (Manchester United), Bruno Guimaraes (Newcastle), Lucas Paquet\u00e1 (West Ham) y Everton Ribeiro (Flamengo). -Delanteros: Neymar (PSG), Vinicius Junior, Rodrygo (Real Madrid), Richarlison (Tottenham), Raphinha (Barcelona), Gabriel Jes\u00fas (Arsenal), Antony (Manchester United), Gabriel Martinelli (Arsenal) y Pedro (Flamengo).<\/p>\n\n\n\n<ul class=\"wp-block-list\"><li><strong>Serbia<\/strong><\/li><\/ul>\n\n\n\n<p>-Arqueros: Vanja Milinkovic Savic (Torino), Marko Dmitrovic (Sevilla) y Predrag Rajkovic (Mallorca). -Defensores: Stefan Mitrovic (Getafe), Nikola Milenkovic (Fiorentina), Milos Veljkovic (Werder Bremen), Strahinja Pavlovic (Salzburgo), Strahinja Erakovic (Estrella Roja), Srdan Babic (Almer\u00eda) y Filip Mladenovi? (Legia).<br>-Mediocampistas: Uros Racic (Braga), Ivan Ilic (Verona), Sasa Lukic (Torino), Nemanja Maksimovic (Getafe), Nemanja Gudelj (Sevilla), Darko Lazovic (Verona), Nemanja Radonjic (Torino), Andrija Zivkovic (PAO?), Filip ?ostic (Juventus), Sergej Milinkovic Savic (Lazio), Filip Duricic (Sassuolo), Marko Grujic (Porto). -Delanteros: Dusan Tadic(Ajax), Aleksandar Mitrovic (Fulham), Luka Jovic (Fiorentina) y Dusan Vlahovic (Juventus).<\/p>\n\n\n\n<ul class=\"wp-block-list\"><li><strong>Suiza<\/strong><\/li><\/ul>\n\n\n\n<p>-Arqueros: Yan Sommer (Borussia M\u00f6nchengladbach), Gregor Kobel (Borussia Dortmund), Philip K\u00f6hn (Red Bull Salzburgo) y Jonas Omlin (Montpellier).<br>-Defensores: Manuel Akanji (Manchester City), Nico Elvedi (Borussia M\u00f6nchengladbach), Ricardo Rodr\u00edguez (Torino), Eray C\u00f6mert (Valencia), Silvan Widmer (Mainz 05) y Fabian Schar (Newcastle United).<br>-Mediocampistas: Michel Aebischer (Bologna), Fabian Rieder (Young Boys), Dijbril Sow (Eintracht Frankfurt), Granit Xhaka (Arsenal), Fabian Frei (Basilea), Denis Zakaria (Chelsea), Remo Freuler (Nottingham Forest), Ardon Jashari (Lucerna), Edimilson Fernandes (Mainz 05) y Christian Fassnacht (Young Boys).<br>-Delanteros: Noah Okafor (Red Bull Salzburgo), Haris Seferovic (Galatasaray), Breel Embolo (M\u00f3naco), Xherdan Shaqiri (Chicago Fire), Ruben Vargas (Ausburgo) y Renato Steffen (Lugano).<\/p>\n\n\n\n<ul class=\"wp-block-list\"><li><strong>Camer\u00fan<\/strong><\/li><\/ul>\n\n\n\n<p>-Arqueros: Andr\u00e9 Onana (Inter), Devis Epassy (Abha) y Simon Ngapandouetnbu (Olympique de Marsella).<br>-Defensores: Jean-Charles Castelletto (Nantes), Enzo Ebosse (Udinese), Collins Fai (Al-Tai), Olivier Mbaizo (Philadelphia Union), Nouhou Tolo (Seattle Sounders), Nicolas Nkoulou (Watford), Christopher Wooh (Stade Rennais) y Olivier Ntcham (Celtic) -Mediocampistas: Jerome Ngom (San Diego Loyal), Moumi Ngamaleu (Dinamo Mosc\u00fa), Christian Bassogog (Shangh\u00e1i Shenhua) y Bryan Mbeumo (Brentford), George Nkoudou (Besiktas). -Delanteros: Jean-Pierre Nsame (Young Boys), Vincent Aboubakar (Al-Nassr), Karl Toko Ekambi (Olympique de Lyon), Eric Maxim Choupo-Moting (Bayern M\u00fanich) y Souaibou Marou (Coton Sport FC).<\/p>\n\n\n\n<ul class=\"wp-block-list\"><li><strong>GRUPO H Portugal<\/strong><\/li><\/ul>\n\n\n\n<p>-Arqueros: Diogo Costa (Porto), Rui Patr\u00edcio (Roma) y Jos\u00e9 S\u00e1 (Wolverhampton).<br>-Defensores: Jo\u00e3o Cancelo (Manchester City), Diogo Dalot (Manchester United), Nuno Mendes (PSG), Rapha\u00ebl Guerreiro (Borussia Dortmund), Pepe (Porto), R\u00faben Dias (Manchester City), Danilo Pereira (PSG) y Ant\u00f3nio Silva (Benfica). -Mediocampistas: William Carvalho (Betis), R\u00faben Neves (Wolverhampton), Jo\u00e3o Palhinha (Fulham), Bernardo Silva (Manchester City), Jo\u00e3o M\u00e1rio (Benfica), Vitinha (PSG), Bruno Fernandes (Manchester United), Ot\u00e1vio (Porto) y Matheus Nunes (Wolverhampton).<br>-Delanteros: Cristiano Ronaldo (Manchester United), Jo\u00e3o F\u00e9lix (Atl\u00e9tico de Madrid), Rafael Le\u00e3o (Milan), Gon\u00e7alo Ramos (Benfica), Ricardo Horta (Braga) y Andr\u00e9 Silva (RB Leipzig).<\/p>\n\n\n\n<ul class=\"wp-block-list\"><li><strong>Uruguay<\/strong><\/li><\/ul>\n\n\n\n<p>-Arqueros: Sergio Rochet (Nacional), Fernando Muslera (Galatasaray) y Sebasti\u00e1n Sosa (Independiente).<br>-Defensores: Jos\u00e9 Luis Rodr\u00edguez (Nacional), Guillermo Varela (Flamengo), Ronald Araujo (Barcelona), Jos\u00e9 Mar\u00eda Gim\u00e9nez (Atl\u00e9tico de Madrid), Sebasti\u00e1n Coates (Sporting de Lisboa), Diego God\u00edn (V\u00e9lez Sarsfield), Mart\u00edn C\u00e1ceres (Los \u00c1ngeles Galaxy), Mat\u00edas Vi\u00f1a (Roma) y Math\u00edas Olivera (Napoli).<br>-Mediocampistas: Mat\u00edas Vecino (Lazio), Rodrigo Bentancur (Tottenham), Federico Valverde (Real Madrid), Lucas Torreira (Galatasaray), Manuel Ugarte (Sporting de Lisboa), Facundo Pellistri (Manchester United), Nicol\u00e1s De la Cruz (River Plate), Giorgian de Arrascaeta (Flamengo), Agust\u00edn Canobbio (Athletico Paranaense), y Facundo Torres (Orlando City).<br>-Delanteros: Darwin N\u00fa\u00f1ez (Liverpool), Luis Su\u00e1rez (Nacional), Edinson Cavani (Valencia) y Maximiliano G\u00f3mez (Trabzonspor).<\/p>\n\n\n\n<ul class=\"wp-block-list\"><li><strong>Ghana<\/strong><\/li><\/ul>\n\n\n\n<p>-Arqueros: Manaf Nurudeen (Eupen), Danlad Ibrahim (Berekum Chelsea) y Lawrence Ati Zigi (St. Gallen).<br>-Defensores: Denis Odoi (Brujas), Tariq Lamptey (Brighton), Alidu Seidu (Clermont), Daniel Amartey (Leicester), Joseph Aidoo (Celta), Alexander Djiku (Estrasburgo), Mohammed Salisu (Southampton), Abdul-Rahman Baba (Reading) y Gideon Mensah (Auxerre).<br>-Mediocampistas: Andre Ayew (Al Sadd), Thomas Partey (Arsenal), Elisha Owusu (Gante), Salis Abdul Samed (Lens), Mohammed Kudus (Ajax) y Daniel Kofi Kyereh (Friburgo).<br>-Delanteros: Daniel Barnieh Afriyie (Hearts of Oak), Kamal Sowah (Brujas), Issahaku Abdul Fatawu (Sporting), Osman Bukari (Estrella Roja), I\u00f1aki Williams (Athletic de Bilbao), Antoine Semenyo (Bristol), Jordan Ayew (Crystal Palace) y Kamaldeen Sulemana (Rennes).<\/p>\n\n\n\n<ul class=\"wp-block-list\"><li><strong>Corea del Sur<\/strong><\/li><\/ul>\n\n\n\n<p>-Arqueros: Kim Seung-gyu (Al-Shabab), Song Bum-keun (Jeonbuk) y Jo Hyeon-woo (Ulsan). -Defensores: Kim Min-jae (Napoles), Kim Young-gwon (Ulsan), Kwon Kyung-won (Gamba Osaka), Cho Yu-min (Daejeon), Kim Moon-hwan (Jeonbuk), Yoon Jong-gyu (FC Seoul), Kim Tae-hwan (Ulsan), Kim Jin-su (Jeonbuk) y Hong Chul (Daegu).<br>-Mediocampistas: Jung Woo-young (Al Sadd), Son Jun-ho (Shandong Taishan), Paik Seung-ho (Jeonbuk), Hwang In-beom (Olympiakos), Lee Jae-sung (Maguncia), Kwon Chang-hoon (Gimcheon Sangmu), Jeong Woo-yeong (Friburgo), Lee Kang-in (Mallorca), Son Heung-min (Tottenham), Hwang Hee-chan (Wolverhampton), Na Sang-ho (FC Seoul) y Song Min-kyu (Jeonbuk) -Delanteros: Hwang Ui-jo (Olympiakos) y Cho Gue-sung (Jeonbuk).<\/p>\n","protected":false},"excerpt":{"rendered":"<p>Las 32 Selecciones que participar\u00e1n de Qatar 2022 presentaron las listas oficiales de sus planteles. Ecuador fue el \u00faltimo en confirmar su n\u00f3mina. Composici\u00f3n de los 32 seleccionados que participar\u00e1n del Mundial Qatar 2022 entre el 20 de noviembre y el 18 de diciembre. GRUPO A Qatar -Arqueros: Saad Al Sheeb y Meshaal Barsham (Al [&hellip;]<\/p>\n","protected":false},"author":2,"featured_media":20667,"comment_status":"open","ping_status":"open","sticky":false,"template":"","format":"standard","meta":{"footnotes":""},"categories":[24],"tags":[],"class_list":["post-20666","post","type-post","status-publish","format-standard","has-post-thumbnail","hentry","category-deportes"],"yoast_head":"<!-- This site is optimized with the Yoast SEO plugin v27.5 - https:\/\/yoast.com\/product\/yoast-seo-wordpress\/ -->\n<title>Conoc\u00e9 los planteles de las 32 Selecciones para Qatar 2022 | CVI NOTICIAS<\/title>\n<meta name=\"robots\" content=\"index, follow, max-snippet:-1, max-image-preview:large, max-video-preview:-1\" \/>\n<link rel=\"canonical\" href=\"https:\/\/cvinoticias.com\/v3\/conoce-los-planteles-de-las-32-selecciones-para-qatar-2022\/\" \/>\n<meta property=\"og:locale\" content=\"es_ES\" \/>\n<meta property=\"og:type\" content=\"article\" \/>\n<meta property=\"og:title\" content=\"Conoc\u00e9 los planteles de las 32 Selecciones para Qatar 2022 | CVI NOTICIAS\" \/>\n<meta property=\"og:description\" content=\"Las 32 Selecciones que participar\u00e1n de Qatar 2022 presentaron las listas oficiales de sus planteles. Ecuador fue el \u00faltimo en confirmar su n\u00f3mina. Composici\u00f3n de los 32 seleccionados que participar\u00e1n del Mundial Qatar 2022 entre el 20 de noviembre y el 18 de diciembre. GRUPO A Qatar -Arqueros: Saad Al Sheeb y Meshaal Barsham (Al [&hellip;]\" \/>\n<meta property=\"og:url\" content=\"https:\/\/cvinoticias.com\/v3\/conoce-los-planteles-de-las-32-selecciones-para-qatar-2022\/\" \/>\n<meta property=\"og:site_name\" content=\"CVI NOTICIAS\" \/>\n<meta property=\"article:publisher\" content=\"https:\/\/www.facebook.com\/cvinoticias\" \/>\n<meta property=\"article:published_time\" content=\"2022-11-15T13:19:49+00:00\" \/>\n<meta property=\"og:image\" content=\"https:\/\/cvinoticias.com\/wp-content\/uploads\/2022\/11\/grupos-mundial-qatar-2022png.png\" \/>\n\t<meta property=\"og:image:width\" content=\"412\" \/>\n\t<meta property=\"og:image:height\" content=\"232\" \/>\n\t<meta property=\"og:image:type\" content=\"image\/png\" \/>\n<meta name=\"author\" content=\"f1000024\" \/>\n<meta name=\"twitter:card\" content=\"summary_large_image\" \/>\n<meta name=\"twitter:label1\" content=\"Escrito por\" \/>\n\t<meta name=\"twitter:data1\" content=\"f1000024\" \/>\n\t<meta name=\"twitter:label2\" content=\"Tiempo de lectura\" \/>\n\t<meta name=\"twitter:data2\" content=\"17 minutos\" \/>\n<script type=\"application\/ld+json\" class=\"yoast-schema-graph\">{\"@context\":\"https:\\\/\\\/schema.org\",\"@graph\":[{\"@type\":\"Article\",\"@id\":\"https:\\\/\\\/cvinoticias.com\\\/v3\\\/conoce-los-planteles-de-las-32-selecciones-para-qatar-2022\\\/#article\",\"isPartOf\":{\"@id\":\"https:\\\/\\\/cvinoticias.com\\\/v3\\\/conoce-los-planteles-de-las-32-selecciones-para-qatar-2022\\\/\"},\"author\":{\"name\":\"f1000024\",\"@id\":\"https:\\\/\\\/cvinoticias.com\\\/v3\\\/#\\\/schema\\\/person\\\/2db77e3c6bc03c538495d7b2b8be9b66\"},\"headline\":\"Conoc\u00e9 los planteles de las 32 Selecciones para Qatar 2022\",\"datePublished\":\"2022-11-15T13:19:49+00:00\",\"mainEntityOfPage\":{\"@id\":\"https:\\\/\\\/cvinoticias.com\\\/v3\\\/conoce-los-planteles-de-las-32-selecciones-para-qatar-2022\\\/\"},\"wordCount\":3466,\"commentCount\":0,\"publisher\":{\"@id\":\"https:\\\/\\\/cvinoticias.com\\\/v3\\\/#organization\"},\"image\":{\"@id\":\"https:\\\/\\\/cvinoticias.com\\\/v3\\\/conoce-los-planteles-de-las-32-selecciones-para-qatar-2022\\\/#primaryimage\"},\"thumbnailUrl\":\"https:\\\/\\\/cvinoticias.com\\\/wp-content\\\/uploads\\\/2022\\\/11\\\/grupos-mundial-qatar-2022png.png\",\"articleSection\":[\"Deportes\"],\"inLanguage\":\"es\",\"potentialAction\":[{\"@type\":\"CommentAction\",\"name\":\"Comment\",\"target\":[\"https:\\\/\\\/cvinoticias.com\\\/v3\\\/conoce-los-planteles-de-las-32-selecciones-para-qatar-2022\\\/#respond\"]}]},{\"@type\":\"WebPage\",\"@id\":\"https:\\\/\\\/cvinoticias.com\\\/v3\\\/conoce-los-planteles-de-las-32-selecciones-para-qatar-2022\\\/\",\"url\":\"https:\\\/\\\/cvinoticias.com\\\/v3\\\/conoce-los-planteles-de-las-32-selecciones-para-qatar-2022\\\/\",\"name\":\"Conoc\u00e9 los planteles de las 32 Selecciones para Qatar 2022 | CVI NOTICIAS\",\"isPartOf\":{\"@id\":\"https:\\\/\\\/cvinoticias.com\\\/v3\\\/#website\"},\"primaryImageOfPage\":{\"@id\":\"https:\\\/\\\/cvinoticias.com\\\/v3\\\/conoce-los-planteles-de-las-32-selecciones-para-qatar-2022\\\/#primaryimage\"},\"image\":{\"@id\":\"https:\\\/\\\/cvinoticias.com\\\/v3\\\/conoce-los-planteles-de-las-32-selecciones-para-qatar-2022\\\/#primaryimage\"},\"thumbnailUrl\":\"https:\\\/\\\/cvinoticias.com\\\/wp-content\\\/uploads\\\/2022\\\/11\\\/grupos-mundial-qatar-2022png.png\",\"datePublished\":\"2022-11-15T13:19:49+00:00\",\"breadcrumb\":{\"@id\":\"https:\\\/\\\/cvinoticias.com\\\/v3\\\/conoce-los-planteles-de-las-32-selecciones-para-qatar-2022\\\/#breadcrumb\"},\"inLanguage\":\"es\",\"potentialAction\":[{\"@type\":\"ReadAction\",\"target\":[\"https:\\\/\\\/cvinoticias.com\\\/v3\\\/conoce-los-planteles-de-las-32-selecciones-para-qatar-2022\\\/\"]}]},{\"@type\":\"ImageObject\",\"inLanguage\":\"es\",\"@id\":\"https:\\\/\\\/cvinoticias.com\\\/v3\\\/conoce-los-planteles-de-las-32-selecciones-para-qatar-2022\\\/#primaryimage\",\"url\":\"https:\\\/\\\/cvinoticias.com\\\/wp-content\\\/uploads\\\/2022\\\/11\\\/grupos-mundial-qatar-2022png.png\",\"contentUrl\":\"https:\\\/\\\/cvinoticias.com\\\/wp-content\\\/uploads\\\/2022\\\/11\\\/grupos-mundial-qatar-2022png.png\",\"width\":412,\"height\":232},{\"@type\":\"BreadcrumbList\",\"@id\":\"https:\\\/\\\/cvinoticias.com\\\/v3\\\/conoce-los-planteles-de-las-32-selecciones-para-qatar-2022\\\/#breadcrumb\",\"itemListElement\":[{\"@type\":\"ListItem\",\"position\":1,\"name\":\"Portada\",\"item\":\"https:\\\/\\\/cvinoticias.com\\\/v3\\\/\"},{\"@type\":\"ListItem\",\"position\":2,\"name\":\"Conoc\u00e9 los planteles de las 32 Selecciones para Qatar 2022\"}]},{\"@type\":\"WebSite\",\"@id\":\"https:\\\/\\\/cvinoticias.com\\\/v3\\\/#website\",\"url\":\"https:\\\/\\\/cvinoticias.com\\\/v3\\\/\",\"name\":\"CVI NOTICIAS\",\"description\":\"\",\"publisher\":{\"@id\":\"https:\\\/\\\/cvinoticias.com\\\/v3\\\/#organization\"},\"alternateName\":\"CVI\",\"potentialAction\":[{\"@type\":\"SearchAction\",\"target\":{\"@type\":\"EntryPoint\",\"urlTemplate\":\"https:\\\/\\\/cvinoticias.com\\\/v3\\\/?s={search_term_string}\"},\"query-input\":{\"@type\":\"PropertyValueSpecification\",\"valueRequired\":true,\"valueName\":\"search_term_string\"}}],\"inLanguage\":\"es\"},{\"@type\":\"Organization\",\"@id\":\"https:\\\/\\\/cvinoticias.com\\\/v3\\\/#organization\",\"name\":\"CVI NOTICIAS\",\"url\":\"https:\\\/\\\/cvinoticias.com\\\/v3\\\/\",\"logo\":{\"@type\":\"ImageObject\",\"inLanguage\":\"es\",\"@id\":\"https:\\\/\\\/cvinoticias.com\\\/v3\\\/#\\\/schema\\\/logo\\\/image\\\/\",\"url\":\"https:\\\/\\\/cvinoticias.com\\\/wp-content\\\/uploads\\\/2023\\\/04\\\/cropped-cropped-cropped-cropped-cropped-3-1.png\",\"contentUrl\":\"https:\\\/\\\/cvinoticias.com\\\/wp-content\\\/uploads\\\/2023\\\/04\\\/cropped-cropped-cropped-cropped-cropped-3-1.png\",\"width\":95,\"height\":122,\"caption\":\"CVI NOTICIAS\"},\"image\":{\"@id\":\"https:\\\/\\\/cvinoticias.com\\\/v3\\\/#\\\/schema\\\/logo\\\/image\\\/\"},\"sameAs\":[\"https:\\\/\\\/www.facebook.com\\\/cvinoticias\",\"https:\\\/\\\/www.instagram.com\\\/cvinoticias\\\/\",\"https:\\\/\\\/www.youtube.com\\\/@CVINOTICIAS\"]},{\"@type\":\"Person\",\"@id\":\"https:\\\/\\\/cvinoticias.com\\\/v3\\\/#\\\/schema\\\/person\\\/2db77e3c6bc03c538495d7b2b8be9b66\",\"name\":\"f1000024\",\"image\":{\"@type\":\"ImageObject\",\"inLanguage\":\"es\",\"@id\":\"https:\\\/\\\/secure.gravatar.com\\\/avatar\\\/d4fe7459cfc51ff5129ce1a732bbef5928568b8092d412ef95611616376bbeed?s=96&d=mm&r=g\",\"url\":\"https:\\\/\\\/secure.gravatar.com\\\/avatar\\\/d4fe7459cfc51ff5129ce1a732bbef5928568b8092d412ef95611616376bbeed?s=96&d=mm&r=g\",\"contentUrl\":\"https:\\\/\\\/secure.gravatar.com\\\/avatar\\\/d4fe7459cfc51ff5129ce1a732bbef5928568b8092d412ef95611616376bbeed?s=96&d=mm&r=g\",\"caption\":\"f1000024\"},\"url\":\"https:\\\/\\\/cvinoticias.com\\\/v3\\\/author\\\/f1000024\\\/\"}]}<\/script>\n<!-- \/ Yoast SEO plugin. -->","yoast_head_json":{"title":"Conoc\u00e9 los planteles de las 32 Selecciones para Qatar 2022 | CVI NOTICIAS","robots":{"index":"index","follow":"follow","max-snippet":"max-snippet:-1","max-image-preview":"max-image-preview:large","max-video-preview":"max-video-preview:-1"},"canonical":"https:\/\/cvinoticias.com\/v3\/conoce-los-planteles-de-las-32-selecciones-para-qatar-2022\/","og_locale":"es_ES","og_type":"article","og_title":"Conoc\u00e9 los planteles de las 32 Selecciones para Qatar 2022 | CVI NOTICIAS","og_description":"Las 32 Selecciones que participar\u00e1n de Qatar 2022 presentaron las listas oficiales de sus planteles. Ecuador fue el \u00faltimo en confirmar su n\u00f3mina. Composici\u00f3n de los 32 seleccionados que participar\u00e1n del Mundial Qatar 2022 entre el 20 de noviembre y el 18 de diciembre. GRUPO A Qatar -Arqueros: Saad Al Sheeb y Meshaal Barsham (Al [&hellip;]","og_url":"https:\/\/cvinoticias.com\/v3\/conoce-los-planteles-de-las-32-selecciones-para-qatar-2022\/","og_site_name":"CVI NOTICIAS","article_publisher":"https:\/\/www.facebook.com\/cvinoticias","article_published_time":"2022-11-15T13:19:49+00:00","og_image":[{"width":412,"height":232,"url":"https:\/\/cvinoticias.com\/wp-content\/uploads\/2022\/11\/grupos-mundial-qatar-2022png.png","type":"image\/png"}],"author":"f1000024","twitter_card":"summary_large_image","twitter_misc":{"Escrito por":"f1000024","Tiempo de lectura":"17 minutos"},"schema":{"@context":"https:\/\/schema.org","@graph":[{"@type":"Article","@id":"https:\/\/cvinoticias.com\/v3\/conoce-los-planteles-de-las-32-selecciones-para-qatar-2022\/#article","isPartOf":{"@id":"https:\/\/cvinoticias.com\/v3\/conoce-los-planteles-de-las-32-selecciones-para-qatar-2022\/"},"author":{"name":"f1000024","@id":"https:\/\/cvinoticias.com\/v3\/#\/schema\/person\/2db77e3c6bc03c538495d7b2b8be9b66"},"headline":"Conoc\u00e9 los planteles de las 32 Selecciones para Qatar 2022","datePublished":"2022-11-15T13:19:49+00:00","mainEntityOfPage":{"@id":"https:\/\/cvinoticias.com\/v3\/conoce-los-planteles-de-las-32-selecciones-para-qatar-2022\/"},"wordCount":3466,"commentCount":0,"publisher":{"@id":"https:\/\/cvinoticias.com\/v3\/#organization"},"image":{"@id":"https:\/\/cvinoticias.com\/v3\/conoce-los-planteles-de-las-32-selecciones-para-qatar-2022\/#primaryimage"},"thumbnailUrl":"https:\/\/cvinoticias.com\/wp-content\/uploads\/2022\/11\/grupos-mundial-qatar-2022png.png","articleSection":["Deportes"],"inLanguage":"es","potentialAction":[{"@type":"CommentAction","name":"Comment","target":["https:\/\/cvinoticias.com\/v3\/conoce-los-planteles-de-las-32-selecciones-para-qatar-2022\/#respond"]}]},{"@type":"WebPage","@id":"https:\/\/cvinoticias.com\/v3\/conoce-los-planteles-de-las-32-selecciones-para-qatar-2022\/","url":"https:\/\/cvinoticias.com\/v3\/conoce-los-planteles-de-las-32-selecciones-para-qatar-2022\/","name":"Conoc\u00e9 los planteles de las 32 Selecciones para Qatar 2022 | CVI NOTICIAS","isPartOf":{"@id":"https:\/\/cvinoticias.com\/v3\/#website"},"primaryImageOfPage":{"@id":"https:\/\/cvinoticias.com\/v3\/conoce-los-planteles-de-las-32-selecciones-para-qatar-2022\/#primaryimage"},"image":{"@id":"https:\/\/cvinoticias.com\/v3\/conoce-los-planteles-de-las-32-selecciones-para-qatar-2022\/#primaryimage"},"thumbnailUrl":"https:\/\/cvinoticias.com\/wp-content\/uploads\/2022\/11\/grupos-mundial-qatar-2022png.png","datePublished":"2022-11-15T13:19:49+00:00","breadcrumb":{"@id":"https:\/\/cvinoticias.com\/v3\/conoce-los-planteles-de-las-32-selecciones-para-qatar-2022\/#breadcrumb"},"inLanguage":"es","potentialAction":[{"@type":"ReadAction","target":["https:\/\/cvinoticias.com\/v3\/conoce-los-planteles-de-las-32-selecciones-para-qatar-2022\/"]}]},{"@type":"ImageObject","inLanguage":"es","@id":"https:\/\/cvinoticias.com\/v3\/conoce-los-planteles-de-las-32-selecciones-para-qatar-2022\/#primaryimage","url":"https:\/\/cvinoticias.com\/wp-content\/uploads\/2022\/11\/grupos-mundial-qatar-2022png.png","contentUrl":"https:\/\/cvinoticias.com\/wp-content\/uploads\/2022\/11\/grupos-mundial-qatar-2022png.png","width":412,"height":232},{"@type":"BreadcrumbList","@id":"https:\/\/cvinoticias.com\/v3\/conoce-los-planteles-de-las-32-selecciones-para-qatar-2022\/#breadcrumb","itemListElement":[{"@type":"ListItem","position":1,"name":"Portada","item":"https:\/\/cvinoticias.com\/v3\/"},{"@type":"ListItem","position":2,"name":"Conoc\u00e9 los planteles de las 32 Selecciones para Qatar 2022"}]},{"@type":"WebSite","@id":"https:\/\/cvinoticias.com\/v3\/#website","url":"https:\/\/cvinoticias.com\/v3\/","name":"CVI NOTICIAS","description":"","publisher":{"@id":"https:\/\/cvinoticias.com\/v3\/#organization"},"alternateName":"CVI","potentialAction":[{"@type":"SearchAction","target":{"@type":"EntryPoint","urlTemplate":"https:\/\/cvinoticias.com\/v3\/?s={search_term_string}"},"query-input":{"@type":"PropertyValueSpecification","valueRequired":true,"valueName":"search_term_string"}}],"inLanguage":"es"},{"@type":"Organization","@id":"https:\/\/cvinoticias.com\/v3\/#organization","name":"CVI NOTICIAS","url":"https:\/\/cvinoticias.com\/v3\/","logo":{"@type":"ImageObject","inLanguage":"es","@id":"https:\/\/cvinoticias.com\/v3\/#\/schema\/logo\/image\/","url":"https:\/\/cvinoticias.com\/wp-content\/uploads\/2023\/04\/cropped-cropped-cropped-cropped-cropped-3-1.png","contentUrl":"https:\/\/cvinoticias.com\/wp-content\/uploads\/2023\/04\/cropped-cropped-cropped-cropped-cropped-3-1.png","width":95,"height":122,"caption":"CVI NOTICIAS"},"image":{"@id":"https:\/\/cvinoticias.com\/v3\/#\/schema\/logo\/image\/"},"sameAs":["https:\/\/www.facebook.com\/cvinoticias","https:\/\/www.instagram.com\/cvinoticias\/","https:\/\/www.youtube.com\/@CVINOTICIAS"]},{"@type":"Person","@id":"https:\/\/cvinoticias.com\/v3\/#\/schema\/person\/2db77e3c6bc03c538495d7b2b8be9b66","name":"f1000024","image":{"@type":"ImageObject","inLanguage":"es","@id":"https:\/\/secure.gravatar.com\/avatar\/d4fe7459cfc51ff5129ce1a732bbef5928568b8092d412ef95611616376bbeed?s=96&d=mm&r=g","url":"https:\/\/secure.gravatar.com\/avatar\/d4fe7459cfc51ff5129ce1a732bbef5928568b8092d412ef95611616376bbeed?s=96&d=mm&r=g","contentUrl":"https:\/\/secure.gravatar.com\/avatar\/d4fe7459cfc51ff5129ce1a732bbef5928568b8092d412ef95611616376bbeed?s=96&d=mm&r=g","caption":"f1000024"},"url":"https:\/\/cvinoticias.com\/v3\/author\/f1000024\/"}]}},"_links":{"self":[{"href":"https:\/\/cvinoticias.com\/v3\/wp-json\/wp\/v2\/posts\/20666","targetHints":{"allow":["GET"]}}],"collection":[{"href":"https:\/\/cvinoticias.com\/v3\/wp-json\/wp\/v2\/posts"}],"about":[{"href":"https:\/\/cvinoticias.com\/v3\/wp-json\/wp\/v2\/types\/post"}],"author":[{"embeddable":true,"href":"https:\/\/cvinoticias.com\/v3\/wp-json\/wp\/v2\/users\/2"}],"replies":[{"embeddable":true,"href":"https:\/\/cvinoticias.com\/v3\/wp-json\/wp\/v2\/comments?post=20666"}],"version-history":[{"count":1,"href":"https:\/\/cvinoticias.com\/v3\/wp-json\/wp\/v2\/posts\/20666\/revisions"}],"predecessor-version":[{"id":20668,"href":"https:\/\/cvinoticias.com\/v3\/wp-json\/wp\/v2\/posts\/20666\/revisions\/20668"}],"wp:featuredmedia":[{"embeddable":true,"href":"https:\/\/cvinoticias.com\/v3\/wp-json\/wp\/v2\/media\/20667"}],"wp:attachment":[{"href":"https:\/\/cvinoticias.com\/v3\/wp-json\/wp\/v2\/media?parent=20666"}],"wp:term":[{"taxonomy":"category","embeddable":true,"href":"https:\/\/cvinoticias.com\/v3\/wp-json\/wp\/v2\/categories?post=20666"},{"taxonomy":"post_tag","embeddable":true,"href":"https:\/\/cvinoticias.com\/v3\/wp-json\/wp\/v2\/tags?post=20666"}],"curies":[{"name":"wp","href":"https:\/\/api.w.org\/{rel}","templated":true}]}}