{"id":20657,"date":"2022-11-14T12:59:05","date_gmt":"2022-11-14T12:59:05","guid":{"rendered":"https:\/\/cvinoticias.com\/v3\/?p=20657"},"modified":"2022-11-14T12:59:05","modified_gmt":"2022-11-14T12:59:05","slug":"la-policia-de-misiones-capturo-a-un-evadido-del-penal-de-loreto","status":"publish","type":"post","link":"https:\/\/cvinoticias.com\/v3\/la-policia-de-misiones-capturo-a-un-evadido-del-penal-de-loreto\/","title":{"rendered":"La Polic\u00eda de Misiones captur\u00f3 a un evadido del Penal de Loreto"},"content":{"rendered":"\n<p><strong><em>Rafael Martin P. de 40 a\u00f1os, fue recapturado esta madrugada en la localidad de San Javier, quien era buscado desde agosto del a\u00f1o pasado debido a que se hab\u00eda fugado de la Unidad Penal Uno de Loreto.<\/em><\/strong><\/p>\n\n\n\n<p>Seg\u00fan la denuncia del personal del Servicio Penitenciario Provincial, el 29 de agosto del 2021, al momento del recuento de internos, constat\u00f3 que el ahora recapturado se hab\u00eda fugado del penal.<\/p>\n\n\n\n<p>Desde ese momento, los efectivos de la Direcci\u00f3n Investigaciones Complejas, llevaron a cabo tareas para dar con el evadido. Fue as\u00ed que, obtuvieron datos precisos que se\u00f1alaban que se encontrar\u00eda en la localidad antes mencionada.<\/p>\n\n\n\n<p>Por este motivo, dieron aviso a sus pares de San Javier, quienes lo interceptaron y detuvieron en el Paraje Puerto Arena, en la costa del R\u00edo Uruguay, a unos 3 kil\u00f3metros del casco urbano.<\/p>\n\n\n\n<p>Hay que mencionar, que el detenido al momento de la fuga se encontraba cumpliendo una condena por un delito de abuso sexual con acceso carnal en Loreto, y ahora se le suma una causa por evasi\u00f3n.<\/p>\n","protected":false},"excerpt":{"rendered":"<p>Rafael Martin P. de 40 a\u00f1os, fue recapturado esta madrugada en la localidad de San Javier, quien era buscado desde agosto del a\u00f1o pasado debido a que se hab\u00eda fugado de la Unidad Penal Uno de Loreto. Seg\u00fan la denuncia del personal del Servicio Penitenciario Provincial, el 29 de agosto del 2021, al momento del [&hellip;]<\/p>\n","protected":false},"author":2,"featured_media":20658,"comment_status":"open","ping_status":"open","sticky":false,"template":"","format":"standard","meta":{"footnotes":""},"categories":[41],"tags":[],"class_list":["post-20657","post","type-post","status-publish","format-standard","has-post-thumbnail","hentry","category-policiales"],"yoast_head":"<!-- This site is optimized with the Yoast SEO plugin v27.5 - https:\/\/yoast.com\/product\/yoast-seo-wordpress\/ -->\n<title>La Polic\u00eda de Misiones captur\u00f3 a un evadido del Penal de Loreto | CVI NOTICIAS<\/title>\n<meta name=\"robots\" content=\"index, follow, max-snippet:-1, max-image-preview:large, max-video-preview:-1\" \/>\n<link rel=\"canonical\" href=\"https:\/\/cvinoticias.com\/v3\/la-policia-de-misiones-capturo-a-un-evadido-del-penal-de-loreto\/\" \/>\n<meta property=\"og:locale\" content=\"es_ES\" \/>\n<meta property=\"og:type\" content=\"article\" \/>\n<meta property=\"og:title\" content=\"La Polic\u00eda de Misiones captur\u00f3 a un evadido del Penal de Loreto | CVI NOTICIAS\" \/>\n<meta property=\"og:description\" content=\"Rafael Martin P. de 40 a\u00f1os, fue recapturado esta madrugada en la localidad de San Javier, quien era buscado desde agosto del a\u00f1o pasado debido a que se hab\u00eda fugado de la Unidad Penal Uno de Loreto. Seg\u00fan la denuncia del personal del Servicio Penitenciario Provincial, el 29 de agosto del 2021, al momento del [&hellip;]\" \/>\n<meta property=\"og:url\" content=\"https:\/\/cvinoticias.com\/v3\/la-policia-de-misiones-capturo-a-un-evadido-del-penal-de-loreto\/\" \/>\n<meta property=\"og:site_name\" content=\"CVI NOTICIAS\" \/>\n<meta property=\"article:publisher\" content=\"https:\/\/www.facebook.com\/cvinoticias\" \/>\n<meta property=\"article:published_time\" content=\"2022-11-14T12:59:05+00:00\" \/>\n<meta property=\"og:image\" content=\"https:\/\/cvinoticias.com\/wp-content\/uploads\/2022\/11\/IMG-20221114-WA0017.jpg\" \/>\n\t<meta property=\"og:image:width\" content=\"450\" \/>\n\t<meta property=\"og:image:height\" content=\"852\" \/>\n\t<meta property=\"og:image:type\" content=\"image\/jpeg\" \/>\n<meta name=\"author\" content=\"f1000024\" \/>\n<meta name=\"twitter:card\" content=\"summary_large_image\" \/>\n<meta name=\"twitter:label1\" content=\"Escrito por\" \/>\n\t<meta name=\"twitter:data1\" content=\"f1000024\" \/>\n\t<meta name=\"twitter:label2\" content=\"Tiempo de lectura\" \/>\n\t<meta name=\"twitter:data2\" content=\"1 minuto\" \/>\n<script type=\"application\/ld+json\" class=\"yoast-schema-graph\">{\"@context\":\"https:\\\/\\\/schema.org\",\"@graph\":[{\"@type\":\"Article\",\"@id\":\"https:\\\/\\\/cvinoticias.com\\\/v3\\\/la-policia-de-misiones-capturo-a-un-evadido-del-penal-de-loreto\\\/#article\",\"isPartOf\":{\"@id\":\"https:\\\/\\\/cvinoticias.com\\\/v3\\\/la-policia-de-misiones-capturo-a-un-evadido-del-penal-de-loreto\\\/\"},\"author\":{\"name\":\"f1000024\",\"@id\":\"https:\\\/\\\/cvinoticias.com\\\/v3\\\/#\\\/schema\\\/person\\\/2db77e3c6bc03c538495d7b2b8be9b66\"},\"headline\":\"La Polic\u00eda de Misiones captur\u00f3 a un evadido del Penal de Loreto\",\"datePublished\":\"2022-11-14T12:59:05+00:00\",\"mainEntityOfPage\":{\"@id\":\"https:\\\/\\\/cvinoticias.com\\\/v3\\\/la-policia-de-misiones-capturo-a-un-evadido-del-penal-de-loreto\\\/\"},\"wordCount\":193,\"commentCount\":0,\"publisher\":{\"@id\":\"https:\\\/\\\/cvinoticias.com\\\/v3\\\/#organization\"},\"image\":{\"@id\":\"https:\\\/\\\/cvinoticias.com\\\/v3\\\/la-policia-de-misiones-capturo-a-un-evadido-del-penal-de-loreto\\\/#primaryimage\"},\"thumbnailUrl\":\"https:\\\/\\\/cvinoticias.com\\\/wp-content\\\/uploads\\\/2022\\\/11\\\/IMG-20221114-WA0017.jpg\",\"articleSection\":[\"Policiales\"],\"inLanguage\":\"es\",\"potentialAction\":[{\"@type\":\"CommentAction\",\"name\":\"Comment\",\"target\":[\"https:\\\/\\\/cvinoticias.com\\\/v3\\\/la-policia-de-misiones-capturo-a-un-evadido-del-penal-de-loreto\\\/#respond\"]}]},{\"@type\":\"WebPage\",\"@id\":\"https:\\\/\\\/cvinoticias.com\\\/v3\\\/la-policia-de-misiones-capturo-a-un-evadido-del-penal-de-loreto\\\/\",\"url\":\"https:\\\/\\\/cvinoticias.com\\\/v3\\\/la-policia-de-misiones-capturo-a-un-evadido-del-penal-de-loreto\\\/\",\"name\":\"La Polic\u00eda de Misiones captur\u00f3 a un evadido del Penal de Loreto | CVI NOTICIAS\",\"isPartOf\":{\"@id\":\"https:\\\/\\\/cvinoticias.com\\\/v3\\\/#website\"},\"primaryImageOfPage\":{\"@id\":\"https:\\\/\\\/cvinoticias.com\\\/v3\\\/la-policia-de-misiones-capturo-a-un-evadido-del-penal-de-loreto\\\/#primaryimage\"},\"image\":{\"@id\":\"https:\\\/\\\/cvinoticias.com\\\/v3\\\/la-policia-de-misiones-capturo-a-un-evadido-del-penal-de-loreto\\\/#primaryimage\"},\"thumbnailUrl\":\"https:\\\/\\\/cvinoticias.com\\\/wp-content\\\/uploads\\\/2022\\\/11\\\/IMG-20221114-WA0017.jpg\",\"datePublished\":\"2022-11-14T12:59:05+00:00\",\"breadcrumb\":{\"@id\":\"https:\\\/\\\/cvinoticias.com\\\/v3\\\/la-policia-de-misiones-capturo-a-un-evadido-del-penal-de-loreto\\\/#breadcrumb\"},\"inLanguage\":\"es\",\"potentialAction\":[{\"@type\":\"ReadAction\",\"target\":[\"https:\\\/\\\/cvinoticias.com\\\/v3\\\/la-policia-de-misiones-capturo-a-un-evadido-del-penal-de-loreto\\\/\"]}]},{\"@type\":\"ImageObject\",\"inLanguage\":\"es\",\"@id\":\"https:\\\/\\\/cvinoticias.com\\\/v3\\\/la-policia-de-misiones-capturo-a-un-evadido-del-penal-de-loreto\\\/#primaryimage\",\"url\":\"https:\\\/\\\/cvinoticias.com\\\/wp-content\\\/uploads\\\/2022\\\/11\\\/IMG-20221114-WA0017.jpg\",\"contentUrl\":\"https:\\\/\\\/cvinoticias.com\\\/wp-content\\\/uploads\\\/2022\\\/11\\\/IMG-20221114-WA0017.jpg\",\"width\":450,\"height\":852},{\"@type\":\"BreadcrumbList\",\"@id\":\"https:\\\/\\\/cvinoticias.com\\\/v3\\\/la-policia-de-misiones-capturo-a-un-evadido-del-penal-de-loreto\\\/#breadcrumb\",\"itemListElement\":[{\"@type\":\"ListItem\",\"position\":1,\"name\":\"Portada\",\"item\":\"https:\\\/\\\/cvinoticias.com\\\/v3\\\/\"},{\"@type\":\"ListItem\",\"position\":2,\"name\":\"La Polic\u00eda de Misiones captur\u00f3 a un evadido del Penal de Loreto\"}]},{\"@type\":\"WebSite\",\"@id\":\"https:\\\/\\\/cvinoticias.com\\\/v3\\\/#website\",\"url\":\"https:\\\/\\\/cvinoticias.com\\\/v3\\\/\",\"name\":\"CVI NOTICIAS\",\"description\":\"\",\"publisher\":{\"@id\":\"https:\\\/\\\/cvinoticias.com\\\/v3\\\/#organization\"},\"alternateName\":\"CVI\",\"potentialAction\":[{\"@type\":\"SearchAction\",\"target\":{\"@type\":\"EntryPoint\",\"urlTemplate\":\"https:\\\/\\\/cvinoticias.com\\\/v3\\\/?s={search_term_string}\"},\"query-input\":{\"@type\":\"PropertyValueSpecification\",\"valueRequired\":true,\"valueName\":\"search_term_string\"}}],\"inLanguage\":\"es\"},{\"@type\":\"Organization\",\"@id\":\"https:\\\/\\\/cvinoticias.com\\\/v3\\\/#organization\",\"name\":\"CVI NOTICIAS\",\"url\":\"https:\\\/\\\/cvinoticias.com\\\/v3\\\/\",\"logo\":{\"@type\":\"ImageObject\",\"inLanguage\":\"es\",\"@id\":\"https:\\\/\\\/cvinoticias.com\\\/v3\\\/#\\\/schema\\\/logo\\\/image\\\/\",\"url\":\"https:\\\/\\\/cvinoticias.com\\\/wp-content\\\/uploads\\\/2023\\\/04\\\/cropped-cropped-cropped-cropped-cropped-3-1.png\",\"contentUrl\":\"https:\\\/\\\/cvinoticias.com\\\/wp-content\\\/uploads\\\/2023\\\/04\\\/cropped-cropped-cropped-cropped-cropped-3-1.png\",\"width\":95,\"height\":122,\"caption\":\"CVI NOTICIAS\"},\"image\":{\"@id\":\"https:\\\/\\\/cvinoticias.com\\\/v3\\\/#\\\/schema\\\/logo\\\/image\\\/\"},\"sameAs\":[\"https:\\\/\\\/www.facebook.com\\\/cvinoticias\",\"https:\\\/\\\/www.instagram.com\\\/cvinoticias\\\/\",\"https:\\\/\\\/www.youtube.com\\\/@CVINOTICIAS\"]},{\"@type\":\"Person\",\"@id\":\"https:\\\/\\\/cvinoticias.com\\\/v3\\\/#\\\/schema\\\/person\\\/2db77e3c6bc03c538495d7b2b8be9b66\",\"name\":\"f1000024\",\"image\":{\"@type\":\"ImageObject\",\"inLanguage\":\"es\",\"@id\":\"https:\\\/\\\/secure.gravatar.com\\\/avatar\\\/d4fe7459cfc51ff5129ce1a732bbef5928568b8092d412ef95611616376bbeed?s=96&d=mm&r=g\",\"url\":\"https:\\\/\\\/secure.gravatar.com\\\/avatar\\\/d4fe7459cfc51ff5129ce1a732bbef5928568b8092d412ef95611616376bbeed?s=96&d=mm&r=g\",\"contentUrl\":\"https:\\\/\\\/secure.gravatar.com\\\/avatar\\\/d4fe7459cfc51ff5129ce1a732bbef5928568b8092d412ef95611616376bbeed?s=96&d=mm&r=g\",\"caption\":\"f1000024\"},\"url\":\"https:\\\/\\\/cvinoticias.com\\\/v3\\\/author\\\/f1000024\\\/\"}]}<\/script>\n<!-- \/ Yoast SEO plugin. -->","yoast_head_json":{"title":"La Polic\u00eda de Misiones captur\u00f3 a un evadido del Penal de Loreto | CVI NOTICIAS","robots":{"index":"index","follow":"follow","max-snippet":"max-snippet:-1","max-image-preview":"max-image-preview:large","max-video-preview":"max-video-preview:-1"},"canonical":"https:\/\/cvinoticias.com\/v3\/la-policia-de-misiones-capturo-a-un-evadido-del-penal-de-loreto\/","og_locale":"es_ES","og_type":"article","og_title":"La Polic\u00eda de Misiones captur\u00f3 a un evadido del Penal de Loreto | CVI NOTICIAS","og_description":"Rafael Martin P. de 40 a\u00f1os, fue recapturado esta madrugada en la localidad de San Javier, quien era buscado desde agosto del a\u00f1o pasado debido a que se hab\u00eda fugado de la Unidad Penal Uno de Loreto. Seg\u00fan la denuncia del personal del Servicio Penitenciario Provincial, el 29 de agosto del 2021, al momento del [&hellip;]","og_url":"https:\/\/cvinoticias.com\/v3\/la-policia-de-misiones-capturo-a-un-evadido-del-penal-de-loreto\/","og_site_name":"CVI NOTICIAS","article_publisher":"https:\/\/www.facebook.com\/cvinoticias","article_published_time":"2022-11-14T12:59:05+00:00","og_image":[{"width":450,"height":852,"url":"https:\/\/cvinoticias.com\/wp-content\/uploads\/2022\/11\/IMG-20221114-WA0017.jpg","type":"image\/jpeg"}],"author":"f1000024","twitter_card":"summary_large_image","twitter_misc":{"Escrito por":"f1000024","Tiempo de lectura":"1 minuto"},"schema":{"@context":"https:\/\/schema.org","@graph":[{"@type":"Article","@id":"https:\/\/cvinoticias.com\/v3\/la-policia-de-misiones-capturo-a-un-evadido-del-penal-de-loreto\/#article","isPartOf":{"@id":"https:\/\/cvinoticias.com\/v3\/la-policia-de-misiones-capturo-a-un-evadido-del-penal-de-loreto\/"},"author":{"name":"f1000024","@id":"https:\/\/cvinoticias.com\/v3\/#\/schema\/person\/2db77e3c6bc03c538495d7b2b8be9b66"},"headline":"La Polic\u00eda de Misiones captur\u00f3 a un evadido del Penal de Loreto","datePublished":"2022-11-14T12:59:05+00:00","mainEntityOfPage":{"@id":"https:\/\/cvinoticias.com\/v3\/la-policia-de-misiones-capturo-a-un-evadido-del-penal-de-loreto\/"},"wordCount":193,"commentCount":0,"publisher":{"@id":"https:\/\/cvinoticias.com\/v3\/#organization"},"image":{"@id":"https:\/\/cvinoticias.com\/v3\/la-policia-de-misiones-capturo-a-un-evadido-del-penal-de-loreto\/#primaryimage"},"thumbnailUrl":"https:\/\/cvinoticias.com\/wp-content\/uploads\/2022\/11\/IMG-20221114-WA0017.jpg","articleSection":["Policiales"],"inLanguage":"es","potentialAction":[{"@type":"CommentAction","name":"Comment","target":["https:\/\/cvinoticias.com\/v3\/la-policia-de-misiones-capturo-a-un-evadido-del-penal-de-loreto\/#respond"]}]},{"@type":"WebPage","@id":"https:\/\/cvinoticias.com\/v3\/la-policia-de-misiones-capturo-a-un-evadido-del-penal-de-loreto\/","url":"https:\/\/cvinoticias.com\/v3\/la-policia-de-misiones-capturo-a-un-evadido-del-penal-de-loreto\/","name":"La Polic\u00eda de Misiones captur\u00f3 a un evadido del Penal de Loreto | CVI NOTICIAS","isPartOf":{"@id":"https:\/\/cvinoticias.com\/v3\/#website"},"primaryImageOfPage":{"@id":"https:\/\/cvinoticias.com\/v3\/la-policia-de-misiones-capturo-a-un-evadido-del-penal-de-loreto\/#primaryimage"},"image":{"@id":"https:\/\/cvinoticias.com\/v3\/la-policia-de-misiones-capturo-a-un-evadido-del-penal-de-loreto\/#primaryimage"},"thumbnailUrl":"https:\/\/cvinoticias.com\/wp-content\/uploads\/2022\/11\/IMG-20221114-WA0017.jpg","datePublished":"2022-11-14T12:59:05+00:00","breadcrumb":{"@id":"https:\/\/cvinoticias.com\/v3\/la-policia-de-misiones-capturo-a-un-evadido-del-penal-de-loreto\/#breadcrumb"},"inLanguage":"es","potentialAction":[{"@type":"ReadAction","target":["https:\/\/cvinoticias.com\/v3\/la-policia-de-misiones-capturo-a-un-evadido-del-penal-de-loreto\/"]}]},{"@type":"ImageObject","inLanguage":"es","@id":"https:\/\/cvinoticias.com\/v3\/la-policia-de-misiones-capturo-a-un-evadido-del-penal-de-loreto\/#primaryimage","url":"https:\/\/cvinoticias.com\/wp-content\/uploads\/2022\/11\/IMG-20221114-WA0017.jpg","contentUrl":"https:\/\/cvinoticias.com\/wp-content\/uploads\/2022\/11\/IMG-20221114-WA0017.jpg","width":450,"height":852},{"@type":"BreadcrumbList","@id":"https:\/\/cvinoticias.com\/v3\/la-policia-de-misiones-capturo-a-un-evadido-del-penal-de-loreto\/#breadcrumb","itemListElement":[{"@type":"ListItem","position":1,"name":"Portada","item":"https:\/\/cvinoticias.com\/v3\/"},{"@type":"ListItem","position":2,"name":"La Polic\u00eda de Misiones captur\u00f3 a un evadido del Penal de Loreto"}]},{"@type":"WebSite","@id":"https:\/\/cvinoticias.com\/v3\/#website","url":"https:\/\/cvinoticias.com\/v3\/","name":"CVI NOTICIAS","description":"","publisher":{"@id":"https:\/\/cvinoticias.com\/v3\/#organization"},"alternateName":"CVI","potentialAction":[{"@type":"SearchAction","target":{"@type":"EntryPoint","urlTemplate":"https:\/\/cvinoticias.com\/v3\/?s={search_term_string}"},"query-input":{"@type":"PropertyValueSpecification","valueRequired":true,"valueName":"search_term_string"}}],"inLanguage":"es"},{"@type":"Organization","@id":"https:\/\/cvinoticias.com\/v3\/#organization","name":"CVI NOTICIAS","url":"https:\/\/cvinoticias.com\/v3\/","logo":{"@type":"ImageObject","inLanguage":"es","@id":"https:\/\/cvinoticias.com\/v3\/#\/schema\/logo\/image\/","url":"https:\/\/cvinoticias.com\/wp-content\/uploads\/2023\/04\/cropped-cropped-cropped-cropped-cropped-3-1.png","contentUrl":"https:\/\/cvinoticias.com\/wp-content\/uploads\/2023\/04\/cropped-cropped-cropped-cropped-cropped-3-1.png","width":95,"height":122,"caption":"CVI NOTICIAS"},"image":{"@id":"https:\/\/cvinoticias.com\/v3\/#\/schema\/logo\/image\/"},"sameAs":["https:\/\/www.facebook.com\/cvinoticias","https:\/\/www.instagram.com\/cvinoticias\/","https:\/\/www.youtube.com\/@CVINOTICIAS"]},{"@type":"Person","@id":"https:\/\/cvinoticias.com\/v3\/#\/schema\/person\/2db77e3c6bc03c538495d7b2b8be9b66","name":"f1000024","image":{"@type":"ImageObject","inLanguage":"es","@id":"https:\/\/secure.gravatar.com\/avatar\/d4fe7459cfc51ff5129ce1a732bbef5928568b8092d412ef95611616376bbeed?s=96&d=mm&r=g","url":"https:\/\/secure.gravatar.com\/avatar\/d4fe7459cfc51ff5129ce1a732bbef5928568b8092d412ef95611616376bbeed?s=96&d=mm&r=g","contentUrl":"https:\/\/secure.gravatar.com\/avatar\/d4fe7459cfc51ff5129ce1a732bbef5928568b8092d412ef95611616376bbeed?s=96&d=mm&r=g","caption":"f1000024"},"url":"https:\/\/cvinoticias.com\/v3\/author\/f1000024\/"}]}},"_links":{"self":[{"href":"https:\/\/cvinoticias.com\/v3\/wp-json\/wp\/v2\/posts\/20657","targetHints":{"allow":["GET"]}}],"collection":[{"href":"https:\/\/cvinoticias.com\/v3\/wp-json\/wp\/v2\/posts"}],"about":[{"href":"https:\/\/cvinoticias.com\/v3\/wp-json\/wp\/v2\/types\/post"}],"author":[{"embeddable":true,"href":"https:\/\/cvinoticias.com\/v3\/wp-json\/wp\/v2\/users\/2"}],"replies":[{"embeddable":true,"href":"https:\/\/cvinoticias.com\/v3\/wp-json\/wp\/v2\/comments?post=20657"}],"version-history":[{"count":1,"href":"https:\/\/cvinoticias.com\/v3\/wp-json\/wp\/v2\/posts\/20657\/revisions"}],"predecessor-version":[{"id":20659,"href":"https:\/\/cvinoticias.com\/v3\/wp-json\/wp\/v2\/posts\/20657\/revisions\/20659"}],"wp:featuredmedia":[{"embeddable":true,"href":"https:\/\/cvinoticias.com\/v3\/wp-json\/wp\/v2\/media\/20658"}],"wp:attachment":[{"href":"https:\/\/cvinoticias.com\/v3\/wp-json\/wp\/v2\/media?parent=20657"}],"wp:term":[{"taxonomy":"category","embeddable":true,"href":"https:\/\/cvinoticias.com\/v3\/wp-json\/wp\/v2\/categories?post=20657"},{"taxonomy":"post_tag","embeddable":true,"href":"https:\/\/cvinoticias.com\/v3\/wp-json\/wp\/v2\/tags?post=20657"}],"curies":[{"name":"wp","href":"https:\/\/api.w.org\/{rel}","templated":true}]}}