{"id":20514,"date":"2022-11-07T00:32:12","date_gmt":"2022-11-07T00:32:12","guid":{"rendered":"https:\/\/cvinoticias.com\/v3\/?p=20514"},"modified":"2022-11-07T00:32:12","modified_gmt":"2022-11-07T00:32:12","slug":"arrestaron-a-uno-de-los-delincuentes-que-asalto-a-una-familia-de-puerto-iguazu-y-robo-un-automovil","status":"publish","type":"post","link":"https:\/\/cvinoticias.com\/v3\/arrestaron-a-uno-de-los-delincuentes-que-asalto-a-una-familia-de-puerto-iguazu-y-robo-un-automovil\/","title":{"rendered":"Arrestaron a uno de los delincuentes que asalt\u00f3 a una familia de Puerto Iguaz\u00fa y rob\u00f3 un autom\u00f3vil"},"content":{"rendered":"\n<p><strong><em>Se trata de C\u00e9sar Ram\u00f3n C. de 23 a\u00f1os, oriundo de Paraguay, quien fue detenido anoche tras un allanamiento en el barrio Orqu\u00eddea de esa localidad, por un rob\u00f3 calificado ocurrido el d\u00eda martes en el barrio hotelero 600 Hect\u00e1reas. La Polic\u00eda contin\u00faa las b\u00fasquedas para dar con los dem\u00e1s involucrados.<\/em><\/strong><\/p>\n\n\n\n<p>El il\u00edcito ocurri\u00f3 durante la madrugada del \u00faltimo martes, cuando unos cinco delincuentes, con el rostro cubierto, irrumpieron en una vivienda del vecindario antes mencionado y asaltaron a una familia, a quienes los maniataron, amans\u00e1ndoles de muerte. De esta forma, se robaron tel\u00e9fonos celulares, dinero y huyeron en el autom\u00f3vil familiar.<\/p>\n\n\n\n<figure class=\"wp-block-image size-large\"><a href=\"https:\/\/cvinoticias.com\/wp-content\/uploads\/2022\/11\/IMG-20221106-WA0154.jpg\"><img decoding=\"async\" width=\"1024\" height=\"421\" data-src=\"https:\/\/cvinoticias.com\/wp-content\/uploads\/2022\/11\/IMG-20221106-WA0154-1024x421.jpg\" alt=\"\" class=\"wp-image-20515 lazyload\" data-srcset=\"https:\/\/cvinoticias.com\/wp-content\/uploads\/2022\/11\/IMG-20221106-WA0154-1024x421.jpg 1024w, https:\/\/cvinoticias.com\/wp-content\/uploads\/2022\/11\/IMG-20221106-WA0154-300x123.jpg 300w, https:\/\/cvinoticias.com\/wp-content\/uploads\/2022\/11\/IMG-20221106-WA0154-768x316.jpg 768w, https:\/\/cvinoticias.com\/wp-content\/uploads\/2022\/11\/IMG-20221106-WA0154.jpg 1440w\" data-sizes=\"(max-width: 1024px) 100vw, 1024px\" src=\"data:image\/svg+xml;base64,PHN2ZyB3aWR0aD0iMSIgaGVpZ2h0PSIxIiB4bWxucz0iaHR0cDovL3d3dy53My5vcmcvMjAwMC9zdmciPjwvc3ZnPg==\" style=\"--smush-placeholder-width: 1024px; --smush-placeholder-aspect-ratio: 1024\/421;\" \/><\/a><\/figure>\n\n\n\n<p>A partir de ese entonces, los agentes iniciaron distintos despliegues para dar con los asaltantes y analizaron los registros f\u00edlmicos del lugar. A las pocas horas del delito, mediante un amplio operativo cerrojo, recuperaron el autom\u00f3vil, el cual fue abandonado en la calle Posadas.<\/p>\n\n\n\n<p>Luego de varios d\u00edas de investigaci\u00f3n, diferentes dependencias de la Unidad Regional V, allanaron el domicilio de uno de los delincuentes, por orden del Juzgado de Instrucci\u00f3n N.\u00ba 3 de Iguaz\u00fa. En el sitio, arrestaron a C\u00e9sar Ram\u00f3n (23) y secuestraron varias prendas de vestir, que guardar\u00edan relaci\u00f3n en la causa.<\/p>\n\n\n\n<p>El detenido fue llevado a la dependencia policial, d\u00f3nde permanece alojado a disposici\u00f3n de la Justicia. En tanto, los investigadores persisten las tareas correspondientes para capturar a los dem\u00e1s implicados y recuperar los objetos faltantes.<\/p>\n","protected":false},"excerpt":{"rendered":"<p>Se trata de C\u00e9sar Ram\u00f3n C. de 23 a\u00f1os, oriundo de Paraguay, quien fue detenido anoche tras un allanamiento en el barrio Orqu\u00eddea de esa localidad, por un rob\u00f3 calificado ocurrido el d\u00eda martes en el barrio hotelero 600 Hect\u00e1reas. La Polic\u00eda contin\u00faa las b\u00fasquedas para dar con los dem\u00e1s involucrados. El il\u00edcito ocurri\u00f3 durante [&hellip;]<\/p>\n","protected":false},"author":2,"featured_media":20516,"comment_status":"open","ping_status":"open","sticky":false,"template":"","format":"standard","meta":{"footnotes":""},"categories":[41],"tags":[],"class_list":["post-20514","post","type-post","status-publish","format-standard","has-post-thumbnail","hentry","category-policiales"],"yoast_head":"<!-- This site is optimized with the Yoast SEO plugin v27.4 - https:\/\/yoast.com\/product\/yoast-seo-wordpress\/ -->\n<title>Arrestaron a uno de los delincuentes que asalt\u00f3 a una familia de Puerto Iguaz\u00fa y rob\u00f3 un autom\u00f3vil | CVI NOTICIAS<\/title>\n<meta name=\"robots\" content=\"index, follow, max-snippet:-1, max-image-preview:large, max-video-preview:-1\" \/>\n<link rel=\"canonical\" href=\"https:\/\/cvinoticias.com\/v3\/arrestaron-a-uno-de-los-delincuentes-que-asalto-a-una-familia-de-puerto-iguazu-y-robo-un-automovil\/\" \/>\n<meta property=\"og:locale\" content=\"es_ES\" \/>\n<meta property=\"og:type\" content=\"article\" \/>\n<meta property=\"og:title\" content=\"Arrestaron a uno de los delincuentes que asalt\u00f3 a una familia de Puerto Iguaz\u00fa y rob\u00f3 un autom\u00f3vil | CVI NOTICIAS\" \/>\n<meta property=\"og:description\" content=\"Se trata de C\u00e9sar Ram\u00f3n C. de 23 a\u00f1os, oriundo de Paraguay, quien fue detenido anoche tras un allanamiento en el barrio Orqu\u00eddea de esa localidad, por un rob\u00f3 calificado ocurrido el d\u00eda martes en el barrio hotelero 600 Hect\u00e1reas. La Polic\u00eda contin\u00faa las b\u00fasquedas para dar con los dem\u00e1s involucrados. El il\u00edcito ocurri\u00f3 durante [&hellip;]\" \/>\n<meta property=\"og:url\" content=\"https:\/\/cvinoticias.com\/v3\/arrestaron-a-uno-de-los-delincuentes-que-asalto-a-una-familia-de-puerto-iguazu-y-robo-un-automovil\/\" \/>\n<meta property=\"og:site_name\" content=\"CVI NOTICIAS\" \/>\n<meta property=\"article:publisher\" content=\"https:\/\/www.facebook.com\/cvinoticias\" \/>\n<meta property=\"article:published_time\" content=\"2022-11-07T00:32:12+00:00\" \/>\n<meta property=\"og:image\" content=\"https:\/\/cvinoticias.com\/wp-content\/uploads\/2022\/11\/IMG-20221106-WA0153.jpg\" \/>\n\t<meta property=\"og:image:width\" content=\"958\" \/>\n\t<meta property=\"og:image:height\" content=\"1280\" \/>\n\t<meta property=\"og:image:type\" content=\"image\/jpeg\" \/>\n<meta name=\"author\" content=\"f1000024\" \/>\n<meta name=\"twitter:card\" content=\"summary_large_image\" \/>\n<meta name=\"twitter:label1\" content=\"Escrito por\" \/>\n\t<meta name=\"twitter:data1\" content=\"f1000024\" \/>\n\t<meta name=\"twitter:label2\" content=\"Tiempo de lectura\" \/>\n\t<meta name=\"twitter:data2\" content=\"1 minuto\" \/>\n<script type=\"application\/ld+json\" class=\"yoast-schema-graph\">{\"@context\":\"https:\\\/\\\/schema.org\",\"@graph\":[{\"@type\":\"Article\",\"@id\":\"https:\\\/\\\/cvinoticias.com\\\/v3\\\/arrestaron-a-uno-de-los-delincuentes-que-asalto-a-una-familia-de-puerto-iguazu-y-robo-un-automovil\\\/#article\",\"isPartOf\":{\"@id\":\"https:\\\/\\\/cvinoticias.com\\\/v3\\\/arrestaron-a-uno-de-los-delincuentes-que-asalto-a-una-familia-de-puerto-iguazu-y-robo-un-automovil\\\/\"},\"author\":{\"name\":\"f1000024\",\"@id\":\"https:\\\/\\\/cvinoticias.com\\\/v3\\\/#\\\/schema\\\/person\\\/2db77e3c6bc03c538495d7b2b8be9b66\"},\"headline\":\"Arrestaron a uno de los delincuentes que asalt\u00f3 a una familia de Puerto Iguaz\u00fa y rob\u00f3 un autom\u00f3vil\",\"datePublished\":\"2022-11-07T00:32:12+00:00\",\"mainEntityOfPage\":{\"@id\":\"https:\\\/\\\/cvinoticias.com\\\/v3\\\/arrestaron-a-uno-de-los-delincuentes-que-asalto-a-una-familia-de-puerto-iguazu-y-robo-un-automovil\\\/\"},\"wordCount\":273,\"commentCount\":0,\"publisher\":{\"@id\":\"https:\\\/\\\/cvinoticias.com\\\/v3\\\/#organization\"},\"image\":{\"@id\":\"https:\\\/\\\/cvinoticias.com\\\/v3\\\/arrestaron-a-uno-de-los-delincuentes-que-asalto-a-una-familia-de-puerto-iguazu-y-robo-un-automovil\\\/#primaryimage\"},\"thumbnailUrl\":\"https:\\\/\\\/cvinoticias.com\\\/wp-content\\\/uploads\\\/2022\\\/11\\\/IMG-20221106-WA0153.jpg\",\"articleSection\":[\"Policiales\"],\"inLanguage\":\"es\",\"potentialAction\":[{\"@type\":\"CommentAction\",\"name\":\"Comment\",\"target\":[\"https:\\\/\\\/cvinoticias.com\\\/v3\\\/arrestaron-a-uno-de-los-delincuentes-que-asalto-a-una-familia-de-puerto-iguazu-y-robo-un-automovil\\\/#respond\"]}]},{\"@type\":\"WebPage\",\"@id\":\"https:\\\/\\\/cvinoticias.com\\\/v3\\\/arrestaron-a-uno-de-los-delincuentes-que-asalto-a-una-familia-de-puerto-iguazu-y-robo-un-automovil\\\/\",\"url\":\"https:\\\/\\\/cvinoticias.com\\\/v3\\\/arrestaron-a-uno-de-los-delincuentes-que-asalto-a-una-familia-de-puerto-iguazu-y-robo-un-automovil\\\/\",\"name\":\"Arrestaron a uno de los delincuentes que asalt\u00f3 a una familia de Puerto Iguaz\u00fa y rob\u00f3 un autom\u00f3vil | CVI NOTICIAS\",\"isPartOf\":{\"@id\":\"https:\\\/\\\/cvinoticias.com\\\/v3\\\/#website\"},\"primaryImageOfPage\":{\"@id\":\"https:\\\/\\\/cvinoticias.com\\\/v3\\\/arrestaron-a-uno-de-los-delincuentes-que-asalto-a-una-familia-de-puerto-iguazu-y-robo-un-automovil\\\/#primaryimage\"},\"image\":{\"@id\":\"https:\\\/\\\/cvinoticias.com\\\/v3\\\/arrestaron-a-uno-de-los-delincuentes-que-asalto-a-una-familia-de-puerto-iguazu-y-robo-un-automovil\\\/#primaryimage\"},\"thumbnailUrl\":\"https:\\\/\\\/cvinoticias.com\\\/wp-content\\\/uploads\\\/2022\\\/11\\\/IMG-20221106-WA0153.jpg\",\"datePublished\":\"2022-11-07T00:32:12+00:00\",\"breadcrumb\":{\"@id\":\"https:\\\/\\\/cvinoticias.com\\\/v3\\\/arrestaron-a-uno-de-los-delincuentes-que-asalto-a-una-familia-de-puerto-iguazu-y-robo-un-automovil\\\/#breadcrumb\"},\"inLanguage\":\"es\",\"potentialAction\":[{\"@type\":\"ReadAction\",\"target\":[\"https:\\\/\\\/cvinoticias.com\\\/v3\\\/arrestaron-a-uno-de-los-delincuentes-que-asalto-a-una-familia-de-puerto-iguazu-y-robo-un-automovil\\\/\"]}]},{\"@type\":\"ImageObject\",\"inLanguage\":\"es\",\"@id\":\"https:\\\/\\\/cvinoticias.com\\\/v3\\\/arrestaron-a-uno-de-los-delincuentes-que-asalto-a-una-familia-de-puerto-iguazu-y-robo-un-automovil\\\/#primaryimage\",\"url\":\"https:\\\/\\\/cvinoticias.com\\\/wp-content\\\/uploads\\\/2022\\\/11\\\/IMG-20221106-WA0153.jpg\",\"contentUrl\":\"https:\\\/\\\/cvinoticias.com\\\/wp-content\\\/uploads\\\/2022\\\/11\\\/IMG-20221106-WA0153.jpg\",\"width\":958,\"height\":1280},{\"@type\":\"BreadcrumbList\",\"@id\":\"https:\\\/\\\/cvinoticias.com\\\/v3\\\/arrestaron-a-uno-de-los-delincuentes-que-asalto-a-una-familia-de-puerto-iguazu-y-robo-un-automovil\\\/#breadcrumb\",\"itemListElement\":[{\"@type\":\"ListItem\",\"position\":1,\"name\":\"Portada\",\"item\":\"https:\\\/\\\/cvinoticias.com\\\/v3\\\/\"},{\"@type\":\"ListItem\",\"position\":2,\"name\":\"Arrestaron a uno de los delincuentes que asalt\u00f3 a una familia de Puerto Iguaz\u00fa y rob\u00f3 un autom\u00f3vil\"}]},{\"@type\":\"WebSite\",\"@id\":\"https:\\\/\\\/cvinoticias.com\\\/v3\\\/#website\",\"url\":\"https:\\\/\\\/cvinoticias.com\\\/v3\\\/\",\"name\":\"CVI NOTICIAS\",\"description\":\"\",\"publisher\":{\"@id\":\"https:\\\/\\\/cvinoticias.com\\\/v3\\\/#organization\"},\"alternateName\":\"CVI\",\"potentialAction\":[{\"@type\":\"SearchAction\",\"target\":{\"@type\":\"EntryPoint\",\"urlTemplate\":\"https:\\\/\\\/cvinoticias.com\\\/v3\\\/?s={search_term_string}\"},\"query-input\":{\"@type\":\"PropertyValueSpecification\",\"valueRequired\":true,\"valueName\":\"search_term_string\"}}],\"inLanguage\":\"es\"},{\"@type\":\"Organization\",\"@id\":\"https:\\\/\\\/cvinoticias.com\\\/v3\\\/#organization\",\"name\":\"CVI NOTICIAS\",\"url\":\"https:\\\/\\\/cvinoticias.com\\\/v3\\\/\",\"logo\":{\"@type\":\"ImageObject\",\"inLanguage\":\"es\",\"@id\":\"https:\\\/\\\/cvinoticias.com\\\/v3\\\/#\\\/schema\\\/logo\\\/image\\\/\",\"url\":\"https:\\\/\\\/cvinoticias.com\\\/wp-content\\\/uploads\\\/2023\\\/04\\\/cropped-cropped-cropped-cropped-cropped-3-1.png\",\"contentUrl\":\"https:\\\/\\\/cvinoticias.com\\\/wp-content\\\/uploads\\\/2023\\\/04\\\/cropped-cropped-cropped-cropped-cropped-3-1.png\",\"width\":95,\"height\":122,\"caption\":\"CVI NOTICIAS\"},\"image\":{\"@id\":\"https:\\\/\\\/cvinoticias.com\\\/v3\\\/#\\\/schema\\\/logo\\\/image\\\/\"},\"sameAs\":[\"https:\\\/\\\/www.facebook.com\\\/cvinoticias\",\"https:\\\/\\\/www.instagram.com\\\/cvinoticias\\\/\",\"https:\\\/\\\/www.youtube.com\\\/@CVINOTICIAS\"]},{\"@type\":\"Person\",\"@id\":\"https:\\\/\\\/cvinoticias.com\\\/v3\\\/#\\\/schema\\\/person\\\/2db77e3c6bc03c538495d7b2b8be9b66\",\"name\":\"f1000024\",\"image\":{\"@type\":\"ImageObject\",\"inLanguage\":\"es\",\"@id\":\"https:\\\/\\\/secure.gravatar.com\\\/avatar\\\/d4fe7459cfc51ff5129ce1a732bbef5928568b8092d412ef95611616376bbeed?s=96&d=mm&r=g\",\"url\":\"https:\\\/\\\/secure.gravatar.com\\\/avatar\\\/d4fe7459cfc51ff5129ce1a732bbef5928568b8092d412ef95611616376bbeed?s=96&d=mm&r=g\",\"contentUrl\":\"https:\\\/\\\/secure.gravatar.com\\\/avatar\\\/d4fe7459cfc51ff5129ce1a732bbef5928568b8092d412ef95611616376bbeed?s=96&d=mm&r=g\",\"caption\":\"f1000024\"},\"url\":\"https:\\\/\\\/cvinoticias.com\\\/v3\\\/author\\\/f1000024\\\/\"}]}<\/script>\n<!-- \/ Yoast SEO plugin. -->","yoast_head_json":{"title":"Arrestaron a uno de los delincuentes que asalt\u00f3 a una familia de Puerto Iguaz\u00fa y rob\u00f3 un autom\u00f3vil | CVI NOTICIAS","robots":{"index":"index","follow":"follow","max-snippet":"max-snippet:-1","max-image-preview":"max-image-preview:large","max-video-preview":"max-video-preview:-1"},"canonical":"https:\/\/cvinoticias.com\/v3\/arrestaron-a-uno-de-los-delincuentes-que-asalto-a-una-familia-de-puerto-iguazu-y-robo-un-automovil\/","og_locale":"es_ES","og_type":"article","og_title":"Arrestaron a uno de los delincuentes que asalt\u00f3 a una familia de Puerto Iguaz\u00fa y rob\u00f3 un autom\u00f3vil | CVI NOTICIAS","og_description":"Se trata de C\u00e9sar Ram\u00f3n C. de 23 a\u00f1os, oriundo de Paraguay, quien fue detenido anoche tras un allanamiento en el barrio Orqu\u00eddea de esa localidad, por un rob\u00f3 calificado ocurrido el d\u00eda martes en el barrio hotelero 600 Hect\u00e1reas. La Polic\u00eda contin\u00faa las b\u00fasquedas para dar con los dem\u00e1s involucrados. El il\u00edcito ocurri\u00f3 durante [&hellip;]","og_url":"https:\/\/cvinoticias.com\/v3\/arrestaron-a-uno-de-los-delincuentes-que-asalto-a-una-familia-de-puerto-iguazu-y-robo-un-automovil\/","og_site_name":"CVI NOTICIAS","article_publisher":"https:\/\/www.facebook.com\/cvinoticias","article_published_time":"2022-11-07T00:32:12+00:00","og_image":[{"width":958,"height":1280,"url":"https:\/\/cvinoticias.com\/wp-content\/uploads\/2022\/11\/IMG-20221106-WA0153.jpg","type":"image\/jpeg"}],"author":"f1000024","twitter_card":"summary_large_image","twitter_misc":{"Escrito por":"f1000024","Tiempo de lectura":"1 minuto"},"schema":{"@context":"https:\/\/schema.org","@graph":[{"@type":"Article","@id":"https:\/\/cvinoticias.com\/v3\/arrestaron-a-uno-de-los-delincuentes-que-asalto-a-una-familia-de-puerto-iguazu-y-robo-un-automovil\/#article","isPartOf":{"@id":"https:\/\/cvinoticias.com\/v3\/arrestaron-a-uno-de-los-delincuentes-que-asalto-a-una-familia-de-puerto-iguazu-y-robo-un-automovil\/"},"author":{"name":"f1000024","@id":"https:\/\/cvinoticias.com\/v3\/#\/schema\/person\/2db77e3c6bc03c538495d7b2b8be9b66"},"headline":"Arrestaron a uno de los delincuentes que asalt\u00f3 a una familia de Puerto Iguaz\u00fa y rob\u00f3 un autom\u00f3vil","datePublished":"2022-11-07T00:32:12+00:00","mainEntityOfPage":{"@id":"https:\/\/cvinoticias.com\/v3\/arrestaron-a-uno-de-los-delincuentes-que-asalto-a-una-familia-de-puerto-iguazu-y-robo-un-automovil\/"},"wordCount":273,"commentCount":0,"publisher":{"@id":"https:\/\/cvinoticias.com\/v3\/#organization"},"image":{"@id":"https:\/\/cvinoticias.com\/v3\/arrestaron-a-uno-de-los-delincuentes-que-asalto-a-una-familia-de-puerto-iguazu-y-robo-un-automovil\/#primaryimage"},"thumbnailUrl":"https:\/\/cvinoticias.com\/wp-content\/uploads\/2022\/11\/IMG-20221106-WA0153.jpg","articleSection":["Policiales"],"inLanguage":"es","potentialAction":[{"@type":"CommentAction","name":"Comment","target":["https:\/\/cvinoticias.com\/v3\/arrestaron-a-uno-de-los-delincuentes-que-asalto-a-una-familia-de-puerto-iguazu-y-robo-un-automovil\/#respond"]}]},{"@type":"WebPage","@id":"https:\/\/cvinoticias.com\/v3\/arrestaron-a-uno-de-los-delincuentes-que-asalto-a-una-familia-de-puerto-iguazu-y-robo-un-automovil\/","url":"https:\/\/cvinoticias.com\/v3\/arrestaron-a-uno-de-los-delincuentes-que-asalto-a-una-familia-de-puerto-iguazu-y-robo-un-automovil\/","name":"Arrestaron a uno de los delincuentes que asalt\u00f3 a una familia de Puerto Iguaz\u00fa y rob\u00f3 un autom\u00f3vil | CVI NOTICIAS","isPartOf":{"@id":"https:\/\/cvinoticias.com\/v3\/#website"},"primaryImageOfPage":{"@id":"https:\/\/cvinoticias.com\/v3\/arrestaron-a-uno-de-los-delincuentes-que-asalto-a-una-familia-de-puerto-iguazu-y-robo-un-automovil\/#primaryimage"},"image":{"@id":"https:\/\/cvinoticias.com\/v3\/arrestaron-a-uno-de-los-delincuentes-que-asalto-a-una-familia-de-puerto-iguazu-y-robo-un-automovil\/#primaryimage"},"thumbnailUrl":"https:\/\/cvinoticias.com\/wp-content\/uploads\/2022\/11\/IMG-20221106-WA0153.jpg","datePublished":"2022-11-07T00:32:12+00:00","breadcrumb":{"@id":"https:\/\/cvinoticias.com\/v3\/arrestaron-a-uno-de-los-delincuentes-que-asalto-a-una-familia-de-puerto-iguazu-y-robo-un-automovil\/#breadcrumb"},"inLanguage":"es","potentialAction":[{"@type":"ReadAction","target":["https:\/\/cvinoticias.com\/v3\/arrestaron-a-uno-de-los-delincuentes-que-asalto-a-una-familia-de-puerto-iguazu-y-robo-un-automovil\/"]}]},{"@type":"ImageObject","inLanguage":"es","@id":"https:\/\/cvinoticias.com\/v3\/arrestaron-a-uno-de-los-delincuentes-que-asalto-a-una-familia-de-puerto-iguazu-y-robo-un-automovil\/#primaryimage","url":"https:\/\/cvinoticias.com\/wp-content\/uploads\/2022\/11\/IMG-20221106-WA0153.jpg","contentUrl":"https:\/\/cvinoticias.com\/wp-content\/uploads\/2022\/11\/IMG-20221106-WA0153.jpg","width":958,"height":1280},{"@type":"BreadcrumbList","@id":"https:\/\/cvinoticias.com\/v3\/arrestaron-a-uno-de-los-delincuentes-que-asalto-a-una-familia-de-puerto-iguazu-y-robo-un-automovil\/#breadcrumb","itemListElement":[{"@type":"ListItem","position":1,"name":"Portada","item":"https:\/\/cvinoticias.com\/v3\/"},{"@type":"ListItem","position":2,"name":"Arrestaron a uno de los delincuentes que asalt\u00f3 a una familia de Puerto Iguaz\u00fa y rob\u00f3 un autom\u00f3vil"}]},{"@type":"WebSite","@id":"https:\/\/cvinoticias.com\/v3\/#website","url":"https:\/\/cvinoticias.com\/v3\/","name":"CVI NOTICIAS","description":"","publisher":{"@id":"https:\/\/cvinoticias.com\/v3\/#organization"},"alternateName":"CVI","potentialAction":[{"@type":"SearchAction","target":{"@type":"EntryPoint","urlTemplate":"https:\/\/cvinoticias.com\/v3\/?s={search_term_string}"},"query-input":{"@type":"PropertyValueSpecification","valueRequired":true,"valueName":"search_term_string"}}],"inLanguage":"es"},{"@type":"Organization","@id":"https:\/\/cvinoticias.com\/v3\/#organization","name":"CVI NOTICIAS","url":"https:\/\/cvinoticias.com\/v3\/","logo":{"@type":"ImageObject","inLanguage":"es","@id":"https:\/\/cvinoticias.com\/v3\/#\/schema\/logo\/image\/","url":"https:\/\/cvinoticias.com\/wp-content\/uploads\/2023\/04\/cropped-cropped-cropped-cropped-cropped-3-1.png","contentUrl":"https:\/\/cvinoticias.com\/wp-content\/uploads\/2023\/04\/cropped-cropped-cropped-cropped-cropped-3-1.png","width":95,"height":122,"caption":"CVI NOTICIAS"},"image":{"@id":"https:\/\/cvinoticias.com\/v3\/#\/schema\/logo\/image\/"},"sameAs":["https:\/\/www.facebook.com\/cvinoticias","https:\/\/www.instagram.com\/cvinoticias\/","https:\/\/www.youtube.com\/@CVINOTICIAS"]},{"@type":"Person","@id":"https:\/\/cvinoticias.com\/v3\/#\/schema\/person\/2db77e3c6bc03c538495d7b2b8be9b66","name":"f1000024","image":{"@type":"ImageObject","inLanguage":"es","@id":"https:\/\/secure.gravatar.com\/avatar\/d4fe7459cfc51ff5129ce1a732bbef5928568b8092d412ef95611616376bbeed?s=96&d=mm&r=g","url":"https:\/\/secure.gravatar.com\/avatar\/d4fe7459cfc51ff5129ce1a732bbef5928568b8092d412ef95611616376bbeed?s=96&d=mm&r=g","contentUrl":"https:\/\/secure.gravatar.com\/avatar\/d4fe7459cfc51ff5129ce1a732bbef5928568b8092d412ef95611616376bbeed?s=96&d=mm&r=g","caption":"f1000024"},"url":"https:\/\/cvinoticias.com\/v3\/author\/f1000024\/"}]}},"_links":{"self":[{"href":"https:\/\/cvinoticias.com\/v3\/wp-json\/wp\/v2\/posts\/20514","targetHints":{"allow":["GET"]}}],"collection":[{"href":"https:\/\/cvinoticias.com\/v3\/wp-json\/wp\/v2\/posts"}],"about":[{"href":"https:\/\/cvinoticias.com\/v3\/wp-json\/wp\/v2\/types\/post"}],"author":[{"embeddable":true,"href":"https:\/\/cvinoticias.com\/v3\/wp-json\/wp\/v2\/users\/2"}],"replies":[{"embeddable":true,"href":"https:\/\/cvinoticias.com\/v3\/wp-json\/wp\/v2\/comments?post=20514"}],"version-history":[{"count":1,"href":"https:\/\/cvinoticias.com\/v3\/wp-json\/wp\/v2\/posts\/20514\/revisions"}],"predecessor-version":[{"id":20517,"href":"https:\/\/cvinoticias.com\/v3\/wp-json\/wp\/v2\/posts\/20514\/revisions\/20517"}],"wp:featuredmedia":[{"embeddable":true,"href":"https:\/\/cvinoticias.com\/v3\/wp-json\/wp\/v2\/media\/20516"}],"wp:attachment":[{"href":"https:\/\/cvinoticias.com\/v3\/wp-json\/wp\/v2\/media?parent=20514"}],"wp:term":[{"taxonomy":"category","embeddable":true,"href":"https:\/\/cvinoticias.com\/v3\/wp-json\/wp\/v2\/categories?post=20514"},{"taxonomy":"post_tag","embeddable":true,"href":"https:\/\/cvinoticias.com\/v3\/wp-json\/wp\/v2\/tags?post=20514"}],"curies":[{"name":"wp","href":"https:\/\/api.w.org\/{rel}","templated":true}]}}