{"id":20491,"date":"2022-11-05T11:46:37","date_gmt":"2022-11-05T11:46:37","guid":{"rendered":"https:\/\/cvinoticias.com\/v3\/?p=20491"},"modified":"2022-11-05T11:46:37","modified_gmt":"2022-11-05T11:46:37","slug":"desbarataron-una-banda-narco-que-operaba-en-la-triple-frontera","status":"publish","type":"post","link":"https:\/\/cvinoticias.com\/v3\/desbarataron-una-banda-narco-que-operaba-en-la-triple-frontera\/","title":{"rendered":"Desbarataron una banda narco que operaba en la triple frontera"},"content":{"rendered":"\n<p><strong><em>Tras varios procedimientos realizado por Gendarmer\u00eda (Corrientes-Misiones) desbarataron una organizaci\u00f3n narco transnacional que operaba en la triple frontera.<\/em><\/strong><\/p>\n\n\n\n<p>Luego de un a\u00f1o de investigaci\u00f3n personal de las divisiones de Corrientes y Misiones de la Gendarmer\u00eda, realizaron un procedimiento en el que desbarataron una organizaci\u00f3n narco transnacional en Puerto Iguaz\u00fa y que operaba en la triple frontera, mediante el transporte, acopio, fraccionamiento y comercializaci\u00f3n de estupefaciente hacia distintos puntos del pa\u00eds.<\/p>\n\n\n\n<figure class=\"wp-block-image size-large\"><a href=\"https:\/\/cvinoticias.com\/wp-content\/uploads\/2022\/11\/364166.jpeg\"><img decoding=\"async\" width=\"768\" height=\"1024\" data-src=\"https:\/\/cvinoticias.com\/wp-content\/uploads\/2022\/11\/364166-768x1024.jpeg\" alt=\"\" class=\"wp-image-20492 lazyload\" data-srcset=\"https:\/\/cvinoticias.com\/wp-content\/uploads\/2022\/11\/364166-768x1024.jpeg 768w, https:\/\/cvinoticias.com\/wp-content\/uploads\/2022\/11\/364166-225x300.jpeg 225w, https:\/\/cvinoticias.com\/wp-content\/uploads\/2022\/11\/364166.jpeg 1000w\" data-sizes=\"(max-width: 768px) 100vw, 768px\" src=\"data:image\/svg+xml;base64,PHN2ZyB3aWR0aD0iMSIgaGVpZ2h0PSIxIiB4bWxucz0iaHR0cDovL3d3dy53My5vcmcvMjAwMC9zdmciPjwvc3ZnPg==\" style=\"--smush-placeholder-width: 768px; --smush-placeholder-aspect-ratio: 768\/1024;\" \/><\/a><figcaption>9<\/figcaption><\/figure>\n\n\n\n<p>Los uniformados allanaron tres inmuebles, incautaron un total de 20 kilos 722 gramos de \u201ccannabis sativa\u201d, una planta de marihuana, una pistola , un rifle de aire comprimido modificado para calibre 22, una mira telesc\u00f3pica modelo 3-9&#215;40 para rifle, un cargador de rifle calibre 22, 86 municiones calibre 22, un cartucho calibre 22, un motoveh\u00edculo (marca Honda, modelo Twister 250 cc), 10 celulares, una notebook, una patente, un chip, 1.250 pesos argentinos y documentaci\u00f3n de inter\u00e9s para la causa.<\/p>\n\n\n\n<p>Asimismo, los gendarmes detuvieron a un ciudadano, mientras otro qued\u00f3 supeditado a la causa, quienes se encontrar\u00edan vinculados al decomiso de estupefaciente efectuado por personal de la Fuerza en noviembre del a\u00f1o 2021.<\/p>\n\n\n\n<figure class=\"wp-block-image size-full\"><a href=\"https:\/\/cvinoticias.com\/wp-content\/uploads\/2022\/11\/793681.jpg\"><img decoding=\"async\" width=\"1000\" height=\"662\" data-src=\"https:\/\/cvinoticias.com\/wp-content\/uploads\/2022\/11\/793681.jpg\" alt=\"\" class=\"wp-image-20493 lazyload\" data-srcset=\"https:\/\/cvinoticias.com\/wp-content\/uploads\/2022\/11\/793681.jpg 1000w, https:\/\/cvinoticias.com\/wp-content\/uploads\/2022\/11\/793681-300x199.jpg 300w, https:\/\/cvinoticias.com\/wp-content\/uploads\/2022\/11\/793681-768x508.jpg 768w\" data-sizes=\"(max-width: 1000px) 100vw, 1000px\" src=\"data:image\/svg+xml;base64,PHN2ZyB3aWR0aD0iMSIgaGVpZ2h0PSIxIiB4bWxucz0iaHR0cDovL3d3dy53My5vcmcvMjAwMC9zdmciPjwvc3ZnPg==\" style=\"--smush-placeholder-width: 1000px; --smush-placeholder-aspect-ratio: 1000\/662;\" \/><\/a><\/figure>\n","protected":false},"excerpt":{"rendered":"<p>Tras varios procedimientos realizado por Gendarmer\u00eda (Corrientes-Misiones) desbarataron una organizaci\u00f3n narco transnacional que operaba en la triple frontera. Luego de un a\u00f1o de investigaci\u00f3n personal de las divisiones de Corrientes y Misiones de la Gendarmer\u00eda, realizaron un procedimiento en el que desbarataron una organizaci\u00f3n narco transnacional en Puerto Iguaz\u00fa y que operaba en la triple [&hellip;]<\/p>\n","protected":false},"author":2,"featured_media":20494,"comment_status":"open","ping_status":"open","sticky":false,"template":"","format":"standard","meta":{"footnotes":""},"categories":[41],"tags":[],"class_list":["post-20491","post","type-post","status-publish","format-standard","has-post-thumbnail","hentry","category-policiales"],"yoast_head":"<!-- This site is optimized with the Yoast SEO plugin v27.4 - https:\/\/yoast.com\/product\/yoast-seo-wordpress\/ -->\n<title>Desbarataron una banda narco que operaba en la triple frontera | CVI NOTICIAS<\/title>\n<meta name=\"robots\" content=\"index, follow, max-snippet:-1, max-image-preview:large, max-video-preview:-1\" \/>\n<link rel=\"canonical\" href=\"https:\/\/cvinoticias.com\/v3\/desbarataron-una-banda-narco-que-operaba-en-la-triple-frontera\/\" \/>\n<meta property=\"og:locale\" content=\"es_ES\" \/>\n<meta property=\"og:type\" content=\"article\" \/>\n<meta property=\"og:title\" content=\"Desbarataron una banda narco que operaba en la triple frontera | CVI NOTICIAS\" \/>\n<meta property=\"og:description\" content=\"Tras varios procedimientos realizado por Gendarmer\u00eda (Corrientes-Misiones) desbarataron una organizaci\u00f3n narco transnacional que operaba en la triple frontera. Luego de un a\u00f1o de investigaci\u00f3n personal de las divisiones de Corrientes y Misiones de la Gendarmer\u00eda, realizaron un procedimiento en el que desbarataron una organizaci\u00f3n narco transnacional en Puerto Iguaz\u00fa y que operaba en la triple [&hellip;]\" \/>\n<meta property=\"og:url\" content=\"https:\/\/cvinoticias.com\/v3\/desbarataron-una-banda-narco-que-operaba-en-la-triple-frontera\/\" \/>\n<meta property=\"og:site_name\" content=\"CVI NOTICIAS\" \/>\n<meta property=\"article:publisher\" content=\"https:\/\/www.facebook.com\/cvinoticias\" \/>\n<meta property=\"article:published_time\" content=\"2022-11-05T11:46:37+00:00\" \/>\n<meta property=\"og:image\" content=\"https:\/\/cvinoticias.com\/wp-content\/uploads\/2022\/11\/281760.jpg_nota.jpg\" \/>\n\t<meta property=\"og:image:width\" content=\"700\" \/>\n\t<meta property=\"og:image:height\" content=\"311\" \/>\n\t<meta property=\"og:image:type\" content=\"image\/jpeg\" \/>\n<meta name=\"author\" content=\"f1000024\" \/>\n<meta name=\"twitter:card\" content=\"summary_large_image\" \/>\n<meta name=\"twitter:label1\" content=\"Escrito por\" \/>\n\t<meta name=\"twitter:data1\" content=\"f1000024\" \/>\n\t<meta name=\"twitter:label2\" content=\"Tiempo de lectura\" \/>\n\t<meta name=\"twitter:data2\" content=\"1 minuto\" \/>\n<script type=\"application\/ld+json\" class=\"yoast-schema-graph\">{\"@context\":\"https:\\\/\\\/schema.org\",\"@graph\":[{\"@type\":\"Article\",\"@id\":\"https:\\\/\\\/cvinoticias.com\\\/v3\\\/desbarataron-una-banda-narco-que-operaba-en-la-triple-frontera\\\/#article\",\"isPartOf\":{\"@id\":\"https:\\\/\\\/cvinoticias.com\\\/v3\\\/desbarataron-una-banda-narco-que-operaba-en-la-triple-frontera\\\/\"},\"author\":{\"name\":\"f1000024\",\"@id\":\"https:\\\/\\\/cvinoticias.com\\\/v3\\\/#\\\/schema\\\/person\\\/2db77e3c6bc03c538495d7b2b8be9b66\"},\"headline\":\"Desbarataron una banda narco que operaba en la triple frontera\",\"datePublished\":\"2022-11-05T11:46:37+00:00\",\"mainEntityOfPage\":{\"@id\":\"https:\\\/\\\/cvinoticias.com\\\/v3\\\/desbarataron-una-banda-narco-que-operaba-en-la-triple-frontera\\\/\"},\"wordCount\":195,\"commentCount\":0,\"publisher\":{\"@id\":\"https:\\\/\\\/cvinoticias.com\\\/v3\\\/#organization\"},\"image\":{\"@id\":\"https:\\\/\\\/cvinoticias.com\\\/v3\\\/desbarataron-una-banda-narco-que-operaba-en-la-triple-frontera\\\/#primaryimage\"},\"thumbnailUrl\":\"https:\\\/\\\/cvinoticias.com\\\/wp-content\\\/uploads\\\/2022\\\/11\\\/281760.jpg_nota.jpg\",\"articleSection\":[\"Policiales\"],\"inLanguage\":\"es\",\"potentialAction\":[{\"@type\":\"CommentAction\",\"name\":\"Comment\",\"target\":[\"https:\\\/\\\/cvinoticias.com\\\/v3\\\/desbarataron-una-banda-narco-que-operaba-en-la-triple-frontera\\\/#respond\"]}]},{\"@type\":\"WebPage\",\"@id\":\"https:\\\/\\\/cvinoticias.com\\\/v3\\\/desbarataron-una-banda-narco-que-operaba-en-la-triple-frontera\\\/\",\"url\":\"https:\\\/\\\/cvinoticias.com\\\/v3\\\/desbarataron-una-banda-narco-que-operaba-en-la-triple-frontera\\\/\",\"name\":\"Desbarataron una banda narco que operaba en la triple frontera | CVI NOTICIAS\",\"isPartOf\":{\"@id\":\"https:\\\/\\\/cvinoticias.com\\\/v3\\\/#website\"},\"primaryImageOfPage\":{\"@id\":\"https:\\\/\\\/cvinoticias.com\\\/v3\\\/desbarataron-una-banda-narco-que-operaba-en-la-triple-frontera\\\/#primaryimage\"},\"image\":{\"@id\":\"https:\\\/\\\/cvinoticias.com\\\/v3\\\/desbarataron-una-banda-narco-que-operaba-en-la-triple-frontera\\\/#primaryimage\"},\"thumbnailUrl\":\"https:\\\/\\\/cvinoticias.com\\\/wp-content\\\/uploads\\\/2022\\\/11\\\/281760.jpg_nota.jpg\",\"datePublished\":\"2022-11-05T11:46:37+00:00\",\"breadcrumb\":{\"@id\":\"https:\\\/\\\/cvinoticias.com\\\/v3\\\/desbarataron-una-banda-narco-que-operaba-en-la-triple-frontera\\\/#breadcrumb\"},\"inLanguage\":\"es\",\"potentialAction\":[{\"@type\":\"ReadAction\",\"target\":[\"https:\\\/\\\/cvinoticias.com\\\/v3\\\/desbarataron-una-banda-narco-que-operaba-en-la-triple-frontera\\\/\"]}]},{\"@type\":\"ImageObject\",\"inLanguage\":\"es\",\"@id\":\"https:\\\/\\\/cvinoticias.com\\\/v3\\\/desbarataron-una-banda-narco-que-operaba-en-la-triple-frontera\\\/#primaryimage\",\"url\":\"https:\\\/\\\/cvinoticias.com\\\/wp-content\\\/uploads\\\/2022\\\/11\\\/281760.jpg_nota.jpg\",\"contentUrl\":\"https:\\\/\\\/cvinoticias.com\\\/wp-content\\\/uploads\\\/2022\\\/11\\\/281760.jpg_nota.jpg\",\"width\":700,\"height\":311},{\"@type\":\"BreadcrumbList\",\"@id\":\"https:\\\/\\\/cvinoticias.com\\\/v3\\\/desbarataron-una-banda-narco-que-operaba-en-la-triple-frontera\\\/#breadcrumb\",\"itemListElement\":[{\"@type\":\"ListItem\",\"position\":1,\"name\":\"Portada\",\"item\":\"https:\\\/\\\/cvinoticias.com\\\/v3\\\/\"},{\"@type\":\"ListItem\",\"position\":2,\"name\":\"Desbarataron una banda narco que operaba en la triple frontera\"}]},{\"@type\":\"WebSite\",\"@id\":\"https:\\\/\\\/cvinoticias.com\\\/v3\\\/#website\",\"url\":\"https:\\\/\\\/cvinoticias.com\\\/v3\\\/\",\"name\":\"CVI NOTICIAS\",\"description\":\"\",\"publisher\":{\"@id\":\"https:\\\/\\\/cvinoticias.com\\\/v3\\\/#organization\"},\"alternateName\":\"CVI\",\"potentialAction\":[{\"@type\":\"SearchAction\",\"target\":{\"@type\":\"EntryPoint\",\"urlTemplate\":\"https:\\\/\\\/cvinoticias.com\\\/v3\\\/?s={search_term_string}\"},\"query-input\":{\"@type\":\"PropertyValueSpecification\",\"valueRequired\":true,\"valueName\":\"search_term_string\"}}],\"inLanguage\":\"es\"},{\"@type\":\"Organization\",\"@id\":\"https:\\\/\\\/cvinoticias.com\\\/v3\\\/#organization\",\"name\":\"CVI NOTICIAS\",\"url\":\"https:\\\/\\\/cvinoticias.com\\\/v3\\\/\",\"logo\":{\"@type\":\"ImageObject\",\"inLanguage\":\"es\",\"@id\":\"https:\\\/\\\/cvinoticias.com\\\/v3\\\/#\\\/schema\\\/logo\\\/image\\\/\",\"url\":\"https:\\\/\\\/cvinoticias.com\\\/wp-content\\\/uploads\\\/2023\\\/04\\\/cropped-cropped-cropped-cropped-cropped-3-1.png\",\"contentUrl\":\"https:\\\/\\\/cvinoticias.com\\\/wp-content\\\/uploads\\\/2023\\\/04\\\/cropped-cropped-cropped-cropped-cropped-3-1.png\",\"width\":95,\"height\":122,\"caption\":\"CVI NOTICIAS\"},\"image\":{\"@id\":\"https:\\\/\\\/cvinoticias.com\\\/v3\\\/#\\\/schema\\\/logo\\\/image\\\/\"},\"sameAs\":[\"https:\\\/\\\/www.facebook.com\\\/cvinoticias\",\"https:\\\/\\\/www.instagram.com\\\/cvinoticias\\\/\",\"https:\\\/\\\/www.youtube.com\\\/@CVINOTICIAS\"]},{\"@type\":\"Person\",\"@id\":\"https:\\\/\\\/cvinoticias.com\\\/v3\\\/#\\\/schema\\\/person\\\/2db77e3c6bc03c538495d7b2b8be9b66\",\"name\":\"f1000024\",\"image\":{\"@type\":\"ImageObject\",\"inLanguage\":\"es\",\"@id\":\"https:\\\/\\\/secure.gravatar.com\\\/avatar\\\/d4fe7459cfc51ff5129ce1a732bbef5928568b8092d412ef95611616376bbeed?s=96&d=mm&r=g\",\"url\":\"https:\\\/\\\/secure.gravatar.com\\\/avatar\\\/d4fe7459cfc51ff5129ce1a732bbef5928568b8092d412ef95611616376bbeed?s=96&d=mm&r=g\",\"contentUrl\":\"https:\\\/\\\/secure.gravatar.com\\\/avatar\\\/d4fe7459cfc51ff5129ce1a732bbef5928568b8092d412ef95611616376bbeed?s=96&d=mm&r=g\",\"caption\":\"f1000024\"},\"url\":\"https:\\\/\\\/cvinoticias.com\\\/v3\\\/author\\\/f1000024\\\/\"}]}<\/script>\n<!-- \/ Yoast SEO plugin. -->","yoast_head_json":{"title":"Desbarataron una banda narco que operaba en la triple frontera | CVI NOTICIAS","robots":{"index":"index","follow":"follow","max-snippet":"max-snippet:-1","max-image-preview":"max-image-preview:large","max-video-preview":"max-video-preview:-1"},"canonical":"https:\/\/cvinoticias.com\/v3\/desbarataron-una-banda-narco-que-operaba-en-la-triple-frontera\/","og_locale":"es_ES","og_type":"article","og_title":"Desbarataron una banda narco que operaba en la triple frontera | CVI NOTICIAS","og_description":"Tras varios procedimientos realizado por Gendarmer\u00eda (Corrientes-Misiones) desbarataron una organizaci\u00f3n narco transnacional que operaba en la triple frontera. Luego de un a\u00f1o de investigaci\u00f3n personal de las divisiones de Corrientes y Misiones de la Gendarmer\u00eda, realizaron un procedimiento en el que desbarataron una organizaci\u00f3n narco transnacional en Puerto Iguaz\u00fa y que operaba en la triple [&hellip;]","og_url":"https:\/\/cvinoticias.com\/v3\/desbarataron-una-banda-narco-que-operaba-en-la-triple-frontera\/","og_site_name":"CVI NOTICIAS","article_publisher":"https:\/\/www.facebook.com\/cvinoticias","article_published_time":"2022-11-05T11:46:37+00:00","og_image":[{"width":700,"height":311,"url":"https:\/\/cvinoticias.com\/wp-content\/uploads\/2022\/11\/281760.jpg_nota.jpg","type":"image\/jpeg"}],"author":"f1000024","twitter_card":"summary_large_image","twitter_misc":{"Escrito por":"f1000024","Tiempo de lectura":"1 minuto"},"schema":{"@context":"https:\/\/schema.org","@graph":[{"@type":"Article","@id":"https:\/\/cvinoticias.com\/v3\/desbarataron-una-banda-narco-que-operaba-en-la-triple-frontera\/#article","isPartOf":{"@id":"https:\/\/cvinoticias.com\/v3\/desbarataron-una-banda-narco-que-operaba-en-la-triple-frontera\/"},"author":{"name":"f1000024","@id":"https:\/\/cvinoticias.com\/v3\/#\/schema\/person\/2db77e3c6bc03c538495d7b2b8be9b66"},"headline":"Desbarataron una banda narco que operaba en la triple frontera","datePublished":"2022-11-05T11:46:37+00:00","mainEntityOfPage":{"@id":"https:\/\/cvinoticias.com\/v3\/desbarataron-una-banda-narco-que-operaba-en-la-triple-frontera\/"},"wordCount":195,"commentCount":0,"publisher":{"@id":"https:\/\/cvinoticias.com\/v3\/#organization"},"image":{"@id":"https:\/\/cvinoticias.com\/v3\/desbarataron-una-banda-narco-que-operaba-en-la-triple-frontera\/#primaryimage"},"thumbnailUrl":"https:\/\/cvinoticias.com\/wp-content\/uploads\/2022\/11\/281760.jpg_nota.jpg","articleSection":["Policiales"],"inLanguage":"es","potentialAction":[{"@type":"CommentAction","name":"Comment","target":["https:\/\/cvinoticias.com\/v3\/desbarataron-una-banda-narco-que-operaba-en-la-triple-frontera\/#respond"]}]},{"@type":"WebPage","@id":"https:\/\/cvinoticias.com\/v3\/desbarataron-una-banda-narco-que-operaba-en-la-triple-frontera\/","url":"https:\/\/cvinoticias.com\/v3\/desbarataron-una-banda-narco-que-operaba-en-la-triple-frontera\/","name":"Desbarataron una banda narco que operaba en la triple frontera | CVI NOTICIAS","isPartOf":{"@id":"https:\/\/cvinoticias.com\/v3\/#website"},"primaryImageOfPage":{"@id":"https:\/\/cvinoticias.com\/v3\/desbarataron-una-banda-narco-que-operaba-en-la-triple-frontera\/#primaryimage"},"image":{"@id":"https:\/\/cvinoticias.com\/v3\/desbarataron-una-banda-narco-que-operaba-en-la-triple-frontera\/#primaryimage"},"thumbnailUrl":"https:\/\/cvinoticias.com\/wp-content\/uploads\/2022\/11\/281760.jpg_nota.jpg","datePublished":"2022-11-05T11:46:37+00:00","breadcrumb":{"@id":"https:\/\/cvinoticias.com\/v3\/desbarataron-una-banda-narco-que-operaba-en-la-triple-frontera\/#breadcrumb"},"inLanguage":"es","potentialAction":[{"@type":"ReadAction","target":["https:\/\/cvinoticias.com\/v3\/desbarataron-una-banda-narco-que-operaba-en-la-triple-frontera\/"]}]},{"@type":"ImageObject","inLanguage":"es","@id":"https:\/\/cvinoticias.com\/v3\/desbarataron-una-banda-narco-que-operaba-en-la-triple-frontera\/#primaryimage","url":"https:\/\/cvinoticias.com\/wp-content\/uploads\/2022\/11\/281760.jpg_nota.jpg","contentUrl":"https:\/\/cvinoticias.com\/wp-content\/uploads\/2022\/11\/281760.jpg_nota.jpg","width":700,"height":311},{"@type":"BreadcrumbList","@id":"https:\/\/cvinoticias.com\/v3\/desbarataron-una-banda-narco-que-operaba-en-la-triple-frontera\/#breadcrumb","itemListElement":[{"@type":"ListItem","position":1,"name":"Portada","item":"https:\/\/cvinoticias.com\/v3\/"},{"@type":"ListItem","position":2,"name":"Desbarataron una banda narco que operaba en la triple frontera"}]},{"@type":"WebSite","@id":"https:\/\/cvinoticias.com\/v3\/#website","url":"https:\/\/cvinoticias.com\/v3\/","name":"CVI NOTICIAS","description":"","publisher":{"@id":"https:\/\/cvinoticias.com\/v3\/#organization"},"alternateName":"CVI","potentialAction":[{"@type":"SearchAction","target":{"@type":"EntryPoint","urlTemplate":"https:\/\/cvinoticias.com\/v3\/?s={search_term_string}"},"query-input":{"@type":"PropertyValueSpecification","valueRequired":true,"valueName":"search_term_string"}}],"inLanguage":"es"},{"@type":"Organization","@id":"https:\/\/cvinoticias.com\/v3\/#organization","name":"CVI NOTICIAS","url":"https:\/\/cvinoticias.com\/v3\/","logo":{"@type":"ImageObject","inLanguage":"es","@id":"https:\/\/cvinoticias.com\/v3\/#\/schema\/logo\/image\/","url":"https:\/\/cvinoticias.com\/wp-content\/uploads\/2023\/04\/cropped-cropped-cropped-cropped-cropped-3-1.png","contentUrl":"https:\/\/cvinoticias.com\/wp-content\/uploads\/2023\/04\/cropped-cropped-cropped-cropped-cropped-3-1.png","width":95,"height":122,"caption":"CVI NOTICIAS"},"image":{"@id":"https:\/\/cvinoticias.com\/v3\/#\/schema\/logo\/image\/"},"sameAs":["https:\/\/www.facebook.com\/cvinoticias","https:\/\/www.instagram.com\/cvinoticias\/","https:\/\/www.youtube.com\/@CVINOTICIAS"]},{"@type":"Person","@id":"https:\/\/cvinoticias.com\/v3\/#\/schema\/person\/2db77e3c6bc03c538495d7b2b8be9b66","name":"f1000024","image":{"@type":"ImageObject","inLanguage":"es","@id":"https:\/\/secure.gravatar.com\/avatar\/d4fe7459cfc51ff5129ce1a732bbef5928568b8092d412ef95611616376bbeed?s=96&d=mm&r=g","url":"https:\/\/secure.gravatar.com\/avatar\/d4fe7459cfc51ff5129ce1a732bbef5928568b8092d412ef95611616376bbeed?s=96&d=mm&r=g","contentUrl":"https:\/\/secure.gravatar.com\/avatar\/d4fe7459cfc51ff5129ce1a732bbef5928568b8092d412ef95611616376bbeed?s=96&d=mm&r=g","caption":"f1000024"},"url":"https:\/\/cvinoticias.com\/v3\/author\/f1000024\/"}]}},"_links":{"self":[{"href":"https:\/\/cvinoticias.com\/v3\/wp-json\/wp\/v2\/posts\/20491","targetHints":{"allow":["GET"]}}],"collection":[{"href":"https:\/\/cvinoticias.com\/v3\/wp-json\/wp\/v2\/posts"}],"about":[{"href":"https:\/\/cvinoticias.com\/v3\/wp-json\/wp\/v2\/types\/post"}],"author":[{"embeddable":true,"href":"https:\/\/cvinoticias.com\/v3\/wp-json\/wp\/v2\/users\/2"}],"replies":[{"embeddable":true,"href":"https:\/\/cvinoticias.com\/v3\/wp-json\/wp\/v2\/comments?post=20491"}],"version-history":[{"count":1,"href":"https:\/\/cvinoticias.com\/v3\/wp-json\/wp\/v2\/posts\/20491\/revisions"}],"predecessor-version":[{"id":20495,"href":"https:\/\/cvinoticias.com\/v3\/wp-json\/wp\/v2\/posts\/20491\/revisions\/20495"}],"wp:featuredmedia":[{"embeddable":true,"href":"https:\/\/cvinoticias.com\/v3\/wp-json\/wp\/v2\/media\/20494"}],"wp:attachment":[{"href":"https:\/\/cvinoticias.com\/v3\/wp-json\/wp\/v2\/media?parent=20491"}],"wp:term":[{"taxonomy":"category","embeddable":true,"href":"https:\/\/cvinoticias.com\/v3\/wp-json\/wp\/v2\/categories?post=20491"},{"taxonomy":"post_tag","embeddable":true,"href":"https:\/\/cvinoticias.com\/v3\/wp-json\/wp\/v2\/tags?post=20491"}],"curies":[{"name":"wp","href":"https:\/\/api.w.org\/{rel}","templated":true}]}}