{"id":2041,"date":"2021-01-25T12:21:35","date_gmt":"2021-01-25T12:21:35","guid":{"rendered":"https:\/\/cvinoticias.com\/v3\/?p=2041"},"modified":"2021-01-25T12:21:35","modified_gmt":"2021-01-25T12:21:35","slug":"el-gobierno-posterga-hasta-mediados-de-marzo-la-suba-en-el-impuesto-a-los-combustibles","status":"publish","type":"post","link":"https:\/\/cvinoticias.com\/v3\/el-gobierno-posterga-hasta-mediados-de-marzo-la-suba-en-el-impuesto-a-los-combustibles\/","title":{"rendered":"El Gobierno posterga hasta mediados de marzo la suba en el impuesto a los combustibles"},"content":{"rendered":"\n<p><strong><em>El Gobierno posterg\u00f3 hasta el 12 de marzo pr\u00f3ximo la suba en el impuesto a los combustibles prevista para el 1 de marzo, debido a \u201clas circunstancias actuales y la necesaria estabilizaci\u00f3n de los precios\u201d.<\/em><\/strong><\/p>\n\n\n\n<p>A trav\u00e9s del decreto 35\/2021, publicado hoy en el Bolet\u00edn Oficial, se indic\u00f3 que \u201cel incremento en los montos de impuesto correspondiente al cuarto trimestre de 2020, surtir\u00e1 efectos para la nafta sin plomo, la nafta virgen y el gasoil, desde el 12 de marzo de 2021\u201d.<\/p>\n\n\n\n<p>El Gobierno atribuy\u00f3 la postergaci\u00f3n a \u201clas circunstancias actuales y la necesaria estabilizaci\u00f3n de los precios\u201d.<\/p>\n\n\n\n<p>De esta manera, se detuvo por diez d\u00edas otro incremento de hasta 5,2% en las naftas y el gasoil que deb\u00eda regir desde el 1 de marzo.<\/p>\n\n\n\n<p>El 16 de enero \u00faltimo, la petrolera YPF dispuso un aumento de precios del 3,5% promedio de sus combustibles, lo que incluye el ajuste diferencial por el incremento del componente impositivo de la nafta y el gasoil.<\/p>\n\n\n\n<p>Este aumento incluye el incremento del Impuesto a los Combustibles L\u00edquidos (ICL) y el Impuesto al Di\u00f3xido de Carbono (IDC) del 7,7% que entr\u00f3 en vigencia a partir del 15 de enero, seg\u00fan lo dispuesto por el Gobierno.<\/p>\n\n\n\n<p><\/p>\n\n\n\n<p>Fuente: Telam<\/p>\n","protected":false},"excerpt":{"rendered":"<p>El Gobierno posterg\u00f3 hasta el 12 de marzo pr\u00f3ximo la suba en el impuesto a los combustibles prevista para el 1 de marzo, debido a \u201clas circunstancias actuales y la necesaria estabilizaci\u00f3n de los precios\u201d. A trav\u00e9s del decreto 35\/2021, publicado hoy en el Bolet\u00edn Oficial, se indic\u00f3 que \u201cel incremento en los montos de [&hellip;]<\/p>\n","protected":false},"author":2,"featured_media":1564,"comment_status":"open","ping_status":"open","sticky":false,"template":"","format":"standard","meta":{"footnotes":""},"categories":[35],"tags":[],"class_list":["post-2041","post","type-post","status-publish","format-standard","has-post-thumbnail","hentry","category-informacion-general"],"yoast_head":"<!-- This site is optimized with the Yoast SEO plugin v27.4 - https:\/\/yoast.com\/product\/yoast-seo-wordpress\/ -->\n<title>El Gobierno posterga hasta mediados de marzo la suba en el impuesto a los combustibles | CVI NOTICIAS<\/title>\n<meta name=\"robots\" content=\"index, follow, max-snippet:-1, max-image-preview:large, max-video-preview:-1\" \/>\n<link rel=\"canonical\" href=\"https:\/\/cvinoticias.com\/v3\/el-gobierno-posterga-hasta-mediados-de-marzo-la-suba-en-el-impuesto-a-los-combustibles\/\" \/>\n<meta property=\"og:locale\" content=\"es_ES\" \/>\n<meta property=\"og:type\" content=\"article\" \/>\n<meta property=\"og:title\" content=\"El Gobierno posterga hasta mediados de marzo la suba en el impuesto a los combustibles | CVI NOTICIAS\" \/>\n<meta property=\"og:description\" content=\"El Gobierno posterg\u00f3 hasta el 12 de marzo pr\u00f3ximo la suba en el impuesto a los combustibles prevista para el 1 de marzo, debido a \u201clas circunstancias actuales y la necesaria estabilizaci\u00f3n de los precios\u201d. A trav\u00e9s del decreto 35\/2021, publicado hoy en el Bolet\u00edn Oficial, se indic\u00f3 que \u201cel incremento en los montos de [&hellip;]\" \/>\n<meta property=\"og:url\" content=\"https:\/\/cvinoticias.com\/v3\/el-gobierno-posterga-hasta-mediados-de-marzo-la-suba-en-el-impuesto-a-los-combustibles\/\" \/>\n<meta property=\"og:site_name\" content=\"CVI NOTICIAS\" \/>\n<meta property=\"article:publisher\" content=\"https:\/\/www.facebook.com\/cvinoticias\" \/>\n<meta property=\"article:published_time\" content=\"2021-01-25T12:21:35+00:00\" \/>\n<meta property=\"og:image\" content=\"https:\/\/cvinoticias.com\/wp-content\/uploads\/2021\/01\/1507499256637.jpg\" \/>\n\t<meta property=\"og:image:width\" content=\"320\" \/>\n\t<meta property=\"og:image:height\" content=\"200\" \/>\n\t<meta property=\"og:image:type\" content=\"image\/jpeg\" \/>\n<meta name=\"author\" content=\"f1000024\" \/>\n<meta name=\"twitter:card\" content=\"summary_large_image\" \/>\n<meta name=\"twitter:label1\" content=\"Escrito por\" \/>\n\t<meta name=\"twitter:data1\" content=\"f1000024\" \/>\n\t<meta name=\"twitter:label2\" content=\"Tiempo de lectura\" \/>\n\t<meta name=\"twitter:data2\" content=\"1 minuto\" \/>\n<script type=\"application\/ld+json\" class=\"yoast-schema-graph\">{\"@context\":\"https:\\\/\\\/schema.org\",\"@graph\":[{\"@type\":\"Article\",\"@id\":\"https:\\\/\\\/cvinoticias.com\\\/v3\\\/el-gobierno-posterga-hasta-mediados-de-marzo-la-suba-en-el-impuesto-a-los-combustibles\\\/#article\",\"isPartOf\":{\"@id\":\"https:\\\/\\\/cvinoticias.com\\\/v3\\\/el-gobierno-posterga-hasta-mediados-de-marzo-la-suba-en-el-impuesto-a-los-combustibles\\\/\"},\"author\":{\"name\":\"f1000024\",\"@id\":\"https:\\\/\\\/cvinoticias.com\\\/v3\\\/#\\\/schema\\\/person\\\/2db77e3c6bc03c538495d7b2b8be9b66\"},\"headline\":\"El Gobierno posterga hasta mediados de marzo la suba en el impuesto a los combustibles\",\"datePublished\":\"2021-01-25T12:21:35+00:00\",\"mainEntityOfPage\":{\"@id\":\"https:\\\/\\\/cvinoticias.com\\\/v3\\\/el-gobierno-posterga-hasta-mediados-de-marzo-la-suba-en-el-impuesto-a-los-combustibles\\\/\"},\"wordCount\":216,\"commentCount\":0,\"publisher\":{\"@id\":\"https:\\\/\\\/cvinoticias.com\\\/v3\\\/#organization\"},\"image\":{\"@id\":\"https:\\\/\\\/cvinoticias.com\\\/v3\\\/el-gobierno-posterga-hasta-mediados-de-marzo-la-suba-en-el-impuesto-a-los-combustibles\\\/#primaryimage\"},\"thumbnailUrl\":\"https:\\\/\\\/cvinoticias.com\\\/wp-content\\\/uploads\\\/2021\\\/01\\\/1507499256637.jpg\",\"articleSection\":[\"Informaci\u00f3n General\"],\"inLanguage\":\"es\",\"potentialAction\":[{\"@type\":\"CommentAction\",\"name\":\"Comment\",\"target\":[\"https:\\\/\\\/cvinoticias.com\\\/v3\\\/el-gobierno-posterga-hasta-mediados-de-marzo-la-suba-en-el-impuesto-a-los-combustibles\\\/#respond\"]}]},{\"@type\":\"WebPage\",\"@id\":\"https:\\\/\\\/cvinoticias.com\\\/v3\\\/el-gobierno-posterga-hasta-mediados-de-marzo-la-suba-en-el-impuesto-a-los-combustibles\\\/\",\"url\":\"https:\\\/\\\/cvinoticias.com\\\/v3\\\/el-gobierno-posterga-hasta-mediados-de-marzo-la-suba-en-el-impuesto-a-los-combustibles\\\/\",\"name\":\"El Gobierno posterga hasta mediados de marzo la suba en el impuesto a los combustibles | CVI NOTICIAS\",\"isPartOf\":{\"@id\":\"https:\\\/\\\/cvinoticias.com\\\/v3\\\/#website\"},\"primaryImageOfPage\":{\"@id\":\"https:\\\/\\\/cvinoticias.com\\\/v3\\\/el-gobierno-posterga-hasta-mediados-de-marzo-la-suba-en-el-impuesto-a-los-combustibles\\\/#primaryimage\"},\"image\":{\"@id\":\"https:\\\/\\\/cvinoticias.com\\\/v3\\\/el-gobierno-posterga-hasta-mediados-de-marzo-la-suba-en-el-impuesto-a-los-combustibles\\\/#primaryimage\"},\"thumbnailUrl\":\"https:\\\/\\\/cvinoticias.com\\\/wp-content\\\/uploads\\\/2021\\\/01\\\/1507499256637.jpg\",\"datePublished\":\"2021-01-25T12:21:35+00:00\",\"breadcrumb\":{\"@id\":\"https:\\\/\\\/cvinoticias.com\\\/v3\\\/el-gobierno-posterga-hasta-mediados-de-marzo-la-suba-en-el-impuesto-a-los-combustibles\\\/#breadcrumb\"},\"inLanguage\":\"es\",\"potentialAction\":[{\"@type\":\"ReadAction\",\"target\":[\"https:\\\/\\\/cvinoticias.com\\\/v3\\\/el-gobierno-posterga-hasta-mediados-de-marzo-la-suba-en-el-impuesto-a-los-combustibles\\\/\"]}]},{\"@type\":\"ImageObject\",\"inLanguage\":\"es\",\"@id\":\"https:\\\/\\\/cvinoticias.com\\\/v3\\\/el-gobierno-posterga-hasta-mediados-de-marzo-la-suba-en-el-impuesto-a-los-combustibles\\\/#primaryimage\",\"url\":\"https:\\\/\\\/cvinoticias.com\\\/wp-content\\\/uploads\\\/2021\\\/01\\\/1507499256637.jpg\",\"contentUrl\":\"https:\\\/\\\/cvinoticias.com\\\/wp-content\\\/uploads\\\/2021\\\/01\\\/1507499256637.jpg\",\"width\":320,\"height\":200},{\"@type\":\"BreadcrumbList\",\"@id\":\"https:\\\/\\\/cvinoticias.com\\\/v3\\\/el-gobierno-posterga-hasta-mediados-de-marzo-la-suba-en-el-impuesto-a-los-combustibles\\\/#breadcrumb\",\"itemListElement\":[{\"@type\":\"ListItem\",\"position\":1,\"name\":\"Portada\",\"item\":\"https:\\\/\\\/cvinoticias.com\\\/v3\\\/\"},{\"@type\":\"ListItem\",\"position\":2,\"name\":\"El Gobierno posterga hasta mediados de marzo la suba en el impuesto a los combustibles\"}]},{\"@type\":\"WebSite\",\"@id\":\"https:\\\/\\\/cvinoticias.com\\\/v3\\\/#website\",\"url\":\"https:\\\/\\\/cvinoticias.com\\\/v3\\\/\",\"name\":\"CVI NOTICIAS\",\"description\":\"\",\"publisher\":{\"@id\":\"https:\\\/\\\/cvinoticias.com\\\/v3\\\/#organization\"},\"alternateName\":\"CVI\",\"potentialAction\":[{\"@type\":\"SearchAction\",\"target\":{\"@type\":\"EntryPoint\",\"urlTemplate\":\"https:\\\/\\\/cvinoticias.com\\\/v3\\\/?s={search_term_string}\"},\"query-input\":{\"@type\":\"PropertyValueSpecification\",\"valueRequired\":true,\"valueName\":\"search_term_string\"}}],\"inLanguage\":\"es\"},{\"@type\":\"Organization\",\"@id\":\"https:\\\/\\\/cvinoticias.com\\\/v3\\\/#organization\",\"name\":\"CVI NOTICIAS\",\"url\":\"https:\\\/\\\/cvinoticias.com\\\/v3\\\/\",\"logo\":{\"@type\":\"ImageObject\",\"inLanguage\":\"es\",\"@id\":\"https:\\\/\\\/cvinoticias.com\\\/v3\\\/#\\\/schema\\\/logo\\\/image\\\/\",\"url\":\"https:\\\/\\\/cvinoticias.com\\\/wp-content\\\/uploads\\\/2023\\\/04\\\/cropped-cropped-cropped-cropped-cropped-3-1.png\",\"contentUrl\":\"https:\\\/\\\/cvinoticias.com\\\/wp-content\\\/uploads\\\/2023\\\/04\\\/cropped-cropped-cropped-cropped-cropped-3-1.png\",\"width\":95,\"height\":122,\"caption\":\"CVI NOTICIAS\"},\"image\":{\"@id\":\"https:\\\/\\\/cvinoticias.com\\\/v3\\\/#\\\/schema\\\/logo\\\/image\\\/\"},\"sameAs\":[\"https:\\\/\\\/www.facebook.com\\\/cvinoticias\",\"https:\\\/\\\/www.instagram.com\\\/cvinoticias\\\/\",\"https:\\\/\\\/www.youtube.com\\\/@CVINOTICIAS\"]},{\"@type\":\"Person\",\"@id\":\"https:\\\/\\\/cvinoticias.com\\\/v3\\\/#\\\/schema\\\/person\\\/2db77e3c6bc03c538495d7b2b8be9b66\",\"name\":\"f1000024\",\"image\":{\"@type\":\"ImageObject\",\"inLanguage\":\"es\",\"@id\":\"https:\\\/\\\/secure.gravatar.com\\\/avatar\\\/d4fe7459cfc51ff5129ce1a732bbef5928568b8092d412ef95611616376bbeed?s=96&d=mm&r=g\",\"url\":\"https:\\\/\\\/secure.gravatar.com\\\/avatar\\\/d4fe7459cfc51ff5129ce1a732bbef5928568b8092d412ef95611616376bbeed?s=96&d=mm&r=g\",\"contentUrl\":\"https:\\\/\\\/secure.gravatar.com\\\/avatar\\\/d4fe7459cfc51ff5129ce1a732bbef5928568b8092d412ef95611616376bbeed?s=96&d=mm&r=g\",\"caption\":\"f1000024\"},\"url\":\"https:\\\/\\\/cvinoticias.com\\\/v3\\\/author\\\/f1000024\\\/\"}]}<\/script>\n<!-- \/ Yoast SEO plugin. -->","yoast_head_json":{"title":"El Gobierno posterga hasta mediados de marzo la suba en el impuesto a los combustibles | CVI NOTICIAS","robots":{"index":"index","follow":"follow","max-snippet":"max-snippet:-1","max-image-preview":"max-image-preview:large","max-video-preview":"max-video-preview:-1"},"canonical":"https:\/\/cvinoticias.com\/v3\/el-gobierno-posterga-hasta-mediados-de-marzo-la-suba-en-el-impuesto-a-los-combustibles\/","og_locale":"es_ES","og_type":"article","og_title":"El Gobierno posterga hasta mediados de marzo la suba en el impuesto a los combustibles | CVI NOTICIAS","og_description":"El Gobierno posterg\u00f3 hasta el 12 de marzo pr\u00f3ximo la suba en el impuesto a los combustibles prevista para el 1 de marzo, debido a \u201clas circunstancias actuales y la necesaria estabilizaci\u00f3n de los precios\u201d. A trav\u00e9s del decreto 35\/2021, publicado hoy en el Bolet\u00edn Oficial, se indic\u00f3 que \u201cel incremento en los montos de [&hellip;]","og_url":"https:\/\/cvinoticias.com\/v3\/el-gobierno-posterga-hasta-mediados-de-marzo-la-suba-en-el-impuesto-a-los-combustibles\/","og_site_name":"CVI NOTICIAS","article_publisher":"https:\/\/www.facebook.com\/cvinoticias","article_published_time":"2021-01-25T12:21:35+00:00","og_image":[{"width":320,"height":200,"url":"https:\/\/cvinoticias.com\/wp-content\/uploads\/2021\/01\/1507499256637.jpg","type":"image\/jpeg"}],"author":"f1000024","twitter_card":"summary_large_image","twitter_misc":{"Escrito por":"f1000024","Tiempo de lectura":"1 minuto"},"schema":{"@context":"https:\/\/schema.org","@graph":[{"@type":"Article","@id":"https:\/\/cvinoticias.com\/v3\/el-gobierno-posterga-hasta-mediados-de-marzo-la-suba-en-el-impuesto-a-los-combustibles\/#article","isPartOf":{"@id":"https:\/\/cvinoticias.com\/v3\/el-gobierno-posterga-hasta-mediados-de-marzo-la-suba-en-el-impuesto-a-los-combustibles\/"},"author":{"name":"f1000024","@id":"https:\/\/cvinoticias.com\/v3\/#\/schema\/person\/2db77e3c6bc03c538495d7b2b8be9b66"},"headline":"El Gobierno posterga hasta mediados de marzo la suba en el impuesto a los combustibles","datePublished":"2021-01-25T12:21:35+00:00","mainEntityOfPage":{"@id":"https:\/\/cvinoticias.com\/v3\/el-gobierno-posterga-hasta-mediados-de-marzo-la-suba-en-el-impuesto-a-los-combustibles\/"},"wordCount":216,"commentCount":0,"publisher":{"@id":"https:\/\/cvinoticias.com\/v3\/#organization"},"image":{"@id":"https:\/\/cvinoticias.com\/v3\/el-gobierno-posterga-hasta-mediados-de-marzo-la-suba-en-el-impuesto-a-los-combustibles\/#primaryimage"},"thumbnailUrl":"https:\/\/cvinoticias.com\/wp-content\/uploads\/2021\/01\/1507499256637.jpg","articleSection":["Informaci\u00f3n General"],"inLanguage":"es","potentialAction":[{"@type":"CommentAction","name":"Comment","target":["https:\/\/cvinoticias.com\/v3\/el-gobierno-posterga-hasta-mediados-de-marzo-la-suba-en-el-impuesto-a-los-combustibles\/#respond"]}]},{"@type":"WebPage","@id":"https:\/\/cvinoticias.com\/v3\/el-gobierno-posterga-hasta-mediados-de-marzo-la-suba-en-el-impuesto-a-los-combustibles\/","url":"https:\/\/cvinoticias.com\/v3\/el-gobierno-posterga-hasta-mediados-de-marzo-la-suba-en-el-impuesto-a-los-combustibles\/","name":"El Gobierno posterga hasta mediados de marzo la suba en el impuesto a los combustibles | CVI NOTICIAS","isPartOf":{"@id":"https:\/\/cvinoticias.com\/v3\/#website"},"primaryImageOfPage":{"@id":"https:\/\/cvinoticias.com\/v3\/el-gobierno-posterga-hasta-mediados-de-marzo-la-suba-en-el-impuesto-a-los-combustibles\/#primaryimage"},"image":{"@id":"https:\/\/cvinoticias.com\/v3\/el-gobierno-posterga-hasta-mediados-de-marzo-la-suba-en-el-impuesto-a-los-combustibles\/#primaryimage"},"thumbnailUrl":"https:\/\/cvinoticias.com\/wp-content\/uploads\/2021\/01\/1507499256637.jpg","datePublished":"2021-01-25T12:21:35+00:00","breadcrumb":{"@id":"https:\/\/cvinoticias.com\/v3\/el-gobierno-posterga-hasta-mediados-de-marzo-la-suba-en-el-impuesto-a-los-combustibles\/#breadcrumb"},"inLanguage":"es","potentialAction":[{"@type":"ReadAction","target":["https:\/\/cvinoticias.com\/v3\/el-gobierno-posterga-hasta-mediados-de-marzo-la-suba-en-el-impuesto-a-los-combustibles\/"]}]},{"@type":"ImageObject","inLanguage":"es","@id":"https:\/\/cvinoticias.com\/v3\/el-gobierno-posterga-hasta-mediados-de-marzo-la-suba-en-el-impuesto-a-los-combustibles\/#primaryimage","url":"https:\/\/cvinoticias.com\/wp-content\/uploads\/2021\/01\/1507499256637.jpg","contentUrl":"https:\/\/cvinoticias.com\/wp-content\/uploads\/2021\/01\/1507499256637.jpg","width":320,"height":200},{"@type":"BreadcrumbList","@id":"https:\/\/cvinoticias.com\/v3\/el-gobierno-posterga-hasta-mediados-de-marzo-la-suba-en-el-impuesto-a-los-combustibles\/#breadcrumb","itemListElement":[{"@type":"ListItem","position":1,"name":"Portada","item":"https:\/\/cvinoticias.com\/v3\/"},{"@type":"ListItem","position":2,"name":"El Gobierno posterga hasta mediados de marzo la suba en el impuesto a los combustibles"}]},{"@type":"WebSite","@id":"https:\/\/cvinoticias.com\/v3\/#website","url":"https:\/\/cvinoticias.com\/v3\/","name":"CVI NOTICIAS","description":"","publisher":{"@id":"https:\/\/cvinoticias.com\/v3\/#organization"},"alternateName":"CVI","potentialAction":[{"@type":"SearchAction","target":{"@type":"EntryPoint","urlTemplate":"https:\/\/cvinoticias.com\/v3\/?s={search_term_string}"},"query-input":{"@type":"PropertyValueSpecification","valueRequired":true,"valueName":"search_term_string"}}],"inLanguage":"es"},{"@type":"Organization","@id":"https:\/\/cvinoticias.com\/v3\/#organization","name":"CVI NOTICIAS","url":"https:\/\/cvinoticias.com\/v3\/","logo":{"@type":"ImageObject","inLanguage":"es","@id":"https:\/\/cvinoticias.com\/v3\/#\/schema\/logo\/image\/","url":"https:\/\/cvinoticias.com\/wp-content\/uploads\/2023\/04\/cropped-cropped-cropped-cropped-cropped-3-1.png","contentUrl":"https:\/\/cvinoticias.com\/wp-content\/uploads\/2023\/04\/cropped-cropped-cropped-cropped-cropped-3-1.png","width":95,"height":122,"caption":"CVI NOTICIAS"},"image":{"@id":"https:\/\/cvinoticias.com\/v3\/#\/schema\/logo\/image\/"},"sameAs":["https:\/\/www.facebook.com\/cvinoticias","https:\/\/www.instagram.com\/cvinoticias\/","https:\/\/www.youtube.com\/@CVINOTICIAS"]},{"@type":"Person","@id":"https:\/\/cvinoticias.com\/v3\/#\/schema\/person\/2db77e3c6bc03c538495d7b2b8be9b66","name":"f1000024","image":{"@type":"ImageObject","inLanguage":"es","@id":"https:\/\/secure.gravatar.com\/avatar\/d4fe7459cfc51ff5129ce1a732bbef5928568b8092d412ef95611616376bbeed?s=96&d=mm&r=g","url":"https:\/\/secure.gravatar.com\/avatar\/d4fe7459cfc51ff5129ce1a732bbef5928568b8092d412ef95611616376bbeed?s=96&d=mm&r=g","contentUrl":"https:\/\/secure.gravatar.com\/avatar\/d4fe7459cfc51ff5129ce1a732bbef5928568b8092d412ef95611616376bbeed?s=96&d=mm&r=g","caption":"f1000024"},"url":"https:\/\/cvinoticias.com\/v3\/author\/f1000024\/"}]}},"_links":{"self":[{"href":"https:\/\/cvinoticias.com\/v3\/wp-json\/wp\/v2\/posts\/2041","targetHints":{"allow":["GET"]}}],"collection":[{"href":"https:\/\/cvinoticias.com\/v3\/wp-json\/wp\/v2\/posts"}],"about":[{"href":"https:\/\/cvinoticias.com\/v3\/wp-json\/wp\/v2\/types\/post"}],"author":[{"embeddable":true,"href":"https:\/\/cvinoticias.com\/v3\/wp-json\/wp\/v2\/users\/2"}],"replies":[{"embeddable":true,"href":"https:\/\/cvinoticias.com\/v3\/wp-json\/wp\/v2\/comments?post=2041"}],"version-history":[{"count":1,"href":"https:\/\/cvinoticias.com\/v3\/wp-json\/wp\/v2\/posts\/2041\/revisions"}],"predecessor-version":[{"id":2042,"href":"https:\/\/cvinoticias.com\/v3\/wp-json\/wp\/v2\/posts\/2041\/revisions\/2042"}],"wp:featuredmedia":[{"embeddable":true,"href":"https:\/\/cvinoticias.com\/v3\/wp-json\/wp\/v2\/media\/1564"}],"wp:attachment":[{"href":"https:\/\/cvinoticias.com\/v3\/wp-json\/wp\/v2\/media?parent=2041"}],"wp:term":[{"taxonomy":"category","embeddable":true,"href":"https:\/\/cvinoticias.com\/v3\/wp-json\/wp\/v2\/categories?post=2041"},{"taxonomy":"post_tag","embeddable":true,"href":"https:\/\/cvinoticias.com\/v3\/wp-json\/wp\/v2\/tags?post=2041"}],"curies":[{"name":"wp","href":"https:\/\/api.w.org\/{rel}","templated":true}]}}