{"id":20332,"date":"2022-10-28T05:02:51","date_gmt":"2022-10-28T05:02:51","guid":{"rendered":"https:\/\/cvinoticias.com\/v3\/?p=20332"},"modified":"2022-10-28T05:02:51","modified_gmt":"2022-10-28T05:02:51","slug":"puerto-iguazu-herrera-ahuad-superviso-el-avance-de-obras-viales-en-y-acompano-actividades-de-concientizacion-sobre-el-cancer-de-mama","status":"publish","type":"post","link":"https:\/\/cvinoticias.com\/v3\/puerto-iguazu-herrera-ahuad-superviso-el-avance-de-obras-viales-en-y-acompano-actividades-de-concientizacion-sobre-el-cancer-de-mama\/","title":{"rendered":"Puerto Iguaz\u00fa: Herrera Ahuad supervis\u00f3 el avance de obras viales en y acompa\u00f1\u00f3 actividades de concientizaci\u00f3n sobre el c\u00e1ncer de mama"},"content":{"rendered":"\n<p><strong><em>El Gobernador supervis\u00f3 el avance de la puesta en valor de las avenidas Brasil y Obispo Angelelli en Puerto Iguaz\u00fa. Tambi\u00e9n, visit\u00f3 la Casa Museo Dra. Marta Teodora Schwarz para acompa\u00f1ar la inauguraci\u00f3n de un monumento conmemorativo de la concientizaci\u00f3n sobre el c\u00e1ncer de mama. Anunci\u00f3 la pr\u00f3xima licitaci\u00f3n del acueducto, el saneamiento hidr\u00e1ulico del arroyo Ram\u00f3n Ayala y la licitaci\u00f3n de 400 cuadras m\u00e1s de asfalto.<\/em><\/strong><\/p>\n\n\n\n<p>Esta tarde, el gobernador Oscar Herrera Ahuad, acompa\u00f1ado del intendente Claudio Filippa, visit\u00f3 la localidad del norte misionero para supervisar obras viales y acompa\u00f1\u00f3 actividades enmarcadas en el mes de concientizaci\u00f3n sobre el c\u00e1ncer de mama.<\/p>\n\n\n\n<p>En la primera parada, frente a la Casa Museo Dra. Marta T. Schwarz, el mandatario acompa\u00f1\u00f3 el descubrimiento de un monolito de un list\u00f3n rosa, el s\u00edmbolo internacional que marca el compromiso para crear conciencia sobre la enfermedad. El monumento, en tres dimensiones, fue realizado con mano de obra local.<\/p>\n\n\n\n<figure class=\"wp-block-image size-full\"><a href=\"https:\/\/cvinoticias.com\/wp-content\/uploads\/2022\/10\/FB_IMG_1666932294226.jpg\"><img decoding=\"async\" width=\"1024\" height=\"683\" data-src=\"https:\/\/cvinoticias.com\/wp-content\/uploads\/2022\/10\/FB_IMG_1666932294226.jpg\" alt=\"\" class=\"wp-image-20336 lazyload\" data-srcset=\"https:\/\/cvinoticias.com\/wp-content\/uploads\/2022\/10\/FB_IMG_1666932294226.jpg 1024w, https:\/\/cvinoticias.com\/wp-content\/uploads\/2022\/10\/FB_IMG_1666932294226-300x200.jpg 300w, https:\/\/cvinoticias.com\/wp-content\/uploads\/2022\/10\/FB_IMG_1666932294226-768x512.jpg 768w\" data-sizes=\"(max-width: 1024px) 100vw, 1024px\" src=\"data:image\/svg+xml;base64,PHN2ZyB3aWR0aD0iMSIgaGVpZ2h0PSIxIiB4bWxucz0iaHR0cDovL3d3dy53My5vcmcvMjAwMC9zdmciPjwvc3ZnPg==\" style=\"--smush-placeholder-width: 1024px; --smush-placeholder-aspect-ratio: 1024\/683;\" \/><\/a><\/figure>\n\n\n\n<p>Herrera Ahuad destac\u00f3 el acompa\u00f1amiento de la provincia en \u00abel Mes de Concientizaci\u00f3n de la Prevenci\u00f3n del C\u00e1ncer de Mama. Es muy importante acompa\u00f1ar estas actividades que parecen sencillas, pero tienen alt\u00edsimo impacto en lo que es la concientizaci\u00f3n de la poblaci\u00f3n\u00bb. Sostuvo que esta tarea, realizada durante los 365 d\u00edas del a\u00f1o, puede lograr que tengamos menos consecuencias por el c\u00e1ncer de mama.<\/p>\n\n\n\n<p>Asimismo, destac\u00f3 \u201cel cambio de paradigma que est\u00e1 en la prevenci\u00f3n, con los mil agentes sanitarios, los CAPS, los peque\u00f1os hospitales de Nivel 1 que atienden y que contienen a la poblaci\u00f3n de las enfermedades m\u00e1s elementales\u00bb, junto a todas las campa\u00f1as de vacunaci\u00f3n y de concientizaci\u00f3n de diversas enfermedades.<\/p>\n\n\n\n<p>En tanto, en la inauguraci\u00f3n del monumento, la directora del Hospital SAMIC Marta Schwarz, Raquel Matcoski, agradeci\u00f3 la presencia de las autoridades en las actividades de concientizaci\u00f3n y destac\u00f3 las acciones del Grupo Cu\u00eddate Iguaz\u00fa en pos de la prevenci\u00f3n del c\u00e1ncer de mama.<\/p>\n\n\n\n<p><strong>OBRAS VIALES Y FUERTE ACOMPA\u00d1AMIENTO PROVINCIAL A LA CIUDAD DE LA CATARATAS<\/strong><\/p>\n\n\n\n<p>En la segunda parte de la visita a la comuna, el funcionario provincial se desplaz\u00f3 hasta la avenida Obispo Angelelli para inspeccionar el avance del asfaltado que cubrir\u00e1 el trayecto hasta la avenida Rep\u00fablica Argentina. Su \u00faltima parada fue para supervisar las obras viales en marcha que est\u00e1n modificando por completo la avenida Brasil.<\/p>\n\n\n\n<figure class=\"wp-block-image size-full\"><a href=\"https:\/\/cvinoticias.com\/wp-content\/uploads\/2022\/10\/FB_IMG_1666932301956.jpg\"><img decoding=\"async\" width=\"1024\" height=\"683\" data-src=\"https:\/\/cvinoticias.com\/wp-content\/uploads\/2022\/10\/FB_IMG_1666932301956.jpg\" alt=\"\" class=\"wp-image-20335 lazyload\" data-srcset=\"https:\/\/cvinoticias.com\/wp-content\/uploads\/2022\/10\/FB_IMG_1666932301956.jpg 1024w, https:\/\/cvinoticias.com\/wp-content\/uploads\/2022\/10\/FB_IMG_1666932301956-300x200.jpg 300w, https:\/\/cvinoticias.com\/wp-content\/uploads\/2022\/10\/FB_IMG_1666932301956-768x512.jpg 768w\" data-sizes=\"(max-width: 1024px) 100vw, 1024px\" src=\"data:image\/svg+xml;base64,PHN2ZyB3aWR0aD0iMSIgaGVpZ2h0PSIxIiB4bWxucz0iaHR0cDovL3d3dy53My5vcmcvMjAwMC9zdmciPjwvc3ZnPg==\" style=\"--smush-placeholder-width: 1024px; --smush-placeholder-aspect-ratio: 1024\/683;\" \/><\/a><\/figure>\n\n\n\n<p>Al respecto, Herrera Ahuad dio cuenta que su visita a la Ciudad de las Cataratas fue para gestionar y supervisar los avances de las obras en desarrollo y otras previstas para la comuna. \u00abEs una tarde de reconocimiento, pero tambi\u00e9n de gesti\u00f3n\u00bb, mencion\u00f3. Valor\u00f3 \u00abla enorme capacidad de trabajo del municipio y de su gente\u00bb, en su proceso de recuperaci\u00f3n. Asegur\u00f3 que desde el Gobierno provincial se busca ayudar y acompa\u00f1ar al municipio.<\/p>\n\n\n\n<figure class=\"wp-block-image size-full is-resized\"><a href=\"https:\/\/cvinoticias.com\/wp-content\/uploads\/2022\/10\/FB_IMG_1666932299520.jpg\"><img decoding=\"async\" data-src=\"https:\/\/cvinoticias.com\/wp-content\/uploads\/2022\/10\/FB_IMG_1666932299520.jpg\" alt=\"\" class=\"wp-image-20334 lazyload\" width=\"683\" height=\"455\" data-srcset=\"https:\/\/cvinoticias.com\/wp-content\/uploads\/2022\/10\/FB_IMG_1666932299520.jpg 1024w, https:\/\/cvinoticias.com\/wp-content\/uploads\/2022\/10\/FB_IMG_1666932299520-300x200.jpg 300w, https:\/\/cvinoticias.com\/wp-content\/uploads\/2022\/10\/FB_IMG_1666932299520-768x512.jpg 768w\" data-sizes=\"(max-width: 683px) 100vw, 683px\" src=\"data:image\/svg+xml;base64,PHN2ZyB3aWR0aD0iMSIgaGVpZ2h0PSIxIiB4bWxucz0iaHR0cDovL3d3dy53My5vcmcvMjAwMC9zdmciPjwvc3ZnPg==\" style=\"--smush-placeholder-width: 683px; --smush-placeholder-aspect-ratio: 683\/455;\" \/><\/a><\/figure>\n\n\n\n<p>Igualmente, adelant\u00f3 que, m\u00e1s all\u00e1 de la finalizaci\u00f3n del asfaltado de calles en los pr\u00f3ximos d\u00edas, se continuar\u00e1 con las obras de infraestructura urbana, como la modernizaci\u00f3n del centro que forma parte del Master Plan de Puerto Iguaz\u00fa. Anunci\u00f3 que para el 28 de noviembre se llamar\u00e1 a licitaci\u00f3n para el asfaltado de las 400 cuadras que faltan para llegar a las 1000 pavimentadas en la localidad. Tambi\u00e9n, anticip\u00f3 la pronta licitaci\u00f3n de la construcci\u00f3n del acueducto y el saneamiento hidr\u00e1ulico del arroyo Ram\u00f3n Ayala para tener la conexi\u00f3n del \u00e1rea secundaria de acceso a Puerto Iguaz\u00fa.<\/p>\n\n\n\n<figure class=\"wp-block-image size-full\"><a href=\"https:\/\/cvinoticias.com\/wp-content\/uploads\/2022\/10\/FB_IMG_1666932297014.jpg\"><img decoding=\"async\" width=\"1024\" height=\"683\" data-src=\"https:\/\/cvinoticias.com\/wp-content\/uploads\/2022\/10\/FB_IMG_1666932297014.jpg\" alt=\"\" class=\"wp-image-20333 lazyload\" data-srcset=\"https:\/\/cvinoticias.com\/wp-content\/uploads\/2022\/10\/FB_IMG_1666932297014.jpg 1024w, https:\/\/cvinoticias.com\/wp-content\/uploads\/2022\/10\/FB_IMG_1666932297014-300x200.jpg 300w, https:\/\/cvinoticias.com\/wp-content\/uploads\/2022\/10\/FB_IMG_1666932297014-768x512.jpg 768w\" data-sizes=\"(max-width: 1024px) 100vw, 1024px\" src=\"data:image\/svg+xml;base64,PHN2ZyB3aWR0aD0iMSIgaGVpZ2h0PSIxIiB4bWxucz0iaHR0cDovL3d3dy53My5vcmcvMjAwMC9zdmciPjwvc3ZnPg==\" style=\"--smush-placeholder-width: 1024px; --smush-placeholder-aspect-ratio: 1024\/683;\" \/><\/a><\/figure>\n\n\n\n<p>FRACR\u00c1N Y AGENDA EN BUENOS AIRES<\/p>\n\n\n\n<p>En su paso por Puerto Iguaz\u00fa, Herrera Ahuad habl\u00f3 con la prensa sobre la municipalizaci\u00f3n de Fracr\u00e1n aprobada por la C\u00e1mara de Representantes en el d\u00eda de la fecha. Celebr\u00f3 este proceso que permitir\u00e1 llevar los servicios \u00abbien cerca de la gente que los necesita\u00bb e igualdad de oportunidades para los habitantes de la zona. Especific\u00f3 que la municipalizaci\u00f3n busca acercar elementos como el juzgado de paz, hospital, centro de salud, polideportivo y la polic\u00eda, lo que evitar\u00e1 que los vecinos de Fracr\u00e1n deban viajar varios kil\u00f3metros hasta ciudades como San Vicente o San Pedro para buscar atenci\u00f3n sanitaria o realizar tr\u00e1mites administrativos.<\/p>\n\n\n\n<p>En otro aspecto, dio detalles de su agenda de trabajo en la Ciudad de Buenos Aires, a donde viajar\u00e1 para tratar cuestiones vinculadas con infraestructura h\u00eddrica para m\u00e1s de 20 municipios de la provincia y la gesti\u00f3n de la traves\u00eda urbana de Jard\u00edn Am\u00e9rica. Tambi\u00e9n, tendr\u00e1 una reuni\u00f3n en el Ministerio de Econom\u00eda para avanzar en temas incluidos en el Presupuesto 2023 ya con media sanci\u00f3n del Congreso de la Naci\u00f3n. Del mismo modo, tiene previstas reuniones de trabajo con la Direcci\u00f3n Nacional de Vialidad Nacional y una visita a Mar del Plata para acompa\u00f1ar a los deportistas misioneros en los Juegos Evita.<\/p>\n","protected":false},"excerpt":{"rendered":"<p>El Gobernador supervis\u00f3 el avance de la puesta en valor de las avenidas Brasil y Obispo Angelelli en Puerto Iguaz\u00fa. Tambi\u00e9n, visit\u00f3 la Casa Museo Dra. Marta Teodora Schwarz para acompa\u00f1ar la inauguraci\u00f3n de un monumento conmemorativo de la concientizaci\u00f3n sobre el c\u00e1ncer de mama. Anunci\u00f3 la pr\u00f3xima licitaci\u00f3n del acueducto, el saneamiento hidr\u00e1ulico del [&hellip;]<\/p>\n","protected":false},"author":2,"featured_media":20337,"comment_status":"open","ping_status":"open","sticky":false,"template":"","format":"standard","meta":{"footnotes":""},"categories":[29],"tags":[],"class_list":["post-20332","post","type-post","status-publish","format-standard","has-post-thumbnail","hentry","category-locales"],"yoast_head":"<!-- This site is optimized with the Yoast SEO plugin v27.4 - https:\/\/yoast.com\/product\/yoast-seo-wordpress\/ -->\n<title>Puerto Iguaz\u00fa: Herrera Ahuad supervis\u00f3 el avance de obras viales en y acompa\u00f1\u00f3 actividades de concientizaci\u00f3n sobre el c\u00e1ncer de mama | CVI NOTICIAS<\/title>\n<meta name=\"robots\" content=\"index, follow, max-snippet:-1, max-image-preview:large, max-video-preview:-1\" \/>\n<link rel=\"canonical\" href=\"https:\/\/cvinoticias.com\/v3\/puerto-iguazu-herrera-ahuad-superviso-el-avance-de-obras-viales-en-y-acompano-actividades-de-concientizacion-sobre-el-cancer-de-mama\/\" \/>\n<meta property=\"og:locale\" content=\"es_ES\" \/>\n<meta property=\"og:type\" content=\"article\" \/>\n<meta property=\"og:title\" content=\"Puerto Iguaz\u00fa: Herrera Ahuad supervis\u00f3 el avance de obras viales en y acompa\u00f1\u00f3 actividades de concientizaci\u00f3n sobre el c\u00e1ncer de mama | CVI NOTICIAS\" \/>\n<meta property=\"og:description\" content=\"El Gobernador supervis\u00f3 el avance de la puesta en valor de las avenidas Brasil y Obispo Angelelli en Puerto Iguaz\u00fa. Tambi\u00e9n, visit\u00f3 la Casa Museo Dra. Marta Teodora Schwarz para acompa\u00f1ar la inauguraci\u00f3n de un monumento conmemorativo de la concientizaci\u00f3n sobre el c\u00e1ncer de mama. Anunci\u00f3 la pr\u00f3xima licitaci\u00f3n del acueducto, el saneamiento hidr\u00e1ulico del [&hellip;]\" \/>\n<meta property=\"og:url\" content=\"https:\/\/cvinoticias.com\/v3\/puerto-iguazu-herrera-ahuad-superviso-el-avance-de-obras-viales-en-y-acompano-actividades-de-concientizacion-sobre-el-cancer-de-mama\/\" \/>\n<meta property=\"og:site_name\" content=\"CVI NOTICIAS\" \/>\n<meta property=\"article:publisher\" content=\"https:\/\/www.facebook.com\/cvinoticias\" \/>\n<meta property=\"article:published_time\" content=\"2022-10-28T05:02:51+00:00\" \/>\n<meta property=\"og:image\" content=\"https:\/\/cvinoticias.com\/wp-content\/uploads\/2022\/10\/FB_IMG_1666932305280.jpg\" \/>\n\t<meta property=\"og:image:width\" content=\"1024\" \/>\n\t<meta property=\"og:image:height\" content=\"683\" \/>\n\t<meta property=\"og:image:type\" content=\"image\/jpeg\" \/>\n<meta name=\"author\" content=\"f1000024\" \/>\n<meta name=\"twitter:card\" content=\"summary_large_image\" \/>\n<meta name=\"twitter:label1\" content=\"Escrito por\" \/>\n\t<meta name=\"twitter:data1\" content=\"f1000024\" \/>\n\t<meta name=\"twitter:label2\" content=\"Tiempo de lectura\" \/>\n\t<meta name=\"twitter:data2\" content=\"4 minutos\" \/>\n<script type=\"application\/ld+json\" class=\"yoast-schema-graph\">{\"@context\":\"https:\\\/\\\/schema.org\",\"@graph\":[{\"@type\":\"Article\",\"@id\":\"https:\\\/\\\/cvinoticias.com\\\/v3\\\/puerto-iguazu-herrera-ahuad-superviso-el-avance-de-obras-viales-en-y-acompano-actividades-de-concientizacion-sobre-el-cancer-de-mama\\\/#article\",\"isPartOf\":{\"@id\":\"https:\\\/\\\/cvinoticias.com\\\/v3\\\/puerto-iguazu-herrera-ahuad-superviso-el-avance-de-obras-viales-en-y-acompano-actividades-de-concientizacion-sobre-el-cancer-de-mama\\\/\"},\"author\":{\"name\":\"f1000024\",\"@id\":\"https:\\\/\\\/cvinoticias.com\\\/v3\\\/#\\\/schema\\\/person\\\/2db77e3c6bc03c538495d7b2b8be9b66\"},\"headline\":\"Puerto Iguaz\u00fa: Herrera Ahuad supervis\u00f3 el avance de obras viales en y acompa\u00f1\u00f3 actividades de concientizaci\u00f3n sobre el c\u00e1ncer de mama\",\"datePublished\":\"2022-10-28T05:02:51+00:00\",\"mainEntityOfPage\":{\"@id\":\"https:\\\/\\\/cvinoticias.com\\\/v3\\\/puerto-iguazu-herrera-ahuad-superviso-el-avance-de-obras-viales-en-y-acompano-actividades-de-concientizacion-sobre-el-cancer-de-mama\\\/\"},\"wordCount\":856,\"commentCount\":0,\"publisher\":{\"@id\":\"https:\\\/\\\/cvinoticias.com\\\/v3\\\/#organization\"},\"image\":{\"@id\":\"https:\\\/\\\/cvinoticias.com\\\/v3\\\/puerto-iguazu-herrera-ahuad-superviso-el-avance-de-obras-viales-en-y-acompano-actividades-de-concientizacion-sobre-el-cancer-de-mama\\\/#primaryimage\"},\"thumbnailUrl\":\"https:\\\/\\\/cvinoticias.com\\\/wp-content\\\/uploads\\\/2022\\\/10\\\/FB_IMG_1666932305280.jpg\",\"articleSection\":[\"Locales\"],\"inLanguage\":\"es\",\"potentialAction\":[{\"@type\":\"CommentAction\",\"name\":\"Comment\",\"target\":[\"https:\\\/\\\/cvinoticias.com\\\/v3\\\/puerto-iguazu-herrera-ahuad-superviso-el-avance-de-obras-viales-en-y-acompano-actividades-de-concientizacion-sobre-el-cancer-de-mama\\\/#respond\"]}]},{\"@type\":\"WebPage\",\"@id\":\"https:\\\/\\\/cvinoticias.com\\\/v3\\\/puerto-iguazu-herrera-ahuad-superviso-el-avance-de-obras-viales-en-y-acompano-actividades-de-concientizacion-sobre-el-cancer-de-mama\\\/\",\"url\":\"https:\\\/\\\/cvinoticias.com\\\/v3\\\/puerto-iguazu-herrera-ahuad-superviso-el-avance-de-obras-viales-en-y-acompano-actividades-de-concientizacion-sobre-el-cancer-de-mama\\\/\",\"name\":\"Puerto Iguaz\u00fa: Herrera Ahuad supervis\u00f3 el avance de obras viales en y acompa\u00f1\u00f3 actividades de concientizaci\u00f3n sobre el c\u00e1ncer de mama | CVI NOTICIAS\",\"isPartOf\":{\"@id\":\"https:\\\/\\\/cvinoticias.com\\\/v3\\\/#website\"},\"primaryImageOfPage\":{\"@id\":\"https:\\\/\\\/cvinoticias.com\\\/v3\\\/puerto-iguazu-herrera-ahuad-superviso-el-avance-de-obras-viales-en-y-acompano-actividades-de-concientizacion-sobre-el-cancer-de-mama\\\/#primaryimage\"},\"image\":{\"@id\":\"https:\\\/\\\/cvinoticias.com\\\/v3\\\/puerto-iguazu-herrera-ahuad-superviso-el-avance-de-obras-viales-en-y-acompano-actividades-de-concientizacion-sobre-el-cancer-de-mama\\\/#primaryimage\"},\"thumbnailUrl\":\"https:\\\/\\\/cvinoticias.com\\\/wp-content\\\/uploads\\\/2022\\\/10\\\/FB_IMG_1666932305280.jpg\",\"datePublished\":\"2022-10-28T05:02:51+00:00\",\"breadcrumb\":{\"@id\":\"https:\\\/\\\/cvinoticias.com\\\/v3\\\/puerto-iguazu-herrera-ahuad-superviso-el-avance-de-obras-viales-en-y-acompano-actividades-de-concientizacion-sobre-el-cancer-de-mama\\\/#breadcrumb\"},\"inLanguage\":\"es\",\"potentialAction\":[{\"@type\":\"ReadAction\",\"target\":[\"https:\\\/\\\/cvinoticias.com\\\/v3\\\/puerto-iguazu-herrera-ahuad-superviso-el-avance-de-obras-viales-en-y-acompano-actividades-de-concientizacion-sobre-el-cancer-de-mama\\\/\"]}]},{\"@type\":\"ImageObject\",\"inLanguage\":\"es\",\"@id\":\"https:\\\/\\\/cvinoticias.com\\\/v3\\\/puerto-iguazu-herrera-ahuad-superviso-el-avance-de-obras-viales-en-y-acompano-actividades-de-concientizacion-sobre-el-cancer-de-mama\\\/#primaryimage\",\"url\":\"https:\\\/\\\/cvinoticias.com\\\/wp-content\\\/uploads\\\/2022\\\/10\\\/FB_IMG_1666932305280.jpg\",\"contentUrl\":\"https:\\\/\\\/cvinoticias.com\\\/wp-content\\\/uploads\\\/2022\\\/10\\\/FB_IMG_1666932305280.jpg\",\"width\":1024,\"height\":683},{\"@type\":\"BreadcrumbList\",\"@id\":\"https:\\\/\\\/cvinoticias.com\\\/v3\\\/puerto-iguazu-herrera-ahuad-superviso-el-avance-de-obras-viales-en-y-acompano-actividades-de-concientizacion-sobre-el-cancer-de-mama\\\/#breadcrumb\",\"itemListElement\":[{\"@type\":\"ListItem\",\"position\":1,\"name\":\"Portada\",\"item\":\"https:\\\/\\\/cvinoticias.com\\\/v3\\\/\"},{\"@type\":\"ListItem\",\"position\":2,\"name\":\"Puerto Iguaz\u00fa: Herrera Ahuad supervis\u00f3 el avance de obras viales en y acompa\u00f1\u00f3 actividades de concientizaci\u00f3n sobre el c\u00e1ncer de mama\"}]},{\"@type\":\"WebSite\",\"@id\":\"https:\\\/\\\/cvinoticias.com\\\/v3\\\/#website\",\"url\":\"https:\\\/\\\/cvinoticias.com\\\/v3\\\/\",\"name\":\"CVI NOTICIAS\",\"description\":\"\",\"publisher\":{\"@id\":\"https:\\\/\\\/cvinoticias.com\\\/v3\\\/#organization\"},\"alternateName\":\"CVI\",\"potentialAction\":[{\"@type\":\"SearchAction\",\"target\":{\"@type\":\"EntryPoint\",\"urlTemplate\":\"https:\\\/\\\/cvinoticias.com\\\/v3\\\/?s={search_term_string}\"},\"query-input\":{\"@type\":\"PropertyValueSpecification\",\"valueRequired\":true,\"valueName\":\"search_term_string\"}}],\"inLanguage\":\"es\"},{\"@type\":\"Organization\",\"@id\":\"https:\\\/\\\/cvinoticias.com\\\/v3\\\/#organization\",\"name\":\"CVI NOTICIAS\",\"url\":\"https:\\\/\\\/cvinoticias.com\\\/v3\\\/\",\"logo\":{\"@type\":\"ImageObject\",\"inLanguage\":\"es\",\"@id\":\"https:\\\/\\\/cvinoticias.com\\\/v3\\\/#\\\/schema\\\/logo\\\/image\\\/\",\"url\":\"https:\\\/\\\/cvinoticias.com\\\/wp-content\\\/uploads\\\/2023\\\/04\\\/cropped-cropped-cropped-cropped-cropped-3-1.png\",\"contentUrl\":\"https:\\\/\\\/cvinoticias.com\\\/wp-content\\\/uploads\\\/2023\\\/04\\\/cropped-cropped-cropped-cropped-cropped-3-1.png\",\"width\":95,\"height\":122,\"caption\":\"CVI NOTICIAS\"},\"image\":{\"@id\":\"https:\\\/\\\/cvinoticias.com\\\/v3\\\/#\\\/schema\\\/logo\\\/image\\\/\"},\"sameAs\":[\"https:\\\/\\\/www.facebook.com\\\/cvinoticias\",\"https:\\\/\\\/www.instagram.com\\\/cvinoticias\\\/\",\"https:\\\/\\\/www.youtube.com\\\/@CVINOTICIAS\"]},{\"@type\":\"Person\",\"@id\":\"https:\\\/\\\/cvinoticias.com\\\/v3\\\/#\\\/schema\\\/person\\\/2db77e3c6bc03c538495d7b2b8be9b66\",\"name\":\"f1000024\",\"image\":{\"@type\":\"ImageObject\",\"inLanguage\":\"es\",\"@id\":\"https:\\\/\\\/secure.gravatar.com\\\/avatar\\\/d4fe7459cfc51ff5129ce1a732bbef5928568b8092d412ef95611616376bbeed?s=96&d=mm&r=g\",\"url\":\"https:\\\/\\\/secure.gravatar.com\\\/avatar\\\/d4fe7459cfc51ff5129ce1a732bbef5928568b8092d412ef95611616376bbeed?s=96&d=mm&r=g\",\"contentUrl\":\"https:\\\/\\\/secure.gravatar.com\\\/avatar\\\/d4fe7459cfc51ff5129ce1a732bbef5928568b8092d412ef95611616376bbeed?s=96&d=mm&r=g\",\"caption\":\"f1000024\"},\"url\":\"https:\\\/\\\/cvinoticias.com\\\/v3\\\/author\\\/f1000024\\\/\"}]}<\/script>\n<!-- \/ Yoast SEO plugin. -->","yoast_head_json":{"title":"Puerto Iguaz\u00fa: Herrera Ahuad supervis\u00f3 el avance de obras viales en y acompa\u00f1\u00f3 actividades de concientizaci\u00f3n sobre el c\u00e1ncer de mama | CVI NOTICIAS","robots":{"index":"index","follow":"follow","max-snippet":"max-snippet:-1","max-image-preview":"max-image-preview:large","max-video-preview":"max-video-preview:-1"},"canonical":"https:\/\/cvinoticias.com\/v3\/puerto-iguazu-herrera-ahuad-superviso-el-avance-de-obras-viales-en-y-acompano-actividades-de-concientizacion-sobre-el-cancer-de-mama\/","og_locale":"es_ES","og_type":"article","og_title":"Puerto Iguaz\u00fa: Herrera Ahuad supervis\u00f3 el avance de obras viales en y acompa\u00f1\u00f3 actividades de concientizaci\u00f3n sobre el c\u00e1ncer de mama | CVI NOTICIAS","og_description":"El Gobernador supervis\u00f3 el avance de la puesta en valor de las avenidas Brasil y Obispo Angelelli en Puerto Iguaz\u00fa. Tambi\u00e9n, visit\u00f3 la Casa Museo Dra. Marta Teodora Schwarz para acompa\u00f1ar la inauguraci\u00f3n de un monumento conmemorativo de la concientizaci\u00f3n sobre el c\u00e1ncer de mama. Anunci\u00f3 la pr\u00f3xima licitaci\u00f3n del acueducto, el saneamiento hidr\u00e1ulico del [&hellip;]","og_url":"https:\/\/cvinoticias.com\/v3\/puerto-iguazu-herrera-ahuad-superviso-el-avance-de-obras-viales-en-y-acompano-actividades-de-concientizacion-sobre-el-cancer-de-mama\/","og_site_name":"CVI NOTICIAS","article_publisher":"https:\/\/www.facebook.com\/cvinoticias","article_published_time":"2022-10-28T05:02:51+00:00","og_image":[{"width":1024,"height":683,"url":"https:\/\/cvinoticias.com\/wp-content\/uploads\/2022\/10\/FB_IMG_1666932305280.jpg","type":"image\/jpeg"}],"author":"f1000024","twitter_card":"summary_large_image","twitter_misc":{"Escrito por":"f1000024","Tiempo de lectura":"4 minutos"},"schema":{"@context":"https:\/\/schema.org","@graph":[{"@type":"Article","@id":"https:\/\/cvinoticias.com\/v3\/puerto-iguazu-herrera-ahuad-superviso-el-avance-de-obras-viales-en-y-acompano-actividades-de-concientizacion-sobre-el-cancer-de-mama\/#article","isPartOf":{"@id":"https:\/\/cvinoticias.com\/v3\/puerto-iguazu-herrera-ahuad-superviso-el-avance-de-obras-viales-en-y-acompano-actividades-de-concientizacion-sobre-el-cancer-de-mama\/"},"author":{"name":"f1000024","@id":"https:\/\/cvinoticias.com\/v3\/#\/schema\/person\/2db77e3c6bc03c538495d7b2b8be9b66"},"headline":"Puerto Iguaz\u00fa: Herrera Ahuad supervis\u00f3 el avance de obras viales en y acompa\u00f1\u00f3 actividades de concientizaci\u00f3n sobre el c\u00e1ncer de mama","datePublished":"2022-10-28T05:02:51+00:00","mainEntityOfPage":{"@id":"https:\/\/cvinoticias.com\/v3\/puerto-iguazu-herrera-ahuad-superviso-el-avance-de-obras-viales-en-y-acompano-actividades-de-concientizacion-sobre-el-cancer-de-mama\/"},"wordCount":856,"commentCount":0,"publisher":{"@id":"https:\/\/cvinoticias.com\/v3\/#organization"},"image":{"@id":"https:\/\/cvinoticias.com\/v3\/puerto-iguazu-herrera-ahuad-superviso-el-avance-de-obras-viales-en-y-acompano-actividades-de-concientizacion-sobre-el-cancer-de-mama\/#primaryimage"},"thumbnailUrl":"https:\/\/cvinoticias.com\/wp-content\/uploads\/2022\/10\/FB_IMG_1666932305280.jpg","articleSection":["Locales"],"inLanguage":"es","potentialAction":[{"@type":"CommentAction","name":"Comment","target":["https:\/\/cvinoticias.com\/v3\/puerto-iguazu-herrera-ahuad-superviso-el-avance-de-obras-viales-en-y-acompano-actividades-de-concientizacion-sobre-el-cancer-de-mama\/#respond"]}]},{"@type":"WebPage","@id":"https:\/\/cvinoticias.com\/v3\/puerto-iguazu-herrera-ahuad-superviso-el-avance-de-obras-viales-en-y-acompano-actividades-de-concientizacion-sobre-el-cancer-de-mama\/","url":"https:\/\/cvinoticias.com\/v3\/puerto-iguazu-herrera-ahuad-superviso-el-avance-de-obras-viales-en-y-acompano-actividades-de-concientizacion-sobre-el-cancer-de-mama\/","name":"Puerto Iguaz\u00fa: Herrera Ahuad supervis\u00f3 el avance de obras viales en y acompa\u00f1\u00f3 actividades de concientizaci\u00f3n sobre el c\u00e1ncer de mama | CVI NOTICIAS","isPartOf":{"@id":"https:\/\/cvinoticias.com\/v3\/#website"},"primaryImageOfPage":{"@id":"https:\/\/cvinoticias.com\/v3\/puerto-iguazu-herrera-ahuad-superviso-el-avance-de-obras-viales-en-y-acompano-actividades-de-concientizacion-sobre-el-cancer-de-mama\/#primaryimage"},"image":{"@id":"https:\/\/cvinoticias.com\/v3\/puerto-iguazu-herrera-ahuad-superviso-el-avance-de-obras-viales-en-y-acompano-actividades-de-concientizacion-sobre-el-cancer-de-mama\/#primaryimage"},"thumbnailUrl":"https:\/\/cvinoticias.com\/wp-content\/uploads\/2022\/10\/FB_IMG_1666932305280.jpg","datePublished":"2022-10-28T05:02:51+00:00","breadcrumb":{"@id":"https:\/\/cvinoticias.com\/v3\/puerto-iguazu-herrera-ahuad-superviso-el-avance-de-obras-viales-en-y-acompano-actividades-de-concientizacion-sobre-el-cancer-de-mama\/#breadcrumb"},"inLanguage":"es","potentialAction":[{"@type":"ReadAction","target":["https:\/\/cvinoticias.com\/v3\/puerto-iguazu-herrera-ahuad-superviso-el-avance-de-obras-viales-en-y-acompano-actividades-de-concientizacion-sobre-el-cancer-de-mama\/"]}]},{"@type":"ImageObject","inLanguage":"es","@id":"https:\/\/cvinoticias.com\/v3\/puerto-iguazu-herrera-ahuad-superviso-el-avance-de-obras-viales-en-y-acompano-actividades-de-concientizacion-sobre-el-cancer-de-mama\/#primaryimage","url":"https:\/\/cvinoticias.com\/wp-content\/uploads\/2022\/10\/FB_IMG_1666932305280.jpg","contentUrl":"https:\/\/cvinoticias.com\/wp-content\/uploads\/2022\/10\/FB_IMG_1666932305280.jpg","width":1024,"height":683},{"@type":"BreadcrumbList","@id":"https:\/\/cvinoticias.com\/v3\/puerto-iguazu-herrera-ahuad-superviso-el-avance-de-obras-viales-en-y-acompano-actividades-de-concientizacion-sobre-el-cancer-de-mama\/#breadcrumb","itemListElement":[{"@type":"ListItem","position":1,"name":"Portada","item":"https:\/\/cvinoticias.com\/v3\/"},{"@type":"ListItem","position":2,"name":"Puerto Iguaz\u00fa: Herrera Ahuad supervis\u00f3 el avance de obras viales en y acompa\u00f1\u00f3 actividades de concientizaci\u00f3n sobre el c\u00e1ncer de mama"}]},{"@type":"WebSite","@id":"https:\/\/cvinoticias.com\/v3\/#website","url":"https:\/\/cvinoticias.com\/v3\/","name":"CVI NOTICIAS","description":"","publisher":{"@id":"https:\/\/cvinoticias.com\/v3\/#organization"},"alternateName":"CVI","potentialAction":[{"@type":"SearchAction","target":{"@type":"EntryPoint","urlTemplate":"https:\/\/cvinoticias.com\/v3\/?s={search_term_string}"},"query-input":{"@type":"PropertyValueSpecification","valueRequired":true,"valueName":"search_term_string"}}],"inLanguage":"es"},{"@type":"Organization","@id":"https:\/\/cvinoticias.com\/v3\/#organization","name":"CVI NOTICIAS","url":"https:\/\/cvinoticias.com\/v3\/","logo":{"@type":"ImageObject","inLanguage":"es","@id":"https:\/\/cvinoticias.com\/v3\/#\/schema\/logo\/image\/","url":"https:\/\/cvinoticias.com\/wp-content\/uploads\/2023\/04\/cropped-cropped-cropped-cropped-cropped-3-1.png","contentUrl":"https:\/\/cvinoticias.com\/wp-content\/uploads\/2023\/04\/cropped-cropped-cropped-cropped-cropped-3-1.png","width":95,"height":122,"caption":"CVI NOTICIAS"},"image":{"@id":"https:\/\/cvinoticias.com\/v3\/#\/schema\/logo\/image\/"},"sameAs":["https:\/\/www.facebook.com\/cvinoticias","https:\/\/www.instagram.com\/cvinoticias\/","https:\/\/www.youtube.com\/@CVINOTICIAS"]},{"@type":"Person","@id":"https:\/\/cvinoticias.com\/v3\/#\/schema\/person\/2db77e3c6bc03c538495d7b2b8be9b66","name":"f1000024","image":{"@type":"ImageObject","inLanguage":"es","@id":"https:\/\/secure.gravatar.com\/avatar\/d4fe7459cfc51ff5129ce1a732bbef5928568b8092d412ef95611616376bbeed?s=96&d=mm&r=g","url":"https:\/\/secure.gravatar.com\/avatar\/d4fe7459cfc51ff5129ce1a732bbef5928568b8092d412ef95611616376bbeed?s=96&d=mm&r=g","contentUrl":"https:\/\/secure.gravatar.com\/avatar\/d4fe7459cfc51ff5129ce1a732bbef5928568b8092d412ef95611616376bbeed?s=96&d=mm&r=g","caption":"f1000024"},"url":"https:\/\/cvinoticias.com\/v3\/author\/f1000024\/"}]}},"_links":{"self":[{"href":"https:\/\/cvinoticias.com\/v3\/wp-json\/wp\/v2\/posts\/20332","targetHints":{"allow":["GET"]}}],"collection":[{"href":"https:\/\/cvinoticias.com\/v3\/wp-json\/wp\/v2\/posts"}],"about":[{"href":"https:\/\/cvinoticias.com\/v3\/wp-json\/wp\/v2\/types\/post"}],"author":[{"embeddable":true,"href":"https:\/\/cvinoticias.com\/v3\/wp-json\/wp\/v2\/users\/2"}],"replies":[{"embeddable":true,"href":"https:\/\/cvinoticias.com\/v3\/wp-json\/wp\/v2\/comments?post=20332"}],"version-history":[{"count":1,"href":"https:\/\/cvinoticias.com\/v3\/wp-json\/wp\/v2\/posts\/20332\/revisions"}],"predecessor-version":[{"id":20338,"href":"https:\/\/cvinoticias.com\/v3\/wp-json\/wp\/v2\/posts\/20332\/revisions\/20338"}],"wp:featuredmedia":[{"embeddable":true,"href":"https:\/\/cvinoticias.com\/v3\/wp-json\/wp\/v2\/media\/20337"}],"wp:attachment":[{"href":"https:\/\/cvinoticias.com\/v3\/wp-json\/wp\/v2\/media?parent=20332"}],"wp:term":[{"taxonomy":"category","embeddable":true,"href":"https:\/\/cvinoticias.com\/v3\/wp-json\/wp\/v2\/categories?post=20332"},{"taxonomy":"post_tag","embeddable":true,"href":"https:\/\/cvinoticias.com\/v3\/wp-json\/wp\/v2\/tags?post=20332"}],"curies":[{"name":"wp","href":"https:\/\/api.w.org\/{rel}","templated":true}]}}