{"id":20301,"date":"2022-10-27T15:17:12","date_gmt":"2022-10-27T15:17:12","guid":{"rendered":"https:\/\/cvinoticias.com\/v3\/?p=20301"},"modified":"2022-10-27T17:50:23","modified_gmt":"2022-10-27T17:50:23","slug":"se-realizo-el-lanzamiento-del-black-friday-en-iguazu","status":"publish","type":"post","link":"https:\/\/cvinoticias.com\/v3\/se-realizo-el-lanzamiento-del-black-friday-en-iguazu\/","title":{"rendered":"Se realiz\u00f3 el lanzamiento del Black Friday en Iguaz\u00fa"},"content":{"rendered":"\n<p><strong><em>En en el sal\u00f3n de usos m\u00faltiples del ITUREM se realiz\u00f3 el lanzamiento del \u00abBlack Friday Iguaz\u00fa Maravilla del Mundo\u00bb Comercial y Tur\u00edstico; que se desarrollar\u00e1 del 24 al 27 de noviembre.<\/em><\/strong><\/p>\n\n\n\n<p>Con el Black Friday se podr\u00e1 realizar compras de servicios tur\u00edsticos, alojamiento y en comercios adheridos con importantes descuentos y financiaci\u00f3n en 1,3,6 o 12  cuotas sin inter\u00e9s.<\/p>\n\n\n\n<p>En el marco del Black Friday, el d\u00eda 25 de noviembre, estar\u00e1 actuando la banda de Rock \u00abLos Rancheros\u00bb.<\/p>\n\n\n\n<figure class=\"wp-block-video\"><video height=\"352\" style=\"aspect-ratio: 640 \/ 352;\" width=\"640\" controls src=\"https:\/\/cvinoticias.com\/wp-content\/uploads\/2022\/10\/VID-20221027-WA0019.mp4\"><\/video><\/figure>\n\n\n\n<p>Participaron del lanzamiento oficial el Intendente de la ciudad, Dr Claudio Ra\u00fal Filippa, el Presidente del ITUREM Lic.Leopoldo Lucas, autoridades del Ministerio de Hacienda y del Ministerio de Turismo de la Provincia.<\/p>\n\n\n\n<p>La inscripciones de comercios al Black Friday tiene vigencia hasta el d\u00eda 6 de noviembre y se realiza desde la web https:\/\/ahora.misiones.gob.ar\/ y www.blackfridayiguazu.com donde se podr\u00e1 cargar las ofertas.<\/p>\n\n\n\n<p>Los comercios que no se adhieran al programa de financiaci\u00f3n, podr\u00e1n participar del evento en la p\u00e1gina web www.blackfridayiguazu.com y las redes sociales incluyendo las ofertas disponibles para esos d\u00edas.<\/p>\n\n\n\n<figure class=\"wp-block-image size-large\"><a href=\"https:\/\/cvinoticias.com\/wp-content\/uploads\/2022\/10\/IMG-20221027-WA0017.jpg\"><img decoding=\"async\" width=\"1024\" height=\"768\" data-src=\"https:\/\/cvinoticias.com\/wp-content\/uploads\/2022\/10\/IMG-20221027-WA0017-1024x768.jpg\" alt=\"\" class=\"wp-image-20303 lazyload\" data-srcset=\"https:\/\/cvinoticias.com\/wp-content\/uploads\/2022\/10\/IMG-20221027-WA0017-1024x768.jpg 1024w, https:\/\/cvinoticias.com\/wp-content\/uploads\/2022\/10\/IMG-20221027-WA0017-300x225.jpg 300w, https:\/\/cvinoticias.com\/wp-content\/uploads\/2022\/10\/IMG-20221027-WA0017-768x576.jpg 768w, https:\/\/cvinoticias.com\/wp-content\/uploads\/2022\/10\/IMG-20221027-WA0017-1536x1152.jpg 1536w, https:\/\/cvinoticias.com\/wp-content\/uploads\/2022\/10\/IMG-20221027-WA0017.jpg 1600w\" data-sizes=\"(max-width: 1024px) 100vw, 1024px\" src=\"data:image\/svg+xml;base64,PHN2ZyB3aWR0aD0iMSIgaGVpZ2h0PSIxIiB4bWxucz0iaHR0cDovL3d3dy53My5vcmcvMjAwMC9zdmciPjwvc3ZnPg==\" style=\"--smush-placeholder-width: 1024px; --smush-placeholder-aspect-ratio: 1024\/768;\" \/><\/a><\/figure>\n\n\n\n<p>A su vez, como complemento, el ITUREM acompa\u00f1ar\u00e1 la carga de datos recibi\u00e9ndolos en los siguientes correos: &#8211; info@iguazuturismo.gob.ar   privada@iguazuturismo.gob.ar<\/p>\n\n\n\n<p><strong>Por su parte, el detalle comercial se especifica de la siguiente manera:<\/strong><\/p>\n\n\n\n<ul class=\"wp-block-list\"><li>Herramientas y materiales para la construcci\u00f3n, electrodom\u00e9sticos, muebles, colchones, motociclistas tendr\u00e1n de 3, 6, y 12 cuotas sin inter\u00e9s.<br>El l\u00edmite financiable para este segundo segmento es de $200.000.<\/li><\/ul>\n\n\n\n<ul class=\"wp-block-list\"><li>Bienes al por menor, gastronom\u00eda y alojamientos tendr\u00e1n de 3 a 6 cuotas sin inter\u00e9s. El l\u00edmite financiable para este segmento es de $100.000.<\/li><\/ul>\n\n\n\n<figure class=\"wp-block-image size-large\"><a href=\"https:\/\/cvinoticias.com\/wp-content\/uploads\/2022\/10\/IMG-20221027-WA0013.jpg\"><img decoding=\"async\" width=\"1024\" height=\"768\" data-src=\"https:\/\/cvinoticias.com\/wp-content\/uploads\/2022\/10\/IMG-20221027-WA0013-1024x768.jpg\" alt=\"\" class=\"wp-image-20304 lazyload\" data-srcset=\"https:\/\/cvinoticias.com\/wp-content\/uploads\/2022\/10\/IMG-20221027-WA0013-1024x768.jpg 1024w, https:\/\/cvinoticias.com\/wp-content\/uploads\/2022\/10\/IMG-20221027-WA0013-300x225.jpg 300w, https:\/\/cvinoticias.com\/wp-content\/uploads\/2022\/10\/IMG-20221027-WA0013-768x576.jpg 768w, https:\/\/cvinoticias.com\/wp-content\/uploads\/2022\/10\/IMG-20221027-WA0013-1536x1152.jpg 1536w, https:\/\/cvinoticias.com\/wp-content\/uploads\/2022\/10\/IMG-20221027-WA0013.jpg 1600w\" data-sizes=\"(max-width: 1024px) 100vw, 1024px\" src=\"data:image\/svg+xml;base64,PHN2ZyB3aWR0aD0iMSIgaGVpZ2h0PSIxIiB4bWxucz0iaHR0cDovL3d3dy53My5vcmcvMjAwMC9zdmciPjwvc3ZnPg==\" style=\"--smush-placeholder-width: 1024px; --smush-placeholder-aspect-ratio: 1024\/768;\" \/><\/a><\/figure>\n\n\n\n<figure class=\"wp-block-image size-large is-resized\"><a href=\"https:\/\/cvinoticias.com\/wp-content\/uploads\/2022\/10\/IMG-20221027-WA0021.jpg\"><img decoding=\"async\" data-src=\"https:\/\/cvinoticias.com\/wp-content\/uploads\/2022\/10\/IMG-20221027-WA0021-1024x768.jpg\" alt=\"\" class=\"wp-image-20305 lazyload\" width=\"685\" height=\"513\" data-srcset=\"https:\/\/cvinoticias.com\/wp-content\/uploads\/2022\/10\/IMG-20221027-WA0021-1024x768.jpg 1024w, https:\/\/cvinoticias.com\/wp-content\/uploads\/2022\/10\/IMG-20221027-WA0021-300x225.jpg 300w, https:\/\/cvinoticias.com\/wp-content\/uploads\/2022\/10\/IMG-20221027-WA0021-768x576.jpg 768w, https:\/\/cvinoticias.com\/wp-content\/uploads\/2022\/10\/IMG-20221027-WA0021-1536x1152.jpg 1536w, https:\/\/cvinoticias.com\/wp-content\/uploads\/2022\/10\/IMG-20221027-WA0021.jpg 1600w\" data-sizes=\"(max-width: 685px) 100vw, 685px\" src=\"data:image\/svg+xml;base64,PHN2ZyB3aWR0aD0iMSIgaGVpZ2h0PSIxIiB4bWxucz0iaHR0cDovL3d3dy53My5vcmcvMjAwMC9zdmciPjwvc3ZnPg==\" style=\"--smush-placeholder-width: 685px; --smush-placeholder-aspect-ratio: 685\/513;\" \/><\/a><\/figure>\n\n\n\n<p>Todas las emisiones de financiamiento ser\u00e1n cubiertas por el Gobierno de la Provincia de Misiones.<\/p>\n\n\n\n<p> <\/p>\n","protected":false},"excerpt":{"rendered":"<p>En en el sal\u00f3n de usos m\u00faltiples del ITUREM se realiz\u00f3 el lanzamiento del \u00abBlack Friday Iguaz\u00fa Maravilla del Mundo\u00bb Comercial y Tur\u00edstico; que se desarrollar\u00e1 del 24 al 27 de noviembre. Con el Black Friday se podr\u00e1 realizar compras de servicios tur\u00edsticos, alojamiento y en comercios adheridos con importantes descuentos y financiaci\u00f3n en 1,3,6 [&hellip;]<\/p>\n","protected":false},"author":2,"featured_media":20318,"comment_status":"open","ping_status":"open","sticky":false,"template":"","format":"standard","meta":{"footnotes":""},"categories":[32,29,50],"tags":[],"class_list":["post-20301","post","type-post","status-publish","format-standard","has-post-thumbnail","hentry","category-economia","category-locales","category-turismo"],"yoast_head":"<!-- This site is optimized with the Yoast SEO plugin v27.4 - https:\/\/yoast.com\/product\/yoast-seo-wordpress\/ -->\n<title>Se realiz\u00f3 el lanzamiento del Black Friday en Iguaz\u00fa | CVI NOTICIAS<\/title>\n<meta name=\"robots\" content=\"index, follow, max-snippet:-1, max-image-preview:large, max-video-preview:-1\" \/>\n<link rel=\"canonical\" href=\"https:\/\/cvinoticias.com\/v3\/se-realizo-el-lanzamiento-del-black-friday-en-iguazu\/\" \/>\n<meta property=\"og:locale\" content=\"es_ES\" \/>\n<meta property=\"og:type\" content=\"article\" \/>\n<meta property=\"og:title\" content=\"Se realiz\u00f3 el lanzamiento del Black Friday en Iguaz\u00fa | CVI NOTICIAS\" \/>\n<meta property=\"og:description\" content=\"En en el sal\u00f3n de usos m\u00faltiples del ITUREM se realiz\u00f3 el lanzamiento del \u00abBlack Friday Iguaz\u00fa Maravilla del Mundo\u00bb Comercial y Tur\u00edstico; que se desarrollar\u00e1 del 24 al 27 de noviembre. Con el Black Friday se podr\u00e1 realizar compras de servicios tur\u00edsticos, alojamiento y en comercios adheridos con importantes descuentos y financiaci\u00f3n en 1,3,6 [&hellip;]\" \/>\n<meta property=\"og:url\" content=\"https:\/\/cvinoticias.com\/v3\/se-realizo-el-lanzamiento-del-black-friday-en-iguazu\/\" \/>\n<meta property=\"og:site_name\" content=\"CVI NOTICIAS\" \/>\n<meta property=\"article:publisher\" content=\"https:\/\/www.facebook.com\/cvinoticias\" \/>\n<meta property=\"article:published_time\" content=\"2022-10-27T15:17:12+00:00\" \/>\n<meta property=\"article:modified_time\" content=\"2022-10-27T17:50:23+00:00\" \/>\n<meta property=\"og:image\" content=\"https:\/\/cvinoticias.com\/wp-content\/uploads\/2022\/10\/Screenshot_20221027-141616_Facebook-1.jpg\" \/>\n\t<meta property=\"og:image:width\" content=\"1035\" \/>\n\t<meta property=\"og:image:height\" content=\"1022\" \/>\n\t<meta property=\"og:image:type\" content=\"image\/jpeg\" \/>\n<meta name=\"author\" content=\"f1000024\" \/>\n<meta name=\"twitter:card\" content=\"summary_large_image\" \/>\n<meta name=\"twitter:label1\" content=\"Escrito por\" \/>\n\t<meta name=\"twitter:data1\" content=\"f1000024\" \/>\n\t<meta name=\"twitter:label2\" content=\"Tiempo de lectura\" \/>\n\t<meta name=\"twitter:data2\" content=\"1 minuto\" \/>\n<script type=\"application\/ld+json\" class=\"yoast-schema-graph\">{\"@context\":\"https:\\\/\\\/schema.org\",\"@graph\":[{\"@type\":\"Article\",\"@id\":\"https:\\\/\\\/cvinoticias.com\\\/v3\\\/se-realizo-el-lanzamiento-del-black-friday-en-iguazu\\\/#article\",\"isPartOf\":{\"@id\":\"https:\\\/\\\/cvinoticias.com\\\/v3\\\/se-realizo-el-lanzamiento-del-black-friday-en-iguazu\\\/\"},\"author\":{\"name\":\"f1000024\",\"@id\":\"https:\\\/\\\/cvinoticias.com\\\/v3\\\/#\\\/schema\\\/person\\\/2db77e3c6bc03c538495d7b2b8be9b66\"},\"headline\":\"Se realiz\u00f3 el lanzamiento del Black Friday en Iguaz\u00fa\",\"datePublished\":\"2022-10-27T15:17:12+00:00\",\"dateModified\":\"2022-10-27T17:50:23+00:00\",\"mainEntityOfPage\":{\"@id\":\"https:\\\/\\\/cvinoticias.com\\\/v3\\\/se-realizo-el-lanzamiento-del-black-friday-en-iguazu\\\/\"},\"wordCount\":307,\"commentCount\":0,\"publisher\":{\"@id\":\"https:\\\/\\\/cvinoticias.com\\\/v3\\\/#organization\"},\"image\":{\"@id\":\"https:\\\/\\\/cvinoticias.com\\\/v3\\\/se-realizo-el-lanzamiento-del-black-friday-en-iguazu\\\/#primaryimage\"},\"thumbnailUrl\":\"https:\\\/\\\/cvinoticias.com\\\/wp-content\\\/uploads\\\/2022\\\/10\\\/Screenshot_20221027-141616_Facebook-1.jpg\",\"articleSection\":[\"Econom\u00eda\",\"Locales\",\"Turismo\"],\"inLanguage\":\"es\",\"potentialAction\":[{\"@type\":\"CommentAction\",\"name\":\"Comment\",\"target\":[\"https:\\\/\\\/cvinoticias.com\\\/v3\\\/se-realizo-el-lanzamiento-del-black-friday-en-iguazu\\\/#respond\"]}]},{\"@type\":\"WebPage\",\"@id\":\"https:\\\/\\\/cvinoticias.com\\\/v3\\\/se-realizo-el-lanzamiento-del-black-friday-en-iguazu\\\/\",\"url\":\"https:\\\/\\\/cvinoticias.com\\\/v3\\\/se-realizo-el-lanzamiento-del-black-friday-en-iguazu\\\/\",\"name\":\"Se realiz\u00f3 el lanzamiento del Black Friday en Iguaz\u00fa | CVI NOTICIAS\",\"isPartOf\":{\"@id\":\"https:\\\/\\\/cvinoticias.com\\\/v3\\\/#website\"},\"primaryImageOfPage\":{\"@id\":\"https:\\\/\\\/cvinoticias.com\\\/v3\\\/se-realizo-el-lanzamiento-del-black-friday-en-iguazu\\\/#primaryimage\"},\"image\":{\"@id\":\"https:\\\/\\\/cvinoticias.com\\\/v3\\\/se-realizo-el-lanzamiento-del-black-friday-en-iguazu\\\/#primaryimage\"},\"thumbnailUrl\":\"https:\\\/\\\/cvinoticias.com\\\/wp-content\\\/uploads\\\/2022\\\/10\\\/Screenshot_20221027-141616_Facebook-1.jpg\",\"datePublished\":\"2022-10-27T15:17:12+00:00\",\"dateModified\":\"2022-10-27T17:50:23+00:00\",\"breadcrumb\":{\"@id\":\"https:\\\/\\\/cvinoticias.com\\\/v3\\\/se-realizo-el-lanzamiento-del-black-friday-en-iguazu\\\/#breadcrumb\"},\"inLanguage\":\"es\",\"potentialAction\":[{\"@type\":\"ReadAction\",\"target\":[\"https:\\\/\\\/cvinoticias.com\\\/v3\\\/se-realizo-el-lanzamiento-del-black-friday-en-iguazu\\\/\"]}]},{\"@type\":\"ImageObject\",\"inLanguage\":\"es\",\"@id\":\"https:\\\/\\\/cvinoticias.com\\\/v3\\\/se-realizo-el-lanzamiento-del-black-friday-en-iguazu\\\/#primaryimage\",\"url\":\"https:\\\/\\\/cvinoticias.com\\\/wp-content\\\/uploads\\\/2022\\\/10\\\/Screenshot_20221027-141616_Facebook-1.jpg\",\"contentUrl\":\"https:\\\/\\\/cvinoticias.com\\\/wp-content\\\/uploads\\\/2022\\\/10\\\/Screenshot_20221027-141616_Facebook-1.jpg\",\"width\":1035,\"height\":1022},{\"@type\":\"BreadcrumbList\",\"@id\":\"https:\\\/\\\/cvinoticias.com\\\/v3\\\/se-realizo-el-lanzamiento-del-black-friday-en-iguazu\\\/#breadcrumb\",\"itemListElement\":[{\"@type\":\"ListItem\",\"position\":1,\"name\":\"Portada\",\"item\":\"https:\\\/\\\/cvinoticias.com\\\/v3\\\/\"},{\"@type\":\"ListItem\",\"position\":2,\"name\":\"Se realiz\u00f3 el lanzamiento del Black Friday en Iguaz\u00fa\"}]},{\"@type\":\"WebSite\",\"@id\":\"https:\\\/\\\/cvinoticias.com\\\/v3\\\/#website\",\"url\":\"https:\\\/\\\/cvinoticias.com\\\/v3\\\/\",\"name\":\"CVI NOTICIAS\",\"description\":\"\",\"publisher\":{\"@id\":\"https:\\\/\\\/cvinoticias.com\\\/v3\\\/#organization\"},\"alternateName\":\"CVI\",\"potentialAction\":[{\"@type\":\"SearchAction\",\"target\":{\"@type\":\"EntryPoint\",\"urlTemplate\":\"https:\\\/\\\/cvinoticias.com\\\/v3\\\/?s={search_term_string}\"},\"query-input\":{\"@type\":\"PropertyValueSpecification\",\"valueRequired\":true,\"valueName\":\"search_term_string\"}}],\"inLanguage\":\"es\"},{\"@type\":\"Organization\",\"@id\":\"https:\\\/\\\/cvinoticias.com\\\/v3\\\/#organization\",\"name\":\"CVI NOTICIAS\",\"url\":\"https:\\\/\\\/cvinoticias.com\\\/v3\\\/\",\"logo\":{\"@type\":\"ImageObject\",\"inLanguage\":\"es\",\"@id\":\"https:\\\/\\\/cvinoticias.com\\\/v3\\\/#\\\/schema\\\/logo\\\/image\\\/\",\"url\":\"https:\\\/\\\/cvinoticias.com\\\/wp-content\\\/uploads\\\/2023\\\/04\\\/cropped-cropped-cropped-cropped-cropped-3-1.png\",\"contentUrl\":\"https:\\\/\\\/cvinoticias.com\\\/wp-content\\\/uploads\\\/2023\\\/04\\\/cropped-cropped-cropped-cropped-cropped-3-1.png\",\"width\":95,\"height\":122,\"caption\":\"CVI NOTICIAS\"},\"image\":{\"@id\":\"https:\\\/\\\/cvinoticias.com\\\/v3\\\/#\\\/schema\\\/logo\\\/image\\\/\"},\"sameAs\":[\"https:\\\/\\\/www.facebook.com\\\/cvinoticias\",\"https:\\\/\\\/www.instagram.com\\\/cvinoticias\\\/\",\"https:\\\/\\\/www.youtube.com\\\/@CVINOTICIAS\"]},{\"@type\":\"Person\",\"@id\":\"https:\\\/\\\/cvinoticias.com\\\/v3\\\/#\\\/schema\\\/person\\\/2db77e3c6bc03c538495d7b2b8be9b66\",\"name\":\"f1000024\",\"image\":{\"@type\":\"ImageObject\",\"inLanguage\":\"es\",\"@id\":\"https:\\\/\\\/secure.gravatar.com\\\/avatar\\\/d4fe7459cfc51ff5129ce1a732bbef5928568b8092d412ef95611616376bbeed?s=96&d=mm&r=g\",\"url\":\"https:\\\/\\\/secure.gravatar.com\\\/avatar\\\/d4fe7459cfc51ff5129ce1a732bbef5928568b8092d412ef95611616376bbeed?s=96&d=mm&r=g\",\"contentUrl\":\"https:\\\/\\\/secure.gravatar.com\\\/avatar\\\/d4fe7459cfc51ff5129ce1a732bbef5928568b8092d412ef95611616376bbeed?s=96&d=mm&r=g\",\"caption\":\"f1000024\"},\"url\":\"https:\\\/\\\/cvinoticias.com\\\/v3\\\/author\\\/f1000024\\\/\"}]}<\/script>\n<!-- \/ Yoast SEO plugin. -->","yoast_head_json":{"title":"Se realiz\u00f3 el lanzamiento del Black Friday en Iguaz\u00fa | CVI NOTICIAS","robots":{"index":"index","follow":"follow","max-snippet":"max-snippet:-1","max-image-preview":"max-image-preview:large","max-video-preview":"max-video-preview:-1"},"canonical":"https:\/\/cvinoticias.com\/v3\/se-realizo-el-lanzamiento-del-black-friday-en-iguazu\/","og_locale":"es_ES","og_type":"article","og_title":"Se realiz\u00f3 el lanzamiento del Black Friday en Iguaz\u00fa | CVI NOTICIAS","og_description":"En en el sal\u00f3n de usos m\u00faltiples del ITUREM se realiz\u00f3 el lanzamiento del \u00abBlack Friday Iguaz\u00fa Maravilla del Mundo\u00bb Comercial y Tur\u00edstico; que se desarrollar\u00e1 del 24 al 27 de noviembre. Con el Black Friday se podr\u00e1 realizar compras de servicios tur\u00edsticos, alojamiento y en comercios adheridos con importantes descuentos y financiaci\u00f3n en 1,3,6 [&hellip;]","og_url":"https:\/\/cvinoticias.com\/v3\/se-realizo-el-lanzamiento-del-black-friday-en-iguazu\/","og_site_name":"CVI NOTICIAS","article_publisher":"https:\/\/www.facebook.com\/cvinoticias","article_published_time":"2022-10-27T15:17:12+00:00","article_modified_time":"2022-10-27T17:50:23+00:00","og_image":[{"width":1035,"height":1022,"url":"https:\/\/cvinoticias.com\/wp-content\/uploads\/2022\/10\/Screenshot_20221027-141616_Facebook-1.jpg","type":"image\/jpeg"}],"author":"f1000024","twitter_card":"summary_large_image","twitter_misc":{"Escrito por":"f1000024","Tiempo de lectura":"1 minuto"},"schema":{"@context":"https:\/\/schema.org","@graph":[{"@type":"Article","@id":"https:\/\/cvinoticias.com\/v3\/se-realizo-el-lanzamiento-del-black-friday-en-iguazu\/#article","isPartOf":{"@id":"https:\/\/cvinoticias.com\/v3\/se-realizo-el-lanzamiento-del-black-friday-en-iguazu\/"},"author":{"name":"f1000024","@id":"https:\/\/cvinoticias.com\/v3\/#\/schema\/person\/2db77e3c6bc03c538495d7b2b8be9b66"},"headline":"Se realiz\u00f3 el lanzamiento del Black Friday en Iguaz\u00fa","datePublished":"2022-10-27T15:17:12+00:00","dateModified":"2022-10-27T17:50:23+00:00","mainEntityOfPage":{"@id":"https:\/\/cvinoticias.com\/v3\/se-realizo-el-lanzamiento-del-black-friday-en-iguazu\/"},"wordCount":307,"commentCount":0,"publisher":{"@id":"https:\/\/cvinoticias.com\/v3\/#organization"},"image":{"@id":"https:\/\/cvinoticias.com\/v3\/se-realizo-el-lanzamiento-del-black-friday-en-iguazu\/#primaryimage"},"thumbnailUrl":"https:\/\/cvinoticias.com\/wp-content\/uploads\/2022\/10\/Screenshot_20221027-141616_Facebook-1.jpg","articleSection":["Econom\u00eda","Locales","Turismo"],"inLanguage":"es","potentialAction":[{"@type":"CommentAction","name":"Comment","target":["https:\/\/cvinoticias.com\/v3\/se-realizo-el-lanzamiento-del-black-friday-en-iguazu\/#respond"]}]},{"@type":"WebPage","@id":"https:\/\/cvinoticias.com\/v3\/se-realizo-el-lanzamiento-del-black-friday-en-iguazu\/","url":"https:\/\/cvinoticias.com\/v3\/se-realizo-el-lanzamiento-del-black-friday-en-iguazu\/","name":"Se realiz\u00f3 el lanzamiento del Black Friday en Iguaz\u00fa | CVI NOTICIAS","isPartOf":{"@id":"https:\/\/cvinoticias.com\/v3\/#website"},"primaryImageOfPage":{"@id":"https:\/\/cvinoticias.com\/v3\/se-realizo-el-lanzamiento-del-black-friday-en-iguazu\/#primaryimage"},"image":{"@id":"https:\/\/cvinoticias.com\/v3\/se-realizo-el-lanzamiento-del-black-friday-en-iguazu\/#primaryimage"},"thumbnailUrl":"https:\/\/cvinoticias.com\/wp-content\/uploads\/2022\/10\/Screenshot_20221027-141616_Facebook-1.jpg","datePublished":"2022-10-27T15:17:12+00:00","dateModified":"2022-10-27T17:50:23+00:00","breadcrumb":{"@id":"https:\/\/cvinoticias.com\/v3\/se-realizo-el-lanzamiento-del-black-friday-en-iguazu\/#breadcrumb"},"inLanguage":"es","potentialAction":[{"@type":"ReadAction","target":["https:\/\/cvinoticias.com\/v3\/se-realizo-el-lanzamiento-del-black-friday-en-iguazu\/"]}]},{"@type":"ImageObject","inLanguage":"es","@id":"https:\/\/cvinoticias.com\/v3\/se-realizo-el-lanzamiento-del-black-friday-en-iguazu\/#primaryimage","url":"https:\/\/cvinoticias.com\/wp-content\/uploads\/2022\/10\/Screenshot_20221027-141616_Facebook-1.jpg","contentUrl":"https:\/\/cvinoticias.com\/wp-content\/uploads\/2022\/10\/Screenshot_20221027-141616_Facebook-1.jpg","width":1035,"height":1022},{"@type":"BreadcrumbList","@id":"https:\/\/cvinoticias.com\/v3\/se-realizo-el-lanzamiento-del-black-friday-en-iguazu\/#breadcrumb","itemListElement":[{"@type":"ListItem","position":1,"name":"Portada","item":"https:\/\/cvinoticias.com\/v3\/"},{"@type":"ListItem","position":2,"name":"Se realiz\u00f3 el lanzamiento del Black Friday en Iguaz\u00fa"}]},{"@type":"WebSite","@id":"https:\/\/cvinoticias.com\/v3\/#website","url":"https:\/\/cvinoticias.com\/v3\/","name":"CVI NOTICIAS","description":"","publisher":{"@id":"https:\/\/cvinoticias.com\/v3\/#organization"},"alternateName":"CVI","potentialAction":[{"@type":"SearchAction","target":{"@type":"EntryPoint","urlTemplate":"https:\/\/cvinoticias.com\/v3\/?s={search_term_string}"},"query-input":{"@type":"PropertyValueSpecification","valueRequired":true,"valueName":"search_term_string"}}],"inLanguage":"es"},{"@type":"Organization","@id":"https:\/\/cvinoticias.com\/v3\/#organization","name":"CVI NOTICIAS","url":"https:\/\/cvinoticias.com\/v3\/","logo":{"@type":"ImageObject","inLanguage":"es","@id":"https:\/\/cvinoticias.com\/v3\/#\/schema\/logo\/image\/","url":"https:\/\/cvinoticias.com\/wp-content\/uploads\/2023\/04\/cropped-cropped-cropped-cropped-cropped-3-1.png","contentUrl":"https:\/\/cvinoticias.com\/wp-content\/uploads\/2023\/04\/cropped-cropped-cropped-cropped-cropped-3-1.png","width":95,"height":122,"caption":"CVI NOTICIAS"},"image":{"@id":"https:\/\/cvinoticias.com\/v3\/#\/schema\/logo\/image\/"},"sameAs":["https:\/\/www.facebook.com\/cvinoticias","https:\/\/www.instagram.com\/cvinoticias\/","https:\/\/www.youtube.com\/@CVINOTICIAS"]},{"@type":"Person","@id":"https:\/\/cvinoticias.com\/v3\/#\/schema\/person\/2db77e3c6bc03c538495d7b2b8be9b66","name":"f1000024","image":{"@type":"ImageObject","inLanguage":"es","@id":"https:\/\/secure.gravatar.com\/avatar\/d4fe7459cfc51ff5129ce1a732bbef5928568b8092d412ef95611616376bbeed?s=96&d=mm&r=g","url":"https:\/\/secure.gravatar.com\/avatar\/d4fe7459cfc51ff5129ce1a732bbef5928568b8092d412ef95611616376bbeed?s=96&d=mm&r=g","contentUrl":"https:\/\/secure.gravatar.com\/avatar\/d4fe7459cfc51ff5129ce1a732bbef5928568b8092d412ef95611616376bbeed?s=96&d=mm&r=g","caption":"f1000024"},"url":"https:\/\/cvinoticias.com\/v3\/author\/f1000024\/"}]}},"_links":{"self":[{"href":"https:\/\/cvinoticias.com\/v3\/wp-json\/wp\/v2\/posts\/20301","targetHints":{"allow":["GET"]}}],"collection":[{"href":"https:\/\/cvinoticias.com\/v3\/wp-json\/wp\/v2\/posts"}],"about":[{"href":"https:\/\/cvinoticias.com\/v3\/wp-json\/wp\/v2\/types\/post"}],"author":[{"embeddable":true,"href":"https:\/\/cvinoticias.com\/v3\/wp-json\/wp\/v2\/users\/2"}],"replies":[{"embeddable":true,"href":"https:\/\/cvinoticias.com\/v3\/wp-json\/wp\/v2\/comments?post=20301"}],"version-history":[{"count":6,"href":"https:\/\/cvinoticias.com\/v3\/wp-json\/wp\/v2\/posts\/20301\/revisions"}],"predecessor-version":[{"id":20321,"href":"https:\/\/cvinoticias.com\/v3\/wp-json\/wp\/v2\/posts\/20301\/revisions\/20321"}],"wp:featuredmedia":[{"embeddable":true,"href":"https:\/\/cvinoticias.com\/v3\/wp-json\/wp\/v2\/media\/20318"}],"wp:attachment":[{"href":"https:\/\/cvinoticias.com\/v3\/wp-json\/wp\/v2\/media?parent=20301"}],"wp:term":[{"taxonomy":"category","embeddable":true,"href":"https:\/\/cvinoticias.com\/v3\/wp-json\/wp\/v2\/categories?post=20301"},{"taxonomy":"post_tag","embeddable":true,"href":"https:\/\/cvinoticias.com\/v3\/wp-json\/wp\/v2\/tags?post=20301"}],"curies":[{"name":"wp","href":"https:\/\/api.w.org\/{rel}","templated":true}]}}