{"id":2017,"date":"2021-01-24T17:14:06","date_gmt":"2021-01-24T17:14:06","guid":{"rendered":"https:\/\/cvinoticias.com\/v3\/?p=2017"},"modified":"2021-01-24T17:14:06","modified_gmt":"2021-01-24T17:14:06","slug":"brasil-tragedia-cayo-un-avion-y-murieron-cuatro-futbolistas-y-un-dirigente","status":"publish","type":"post","link":"https:\/\/cvinoticias.com\/v3\/brasil-tragedia-cayo-un-avion-y-murieron-cuatro-futbolistas-y-un-dirigente\/","title":{"rendered":"Brasil: Tragedia, cayo un avi\u00f3n y murieron cuatro futbolistas y un dirigente"},"content":{"rendered":"\n<p><strong><em>El f\u00fatbol est\u00e1 de luto una vez m\u00e1s por una tragedia a\u00e9rea. Y la desgracia vuelve a azotar al deporte brasile\u00f1o.<\/em><\/strong><\/p>\n\n\n\n<p>El club\u00a0Palmas F\u00fatbol y Regatas,\u00a0que milita en la cuarta divisi\u00f3n del ascenso de Brasil,\u00a0sufri\u00f3 hoy\u00a0la muerte de su presidente y de cuatro futbolistas, luego de un accidente a\u00e9reo, que tambi\u00e9n le cost\u00f3 la vida al\u00a0piloto de la aeronave en la que viajaban a Goi\u00e1s para disputar un partido.<\/p>\n\n\n\n<p>Los muertos fueron identificados como\u00a0Lucas Meira,\u00a0presidente del club, los futbolistas\u00a0Lucas Praxedes, Guilherme No\u00e9, Ranule y Marcus Molinari;\u00a0y el comandante\u00a0Wagner.<\/p>\n\n\n\n<p>El accidente se produjo pasadas las\u00a08 de la ma\u00f1ana\u00a0de este domingo. El avi\u00f3n, un ch\u00e1rter contratado por el club,\u00a0se estrell\u00f3 momentos despu\u00e9s de despegar\u00a0de una pista de aterrizaje en el distrito de Luzimangues, en Puerto Nacional, un municipio situado a 60 kil\u00f3metros al sur de Palmas, capital del estado amaz\u00f3nico de Tocantins.\u00a0La aeronave acab\u00f3 impactando contra el suelo en un matorral justo despu\u00e9s de la cabecera de la pista.<\/p>\n\n\n\n<p>Palmas\u00a0se dirig\u00eda a Goi\u00e2nia, donde se enfrentar\u00eda a\u00a0Vila Nova\u00a0por la Copa Verde este lunes por la tarde. Sin embargo, el club rival\u00a0emiti\u00f3 un comunicado oficial lamentando el accidente sufrido por Palmas y mostrando su colaboraci\u00f3n para que el compromiso sea aplazado.<\/p>\n\n\n\n<h2 class=\"wp-block-heading\">El comunicado del Palmas<\/h2>\n\n\n\n<p><em>Palmas F\u00fatbol y Regatas informa&nbsp;que alrededor de las 8:15 horas de este domingo&nbsp;24, hubo un accidente a\u00e9reo que implica al presidente del club, Lucas Meira, cuando despeg\u00f3 a Goi\u00e2nia, para el partido entre Vila Nova y Palmas este lunes, 25, v\u00e1lido para la Copa Verde.<\/em><\/p>\n\n\n\n<p><em>El avi\u00f3n en el que estaba Lucas junto con el comandante Wagner y los futbolistas Lucas Praxedes, Guilherme No\u00e9, Ranule y Marcus Molinari, despeg\u00f3 y cay\u00f3 al final de la pista de la Asociaci\u00f3n Tocantinense de Aviaci\u00f3n.<\/em><\/p>\n\n\n\n<p><em>Lamentamos informar que no hay sobrevivientes. En este momento de dolor y consternaci\u00f3n, el club pide oraciones por los familiares a los que brindar\u00e1 el apoyo adecuado, y destaca que en el momento oportuno volver\u00e1 a pronunciarse.<\/em><\/p>\n\n\n\n<h2 class=\"wp-block-heading\">El comunicado de Vila Nova<\/h2>\n\n\n\n<p><em>Vila Nova Futebol Clube recibe con consternaci\u00f3n y profunda tristeza la noticia del accidente a\u00e9reo que mat\u00f3 fatalmente al presidente de Palmas Futebol e Regatas, Lucas Meira, cuatro jugadores del equipo, Lucas Praxedes, Guilherme No\u00e9, Ranule y Marcus Molinari, y al comandante del avi\u00f3n, Wagner.<\/em><\/p>\n\n\n\n<p><em>Parte de la delegaci\u00f3n viajaba a Goi\u00e2nia, para el partido de la Copa Verde de este lunes 25, en el Est\u00e1dio On\u00e9sio Brasileiro Alvarenga, contra Vila Nova, cuando se produjo el grave accidente con la avioneta.<\/em><\/p>\n\n\n\n<p><em>Vila Nova desea que todos los amigos y familiares de las v\u00edctimas sean consolados en el regazo del Padre en este momento de tanta angustia y tristeza.&nbsp;El club tambi\u00e9n afirma que colaborar\u00e1 con el aplazamiento del partido y homenajear\u00e1 a los ocupantes en el partido del pr\u00f3ximo jueves 28 por el Campeonato de Goi\u00e1s.<\/em><\/p>\n","protected":false},"excerpt":{"rendered":"<p>El f\u00fatbol est\u00e1 de luto una vez m\u00e1s por una tragedia a\u00e9rea. Y la desgracia vuelve a azotar al deporte brasile\u00f1o. El club\u00a0Palmas F\u00fatbol y Regatas,\u00a0que milita en la cuarta divisi\u00f3n del ascenso de Brasil,\u00a0sufri\u00f3 hoy\u00a0la muerte de su presidente y de cuatro futbolistas, luego de un accidente a\u00e9reo, que tambi\u00e9n le cost\u00f3 la vida [&hellip;]<\/p>\n","protected":false},"author":2,"featured_media":2018,"comment_status":"open","ping_status":"open","sticky":false,"template":"","format":"standard","meta":{"footnotes":""},"categories":[36],"tags":[],"class_list":["post-2017","post","type-post","status-publish","format-standard","has-post-thumbnail","hentry","category-internacionales"],"yoast_head":"<!-- This site is optimized with the Yoast SEO plugin v27.5 - https:\/\/yoast.com\/product\/yoast-seo-wordpress\/ -->\n<title>Brasil: Tragedia, cayo un avi\u00f3n y murieron cuatro futbolistas y un dirigente | CVI NOTICIAS<\/title>\n<meta name=\"robots\" content=\"index, follow, max-snippet:-1, max-image-preview:large, max-video-preview:-1\" \/>\n<link rel=\"canonical\" href=\"https:\/\/cvinoticias.com\/v3\/brasil-tragedia-cayo-un-avion-y-murieron-cuatro-futbolistas-y-un-dirigente\/\" \/>\n<meta property=\"og:locale\" content=\"es_ES\" \/>\n<meta property=\"og:type\" content=\"article\" \/>\n<meta property=\"og:title\" content=\"Brasil: Tragedia, cayo un avi\u00f3n y murieron cuatro futbolistas y un dirigente | CVI NOTICIAS\" \/>\n<meta property=\"og:description\" content=\"El f\u00fatbol est\u00e1 de luto una vez m\u00e1s por una tragedia a\u00e9rea. Y la desgracia vuelve a azotar al deporte brasile\u00f1o. El club\u00a0Palmas F\u00fatbol y Regatas,\u00a0que milita en la cuarta divisi\u00f3n del ascenso de Brasil,\u00a0sufri\u00f3 hoy\u00a0la muerte de su presidente y de cuatro futbolistas, luego de un accidente a\u00e9reo, que tambi\u00e9n le cost\u00f3 la vida [&hellip;]\" \/>\n<meta property=\"og:url\" content=\"https:\/\/cvinoticias.com\/v3\/brasil-tragedia-cayo-un-avion-y-murieron-cuatro-futbolistas-y-un-dirigente\/\" \/>\n<meta property=\"og:site_name\" content=\"CVI NOTICIAS\" \/>\n<meta property=\"article:publisher\" content=\"https:\/\/www.facebook.com\/cvinoticias\" \/>\n<meta property=\"article:published_time\" content=\"2021-01-24T17:14:06+00:00\" \/>\n<meta property=\"og:image\" content=\"https:\/\/cvinoticias.com\/wp-content\/uploads\/2021\/01\/f608x342-1010324_1040047_0.jpg\" \/>\n\t<meta property=\"og:image:width\" content=\"608\" \/>\n\t<meta property=\"og:image:height\" content=\"342\" \/>\n\t<meta property=\"og:image:type\" content=\"image\/jpeg\" \/>\n<meta name=\"author\" content=\"f1000024\" \/>\n<meta name=\"twitter:card\" content=\"summary_large_image\" \/>\n<meta name=\"twitter:label1\" content=\"Escrito por\" \/>\n\t<meta name=\"twitter:data1\" content=\"f1000024\" \/>\n\t<meta name=\"twitter:label2\" content=\"Tiempo de lectura\" \/>\n\t<meta name=\"twitter:data2\" content=\"3 minutos\" \/>\n<script type=\"application\/ld+json\" class=\"yoast-schema-graph\">{\"@context\":\"https:\\\/\\\/schema.org\",\"@graph\":[{\"@type\":\"Article\",\"@id\":\"https:\\\/\\\/cvinoticias.com\\\/v3\\\/brasil-tragedia-cayo-un-avion-y-murieron-cuatro-futbolistas-y-un-dirigente\\\/#article\",\"isPartOf\":{\"@id\":\"https:\\\/\\\/cvinoticias.com\\\/v3\\\/brasil-tragedia-cayo-un-avion-y-murieron-cuatro-futbolistas-y-un-dirigente\\\/\"},\"author\":{\"name\":\"f1000024\",\"@id\":\"https:\\\/\\\/cvinoticias.com\\\/v3\\\/#\\\/schema\\\/person\\\/2db77e3c6bc03c538495d7b2b8be9b66\"},\"headline\":\"Brasil: Tragedia, cayo un avi\u00f3n y murieron cuatro futbolistas y un dirigente\",\"datePublished\":\"2021-01-24T17:14:06+00:00\",\"mainEntityOfPage\":{\"@id\":\"https:\\\/\\\/cvinoticias.com\\\/v3\\\/brasil-tragedia-cayo-un-avion-y-murieron-cuatro-futbolistas-y-un-dirigente\\\/\"},\"wordCount\":531,\"commentCount\":0,\"publisher\":{\"@id\":\"https:\\\/\\\/cvinoticias.com\\\/v3\\\/#organization\"},\"image\":{\"@id\":\"https:\\\/\\\/cvinoticias.com\\\/v3\\\/brasil-tragedia-cayo-un-avion-y-murieron-cuatro-futbolistas-y-un-dirigente\\\/#primaryimage\"},\"thumbnailUrl\":\"https:\\\/\\\/cvinoticias.com\\\/wp-content\\\/uploads\\\/2021\\\/01\\\/f608x342-1010324_1040047_0.jpg\",\"articleSection\":[\"Internacionales\"],\"inLanguage\":\"es\",\"potentialAction\":[{\"@type\":\"CommentAction\",\"name\":\"Comment\",\"target\":[\"https:\\\/\\\/cvinoticias.com\\\/v3\\\/brasil-tragedia-cayo-un-avion-y-murieron-cuatro-futbolistas-y-un-dirigente\\\/#respond\"]}]},{\"@type\":\"WebPage\",\"@id\":\"https:\\\/\\\/cvinoticias.com\\\/v3\\\/brasil-tragedia-cayo-un-avion-y-murieron-cuatro-futbolistas-y-un-dirigente\\\/\",\"url\":\"https:\\\/\\\/cvinoticias.com\\\/v3\\\/brasil-tragedia-cayo-un-avion-y-murieron-cuatro-futbolistas-y-un-dirigente\\\/\",\"name\":\"Brasil: Tragedia, cayo un avi\u00f3n y murieron cuatro futbolistas y un dirigente | CVI NOTICIAS\",\"isPartOf\":{\"@id\":\"https:\\\/\\\/cvinoticias.com\\\/v3\\\/#website\"},\"primaryImageOfPage\":{\"@id\":\"https:\\\/\\\/cvinoticias.com\\\/v3\\\/brasil-tragedia-cayo-un-avion-y-murieron-cuatro-futbolistas-y-un-dirigente\\\/#primaryimage\"},\"image\":{\"@id\":\"https:\\\/\\\/cvinoticias.com\\\/v3\\\/brasil-tragedia-cayo-un-avion-y-murieron-cuatro-futbolistas-y-un-dirigente\\\/#primaryimage\"},\"thumbnailUrl\":\"https:\\\/\\\/cvinoticias.com\\\/wp-content\\\/uploads\\\/2021\\\/01\\\/f608x342-1010324_1040047_0.jpg\",\"datePublished\":\"2021-01-24T17:14:06+00:00\",\"breadcrumb\":{\"@id\":\"https:\\\/\\\/cvinoticias.com\\\/v3\\\/brasil-tragedia-cayo-un-avion-y-murieron-cuatro-futbolistas-y-un-dirigente\\\/#breadcrumb\"},\"inLanguage\":\"es\",\"potentialAction\":[{\"@type\":\"ReadAction\",\"target\":[\"https:\\\/\\\/cvinoticias.com\\\/v3\\\/brasil-tragedia-cayo-un-avion-y-murieron-cuatro-futbolistas-y-un-dirigente\\\/\"]}]},{\"@type\":\"ImageObject\",\"inLanguage\":\"es\",\"@id\":\"https:\\\/\\\/cvinoticias.com\\\/v3\\\/brasil-tragedia-cayo-un-avion-y-murieron-cuatro-futbolistas-y-un-dirigente\\\/#primaryimage\",\"url\":\"https:\\\/\\\/cvinoticias.com\\\/wp-content\\\/uploads\\\/2021\\\/01\\\/f608x342-1010324_1040047_0.jpg\",\"contentUrl\":\"https:\\\/\\\/cvinoticias.com\\\/wp-content\\\/uploads\\\/2021\\\/01\\\/f608x342-1010324_1040047_0.jpg\",\"width\":608,\"height\":342},{\"@type\":\"BreadcrumbList\",\"@id\":\"https:\\\/\\\/cvinoticias.com\\\/v3\\\/brasil-tragedia-cayo-un-avion-y-murieron-cuatro-futbolistas-y-un-dirigente\\\/#breadcrumb\",\"itemListElement\":[{\"@type\":\"ListItem\",\"position\":1,\"name\":\"Portada\",\"item\":\"https:\\\/\\\/cvinoticias.com\\\/v3\\\/\"},{\"@type\":\"ListItem\",\"position\":2,\"name\":\"Brasil: Tragedia, cayo un avi\u00f3n y murieron cuatro futbolistas y un dirigente\"}]},{\"@type\":\"WebSite\",\"@id\":\"https:\\\/\\\/cvinoticias.com\\\/v3\\\/#website\",\"url\":\"https:\\\/\\\/cvinoticias.com\\\/v3\\\/\",\"name\":\"CVI NOTICIAS\",\"description\":\"\",\"publisher\":{\"@id\":\"https:\\\/\\\/cvinoticias.com\\\/v3\\\/#organization\"},\"alternateName\":\"CVI\",\"potentialAction\":[{\"@type\":\"SearchAction\",\"target\":{\"@type\":\"EntryPoint\",\"urlTemplate\":\"https:\\\/\\\/cvinoticias.com\\\/v3\\\/?s={search_term_string}\"},\"query-input\":{\"@type\":\"PropertyValueSpecification\",\"valueRequired\":true,\"valueName\":\"search_term_string\"}}],\"inLanguage\":\"es\"},{\"@type\":\"Organization\",\"@id\":\"https:\\\/\\\/cvinoticias.com\\\/v3\\\/#organization\",\"name\":\"CVI NOTICIAS\",\"url\":\"https:\\\/\\\/cvinoticias.com\\\/v3\\\/\",\"logo\":{\"@type\":\"ImageObject\",\"inLanguage\":\"es\",\"@id\":\"https:\\\/\\\/cvinoticias.com\\\/v3\\\/#\\\/schema\\\/logo\\\/image\\\/\",\"url\":\"https:\\\/\\\/cvinoticias.com\\\/wp-content\\\/uploads\\\/2023\\\/04\\\/cropped-cropped-cropped-cropped-cropped-3-1.png\",\"contentUrl\":\"https:\\\/\\\/cvinoticias.com\\\/wp-content\\\/uploads\\\/2023\\\/04\\\/cropped-cropped-cropped-cropped-cropped-3-1.png\",\"width\":95,\"height\":122,\"caption\":\"CVI NOTICIAS\"},\"image\":{\"@id\":\"https:\\\/\\\/cvinoticias.com\\\/v3\\\/#\\\/schema\\\/logo\\\/image\\\/\"},\"sameAs\":[\"https:\\\/\\\/www.facebook.com\\\/cvinoticias\",\"https:\\\/\\\/www.instagram.com\\\/cvinoticias\\\/\",\"https:\\\/\\\/www.youtube.com\\\/@CVINOTICIAS\"]},{\"@type\":\"Person\",\"@id\":\"https:\\\/\\\/cvinoticias.com\\\/v3\\\/#\\\/schema\\\/person\\\/2db77e3c6bc03c538495d7b2b8be9b66\",\"name\":\"f1000024\",\"image\":{\"@type\":\"ImageObject\",\"inLanguage\":\"es\",\"@id\":\"https:\\\/\\\/secure.gravatar.com\\\/avatar\\\/d4fe7459cfc51ff5129ce1a732bbef5928568b8092d412ef95611616376bbeed?s=96&d=mm&r=g\",\"url\":\"https:\\\/\\\/secure.gravatar.com\\\/avatar\\\/d4fe7459cfc51ff5129ce1a732bbef5928568b8092d412ef95611616376bbeed?s=96&d=mm&r=g\",\"contentUrl\":\"https:\\\/\\\/secure.gravatar.com\\\/avatar\\\/d4fe7459cfc51ff5129ce1a732bbef5928568b8092d412ef95611616376bbeed?s=96&d=mm&r=g\",\"caption\":\"f1000024\"},\"url\":\"https:\\\/\\\/cvinoticias.com\\\/v3\\\/author\\\/f1000024\\\/\"}]}<\/script>\n<!-- \/ Yoast SEO plugin. -->","yoast_head_json":{"title":"Brasil: Tragedia, cayo un avi\u00f3n y murieron cuatro futbolistas y un dirigente | CVI NOTICIAS","robots":{"index":"index","follow":"follow","max-snippet":"max-snippet:-1","max-image-preview":"max-image-preview:large","max-video-preview":"max-video-preview:-1"},"canonical":"https:\/\/cvinoticias.com\/v3\/brasil-tragedia-cayo-un-avion-y-murieron-cuatro-futbolistas-y-un-dirigente\/","og_locale":"es_ES","og_type":"article","og_title":"Brasil: Tragedia, cayo un avi\u00f3n y murieron cuatro futbolistas y un dirigente | CVI NOTICIAS","og_description":"El f\u00fatbol est\u00e1 de luto una vez m\u00e1s por una tragedia a\u00e9rea. Y la desgracia vuelve a azotar al deporte brasile\u00f1o. El club\u00a0Palmas F\u00fatbol y Regatas,\u00a0que milita en la cuarta divisi\u00f3n del ascenso de Brasil,\u00a0sufri\u00f3 hoy\u00a0la muerte de su presidente y de cuatro futbolistas, luego de un accidente a\u00e9reo, que tambi\u00e9n le cost\u00f3 la vida [&hellip;]","og_url":"https:\/\/cvinoticias.com\/v3\/brasil-tragedia-cayo-un-avion-y-murieron-cuatro-futbolistas-y-un-dirigente\/","og_site_name":"CVI NOTICIAS","article_publisher":"https:\/\/www.facebook.com\/cvinoticias","article_published_time":"2021-01-24T17:14:06+00:00","og_image":[{"width":608,"height":342,"url":"https:\/\/cvinoticias.com\/wp-content\/uploads\/2021\/01\/f608x342-1010324_1040047_0.jpg","type":"image\/jpeg"}],"author":"f1000024","twitter_card":"summary_large_image","twitter_misc":{"Escrito por":"f1000024","Tiempo de lectura":"3 minutos"},"schema":{"@context":"https:\/\/schema.org","@graph":[{"@type":"Article","@id":"https:\/\/cvinoticias.com\/v3\/brasil-tragedia-cayo-un-avion-y-murieron-cuatro-futbolistas-y-un-dirigente\/#article","isPartOf":{"@id":"https:\/\/cvinoticias.com\/v3\/brasil-tragedia-cayo-un-avion-y-murieron-cuatro-futbolistas-y-un-dirigente\/"},"author":{"name":"f1000024","@id":"https:\/\/cvinoticias.com\/v3\/#\/schema\/person\/2db77e3c6bc03c538495d7b2b8be9b66"},"headline":"Brasil: Tragedia, cayo un avi\u00f3n y murieron cuatro futbolistas y un dirigente","datePublished":"2021-01-24T17:14:06+00:00","mainEntityOfPage":{"@id":"https:\/\/cvinoticias.com\/v3\/brasil-tragedia-cayo-un-avion-y-murieron-cuatro-futbolistas-y-un-dirigente\/"},"wordCount":531,"commentCount":0,"publisher":{"@id":"https:\/\/cvinoticias.com\/v3\/#organization"},"image":{"@id":"https:\/\/cvinoticias.com\/v3\/brasil-tragedia-cayo-un-avion-y-murieron-cuatro-futbolistas-y-un-dirigente\/#primaryimage"},"thumbnailUrl":"https:\/\/cvinoticias.com\/wp-content\/uploads\/2021\/01\/f608x342-1010324_1040047_0.jpg","articleSection":["Internacionales"],"inLanguage":"es","potentialAction":[{"@type":"CommentAction","name":"Comment","target":["https:\/\/cvinoticias.com\/v3\/brasil-tragedia-cayo-un-avion-y-murieron-cuatro-futbolistas-y-un-dirigente\/#respond"]}]},{"@type":"WebPage","@id":"https:\/\/cvinoticias.com\/v3\/brasil-tragedia-cayo-un-avion-y-murieron-cuatro-futbolistas-y-un-dirigente\/","url":"https:\/\/cvinoticias.com\/v3\/brasil-tragedia-cayo-un-avion-y-murieron-cuatro-futbolistas-y-un-dirigente\/","name":"Brasil: Tragedia, cayo un avi\u00f3n y murieron cuatro futbolistas y un dirigente | CVI NOTICIAS","isPartOf":{"@id":"https:\/\/cvinoticias.com\/v3\/#website"},"primaryImageOfPage":{"@id":"https:\/\/cvinoticias.com\/v3\/brasil-tragedia-cayo-un-avion-y-murieron-cuatro-futbolistas-y-un-dirigente\/#primaryimage"},"image":{"@id":"https:\/\/cvinoticias.com\/v3\/brasil-tragedia-cayo-un-avion-y-murieron-cuatro-futbolistas-y-un-dirigente\/#primaryimage"},"thumbnailUrl":"https:\/\/cvinoticias.com\/wp-content\/uploads\/2021\/01\/f608x342-1010324_1040047_0.jpg","datePublished":"2021-01-24T17:14:06+00:00","breadcrumb":{"@id":"https:\/\/cvinoticias.com\/v3\/brasil-tragedia-cayo-un-avion-y-murieron-cuatro-futbolistas-y-un-dirigente\/#breadcrumb"},"inLanguage":"es","potentialAction":[{"@type":"ReadAction","target":["https:\/\/cvinoticias.com\/v3\/brasil-tragedia-cayo-un-avion-y-murieron-cuatro-futbolistas-y-un-dirigente\/"]}]},{"@type":"ImageObject","inLanguage":"es","@id":"https:\/\/cvinoticias.com\/v3\/brasil-tragedia-cayo-un-avion-y-murieron-cuatro-futbolistas-y-un-dirigente\/#primaryimage","url":"https:\/\/cvinoticias.com\/wp-content\/uploads\/2021\/01\/f608x342-1010324_1040047_0.jpg","contentUrl":"https:\/\/cvinoticias.com\/wp-content\/uploads\/2021\/01\/f608x342-1010324_1040047_0.jpg","width":608,"height":342},{"@type":"BreadcrumbList","@id":"https:\/\/cvinoticias.com\/v3\/brasil-tragedia-cayo-un-avion-y-murieron-cuatro-futbolistas-y-un-dirigente\/#breadcrumb","itemListElement":[{"@type":"ListItem","position":1,"name":"Portada","item":"https:\/\/cvinoticias.com\/v3\/"},{"@type":"ListItem","position":2,"name":"Brasil: Tragedia, cayo un avi\u00f3n y murieron cuatro futbolistas y un dirigente"}]},{"@type":"WebSite","@id":"https:\/\/cvinoticias.com\/v3\/#website","url":"https:\/\/cvinoticias.com\/v3\/","name":"CVI NOTICIAS","description":"","publisher":{"@id":"https:\/\/cvinoticias.com\/v3\/#organization"},"alternateName":"CVI","potentialAction":[{"@type":"SearchAction","target":{"@type":"EntryPoint","urlTemplate":"https:\/\/cvinoticias.com\/v3\/?s={search_term_string}"},"query-input":{"@type":"PropertyValueSpecification","valueRequired":true,"valueName":"search_term_string"}}],"inLanguage":"es"},{"@type":"Organization","@id":"https:\/\/cvinoticias.com\/v3\/#organization","name":"CVI NOTICIAS","url":"https:\/\/cvinoticias.com\/v3\/","logo":{"@type":"ImageObject","inLanguage":"es","@id":"https:\/\/cvinoticias.com\/v3\/#\/schema\/logo\/image\/","url":"https:\/\/cvinoticias.com\/wp-content\/uploads\/2023\/04\/cropped-cropped-cropped-cropped-cropped-3-1.png","contentUrl":"https:\/\/cvinoticias.com\/wp-content\/uploads\/2023\/04\/cropped-cropped-cropped-cropped-cropped-3-1.png","width":95,"height":122,"caption":"CVI NOTICIAS"},"image":{"@id":"https:\/\/cvinoticias.com\/v3\/#\/schema\/logo\/image\/"},"sameAs":["https:\/\/www.facebook.com\/cvinoticias","https:\/\/www.instagram.com\/cvinoticias\/","https:\/\/www.youtube.com\/@CVINOTICIAS"]},{"@type":"Person","@id":"https:\/\/cvinoticias.com\/v3\/#\/schema\/person\/2db77e3c6bc03c538495d7b2b8be9b66","name":"f1000024","image":{"@type":"ImageObject","inLanguage":"es","@id":"https:\/\/secure.gravatar.com\/avatar\/d4fe7459cfc51ff5129ce1a732bbef5928568b8092d412ef95611616376bbeed?s=96&d=mm&r=g","url":"https:\/\/secure.gravatar.com\/avatar\/d4fe7459cfc51ff5129ce1a732bbef5928568b8092d412ef95611616376bbeed?s=96&d=mm&r=g","contentUrl":"https:\/\/secure.gravatar.com\/avatar\/d4fe7459cfc51ff5129ce1a732bbef5928568b8092d412ef95611616376bbeed?s=96&d=mm&r=g","caption":"f1000024"},"url":"https:\/\/cvinoticias.com\/v3\/author\/f1000024\/"}]}},"_links":{"self":[{"href":"https:\/\/cvinoticias.com\/v3\/wp-json\/wp\/v2\/posts\/2017","targetHints":{"allow":["GET"]}}],"collection":[{"href":"https:\/\/cvinoticias.com\/v3\/wp-json\/wp\/v2\/posts"}],"about":[{"href":"https:\/\/cvinoticias.com\/v3\/wp-json\/wp\/v2\/types\/post"}],"author":[{"embeddable":true,"href":"https:\/\/cvinoticias.com\/v3\/wp-json\/wp\/v2\/users\/2"}],"replies":[{"embeddable":true,"href":"https:\/\/cvinoticias.com\/v3\/wp-json\/wp\/v2\/comments?post=2017"}],"version-history":[{"count":1,"href":"https:\/\/cvinoticias.com\/v3\/wp-json\/wp\/v2\/posts\/2017\/revisions"}],"predecessor-version":[{"id":2019,"href":"https:\/\/cvinoticias.com\/v3\/wp-json\/wp\/v2\/posts\/2017\/revisions\/2019"}],"wp:featuredmedia":[{"embeddable":true,"href":"https:\/\/cvinoticias.com\/v3\/wp-json\/wp\/v2\/media\/2018"}],"wp:attachment":[{"href":"https:\/\/cvinoticias.com\/v3\/wp-json\/wp\/v2\/media?parent=2017"}],"wp:term":[{"taxonomy":"category","embeddable":true,"href":"https:\/\/cvinoticias.com\/v3\/wp-json\/wp\/v2\/categories?post=2017"},{"taxonomy":"post_tag","embeddable":true,"href":"https:\/\/cvinoticias.com\/v3\/wp-json\/wp\/v2\/tags?post=2017"}],"curies":[{"name":"wp","href":"https:\/\/api.w.org\/{rel}","templated":true}]}}