{"id":19904,"date":"2022-10-13T21:08:38","date_gmt":"2022-10-13T21:08:38","guid":{"rendered":"https:\/\/cvinoticias.com\/v3\/?p=19904"},"modified":"2022-10-13T21:08:38","modified_gmt":"2022-10-13T21:08:38","slug":"se-realizo-la-presentacion-de-dos-nuevas-alternativas-que-ofrece-el-fondo-de-credito-misiones","status":"publish","type":"post","link":"https:\/\/cvinoticias.com\/v3\/se-realizo-la-presentacion-de-dos-nuevas-alternativas-que-ofrece-el-fondo-de-credito-misiones\/","title":{"rendered":"Se realiz\u00f3 la presentaci\u00f3n de dos nuevas alternativas que ofrece el Fondo de Cr\u00e9dito Misiones"},"content":{"rendered":"\n<p><strong><em>El Gobernador acompa\u00f1\u00f3 la presentaci\u00f3n de dos nuevas propuestas crediticias del Fondo de Cr\u00e9dito. Una consistente en microcr\u00e9ditos para organizaciones y unidades de gesti\u00f3n del Potenciar Trabajo;,la segunda contempla cr\u00e9ditos para municipios con el fin de adquirir maquinaria vial y equipamiento tecnol\u00f3gico. Herrera Ahuad remarc\u00f3 que las l\u00edneas crediticias beneficiar\u00e1n el desarrollo del trabajo y los municipios de Misiones. <\/em><\/strong><\/p>\n\n\n\n<p>Esta ma\u00f1ana, junto a representantes del Fondo de Cr\u00e9dito Misiones, el gobernador Oscar Herrera Ahuad asisti\u00f3 a la presentaci\u00f3n de dos nuevas alternativas crediticias del organismo. Se trata de microcr\u00e9ditos destinados a organizaciones y unidades de gesti\u00f3n que atienden a beneficiarios de Potenciar Trabajo y otra de cr\u00e9ditos para municipios con la finalidad de adquirir maquinaria vial y para modernizaci\u00f3n tecnol\u00f3gica. <\/p>\n\n\n\n<p>El mandatario se\u00f1al\u00f3 que las iniciativas presentadas son posibles gracias a un orden en las cuentas p\u00fablicas de la Provincia y la decisi\u00f3n pol\u00edtica de asignar los recursos. Inst\u00f3 a continuar con las acciones para que el trabajo siga creciendo en Misiones. \u00abPor eso hemos decidido tomar estas herramientas que tenemos desde el Gobierno provincial para el acompa\u00f1amiento de las organizaciones \u00ab, coment\u00f3. En especial para otorgar m\u00e1s herramientas a los misioneros que les permitan iniciar su emprendimiento y seguir reduciendo los \u00edndices de desempleo en Misiones. <\/p>\n\n\n\n<figure class=\"wp-block-image size-full\"><a href=\"https:\/\/cvinoticias.com\/wp-content\/uploads\/2022\/10\/IMG_20221013_173535_261.webp\"><img decoding=\"async\" width=\"1024\" height=\"682\" data-src=\"https:\/\/cvinoticias.com\/wp-content\/uploads\/2022\/10\/IMG_20221013_173535_261.webp\" alt=\"\" class=\"wp-image-19905 lazyload\" src=\"data:image\/svg+xml;base64,PHN2ZyB3aWR0aD0iMSIgaGVpZ2h0PSIxIiB4bWxucz0iaHR0cDovL3d3dy53My5vcmcvMjAwMC9zdmciPjwvc3ZnPg==\" style=\"--smush-placeholder-width: 1024px; --smush-placeholder-aspect-ratio: 1024\/682;\" \/><\/a><figcaption>B<\/figcaption><\/figure>\n\n\n\n<p>Tambi\u00e9n remarc\u00f3 el papel del diputado Carlos Rovira que desde la C\u00e1mara de Representantes ha dado herramientas al \u00e1rea ejecutiva para que todo esto se lleve adelante y agradeci\u00f3 a los organismos y asociaciones involucradas con la medida. <\/p>\n\n\n\n<p>\u00abNo estamos dando plata a nadie, estamos generando empleo, emprendimientos, industrias, peque\u00f1as y medianas empresas, pymes familiares. Ese es el objetivo que hoy perseguimos con el Fondo de Cr\u00e9dito y con estos microcr\u00e9ditos\u00bb, aclar\u00f3. <\/p>\n\n\n\n<p>En cuanto a l\u00edneas de cr\u00e9dito dirigidas a los municipios, destac\u00f3 la confianza puesta en los intendentes y que \u00abes una decisi\u00f3n pol\u00edtica clara para mejorar siempre la calidad de vida de los misioneros y para que el trabajo en nuestra provincia crezca\u00bb. Coment\u00f3 que beneficiara el desarrollo de las comunas y sus niveles de producci\u00f3n. <\/p>\n\n\n\n<p>A su turno, el vicepresidente primero de la C\u00e1mara de Representantes, Hugo Passalacqua valor\u00f3 que con estas medidas se refleja el rol de Estado y puso \u00e9nfasis en la asistencia a las localidades, porque es \u00abhacer federalismo interno, como corresponde, ayudando a los municipios que van a hacer los caminos donde sale la producci\u00f3n de los peque\u00f1os productores\u00bb. En tanto, el ministro de Hacienda, Adolfo Safr\u00e1n brind\u00f3 detalles t\u00e9cnicos de las l\u00edneas de cr\u00e9ditos presentadas. <\/p>\n\n\n\n<p>Mientras, el presidente del Fondo de Cr\u00e9dito Misiones, Gustavo Turkienicz destac\u00f3 que las nuevas l\u00edneas presentadas demuestran cu\u00e1l es la agenda de Misiones en la inserci\u00f3n de sectores vulnerables y que son buenas noticias para los municipios. Despu\u00e9s, la gerente en Asistencia Crediticia del Fondo, Tatiana Ant\u00fanez, explic\u00f3 la implementaci\u00f3n de los microcr\u00e9ditos solidarios con foco en asociaciones y cooperativas de trabajo. \u201cEsperamos que este programa sea de mucha utilidad y creemos nos viene a dar una mano para promover el desarrollo social y productivo de la provincia\u201d, coment\u00f3. <\/p>\n\n\n\n<figure class=\"wp-block-image size-full\"><a href=\"https:\/\/cvinoticias.com\/wp-content\/uploads\/2022\/10\/IMG_20221013_173535_470.webp\"><img decoding=\"async\" width=\"1024\" height=\"682\" data-src=\"https:\/\/cvinoticias.com\/wp-content\/uploads\/2022\/10\/IMG_20221013_173535_470.webp\" alt=\"\" class=\"wp-image-19906 lazyload\" src=\"data:image\/svg+xml;base64,PHN2ZyB3aWR0aD0iMSIgaGVpZ2h0PSIxIiB4bWxucz0iaHR0cDovL3d3dy53My5vcmcvMjAwMC9zdmciPjwvc3ZnPg==\" style=\"--smush-placeholder-width: 1024px; --smush-placeholder-aspect-ratio: 1024\/682;\" \/><\/a><\/figure>\n\n\n\n<p>En la presentaci\u00f3n, tambi\u00e9n tomaron parte el intendente de Posadas, Leonardo Stelatto, y sus pares de Ober\u00e1, Campo Grande y Puerto Esperanza, que agradecieron al Gobierno provincial la asistencia financiara para el desarrollo de sus municipios. Adem\u00e1s, acompa\u00f1aron referentes de asociaciones civiles y cooperativas de trabajos. <\/p>\n\n\n\n<p><strong>MICROCR\u00c9DITOS SOLIDARIOS <\/strong><\/p>\n\n\n\n<p>Acerca de esta propuesta crediticia del Fondo de Cr\u00e9dito Misiones tiene como destinataria a las Organizaciones de Microcr\u00e9ditos y aquellas constituidas como Unidad de Gesti\u00f3n\/Certificaci\u00f3n del Programa Potenciar Trabajo. As\u00ed, se impulsa la promoci\u00f3n del trabajo como instrumento de integraci\u00f3n social; y en consonancia con los objetivos del programa \u201cPotenciar Trabajo\u201d, se promueven herramientas para que cada trabajador obtenga un ingreso superior a partir de su actividad productivocomunitaria y tambi\u00e9n reciba formaci\u00f3n y capacitaci\u00f3n profesional o entrenamiento en el trabajo o bien para el caso de la inserci\u00f3n laboral. <\/p>\n\n\n\n<p>En cuanto a la pertinencia de la postulaci\u00f3n, ser\u00e1 evaluada por el Comit\u00e9 de Cr\u00e9dito del Fondo y las condiciones del cr\u00e9dito ser\u00e1n establecidas en el contrato mutuo entre este y las organizaciones siguiendo los lineamientos de accesibilidad propios del organismo. Sobre las caracter\u00edsticas principales del microcr\u00e9dito tendr\u00e1 una Tasa Nominal Anual del 3% con un plazo total de la operatoria de 36 meses con un per\u00edodo de gracia de 8 meses. <\/p>\n\n\n\n<figure class=\"wp-block-image size-full is-resized\"><a href=\"https:\/\/cvinoticias.com\/wp-content\/uploads\/2022\/10\/IMG_20221013_173535_550.webp\"><img decoding=\"async\" data-src=\"https:\/\/cvinoticias.com\/wp-content\/uploads\/2022\/10\/IMG_20221013_173535_550.webp\" alt=\"\" class=\"wp-image-19908 lazyload\" width=\"873\" height=\"581\" src=\"data:image\/svg+xml;base64,PHN2ZyB3aWR0aD0iMSIgaGVpZ2h0PSIxIiB4bWxucz0iaHR0cDovL3d3dy53My5vcmcvMjAwMC9zdmciPjwvc3ZnPg==\" style=\"--smush-placeholder-width: 873px; --smush-placeholder-aspect-ratio: 873\/581;\" \/><\/a><\/figure>\n\n\n\n<p><strong>\u201cPROGRAMA PROVINCIAL DE EQUIPAMIENTO VIAL Y TRANSFORMACI\u00d3N DIGITAL PARA MUNICIPIOS\u201d <\/strong><\/p>\n\n\n\n<p>El programa consiste en la celebraci\u00f3n de convenios de Mutuos de Asistencia Financiera entre los municipios y el Fondo de Cr\u00e9dito para financiar la adquisici\u00f3n de maquinaria vial (excepto autom\u00f3viles, camionetas, utilitarios o pick up) y la incorporaci\u00f3n de herramientas de innovaci\u00f3n tecnol\u00f3gica, equipamientos inform\u00e1ticos, software de gesti\u00f3n, actividades de formaci\u00f3n (capacitaciones), entre otros. Tiene como ejes la inversi\u00f3n en maquinaria vial e infraestructura y la modernizaci\u00f3n tecnol\u00f3gica. Se podr\u00e1 financiar hasta el 90% para aquellos municipios que tengan la primera categor\u00eda y para la segunda-tercera ser\u00e1 hasta el 100%. En tanto, para la adquisici\u00f3n de mejora tecnol\u00f3gica se financiar\u00e1 hasta el 100% sin distinci\u00f3n de categor\u00edas. No obstante, la inversi\u00f3n en capacitaciones y asesoramiento t\u00e9cnico no podr\u00e1n superar el 30% del monto total solicitado (a distribuirse un 20% para capacitaci\u00f3n y 10% servicios asesoramiento t\u00e9cnico). Los plazos ser\u00e1n de 15 a 24 meses dependiendo la categor\u00eda del municipio con una tasa de 12% anual.<\/p>\n","protected":false},"excerpt":{"rendered":"<p>El Gobernador acompa\u00f1\u00f3 la presentaci\u00f3n de dos nuevas propuestas crediticias del Fondo de Cr\u00e9dito. Una consistente en microcr\u00e9ditos para organizaciones y unidades de gesti\u00f3n del Potenciar Trabajo;,la segunda contempla cr\u00e9ditos para municipios con el fin de adquirir maquinaria vial y equipamiento tecnol\u00f3gico. Herrera Ahuad remarc\u00f3 que las l\u00edneas crediticias beneficiar\u00e1n el desarrollo del trabajo y [&hellip;]<\/p>\n","protected":false},"author":2,"featured_media":19909,"comment_status":"open","ping_status":"open","sticky":false,"template":"","format":"standard","meta":{"footnotes":""},"categories":[43],"tags":[],"class_list":["post-19904","post","type-post","status-publish","format-standard","has-post-thumbnail","hentry","category-provinciales"],"yoast_head":"<!-- This site is optimized with the Yoast SEO plugin v27.5 - https:\/\/yoast.com\/product\/yoast-seo-wordpress\/ -->\n<title>Se realiz\u00f3 la presentaci\u00f3n de dos nuevas alternativas que ofrece el Fondo de Cr\u00e9dito Misiones | CVI NOTICIAS<\/title>\n<meta name=\"robots\" content=\"index, follow, max-snippet:-1, max-image-preview:large, max-video-preview:-1\" \/>\n<link rel=\"canonical\" href=\"https:\/\/cvinoticias.com\/v3\/se-realizo-la-presentacion-de-dos-nuevas-alternativas-que-ofrece-el-fondo-de-credito-misiones\/\" \/>\n<meta property=\"og:locale\" content=\"es_ES\" \/>\n<meta property=\"og:type\" content=\"article\" \/>\n<meta property=\"og:title\" content=\"Se realiz\u00f3 la presentaci\u00f3n de dos nuevas alternativas que ofrece el Fondo de Cr\u00e9dito Misiones | CVI NOTICIAS\" \/>\n<meta property=\"og:description\" content=\"El Gobernador acompa\u00f1\u00f3 la presentaci\u00f3n de dos nuevas propuestas crediticias del Fondo de Cr\u00e9dito. Una consistente en microcr\u00e9ditos para organizaciones y unidades de gesti\u00f3n del Potenciar Trabajo;,la segunda contempla cr\u00e9ditos para municipios con el fin de adquirir maquinaria vial y equipamiento tecnol\u00f3gico. Herrera Ahuad remarc\u00f3 que las l\u00edneas crediticias beneficiar\u00e1n el desarrollo del trabajo y [&hellip;]\" \/>\n<meta property=\"og:url\" content=\"https:\/\/cvinoticias.com\/v3\/se-realizo-la-presentacion-de-dos-nuevas-alternativas-que-ofrece-el-fondo-de-credito-misiones\/\" \/>\n<meta property=\"og:site_name\" content=\"CVI NOTICIAS\" \/>\n<meta property=\"article:publisher\" content=\"https:\/\/www.facebook.com\/cvinoticias\" \/>\n<meta property=\"article:published_time\" content=\"2022-10-13T21:08:38+00:00\" \/>\n<meta property=\"og:image\" content=\"https:\/\/cvinoticias.com\/wp-content\/uploads\/2022\/10\/IMG_20221013_173535_180.webp\" \/>\n\t<meta property=\"og:image:width\" content=\"960\" \/>\n\t<meta property=\"og:image:height\" content=\"640\" \/>\n\t<meta property=\"og:image:type\" content=\"image\/webp\" \/>\n<meta name=\"author\" content=\"f1000024\" \/>\n<meta name=\"twitter:card\" content=\"summary_large_image\" \/>\n<meta name=\"twitter:label1\" content=\"Escrito por\" \/>\n\t<meta name=\"twitter:data1\" content=\"f1000024\" \/>\n\t<meta name=\"twitter:label2\" content=\"Tiempo de lectura\" \/>\n\t<meta name=\"twitter:data2\" content=\"5 minutos\" \/>\n<script type=\"application\/ld+json\" class=\"yoast-schema-graph\">{\"@context\":\"https:\\\/\\\/schema.org\",\"@graph\":[{\"@type\":\"Article\",\"@id\":\"https:\\\/\\\/cvinoticias.com\\\/v3\\\/se-realizo-la-presentacion-de-dos-nuevas-alternativas-que-ofrece-el-fondo-de-credito-misiones\\\/#article\",\"isPartOf\":{\"@id\":\"https:\\\/\\\/cvinoticias.com\\\/v3\\\/se-realizo-la-presentacion-de-dos-nuevas-alternativas-que-ofrece-el-fondo-de-credito-misiones\\\/\"},\"author\":{\"name\":\"f1000024\",\"@id\":\"https:\\\/\\\/cvinoticias.com\\\/v3\\\/#\\\/schema\\\/person\\\/2db77e3c6bc03c538495d7b2b8be9b66\"},\"headline\":\"Se realiz\u00f3 la presentaci\u00f3n de dos nuevas alternativas que ofrece el Fondo de Cr\u00e9dito Misiones\",\"datePublished\":\"2022-10-13T21:08:38+00:00\",\"mainEntityOfPage\":{\"@id\":\"https:\\\/\\\/cvinoticias.com\\\/v3\\\/se-realizo-la-presentacion-de-dos-nuevas-alternativas-que-ofrece-el-fondo-de-credito-misiones\\\/\"},\"wordCount\":975,\"commentCount\":0,\"publisher\":{\"@id\":\"https:\\\/\\\/cvinoticias.com\\\/v3\\\/#organization\"},\"image\":{\"@id\":\"https:\\\/\\\/cvinoticias.com\\\/v3\\\/se-realizo-la-presentacion-de-dos-nuevas-alternativas-que-ofrece-el-fondo-de-credito-misiones\\\/#primaryimage\"},\"thumbnailUrl\":\"https:\\\/\\\/cvinoticias.com\\\/wp-content\\\/uploads\\\/2022\\\/10\\\/IMG_20221013_173535_180.webp\",\"articleSection\":[\"Provinciales\"],\"inLanguage\":\"es\",\"potentialAction\":[{\"@type\":\"CommentAction\",\"name\":\"Comment\",\"target\":[\"https:\\\/\\\/cvinoticias.com\\\/v3\\\/se-realizo-la-presentacion-de-dos-nuevas-alternativas-que-ofrece-el-fondo-de-credito-misiones\\\/#respond\"]}]},{\"@type\":\"WebPage\",\"@id\":\"https:\\\/\\\/cvinoticias.com\\\/v3\\\/se-realizo-la-presentacion-de-dos-nuevas-alternativas-que-ofrece-el-fondo-de-credito-misiones\\\/\",\"url\":\"https:\\\/\\\/cvinoticias.com\\\/v3\\\/se-realizo-la-presentacion-de-dos-nuevas-alternativas-que-ofrece-el-fondo-de-credito-misiones\\\/\",\"name\":\"Se realiz\u00f3 la presentaci\u00f3n de dos nuevas alternativas que ofrece el Fondo de Cr\u00e9dito Misiones | CVI NOTICIAS\",\"isPartOf\":{\"@id\":\"https:\\\/\\\/cvinoticias.com\\\/v3\\\/#website\"},\"primaryImageOfPage\":{\"@id\":\"https:\\\/\\\/cvinoticias.com\\\/v3\\\/se-realizo-la-presentacion-de-dos-nuevas-alternativas-que-ofrece-el-fondo-de-credito-misiones\\\/#primaryimage\"},\"image\":{\"@id\":\"https:\\\/\\\/cvinoticias.com\\\/v3\\\/se-realizo-la-presentacion-de-dos-nuevas-alternativas-que-ofrece-el-fondo-de-credito-misiones\\\/#primaryimage\"},\"thumbnailUrl\":\"https:\\\/\\\/cvinoticias.com\\\/wp-content\\\/uploads\\\/2022\\\/10\\\/IMG_20221013_173535_180.webp\",\"datePublished\":\"2022-10-13T21:08:38+00:00\",\"breadcrumb\":{\"@id\":\"https:\\\/\\\/cvinoticias.com\\\/v3\\\/se-realizo-la-presentacion-de-dos-nuevas-alternativas-que-ofrece-el-fondo-de-credito-misiones\\\/#breadcrumb\"},\"inLanguage\":\"es\",\"potentialAction\":[{\"@type\":\"ReadAction\",\"target\":[\"https:\\\/\\\/cvinoticias.com\\\/v3\\\/se-realizo-la-presentacion-de-dos-nuevas-alternativas-que-ofrece-el-fondo-de-credito-misiones\\\/\"]}]},{\"@type\":\"ImageObject\",\"inLanguage\":\"es\",\"@id\":\"https:\\\/\\\/cvinoticias.com\\\/v3\\\/se-realizo-la-presentacion-de-dos-nuevas-alternativas-que-ofrece-el-fondo-de-credito-misiones\\\/#primaryimage\",\"url\":\"https:\\\/\\\/cvinoticias.com\\\/wp-content\\\/uploads\\\/2022\\\/10\\\/IMG_20221013_173535_180.webp\",\"contentUrl\":\"https:\\\/\\\/cvinoticias.com\\\/wp-content\\\/uploads\\\/2022\\\/10\\\/IMG_20221013_173535_180.webp\",\"width\":960,\"height\":640},{\"@type\":\"BreadcrumbList\",\"@id\":\"https:\\\/\\\/cvinoticias.com\\\/v3\\\/se-realizo-la-presentacion-de-dos-nuevas-alternativas-que-ofrece-el-fondo-de-credito-misiones\\\/#breadcrumb\",\"itemListElement\":[{\"@type\":\"ListItem\",\"position\":1,\"name\":\"Portada\",\"item\":\"https:\\\/\\\/cvinoticias.com\\\/v3\\\/\"},{\"@type\":\"ListItem\",\"position\":2,\"name\":\"Se realiz\u00f3 la presentaci\u00f3n de dos nuevas alternativas que ofrece el Fondo de Cr\u00e9dito Misiones\"}]},{\"@type\":\"WebSite\",\"@id\":\"https:\\\/\\\/cvinoticias.com\\\/v3\\\/#website\",\"url\":\"https:\\\/\\\/cvinoticias.com\\\/v3\\\/\",\"name\":\"CVI NOTICIAS\",\"description\":\"\",\"publisher\":{\"@id\":\"https:\\\/\\\/cvinoticias.com\\\/v3\\\/#organization\"},\"alternateName\":\"CVI\",\"potentialAction\":[{\"@type\":\"SearchAction\",\"target\":{\"@type\":\"EntryPoint\",\"urlTemplate\":\"https:\\\/\\\/cvinoticias.com\\\/v3\\\/?s={search_term_string}\"},\"query-input\":{\"@type\":\"PropertyValueSpecification\",\"valueRequired\":true,\"valueName\":\"search_term_string\"}}],\"inLanguage\":\"es\"},{\"@type\":\"Organization\",\"@id\":\"https:\\\/\\\/cvinoticias.com\\\/v3\\\/#organization\",\"name\":\"CVI NOTICIAS\",\"url\":\"https:\\\/\\\/cvinoticias.com\\\/v3\\\/\",\"logo\":{\"@type\":\"ImageObject\",\"inLanguage\":\"es\",\"@id\":\"https:\\\/\\\/cvinoticias.com\\\/v3\\\/#\\\/schema\\\/logo\\\/image\\\/\",\"url\":\"https:\\\/\\\/cvinoticias.com\\\/wp-content\\\/uploads\\\/2023\\\/04\\\/cropped-cropped-cropped-cropped-cropped-3-1.png\",\"contentUrl\":\"https:\\\/\\\/cvinoticias.com\\\/wp-content\\\/uploads\\\/2023\\\/04\\\/cropped-cropped-cropped-cropped-cropped-3-1.png\",\"width\":95,\"height\":122,\"caption\":\"CVI NOTICIAS\"},\"image\":{\"@id\":\"https:\\\/\\\/cvinoticias.com\\\/v3\\\/#\\\/schema\\\/logo\\\/image\\\/\"},\"sameAs\":[\"https:\\\/\\\/www.facebook.com\\\/cvinoticias\",\"https:\\\/\\\/www.instagram.com\\\/cvinoticias\\\/\",\"https:\\\/\\\/www.youtube.com\\\/@CVINOTICIAS\"]},{\"@type\":\"Person\",\"@id\":\"https:\\\/\\\/cvinoticias.com\\\/v3\\\/#\\\/schema\\\/person\\\/2db77e3c6bc03c538495d7b2b8be9b66\",\"name\":\"f1000024\",\"image\":{\"@type\":\"ImageObject\",\"inLanguage\":\"es\",\"@id\":\"https:\\\/\\\/secure.gravatar.com\\\/avatar\\\/d4fe7459cfc51ff5129ce1a732bbef5928568b8092d412ef95611616376bbeed?s=96&d=mm&r=g\",\"url\":\"https:\\\/\\\/secure.gravatar.com\\\/avatar\\\/d4fe7459cfc51ff5129ce1a732bbef5928568b8092d412ef95611616376bbeed?s=96&d=mm&r=g\",\"contentUrl\":\"https:\\\/\\\/secure.gravatar.com\\\/avatar\\\/d4fe7459cfc51ff5129ce1a732bbef5928568b8092d412ef95611616376bbeed?s=96&d=mm&r=g\",\"caption\":\"f1000024\"},\"url\":\"https:\\\/\\\/cvinoticias.com\\\/v3\\\/author\\\/f1000024\\\/\"}]}<\/script>\n<!-- \/ Yoast SEO plugin. -->","yoast_head_json":{"title":"Se realiz\u00f3 la presentaci\u00f3n de dos nuevas alternativas que ofrece el Fondo de Cr\u00e9dito Misiones | CVI NOTICIAS","robots":{"index":"index","follow":"follow","max-snippet":"max-snippet:-1","max-image-preview":"max-image-preview:large","max-video-preview":"max-video-preview:-1"},"canonical":"https:\/\/cvinoticias.com\/v3\/se-realizo-la-presentacion-de-dos-nuevas-alternativas-que-ofrece-el-fondo-de-credito-misiones\/","og_locale":"es_ES","og_type":"article","og_title":"Se realiz\u00f3 la presentaci\u00f3n de dos nuevas alternativas que ofrece el Fondo de Cr\u00e9dito Misiones | CVI NOTICIAS","og_description":"El Gobernador acompa\u00f1\u00f3 la presentaci\u00f3n de dos nuevas propuestas crediticias del Fondo de Cr\u00e9dito. Una consistente en microcr\u00e9ditos para organizaciones y unidades de gesti\u00f3n del Potenciar Trabajo;,la segunda contempla cr\u00e9ditos para municipios con el fin de adquirir maquinaria vial y equipamiento tecnol\u00f3gico. Herrera Ahuad remarc\u00f3 que las l\u00edneas crediticias beneficiar\u00e1n el desarrollo del trabajo y [&hellip;]","og_url":"https:\/\/cvinoticias.com\/v3\/se-realizo-la-presentacion-de-dos-nuevas-alternativas-que-ofrece-el-fondo-de-credito-misiones\/","og_site_name":"CVI NOTICIAS","article_publisher":"https:\/\/www.facebook.com\/cvinoticias","article_published_time":"2022-10-13T21:08:38+00:00","og_image":[{"width":960,"height":640,"url":"https:\/\/cvinoticias.com\/wp-content\/uploads\/2022\/10\/IMG_20221013_173535_180.webp","type":"image\/webp"}],"author":"f1000024","twitter_card":"summary_large_image","twitter_misc":{"Escrito por":"f1000024","Tiempo de lectura":"5 minutos"},"schema":{"@context":"https:\/\/schema.org","@graph":[{"@type":"Article","@id":"https:\/\/cvinoticias.com\/v3\/se-realizo-la-presentacion-de-dos-nuevas-alternativas-que-ofrece-el-fondo-de-credito-misiones\/#article","isPartOf":{"@id":"https:\/\/cvinoticias.com\/v3\/se-realizo-la-presentacion-de-dos-nuevas-alternativas-que-ofrece-el-fondo-de-credito-misiones\/"},"author":{"name":"f1000024","@id":"https:\/\/cvinoticias.com\/v3\/#\/schema\/person\/2db77e3c6bc03c538495d7b2b8be9b66"},"headline":"Se realiz\u00f3 la presentaci\u00f3n de dos nuevas alternativas que ofrece el Fondo de Cr\u00e9dito Misiones","datePublished":"2022-10-13T21:08:38+00:00","mainEntityOfPage":{"@id":"https:\/\/cvinoticias.com\/v3\/se-realizo-la-presentacion-de-dos-nuevas-alternativas-que-ofrece-el-fondo-de-credito-misiones\/"},"wordCount":975,"commentCount":0,"publisher":{"@id":"https:\/\/cvinoticias.com\/v3\/#organization"},"image":{"@id":"https:\/\/cvinoticias.com\/v3\/se-realizo-la-presentacion-de-dos-nuevas-alternativas-que-ofrece-el-fondo-de-credito-misiones\/#primaryimage"},"thumbnailUrl":"https:\/\/cvinoticias.com\/wp-content\/uploads\/2022\/10\/IMG_20221013_173535_180.webp","articleSection":["Provinciales"],"inLanguage":"es","potentialAction":[{"@type":"CommentAction","name":"Comment","target":["https:\/\/cvinoticias.com\/v3\/se-realizo-la-presentacion-de-dos-nuevas-alternativas-que-ofrece-el-fondo-de-credito-misiones\/#respond"]}]},{"@type":"WebPage","@id":"https:\/\/cvinoticias.com\/v3\/se-realizo-la-presentacion-de-dos-nuevas-alternativas-que-ofrece-el-fondo-de-credito-misiones\/","url":"https:\/\/cvinoticias.com\/v3\/se-realizo-la-presentacion-de-dos-nuevas-alternativas-que-ofrece-el-fondo-de-credito-misiones\/","name":"Se realiz\u00f3 la presentaci\u00f3n de dos nuevas alternativas que ofrece el Fondo de Cr\u00e9dito Misiones | CVI NOTICIAS","isPartOf":{"@id":"https:\/\/cvinoticias.com\/v3\/#website"},"primaryImageOfPage":{"@id":"https:\/\/cvinoticias.com\/v3\/se-realizo-la-presentacion-de-dos-nuevas-alternativas-que-ofrece-el-fondo-de-credito-misiones\/#primaryimage"},"image":{"@id":"https:\/\/cvinoticias.com\/v3\/se-realizo-la-presentacion-de-dos-nuevas-alternativas-que-ofrece-el-fondo-de-credito-misiones\/#primaryimage"},"thumbnailUrl":"https:\/\/cvinoticias.com\/wp-content\/uploads\/2022\/10\/IMG_20221013_173535_180.webp","datePublished":"2022-10-13T21:08:38+00:00","breadcrumb":{"@id":"https:\/\/cvinoticias.com\/v3\/se-realizo-la-presentacion-de-dos-nuevas-alternativas-que-ofrece-el-fondo-de-credito-misiones\/#breadcrumb"},"inLanguage":"es","potentialAction":[{"@type":"ReadAction","target":["https:\/\/cvinoticias.com\/v3\/se-realizo-la-presentacion-de-dos-nuevas-alternativas-que-ofrece-el-fondo-de-credito-misiones\/"]}]},{"@type":"ImageObject","inLanguage":"es","@id":"https:\/\/cvinoticias.com\/v3\/se-realizo-la-presentacion-de-dos-nuevas-alternativas-que-ofrece-el-fondo-de-credito-misiones\/#primaryimage","url":"https:\/\/cvinoticias.com\/wp-content\/uploads\/2022\/10\/IMG_20221013_173535_180.webp","contentUrl":"https:\/\/cvinoticias.com\/wp-content\/uploads\/2022\/10\/IMG_20221013_173535_180.webp","width":960,"height":640},{"@type":"BreadcrumbList","@id":"https:\/\/cvinoticias.com\/v3\/se-realizo-la-presentacion-de-dos-nuevas-alternativas-que-ofrece-el-fondo-de-credito-misiones\/#breadcrumb","itemListElement":[{"@type":"ListItem","position":1,"name":"Portada","item":"https:\/\/cvinoticias.com\/v3\/"},{"@type":"ListItem","position":2,"name":"Se realiz\u00f3 la presentaci\u00f3n de dos nuevas alternativas que ofrece el Fondo de Cr\u00e9dito Misiones"}]},{"@type":"WebSite","@id":"https:\/\/cvinoticias.com\/v3\/#website","url":"https:\/\/cvinoticias.com\/v3\/","name":"CVI NOTICIAS","description":"","publisher":{"@id":"https:\/\/cvinoticias.com\/v3\/#organization"},"alternateName":"CVI","potentialAction":[{"@type":"SearchAction","target":{"@type":"EntryPoint","urlTemplate":"https:\/\/cvinoticias.com\/v3\/?s={search_term_string}"},"query-input":{"@type":"PropertyValueSpecification","valueRequired":true,"valueName":"search_term_string"}}],"inLanguage":"es"},{"@type":"Organization","@id":"https:\/\/cvinoticias.com\/v3\/#organization","name":"CVI NOTICIAS","url":"https:\/\/cvinoticias.com\/v3\/","logo":{"@type":"ImageObject","inLanguage":"es","@id":"https:\/\/cvinoticias.com\/v3\/#\/schema\/logo\/image\/","url":"https:\/\/cvinoticias.com\/wp-content\/uploads\/2023\/04\/cropped-cropped-cropped-cropped-cropped-3-1.png","contentUrl":"https:\/\/cvinoticias.com\/wp-content\/uploads\/2023\/04\/cropped-cropped-cropped-cropped-cropped-3-1.png","width":95,"height":122,"caption":"CVI NOTICIAS"},"image":{"@id":"https:\/\/cvinoticias.com\/v3\/#\/schema\/logo\/image\/"},"sameAs":["https:\/\/www.facebook.com\/cvinoticias","https:\/\/www.instagram.com\/cvinoticias\/","https:\/\/www.youtube.com\/@CVINOTICIAS"]},{"@type":"Person","@id":"https:\/\/cvinoticias.com\/v3\/#\/schema\/person\/2db77e3c6bc03c538495d7b2b8be9b66","name":"f1000024","image":{"@type":"ImageObject","inLanguage":"es","@id":"https:\/\/secure.gravatar.com\/avatar\/d4fe7459cfc51ff5129ce1a732bbef5928568b8092d412ef95611616376bbeed?s=96&d=mm&r=g","url":"https:\/\/secure.gravatar.com\/avatar\/d4fe7459cfc51ff5129ce1a732bbef5928568b8092d412ef95611616376bbeed?s=96&d=mm&r=g","contentUrl":"https:\/\/secure.gravatar.com\/avatar\/d4fe7459cfc51ff5129ce1a732bbef5928568b8092d412ef95611616376bbeed?s=96&d=mm&r=g","caption":"f1000024"},"url":"https:\/\/cvinoticias.com\/v3\/author\/f1000024\/"}]}},"_links":{"self":[{"href":"https:\/\/cvinoticias.com\/v3\/wp-json\/wp\/v2\/posts\/19904","targetHints":{"allow":["GET"]}}],"collection":[{"href":"https:\/\/cvinoticias.com\/v3\/wp-json\/wp\/v2\/posts"}],"about":[{"href":"https:\/\/cvinoticias.com\/v3\/wp-json\/wp\/v2\/types\/post"}],"author":[{"embeddable":true,"href":"https:\/\/cvinoticias.com\/v3\/wp-json\/wp\/v2\/users\/2"}],"replies":[{"embeddable":true,"href":"https:\/\/cvinoticias.com\/v3\/wp-json\/wp\/v2\/comments?post=19904"}],"version-history":[{"count":1,"href":"https:\/\/cvinoticias.com\/v3\/wp-json\/wp\/v2\/posts\/19904\/revisions"}],"predecessor-version":[{"id":19910,"href":"https:\/\/cvinoticias.com\/v3\/wp-json\/wp\/v2\/posts\/19904\/revisions\/19910"}],"wp:featuredmedia":[{"embeddable":true,"href":"https:\/\/cvinoticias.com\/v3\/wp-json\/wp\/v2\/media\/19909"}],"wp:attachment":[{"href":"https:\/\/cvinoticias.com\/v3\/wp-json\/wp\/v2\/media?parent=19904"}],"wp:term":[{"taxonomy":"category","embeddable":true,"href":"https:\/\/cvinoticias.com\/v3\/wp-json\/wp\/v2\/categories?post=19904"},{"taxonomy":"post_tag","embeddable":true,"href":"https:\/\/cvinoticias.com\/v3\/wp-json\/wp\/v2\/tags?post=19904"}],"curies":[{"name":"wp","href":"https:\/\/api.w.org\/{rel}","templated":true}]}}