{"id":19880,"date":"2022-10-13T12:38:43","date_gmt":"2022-10-13T12:38:43","guid":{"rendered":"https:\/\/cvinoticias.com\/v3\/?p=19880"},"modified":"2022-10-13T12:38:43","modified_gmt":"2022-10-13T12:38:43","slug":"este-sabado-pagaran-suplementarias-fonid-y-conectividad-a-docentes-misioneros","status":"publish","type":"post","link":"https:\/\/cvinoticias.com\/v3\/este-sabado-pagaran-suplementarias-fonid-y-conectividad-a-docentes-misioneros\/","title":{"rendered":"Este s\u00e1bado pagar\u00e1n Suplementarias, Fonid y Conectividad a docentes misioneros"},"content":{"rendered":"\n<p><strong><em>Oscar Herrera Ahuad anunci\u00f3 que el Fondo Nacional de Incentivo Docente y el pago de las Suplementarias se realizar\u00e1n con fondos provinciales. Tambi\u00e9n se abonar\u00e1 Conectividad nacional por cargo. Los beneficios estar\u00e1n depositados este s\u00e1bado 15 de octubre.<\/em><\/strong><\/p>\n\n\n\n<p>El gobernador Oscar Herrera Ahuad, anunci\u00f3 este jueves a trav\u00e9s de su cuenta de Twitter, que este s\u00e1bado [15.10.2022] estar\u00e1n acreditados con fondos provinciales las Suplementarias a los docentes, correspondiente al mes de septiembre del 2022.<\/p>\n\n\n\n<p>Tambi\u00e9n con fondos de Misiones, se anticipar\u00e1 la cuota correspondiente a octubre 2022 del Fondo Nacional de Incentivo Docente (Fonid), que consta de $5.364 por cargo.<\/p>\n\n\n\n<p>Por otra parte, en la misma jornada estar\u00e1 acreditada con fondos nacionales la cuota de Conectividad Nacional correspondiente al mes de julio de $2.250 por cargo.<\/p>\n\n\n\n<figure class=\"wp-block-image size-large\"><a href=\"https:\/\/cvinoticias.com\/wp-content\/uploads\/2022\/10\/Screenshot_20221013-093204_Chrome.jpg\"><img decoding=\"async\" width=\"586\" height=\"1024\" data-src=\"https:\/\/cvinoticias.com\/wp-content\/uploads\/2022\/10\/Screenshot_20221013-093204_Chrome-586x1024.jpg\" alt=\"\" class=\"wp-image-19881 lazyload\" data-srcset=\"https:\/\/cvinoticias.com\/wp-content\/uploads\/2022\/10\/Screenshot_20221013-093204_Chrome-586x1024.jpg 586w, https:\/\/cvinoticias.com\/wp-content\/uploads\/2022\/10\/Screenshot_20221013-093204_Chrome-172x300.jpg 172w, https:\/\/cvinoticias.com\/wp-content\/uploads\/2022\/10\/Screenshot_20221013-093204_Chrome-768x1342.jpg 768w, https:\/\/cvinoticias.com\/wp-content\/uploads\/2022\/10\/Screenshot_20221013-093204_Chrome-879x1536.jpg 879w, https:\/\/cvinoticias.com\/wp-content\/uploads\/2022\/10\/Screenshot_20221013-093204_Chrome.jpg 979w\" data-sizes=\"(max-width: 586px) 100vw, 586px\" src=\"data:image\/svg+xml;base64,PHN2ZyB3aWR0aD0iMSIgaGVpZ2h0PSIxIiB4bWxucz0iaHR0cDovL3d3dy53My5vcmcvMjAwMC9zdmciPjwvc3ZnPg==\" style=\"--smush-placeholder-width: 586px; --smush-placeholder-aspect-ratio: 586\/1024;\" \/><\/a><\/figure>\n","protected":false},"excerpt":{"rendered":"<p>Oscar Herrera Ahuad anunci\u00f3 que el Fondo Nacional de Incentivo Docente y el pago de las Suplementarias se realizar\u00e1n con fondos provinciales. Tambi\u00e9n se abonar\u00e1 Conectividad nacional por cargo. Los beneficios estar\u00e1n depositados este s\u00e1bado 15 de octubre. El gobernador Oscar Herrera Ahuad, anunci\u00f3 este jueves a trav\u00e9s de su cuenta de Twitter, que este [&hellip;]<\/p>\n","protected":false},"author":2,"featured_media":19882,"comment_status":"open","ping_status":"open","sticky":false,"template":"","format":"standard","meta":{"footnotes":""},"categories":[43],"tags":[],"class_list":["post-19880","post","type-post","status-publish","format-standard","has-post-thumbnail","hentry","category-provinciales"],"yoast_head":"<!-- This site is optimized with the Yoast SEO plugin v27.5 - https:\/\/yoast.com\/product\/yoast-seo-wordpress\/ -->\n<title>Este s\u00e1bado pagar\u00e1n Suplementarias, Fonid y Conectividad a docentes misioneros | CVI NOTICIAS<\/title>\n<meta name=\"robots\" content=\"index, follow, max-snippet:-1, max-image-preview:large, max-video-preview:-1\" \/>\n<link rel=\"canonical\" href=\"https:\/\/cvinoticias.com\/v3\/este-sabado-pagaran-suplementarias-fonid-y-conectividad-a-docentes-misioneros\/\" \/>\n<meta property=\"og:locale\" content=\"es_ES\" \/>\n<meta property=\"og:type\" content=\"article\" \/>\n<meta property=\"og:title\" content=\"Este s\u00e1bado pagar\u00e1n Suplementarias, Fonid y Conectividad a docentes misioneros | CVI NOTICIAS\" \/>\n<meta property=\"og:description\" content=\"Oscar Herrera Ahuad anunci\u00f3 que el Fondo Nacional de Incentivo Docente y el pago de las Suplementarias se realizar\u00e1n con fondos provinciales. Tambi\u00e9n se abonar\u00e1 Conectividad nacional por cargo. Los beneficios estar\u00e1n depositados este s\u00e1bado 15 de octubre. El gobernador Oscar Herrera Ahuad, anunci\u00f3 este jueves a trav\u00e9s de su cuenta de Twitter, que este [&hellip;]\" \/>\n<meta property=\"og:url\" content=\"https:\/\/cvinoticias.com\/v3\/este-sabado-pagaran-suplementarias-fonid-y-conectividad-a-docentes-misioneros\/\" \/>\n<meta property=\"og:site_name\" content=\"CVI NOTICIAS\" \/>\n<meta property=\"article:publisher\" content=\"https:\/\/www.facebook.com\/cvinoticias\" \/>\n<meta property=\"article:published_time\" content=\"2022-10-13T12:38:43+00:00\" \/>\n<meta property=\"og:image\" content=\"https:\/\/cvinoticias.com\/wp-content\/uploads\/2022\/10\/fonid.jpg\" \/>\n\t<meta property=\"og:image:width\" content=\"800\" \/>\n\t<meta property=\"og:image:height\" content=\"450\" \/>\n\t<meta property=\"og:image:type\" content=\"image\/jpeg\" \/>\n<meta name=\"author\" content=\"f1000024\" \/>\n<meta name=\"twitter:card\" content=\"summary_large_image\" \/>\n<meta name=\"twitter:label1\" content=\"Escrito por\" \/>\n\t<meta name=\"twitter:data1\" content=\"f1000024\" \/>\n\t<meta name=\"twitter:label2\" content=\"Tiempo de lectura\" \/>\n\t<meta name=\"twitter:data2\" content=\"1 minuto\" \/>\n<script type=\"application\/ld+json\" class=\"yoast-schema-graph\">{\"@context\":\"https:\\\/\\\/schema.org\",\"@graph\":[{\"@type\":\"Article\",\"@id\":\"https:\\\/\\\/cvinoticias.com\\\/v3\\\/este-sabado-pagaran-suplementarias-fonid-y-conectividad-a-docentes-misioneros\\\/#article\",\"isPartOf\":{\"@id\":\"https:\\\/\\\/cvinoticias.com\\\/v3\\\/este-sabado-pagaran-suplementarias-fonid-y-conectividad-a-docentes-misioneros\\\/\"},\"author\":{\"name\":\"f1000024\",\"@id\":\"https:\\\/\\\/cvinoticias.com\\\/v3\\\/#\\\/schema\\\/person\\\/2db77e3c6bc03c538495d7b2b8be9b66\"},\"headline\":\"Este s\u00e1bado pagar\u00e1n Suplementarias, Fonid y Conectividad a docentes misioneros\",\"datePublished\":\"2022-10-13T12:38:43+00:00\",\"mainEntityOfPage\":{\"@id\":\"https:\\\/\\\/cvinoticias.com\\\/v3\\\/este-sabado-pagaran-suplementarias-fonid-y-conectividad-a-docentes-misioneros\\\/\"},\"wordCount\":140,\"commentCount\":0,\"publisher\":{\"@id\":\"https:\\\/\\\/cvinoticias.com\\\/v3\\\/#organization\"},\"image\":{\"@id\":\"https:\\\/\\\/cvinoticias.com\\\/v3\\\/este-sabado-pagaran-suplementarias-fonid-y-conectividad-a-docentes-misioneros\\\/#primaryimage\"},\"thumbnailUrl\":\"https:\\\/\\\/cvinoticias.com\\\/wp-content\\\/uploads\\\/2022\\\/10\\\/fonid.jpg\",\"articleSection\":[\"Provinciales\"],\"inLanguage\":\"es\",\"potentialAction\":[{\"@type\":\"CommentAction\",\"name\":\"Comment\",\"target\":[\"https:\\\/\\\/cvinoticias.com\\\/v3\\\/este-sabado-pagaran-suplementarias-fonid-y-conectividad-a-docentes-misioneros\\\/#respond\"]}]},{\"@type\":\"WebPage\",\"@id\":\"https:\\\/\\\/cvinoticias.com\\\/v3\\\/este-sabado-pagaran-suplementarias-fonid-y-conectividad-a-docentes-misioneros\\\/\",\"url\":\"https:\\\/\\\/cvinoticias.com\\\/v3\\\/este-sabado-pagaran-suplementarias-fonid-y-conectividad-a-docentes-misioneros\\\/\",\"name\":\"Este s\u00e1bado pagar\u00e1n Suplementarias, Fonid y Conectividad a docentes misioneros | CVI NOTICIAS\",\"isPartOf\":{\"@id\":\"https:\\\/\\\/cvinoticias.com\\\/v3\\\/#website\"},\"primaryImageOfPage\":{\"@id\":\"https:\\\/\\\/cvinoticias.com\\\/v3\\\/este-sabado-pagaran-suplementarias-fonid-y-conectividad-a-docentes-misioneros\\\/#primaryimage\"},\"image\":{\"@id\":\"https:\\\/\\\/cvinoticias.com\\\/v3\\\/este-sabado-pagaran-suplementarias-fonid-y-conectividad-a-docentes-misioneros\\\/#primaryimage\"},\"thumbnailUrl\":\"https:\\\/\\\/cvinoticias.com\\\/wp-content\\\/uploads\\\/2022\\\/10\\\/fonid.jpg\",\"datePublished\":\"2022-10-13T12:38:43+00:00\",\"breadcrumb\":{\"@id\":\"https:\\\/\\\/cvinoticias.com\\\/v3\\\/este-sabado-pagaran-suplementarias-fonid-y-conectividad-a-docentes-misioneros\\\/#breadcrumb\"},\"inLanguage\":\"es\",\"potentialAction\":[{\"@type\":\"ReadAction\",\"target\":[\"https:\\\/\\\/cvinoticias.com\\\/v3\\\/este-sabado-pagaran-suplementarias-fonid-y-conectividad-a-docentes-misioneros\\\/\"]}]},{\"@type\":\"ImageObject\",\"inLanguage\":\"es\",\"@id\":\"https:\\\/\\\/cvinoticias.com\\\/v3\\\/este-sabado-pagaran-suplementarias-fonid-y-conectividad-a-docentes-misioneros\\\/#primaryimage\",\"url\":\"https:\\\/\\\/cvinoticias.com\\\/wp-content\\\/uploads\\\/2022\\\/10\\\/fonid.jpg\",\"contentUrl\":\"https:\\\/\\\/cvinoticias.com\\\/wp-content\\\/uploads\\\/2022\\\/10\\\/fonid.jpg\",\"width\":800,\"height\":450},{\"@type\":\"BreadcrumbList\",\"@id\":\"https:\\\/\\\/cvinoticias.com\\\/v3\\\/este-sabado-pagaran-suplementarias-fonid-y-conectividad-a-docentes-misioneros\\\/#breadcrumb\",\"itemListElement\":[{\"@type\":\"ListItem\",\"position\":1,\"name\":\"Portada\",\"item\":\"https:\\\/\\\/cvinoticias.com\\\/v3\\\/\"},{\"@type\":\"ListItem\",\"position\":2,\"name\":\"Este s\u00e1bado pagar\u00e1n Suplementarias, Fonid y Conectividad a docentes misioneros\"}]},{\"@type\":\"WebSite\",\"@id\":\"https:\\\/\\\/cvinoticias.com\\\/v3\\\/#website\",\"url\":\"https:\\\/\\\/cvinoticias.com\\\/v3\\\/\",\"name\":\"CVI NOTICIAS\",\"description\":\"\",\"publisher\":{\"@id\":\"https:\\\/\\\/cvinoticias.com\\\/v3\\\/#organization\"},\"alternateName\":\"CVI\",\"potentialAction\":[{\"@type\":\"SearchAction\",\"target\":{\"@type\":\"EntryPoint\",\"urlTemplate\":\"https:\\\/\\\/cvinoticias.com\\\/v3\\\/?s={search_term_string}\"},\"query-input\":{\"@type\":\"PropertyValueSpecification\",\"valueRequired\":true,\"valueName\":\"search_term_string\"}}],\"inLanguage\":\"es\"},{\"@type\":\"Organization\",\"@id\":\"https:\\\/\\\/cvinoticias.com\\\/v3\\\/#organization\",\"name\":\"CVI NOTICIAS\",\"url\":\"https:\\\/\\\/cvinoticias.com\\\/v3\\\/\",\"logo\":{\"@type\":\"ImageObject\",\"inLanguage\":\"es\",\"@id\":\"https:\\\/\\\/cvinoticias.com\\\/v3\\\/#\\\/schema\\\/logo\\\/image\\\/\",\"url\":\"https:\\\/\\\/cvinoticias.com\\\/wp-content\\\/uploads\\\/2023\\\/04\\\/cropped-cropped-cropped-cropped-cropped-3-1.png\",\"contentUrl\":\"https:\\\/\\\/cvinoticias.com\\\/wp-content\\\/uploads\\\/2023\\\/04\\\/cropped-cropped-cropped-cropped-cropped-3-1.png\",\"width\":95,\"height\":122,\"caption\":\"CVI NOTICIAS\"},\"image\":{\"@id\":\"https:\\\/\\\/cvinoticias.com\\\/v3\\\/#\\\/schema\\\/logo\\\/image\\\/\"},\"sameAs\":[\"https:\\\/\\\/www.facebook.com\\\/cvinoticias\",\"https:\\\/\\\/www.instagram.com\\\/cvinoticias\\\/\",\"https:\\\/\\\/www.youtube.com\\\/@CVINOTICIAS\"]},{\"@type\":\"Person\",\"@id\":\"https:\\\/\\\/cvinoticias.com\\\/v3\\\/#\\\/schema\\\/person\\\/2db77e3c6bc03c538495d7b2b8be9b66\",\"name\":\"f1000024\",\"image\":{\"@type\":\"ImageObject\",\"inLanguage\":\"es\",\"@id\":\"https:\\\/\\\/secure.gravatar.com\\\/avatar\\\/d4fe7459cfc51ff5129ce1a732bbef5928568b8092d412ef95611616376bbeed?s=96&d=mm&r=g\",\"url\":\"https:\\\/\\\/secure.gravatar.com\\\/avatar\\\/d4fe7459cfc51ff5129ce1a732bbef5928568b8092d412ef95611616376bbeed?s=96&d=mm&r=g\",\"contentUrl\":\"https:\\\/\\\/secure.gravatar.com\\\/avatar\\\/d4fe7459cfc51ff5129ce1a732bbef5928568b8092d412ef95611616376bbeed?s=96&d=mm&r=g\",\"caption\":\"f1000024\"},\"url\":\"https:\\\/\\\/cvinoticias.com\\\/v3\\\/author\\\/f1000024\\\/\"}]}<\/script>\n<!-- \/ Yoast SEO plugin. -->","yoast_head_json":{"title":"Este s\u00e1bado pagar\u00e1n Suplementarias, Fonid y Conectividad a docentes misioneros | CVI NOTICIAS","robots":{"index":"index","follow":"follow","max-snippet":"max-snippet:-1","max-image-preview":"max-image-preview:large","max-video-preview":"max-video-preview:-1"},"canonical":"https:\/\/cvinoticias.com\/v3\/este-sabado-pagaran-suplementarias-fonid-y-conectividad-a-docentes-misioneros\/","og_locale":"es_ES","og_type":"article","og_title":"Este s\u00e1bado pagar\u00e1n Suplementarias, Fonid y Conectividad a docentes misioneros | CVI NOTICIAS","og_description":"Oscar Herrera Ahuad anunci\u00f3 que el Fondo Nacional de Incentivo Docente y el pago de las Suplementarias se realizar\u00e1n con fondos provinciales. Tambi\u00e9n se abonar\u00e1 Conectividad nacional por cargo. Los beneficios estar\u00e1n depositados este s\u00e1bado 15 de octubre. El gobernador Oscar Herrera Ahuad, anunci\u00f3 este jueves a trav\u00e9s de su cuenta de Twitter, que este [&hellip;]","og_url":"https:\/\/cvinoticias.com\/v3\/este-sabado-pagaran-suplementarias-fonid-y-conectividad-a-docentes-misioneros\/","og_site_name":"CVI NOTICIAS","article_publisher":"https:\/\/www.facebook.com\/cvinoticias","article_published_time":"2022-10-13T12:38:43+00:00","og_image":[{"width":800,"height":450,"url":"https:\/\/cvinoticias.com\/wp-content\/uploads\/2022\/10\/fonid.jpg","type":"image\/jpeg"}],"author":"f1000024","twitter_card":"summary_large_image","twitter_misc":{"Escrito por":"f1000024","Tiempo de lectura":"1 minuto"},"schema":{"@context":"https:\/\/schema.org","@graph":[{"@type":"Article","@id":"https:\/\/cvinoticias.com\/v3\/este-sabado-pagaran-suplementarias-fonid-y-conectividad-a-docentes-misioneros\/#article","isPartOf":{"@id":"https:\/\/cvinoticias.com\/v3\/este-sabado-pagaran-suplementarias-fonid-y-conectividad-a-docentes-misioneros\/"},"author":{"name":"f1000024","@id":"https:\/\/cvinoticias.com\/v3\/#\/schema\/person\/2db77e3c6bc03c538495d7b2b8be9b66"},"headline":"Este s\u00e1bado pagar\u00e1n Suplementarias, Fonid y Conectividad a docentes misioneros","datePublished":"2022-10-13T12:38:43+00:00","mainEntityOfPage":{"@id":"https:\/\/cvinoticias.com\/v3\/este-sabado-pagaran-suplementarias-fonid-y-conectividad-a-docentes-misioneros\/"},"wordCount":140,"commentCount":0,"publisher":{"@id":"https:\/\/cvinoticias.com\/v3\/#organization"},"image":{"@id":"https:\/\/cvinoticias.com\/v3\/este-sabado-pagaran-suplementarias-fonid-y-conectividad-a-docentes-misioneros\/#primaryimage"},"thumbnailUrl":"https:\/\/cvinoticias.com\/wp-content\/uploads\/2022\/10\/fonid.jpg","articleSection":["Provinciales"],"inLanguage":"es","potentialAction":[{"@type":"CommentAction","name":"Comment","target":["https:\/\/cvinoticias.com\/v3\/este-sabado-pagaran-suplementarias-fonid-y-conectividad-a-docentes-misioneros\/#respond"]}]},{"@type":"WebPage","@id":"https:\/\/cvinoticias.com\/v3\/este-sabado-pagaran-suplementarias-fonid-y-conectividad-a-docentes-misioneros\/","url":"https:\/\/cvinoticias.com\/v3\/este-sabado-pagaran-suplementarias-fonid-y-conectividad-a-docentes-misioneros\/","name":"Este s\u00e1bado pagar\u00e1n Suplementarias, Fonid y Conectividad a docentes misioneros | CVI NOTICIAS","isPartOf":{"@id":"https:\/\/cvinoticias.com\/v3\/#website"},"primaryImageOfPage":{"@id":"https:\/\/cvinoticias.com\/v3\/este-sabado-pagaran-suplementarias-fonid-y-conectividad-a-docentes-misioneros\/#primaryimage"},"image":{"@id":"https:\/\/cvinoticias.com\/v3\/este-sabado-pagaran-suplementarias-fonid-y-conectividad-a-docentes-misioneros\/#primaryimage"},"thumbnailUrl":"https:\/\/cvinoticias.com\/wp-content\/uploads\/2022\/10\/fonid.jpg","datePublished":"2022-10-13T12:38:43+00:00","breadcrumb":{"@id":"https:\/\/cvinoticias.com\/v3\/este-sabado-pagaran-suplementarias-fonid-y-conectividad-a-docentes-misioneros\/#breadcrumb"},"inLanguage":"es","potentialAction":[{"@type":"ReadAction","target":["https:\/\/cvinoticias.com\/v3\/este-sabado-pagaran-suplementarias-fonid-y-conectividad-a-docentes-misioneros\/"]}]},{"@type":"ImageObject","inLanguage":"es","@id":"https:\/\/cvinoticias.com\/v3\/este-sabado-pagaran-suplementarias-fonid-y-conectividad-a-docentes-misioneros\/#primaryimage","url":"https:\/\/cvinoticias.com\/wp-content\/uploads\/2022\/10\/fonid.jpg","contentUrl":"https:\/\/cvinoticias.com\/wp-content\/uploads\/2022\/10\/fonid.jpg","width":800,"height":450},{"@type":"BreadcrumbList","@id":"https:\/\/cvinoticias.com\/v3\/este-sabado-pagaran-suplementarias-fonid-y-conectividad-a-docentes-misioneros\/#breadcrumb","itemListElement":[{"@type":"ListItem","position":1,"name":"Portada","item":"https:\/\/cvinoticias.com\/v3\/"},{"@type":"ListItem","position":2,"name":"Este s\u00e1bado pagar\u00e1n Suplementarias, Fonid y Conectividad a docentes misioneros"}]},{"@type":"WebSite","@id":"https:\/\/cvinoticias.com\/v3\/#website","url":"https:\/\/cvinoticias.com\/v3\/","name":"CVI NOTICIAS","description":"","publisher":{"@id":"https:\/\/cvinoticias.com\/v3\/#organization"},"alternateName":"CVI","potentialAction":[{"@type":"SearchAction","target":{"@type":"EntryPoint","urlTemplate":"https:\/\/cvinoticias.com\/v3\/?s={search_term_string}"},"query-input":{"@type":"PropertyValueSpecification","valueRequired":true,"valueName":"search_term_string"}}],"inLanguage":"es"},{"@type":"Organization","@id":"https:\/\/cvinoticias.com\/v3\/#organization","name":"CVI NOTICIAS","url":"https:\/\/cvinoticias.com\/v3\/","logo":{"@type":"ImageObject","inLanguage":"es","@id":"https:\/\/cvinoticias.com\/v3\/#\/schema\/logo\/image\/","url":"https:\/\/cvinoticias.com\/wp-content\/uploads\/2023\/04\/cropped-cropped-cropped-cropped-cropped-3-1.png","contentUrl":"https:\/\/cvinoticias.com\/wp-content\/uploads\/2023\/04\/cropped-cropped-cropped-cropped-cropped-3-1.png","width":95,"height":122,"caption":"CVI NOTICIAS"},"image":{"@id":"https:\/\/cvinoticias.com\/v3\/#\/schema\/logo\/image\/"},"sameAs":["https:\/\/www.facebook.com\/cvinoticias","https:\/\/www.instagram.com\/cvinoticias\/","https:\/\/www.youtube.com\/@CVINOTICIAS"]},{"@type":"Person","@id":"https:\/\/cvinoticias.com\/v3\/#\/schema\/person\/2db77e3c6bc03c538495d7b2b8be9b66","name":"f1000024","image":{"@type":"ImageObject","inLanguage":"es","@id":"https:\/\/secure.gravatar.com\/avatar\/d4fe7459cfc51ff5129ce1a732bbef5928568b8092d412ef95611616376bbeed?s=96&d=mm&r=g","url":"https:\/\/secure.gravatar.com\/avatar\/d4fe7459cfc51ff5129ce1a732bbef5928568b8092d412ef95611616376bbeed?s=96&d=mm&r=g","contentUrl":"https:\/\/secure.gravatar.com\/avatar\/d4fe7459cfc51ff5129ce1a732bbef5928568b8092d412ef95611616376bbeed?s=96&d=mm&r=g","caption":"f1000024"},"url":"https:\/\/cvinoticias.com\/v3\/author\/f1000024\/"}]}},"_links":{"self":[{"href":"https:\/\/cvinoticias.com\/v3\/wp-json\/wp\/v2\/posts\/19880","targetHints":{"allow":["GET"]}}],"collection":[{"href":"https:\/\/cvinoticias.com\/v3\/wp-json\/wp\/v2\/posts"}],"about":[{"href":"https:\/\/cvinoticias.com\/v3\/wp-json\/wp\/v2\/types\/post"}],"author":[{"embeddable":true,"href":"https:\/\/cvinoticias.com\/v3\/wp-json\/wp\/v2\/users\/2"}],"replies":[{"embeddable":true,"href":"https:\/\/cvinoticias.com\/v3\/wp-json\/wp\/v2\/comments?post=19880"}],"version-history":[{"count":1,"href":"https:\/\/cvinoticias.com\/v3\/wp-json\/wp\/v2\/posts\/19880\/revisions"}],"predecessor-version":[{"id":19883,"href":"https:\/\/cvinoticias.com\/v3\/wp-json\/wp\/v2\/posts\/19880\/revisions\/19883"}],"wp:featuredmedia":[{"embeddable":true,"href":"https:\/\/cvinoticias.com\/v3\/wp-json\/wp\/v2\/media\/19882"}],"wp:attachment":[{"href":"https:\/\/cvinoticias.com\/v3\/wp-json\/wp\/v2\/media?parent=19880"}],"wp:term":[{"taxonomy":"category","embeddable":true,"href":"https:\/\/cvinoticias.com\/v3\/wp-json\/wp\/v2\/categories?post=19880"},{"taxonomy":"post_tag","embeddable":true,"href":"https:\/\/cvinoticias.com\/v3\/wp-json\/wp\/v2\/tags?post=19880"}],"curies":[{"name":"wp","href":"https:\/\/api.w.org\/{rel}","templated":true}]}}