{"id":1976,"date":"2021-01-23T20:25:10","date_gmt":"2021-01-23T20:25:10","guid":{"rendered":"https:\/\/cvinoticias.com\/v3\/?p=1976"},"modified":"2021-01-23T20:25:10","modified_gmt":"2021-01-23T20:25:10","slug":"el-gobernador-y-el-ministro-de-educacion-de-la-nacion-anunciaron-el-regreso-a-clases-en-misiones","status":"publish","type":"post","link":"https:\/\/cvinoticias.com\/v3\/el-gobernador-y-el-ministro-de-educacion-de-la-nacion-anunciaron-el-regreso-a-clases-en-misiones\/","title":{"rendered":"El Gobernador y el Ministro de Educaci\u00f3n de la Naci\u00f3n anunciaron el regreso a clases en Misiones"},"content":{"rendered":"\n<p><em><strong>El Gobernador anunci\u00f3 el regreso de la presenciabilidad para el ciclo lectivo 2021 con un sistema mixto de clases virtuales sujeto a la situaci\u00f3n epidemiol\u00f3gica de cada localidad.<\/strong><\/em><\/p>\n\n\n\n<p>El anuncio se dio en el marco de la visita a Misiones del ministro de Educaci\u00f3n de la Naci\u00f3n, Nicol\u00e1s Trotta, en una gira por las 24 jurisdicciones del pa\u00eds para coordinar una agenda federal de regreso seguro a las clases. En la conferencia de prensa conjunta del ministro de Educaci\u00f3n y el Gobernador, el funcionario nacional anuncio tambi\u00e9n una serie de obras para el mejoramiento de infraestructuras escolares en la provincia de Misiones.<\/p>\n\n\n\n<p>Al mediod\u00eda, en conferencia de prensa, el gobernador Oscar Herrera Ahuad, en compa\u00f1\u00eda del ministro de Educaci\u00f3n de la Naci\u00f3n Nicol\u00e1s Trotta, anunci\u00f3 el retorno de las clases presenciales para el ciclo lectivo 2021 en Misiones. La medida se anunci\u00f3 en el marco de la visita del funcionario nacional a la provincia para coordinar una agenda federal unificando criterios y modalidades para el regreso a clases. Al respecto, el Gobernador inform\u00f3 que \u201cen nuestra provincia, conjuntamente con la Naci\u00f3n, hemos tomado la decisi\u00f3n de que las clases sean presenciales y que tengamos una alternancia, con un 50% de posibilidades de que sea virtual en aquellos lugares donde la epidemiologia no nos permita avanzar con una presencialidad absoluta\u201d.<\/p>\n\n\n\n<p>Adem\u00e1s, aclar\u00f3 que si bien \u201cen Misiones vamos a tener presencialidad y vamos a poder implementar una alternancia de 50\/50, no significa que en aquellos lugares donde no hay pisada epidemiol\u00f3gica no se pueda cumplir con una presencialidad del ciento por ciento\u201d. En ese sentido, dio cuenta que se trabajar\u00e1 en conjunto con el Comit\u00e9 de Crisis y expertos del Ministerio de Salud P\u00fablica, y con el Ministerio de Educaci\u00f3n para el monitoreo jurisdiccional de las escuelas. Asimismo, destac\u00f3 la experiencia de regreso a clases a finales del 2020 de los alumnos del \u00faltimo a\u00f1o de la secundaria, como los actos de colaci\u00f3n, donde no hubo registro de complicaciones.<\/p>\n\n\n\n<p>As\u00ed, aludiendo a esa experiencia, el Gobernador manifest\u00f3 que \u201cen conjunto con el equipo de Salud P\u00fablica, vamos a trabajar para que todas las escuelas cuenten con el material necesario para su higiene personal, cuidado sanitario, con los promotores de salud acompa\u00f1ando en cada uno de los lugares. Tambi\u00e9n vamos a continuar con los test r\u00e1pidos aleatorios en diferentes escuelas de los 77 municipios de Misiones. Eso nos va a ir dando el pantallazo de c\u00f3mo se mueve la epidemiolog\u00eda dentro de un contexto de clases\u201d.<\/p>\n\n\n\n<ul class=\"wp-block-list\"><li>Inmunizaci\u00f3n del sistema educativo<\/li><\/ul>\n\n\n\n<p>Durante la conferencia, el mandatario misionero remarc\u00f3 que \u201ces fundamental volver a la escuela\u201d. De este modo, aclar\u00f3 que \u201cse trata de una cuesti\u00f3n l\u00f3gica para el crecimiento del desarrollo del ser humano. Por eso nosotros vamos a brindar todas las garant\u00edas necesarias para que as\u00ed sea. Vamos a trabajar en el modelo de inmunizaci\u00f3n de vacunaci\u00f3n para todos los docentes que tengan un factor de riesgo en una primera etapa. Luego, iremos de acuerdo a la cantidad de dosis de vacunas que reciba la provincia, extendiendo hacia los otros niveles educativos\u201d.<\/p>\n\n\n\n<p>La medida trazar\u00e1 una l\u00ednea, a donde se iniciar\u00e1 con los docentes con factores de riesgo de las ciudades con mayor cantidad de casos. \u201cTrabajaremos con el stock de dosis que podamos tener disponible para los docentes mayores y aquellos que tengan un factor de riesgo para poder ir inmuniz\u00e1ndolos. De esa manera llegar con la mayor cantidad de dosis aplicadas al 1\u00b0 de marzo\u201d, a\u00f1adi\u00f3.<\/p>\n\n\n\n<ul class=\"wp-block-list\"><li>Acompa\u00f1amiento de los gremios docentes e infraestructura escolar<\/li><\/ul>\n\n\n\n<p>En el contexto de regreso a clases frente a la situaci\u00f3n sanitaria, Herrera Ahuad pidi\u00f3 el acompa\u00f1amiento de los docentes y apel\u00f3 al \u201csentido com\u00fan de todos los gremios docentes de la provincia de Misiones. Es fundamental para que podamos entender que esta es una cuesti\u00f3n de la sociedad. Necesitamos que nos ayuden, que nos acompa\u00f1en\u201d. Despu\u00e9s, prosigui\u00f3 dando cuenta de que \u201ctenemos un plan que abarca el 90% de las escuelas de nuestras provincia ejecut\u00e1ndose en lo que es infraestructura escolar, ba\u00f1o, agua, energ\u00eda el\u00e9ctrica y queremos llegar con todo concluido en 15 d\u00edas, antes que se inicien las clases\u201d.<\/p>\n\n\n\n<p>Sobre al final de su intervenci\u00f3n, recalc\u00f3 la importancia de la presencialidad en el aula, con un sistema mixto que garantice la seguridad sanitaria a quien va a la escuela. \u201cPero tambi\u00e9n para aquel que no pueda ir por una cuesti\u00f3n epidemiol\u00f3gica a su clase, que pueda utilizar la Plataforma Guacurar\u00ed para no perder presencialidad, aunque sea de manera virtual\u201d agreg\u00f3. Por \u00faltimo, agradeci\u00f3 el acompa\u00f1amiento de la Naci\u00f3n en la cocreci\u00f3n de obras, como la refacciones en las escuelas de la \u00e9poca de los Planes Quinquenales y enfatiz\u00f3 que \u201cestamos ac\u00e1 para acompa\u00f1ar el modelo educativo del presidente de la Naci\u00f3n\u201d.<\/p>\n\n\n\n<p>En la conferencia, realizada en la Sala de Situaci\u00f3n de Casa de Gobierno, tambi\u00e9n estuvieron presentes, el ministro de Educaci\u00f3n, Ciencia y Tecnolog\u00eda de Misiones, Miguel Sedoff; el titular de la Unidad Gabinete de Asesores de la Naci\u00f3n, Mat\u00edas Novoa Haidar y la secretaria general del Consejo Federal de Educaci\u00f3n, Marisa D\u00edaz.<\/p>\n\n\n\n<figure class=\"wp-block-image size-large\"><a href=\"https:\/\/cvinoticias.com\/wp-content\/uploads\/2021\/01\/FB_IMG_1611432540361.jpg\"><img decoding=\"async\" width=\"1024\" height=\"683\" data-src=\"https:\/\/cvinoticias.com\/wp-content\/uploads\/2021\/01\/FB_IMG_1611432540361-1024x683.jpg\" alt=\"\" class=\"wp-image-1978 lazyload\" data-srcset=\"https:\/\/cvinoticias.com\/wp-content\/uploads\/2021\/01\/FB_IMG_1611432540361-1024x683.jpg 1024w, https:\/\/cvinoticias.com\/wp-content\/uploads\/2021\/01\/FB_IMG_1611432540361-300x200.jpg 300w, https:\/\/cvinoticias.com\/wp-content\/uploads\/2021\/01\/FB_IMG_1611432540361-768x512.jpg 768w, https:\/\/cvinoticias.com\/wp-content\/uploads\/2021\/01\/FB_IMG_1611432540361.jpg 1080w\" data-sizes=\"(max-width: 1024px) 100vw, 1024px\" src=\"data:image\/svg+xml;base64,PHN2ZyB3aWR0aD0iMSIgaGVpZ2h0PSIxIiB4bWxucz0iaHR0cDovL3d3dy53My5vcmcvMjAwMC9zdmciPjwvc3ZnPg==\" style=\"--smush-placeholder-width: 1024px; --smush-placeholder-aspect-ratio: 1024\/683;\" \/><\/a><\/figure>\n\n\n\n<figure class=\"wp-block-image size-large\"><a href=\"https:\/\/cvinoticias.com\/wp-content\/uploads\/2021\/01\/FB_IMG_1611432535884.jpg\"><img decoding=\"async\" width=\"1024\" height=\"683\" data-src=\"https:\/\/cvinoticias.com\/wp-content\/uploads\/2021\/01\/FB_IMG_1611432535884-1024x683.jpg\" alt=\"\" class=\"wp-image-1979 lazyload\" data-srcset=\"https:\/\/cvinoticias.com\/wp-content\/uploads\/2021\/01\/FB_IMG_1611432535884-1024x683.jpg 1024w, https:\/\/cvinoticias.com\/wp-content\/uploads\/2021\/01\/FB_IMG_1611432535884-300x200.jpg 300w, https:\/\/cvinoticias.com\/wp-content\/uploads\/2021\/01\/FB_IMG_1611432535884-768x512.jpg 768w, https:\/\/cvinoticias.com\/wp-content\/uploads\/2021\/01\/FB_IMG_1611432535884.jpg 1080w\" data-sizes=\"(max-width: 1024px) 100vw, 1024px\" src=\"data:image\/svg+xml;base64,PHN2ZyB3aWR0aD0iMSIgaGVpZ2h0PSIxIiB4bWxucz0iaHR0cDovL3d3dy53My5vcmcvMjAwMC9zdmciPjwvc3ZnPg==\" style=\"--smush-placeholder-width: 1024px; --smush-placeholder-aspect-ratio: 1024\/683;\" \/><\/a><\/figure>\n","protected":false},"excerpt":{"rendered":"<p>El Gobernador anunci\u00f3 el regreso de la presenciabilidad para el ciclo lectivo 2021 con un sistema mixto de clases virtuales sujeto a la situaci\u00f3n epidemiol\u00f3gica de cada localidad. El anuncio se dio en el marco de la visita a Misiones del ministro de Educaci\u00f3n de la Naci\u00f3n, Nicol\u00e1s Trotta, en una gira por las 24 [&hellip;]<\/p>\n","protected":false},"author":2,"featured_media":1977,"comment_status":"open","ping_status":"open","sticky":false,"template":"","format":"standard","meta":{"footnotes":""},"categories":[26],"tags":[],"class_list":["post-1976","post","type-post","status-publish","format-standard","has-post-thumbnail","hentry","category-educacion"],"yoast_head":"<!-- This site is optimized with the Yoast SEO plugin v27.4 - https:\/\/yoast.com\/product\/yoast-seo-wordpress\/ -->\n<title>El Gobernador y el Ministro de Educaci\u00f3n de la Naci\u00f3n anunciaron el regreso a clases en Misiones | CVI NOTICIAS<\/title>\n<meta name=\"robots\" content=\"index, follow, max-snippet:-1, max-image-preview:large, max-video-preview:-1\" \/>\n<link rel=\"canonical\" href=\"https:\/\/cvinoticias.com\/v3\/el-gobernador-y-el-ministro-de-educacion-de-la-nacion-anunciaron-el-regreso-a-clases-en-misiones\/\" \/>\n<meta property=\"og:locale\" content=\"es_ES\" \/>\n<meta property=\"og:type\" content=\"article\" \/>\n<meta property=\"og:title\" content=\"El Gobernador y el Ministro de Educaci\u00f3n de la Naci\u00f3n anunciaron el regreso a clases en Misiones | CVI NOTICIAS\" \/>\n<meta property=\"og:description\" content=\"El Gobernador anunci\u00f3 el regreso de la presenciabilidad para el ciclo lectivo 2021 con un sistema mixto de clases virtuales sujeto a la situaci\u00f3n epidemiol\u00f3gica de cada localidad. El anuncio se dio en el marco de la visita a Misiones del ministro de Educaci\u00f3n de la Naci\u00f3n, Nicol\u00e1s Trotta, en una gira por las 24 [&hellip;]\" \/>\n<meta property=\"og:url\" content=\"https:\/\/cvinoticias.com\/v3\/el-gobernador-y-el-ministro-de-educacion-de-la-nacion-anunciaron-el-regreso-a-clases-en-misiones\/\" \/>\n<meta property=\"og:site_name\" content=\"CVI NOTICIAS\" \/>\n<meta property=\"article:publisher\" content=\"https:\/\/www.facebook.com\/cvinoticias\" \/>\n<meta property=\"article:published_time\" content=\"2021-01-23T20:25:10+00:00\" \/>\n<meta property=\"og:image\" content=\"https:\/\/cvinoticias.com\/wp-content\/uploads\/2021\/01\/FB_IMG_1611432532358.jpg\" \/>\n\t<meta property=\"og:image:width\" content=\"1080\" \/>\n\t<meta property=\"og:image:height\" content=\"751\" \/>\n\t<meta property=\"og:image:type\" content=\"image\/jpeg\" \/>\n<meta name=\"author\" content=\"f1000024\" \/>\n<meta name=\"twitter:card\" content=\"summary_large_image\" \/>\n<meta name=\"twitter:label1\" content=\"Escrito por\" \/>\n\t<meta name=\"twitter:data1\" content=\"f1000024\" \/>\n\t<meta name=\"twitter:label2\" content=\"Tiempo de lectura\" \/>\n\t<meta name=\"twitter:data2\" content=\"4 minutos\" \/>\n<script type=\"application\/ld+json\" class=\"yoast-schema-graph\">{\"@context\":\"https:\\\/\\\/schema.org\",\"@graph\":[{\"@type\":\"Article\",\"@id\":\"https:\\\/\\\/cvinoticias.com\\\/v3\\\/el-gobernador-y-el-ministro-de-educacion-de-la-nacion-anunciaron-el-regreso-a-clases-en-misiones\\\/#article\",\"isPartOf\":{\"@id\":\"https:\\\/\\\/cvinoticias.com\\\/v3\\\/el-gobernador-y-el-ministro-de-educacion-de-la-nacion-anunciaron-el-regreso-a-clases-en-misiones\\\/\"},\"author\":{\"name\":\"f1000024\",\"@id\":\"https:\\\/\\\/cvinoticias.com\\\/v3\\\/#\\\/schema\\\/person\\\/2db77e3c6bc03c538495d7b2b8be9b66\"},\"headline\":\"El Gobernador y el Ministro de Educaci\u00f3n de la Naci\u00f3n anunciaron el regreso a clases en Misiones\",\"datePublished\":\"2021-01-23T20:25:10+00:00\",\"mainEntityOfPage\":{\"@id\":\"https:\\\/\\\/cvinoticias.com\\\/v3\\\/el-gobernador-y-el-ministro-de-educacion-de-la-nacion-anunciaron-el-regreso-a-clases-en-misiones\\\/\"},\"wordCount\":913,\"commentCount\":0,\"publisher\":{\"@id\":\"https:\\\/\\\/cvinoticias.com\\\/v3\\\/#organization\"},\"image\":{\"@id\":\"https:\\\/\\\/cvinoticias.com\\\/v3\\\/el-gobernador-y-el-ministro-de-educacion-de-la-nacion-anunciaron-el-regreso-a-clases-en-misiones\\\/#primaryimage\"},\"thumbnailUrl\":\"https:\\\/\\\/cvinoticias.com\\\/wp-content\\\/uploads\\\/2021\\\/01\\\/FB_IMG_1611432532358.jpg\",\"articleSection\":[\"Educacion\"],\"inLanguage\":\"es\",\"potentialAction\":[{\"@type\":\"CommentAction\",\"name\":\"Comment\",\"target\":[\"https:\\\/\\\/cvinoticias.com\\\/v3\\\/el-gobernador-y-el-ministro-de-educacion-de-la-nacion-anunciaron-el-regreso-a-clases-en-misiones\\\/#respond\"]}]},{\"@type\":\"WebPage\",\"@id\":\"https:\\\/\\\/cvinoticias.com\\\/v3\\\/el-gobernador-y-el-ministro-de-educacion-de-la-nacion-anunciaron-el-regreso-a-clases-en-misiones\\\/\",\"url\":\"https:\\\/\\\/cvinoticias.com\\\/v3\\\/el-gobernador-y-el-ministro-de-educacion-de-la-nacion-anunciaron-el-regreso-a-clases-en-misiones\\\/\",\"name\":\"El Gobernador y el Ministro de Educaci\u00f3n de la Naci\u00f3n anunciaron el regreso a clases en Misiones | CVI NOTICIAS\",\"isPartOf\":{\"@id\":\"https:\\\/\\\/cvinoticias.com\\\/v3\\\/#website\"},\"primaryImageOfPage\":{\"@id\":\"https:\\\/\\\/cvinoticias.com\\\/v3\\\/el-gobernador-y-el-ministro-de-educacion-de-la-nacion-anunciaron-el-regreso-a-clases-en-misiones\\\/#primaryimage\"},\"image\":{\"@id\":\"https:\\\/\\\/cvinoticias.com\\\/v3\\\/el-gobernador-y-el-ministro-de-educacion-de-la-nacion-anunciaron-el-regreso-a-clases-en-misiones\\\/#primaryimage\"},\"thumbnailUrl\":\"https:\\\/\\\/cvinoticias.com\\\/wp-content\\\/uploads\\\/2021\\\/01\\\/FB_IMG_1611432532358.jpg\",\"datePublished\":\"2021-01-23T20:25:10+00:00\",\"breadcrumb\":{\"@id\":\"https:\\\/\\\/cvinoticias.com\\\/v3\\\/el-gobernador-y-el-ministro-de-educacion-de-la-nacion-anunciaron-el-regreso-a-clases-en-misiones\\\/#breadcrumb\"},\"inLanguage\":\"es\",\"potentialAction\":[{\"@type\":\"ReadAction\",\"target\":[\"https:\\\/\\\/cvinoticias.com\\\/v3\\\/el-gobernador-y-el-ministro-de-educacion-de-la-nacion-anunciaron-el-regreso-a-clases-en-misiones\\\/\"]}]},{\"@type\":\"ImageObject\",\"inLanguage\":\"es\",\"@id\":\"https:\\\/\\\/cvinoticias.com\\\/v3\\\/el-gobernador-y-el-ministro-de-educacion-de-la-nacion-anunciaron-el-regreso-a-clases-en-misiones\\\/#primaryimage\",\"url\":\"https:\\\/\\\/cvinoticias.com\\\/wp-content\\\/uploads\\\/2021\\\/01\\\/FB_IMG_1611432532358.jpg\",\"contentUrl\":\"https:\\\/\\\/cvinoticias.com\\\/wp-content\\\/uploads\\\/2021\\\/01\\\/FB_IMG_1611432532358.jpg\",\"width\":1080,\"height\":751},{\"@type\":\"BreadcrumbList\",\"@id\":\"https:\\\/\\\/cvinoticias.com\\\/v3\\\/el-gobernador-y-el-ministro-de-educacion-de-la-nacion-anunciaron-el-regreso-a-clases-en-misiones\\\/#breadcrumb\",\"itemListElement\":[{\"@type\":\"ListItem\",\"position\":1,\"name\":\"Portada\",\"item\":\"https:\\\/\\\/cvinoticias.com\\\/v3\\\/\"},{\"@type\":\"ListItem\",\"position\":2,\"name\":\"El Gobernador y el Ministro de Educaci\u00f3n de la Naci\u00f3n anunciaron el regreso a clases en Misiones\"}]},{\"@type\":\"WebSite\",\"@id\":\"https:\\\/\\\/cvinoticias.com\\\/v3\\\/#website\",\"url\":\"https:\\\/\\\/cvinoticias.com\\\/v3\\\/\",\"name\":\"CVI NOTICIAS\",\"description\":\"\",\"publisher\":{\"@id\":\"https:\\\/\\\/cvinoticias.com\\\/v3\\\/#organization\"},\"alternateName\":\"CVI\",\"potentialAction\":[{\"@type\":\"SearchAction\",\"target\":{\"@type\":\"EntryPoint\",\"urlTemplate\":\"https:\\\/\\\/cvinoticias.com\\\/v3\\\/?s={search_term_string}\"},\"query-input\":{\"@type\":\"PropertyValueSpecification\",\"valueRequired\":true,\"valueName\":\"search_term_string\"}}],\"inLanguage\":\"es\"},{\"@type\":\"Organization\",\"@id\":\"https:\\\/\\\/cvinoticias.com\\\/v3\\\/#organization\",\"name\":\"CVI NOTICIAS\",\"url\":\"https:\\\/\\\/cvinoticias.com\\\/v3\\\/\",\"logo\":{\"@type\":\"ImageObject\",\"inLanguage\":\"es\",\"@id\":\"https:\\\/\\\/cvinoticias.com\\\/v3\\\/#\\\/schema\\\/logo\\\/image\\\/\",\"url\":\"https:\\\/\\\/cvinoticias.com\\\/wp-content\\\/uploads\\\/2023\\\/04\\\/cropped-cropped-cropped-cropped-cropped-3-1.png\",\"contentUrl\":\"https:\\\/\\\/cvinoticias.com\\\/wp-content\\\/uploads\\\/2023\\\/04\\\/cropped-cropped-cropped-cropped-cropped-3-1.png\",\"width\":95,\"height\":122,\"caption\":\"CVI NOTICIAS\"},\"image\":{\"@id\":\"https:\\\/\\\/cvinoticias.com\\\/v3\\\/#\\\/schema\\\/logo\\\/image\\\/\"},\"sameAs\":[\"https:\\\/\\\/www.facebook.com\\\/cvinoticias\",\"https:\\\/\\\/www.instagram.com\\\/cvinoticias\\\/\",\"https:\\\/\\\/www.youtube.com\\\/@CVINOTICIAS\"]},{\"@type\":\"Person\",\"@id\":\"https:\\\/\\\/cvinoticias.com\\\/v3\\\/#\\\/schema\\\/person\\\/2db77e3c6bc03c538495d7b2b8be9b66\",\"name\":\"f1000024\",\"image\":{\"@type\":\"ImageObject\",\"inLanguage\":\"es\",\"@id\":\"https:\\\/\\\/secure.gravatar.com\\\/avatar\\\/d4fe7459cfc51ff5129ce1a732bbef5928568b8092d412ef95611616376bbeed?s=96&d=mm&r=g\",\"url\":\"https:\\\/\\\/secure.gravatar.com\\\/avatar\\\/d4fe7459cfc51ff5129ce1a732bbef5928568b8092d412ef95611616376bbeed?s=96&d=mm&r=g\",\"contentUrl\":\"https:\\\/\\\/secure.gravatar.com\\\/avatar\\\/d4fe7459cfc51ff5129ce1a732bbef5928568b8092d412ef95611616376bbeed?s=96&d=mm&r=g\",\"caption\":\"f1000024\"},\"url\":\"https:\\\/\\\/cvinoticias.com\\\/v3\\\/author\\\/f1000024\\\/\"}]}<\/script>\n<!-- \/ Yoast SEO plugin. -->","yoast_head_json":{"title":"El Gobernador y el Ministro de Educaci\u00f3n de la Naci\u00f3n anunciaron el regreso a clases en Misiones | CVI NOTICIAS","robots":{"index":"index","follow":"follow","max-snippet":"max-snippet:-1","max-image-preview":"max-image-preview:large","max-video-preview":"max-video-preview:-1"},"canonical":"https:\/\/cvinoticias.com\/v3\/el-gobernador-y-el-ministro-de-educacion-de-la-nacion-anunciaron-el-regreso-a-clases-en-misiones\/","og_locale":"es_ES","og_type":"article","og_title":"El Gobernador y el Ministro de Educaci\u00f3n de la Naci\u00f3n anunciaron el regreso a clases en Misiones | CVI NOTICIAS","og_description":"El Gobernador anunci\u00f3 el regreso de la presenciabilidad para el ciclo lectivo 2021 con un sistema mixto de clases virtuales sujeto a la situaci\u00f3n epidemiol\u00f3gica de cada localidad. El anuncio se dio en el marco de la visita a Misiones del ministro de Educaci\u00f3n de la Naci\u00f3n, Nicol\u00e1s Trotta, en una gira por las 24 [&hellip;]","og_url":"https:\/\/cvinoticias.com\/v3\/el-gobernador-y-el-ministro-de-educacion-de-la-nacion-anunciaron-el-regreso-a-clases-en-misiones\/","og_site_name":"CVI NOTICIAS","article_publisher":"https:\/\/www.facebook.com\/cvinoticias","article_published_time":"2021-01-23T20:25:10+00:00","og_image":[{"width":1080,"height":751,"url":"https:\/\/cvinoticias.com\/wp-content\/uploads\/2021\/01\/FB_IMG_1611432532358.jpg","type":"image\/jpeg"}],"author":"f1000024","twitter_card":"summary_large_image","twitter_misc":{"Escrito por":"f1000024","Tiempo de lectura":"4 minutos"},"schema":{"@context":"https:\/\/schema.org","@graph":[{"@type":"Article","@id":"https:\/\/cvinoticias.com\/v3\/el-gobernador-y-el-ministro-de-educacion-de-la-nacion-anunciaron-el-regreso-a-clases-en-misiones\/#article","isPartOf":{"@id":"https:\/\/cvinoticias.com\/v3\/el-gobernador-y-el-ministro-de-educacion-de-la-nacion-anunciaron-el-regreso-a-clases-en-misiones\/"},"author":{"name":"f1000024","@id":"https:\/\/cvinoticias.com\/v3\/#\/schema\/person\/2db77e3c6bc03c538495d7b2b8be9b66"},"headline":"El Gobernador y el Ministro de Educaci\u00f3n de la Naci\u00f3n anunciaron el regreso a clases en Misiones","datePublished":"2021-01-23T20:25:10+00:00","mainEntityOfPage":{"@id":"https:\/\/cvinoticias.com\/v3\/el-gobernador-y-el-ministro-de-educacion-de-la-nacion-anunciaron-el-regreso-a-clases-en-misiones\/"},"wordCount":913,"commentCount":0,"publisher":{"@id":"https:\/\/cvinoticias.com\/v3\/#organization"},"image":{"@id":"https:\/\/cvinoticias.com\/v3\/el-gobernador-y-el-ministro-de-educacion-de-la-nacion-anunciaron-el-regreso-a-clases-en-misiones\/#primaryimage"},"thumbnailUrl":"https:\/\/cvinoticias.com\/wp-content\/uploads\/2021\/01\/FB_IMG_1611432532358.jpg","articleSection":["Educacion"],"inLanguage":"es","potentialAction":[{"@type":"CommentAction","name":"Comment","target":["https:\/\/cvinoticias.com\/v3\/el-gobernador-y-el-ministro-de-educacion-de-la-nacion-anunciaron-el-regreso-a-clases-en-misiones\/#respond"]}]},{"@type":"WebPage","@id":"https:\/\/cvinoticias.com\/v3\/el-gobernador-y-el-ministro-de-educacion-de-la-nacion-anunciaron-el-regreso-a-clases-en-misiones\/","url":"https:\/\/cvinoticias.com\/v3\/el-gobernador-y-el-ministro-de-educacion-de-la-nacion-anunciaron-el-regreso-a-clases-en-misiones\/","name":"El Gobernador y el Ministro de Educaci\u00f3n de la Naci\u00f3n anunciaron el regreso a clases en Misiones | CVI NOTICIAS","isPartOf":{"@id":"https:\/\/cvinoticias.com\/v3\/#website"},"primaryImageOfPage":{"@id":"https:\/\/cvinoticias.com\/v3\/el-gobernador-y-el-ministro-de-educacion-de-la-nacion-anunciaron-el-regreso-a-clases-en-misiones\/#primaryimage"},"image":{"@id":"https:\/\/cvinoticias.com\/v3\/el-gobernador-y-el-ministro-de-educacion-de-la-nacion-anunciaron-el-regreso-a-clases-en-misiones\/#primaryimage"},"thumbnailUrl":"https:\/\/cvinoticias.com\/wp-content\/uploads\/2021\/01\/FB_IMG_1611432532358.jpg","datePublished":"2021-01-23T20:25:10+00:00","breadcrumb":{"@id":"https:\/\/cvinoticias.com\/v3\/el-gobernador-y-el-ministro-de-educacion-de-la-nacion-anunciaron-el-regreso-a-clases-en-misiones\/#breadcrumb"},"inLanguage":"es","potentialAction":[{"@type":"ReadAction","target":["https:\/\/cvinoticias.com\/v3\/el-gobernador-y-el-ministro-de-educacion-de-la-nacion-anunciaron-el-regreso-a-clases-en-misiones\/"]}]},{"@type":"ImageObject","inLanguage":"es","@id":"https:\/\/cvinoticias.com\/v3\/el-gobernador-y-el-ministro-de-educacion-de-la-nacion-anunciaron-el-regreso-a-clases-en-misiones\/#primaryimage","url":"https:\/\/cvinoticias.com\/wp-content\/uploads\/2021\/01\/FB_IMG_1611432532358.jpg","contentUrl":"https:\/\/cvinoticias.com\/wp-content\/uploads\/2021\/01\/FB_IMG_1611432532358.jpg","width":1080,"height":751},{"@type":"BreadcrumbList","@id":"https:\/\/cvinoticias.com\/v3\/el-gobernador-y-el-ministro-de-educacion-de-la-nacion-anunciaron-el-regreso-a-clases-en-misiones\/#breadcrumb","itemListElement":[{"@type":"ListItem","position":1,"name":"Portada","item":"https:\/\/cvinoticias.com\/v3\/"},{"@type":"ListItem","position":2,"name":"El Gobernador y el Ministro de Educaci\u00f3n de la Naci\u00f3n anunciaron el regreso a clases en Misiones"}]},{"@type":"WebSite","@id":"https:\/\/cvinoticias.com\/v3\/#website","url":"https:\/\/cvinoticias.com\/v3\/","name":"CVI NOTICIAS","description":"","publisher":{"@id":"https:\/\/cvinoticias.com\/v3\/#organization"},"alternateName":"CVI","potentialAction":[{"@type":"SearchAction","target":{"@type":"EntryPoint","urlTemplate":"https:\/\/cvinoticias.com\/v3\/?s={search_term_string}"},"query-input":{"@type":"PropertyValueSpecification","valueRequired":true,"valueName":"search_term_string"}}],"inLanguage":"es"},{"@type":"Organization","@id":"https:\/\/cvinoticias.com\/v3\/#organization","name":"CVI NOTICIAS","url":"https:\/\/cvinoticias.com\/v3\/","logo":{"@type":"ImageObject","inLanguage":"es","@id":"https:\/\/cvinoticias.com\/v3\/#\/schema\/logo\/image\/","url":"https:\/\/cvinoticias.com\/wp-content\/uploads\/2023\/04\/cropped-cropped-cropped-cropped-cropped-3-1.png","contentUrl":"https:\/\/cvinoticias.com\/wp-content\/uploads\/2023\/04\/cropped-cropped-cropped-cropped-cropped-3-1.png","width":95,"height":122,"caption":"CVI NOTICIAS"},"image":{"@id":"https:\/\/cvinoticias.com\/v3\/#\/schema\/logo\/image\/"},"sameAs":["https:\/\/www.facebook.com\/cvinoticias","https:\/\/www.instagram.com\/cvinoticias\/","https:\/\/www.youtube.com\/@CVINOTICIAS"]},{"@type":"Person","@id":"https:\/\/cvinoticias.com\/v3\/#\/schema\/person\/2db77e3c6bc03c538495d7b2b8be9b66","name":"f1000024","image":{"@type":"ImageObject","inLanguage":"es","@id":"https:\/\/secure.gravatar.com\/avatar\/d4fe7459cfc51ff5129ce1a732bbef5928568b8092d412ef95611616376bbeed?s=96&d=mm&r=g","url":"https:\/\/secure.gravatar.com\/avatar\/d4fe7459cfc51ff5129ce1a732bbef5928568b8092d412ef95611616376bbeed?s=96&d=mm&r=g","contentUrl":"https:\/\/secure.gravatar.com\/avatar\/d4fe7459cfc51ff5129ce1a732bbef5928568b8092d412ef95611616376bbeed?s=96&d=mm&r=g","caption":"f1000024"},"url":"https:\/\/cvinoticias.com\/v3\/author\/f1000024\/"}]}},"_links":{"self":[{"href":"https:\/\/cvinoticias.com\/v3\/wp-json\/wp\/v2\/posts\/1976","targetHints":{"allow":["GET"]}}],"collection":[{"href":"https:\/\/cvinoticias.com\/v3\/wp-json\/wp\/v2\/posts"}],"about":[{"href":"https:\/\/cvinoticias.com\/v3\/wp-json\/wp\/v2\/types\/post"}],"author":[{"embeddable":true,"href":"https:\/\/cvinoticias.com\/v3\/wp-json\/wp\/v2\/users\/2"}],"replies":[{"embeddable":true,"href":"https:\/\/cvinoticias.com\/v3\/wp-json\/wp\/v2\/comments?post=1976"}],"version-history":[{"count":1,"href":"https:\/\/cvinoticias.com\/v3\/wp-json\/wp\/v2\/posts\/1976\/revisions"}],"predecessor-version":[{"id":1980,"href":"https:\/\/cvinoticias.com\/v3\/wp-json\/wp\/v2\/posts\/1976\/revisions\/1980"}],"wp:featuredmedia":[{"embeddable":true,"href":"https:\/\/cvinoticias.com\/v3\/wp-json\/wp\/v2\/media\/1977"}],"wp:attachment":[{"href":"https:\/\/cvinoticias.com\/v3\/wp-json\/wp\/v2\/media?parent=1976"}],"wp:term":[{"taxonomy":"category","embeddable":true,"href":"https:\/\/cvinoticias.com\/v3\/wp-json\/wp\/v2\/categories?post=1976"},{"taxonomy":"post_tag","embeddable":true,"href":"https:\/\/cvinoticias.com\/v3\/wp-json\/wp\/v2\/tags?post=1976"}],"curies":[{"name":"wp","href":"https:\/\/api.w.org\/{rel}","templated":true}]}}