{"id":19708,"date":"2022-10-05T10:24:00","date_gmt":"2022-10-05T10:24:00","guid":{"rendered":"https:\/\/cvinoticias.com\/v3\/?p=19708"},"modified":"2022-10-05T10:24:00","modified_gmt":"2022-10-05T10:24:00","slug":"el-gobierno-nacional-posterga-la-quita-de-subsidios-a-la-luz-y-el-gas","status":"publish","type":"post","link":"https:\/\/cvinoticias.com\/v3\/el-gobierno-nacional-posterga-la-quita-de-subsidios-a-la-luz-y-el-gas\/","title":{"rendered":"El Gobierno Nacional posterga la quita de subsidios a la luz y el gas"},"content":{"rendered":"\n<p><strong><em>El aumento de los servidos para los hogares se iba a ver reflejado en las boletas que los usuarios recibir\u00edan en octubre. Ahora desde Energ\u00eda advirtieron que se aplicar\u00e1 en noviembre.<\/em><\/strong><\/p>\n\n\n\n<p>Durante el fin de semana se instal\u00f3 un tema en la agenda que gener\u00f3 urticaria dentro del Gobierno. La postergaci\u00f3n de la quita de subsidios a los servicios de luz y gas para aquellas personas que no se hab\u00edan inscripto para seguir percibiendo la asistencia.<\/p>\n\n\n\n<p>El Gobierno detect\u00f3 una gran cantidad de personas que no se hab\u00edan registrado pese a que podr\u00edan necesitarlo, en funci\u00f3n de los ingresos que perciben. Esto, sumado a algunos baches en la reglamentaci\u00f3n requerida para iniciar la facturaci\u00f3n segmentada, dificultaron el proceso.<\/p>\n\n\n\n<p>De acuerdo a las estimaciones del Gobierno Nacional, para la electricidad unos 5,9 millones de hogares perder\u00e1n el beneficio, sobre un total de 14,9 millones mientras que para el gas, un total de 9,7 millones de viviendas, unos 4,1 millones dejar\u00e1n de percibir la asistencia estatal.<\/p>\n\n\n\n<p>En ese caso, la mayor\u00eda de esos hogares se ven beneficiados de esta postergaci\u00f3n, ya que s\u00f3lo quienes llenaron el registro y quedaron en la categor\u00eda uno ya perdieron el subsidio para sus consumos.<\/p>\n\n\n\n<p>Los motivos que demoran la aplicaci\u00f3n de la segmentaci\u00f3n<\/p>\n\n\n\n<p>El motivo que tal vez m\u00e1s impuls\u00f3 la postergaci\u00f3n de la entrada en vigor de la segmentaci\u00f3n de tarifas es que, seg\u00fan estimaciones del Gobierno, el 35% de los usuarios de energ\u00eda el\u00e9ctrica, sobre un total de 15 millones, no se inscribi\u00f3 en el formulario RASE para mantener la asistencia estatal.<\/p>\n\n\n\n<p>Una buena parte de esas personas puede corresponder a quienes no lo hicieron porque decidieron no solicitar el subsidio, pero desde el Ejecutivo Nacional entienden que gran parte de ese porcentaje son personas que no lo hicieron por falta de informaci\u00f3n o de conectividad, pero que de acuerdo a los niveles de sus ingresos deber\u00edan seguir subsidiados.<\/p>\n\n\n\n<p>En cuanto a las tarifas de gas, se pondr\u00e1 en marcha en las pr\u00f3ximas semanas. Las empresas ya cuenta con los nuevos cuadros tarifarios y con la lista de usuarios que perder\u00e1n el subsidio, pero a\u00fan resta definir los topes de consumos no subsidiados que se aplicar\u00e1n en cada zona del pa\u00eds.<\/p>\n","protected":false},"excerpt":{"rendered":"<p>El aumento de los servidos para los hogares se iba a ver reflejado en las boletas que los usuarios recibir\u00edan en octubre. Ahora desde Energ\u00eda advirtieron que se aplicar\u00e1 en noviembre. Durante el fin de semana se instal\u00f3 un tema en la agenda que gener\u00f3 urticaria dentro del Gobierno. La postergaci\u00f3n de la quita de [&hellip;]<\/p>\n","protected":false},"author":2,"featured_media":19709,"comment_status":"open","ping_status":"open","sticky":false,"template":"","format":"standard","meta":{"footnotes":""},"categories":[39],"tags":[],"class_list":["post-19708","post","type-post","status-publish","format-standard","has-post-thumbnail","hentry","category-nacionales"],"yoast_head":"<!-- This site is optimized with the Yoast SEO plugin v27.5 - https:\/\/yoast.com\/product\/yoast-seo-wordpress\/ -->\n<title>El Gobierno Nacional posterga la quita de subsidios a la luz y el gas | CVI NOTICIAS<\/title>\n<meta name=\"robots\" content=\"index, follow, max-snippet:-1, max-image-preview:large, max-video-preview:-1\" \/>\n<link rel=\"canonical\" href=\"https:\/\/cvinoticias.com\/v3\/el-gobierno-nacional-posterga-la-quita-de-subsidios-a-la-luz-y-el-gas\/\" \/>\n<meta property=\"og:locale\" content=\"es_ES\" \/>\n<meta property=\"og:type\" content=\"article\" \/>\n<meta property=\"og:title\" content=\"El Gobierno Nacional posterga la quita de subsidios a la luz y el gas | CVI NOTICIAS\" \/>\n<meta property=\"og:description\" content=\"El aumento de los servidos para los hogares se iba a ver reflejado en las boletas que los usuarios recibir\u00edan en octubre. Ahora desde Energ\u00eda advirtieron que se aplicar\u00e1 en noviembre. Durante el fin de semana se instal\u00f3 un tema en la agenda que gener\u00f3 urticaria dentro del Gobierno. La postergaci\u00f3n de la quita de [&hellip;]\" \/>\n<meta property=\"og:url\" content=\"https:\/\/cvinoticias.com\/v3\/el-gobierno-nacional-posterga-la-quita-de-subsidios-a-la-luz-y-el-gas\/\" \/>\n<meta property=\"og:site_name\" content=\"CVI NOTICIAS\" \/>\n<meta property=\"article:publisher\" content=\"https:\/\/www.facebook.com\/cvinoticias\" \/>\n<meta property=\"article:published_time\" content=\"2022-10-05T10:24:00+00:00\" \/>\n<meta property=\"og:image\" content=\"https:\/\/cvinoticias.com\/wp-content\/uploads\/2022\/10\/679143.png_nota.jpg\" \/>\n\t<meta property=\"og:image:width\" content=\"700\" \/>\n\t<meta property=\"og:image:height\" content=\"399\" \/>\n\t<meta property=\"og:image:type\" content=\"image\/jpeg\" \/>\n<meta name=\"author\" content=\"f1000024\" \/>\n<meta name=\"twitter:card\" content=\"summary_large_image\" \/>\n<meta name=\"twitter:label1\" content=\"Escrito por\" \/>\n\t<meta name=\"twitter:data1\" content=\"f1000024\" \/>\n\t<meta name=\"twitter:label2\" content=\"Tiempo de lectura\" \/>\n\t<meta name=\"twitter:data2\" content=\"2 minutos\" \/>\n<script type=\"application\/ld+json\" class=\"yoast-schema-graph\">{\"@context\":\"https:\\\/\\\/schema.org\",\"@graph\":[{\"@type\":\"Article\",\"@id\":\"https:\\\/\\\/cvinoticias.com\\\/v3\\\/el-gobierno-nacional-posterga-la-quita-de-subsidios-a-la-luz-y-el-gas\\\/#article\",\"isPartOf\":{\"@id\":\"https:\\\/\\\/cvinoticias.com\\\/v3\\\/el-gobierno-nacional-posterga-la-quita-de-subsidios-a-la-luz-y-el-gas\\\/\"},\"author\":{\"name\":\"f1000024\",\"@id\":\"https:\\\/\\\/cvinoticias.com\\\/v3\\\/#\\\/schema\\\/person\\\/2db77e3c6bc03c538495d7b2b8be9b66\"},\"headline\":\"El Gobierno Nacional posterga la quita de subsidios a la luz y el gas\",\"datePublished\":\"2022-10-05T10:24:00+00:00\",\"mainEntityOfPage\":{\"@id\":\"https:\\\/\\\/cvinoticias.com\\\/v3\\\/el-gobierno-nacional-posterga-la-quita-de-subsidios-a-la-luz-y-el-gas\\\/\"},\"wordCount\":405,\"commentCount\":0,\"publisher\":{\"@id\":\"https:\\\/\\\/cvinoticias.com\\\/v3\\\/#organization\"},\"image\":{\"@id\":\"https:\\\/\\\/cvinoticias.com\\\/v3\\\/el-gobierno-nacional-posterga-la-quita-de-subsidios-a-la-luz-y-el-gas\\\/#primaryimage\"},\"thumbnailUrl\":\"https:\\\/\\\/cvinoticias.com\\\/wp-content\\\/uploads\\\/2022\\\/10\\\/679143.png_nota.jpg\",\"articleSection\":[\"Nacionales\"],\"inLanguage\":\"es\",\"potentialAction\":[{\"@type\":\"CommentAction\",\"name\":\"Comment\",\"target\":[\"https:\\\/\\\/cvinoticias.com\\\/v3\\\/el-gobierno-nacional-posterga-la-quita-de-subsidios-a-la-luz-y-el-gas\\\/#respond\"]}]},{\"@type\":\"WebPage\",\"@id\":\"https:\\\/\\\/cvinoticias.com\\\/v3\\\/el-gobierno-nacional-posterga-la-quita-de-subsidios-a-la-luz-y-el-gas\\\/\",\"url\":\"https:\\\/\\\/cvinoticias.com\\\/v3\\\/el-gobierno-nacional-posterga-la-quita-de-subsidios-a-la-luz-y-el-gas\\\/\",\"name\":\"El Gobierno Nacional posterga la quita de subsidios a la luz y el gas | CVI NOTICIAS\",\"isPartOf\":{\"@id\":\"https:\\\/\\\/cvinoticias.com\\\/v3\\\/#website\"},\"primaryImageOfPage\":{\"@id\":\"https:\\\/\\\/cvinoticias.com\\\/v3\\\/el-gobierno-nacional-posterga-la-quita-de-subsidios-a-la-luz-y-el-gas\\\/#primaryimage\"},\"image\":{\"@id\":\"https:\\\/\\\/cvinoticias.com\\\/v3\\\/el-gobierno-nacional-posterga-la-quita-de-subsidios-a-la-luz-y-el-gas\\\/#primaryimage\"},\"thumbnailUrl\":\"https:\\\/\\\/cvinoticias.com\\\/wp-content\\\/uploads\\\/2022\\\/10\\\/679143.png_nota.jpg\",\"datePublished\":\"2022-10-05T10:24:00+00:00\",\"breadcrumb\":{\"@id\":\"https:\\\/\\\/cvinoticias.com\\\/v3\\\/el-gobierno-nacional-posterga-la-quita-de-subsidios-a-la-luz-y-el-gas\\\/#breadcrumb\"},\"inLanguage\":\"es\",\"potentialAction\":[{\"@type\":\"ReadAction\",\"target\":[\"https:\\\/\\\/cvinoticias.com\\\/v3\\\/el-gobierno-nacional-posterga-la-quita-de-subsidios-a-la-luz-y-el-gas\\\/\"]}]},{\"@type\":\"ImageObject\",\"inLanguage\":\"es\",\"@id\":\"https:\\\/\\\/cvinoticias.com\\\/v3\\\/el-gobierno-nacional-posterga-la-quita-de-subsidios-a-la-luz-y-el-gas\\\/#primaryimage\",\"url\":\"https:\\\/\\\/cvinoticias.com\\\/wp-content\\\/uploads\\\/2022\\\/10\\\/679143.png_nota.jpg\",\"contentUrl\":\"https:\\\/\\\/cvinoticias.com\\\/wp-content\\\/uploads\\\/2022\\\/10\\\/679143.png_nota.jpg\",\"width\":700,\"height\":399},{\"@type\":\"BreadcrumbList\",\"@id\":\"https:\\\/\\\/cvinoticias.com\\\/v3\\\/el-gobierno-nacional-posterga-la-quita-de-subsidios-a-la-luz-y-el-gas\\\/#breadcrumb\",\"itemListElement\":[{\"@type\":\"ListItem\",\"position\":1,\"name\":\"Portada\",\"item\":\"https:\\\/\\\/cvinoticias.com\\\/v3\\\/\"},{\"@type\":\"ListItem\",\"position\":2,\"name\":\"El Gobierno Nacional posterga la quita de subsidios a la luz y el gas\"}]},{\"@type\":\"WebSite\",\"@id\":\"https:\\\/\\\/cvinoticias.com\\\/v3\\\/#website\",\"url\":\"https:\\\/\\\/cvinoticias.com\\\/v3\\\/\",\"name\":\"CVI NOTICIAS\",\"description\":\"\",\"publisher\":{\"@id\":\"https:\\\/\\\/cvinoticias.com\\\/v3\\\/#organization\"},\"alternateName\":\"CVI\",\"potentialAction\":[{\"@type\":\"SearchAction\",\"target\":{\"@type\":\"EntryPoint\",\"urlTemplate\":\"https:\\\/\\\/cvinoticias.com\\\/v3\\\/?s={search_term_string}\"},\"query-input\":{\"@type\":\"PropertyValueSpecification\",\"valueRequired\":true,\"valueName\":\"search_term_string\"}}],\"inLanguage\":\"es\"},{\"@type\":\"Organization\",\"@id\":\"https:\\\/\\\/cvinoticias.com\\\/v3\\\/#organization\",\"name\":\"CVI NOTICIAS\",\"url\":\"https:\\\/\\\/cvinoticias.com\\\/v3\\\/\",\"logo\":{\"@type\":\"ImageObject\",\"inLanguage\":\"es\",\"@id\":\"https:\\\/\\\/cvinoticias.com\\\/v3\\\/#\\\/schema\\\/logo\\\/image\\\/\",\"url\":\"https:\\\/\\\/cvinoticias.com\\\/wp-content\\\/uploads\\\/2023\\\/04\\\/cropped-cropped-cropped-cropped-cropped-3-1.png\",\"contentUrl\":\"https:\\\/\\\/cvinoticias.com\\\/wp-content\\\/uploads\\\/2023\\\/04\\\/cropped-cropped-cropped-cropped-cropped-3-1.png\",\"width\":95,\"height\":122,\"caption\":\"CVI NOTICIAS\"},\"image\":{\"@id\":\"https:\\\/\\\/cvinoticias.com\\\/v3\\\/#\\\/schema\\\/logo\\\/image\\\/\"},\"sameAs\":[\"https:\\\/\\\/www.facebook.com\\\/cvinoticias\",\"https:\\\/\\\/www.instagram.com\\\/cvinoticias\\\/\",\"https:\\\/\\\/www.youtube.com\\\/@CVINOTICIAS\"]},{\"@type\":\"Person\",\"@id\":\"https:\\\/\\\/cvinoticias.com\\\/v3\\\/#\\\/schema\\\/person\\\/2db77e3c6bc03c538495d7b2b8be9b66\",\"name\":\"f1000024\",\"image\":{\"@type\":\"ImageObject\",\"inLanguage\":\"es\",\"@id\":\"https:\\\/\\\/secure.gravatar.com\\\/avatar\\\/d4fe7459cfc51ff5129ce1a732bbef5928568b8092d412ef95611616376bbeed?s=96&d=mm&r=g\",\"url\":\"https:\\\/\\\/secure.gravatar.com\\\/avatar\\\/d4fe7459cfc51ff5129ce1a732bbef5928568b8092d412ef95611616376bbeed?s=96&d=mm&r=g\",\"contentUrl\":\"https:\\\/\\\/secure.gravatar.com\\\/avatar\\\/d4fe7459cfc51ff5129ce1a732bbef5928568b8092d412ef95611616376bbeed?s=96&d=mm&r=g\",\"caption\":\"f1000024\"},\"url\":\"https:\\\/\\\/cvinoticias.com\\\/v3\\\/author\\\/f1000024\\\/\"}]}<\/script>\n<!-- \/ Yoast SEO plugin. -->","yoast_head_json":{"title":"El Gobierno Nacional posterga la quita de subsidios a la luz y el gas | CVI NOTICIAS","robots":{"index":"index","follow":"follow","max-snippet":"max-snippet:-1","max-image-preview":"max-image-preview:large","max-video-preview":"max-video-preview:-1"},"canonical":"https:\/\/cvinoticias.com\/v3\/el-gobierno-nacional-posterga-la-quita-de-subsidios-a-la-luz-y-el-gas\/","og_locale":"es_ES","og_type":"article","og_title":"El Gobierno Nacional posterga la quita de subsidios a la luz y el gas | CVI NOTICIAS","og_description":"El aumento de los servidos para los hogares se iba a ver reflejado en las boletas que los usuarios recibir\u00edan en octubre. Ahora desde Energ\u00eda advirtieron que se aplicar\u00e1 en noviembre. Durante el fin de semana se instal\u00f3 un tema en la agenda que gener\u00f3 urticaria dentro del Gobierno. La postergaci\u00f3n de la quita de [&hellip;]","og_url":"https:\/\/cvinoticias.com\/v3\/el-gobierno-nacional-posterga-la-quita-de-subsidios-a-la-luz-y-el-gas\/","og_site_name":"CVI NOTICIAS","article_publisher":"https:\/\/www.facebook.com\/cvinoticias","article_published_time":"2022-10-05T10:24:00+00:00","og_image":[{"width":700,"height":399,"url":"https:\/\/cvinoticias.com\/wp-content\/uploads\/2022\/10\/679143.png_nota.jpg","type":"image\/jpeg"}],"author":"f1000024","twitter_card":"summary_large_image","twitter_misc":{"Escrito por":"f1000024","Tiempo de lectura":"2 minutos"},"schema":{"@context":"https:\/\/schema.org","@graph":[{"@type":"Article","@id":"https:\/\/cvinoticias.com\/v3\/el-gobierno-nacional-posterga-la-quita-de-subsidios-a-la-luz-y-el-gas\/#article","isPartOf":{"@id":"https:\/\/cvinoticias.com\/v3\/el-gobierno-nacional-posterga-la-quita-de-subsidios-a-la-luz-y-el-gas\/"},"author":{"name":"f1000024","@id":"https:\/\/cvinoticias.com\/v3\/#\/schema\/person\/2db77e3c6bc03c538495d7b2b8be9b66"},"headline":"El Gobierno Nacional posterga la quita de subsidios a la luz y el gas","datePublished":"2022-10-05T10:24:00+00:00","mainEntityOfPage":{"@id":"https:\/\/cvinoticias.com\/v3\/el-gobierno-nacional-posterga-la-quita-de-subsidios-a-la-luz-y-el-gas\/"},"wordCount":405,"commentCount":0,"publisher":{"@id":"https:\/\/cvinoticias.com\/v3\/#organization"},"image":{"@id":"https:\/\/cvinoticias.com\/v3\/el-gobierno-nacional-posterga-la-quita-de-subsidios-a-la-luz-y-el-gas\/#primaryimage"},"thumbnailUrl":"https:\/\/cvinoticias.com\/wp-content\/uploads\/2022\/10\/679143.png_nota.jpg","articleSection":["Nacionales"],"inLanguage":"es","potentialAction":[{"@type":"CommentAction","name":"Comment","target":["https:\/\/cvinoticias.com\/v3\/el-gobierno-nacional-posterga-la-quita-de-subsidios-a-la-luz-y-el-gas\/#respond"]}]},{"@type":"WebPage","@id":"https:\/\/cvinoticias.com\/v3\/el-gobierno-nacional-posterga-la-quita-de-subsidios-a-la-luz-y-el-gas\/","url":"https:\/\/cvinoticias.com\/v3\/el-gobierno-nacional-posterga-la-quita-de-subsidios-a-la-luz-y-el-gas\/","name":"El Gobierno Nacional posterga la quita de subsidios a la luz y el gas | CVI NOTICIAS","isPartOf":{"@id":"https:\/\/cvinoticias.com\/v3\/#website"},"primaryImageOfPage":{"@id":"https:\/\/cvinoticias.com\/v3\/el-gobierno-nacional-posterga-la-quita-de-subsidios-a-la-luz-y-el-gas\/#primaryimage"},"image":{"@id":"https:\/\/cvinoticias.com\/v3\/el-gobierno-nacional-posterga-la-quita-de-subsidios-a-la-luz-y-el-gas\/#primaryimage"},"thumbnailUrl":"https:\/\/cvinoticias.com\/wp-content\/uploads\/2022\/10\/679143.png_nota.jpg","datePublished":"2022-10-05T10:24:00+00:00","breadcrumb":{"@id":"https:\/\/cvinoticias.com\/v3\/el-gobierno-nacional-posterga-la-quita-de-subsidios-a-la-luz-y-el-gas\/#breadcrumb"},"inLanguage":"es","potentialAction":[{"@type":"ReadAction","target":["https:\/\/cvinoticias.com\/v3\/el-gobierno-nacional-posterga-la-quita-de-subsidios-a-la-luz-y-el-gas\/"]}]},{"@type":"ImageObject","inLanguage":"es","@id":"https:\/\/cvinoticias.com\/v3\/el-gobierno-nacional-posterga-la-quita-de-subsidios-a-la-luz-y-el-gas\/#primaryimage","url":"https:\/\/cvinoticias.com\/wp-content\/uploads\/2022\/10\/679143.png_nota.jpg","contentUrl":"https:\/\/cvinoticias.com\/wp-content\/uploads\/2022\/10\/679143.png_nota.jpg","width":700,"height":399},{"@type":"BreadcrumbList","@id":"https:\/\/cvinoticias.com\/v3\/el-gobierno-nacional-posterga-la-quita-de-subsidios-a-la-luz-y-el-gas\/#breadcrumb","itemListElement":[{"@type":"ListItem","position":1,"name":"Portada","item":"https:\/\/cvinoticias.com\/v3\/"},{"@type":"ListItem","position":2,"name":"El Gobierno Nacional posterga la quita de subsidios a la luz y el gas"}]},{"@type":"WebSite","@id":"https:\/\/cvinoticias.com\/v3\/#website","url":"https:\/\/cvinoticias.com\/v3\/","name":"CVI NOTICIAS","description":"","publisher":{"@id":"https:\/\/cvinoticias.com\/v3\/#organization"},"alternateName":"CVI","potentialAction":[{"@type":"SearchAction","target":{"@type":"EntryPoint","urlTemplate":"https:\/\/cvinoticias.com\/v3\/?s={search_term_string}"},"query-input":{"@type":"PropertyValueSpecification","valueRequired":true,"valueName":"search_term_string"}}],"inLanguage":"es"},{"@type":"Organization","@id":"https:\/\/cvinoticias.com\/v3\/#organization","name":"CVI NOTICIAS","url":"https:\/\/cvinoticias.com\/v3\/","logo":{"@type":"ImageObject","inLanguage":"es","@id":"https:\/\/cvinoticias.com\/v3\/#\/schema\/logo\/image\/","url":"https:\/\/cvinoticias.com\/wp-content\/uploads\/2023\/04\/cropped-cropped-cropped-cropped-cropped-3-1.png","contentUrl":"https:\/\/cvinoticias.com\/wp-content\/uploads\/2023\/04\/cropped-cropped-cropped-cropped-cropped-3-1.png","width":95,"height":122,"caption":"CVI NOTICIAS"},"image":{"@id":"https:\/\/cvinoticias.com\/v3\/#\/schema\/logo\/image\/"},"sameAs":["https:\/\/www.facebook.com\/cvinoticias","https:\/\/www.instagram.com\/cvinoticias\/","https:\/\/www.youtube.com\/@CVINOTICIAS"]},{"@type":"Person","@id":"https:\/\/cvinoticias.com\/v3\/#\/schema\/person\/2db77e3c6bc03c538495d7b2b8be9b66","name":"f1000024","image":{"@type":"ImageObject","inLanguage":"es","@id":"https:\/\/secure.gravatar.com\/avatar\/d4fe7459cfc51ff5129ce1a732bbef5928568b8092d412ef95611616376bbeed?s=96&d=mm&r=g","url":"https:\/\/secure.gravatar.com\/avatar\/d4fe7459cfc51ff5129ce1a732bbef5928568b8092d412ef95611616376bbeed?s=96&d=mm&r=g","contentUrl":"https:\/\/secure.gravatar.com\/avatar\/d4fe7459cfc51ff5129ce1a732bbef5928568b8092d412ef95611616376bbeed?s=96&d=mm&r=g","caption":"f1000024"},"url":"https:\/\/cvinoticias.com\/v3\/author\/f1000024\/"}]}},"_links":{"self":[{"href":"https:\/\/cvinoticias.com\/v3\/wp-json\/wp\/v2\/posts\/19708","targetHints":{"allow":["GET"]}}],"collection":[{"href":"https:\/\/cvinoticias.com\/v3\/wp-json\/wp\/v2\/posts"}],"about":[{"href":"https:\/\/cvinoticias.com\/v3\/wp-json\/wp\/v2\/types\/post"}],"author":[{"embeddable":true,"href":"https:\/\/cvinoticias.com\/v3\/wp-json\/wp\/v2\/users\/2"}],"replies":[{"embeddable":true,"href":"https:\/\/cvinoticias.com\/v3\/wp-json\/wp\/v2\/comments?post=19708"}],"version-history":[{"count":1,"href":"https:\/\/cvinoticias.com\/v3\/wp-json\/wp\/v2\/posts\/19708\/revisions"}],"predecessor-version":[{"id":19710,"href":"https:\/\/cvinoticias.com\/v3\/wp-json\/wp\/v2\/posts\/19708\/revisions\/19710"}],"wp:featuredmedia":[{"embeddable":true,"href":"https:\/\/cvinoticias.com\/v3\/wp-json\/wp\/v2\/media\/19709"}],"wp:attachment":[{"href":"https:\/\/cvinoticias.com\/v3\/wp-json\/wp\/v2\/media?parent=19708"}],"wp:term":[{"taxonomy":"category","embeddable":true,"href":"https:\/\/cvinoticias.com\/v3\/wp-json\/wp\/v2\/categories?post=19708"},{"taxonomy":"post_tag","embeddable":true,"href":"https:\/\/cvinoticias.com\/v3\/wp-json\/wp\/v2\/tags?post=19708"}],"curies":[{"name":"wp","href":"https:\/\/api.w.org\/{rel}","templated":true}]}}