{"id":19667,"date":"2022-10-04T01:50:36","date_gmt":"2022-10-04T01:50:36","guid":{"rendered":"https:\/\/cvinoticias.com\/v3\/?p=19667"},"modified":"2022-10-04T01:50:36","modified_gmt":"2022-10-04T01:50:36","slug":"comitiva-argentina-acompano-a-lula-en-san-pablo","status":"publish","type":"post","link":"https:\/\/cvinoticias.com\/v3\/comitiva-argentina-acompano-a-lula-en-san-pablo\/","title":{"rendered":"Comitiva Argentina acompa\u00f1\u00f3 a Lula en San Pablo."},"content":{"rendered":"\n<p><strong><em>La Diputada Nacional por Misiones, Cristina Br\u00edtez, junto a una gran comitiva argentina acompa\u00f1\u00f3 al candidato Ignacio \u201cLula\u00bb Da Silva, en la hist\u00f3rica elecci\u00f3n del pasado domingo,\u00a0 en la que el PT se alz\u00f3 con la victoria de por m\u00e1s de 6 millones de votos y lo puso en una segunda vuelta con vistas a la presidencia del Brasil.<\/em><\/strong><\/p>\n\n\n\n<p>\u201cEl lawfare no pudo con un pueblo organizado y sin miedo a la felicidad. Ahora m\u00e1s que nunca es importante la unidad popular para acabar esta \u00e9poca nefasta a la que fue sometido el pueblo del hermano pais.\u201d destac\u00f3 la legisladora misionera desde el bunker de Lula en e centro de San Pablo.<\/p>\n\n\n\n<figure class=\"wp-block-image size-large\"><a href=\"https:\/\/cvinoticias.com\/wp-content\/uploads\/2022\/10\/Screenshot_20221003-224034_WhatsApp.jpg\"><img decoding=\"async\" width=\"1024\" height=\"1015\" data-src=\"https:\/\/cvinoticias.com\/wp-content\/uploads\/2022\/10\/Screenshot_20221003-224034_WhatsApp-1024x1015.jpg\" alt=\"\" class=\"wp-image-19668 lazyload\" data-srcset=\"https:\/\/cvinoticias.com\/wp-content\/uploads\/2022\/10\/Screenshot_20221003-224034_WhatsApp-1024x1015.jpg 1024w, https:\/\/cvinoticias.com\/wp-content\/uploads\/2022\/10\/Screenshot_20221003-224034_WhatsApp-300x297.jpg 300w, https:\/\/cvinoticias.com\/wp-content\/uploads\/2022\/10\/Screenshot_20221003-224034_WhatsApp-150x150.jpg 150w, https:\/\/cvinoticias.com\/wp-content\/uploads\/2022\/10\/Screenshot_20221003-224034_WhatsApp-768x761.jpg 768w, https:\/\/cvinoticias.com\/wp-content\/uploads\/2022\/10\/Screenshot_20221003-224034_WhatsApp.jpg 1080w\" data-sizes=\"(max-width: 1024px) 100vw, 1024px\" src=\"data:image\/svg+xml;base64,PHN2ZyB3aWR0aD0iMSIgaGVpZ2h0PSIxIiB4bWxucz0iaHR0cDovL3d3dy53My5vcmcvMjAwMC9zdmciPjwvc3ZnPg==\" style=\"--smush-placeholder-width: 1024px; --smush-placeholder-aspect-ratio: 1024\/1015;\" \/><\/a><\/figure>\n\n\n\n<p>Esta fue la quinta elecci\u00f3n a Presidente del dirigente de 76 a\u00f1os que recorri\u00f3 su pa\u00eds llevando su propuesta y \u00abno nos sorprende el amor y el compromiso que Lula le puso a la campa\u00f1a para convocar nuevamente a una mayor\u00eda de brasile\u00f1os, lo que lo legitima, una vez mas, como un verdadero l\u00edder popular\u201d rese\u00f1\u00f3 la diputada.\u00a0 \u201cAdemas le toc\u00f3\u00a0 vivir momentos muy duros estos a\u00f1os, como la prisi\u00f3n pero sin dudas ha salido m\u00e1s fuerte\u00bb rese\u00f1\u00f3.\u00a0<\/p>\n\n\n\n<figure class=\"wp-block-image size-large is-resized\"><a href=\"https:\/\/cvinoticias.com\/wp-content\/uploads\/2022\/10\/Screenshot_20221003-224026_WhatsApp.jpg\"><img decoding=\"async\" data-src=\"https:\/\/cvinoticias.com\/wp-content\/uploads\/2022\/10\/Screenshot_20221003-224026_WhatsApp-1024x872.jpg\" alt=\"\" class=\"wp-image-19669 lazyload\" width=\"666\" height=\"565\" src=\"data:image\/svg+xml;base64,PHN2ZyB3aWR0aD0iMSIgaGVpZ2h0PSIxIiB4bWxucz0iaHR0cDovL3d3dy53My5vcmcvMjAwMC9zdmciPjwvc3ZnPg==\" style=\"--smush-placeholder-width: 666px; --smush-placeholder-aspect-ratio: 666\/565;\" \/><\/a><\/figure>\n\n\n\n<p><\/p>\n\n\n\n<p>Siguiendo la agenda de la comitiva argentina, particip\u00f3 en diversas actividades, entre ellas de la gran caravana, junto a miles de militantes en la ciudad de San Pablo, luego un encuentro de integraci\u00f3n Brasil- Argentina organizada por el embajador, Daniel Scioli; un seminario Internacional del Partido de los trabajadores y por \u00faltimo, estuvieron presentes el bunker donde se esper\u00f3 los resultados finales, junto al candidato Lula Da Silva.<\/p>\n\n\n\n<p>La segunda vuelta ser\u00e1 el 30 de octubre y se espera un mes muy activo en la pol\u00edtica brasilera.<\/p>\n\n\n\n<figure class=\"wp-block-image size-large\"><a href=\"https:\/\/cvinoticias.com\/wp-content\/uploads\/2022\/10\/Screenshot_20221003-224203_WhatsApp.jpg\"><img decoding=\"async\" width=\"1024\" height=\"980\" data-src=\"https:\/\/cvinoticias.com\/wp-content\/uploads\/2022\/10\/Screenshot_20221003-224203_WhatsApp-1024x980.jpg\" alt=\"\" class=\"wp-image-19670 lazyload\" data-srcset=\"https:\/\/cvinoticias.com\/wp-content\/uploads\/2022\/10\/Screenshot_20221003-224203_WhatsApp-1024x980.jpg 1024w, https:\/\/cvinoticias.com\/wp-content\/uploads\/2022\/10\/Screenshot_20221003-224203_WhatsApp-300x287.jpg 300w, https:\/\/cvinoticias.com\/wp-content\/uploads\/2022\/10\/Screenshot_20221003-224203_WhatsApp-768x735.jpg 768w, https:\/\/cvinoticias.com\/wp-content\/uploads\/2022\/10\/Screenshot_20221003-224203_WhatsApp.jpg 1078w\" data-sizes=\"(max-width: 1024px) 100vw, 1024px\" src=\"data:image\/svg+xml;base64,PHN2ZyB3aWR0aD0iMSIgaGVpZ2h0PSIxIiB4bWxucz0iaHR0cDovL3d3dy53My5vcmcvMjAwMC9zdmciPjwvc3ZnPg==\" style=\"--smush-placeholder-width: 1024px; --smush-placeholder-aspect-ratio: 1024\/980;\" \/><\/a><\/figure>\n\n\n\n<p><\/p>\n\n\n\n<p><\/p>\n","protected":false},"excerpt":{"rendered":"<p>La Diputada Nacional por Misiones, Cristina Br\u00edtez, junto a una gran comitiva argentina acompa\u00f1\u00f3 al candidato Ignacio \u201cLula\u00bb Da Silva, en la hist\u00f3rica elecci\u00f3n del pasado domingo,\u00a0 en la que el PT se alz\u00f3 con la victoria de por m\u00e1s de 6 millones de votos y lo puso en una segunda vuelta con vistas a [&hellip;]<\/p>\n","protected":false},"author":2,"featured_media":19671,"comment_status":"open","ping_status":"open","sticky":false,"template":"","format":"standard","meta":{"footnotes":""},"categories":[36,42],"tags":[],"class_list":["post-19667","post","type-post","status-publish","format-standard","has-post-thumbnail","hentry","category-internacionales","category-politica"],"yoast_head":"<!-- This site is optimized with the Yoast SEO plugin v27.5 - https:\/\/yoast.com\/product\/yoast-seo-wordpress\/ -->\n<title>Comitiva Argentina acompa\u00f1\u00f3 a Lula en San Pablo. | CVI NOTICIAS<\/title>\n<meta name=\"robots\" content=\"index, follow, max-snippet:-1, max-image-preview:large, max-video-preview:-1\" \/>\n<link rel=\"canonical\" href=\"https:\/\/cvinoticias.com\/v3\/comitiva-argentina-acompano-a-lula-en-san-pablo\/\" \/>\n<meta property=\"og:locale\" content=\"es_ES\" \/>\n<meta property=\"og:type\" content=\"article\" \/>\n<meta property=\"og:title\" content=\"Comitiva Argentina acompa\u00f1\u00f3 a Lula en San Pablo. | CVI NOTICIAS\" \/>\n<meta property=\"og:description\" content=\"La Diputada Nacional por Misiones, Cristina Br\u00edtez, junto a una gran comitiva argentina acompa\u00f1\u00f3 al candidato Ignacio \u201cLula\u00bb Da Silva, en la hist\u00f3rica elecci\u00f3n del pasado domingo,\u00a0 en la que el PT se alz\u00f3 con la victoria de por m\u00e1s de 6 millones de votos y lo puso en una segunda vuelta con vistas a [&hellip;]\" \/>\n<meta property=\"og:url\" content=\"https:\/\/cvinoticias.com\/v3\/comitiva-argentina-acompano-a-lula-en-san-pablo\/\" \/>\n<meta property=\"og:site_name\" content=\"CVI NOTICIAS\" \/>\n<meta property=\"article:publisher\" content=\"https:\/\/www.facebook.com\/cvinoticias\" \/>\n<meta property=\"article:published_time\" content=\"2022-10-04T01:50:36+00:00\" \/>\n<meta property=\"og:image\" content=\"https:\/\/cvinoticias.com\/wp-content\/uploads\/2022\/10\/Screenshot_20221003-224118_WhatsApp.jpg\" \/>\n\t<meta property=\"og:image:width\" content=\"972\" \/>\n\t<meta property=\"og:image:height\" content=\"931\" \/>\n\t<meta property=\"og:image:type\" content=\"image\/jpeg\" \/>\n<meta name=\"author\" content=\"f1000024\" \/>\n<meta name=\"twitter:card\" content=\"summary_large_image\" \/>\n<meta name=\"twitter:label1\" content=\"Escrito por\" \/>\n\t<meta name=\"twitter:data1\" content=\"f1000024\" \/>\n\t<meta name=\"twitter:label2\" content=\"Tiempo de lectura\" \/>\n\t<meta name=\"twitter:data2\" content=\"1 minuto\" \/>\n<script type=\"application\/ld+json\" class=\"yoast-schema-graph\">{\"@context\":\"https:\\\/\\\/schema.org\",\"@graph\":[{\"@type\":\"Article\",\"@id\":\"https:\\\/\\\/cvinoticias.com\\\/v3\\\/comitiva-argentina-acompano-a-lula-en-san-pablo\\\/#article\",\"isPartOf\":{\"@id\":\"https:\\\/\\\/cvinoticias.com\\\/v3\\\/comitiva-argentina-acompano-a-lula-en-san-pablo\\\/\"},\"author\":{\"name\":\"f1000024\",\"@id\":\"https:\\\/\\\/cvinoticias.com\\\/v3\\\/#\\\/schema\\\/person\\\/2db77e3c6bc03c538495d7b2b8be9b66\"},\"headline\":\"Comitiva Argentina acompa\u00f1\u00f3 a Lula en San Pablo.\",\"datePublished\":\"2022-10-04T01:50:36+00:00\",\"mainEntityOfPage\":{\"@id\":\"https:\\\/\\\/cvinoticias.com\\\/v3\\\/comitiva-argentina-acompano-a-lula-en-san-pablo\\\/\"},\"wordCount\":299,\"commentCount\":0,\"publisher\":{\"@id\":\"https:\\\/\\\/cvinoticias.com\\\/v3\\\/#organization\"},\"image\":{\"@id\":\"https:\\\/\\\/cvinoticias.com\\\/v3\\\/comitiva-argentina-acompano-a-lula-en-san-pablo\\\/#primaryimage\"},\"thumbnailUrl\":\"https:\\\/\\\/cvinoticias.com\\\/wp-content\\\/uploads\\\/2022\\\/10\\\/Screenshot_20221003-224118_WhatsApp.jpg\",\"articleSection\":[\"Internacionales\",\"Politica\"],\"inLanguage\":\"es\",\"potentialAction\":[{\"@type\":\"CommentAction\",\"name\":\"Comment\",\"target\":[\"https:\\\/\\\/cvinoticias.com\\\/v3\\\/comitiva-argentina-acompano-a-lula-en-san-pablo\\\/#respond\"]}]},{\"@type\":\"WebPage\",\"@id\":\"https:\\\/\\\/cvinoticias.com\\\/v3\\\/comitiva-argentina-acompano-a-lula-en-san-pablo\\\/\",\"url\":\"https:\\\/\\\/cvinoticias.com\\\/v3\\\/comitiva-argentina-acompano-a-lula-en-san-pablo\\\/\",\"name\":\"Comitiva Argentina acompa\u00f1\u00f3 a Lula en San Pablo. | CVI NOTICIAS\",\"isPartOf\":{\"@id\":\"https:\\\/\\\/cvinoticias.com\\\/v3\\\/#website\"},\"primaryImageOfPage\":{\"@id\":\"https:\\\/\\\/cvinoticias.com\\\/v3\\\/comitiva-argentina-acompano-a-lula-en-san-pablo\\\/#primaryimage\"},\"image\":{\"@id\":\"https:\\\/\\\/cvinoticias.com\\\/v3\\\/comitiva-argentina-acompano-a-lula-en-san-pablo\\\/#primaryimage\"},\"thumbnailUrl\":\"https:\\\/\\\/cvinoticias.com\\\/wp-content\\\/uploads\\\/2022\\\/10\\\/Screenshot_20221003-224118_WhatsApp.jpg\",\"datePublished\":\"2022-10-04T01:50:36+00:00\",\"breadcrumb\":{\"@id\":\"https:\\\/\\\/cvinoticias.com\\\/v3\\\/comitiva-argentina-acompano-a-lula-en-san-pablo\\\/#breadcrumb\"},\"inLanguage\":\"es\",\"potentialAction\":[{\"@type\":\"ReadAction\",\"target\":[\"https:\\\/\\\/cvinoticias.com\\\/v3\\\/comitiva-argentina-acompano-a-lula-en-san-pablo\\\/\"]}]},{\"@type\":\"ImageObject\",\"inLanguage\":\"es\",\"@id\":\"https:\\\/\\\/cvinoticias.com\\\/v3\\\/comitiva-argentina-acompano-a-lula-en-san-pablo\\\/#primaryimage\",\"url\":\"https:\\\/\\\/cvinoticias.com\\\/wp-content\\\/uploads\\\/2022\\\/10\\\/Screenshot_20221003-224118_WhatsApp.jpg\",\"contentUrl\":\"https:\\\/\\\/cvinoticias.com\\\/wp-content\\\/uploads\\\/2022\\\/10\\\/Screenshot_20221003-224118_WhatsApp.jpg\",\"width\":972,\"height\":931},{\"@type\":\"BreadcrumbList\",\"@id\":\"https:\\\/\\\/cvinoticias.com\\\/v3\\\/comitiva-argentina-acompano-a-lula-en-san-pablo\\\/#breadcrumb\",\"itemListElement\":[{\"@type\":\"ListItem\",\"position\":1,\"name\":\"Portada\",\"item\":\"https:\\\/\\\/cvinoticias.com\\\/v3\\\/\"},{\"@type\":\"ListItem\",\"position\":2,\"name\":\"Comitiva Argentina acompa\u00f1\u00f3 a Lula en San Pablo.\"}]},{\"@type\":\"WebSite\",\"@id\":\"https:\\\/\\\/cvinoticias.com\\\/v3\\\/#website\",\"url\":\"https:\\\/\\\/cvinoticias.com\\\/v3\\\/\",\"name\":\"CVI NOTICIAS\",\"description\":\"\",\"publisher\":{\"@id\":\"https:\\\/\\\/cvinoticias.com\\\/v3\\\/#organization\"},\"alternateName\":\"CVI\",\"potentialAction\":[{\"@type\":\"SearchAction\",\"target\":{\"@type\":\"EntryPoint\",\"urlTemplate\":\"https:\\\/\\\/cvinoticias.com\\\/v3\\\/?s={search_term_string}\"},\"query-input\":{\"@type\":\"PropertyValueSpecification\",\"valueRequired\":true,\"valueName\":\"search_term_string\"}}],\"inLanguage\":\"es\"},{\"@type\":\"Organization\",\"@id\":\"https:\\\/\\\/cvinoticias.com\\\/v3\\\/#organization\",\"name\":\"CVI NOTICIAS\",\"url\":\"https:\\\/\\\/cvinoticias.com\\\/v3\\\/\",\"logo\":{\"@type\":\"ImageObject\",\"inLanguage\":\"es\",\"@id\":\"https:\\\/\\\/cvinoticias.com\\\/v3\\\/#\\\/schema\\\/logo\\\/image\\\/\",\"url\":\"https:\\\/\\\/cvinoticias.com\\\/wp-content\\\/uploads\\\/2023\\\/04\\\/cropped-cropped-cropped-cropped-cropped-3-1.png\",\"contentUrl\":\"https:\\\/\\\/cvinoticias.com\\\/wp-content\\\/uploads\\\/2023\\\/04\\\/cropped-cropped-cropped-cropped-cropped-3-1.png\",\"width\":95,\"height\":122,\"caption\":\"CVI NOTICIAS\"},\"image\":{\"@id\":\"https:\\\/\\\/cvinoticias.com\\\/v3\\\/#\\\/schema\\\/logo\\\/image\\\/\"},\"sameAs\":[\"https:\\\/\\\/www.facebook.com\\\/cvinoticias\",\"https:\\\/\\\/www.instagram.com\\\/cvinoticias\\\/\",\"https:\\\/\\\/www.youtube.com\\\/@CVINOTICIAS\"]},{\"@type\":\"Person\",\"@id\":\"https:\\\/\\\/cvinoticias.com\\\/v3\\\/#\\\/schema\\\/person\\\/2db77e3c6bc03c538495d7b2b8be9b66\",\"name\":\"f1000024\",\"image\":{\"@type\":\"ImageObject\",\"inLanguage\":\"es\",\"@id\":\"https:\\\/\\\/secure.gravatar.com\\\/avatar\\\/d4fe7459cfc51ff5129ce1a732bbef5928568b8092d412ef95611616376bbeed?s=96&d=mm&r=g\",\"url\":\"https:\\\/\\\/secure.gravatar.com\\\/avatar\\\/d4fe7459cfc51ff5129ce1a732bbef5928568b8092d412ef95611616376bbeed?s=96&d=mm&r=g\",\"contentUrl\":\"https:\\\/\\\/secure.gravatar.com\\\/avatar\\\/d4fe7459cfc51ff5129ce1a732bbef5928568b8092d412ef95611616376bbeed?s=96&d=mm&r=g\",\"caption\":\"f1000024\"},\"url\":\"https:\\\/\\\/cvinoticias.com\\\/v3\\\/author\\\/f1000024\\\/\"}]}<\/script>\n<!-- \/ Yoast SEO plugin. -->","yoast_head_json":{"title":"Comitiva Argentina acompa\u00f1\u00f3 a Lula en San Pablo. | CVI NOTICIAS","robots":{"index":"index","follow":"follow","max-snippet":"max-snippet:-1","max-image-preview":"max-image-preview:large","max-video-preview":"max-video-preview:-1"},"canonical":"https:\/\/cvinoticias.com\/v3\/comitiva-argentina-acompano-a-lula-en-san-pablo\/","og_locale":"es_ES","og_type":"article","og_title":"Comitiva Argentina acompa\u00f1\u00f3 a Lula en San Pablo. | CVI NOTICIAS","og_description":"La Diputada Nacional por Misiones, Cristina Br\u00edtez, junto a una gran comitiva argentina acompa\u00f1\u00f3 al candidato Ignacio \u201cLula\u00bb Da Silva, en la hist\u00f3rica elecci\u00f3n del pasado domingo,\u00a0 en la que el PT se alz\u00f3 con la victoria de por m\u00e1s de 6 millones de votos y lo puso en una segunda vuelta con vistas a [&hellip;]","og_url":"https:\/\/cvinoticias.com\/v3\/comitiva-argentina-acompano-a-lula-en-san-pablo\/","og_site_name":"CVI NOTICIAS","article_publisher":"https:\/\/www.facebook.com\/cvinoticias","article_published_time":"2022-10-04T01:50:36+00:00","og_image":[{"width":972,"height":931,"url":"https:\/\/cvinoticias.com\/wp-content\/uploads\/2022\/10\/Screenshot_20221003-224118_WhatsApp.jpg","type":"image\/jpeg"}],"author":"f1000024","twitter_card":"summary_large_image","twitter_misc":{"Escrito por":"f1000024","Tiempo de lectura":"1 minuto"},"schema":{"@context":"https:\/\/schema.org","@graph":[{"@type":"Article","@id":"https:\/\/cvinoticias.com\/v3\/comitiva-argentina-acompano-a-lula-en-san-pablo\/#article","isPartOf":{"@id":"https:\/\/cvinoticias.com\/v3\/comitiva-argentina-acompano-a-lula-en-san-pablo\/"},"author":{"name":"f1000024","@id":"https:\/\/cvinoticias.com\/v3\/#\/schema\/person\/2db77e3c6bc03c538495d7b2b8be9b66"},"headline":"Comitiva Argentina acompa\u00f1\u00f3 a Lula en San Pablo.","datePublished":"2022-10-04T01:50:36+00:00","mainEntityOfPage":{"@id":"https:\/\/cvinoticias.com\/v3\/comitiva-argentina-acompano-a-lula-en-san-pablo\/"},"wordCount":299,"commentCount":0,"publisher":{"@id":"https:\/\/cvinoticias.com\/v3\/#organization"},"image":{"@id":"https:\/\/cvinoticias.com\/v3\/comitiva-argentina-acompano-a-lula-en-san-pablo\/#primaryimage"},"thumbnailUrl":"https:\/\/cvinoticias.com\/wp-content\/uploads\/2022\/10\/Screenshot_20221003-224118_WhatsApp.jpg","articleSection":["Internacionales","Politica"],"inLanguage":"es","potentialAction":[{"@type":"CommentAction","name":"Comment","target":["https:\/\/cvinoticias.com\/v3\/comitiva-argentina-acompano-a-lula-en-san-pablo\/#respond"]}]},{"@type":"WebPage","@id":"https:\/\/cvinoticias.com\/v3\/comitiva-argentina-acompano-a-lula-en-san-pablo\/","url":"https:\/\/cvinoticias.com\/v3\/comitiva-argentina-acompano-a-lula-en-san-pablo\/","name":"Comitiva Argentina acompa\u00f1\u00f3 a Lula en San Pablo. | CVI NOTICIAS","isPartOf":{"@id":"https:\/\/cvinoticias.com\/v3\/#website"},"primaryImageOfPage":{"@id":"https:\/\/cvinoticias.com\/v3\/comitiva-argentina-acompano-a-lula-en-san-pablo\/#primaryimage"},"image":{"@id":"https:\/\/cvinoticias.com\/v3\/comitiva-argentina-acompano-a-lula-en-san-pablo\/#primaryimage"},"thumbnailUrl":"https:\/\/cvinoticias.com\/wp-content\/uploads\/2022\/10\/Screenshot_20221003-224118_WhatsApp.jpg","datePublished":"2022-10-04T01:50:36+00:00","breadcrumb":{"@id":"https:\/\/cvinoticias.com\/v3\/comitiva-argentina-acompano-a-lula-en-san-pablo\/#breadcrumb"},"inLanguage":"es","potentialAction":[{"@type":"ReadAction","target":["https:\/\/cvinoticias.com\/v3\/comitiva-argentina-acompano-a-lula-en-san-pablo\/"]}]},{"@type":"ImageObject","inLanguage":"es","@id":"https:\/\/cvinoticias.com\/v3\/comitiva-argentina-acompano-a-lula-en-san-pablo\/#primaryimage","url":"https:\/\/cvinoticias.com\/wp-content\/uploads\/2022\/10\/Screenshot_20221003-224118_WhatsApp.jpg","contentUrl":"https:\/\/cvinoticias.com\/wp-content\/uploads\/2022\/10\/Screenshot_20221003-224118_WhatsApp.jpg","width":972,"height":931},{"@type":"BreadcrumbList","@id":"https:\/\/cvinoticias.com\/v3\/comitiva-argentina-acompano-a-lula-en-san-pablo\/#breadcrumb","itemListElement":[{"@type":"ListItem","position":1,"name":"Portada","item":"https:\/\/cvinoticias.com\/v3\/"},{"@type":"ListItem","position":2,"name":"Comitiva Argentina acompa\u00f1\u00f3 a Lula en San Pablo."}]},{"@type":"WebSite","@id":"https:\/\/cvinoticias.com\/v3\/#website","url":"https:\/\/cvinoticias.com\/v3\/","name":"CVI NOTICIAS","description":"","publisher":{"@id":"https:\/\/cvinoticias.com\/v3\/#organization"},"alternateName":"CVI","potentialAction":[{"@type":"SearchAction","target":{"@type":"EntryPoint","urlTemplate":"https:\/\/cvinoticias.com\/v3\/?s={search_term_string}"},"query-input":{"@type":"PropertyValueSpecification","valueRequired":true,"valueName":"search_term_string"}}],"inLanguage":"es"},{"@type":"Organization","@id":"https:\/\/cvinoticias.com\/v3\/#organization","name":"CVI NOTICIAS","url":"https:\/\/cvinoticias.com\/v3\/","logo":{"@type":"ImageObject","inLanguage":"es","@id":"https:\/\/cvinoticias.com\/v3\/#\/schema\/logo\/image\/","url":"https:\/\/cvinoticias.com\/wp-content\/uploads\/2023\/04\/cropped-cropped-cropped-cropped-cropped-3-1.png","contentUrl":"https:\/\/cvinoticias.com\/wp-content\/uploads\/2023\/04\/cropped-cropped-cropped-cropped-cropped-3-1.png","width":95,"height":122,"caption":"CVI NOTICIAS"},"image":{"@id":"https:\/\/cvinoticias.com\/v3\/#\/schema\/logo\/image\/"},"sameAs":["https:\/\/www.facebook.com\/cvinoticias","https:\/\/www.instagram.com\/cvinoticias\/","https:\/\/www.youtube.com\/@CVINOTICIAS"]},{"@type":"Person","@id":"https:\/\/cvinoticias.com\/v3\/#\/schema\/person\/2db77e3c6bc03c538495d7b2b8be9b66","name":"f1000024","image":{"@type":"ImageObject","inLanguage":"es","@id":"https:\/\/secure.gravatar.com\/avatar\/d4fe7459cfc51ff5129ce1a732bbef5928568b8092d412ef95611616376bbeed?s=96&d=mm&r=g","url":"https:\/\/secure.gravatar.com\/avatar\/d4fe7459cfc51ff5129ce1a732bbef5928568b8092d412ef95611616376bbeed?s=96&d=mm&r=g","contentUrl":"https:\/\/secure.gravatar.com\/avatar\/d4fe7459cfc51ff5129ce1a732bbef5928568b8092d412ef95611616376bbeed?s=96&d=mm&r=g","caption":"f1000024"},"url":"https:\/\/cvinoticias.com\/v3\/author\/f1000024\/"}]}},"_links":{"self":[{"href":"https:\/\/cvinoticias.com\/v3\/wp-json\/wp\/v2\/posts\/19667","targetHints":{"allow":["GET"]}}],"collection":[{"href":"https:\/\/cvinoticias.com\/v3\/wp-json\/wp\/v2\/posts"}],"about":[{"href":"https:\/\/cvinoticias.com\/v3\/wp-json\/wp\/v2\/types\/post"}],"author":[{"embeddable":true,"href":"https:\/\/cvinoticias.com\/v3\/wp-json\/wp\/v2\/users\/2"}],"replies":[{"embeddable":true,"href":"https:\/\/cvinoticias.com\/v3\/wp-json\/wp\/v2\/comments?post=19667"}],"version-history":[{"count":1,"href":"https:\/\/cvinoticias.com\/v3\/wp-json\/wp\/v2\/posts\/19667\/revisions"}],"predecessor-version":[{"id":19672,"href":"https:\/\/cvinoticias.com\/v3\/wp-json\/wp\/v2\/posts\/19667\/revisions\/19672"}],"wp:featuredmedia":[{"embeddable":true,"href":"https:\/\/cvinoticias.com\/v3\/wp-json\/wp\/v2\/media\/19671"}],"wp:attachment":[{"href":"https:\/\/cvinoticias.com\/v3\/wp-json\/wp\/v2\/media?parent=19667"}],"wp:term":[{"taxonomy":"category","embeddable":true,"href":"https:\/\/cvinoticias.com\/v3\/wp-json\/wp\/v2\/categories?post=19667"},{"taxonomy":"post_tag","embeddable":true,"href":"https:\/\/cvinoticias.com\/v3\/wp-json\/wp\/v2\/tags?post=19667"}],"curies":[{"name":"wp","href":"https:\/\/api.w.org\/{rel}","templated":true}]}}