{"id":19644,"date":"2022-10-03T11:44:13","date_gmt":"2022-10-03T11:44:13","guid":{"rendered":"https:\/\/cvinoticias.com\/v3\/?p=19644"},"modified":"2022-10-03T11:44:13","modified_gmt":"2022-10-03T11:44:13","slug":"alberto-fernandez-celebro-la-expresion-democratica-tras-el-triunfo-de-lula","status":"publish","type":"post","link":"https:\/\/cvinoticias.com\/v3\/alberto-fernandez-celebro-la-expresion-democratica-tras-el-triunfo-de-lula\/","title":{"rendered":"Alberto Fern\u00e1ndez celebr\u00f3 la \u00abexpresi\u00f3n democr\u00e1tica\u00bb tras el triunfo de Lula"},"content":{"rendered":"\n<p><strong><em>El presidente envi\u00f3 su \u00absincero respeto\u00bb al pueblo brasile\u00f1o dando palabras de apoyo al expresidente da Silva de cara al balotaje.<\/em><\/strong><\/p>\n\n\n\n<p>El presidente Alberto Fern\u00e1ndez felicit\u00f3 este domingo al expresidente brasilero Luiz In\u00e1cio Lula da Silva por su \u00abtriunfo en primera vuelta\u00bb y envi\u00f3 su \u00absincero respeto\u00bb al pueblo de Brasil por su \u00abexpresi\u00f3n democr\u00e1tica\u00bb durante este domingo electoral.<\/p>\n\n\n\n<p>\u00abFelicito a mi querido Lula por su triunfo en primera vuelta y hago llegar mi sincero respeto al pueblo de Brasil por su profunda expresi\u00f3n democr\u00e1tica\u00bb, escribi\u00f3 Fern\u00e1ndez en su cuenta de Twitter.<\/p>\n\n\n\n<p>El mandatario argentino comparti\u00f3 adem\u00e1s una foto suya d\u00e1ndose la mano con el candidato brasilero.<\/p>\n\n\n\n<p>El expresidente Luiz In\u00e1cio Lula da Silva se impuso esta noche en la primera vuelta de las elecciones de Brasil por m\u00e1s de cuatro puntos porcentuales sobre el mandatario Jair Bolsonaro, pero la puja por el poder se definir\u00e1 el pr\u00f3ximo 30 de octubre en balotaje, confirm\u00f3 el Tribunal Superior Electoral (TSE).<\/p>\n\n\n\n<p>Con el 98,83 por ciento de los sufragios contados. Lula obten\u00eda el 48.16 por ciento y Bolsonaro el 43,43 por ciento.<\/p>\n","protected":false},"excerpt":{"rendered":"<p>El presidente envi\u00f3 su \u00absincero respeto\u00bb al pueblo brasile\u00f1o dando palabras de apoyo al expresidente da Silva de cara al balotaje. El presidente Alberto Fern\u00e1ndez felicit\u00f3 este domingo al expresidente brasilero Luiz In\u00e1cio Lula da Silva por su \u00abtriunfo en primera vuelta\u00bb y envi\u00f3 su \u00absincero respeto\u00bb al pueblo de Brasil por su \u00abexpresi\u00f3n democr\u00e1tica\u00bb [&hellip;]<\/p>\n","protected":false},"author":2,"featured_media":19645,"comment_status":"open","ping_status":"open","sticky":false,"template":"","format":"standard","meta":{"footnotes":""},"categories":[42],"tags":[],"class_list":["post-19644","post","type-post","status-publish","format-standard","has-post-thumbnail","hentry","category-politica"],"yoast_head":"<!-- This site is optimized with the Yoast SEO plugin v27.5 - https:\/\/yoast.com\/product\/yoast-seo-wordpress\/ -->\n<title>Alberto Fern\u00e1ndez celebr\u00f3 la &quot;expresi\u00f3n democr\u00e1tica&quot; tras el triunfo de Lula | CVI NOTICIAS<\/title>\n<meta name=\"robots\" content=\"index, follow, max-snippet:-1, max-image-preview:large, max-video-preview:-1\" \/>\n<link rel=\"canonical\" href=\"https:\/\/cvinoticias.com\/v3\/alberto-fernandez-celebro-la-expresion-democratica-tras-el-triunfo-de-lula\/\" \/>\n<meta property=\"og:locale\" content=\"es_ES\" \/>\n<meta property=\"og:type\" content=\"article\" \/>\n<meta property=\"og:title\" content=\"Alberto Fern\u00e1ndez celebr\u00f3 la &quot;expresi\u00f3n democr\u00e1tica&quot; tras el triunfo de Lula | CVI NOTICIAS\" \/>\n<meta property=\"og:description\" content=\"El presidente envi\u00f3 su \u00absincero respeto\u00bb al pueblo brasile\u00f1o dando palabras de apoyo al expresidente da Silva de cara al balotaje. El presidente Alberto Fern\u00e1ndez felicit\u00f3 este domingo al expresidente brasilero Luiz In\u00e1cio Lula da Silva por su \u00abtriunfo en primera vuelta\u00bb y envi\u00f3 su \u00absincero respeto\u00bb al pueblo de Brasil por su \u00abexpresi\u00f3n democr\u00e1tica\u00bb [&hellip;]\" \/>\n<meta property=\"og:url\" content=\"https:\/\/cvinoticias.com\/v3\/alberto-fernandez-celebro-la-expresion-democratica-tras-el-triunfo-de-lula\/\" \/>\n<meta property=\"og:site_name\" content=\"CVI NOTICIAS\" \/>\n<meta property=\"article:publisher\" content=\"https:\/\/www.facebook.com\/cvinoticias\" \/>\n<meta property=\"article:published_time\" content=\"2022-10-03T11:44:13+00:00\" \/>\n<meta property=\"og:image\" content=\"https:\/\/cvinoticias.com\/wp-content\/uploads\/2022\/10\/0000114010.jpg\" \/>\n\t<meta property=\"og:image:width\" content=\"900\" \/>\n\t<meta property=\"og:image:height\" content=\"506\" \/>\n\t<meta property=\"og:image:type\" content=\"image\/jpeg\" \/>\n<meta name=\"author\" content=\"f1000024\" \/>\n<meta name=\"twitter:card\" content=\"summary_large_image\" \/>\n<meta name=\"twitter:label1\" content=\"Escrito por\" \/>\n\t<meta name=\"twitter:data1\" content=\"f1000024\" \/>\n\t<meta name=\"twitter:label2\" content=\"Tiempo de lectura\" \/>\n\t<meta name=\"twitter:data2\" content=\"1 minuto\" \/>\n<script type=\"application\/ld+json\" class=\"yoast-schema-graph\">{\"@context\":\"https:\\\/\\\/schema.org\",\"@graph\":[{\"@type\":\"Article\",\"@id\":\"https:\\\/\\\/cvinoticias.com\\\/v3\\\/alberto-fernandez-celebro-la-expresion-democratica-tras-el-triunfo-de-lula\\\/#article\",\"isPartOf\":{\"@id\":\"https:\\\/\\\/cvinoticias.com\\\/v3\\\/alberto-fernandez-celebro-la-expresion-democratica-tras-el-triunfo-de-lula\\\/\"},\"author\":{\"name\":\"f1000024\",\"@id\":\"https:\\\/\\\/cvinoticias.com\\\/v3\\\/#\\\/schema\\\/person\\\/2db77e3c6bc03c538495d7b2b8be9b66\"},\"headline\":\"Alberto Fern\u00e1ndez celebr\u00f3 la \u00abexpresi\u00f3n democr\u00e1tica\u00bb tras el triunfo de Lula\",\"datePublished\":\"2022-10-03T11:44:13+00:00\",\"mainEntityOfPage\":{\"@id\":\"https:\\\/\\\/cvinoticias.com\\\/v3\\\/alberto-fernandez-celebro-la-expresion-democratica-tras-el-triunfo-de-lula\\\/\"},\"wordCount\":204,\"commentCount\":0,\"publisher\":{\"@id\":\"https:\\\/\\\/cvinoticias.com\\\/v3\\\/#organization\"},\"image\":{\"@id\":\"https:\\\/\\\/cvinoticias.com\\\/v3\\\/alberto-fernandez-celebro-la-expresion-democratica-tras-el-triunfo-de-lula\\\/#primaryimage\"},\"thumbnailUrl\":\"https:\\\/\\\/cvinoticias.com\\\/wp-content\\\/uploads\\\/2022\\\/10\\\/0000114010.jpg\",\"articleSection\":[\"Politica\"],\"inLanguage\":\"es\",\"potentialAction\":[{\"@type\":\"CommentAction\",\"name\":\"Comment\",\"target\":[\"https:\\\/\\\/cvinoticias.com\\\/v3\\\/alberto-fernandez-celebro-la-expresion-democratica-tras-el-triunfo-de-lula\\\/#respond\"]}]},{\"@type\":\"WebPage\",\"@id\":\"https:\\\/\\\/cvinoticias.com\\\/v3\\\/alberto-fernandez-celebro-la-expresion-democratica-tras-el-triunfo-de-lula\\\/\",\"url\":\"https:\\\/\\\/cvinoticias.com\\\/v3\\\/alberto-fernandez-celebro-la-expresion-democratica-tras-el-triunfo-de-lula\\\/\",\"name\":\"Alberto Fern\u00e1ndez celebr\u00f3 la \\\"expresi\u00f3n democr\u00e1tica\\\" tras el triunfo de Lula | CVI NOTICIAS\",\"isPartOf\":{\"@id\":\"https:\\\/\\\/cvinoticias.com\\\/v3\\\/#website\"},\"primaryImageOfPage\":{\"@id\":\"https:\\\/\\\/cvinoticias.com\\\/v3\\\/alberto-fernandez-celebro-la-expresion-democratica-tras-el-triunfo-de-lula\\\/#primaryimage\"},\"image\":{\"@id\":\"https:\\\/\\\/cvinoticias.com\\\/v3\\\/alberto-fernandez-celebro-la-expresion-democratica-tras-el-triunfo-de-lula\\\/#primaryimage\"},\"thumbnailUrl\":\"https:\\\/\\\/cvinoticias.com\\\/wp-content\\\/uploads\\\/2022\\\/10\\\/0000114010.jpg\",\"datePublished\":\"2022-10-03T11:44:13+00:00\",\"breadcrumb\":{\"@id\":\"https:\\\/\\\/cvinoticias.com\\\/v3\\\/alberto-fernandez-celebro-la-expresion-democratica-tras-el-triunfo-de-lula\\\/#breadcrumb\"},\"inLanguage\":\"es\",\"potentialAction\":[{\"@type\":\"ReadAction\",\"target\":[\"https:\\\/\\\/cvinoticias.com\\\/v3\\\/alberto-fernandez-celebro-la-expresion-democratica-tras-el-triunfo-de-lula\\\/\"]}]},{\"@type\":\"ImageObject\",\"inLanguage\":\"es\",\"@id\":\"https:\\\/\\\/cvinoticias.com\\\/v3\\\/alberto-fernandez-celebro-la-expresion-democratica-tras-el-triunfo-de-lula\\\/#primaryimage\",\"url\":\"https:\\\/\\\/cvinoticias.com\\\/wp-content\\\/uploads\\\/2022\\\/10\\\/0000114010.jpg\",\"contentUrl\":\"https:\\\/\\\/cvinoticias.com\\\/wp-content\\\/uploads\\\/2022\\\/10\\\/0000114010.jpg\",\"width\":900,\"height\":506},{\"@type\":\"BreadcrumbList\",\"@id\":\"https:\\\/\\\/cvinoticias.com\\\/v3\\\/alberto-fernandez-celebro-la-expresion-democratica-tras-el-triunfo-de-lula\\\/#breadcrumb\",\"itemListElement\":[{\"@type\":\"ListItem\",\"position\":1,\"name\":\"Portada\",\"item\":\"https:\\\/\\\/cvinoticias.com\\\/v3\\\/\"},{\"@type\":\"ListItem\",\"position\":2,\"name\":\"Alberto Fern\u00e1ndez celebr\u00f3 la \u00abexpresi\u00f3n democr\u00e1tica\u00bb tras el triunfo de Lula\"}]},{\"@type\":\"WebSite\",\"@id\":\"https:\\\/\\\/cvinoticias.com\\\/v3\\\/#website\",\"url\":\"https:\\\/\\\/cvinoticias.com\\\/v3\\\/\",\"name\":\"CVI NOTICIAS\",\"description\":\"\",\"publisher\":{\"@id\":\"https:\\\/\\\/cvinoticias.com\\\/v3\\\/#organization\"},\"alternateName\":\"CVI\",\"potentialAction\":[{\"@type\":\"SearchAction\",\"target\":{\"@type\":\"EntryPoint\",\"urlTemplate\":\"https:\\\/\\\/cvinoticias.com\\\/v3\\\/?s={search_term_string}\"},\"query-input\":{\"@type\":\"PropertyValueSpecification\",\"valueRequired\":true,\"valueName\":\"search_term_string\"}}],\"inLanguage\":\"es\"},{\"@type\":\"Organization\",\"@id\":\"https:\\\/\\\/cvinoticias.com\\\/v3\\\/#organization\",\"name\":\"CVI NOTICIAS\",\"url\":\"https:\\\/\\\/cvinoticias.com\\\/v3\\\/\",\"logo\":{\"@type\":\"ImageObject\",\"inLanguage\":\"es\",\"@id\":\"https:\\\/\\\/cvinoticias.com\\\/v3\\\/#\\\/schema\\\/logo\\\/image\\\/\",\"url\":\"https:\\\/\\\/cvinoticias.com\\\/wp-content\\\/uploads\\\/2023\\\/04\\\/cropped-cropped-cropped-cropped-cropped-3-1.png\",\"contentUrl\":\"https:\\\/\\\/cvinoticias.com\\\/wp-content\\\/uploads\\\/2023\\\/04\\\/cropped-cropped-cropped-cropped-cropped-3-1.png\",\"width\":95,\"height\":122,\"caption\":\"CVI NOTICIAS\"},\"image\":{\"@id\":\"https:\\\/\\\/cvinoticias.com\\\/v3\\\/#\\\/schema\\\/logo\\\/image\\\/\"},\"sameAs\":[\"https:\\\/\\\/www.facebook.com\\\/cvinoticias\",\"https:\\\/\\\/www.instagram.com\\\/cvinoticias\\\/\",\"https:\\\/\\\/www.youtube.com\\\/@CVINOTICIAS\"]},{\"@type\":\"Person\",\"@id\":\"https:\\\/\\\/cvinoticias.com\\\/v3\\\/#\\\/schema\\\/person\\\/2db77e3c6bc03c538495d7b2b8be9b66\",\"name\":\"f1000024\",\"image\":{\"@type\":\"ImageObject\",\"inLanguage\":\"es\",\"@id\":\"https:\\\/\\\/secure.gravatar.com\\\/avatar\\\/d4fe7459cfc51ff5129ce1a732bbef5928568b8092d412ef95611616376bbeed?s=96&d=mm&r=g\",\"url\":\"https:\\\/\\\/secure.gravatar.com\\\/avatar\\\/d4fe7459cfc51ff5129ce1a732bbef5928568b8092d412ef95611616376bbeed?s=96&d=mm&r=g\",\"contentUrl\":\"https:\\\/\\\/secure.gravatar.com\\\/avatar\\\/d4fe7459cfc51ff5129ce1a732bbef5928568b8092d412ef95611616376bbeed?s=96&d=mm&r=g\",\"caption\":\"f1000024\"},\"url\":\"https:\\\/\\\/cvinoticias.com\\\/v3\\\/author\\\/f1000024\\\/\"}]}<\/script>\n<!-- \/ Yoast SEO plugin. -->","yoast_head_json":{"title":"Alberto Fern\u00e1ndez celebr\u00f3 la \"expresi\u00f3n democr\u00e1tica\" tras el triunfo de Lula | CVI NOTICIAS","robots":{"index":"index","follow":"follow","max-snippet":"max-snippet:-1","max-image-preview":"max-image-preview:large","max-video-preview":"max-video-preview:-1"},"canonical":"https:\/\/cvinoticias.com\/v3\/alberto-fernandez-celebro-la-expresion-democratica-tras-el-triunfo-de-lula\/","og_locale":"es_ES","og_type":"article","og_title":"Alberto Fern\u00e1ndez celebr\u00f3 la \"expresi\u00f3n democr\u00e1tica\" tras el triunfo de Lula | CVI NOTICIAS","og_description":"El presidente envi\u00f3 su \u00absincero respeto\u00bb al pueblo brasile\u00f1o dando palabras de apoyo al expresidente da Silva de cara al balotaje. El presidente Alberto Fern\u00e1ndez felicit\u00f3 este domingo al expresidente brasilero Luiz In\u00e1cio Lula da Silva por su \u00abtriunfo en primera vuelta\u00bb y envi\u00f3 su \u00absincero respeto\u00bb al pueblo de Brasil por su \u00abexpresi\u00f3n democr\u00e1tica\u00bb [&hellip;]","og_url":"https:\/\/cvinoticias.com\/v3\/alberto-fernandez-celebro-la-expresion-democratica-tras-el-triunfo-de-lula\/","og_site_name":"CVI NOTICIAS","article_publisher":"https:\/\/www.facebook.com\/cvinoticias","article_published_time":"2022-10-03T11:44:13+00:00","og_image":[{"width":900,"height":506,"url":"https:\/\/cvinoticias.com\/wp-content\/uploads\/2022\/10\/0000114010.jpg","type":"image\/jpeg"}],"author":"f1000024","twitter_card":"summary_large_image","twitter_misc":{"Escrito por":"f1000024","Tiempo de lectura":"1 minuto"},"schema":{"@context":"https:\/\/schema.org","@graph":[{"@type":"Article","@id":"https:\/\/cvinoticias.com\/v3\/alberto-fernandez-celebro-la-expresion-democratica-tras-el-triunfo-de-lula\/#article","isPartOf":{"@id":"https:\/\/cvinoticias.com\/v3\/alberto-fernandez-celebro-la-expresion-democratica-tras-el-triunfo-de-lula\/"},"author":{"name":"f1000024","@id":"https:\/\/cvinoticias.com\/v3\/#\/schema\/person\/2db77e3c6bc03c538495d7b2b8be9b66"},"headline":"Alberto Fern\u00e1ndez celebr\u00f3 la \u00abexpresi\u00f3n democr\u00e1tica\u00bb tras el triunfo de Lula","datePublished":"2022-10-03T11:44:13+00:00","mainEntityOfPage":{"@id":"https:\/\/cvinoticias.com\/v3\/alberto-fernandez-celebro-la-expresion-democratica-tras-el-triunfo-de-lula\/"},"wordCount":204,"commentCount":0,"publisher":{"@id":"https:\/\/cvinoticias.com\/v3\/#organization"},"image":{"@id":"https:\/\/cvinoticias.com\/v3\/alberto-fernandez-celebro-la-expresion-democratica-tras-el-triunfo-de-lula\/#primaryimage"},"thumbnailUrl":"https:\/\/cvinoticias.com\/wp-content\/uploads\/2022\/10\/0000114010.jpg","articleSection":["Politica"],"inLanguage":"es","potentialAction":[{"@type":"CommentAction","name":"Comment","target":["https:\/\/cvinoticias.com\/v3\/alberto-fernandez-celebro-la-expresion-democratica-tras-el-triunfo-de-lula\/#respond"]}]},{"@type":"WebPage","@id":"https:\/\/cvinoticias.com\/v3\/alberto-fernandez-celebro-la-expresion-democratica-tras-el-triunfo-de-lula\/","url":"https:\/\/cvinoticias.com\/v3\/alberto-fernandez-celebro-la-expresion-democratica-tras-el-triunfo-de-lula\/","name":"Alberto Fern\u00e1ndez celebr\u00f3 la \"expresi\u00f3n democr\u00e1tica\" tras el triunfo de Lula | CVI NOTICIAS","isPartOf":{"@id":"https:\/\/cvinoticias.com\/v3\/#website"},"primaryImageOfPage":{"@id":"https:\/\/cvinoticias.com\/v3\/alberto-fernandez-celebro-la-expresion-democratica-tras-el-triunfo-de-lula\/#primaryimage"},"image":{"@id":"https:\/\/cvinoticias.com\/v3\/alberto-fernandez-celebro-la-expresion-democratica-tras-el-triunfo-de-lula\/#primaryimage"},"thumbnailUrl":"https:\/\/cvinoticias.com\/wp-content\/uploads\/2022\/10\/0000114010.jpg","datePublished":"2022-10-03T11:44:13+00:00","breadcrumb":{"@id":"https:\/\/cvinoticias.com\/v3\/alberto-fernandez-celebro-la-expresion-democratica-tras-el-triunfo-de-lula\/#breadcrumb"},"inLanguage":"es","potentialAction":[{"@type":"ReadAction","target":["https:\/\/cvinoticias.com\/v3\/alberto-fernandez-celebro-la-expresion-democratica-tras-el-triunfo-de-lula\/"]}]},{"@type":"ImageObject","inLanguage":"es","@id":"https:\/\/cvinoticias.com\/v3\/alberto-fernandez-celebro-la-expresion-democratica-tras-el-triunfo-de-lula\/#primaryimage","url":"https:\/\/cvinoticias.com\/wp-content\/uploads\/2022\/10\/0000114010.jpg","contentUrl":"https:\/\/cvinoticias.com\/wp-content\/uploads\/2022\/10\/0000114010.jpg","width":900,"height":506},{"@type":"BreadcrumbList","@id":"https:\/\/cvinoticias.com\/v3\/alberto-fernandez-celebro-la-expresion-democratica-tras-el-triunfo-de-lula\/#breadcrumb","itemListElement":[{"@type":"ListItem","position":1,"name":"Portada","item":"https:\/\/cvinoticias.com\/v3\/"},{"@type":"ListItem","position":2,"name":"Alberto Fern\u00e1ndez celebr\u00f3 la \u00abexpresi\u00f3n democr\u00e1tica\u00bb tras el triunfo de Lula"}]},{"@type":"WebSite","@id":"https:\/\/cvinoticias.com\/v3\/#website","url":"https:\/\/cvinoticias.com\/v3\/","name":"CVI NOTICIAS","description":"","publisher":{"@id":"https:\/\/cvinoticias.com\/v3\/#organization"},"alternateName":"CVI","potentialAction":[{"@type":"SearchAction","target":{"@type":"EntryPoint","urlTemplate":"https:\/\/cvinoticias.com\/v3\/?s={search_term_string}"},"query-input":{"@type":"PropertyValueSpecification","valueRequired":true,"valueName":"search_term_string"}}],"inLanguage":"es"},{"@type":"Organization","@id":"https:\/\/cvinoticias.com\/v3\/#organization","name":"CVI NOTICIAS","url":"https:\/\/cvinoticias.com\/v3\/","logo":{"@type":"ImageObject","inLanguage":"es","@id":"https:\/\/cvinoticias.com\/v3\/#\/schema\/logo\/image\/","url":"https:\/\/cvinoticias.com\/wp-content\/uploads\/2023\/04\/cropped-cropped-cropped-cropped-cropped-3-1.png","contentUrl":"https:\/\/cvinoticias.com\/wp-content\/uploads\/2023\/04\/cropped-cropped-cropped-cropped-cropped-3-1.png","width":95,"height":122,"caption":"CVI NOTICIAS"},"image":{"@id":"https:\/\/cvinoticias.com\/v3\/#\/schema\/logo\/image\/"},"sameAs":["https:\/\/www.facebook.com\/cvinoticias","https:\/\/www.instagram.com\/cvinoticias\/","https:\/\/www.youtube.com\/@CVINOTICIAS"]},{"@type":"Person","@id":"https:\/\/cvinoticias.com\/v3\/#\/schema\/person\/2db77e3c6bc03c538495d7b2b8be9b66","name":"f1000024","image":{"@type":"ImageObject","inLanguage":"es","@id":"https:\/\/secure.gravatar.com\/avatar\/d4fe7459cfc51ff5129ce1a732bbef5928568b8092d412ef95611616376bbeed?s=96&d=mm&r=g","url":"https:\/\/secure.gravatar.com\/avatar\/d4fe7459cfc51ff5129ce1a732bbef5928568b8092d412ef95611616376bbeed?s=96&d=mm&r=g","contentUrl":"https:\/\/secure.gravatar.com\/avatar\/d4fe7459cfc51ff5129ce1a732bbef5928568b8092d412ef95611616376bbeed?s=96&d=mm&r=g","caption":"f1000024"},"url":"https:\/\/cvinoticias.com\/v3\/author\/f1000024\/"}]}},"_links":{"self":[{"href":"https:\/\/cvinoticias.com\/v3\/wp-json\/wp\/v2\/posts\/19644","targetHints":{"allow":["GET"]}}],"collection":[{"href":"https:\/\/cvinoticias.com\/v3\/wp-json\/wp\/v2\/posts"}],"about":[{"href":"https:\/\/cvinoticias.com\/v3\/wp-json\/wp\/v2\/types\/post"}],"author":[{"embeddable":true,"href":"https:\/\/cvinoticias.com\/v3\/wp-json\/wp\/v2\/users\/2"}],"replies":[{"embeddable":true,"href":"https:\/\/cvinoticias.com\/v3\/wp-json\/wp\/v2\/comments?post=19644"}],"version-history":[{"count":1,"href":"https:\/\/cvinoticias.com\/v3\/wp-json\/wp\/v2\/posts\/19644\/revisions"}],"predecessor-version":[{"id":19646,"href":"https:\/\/cvinoticias.com\/v3\/wp-json\/wp\/v2\/posts\/19644\/revisions\/19646"}],"wp:featuredmedia":[{"embeddable":true,"href":"https:\/\/cvinoticias.com\/v3\/wp-json\/wp\/v2\/media\/19645"}],"wp:attachment":[{"href":"https:\/\/cvinoticias.com\/v3\/wp-json\/wp\/v2\/media?parent=19644"}],"wp:term":[{"taxonomy":"category","embeddable":true,"href":"https:\/\/cvinoticias.com\/v3\/wp-json\/wp\/v2\/categories?post=19644"},{"taxonomy":"post_tag","embeddable":true,"href":"https:\/\/cvinoticias.com\/v3\/wp-json\/wp\/v2\/tags?post=19644"}],"curies":[{"name":"wp","href":"https:\/\/api.w.org\/{rel}","templated":true}]}}