{"id":19617,"date":"2022-10-02T13:41:40","date_gmt":"2022-10-02T13:41:40","guid":{"rendered":"https:\/\/cvinoticias.com\/v3\/?p=19617"},"modified":"2022-10-02T13:41:40","modified_gmt":"2022-10-02T13:41:40","slug":"legislar-en-nombre-del-centralismo-porteno-y-en-perjuicio-de-los-misioneros","status":"publish","type":"post","link":"https:\/\/cvinoticias.com\/v3\/legislar-en-nombre-del-centralismo-porteno-y-en-perjuicio-de-los-misioneros\/","title":{"rendered":"Legislar en nombre del centralismo porte\u00f1o y en perjuicio de los misioneros"},"content":{"rendered":"\n<p><strong><em>Legisladores de Juntos por el Cambio de Misiones presionan al Poder Judicial sobre una causa pendiente de resoluci\u00f3n en un claro avasallamiento a la divisi\u00f3n de poderes.<\/em><\/strong><\/p>\n\n\n\n<p>En los \u00faltimos d\u00edas y luego de 5 a\u00f1os, la Corte Suprema de Justicia de la Naci\u00f3n se declar\u00f3 competente e intervendr\u00e1 en la demanda que present\u00f3 la cementera Loma Negra en el a\u00f1o 2017 contra la Agencia Tributaria Misiones (ATM) por el cobro anticipado de IIBB; una medida que el Gobierno Provincial puso en funcionamiento en el a\u00f1o 2007 para reducir los altos niveles de evasi\u00f3n que hab\u00eda en la provincia, y a su vez, generar recaudaci\u00f3n para poder palear los bajos niveles de coparticipaci\u00f3n que recibe Misiones.<\/p>\n\n\n\n<p>Es de destacar que Misiones es una de las provincias con mayor movimiento econ\u00f3mico y aportes coparticipables (actualmente se encuentra s\u00e9ptima), sin embargo, a la hora de recibir recursos por parte de Naci\u00f3n se ubica en el puesto 21. Con lo cual, ante esta repartici\u00f3n desigual, la pol\u00edtica fiscal que impuso la provincia para seguir recaudando y manteniendo la gesti\u00f3n p\u00fablica que lleva el gobierno se volvi\u00f3 una cuesti\u00f3n fundamental.<\/p>\n\n\n\n<p><strong>La oposici\u00f3n y el aval a la evasi\u00f3n<\/strong><\/p>\n\n\n\n<p>Los legisladores de Juntos por el Cambio Misiones, Mart\u00edn Arjol, Florencia Klipauka Lewtak, Humberto Schiavoni, Alfredo Schiavoni, la UCR Misiones y Activar Misiones, celebran que la provincia se desfinancie y avalan la medida cautelar que beneficia a Loma Negra, una empresa que cotiza en bolsa, involucrada en la causa de Lava Jato brasilero.<\/p>\n\n\n\n<p>Lo hicieron trav\u00e9s de un flyer comunicativo que no lleva firmas, en dicho \u201ccomunicado\u201d piden la derogaci\u00f3n de la resoluci\u00f3n 56 de la DGR, y la que califican como un atropello a comerciantes y productores; sin embargo, no desarrollan ninguna propuesta alternativa para palear la discrepancia existente en la repartici\u00f3n de los recursos coparticipables.<\/p>\n\n\n\n<p>La actitud de los legisladores de la oposici\u00f3n es completamente repudiable ya que la medida cautelar dictada por la Coste Suprema constituye un perjuicio para la provincia, teniendo en cuenta que lo recaudado se vuelca constantemente en el \u00e1rea social, productiva, industrial y de desarrollo de la provincia.<\/p>\n\n\n\n<p><strong>Es un cr\u00e9dito fiscal, no una doble percepci\u00f3n<\/strong><\/p>\n\n\n\n<p>Esta semana el ministro de Hacienda de la provincia, Adolfo Safr\u00e1n se refiri\u00f3 a la medida judicial que favoreci\u00f3 a la cementera de capitales brasile\u00f1os y se\u00f1al\u00f3 que la Provincia tiene un \u201cr\u00e9gimen de pago a cuentas\u201d que busca que las empresas de otros puntos del pa\u00eds, \u201cpaguen lo que le corresponde a la provincia\u201d.<\/p>\n\n\n\n<p>Cabe destacar que el r\u00e9gimen de pago a cuenta de percepci\u00f3n de IIBB no es un impuesto nuevo, no es una retenci\u00f3n, no es un gasto. Es solamente un cr\u00e9dito fiscal que la propia empresa que si o si tiene que hacer su declaraci\u00f3n jurada a fin de mes, a fin de a\u00f1o y ese cr\u00e9dito fiscal se toma a favor por haber adelantado el pago de impuestos.<\/p>\n\n\n\n<p>En tanto sobre el fallo, Safr\u00e1n aclar\u00f3 que la Justicia a\u00fan no se ha pronunciado sobre la cuesti\u00f3n de fondo que es la legalidad o no del mecanismo y se mostr\u00f3 confiado en que el fallo ser\u00e1 favorable a Misiones luego que haga su defensa. \u201cVamos a demostrar que es un r\u00e9gimen de pago a cuentas y no una aduana como manifiesta la empresa\u201d asever\u00f3.<\/p>\n","protected":false},"excerpt":{"rendered":"<p>Legisladores de Juntos por el Cambio de Misiones presionan al Poder Judicial sobre una causa pendiente de resoluci\u00f3n en un claro avasallamiento a la divisi\u00f3n de poderes. En los \u00faltimos d\u00edas y luego de 5 a\u00f1os, la Corte Suprema de Justicia de la Naci\u00f3n se declar\u00f3 competente e intervendr\u00e1 en la demanda que present\u00f3 la [&hellip;]<\/p>\n","protected":false},"author":2,"featured_media":19618,"comment_status":"open","ping_status":"open","sticky":false,"template":"","format":"standard","meta":{"footnotes":""},"categories":[42],"tags":[],"class_list":["post-19617","post","type-post","status-publish","format-standard","has-post-thumbnail","hentry","category-politica"],"yoast_head":"<!-- This site is optimized with the Yoast SEO plugin v27.5 - https:\/\/yoast.com\/product\/yoast-seo-wordpress\/ -->\n<title>Legislar en nombre del centralismo porte\u00f1o y en perjuicio de los misioneros | CVI NOTICIAS<\/title>\n<meta name=\"robots\" content=\"index, follow, max-snippet:-1, max-image-preview:large, max-video-preview:-1\" \/>\n<link rel=\"canonical\" href=\"https:\/\/cvinoticias.com\/v3\/legislar-en-nombre-del-centralismo-porteno-y-en-perjuicio-de-los-misioneros\/\" \/>\n<meta property=\"og:locale\" content=\"es_ES\" \/>\n<meta property=\"og:type\" content=\"article\" \/>\n<meta property=\"og:title\" content=\"Legislar en nombre del centralismo porte\u00f1o y en perjuicio de los misioneros | CVI NOTICIAS\" \/>\n<meta property=\"og:description\" content=\"Legisladores de Juntos por el Cambio de Misiones presionan al Poder Judicial sobre una causa pendiente de resoluci\u00f3n en un claro avasallamiento a la divisi\u00f3n de poderes. En los \u00faltimos d\u00edas y luego de 5 a\u00f1os, la Corte Suprema de Justicia de la Naci\u00f3n se declar\u00f3 competente e intervendr\u00e1 en la demanda que present\u00f3 la [&hellip;]\" \/>\n<meta property=\"og:url\" content=\"https:\/\/cvinoticias.com\/v3\/legislar-en-nombre-del-centralismo-porteno-y-en-perjuicio-de-los-misioneros\/\" \/>\n<meta property=\"og:site_name\" content=\"CVI NOTICIAS\" \/>\n<meta property=\"article:publisher\" content=\"https:\/\/www.facebook.com\/cvinoticias\" \/>\n<meta property=\"article:published_time\" content=\"2022-10-02T13:41:40+00:00\" \/>\n<meta property=\"og:image\" content=\"https:\/\/cvinoticias.com\/wp-content\/uploads\/2022\/10\/Screenshot_20221002-103935_WhatsApp.jpg\" \/>\n\t<meta property=\"og:image:width\" content=\"1080\" \/>\n\t<meta property=\"og:image:height\" content=\"588\" \/>\n\t<meta property=\"og:image:type\" content=\"image\/jpeg\" \/>\n<meta name=\"author\" content=\"f1000024\" \/>\n<meta name=\"twitter:card\" content=\"summary_large_image\" \/>\n<meta name=\"twitter:label1\" content=\"Escrito por\" \/>\n\t<meta name=\"twitter:data1\" content=\"f1000024\" \/>\n\t<meta name=\"twitter:label2\" content=\"Tiempo de lectura\" \/>\n\t<meta name=\"twitter:data2\" content=\"3 minutos\" \/>\n<script type=\"application\/ld+json\" class=\"yoast-schema-graph\">{\"@context\":\"https:\\\/\\\/schema.org\",\"@graph\":[{\"@type\":\"Article\",\"@id\":\"https:\\\/\\\/cvinoticias.com\\\/v3\\\/legislar-en-nombre-del-centralismo-porteno-y-en-perjuicio-de-los-misioneros\\\/#article\",\"isPartOf\":{\"@id\":\"https:\\\/\\\/cvinoticias.com\\\/v3\\\/legislar-en-nombre-del-centralismo-porteno-y-en-perjuicio-de-los-misioneros\\\/\"},\"author\":{\"name\":\"f1000024\",\"@id\":\"https:\\\/\\\/cvinoticias.com\\\/v3\\\/#\\\/schema\\\/person\\\/2db77e3c6bc03c538495d7b2b8be9b66\"},\"headline\":\"Legislar en nombre del centralismo porte\u00f1o y en perjuicio de los misioneros\",\"datePublished\":\"2022-10-02T13:41:40+00:00\",\"mainEntityOfPage\":{\"@id\":\"https:\\\/\\\/cvinoticias.com\\\/v3\\\/legislar-en-nombre-del-centralismo-porteno-y-en-perjuicio-de-los-misioneros\\\/\"},\"wordCount\":598,\"commentCount\":0,\"publisher\":{\"@id\":\"https:\\\/\\\/cvinoticias.com\\\/v3\\\/#organization\"},\"image\":{\"@id\":\"https:\\\/\\\/cvinoticias.com\\\/v3\\\/legislar-en-nombre-del-centralismo-porteno-y-en-perjuicio-de-los-misioneros\\\/#primaryimage\"},\"thumbnailUrl\":\"https:\\\/\\\/cvinoticias.com\\\/wp-content\\\/uploads\\\/2022\\\/10\\\/Screenshot_20221002-103935_WhatsApp.jpg\",\"articleSection\":[\"Politica\"],\"inLanguage\":\"es\",\"potentialAction\":[{\"@type\":\"CommentAction\",\"name\":\"Comment\",\"target\":[\"https:\\\/\\\/cvinoticias.com\\\/v3\\\/legislar-en-nombre-del-centralismo-porteno-y-en-perjuicio-de-los-misioneros\\\/#respond\"]}]},{\"@type\":\"WebPage\",\"@id\":\"https:\\\/\\\/cvinoticias.com\\\/v3\\\/legislar-en-nombre-del-centralismo-porteno-y-en-perjuicio-de-los-misioneros\\\/\",\"url\":\"https:\\\/\\\/cvinoticias.com\\\/v3\\\/legislar-en-nombre-del-centralismo-porteno-y-en-perjuicio-de-los-misioneros\\\/\",\"name\":\"Legislar en nombre del centralismo porte\u00f1o y en perjuicio de los misioneros | CVI NOTICIAS\",\"isPartOf\":{\"@id\":\"https:\\\/\\\/cvinoticias.com\\\/v3\\\/#website\"},\"primaryImageOfPage\":{\"@id\":\"https:\\\/\\\/cvinoticias.com\\\/v3\\\/legislar-en-nombre-del-centralismo-porteno-y-en-perjuicio-de-los-misioneros\\\/#primaryimage\"},\"image\":{\"@id\":\"https:\\\/\\\/cvinoticias.com\\\/v3\\\/legislar-en-nombre-del-centralismo-porteno-y-en-perjuicio-de-los-misioneros\\\/#primaryimage\"},\"thumbnailUrl\":\"https:\\\/\\\/cvinoticias.com\\\/wp-content\\\/uploads\\\/2022\\\/10\\\/Screenshot_20221002-103935_WhatsApp.jpg\",\"datePublished\":\"2022-10-02T13:41:40+00:00\",\"breadcrumb\":{\"@id\":\"https:\\\/\\\/cvinoticias.com\\\/v3\\\/legislar-en-nombre-del-centralismo-porteno-y-en-perjuicio-de-los-misioneros\\\/#breadcrumb\"},\"inLanguage\":\"es\",\"potentialAction\":[{\"@type\":\"ReadAction\",\"target\":[\"https:\\\/\\\/cvinoticias.com\\\/v3\\\/legislar-en-nombre-del-centralismo-porteno-y-en-perjuicio-de-los-misioneros\\\/\"]}]},{\"@type\":\"ImageObject\",\"inLanguage\":\"es\",\"@id\":\"https:\\\/\\\/cvinoticias.com\\\/v3\\\/legislar-en-nombre-del-centralismo-porteno-y-en-perjuicio-de-los-misioneros\\\/#primaryimage\",\"url\":\"https:\\\/\\\/cvinoticias.com\\\/wp-content\\\/uploads\\\/2022\\\/10\\\/Screenshot_20221002-103935_WhatsApp.jpg\",\"contentUrl\":\"https:\\\/\\\/cvinoticias.com\\\/wp-content\\\/uploads\\\/2022\\\/10\\\/Screenshot_20221002-103935_WhatsApp.jpg\",\"width\":1080,\"height\":588},{\"@type\":\"BreadcrumbList\",\"@id\":\"https:\\\/\\\/cvinoticias.com\\\/v3\\\/legislar-en-nombre-del-centralismo-porteno-y-en-perjuicio-de-los-misioneros\\\/#breadcrumb\",\"itemListElement\":[{\"@type\":\"ListItem\",\"position\":1,\"name\":\"Portada\",\"item\":\"https:\\\/\\\/cvinoticias.com\\\/v3\\\/\"},{\"@type\":\"ListItem\",\"position\":2,\"name\":\"Legislar en nombre del centralismo porte\u00f1o y en perjuicio de los misioneros\"}]},{\"@type\":\"WebSite\",\"@id\":\"https:\\\/\\\/cvinoticias.com\\\/v3\\\/#website\",\"url\":\"https:\\\/\\\/cvinoticias.com\\\/v3\\\/\",\"name\":\"CVI NOTICIAS\",\"description\":\"\",\"publisher\":{\"@id\":\"https:\\\/\\\/cvinoticias.com\\\/v3\\\/#organization\"},\"alternateName\":\"CVI\",\"potentialAction\":[{\"@type\":\"SearchAction\",\"target\":{\"@type\":\"EntryPoint\",\"urlTemplate\":\"https:\\\/\\\/cvinoticias.com\\\/v3\\\/?s={search_term_string}\"},\"query-input\":{\"@type\":\"PropertyValueSpecification\",\"valueRequired\":true,\"valueName\":\"search_term_string\"}}],\"inLanguage\":\"es\"},{\"@type\":\"Organization\",\"@id\":\"https:\\\/\\\/cvinoticias.com\\\/v3\\\/#organization\",\"name\":\"CVI NOTICIAS\",\"url\":\"https:\\\/\\\/cvinoticias.com\\\/v3\\\/\",\"logo\":{\"@type\":\"ImageObject\",\"inLanguage\":\"es\",\"@id\":\"https:\\\/\\\/cvinoticias.com\\\/v3\\\/#\\\/schema\\\/logo\\\/image\\\/\",\"url\":\"https:\\\/\\\/cvinoticias.com\\\/wp-content\\\/uploads\\\/2023\\\/04\\\/cropped-cropped-cropped-cropped-cropped-3-1.png\",\"contentUrl\":\"https:\\\/\\\/cvinoticias.com\\\/wp-content\\\/uploads\\\/2023\\\/04\\\/cropped-cropped-cropped-cropped-cropped-3-1.png\",\"width\":95,\"height\":122,\"caption\":\"CVI NOTICIAS\"},\"image\":{\"@id\":\"https:\\\/\\\/cvinoticias.com\\\/v3\\\/#\\\/schema\\\/logo\\\/image\\\/\"},\"sameAs\":[\"https:\\\/\\\/www.facebook.com\\\/cvinoticias\",\"https:\\\/\\\/www.instagram.com\\\/cvinoticias\\\/\",\"https:\\\/\\\/www.youtube.com\\\/@CVINOTICIAS\"]},{\"@type\":\"Person\",\"@id\":\"https:\\\/\\\/cvinoticias.com\\\/v3\\\/#\\\/schema\\\/person\\\/2db77e3c6bc03c538495d7b2b8be9b66\",\"name\":\"f1000024\",\"image\":{\"@type\":\"ImageObject\",\"inLanguage\":\"es\",\"@id\":\"https:\\\/\\\/secure.gravatar.com\\\/avatar\\\/d4fe7459cfc51ff5129ce1a732bbef5928568b8092d412ef95611616376bbeed?s=96&d=mm&r=g\",\"url\":\"https:\\\/\\\/secure.gravatar.com\\\/avatar\\\/d4fe7459cfc51ff5129ce1a732bbef5928568b8092d412ef95611616376bbeed?s=96&d=mm&r=g\",\"contentUrl\":\"https:\\\/\\\/secure.gravatar.com\\\/avatar\\\/d4fe7459cfc51ff5129ce1a732bbef5928568b8092d412ef95611616376bbeed?s=96&d=mm&r=g\",\"caption\":\"f1000024\"},\"url\":\"https:\\\/\\\/cvinoticias.com\\\/v3\\\/author\\\/f1000024\\\/\"}]}<\/script>\n<!-- \/ Yoast SEO plugin. -->","yoast_head_json":{"title":"Legislar en nombre del centralismo porte\u00f1o y en perjuicio de los misioneros | CVI NOTICIAS","robots":{"index":"index","follow":"follow","max-snippet":"max-snippet:-1","max-image-preview":"max-image-preview:large","max-video-preview":"max-video-preview:-1"},"canonical":"https:\/\/cvinoticias.com\/v3\/legislar-en-nombre-del-centralismo-porteno-y-en-perjuicio-de-los-misioneros\/","og_locale":"es_ES","og_type":"article","og_title":"Legislar en nombre del centralismo porte\u00f1o y en perjuicio de los misioneros | CVI NOTICIAS","og_description":"Legisladores de Juntos por el Cambio de Misiones presionan al Poder Judicial sobre una causa pendiente de resoluci\u00f3n en un claro avasallamiento a la divisi\u00f3n de poderes. En los \u00faltimos d\u00edas y luego de 5 a\u00f1os, la Corte Suprema de Justicia de la Naci\u00f3n se declar\u00f3 competente e intervendr\u00e1 en la demanda que present\u00f3 la [&hellip;]","og_url":"https:\/\/cvinoticias.com\/v3\/legislar-en-nombre-del-centralismo-porteno-y-en-perjuicio-de-los-misioneros\/","og_site_name":"CVI NOTICIAS","article_publisher":"https:\/\/www.facebook.com\/cvinoticias","article_published_time":"2022-10-02T13:41:40+00:00","og_image":[{"width":1080,"height":588,"url":"https:\/\/cvinoticias.com\/wp-content\/uploads\/2022\/10\/Screenshot_20221002-103935_WhatsApp.jpg","type":"image\/jpeg"}],"author":"f1000024","twitter_card":"summary_large_image","twitter_misc":{"Escrito por":"f1000024","Tiempo de lectura":"3 minutos"},"schema":{"@context":"https:\/\/schema.org","@graph":[{"@type":"Article","@id":"https:\/\/cvinoticias.com\/v3\/legislar-en-nombre-del-centralismo-porteno-y-en-perjuicio-de-los-misioneros\/#article","isPartOf":{"@id":"https:\/\/cvinoticias.com\/v3\/legislar-en-nombre-del-centralismo-porteno-y-en-perjuicio-de-los-misioneros\/"},"author":{"name":"f1000024","@id":"https:\/\/cvinoticias.com\/v3\/#\/schema\/person\/2db77e3c6bc03c538495d7b2b8be9b66"},"headline":"Legislar en nombre del centralismo porte\u00f1o y en perjuicio de los misioneros","datePublished":"2022-10-02T13:41:40+00:00","mainEntityOfPage":{"@id":"https:\/\/cvinoticias.com\/v3\/legislar-en-nombre-del-centralismo-porteno-y-en-perjuicio-de-los-misioneros\/"},"wordCount":598,"commentCount":0,"publisher":{"@id":"https:\/\/cvinoticias.com\/v3\/#organization"},"image":{"@id":"https:\/\/cvinoticias.com\/v3\/legislar-en-nombre-del-centralismo-porteno-y-en-perjuicio-de-los-misioneros\/#primaryimage"},"thumbnailUrl":"https:\/\/cvinoticias.com\/wp-content\/uploads\/2022\/10\/Screenshot_20221002-103935_WhatsApp.jpg","articleSection":["Politica"],"inLanguage":"es","potentialAction":[{"@type":"CommentAction","name":"Comment","target":["https:\/\/cvinoticias.com\/v3\/legislar-en-nombre-del-centralismo-porteno-y-en-perjuicio-de-los-misioneros\/#respond"]}]},{"@type":"WebPage","@id":"https:\/\/cvinoticias.com\/v3\/legislar-en-nombre-del-centralismo-porteno-y-en-perjuicio-de-los-misioneros\/","url":"https:\/\/cvinoticias.com\/v3\/legislar-en-nombre-del-centralismo-porteno-y-en-perjuicio-de-los-misioneros\/","name":"Legislar en nombre del centralismo porte\u00f1o y en perjuicio de los misioneros | CVI NOTICIAS","isPartOf":{"@id":"https:\/\/cvinoticias.com\/v3\/#website"},"primaryImageOfPage":{"@id":"https:\/\/cvinoticias.com\/v3\/legislar-en-nombre-del-centralismo-porteno-y-en-perjuicio-de-los-misioneros\/#primaryimage"},"image":{"@id":"https:\/\/cvinoticias.com\/v3\/legislar-en-nombre-del-centralismo-porteno-y-en-perjuicio-de-los-misioneros\/#primaryimage"},"thumbnailUrl":"https:\/\/cvinoticias.com\/wp-content\/uploads\/2022\/10\/Screenshot_20221002-103935_WhatsApp.jpg","datePublished":"2022-10-02T13:41:40+00:00","breadcrumb":{"@id":"https:\/\/cvinoticias.com\/v3\/legislar-en-nombre-del-centralismo-porteno-y-en-perjuicio-de-los-misioneros\/#breadcrumb"},"inLanguage":"es","potentialAction":[{"@type":"ReadAction","target":["https:\/\/cvinoticias.com\/v3\/legislar-en-nombre-del-centralismo-porteno-y-en-perjuicio-de-los-misioneros\/"]}]},{"@type":"ImageObject","inLanguage":"es","@id":"https:\/\/cvinoticias.com\/v3\/legislar-en-nombre-del-centralismo-porteno-y-en-perjuicio-de-los-misioneros\/#primaryimage","url":"https:\/\/cvinoticias.com\/wp-content\/uploads\/2022\/10\/Screenshot_20221002-103935_WhatsApp.jpg","contentUrl":"https:\/\/cvinoticias.com\/wp-content\/uploads\/2022\/10\/Screenshot_20221002-103935_WhatsApp.jpg","width":1080,"height":588},{"@type":"BreadcrumbList","@id":"https:\/\/cvinoticias.com\/v3\/legislar-en-nombre-del-centralismo-porteno-y-en-perjuicio-de-los-misioneros\/#breadcrumb","itemListElement":[{"@type":"ListItem","position":1,"name":"Portada","item":"https:\/\/cvinoticias.com\/v3\/"},{"@type":"ListItem","position":2,"name":"Legislar en nombre del centralismo porte\u00f1o y en perjuicio de los misioneros"}]},{"@type":"WebSite","@id":"https:\/\/cvinoticias.com\/v3\/#website","url":"https:\/\/cvinoticias.com\/v3\/","name":"CVI NOTICIAS","description":"","publisher":{"@id":"https:\/\/cvinoticias.com\/v3\/#organization"},"alternateName":"CVI","potentialAction":[{"@type":"SearchAction","target":{"@type":"EntryPoint","urlTemplate":"https:\/\/cvinoticias.com\/v3\/?s={search_term_string}"},"query-input":{"@type":"PropertyValueSpecification","valueRequired":true,"valueName":"search_term_string"}}],"inLanguage":"es"},{"@type":"Organization","@id":"https:\/\/cvinoticias.com\/v3\/#organization","name":"CVI NOTICIAS","url":"https:\/\/cvinoticias.com\/v3\/","logo":{"@type":"ImageObject","inLanguage":"es","@id":"https:\/\/cvinoticias.com\/v3\/#\/schema\/logo\/image\/","url":"https:\/\/cvinoticias.com\/wp-content\/uploads\/2023\/04\/cropped-cropped-cropped-cropped-cropped-3-1.png","contentUrl":"https:\/\/cvinoticias.com\/wp-content\/uploads\/2023\/04\/cropped-cropped-cropped-cropped-cropped-3-1.png","width":95,"height":122,"caption":"CVI NOTICIAS"},"image":{"@id":"https:\/\/cvinoticias.com\/v3\/#\/schema\/logo\/image\/"},"sameAs":["https:\/\/www.facebook.com\/cvinoticias","https:\/\/www.instagram.com\/cvinoticias\/","https:\/\/www.youtube.com\/@CVINOTICIAS"]},{"@type":"Person","@id":"https:\/\/cvinoticias.com\/v3\/#\/schema\/person\/2db77e3c6bc03c538495d7b2b8be9b66","name":"f1000024","image":{"@type":"ImageObject","inLanguage":"es","@id":"https:\/\/secure.gravatar.com\/avatar\/d4fe7459cfc51ff5129ce1a732bbef5928568b8092d412ef95611616376bbeed?s=96&d=mm&r=g","url":"https:\/\/secure.gravatar.com\/avatar\/d4fe7459cfc51ff5129ce1a732bbef5928568b8092d412ef95611616376bbeed?s=96&d=mm&r=g","contentUrl":"https:\/\/secure.gravatar.com\/avatar\/d4fe7459cfc51ff5129ce1a732bbef5928568b8092d412ef95611616376bbeed?s=96&d=mm&r=g","caption":"f1000024"},"url":"https:\/\/cvinoticias.com\/v3\/author\/f1000024\/"}]}},"_links":{"self":[{"href":"https:\/\/cvinoticias.com\/v3\/wp-json\/wp\/v2\/posts\/19617","targetHints":{"allow":["GET"]}}],"collection":[{"href":"https:\/\/cvinoticias.com\/v3\/wp-json\/wp\/v2\/posts"}],"about":[{"href":"https:\/\/cvinoticias.com\/v3\/wp-json\/wp\/v2\/types\/post"}],"author":[{"embeddable":true,"href":"https:\/\/cvinoticias.com\/v3\/wp-json\/wp\/v2\/users\/2"}],"replies":[{"embeddable":true,"href":"https:\/\/cvinoticias.com\/v3\/wp-json\/wp\/v2\/comments?post=19617"}],"version-history":[{"count":1,"href":"https:\/\/cvinoticias.com\/v3\/wp-json\/wp\/v2\/posts\/19617\/revisions"}],"predecessor-version":[{"id":19619,"href":"https:\/\/cvinoticias.com\/v3\/wp-json\/wp\/v2\/posts\/19617\/revisions\/19619"}],"wp:featuredmedia":[{"embeddable":true,"href":"https:\/\/cvinoticias.com\/v3\/wp-json\/wp\/v2\/media\/19618"}],"wp:attachment":[{"href":"https:\/\/cvinoticias.com\/v3\/wp-json\/wp\/v2\/media?parent=19617"}],"wp:term":[{"taxonomy":"category","embeddable":true,"href":"https:\/\/cvinoticias.com\/v3\/wp-json\/wp\/v2\/categories?post=19617"},{"taxonomy":"post_tag","embeddable":true,"href":"https:\/\/cvinoticias.com\/v3\/wp-json\/wp\/v2\/tags?post=19617"}],"curies":[{"name":"wp","href":"https:\/\/api.w.org\/{rel}","templated":true}]}}